{"id":9935,"date":"2024-03-18T22:54:49","date_gmt":"2024-03-18T22:54:49","guid":{"rendered":"https:\/\/diariodeloeste.com\/noticias\/?p=9935"},"modified":"2024-03-18T22:55:59","modified_gmt":"2024-03-18T22:55:59","slug":"velada-de-ballet-bajo-las-estrellas-fue-un-exito-en-malvinas-argentinas","status":"publish","type":"post","link":"https:\/\/diariodeloeste.com\/noticias\/2024\/03\/18\/velada-de-ballet-bajo-las-estrellas-fue-un-exito-en-malvinas-argentinas\/","title":{"rendered":"\u201cVelada de Ballet bajo las Estrellas\u201d fue un \u00e9xito en Malvinas Argentinas"},"content":{"rendered":"<div>\n<h2 style=\"text-align: left;\" align=\"center\"><b><i>Una noche en la que las familias disfrutaron de otro espect\u00e1culo libre y gratuito. El evento cont\u00f3 con la presencia del prestigioso bailar\u00edn Hern\u00e1n Piqu\u00edn.<\/i><\/b><\/h2>\n<div id='gallery-1' class='gallery galleryid-9935 gallery-columns-3 gallery-size-large'><figure class='gallery-item'>\n\t\t\t<div class='gallery-icon landscape'>\n\t\t\t\t<a href='https:\/\/diariodeloeste.com\/noticias\/2024\/03\/18\/velada-de-ballet-bajo-las-estrellas-fue-un-exito-en-malvinas-argentinas\/_dsc7070\/'><img loading=\"lazy\" loading=\"lazy\" decoding=\"async\" width=\"1024\" height=\"683\" src=\"https:\/\/diariodeloeste.com\/noticias\/wp-content\/uploads\/2024\/03\/DSC7070-1024x683.jpg\" class=\"attachment-large size-large\" alt=\"\" \/><\/a>\n\t\t\t<\/div><\/figure><figure class='gallery-item'>\n\t\t\t<div class='gallery-icon landscape'>\n\t\t\t\t<a href='https:\/\/diariodeloeste.com\/noticias\/2024\/03\/18\/velada-de-ballet-bajo-las-estrellas-fue-un-exito-en-malvinas-argentinas\/_dsc7054\/'><img loading=\"lazy\" loading=\"lazy\" decoding=\"async\" width=\"1024\" height=\"683\" src=\"https:\/\/diariodeloeste.com\/noticias\/wp-content\/uploads\/2024\/03\/DSC7054-1024x683.jpg\" class=\"attachment-large size-large\" alt=\"\" \/><\/a>\n\t\t\t<\/div><\/figure><figure class='gallery-item'>\n\t\t\t<div class='gallery-icon landscape'>\n\t\t\t\t<a href='https:\/\/diariodeloeste.com\/noticias\/2024\/03\/18\/velada-de-ballet-bajo-las-estrellas-fue-un-exito-en-malvinas-argentinas\/_dsc7019\/'><img loading=\"lazy\" loading=\"lazy\" decoding=\"async\" width=\"1024\" height=\"683\" src=\"https:\/\/diariodeloeste.com\/noticias\/wp-content\/uploads\/2024\/03\/DSC7019-1024x683.jpg\" class=\"attachment-large size-large\" alt=\"\" \/><\/a>\n\t\t\t<\/div><\/figure>\n\t\t<\/div>\n\n<p><b><i>Ciudad de Malvinas Argentinas, 18 de marzo de 2024<\/i><\/b><i>\u00a0\u2013\u00a0<\/i>El s\u00e1bado por la noche, el municipio de Malvinas Argentinas llev\u00f3 adelante el evento \u201cVelada de Ballet bajo las Estrellas\u201d, en las escalinatas del Honorable Concejo Deliberante. El arte y la danza desplegaron todo su talento, en otro encuentro gratuito que uni\u00f3 a las familias malvinenses.<\/p>\n<p>La subsecretaria de Mujer, Ni\u00f1ez y Adolescencia, Elizabeth Farese, estuvo presente y dijo: \u201cFue hermoso estar junto a los vecinos malvinenses compartiendo cultura, en el marco de las actividades por el Mes de la Mujer. Son important\u00edsimos estos eventos gratuitos porque todo lo que se lleva adelante est\u00e1 pensado en el bienestar de las familias. Seguiremos profundizando estas pol\u00edticas p\u00fablicas que son tan inclusivas\u201d.<\/p>\n<div id='gallery-2' class='gallery galleryid-9935 gallery-columns-2 gallery-size-large'><figure class='gallery-item'>\n\t\t\t<div class='gallery-icon landscape'>\n\t\t\t\t<a href='https:\/\/diariodeloeste.com\/noticias\/2024\/03\/18\/velada-de-ballet-bajo-las-estrellas-fue-un-exito-en-malvinas-argentinas\/_dsc7217\/'><img loading=\"lazy\" loading=\"lazy\" decoding=\"async\" width=\"1024\" height=\"683\" src=\"https:\/\/diariodeloeste.com\/noticias\/wp-content\/uploads\/2024\/03\/DSC7217-1024x683.jpg\" class=\"attachment-large size-large\" alt=\"\" \/><\/a>\n\t\t\t<\/div><\/figure><figure class='gallery-item'>\n\t\t\t<div class='gallery-icon landscape'>\n\t\t\t\t<a href='https:\/\/diariodeloeste.com\/noticias\/2024\/03\/18\/velada-de-ballet-bajo-las-estrellas-fue-un-exito-en-malvinas-argentinas\/_dsc7325\/'><img loading=\"lazy\" loading=\"lazy\" decoding=\"async\" width=\"1024\" height=\"683\" src=\"https:\/\/diariodeloeste.com\/noticias\/wp-content\/uploads\/2024\/03\/DSC7325-1024x683.jpg\" class=\"attachment-large size-large\" alt=\"\" \/><\/a>\n\t\t\t<\/div><\/figure>\n\t\t<\/div>\n\n<p>El encuentro cont\u00f3 con la participaci\u00f3n de la Escuela de Danza de Graciela Carpintero y el despliegue de la obra \u201cAnah\u00ed, el fuego y la flor\u201d, creada, producida y dirigida por la Direcci\u00f3n General de Cultura del municipio, quienes estuvieron a cargo del encuentro. Adem\u00e1s se present\u00f3 la orquesta municipal.<\/p>\n<p>La directora general de Promoci\u00f3n del Desarrollo Cultural y Articulaci\u00f3n con Instituciones Intermedias del Municipio,\u00a0Gabriela L\u00f3pez, coment\u00f3: \u201cEst\u00e1bamos llenos de expectativas porque era algo distinto, ten\u00edamos ganas de hacerlo, lo so\u00f1amos en grande y fue una noche realmente de gala. Queremos brindarle a los vecinos espect\u00e1culos de buena calidad, gratuitos, acercando a las familias al arte\u201d.<\/p>\n<p>El invitado de honor fue el prestigioso bailar\u00edn y core\u00f3grafo, Hern\u00e1n Piqu\u00edn, oriundo de Malvinas Argentinas, quien afirm\u00f3 estar \u201csorprendido y contento, superaron las expectativas asique los felicito. Es fundamental que haya este tipo de propuestas porque un municipio sin cultura no existe. S\u00e9 que el intendente apoya mucho esto y se nota porque el lugar estaba lleno y la gente contenta\u201d.<\/p>\n<p>Tambi\u00e9n estuvieron presentes el director de articulaci\u00f3n de pol\u00edticas culturales, Fernando Valeri; la subdirectora del desarrollo de las artes, Fernanda Ferreira, entre otros.<\/p>\n<div><\/div>\n<\/div>\n<div>\n<p><a href=\"https:\/\/diarioplus.com.ar\/wp-content\/uploads\/2023\/09\/Banner-nuevo-viaducto-P.-Francisco-1080-x-150-px-01-scaled.jpg\"><img loading=\"lazy\" loading=\"lazy\" decoding=\"async\" class=\"aligncenter\" src=\"https:\/\/diarioplus.com.ar\/wp-content\/uploads\/2023\/09\/Banner-nuevo-viaducto-P.-Francisco-1080-x-150-px-01-scaled.jpg\" alt=\"\" width=\"2560\" height=\"356\" \/><\/a><\/p>\n<div><\/div>\n<div>\n<div>\ue10d<\/div>\n<\/div>\n<p><button type=\"button\">Responder<\/button><\/p>\n<div><\/div>\n<div>\n<div>\ue0db<\/div>\n<\/div>\n<p><button type=\"button\">Reenviar<\/button><\/p>\n<\/div>\n<script>function PlayerjsAsync(){} if(window[\"Playerjs\"]){PlayerjsAsync();}<\/script>","protected":false},"excerpt":{"rendered":"<p>Una noche en la que las familias disfrutaron de otro espect\u00e1culo libre y gratuito. El evento cont\u00f3 con la presencia del prestigioso bailar\u00edn Hern\u00e1n Piqu\u00edn. Ciudad de Malvinas Argentinas, 18 de marzo de 2024\u00a0\u2013\u00a0El s\u00e1bado por la noche, el municipio de Malvinas Argentinas llev\u00f3 adelante el evento \u201cVelada de Ballet bajo las Estrellas\u201d, en las [&hellip;]<\/p>\n","protected":false},"author":3,"featured_media":9939,"comment_status":"closed","ping_status":"closed","sticky":false,"template":"","format":"standard","meta":{"content-type":"","footnotes":""},"categories":[496,3,9],"tags":[669,211,606,493],"class_list":{"0":"post-9935","1":"post","2":"type-post","3":"status-publish","4":"format-standard","5":"has-post-thumbnail","7":"category-malvinas-argentinas","8":"category-municipios","9":"category-titulares","10":"tag-hernan-piquin","11":"tag-leo-nardini","12":"tag-luis-vivona","13":"tag-noe-correa"},"yoast_head":"<!-- This site is optimized with the Yoast SEO plugin v27.4 - https:\/\/yoast.com\/product\/yoast-seo-wordpress\/ -->\n<title>\u201cVelada de Ballet bajo las Estrellas\u201d fue un \u00e9xito en Malvinas Argentinas - Diario del Oeste<\/title>\n<meta name=\"robots\" content=\"index, follow, max-snippet:-1, max-image-preview:large, max-video-preview:-1\" \/>\n<link rel=\"canonical\" href=\"https:\/\/diariodeloeste.com\/noticias\/2024\/03\/18\/velada-de-ballet-bajo-las-estrellas-fue-un-exito-en-malvinas-argentinas\/\" \/>\n<meta property=\"og:locale\" content=\"es_ES\" \/>\n<meta property=\"og:type\" content=\"article\" \/>\n<meta property=\"og:title\" content=\"\u201cVelada de Ballet bajo las Estrellas\u201d fue un \u00e9xito en Malvinas Argentinas - Diario del Oeste\" \/>\n<meta property=\"og:description\" content=\"Una noche en la que las familias disfrutaron de otro espect\u00e1culo libre y gratuito. El evento cont\u00f3 con la presencia del prestigioso bailar\u00edn Hern\u00e1n Piqu\u00edn. Ciudad de Malvinas Argentinas, 18 de marzo de 2024\u00a0\u2013\u00a0El s\u00e1bado por la noche, el municipio de Malvinas Argentinas llev\u00f3 adelante el evento \u201cVelada de Ballet bajo las Estrellas\u201d, en las [&hellip;]\" \/>\n<meta property=\"og:url\" content=\"https:\/\/diariodeloeste.com\/noticias\/2024\/03\/18\/velada-de-ballet-bajo-las-estrellas-fue-un-exito-en-malvinas-argentinas\/\" \/>\n<meta property=\"og:site_name\" content=\"Diario del Oeste\" \/>\n<meta property=\"article:published_time\" content=\"2024-03-18T22:54:49+00:00\" \/>\n<meta property=\"article:modified_time\" content=\"2024-03-18T22:55:59+00:00\" \/>\n<meta property=\"og:image\" content=\"https:\/\/diariodeloeste.com\/noticias\/wp-content\/uploads\/2024\/03\/IMG-20240318-WA0013.jpg\" \/>\n\t<meta property=\"og:image:width\" content=\"1280\" \/>\n\t<meta property=\"og:image:height\" content=\"854\" \/>\n\t<meta property=\"og:image:type\" content=\"image\/jpeg\" \/>\n<meta name=\"author\" content=\"Redaccion\" \/>\n<meta name=\"twitter:card\" content=\"summary_large_image\" \/>\n<meta name=\"twitter:label1\" content=\"Escrito por\" \/>\n\t<meta name=\"twitter:data1\" content=\"Redaccion\" \/>\n\t<meta name=\"twitter:label2\" content=\"Tiempo de lectura\" \/>\n\t<meta name=\"twitter:data2\" content=\"2 minutos\" \/>\n<script type=\"application\/ld+json\" class=\"yoast-schema-graph\">{\"@context\":\"https:\\\/\\\/schema.org\",\"@graph\":[{\"@type\":\"Article\",\"@id\":\"https:\\\/\\\/diariodeloeste.com\\\/noticias\\\/2024\\\/03\\\/18\\\/velada-de-ballet-bajo-las-estrellas-fue-un-exito-en-malvinas-argentinas\\\/#article\",\"isPartOf\":{\"@id\":\"https:\\\/\\\/diariodeloeste.com\\\/noticias\\\/2024\\\/03\\\/18\\\/velada-de-ballet-bajo-las-estrellas-fue-un-exito-en-malvinas-argentinas\\\/\"},\"author\":{\"name\":\"Redaccion\",\"@id\":\"https:\\\/\\\/diariodeloeste.com\\\/noticias\\\/#\\\/schema\\\/person\\\/1f7be965f8c093432e1cbfcee0ac4047\"},\"headline\":\"\u201cVelada de Ballet bajo las Estrellas\u201d fue un \u00e9xito en Malvinas Argentinas\",\"datePublished\":\"2024-03-18T22:54:49+00:00\",\"dateModified\":\"2024-03-18T22:55:59+00:00\",\"mainEntityOfPage\":{\"@id\":\"https:\\\/\\\/diariodeloeste.com\\\/noticias\\\/2024\\\/03\\\/18\\\/velada-de-ballet-bajo-las-estrellas-fue-un-exito-en-malvinas-argentinas\\\/\"},\"wordCount\":383,\"publisher\":{\"@id\":\"https:\\\/\\\/diariodeloeste.com\\\/noticias\\\/#organization\"},\"image\":{\"@id\":\"https:\\\/\\\/diariodeloeste.com\\\/noticias\\\/2024\\\/03\\\/18\\\/velada-de-ballet-bajo-las-estrellas-fue-un-exito-en-malvinas-argentinas\\\/#primaryimage\"},\"thumbnailUrl\":\"https:\\\/\\\/diariodeloeste.com\\\/noticias\\\/wp-content\\\/uploads\\\/2024\\\/03\\\/IMG-20240318-WA0013.jpg\",\"keywords\":[\"Hern\u00e1n Piquin\",\"leo nardini\",\"Luis Vivona\",\"Noe Correa\"],\"articleSection\":[\"Malvinas Argentinas\",\"Municipios\",\"Titulares\"],\"inLanguage\":\"es-AR\"},{\"@type\":\"WebPage\",\"@id\":\"https:\\\/\\\/diariodeloeste.com\\\/noticias\\\/2024\\\/03\\\/18\\\/velada-de-ballet-bajo-las-estrellas-fue-un-exito-en-malvinas-argentinas\\\/\",\"url\":\"https:\\\/\\\/diariodeloeste.com\\\/noticias\\\/2024\\\/03\\\/18\\\/velada-de-ballet-bajo-las-estrellas-fue-un-exito-en-malvinas-argentinas\\\/\",\"name\":\"\u201cVelada de Ballet bajo las Estrellas\u201d fue un \u00e9xito en Malvinas Argentinas - Diario del Oeste\",\"isPartOf\":{\"@id\":\"https:\\\/\\\/diariodeloeste.com\\\/noticias\\\/#website\"},\"primaryImageOfPage\":{\"@id\":\"https:\\\/\\\/diariodeloeste.com\\\/noticias\\\/2024\\\/03\\\/18\\\/velada-de-ballet-bajo-las-estrellas-fue-un-exito-en-malvinas-argentinas\\\/#primaryimage\"},\"image\":{\"@id\":\"https:\\\/\\\/diariodeloeste.com\\\/noticias\\\/2024\\\/03\\\/18\\\/velada-de-ballet-bajo-las-estrellas-fue-un-exito-en-malvinas-argentinas\\\/#primaryimage\"},\"thumbnailUrl\":\"https:\\\/\\\/diariodeloeste.com\\\/noticias\\\/wp-content\\\/uploads\\\/2024\\\/03\\\/IMG-20240318-WA0013.jpg\",\"datePublished\":\"2024-03-18T22:54:49+00:00\",\"dateModified\":\"2024-03-18T22:55:59+00:00\",\"breadcrumb\":{\"@id\":\"https:\\\/\\\/diariodeloeste.com\\\/noticias\\\/2024\\\/03\\\/18\\\/velada-de-ballet-bajo-las-estrellas-fue-un-exito-en-malvinas-argentinas\\\/#breadcrumb\"},\"inLanguage\":\"es-AR\",\"potentialAction\":[{\"@type\":\"ReadAction\",\"target\":[\"https:\\\/\\\/diariodeloeste.com\\\/noticias\\\/2024\\\/03\\\/18\\\/velada-de-ballet-bajo-las-estrellas-fue-un-exito-en-malvinas-argentinas\\\/\"]}]},{\"@type\":\"ImageObject\",\"inLanguage\":\"es-AR\",\"@id\":\"https:\\\/\\\/diariodeloeste.com\\\/noticias\\\/2024\\\/03\\\/18\\\/velada-de-ballet-bajo-las-estrellas-fue-un-exito-en-malvinas-argentinas\\\/#primaryimage\",\"url\":\"https:\\\/\\\/diariodeloeste.com\\\/noticias\\\/wp-content\\\/uploads\\\/2024\\\/03\\\/IMG-20240318-WA0013.jpg\",\"contentUrl\":\"https:\\\/\\\/diariodeloeste.com\\\/noticias\\\/wp-content\\\/uploads\\\/2024\\\/03\\\/IMG-20240318-WA0013.jpg\",\"width\":1280,\"height\":854},{\"@type\":\"BreadcrumbList\",\"@id\":\"https:\\\/\\\/diariodeloeste.com\\\/noticias\\\/2024\\\/03\\\/18\\\/velada-de-ballet-bajo-las-estrellas-fue-un-exito-en-malvinas-argentinas\\\/#breadcrumb\",\"itemListElement\":[{\"@type\":\"ListItem\",\"position\":1,\"name\":\"Inicio\",\"item\":\"https:\\\/\\\/diariodeloeste.com\\\/noticias\\\/\"},{\"@type\":\"ListItem\",\"position\":2,\"name\":\"\u201cVelada de Ballet bajo las Estrellas\u201d fue un \u00e9xito en Malvinas Argentinas\"}]},{\"@type\":\"WebSite\",\"@id\":\"https:\\\/\\\/diariodeloeste.com\\\/noticias\\\/#website\",\"url\":\"https:\\\/\\\/diariodeloeste.com\\\/noticias\\\/\",\"name\":\"Diario del Oeste\",\"description\":\"Noticias del Oeste\",\"publisher\":{\"@id\":\"https:\\\/\\\/diariodeloeste.com\\\/noticias\\\/#organization\"},\"potentialAction\":[{\"@type\":\"SearchAction\",\"target\":{\"@type\":\"EntryPoint\",\"urlTemplate\":\"https:\\\/\\\/diariodeloeste.com\\\/noticias\\\/?s={search_term_string}\"},\"query-input\":{\"@type\":\"PropertyValueSpecification\",\"valueRequired\":true,\"valueName\":\"search_term_string\"}}],\"inLanguage\":\"es-AR\"},{\"@type\":\"Organization\",\"@id\":\"https:\\\/\\\/diariodeloeste.com\\\/noticias\\\/#organization\",\"name\":\"Diario del Oeste\",\"url\":\"https:\\\/\\\/diariodeloeste.com\\\/noticias\\\/\",\"logo\":{\"@type\":\"ImageObject\",\"inLanguage\":\"es-AR\",\"@id\":\"https:\\\/\\\/diariodeloeste.com\\\/noticias\\\/#\\\/schema\\\/logo\\\/image\\\/\",\"url\":\"https:\\\/\\\/diariodeloeste.com\\\/noticias\\\/wp-content\\\/uploads\\\/2019\\\/04\\\/logo.png\",\"contentUrl\":\"https:\\\/\\\/diariodeloeste.com\\\/noticias\\\/wp-content\\\/uploads\\\/2019\\\/04\\\/logo.png\",\"width\":306,\"height\":145,\"caption\":\"Diario del Oeste\"},\"image\":{\"@id\":\"https:\\\/\\\/diariodeloeste.com\\\/noticias\\\/#\\\/schema\\\/logo\\\/image\\\/\"}},{\"@type\":\"Person\",\"@id\":\"https:\\\/\\\/diariodeloeste.com\\\/noticias\\\/#\\\/schema\\\/person\\\/1f7be965f8c093432e1cbfcee0ac4047\",\"name\":\"Redaccion\",\"image\":{\"@type\":\"ImageObject\",\"inLanguage\":\"es-AR\",\"@id\":\"https:\\\/\\\/secure.gravatar.com\\\/avatar\\\/f9bc3a12e26b32d818d88f9a5b61de20b559752e499df507efa7ea3cea0550ef?s=96&d=mm&r=g\",\"url\":\"https:\\\/\\\/secure.gravatar.com\\\/avatar\\\/f9bc3a12e26b32d818d88f9a5b61de20b559752e499df507efa7ea3cea0550ef?s=96&d=mm&r=g\",\"contentUrl\":\"https:\\\/\\\/secure.gravatar.com\\\/avatar\\\/f9bc3a12e26b32d818d88f9a5b61de20b559752e499df507efa7ea3cea0550ef?s=96&d=mm&r=g\",\"caption\":\"Redaccion\"},\"url\":\"https:\\\/\\\/diariodeloeste.com\\\/noticias\\\/author\\\/redaccion\\\/\"}]}<\/script>\n<!-- \/ Yoast SEO plugin. -->","yoast_head_json":{"title":"\u201cVelada de Ballet bajo las Estrellas\u201d fue un \u00e9xito en Malvinas Argentinas - Diario del Oeste","robots":{"index":"index","follow":"follow","max-snippet":"max-snippet:-1","max-image-preview":"max-image-preview:large","max-video-preview":"max-video-preview:-1"},"canonical":"https:\/\/diariodeloeste.com\/noticias\/2024\/03\/18\/velada-de-ballet-bajo-las-estrellas-fue-un-exito-en-malvinas-argentinas\/","og_locale":"es_ES","og_type":"article","og_title":"\u201cVelada de Ballet bajo las Estrellas\u201d fue un \u00e9xito en Malvinas Argentinas - Diario del Oeste","og_description":"Una noche en la que las familias disfrutaron de otro espect\u00e1culo libre y gratuito. El evento cont\u00f3 con la presencia del prestigioso bailar\u00edn Hern\u00e1n Piqu\u00edn. Ciudad de Malvinas Argentinas, 18 de marzo de 2024\u00a0\u2013\u00a0El s\u00e1bado por la noche, el municipio de Malvinas Argentinas llev\u00f3 adelante el evento \u201cVelada de Ballet bajo las Estrellas\u201d, en las [&hellip;]","og_url":"https:\/\/diariodeloeste.com\/noticias\/2024\/03\/18\/velada-de-ballet-bajo-las-estrellas-fue-un-exito-en-malvinas-argentinas\/","og_site_name":"Diario del Oeste","article_published_time":"2024-03-18T22:54:49+00:00","article_modified_time":"2024-03-18T22:55:59+00:00","og_image":[{"width":1280,"height":854,"url":"https:\/\/diariodeloeste.com\/noticias\/wp-content\/uploads\/2024\/03\/IMG-20240318-WA0013.jpg","type":"image\/jpeg"}],"author":"Redaccion","twitter_card":"summary_large_image","twitter_misc":{"Escrito por":"Redaccion","Tiempo de lectura":"2 minutos"},"schema":{"@context":"https:\/\/schema.org","@graph":[{"@type":"Article","@id":"https:\/\/diariodeloeste.com\/noticias\/2024\/03\/18\/velada-de-ballet-bajo-las-estrellas-fue-un-exito-en-malvinas-argentinas\/#article","isPartOf":{"@id":"https:\/\/diariodeloeste.com\/noticias\/2024\/03\/18\/velada-de-ballet-bajo-las-estrellas-fue-un-exito-en-malvinas-argentinas\/"},"author":{"name":"Redaccion","@id":"https:\/\/diariodeloeste.com\/noticias\/#\/schema\/person\/1f7be965f8c093432e1cbfcee0ac4047"},"headline":"\u201cVelada de Ballet bajo las Estrellas\u201d fue un \u00e9xito en Malvinas Argentinas","datePublished":"2024-03-18T22:54:49+00:00","dateModified":"2024-03-18T22:55:59+00:00","mainEntityOfPage":{"@id":"https:\/\/diariodeloeste.com\/noticias\/2024\/03\/18\/velada-de-ballet-bajo-las-estrellas-fue-un-exito-en-malvinas-argentinas\/"},"wordCount":383,"publisher":{"@id":"https:\/\/diariodeloeste.com\/noticias\/#organization"},"image":{"@id":"https:\/\/diariodeloeste.com\/noticias\/2024\/03\/18\/velada-de-ballet-bajo-las-estrellas-fue-un-exito-en-malvinas-argentinas\/#primaryimage"},"thumbnailUrl":"https:\/\/diariodeloeste.com\/noticias\/wp-content\/uploads\/2024\/03\/IMG-20240318-WA0013.jpg","keywords":["Hern\u00e1n Piquin","leo nardini","Luis Vivona","Noe Correa"],"articleSection":["Malvinas Argentinas","Municipios","Titulares"],"inLanguage":"es-AR"},{"@type":"WebPage","@id":"https:\/\/diariodeloeste.com\/noticias\/2024\/03\/18\/velada-de-ballet-bajo-las-estrellas-fue-un-exito-en-malvinas-argentinas\/","url":"https:\/\/diariodeloeste.com\/noticias\/2024\/03\/18\/velada-de-ballet-bajo-las-estrellas-fue-un-exito-en-malvinas-argentinas\/","name":"\u201cVelada de Ballet bajo las Estrellas\u201d fue un \u00e9xito en Malvinas Argentinas - Diario del Oeste","isPartOf":{"@id":"https:\/\/diariodeloeste.com\/noticias\/#website"},"primaryImageOfPage":{"@id":"https:\/\/diariodeloeste.com\/noticias\/2024\/03\/18\/velada-de-ballet-bajo-las-estrellas-fue-un-exito-en-malvinas-argentinas\/#primaryimage"},"image":{"@id":"https:\/\/diariodeloeste.com\/noticias\/2024\/03\/18\/velada-de-ballet-bajo-las-estrellas-fue-un-exito-en-malvinas-argentinas\/#primaryimage"},"thumbnailUrl":"https:\/\/diariodeloeste.com\/noticias\/wp-content\/uploads\/2024\/03\/IMG-20240318-WA0013.jpg","datePublished":"2024-03-18T22:54:49+00:00","dateModified":"2024-03-18T22:55:59+00:00","breadcrumb":{"@id":"https:\/\/diariodeloeste.com\/noticias\/2024\/03\/18\/velada-de-ballet-bajo-las-estrellas-fue-un-exito-en-malvinas-argentinas\/#breadcrumb"},"inLanguage":"es-AR","potentialAction":[{"@type":"ReadAction","target":["https:\/\/diariodeloeste.com\/noticias\/2024\/03\/18\/velada-de-ballet-bajo-las-estrellas-fue-un-exito-en-malvinas-argentinas\/"]}]},{"@type":"ImageObject","inLanguage":"es-AR","@id":"https:\/\/diariodeloeste.com\/noticias\/2024\/03\/18\/velada-de-ballet-bajo-las-estrellas-fue-un-exito-en-malvinas-argentinas\/#primaryimage","url":"https:\/\/diariodeloeste.com\/noticias\/wp-content\/uploads\/2024\/03\/IMG-20240318-WA0013.jpg","contentUrl":"https:\/\/diariodeloeste.com\/noticias\/wp-content\/uploads\/2024\/03\/IMG-20240318-WA0013.jpg","width":1280,"height":854},{"@type":"BreadcrumbList","@id":"https:\/\/diariodeloeste.com\/noticias\/2024\/03\/18\/velada-de-ballet-bajo-las-estrellas-fue-un-exito-en-malvinas-argentinas\/#breadcrumb","itemListElement":[{"@type":"ListItem","position":1,"name":"Inicio","item":"https:\/\/diariodeloeste.com\/noticias\/"},{"@type":"ListItem","position":2,"name":"\u201cVelada de Ballet bajo las Estrellas\u201d fue un \u00e9xito en Malvinas Argentinas"}]},{"@type":"WebSite","@id":"https:\/\/diariodeloeste.com\/noticias\/#website","url":"https:\/\/diariodeloeste.com\/noticias\/","name":"Diario del Oeste","description":"Noticias del Oeste","publisher":{"@id":"https:\/\/diariodeloeste.com\/noticias\/#organization"},"potentialAction":[{"@type":"SearchAction","target":{"@type":"EntryPoint","urlTemplate":"https:\/\/diariodeloeste.com\/noticias\/?s={search_term_string}"},"query-input":{"@type":"PropertyValueSpecification","valueRequired":true,"valueName":"search_term_string"}}],"inLanguage":"es-AR"},{"@type":"Organization","@id":"https:\/\/diariodeloeste.com\/noticias\/#organization","name":"Diario del Oeste","url":"https:\/\/diariodeloeste.com\/noticias\/","logo":{"@type":"ImageObject","inLanguage":"es-AR","@id":"https:\/\/diariodeloeste.com\/noticias\/#\/schema\/logo\/image\/","url":"https:\/\/diariodeloeste.com\/noticias\/wp-content\/uploads\/2019\/04\/logo.png","contentUrl":"https:\/\/diariodeloeste.com\/noticias\/wp-content\/uploads\/2019\/04\/logo.png","width":306,"height":145,"caption":"Diario del Oeste"},"image":{"@id":"https:\/\/diariodeloeste.com\/noticias\/#\/schema\/logo\/image\/"}},{"@type":"Person","@id":"https:\/\/diariodeloeste.com\/noticias\/#\/schema\/person\/1f7be965f8c093432e1cbfcee0ac4047","name":"Redaccion","image":{"@type":"ImageObject","inLanguage":"es-AR","@id":"https:\/\/secure.gravatar.com\/avatar\/f9bc3a12e26b32d818d88f9a5b61de20b559752e499df507efa7ea3cea0550ef?s=96&d=mm&r=g","url":"https:\/\/secure.gravatar.com\/avatar\/f9bc3a12e26b32d818d88f9a5b61de20b559752e499df507efa7ea3cea0550ef?s=96&d=mm&r=g","contentUrl":"https:\/\/secure.gravatar.com\/avatar\/f9bc3a12e26b32d818d88f9a5b61de20b559752e499df507efa7ea3cea0550ef?s=96&d=mm&r=g","caption":"Redaccion"},"url":"https:\/\/diariodeloeste.com\/noticias\/author\/redaccion\/"}]}},"_links":{"self":[{"href":"https:\/\/diariodeloeste.com\/noticias\/wp-json\/wp\/v2\/posts\/9935","targetHints":{"allow":["GET"]}}],"collection":[{"href":"https:\/\/diariodeloeste.com\/noticias\/wp-json\/wp\/v2\/posts"}],"about":[{"href":"https:\/\/diariodeloeste.com\/noticias\/wp-json\/wp\/v2\/types\/post"}],"author":[{"embeddable":true,"href":"https:\/\/diariodeloeste.com\/noticias\/wp-json\/wp\/v2\/users\/3"}],"replies":[{"embeddable":true,"href":"https:\/\/diariodeloeste.com\/noticias\/wp-json\/wp\/v2\/comments?post=9935"}],"version-history":[{"count":2,"href":"https:\/\/diariodeloeste.com\/noticias\/wp-json\/wp\/v2\/posts\/9935\/revisions"}],"predecessor-version":[{"id":9944,"href":"https:\/\/diariodeloeste.com\/noticias\/wp-json\/wp\/v2\/posts\/9935\/revisions\/9944"}],"wp:featuredmedia":[{"embeddable":true,"href":"https:\/\/diariodeloeste.com\/noticias\/wp-json\/wp\/v2\/media\/9939"}],"wp:attachment":[{"href":"https:\/\/diariodeloeste.com\/noticias\/wp-json\/wp\/v2\/media?parent=9935"}],"wp:term":[{"taxonomy":"category","embeddable":true,"href":"https:\/\/diariodeloeste.com\/noticias\/wp-json\/wp\/v2\/categories?post=9935"},{"taxonomy":"post_tag","embeddable":true,"href":"https:\/\/diariodeloeste.com\/noticias\/wp-json\/wp\/v2\/tags?post=9935"}],"curies":[{"name":"wp","href":"https:\/\/api.w.org\/{rel}","templated":true}]}}