{"id":9724,"date":"2024-02-28T21:52:48","date_gmt":"2024-02-28T21:52:48","guid":{"rendered":"https:\/\/diariodeloeste.com\/noticias\/?p=9724"},"modified":"2024-02-28T21:52:48","modified_gmt":"2024-02-28T21:52:48","slug":"grand-bourg-la-policia-aprehende-a-delincuente-que-fue-reducido-por-un-comerciante","status":"publish","type":"post","link":"https:\/\/diariodeloeste.com\/noticias\/2024\/02\/28\/grand-bourg-la-policia-aprehende-a-delincuente-que-fue-reducido-por-un-comerciante\/","title":{"rendered":"Grand Bourg: la polic\u00eda aprehende a delincuente que fue reducido por un comerciante"},"content":{"rendered":"<h2><a href=\"https:\/\/diarioplus.com.ar\/wp-content\/uploads\/2023\/09\/Banner-nuevo-viaducto-P.-Francisco-1080-x-150-px-01-scaled.jpg\"><img loading=\"lazy\" loading=\"lazy\" decoding=\"async\" class=\"aligncenter\" src=\"https:\/\/diarioplus.com.ar\/wp-content\/uploads\/2023\/09\/Banner-nuevo-viaducto-P.-Francisco-1080-x-150-px-01-scaled.jpg\" alt=\"\" width=\"2560\" height=\"356\"><\/a><br \/>\nEl hecho fue captado por el Centro Operativo Municipal (COM), donde se ve a un hombre vestido de carnicero perseguir a otro sujeto que, con ayuda de vecinos, logta retenerlo en el piso. Al llegar el m\u00f3vil de seguridad, se denuncia que esta persona hab\u00eda intentado robar en una carnicer\u00eda con un destornillador como objeto punzante.<\/h2>\n<div style=\"width: 852px;\" class=\"wp-video\"><video class=\"wp-video-shortcode\" id=\"video-9724-1\" width=\"852\" height=\"480\" preload=\"metadata\" controls=\"controls\"><source type=\"video\/mp4\" src=\"https:\/\/diariodeloeste.com\/noticias\/wp-content\/uploads\/2024\/02\/WhatsApp-Video-2024-02-28-at-17.10.53.mp4?_=1\" \/><a href=\"https:\/\/diariodeloeste.com\/noticias\/wp-content\/uploads\/2024\/02\/WhatsApp-Video-2024-02-28-at-17.10.53.mp4\">https:\/\/diariodeloeste.com\/noticias\/wp-content\/uploads\/2024\/02\/WhatsApp-Video-2024-02-28-at-17.10.53.mp4<\/a><\/video><\/div>\n<p>Ciudad de Grand Bourg, 28 de febrero de 2024 &#8211; Desde el Centro Operativo Municipal (COM) del municipio de Malvinas Argentinas, se visualiz\u00f3 en las im\u00e1genes tomadas por la c\u00e1mara ubicada entre las calles Beaucheff y Cura Brochero, en la ciudad de Grand Bourg, que un hombre escapaba de un grupo de personas y que luego era tirado al piso. El sistema de Emergencias del 911, envi\u00f3 un m\u00f3vil de comando al lugar y, all\u00ed, los vecinos denunciaron que el sujeto en el suelo hab\u00eda querido cometer un robo en una carnicer\u00eda utilizando un destornillador como arma.<\/p>\n<p>Cuando el m\u00f3vil policial de la \u201czona 12\u201d lleg\u00f3 al punto referenciado, encontr\u00f3 a una multitud de gente y a un se\u00f1or de 62 a\u00f1os vestido con ropa de carnicero, sujetando a un hombre en el suelo. El se\u00f1or que trabajaba en una carnicer\u00eda, indic\u00f3 a los oficiales que este hombre, de 32 a\u00f1os, entr\u00f3 al negocio y quiso robar amenazando con un destornillador.<\/p>\n<p>Ante el hecho, se pidi\u00f3 al SAME que env\u00ede una ambulancia ya que el acusado de cometer el il\u00edcito presentaba un golpe en la cabeza. Al llegar el m\u00f3vil, el doctor a cargo decidi\u00f3 que se realice el traslado de esta persona al Hospital de Trauma y Emergencias &#8220;Dr. Federico Abete\u201d. El presunto delincuente se encuentra desde el primer momento a disposici\u00f3n de la fiscal\u00eda.<\/p>\n<p>Por otra parte, el carnicero v\u00edctima del intento de robo fue llevado a la Comisar\u00eda 1ra de Grand Bourg para tomarle su declaraci\u00f3n.<\/p>\n<script>function PlayerjsAsync(){} if(window[\"Playerjs\"]){PlayerjsAsync();}<\/script>","protected":false},"excerpt":{"rendered":"<p>El hecho fue captado por el Centro Operativo Municipal (COM), donde se ve a un hombre vestido de carnicero perseguir a otro sujeto que, con ayuda de vecinos, logta retenerlo en el piso. Al llegar el m\u00f3vil de seguridad, se denuncia que esta persona hab\u00eda intentado robar en una carnicer\u00eda con un destornillador como objeto [&hellip;]<\/p>\n","protected":false},"author":3,"featured_media":9726,"comment_status":"closed","ping_status":"closed","sticky":false,"template":"","format":"standard","meta":{"content-type":"","footnotes":""},"categories":[496,5,9],"tags":[304,211,606,504,493,30],"class_list":{"0":"post-9724","1":"post","2":"type-post","3":"status-publish","4":"format-standard","5":"has-post-thumbnail","7":"category-malvinas-argentinas","8":"category-policiales","9":"category-titulares","10":"tag-grand-bourg","11":"tag-leo-nardini","12":"tag-luis-vivona","13":"tag-municipio-de-malvinas-argentinas","14":"tag-noe-correa","15":"tag-policiales"},"yoast_head":"<!-- This site is optimized with the Yoast SEO plugin v27.4 - https:\/\/yoast.com\/product\/yoast-seo-wordpress\/ -->\n<title>Grand Bourg: la polic\u00eda aprehende a delincuente que fue reducido por un comerciante - Diario del Oeste<\/title>\n<meta name=\"robots\" content=\"index, follow, max-snippet:-1, max-image-preview:large, max-video-preview:-1\" \/>\n<link rel=\"canonical\" href=\"https:\/\/diariodeloeste.com\/noticias\/2024\/02\/28\/grand-bourg-la-policia-aprehende-a-delincuente-que-fue-reducido-por-un-comerciante\/\" \/>\n<meta property=\"og:locale\" content=\"es_ES\" \/>\n<meta property=\"og:type\" content=\"article\" \/>\n<meta property=\"og:title\" content=\"Grand Bourg: la polic\u00eda aprehende a delincuente que fue reducido por un comerciante - Diario del Oeste\" \/>\n<meta property=\"og:description\" content=\"El hecho fue captado por el Centro Operativo Municipal (COM), donde se ve a un hombre vestido de carnicero perseguir a otro sujeto que, con ayuda de vecinos, logta retenerlo en el piso. Al llegar el m\u00f3vil de seguridad, se denuncia que esta persona hab\u00eda intentado robar en una carnicer\u00eda con un destornillador como objeto [&hellip;]\" \/>\n<meta property=\"og:url\" content=\"https:\/\/diariodeloeste.com\/noticias\/2024\/02\/28\/grand-bourg-la-policia-aprehende-a-delincuente-que-fue-reducido-por-un-comerciante\/\" \/>\n<meta property=\"og:site_name\" content=\"Diario del Oeste\" \/>\n<meta property=\"article:published_time\" content=\"2024-02-28T21:52:48+00:00\" \/>\n<meta property=\"og:image\" content=\"https:\/\/diariodeloeste.com\/noticias\/wp-content\/uploads\/2024\/02\/WhatsApp-Image-2024-02-28-at-18.46.23.jpeg\" \/>\n\t<meta property=\"og:image:width\" content=\"1600\" \/>\n\t<meta property=\"og:image:height\" content=\"901\" \/>\n\t<meta property=\"og:image:type\" content=\"image\/jpeg\" \/>\n<meta name=\"author\" content=\"Redaccion\" \/>\n<meta name=\"twitter:card\" content=\"summary_large_image\" \/>\n<meta name=\"twitter:label1\" content=\"Escrito por\" \/>\n\t<meta name=\"twitter:data1\" content=\"Redaccion\" \/>\n\t<meta name=\"twitter:label2\" content=\"Tiempo de lectura\" \/>\n\t<meta name=\"twitter:data2\" content=\"2 minutos\" \/>\n<script type=\"application\/ld+json\" class=\"yoast-schema-graph\">{\"@context\":\"https:\\\/\\\/schema.org\",\"@graph\":[{\"@type\":\"Article\",\"@id\":\"https:\\\/\\\/diariodeloeste.com\\\/noticias\\\/2024\\\/02\\\/28\\\/grand-bourg-la-policia-aprehende-a-delincuente-que-fue-reducido-por-un-comerciante\\\/#article\",\"isPartOf\":{\"@id\":\"https:\\\/\\\/diariodeloeste.com\\\/noticias\\\/2024\\\/02\\\/28\\\/grand-bourg-la-policia-aprehende-a-delincuente-que-fue-reducido-por-un-comerciante\\\/\"},\"author\":{\"name\":\"Redaccion\",\"@id\":\"https:\\\/\\\/diariodeloeste.com\\\/noticias\\\/#\\\/schema\\\/person\\\/1f7be965f8c093432e1cbfcee0ac4047\"},\"headline\":\"Grand Bourg: la polic\u00eda aprehende a delincuente que fue reducido por un comerciante\",\"datePublished\":\"2024-02-28T21:52:48+00:00\",\"mainEntityOfPage\":{\"@id\":\"https:\\\/\\\/diariodeloeste.com\\\/noticias\\\/2024\\\/02\\\/28\\\/grand-bourg-la-policia-aprehende-a-delincuente-que-fue-reducido-por-un-comerciante\\\/\"},\"wordCount\":351,\"publisher\":{\"@id\":\"https:\\\/\\\/diariodeloeste.com\\\/noticias\\\/#organization\"},\"image\":{\"@id\":\"https:\\\/\\\/diariodeloeste.com\\\/noticias\\\/2024\\\/02\\\/28\\\/grand-bourg-la-policia-aprehende-a-delincuente-que-fue-reducido-por-un-comerciante\\\/#primaryimage\"},\"thumbnailUrl\":\"https:\\\/\\\/diariodeloeste.com\\\/noticias\\\/wp-content\\\/uploads\\\/2024\\\/02\\\/WhatsApp-Image-2024-02-28-at-18.46.23.jpeg\",\"keywords\":[\"Grand bourg\",\"leo nardini\",\"Luis Vivona\",\"Municipio de Malvinas Argentinas\",\"Noe Correa\",\"policiales\"],\"articleSection\":[\"Malvinas Argentinas\",\"Policiales\",\"Titulares\"],\"inLanguage\":\"es-AR\"},{\"@type\":\"WebPage\",\"@id\":\"https:\\\/\\\/diariodeloeste.com\\\/noticias\\\/2024\\\/02\\\/28\\\/grand-bourg-la-policia-aprehende-a-delincuente-que-fue-reducido-por-un-comerciante\\\/\",\"url\":\"https:\\\/\\\/diariodeloeste.com\\\/noticias\\\/2024\\\/02\\\/28\\\/grand-bourg-la-policia-aprehende-a-delincuente-que-fue-reducido-por-un-comerciante\\\/\",\"name\":\"Grand Bourg: la polic\u00eda aprehende a delincuente que fue reducido por un comerciante - Diario del Oeste\",\"isPartOf\":{\"@id\":\"https:\\\/\\\/diariodeloeste.com\\\/noticias\\\/#website\"},\"primaryImageOfPage\":{\"@id\":\"https:\\\/\\\/diariodeloeste.com\\\/noticias\\\/2024\\\/02\\\/28\\\/grand-bourg-la-policia-aprehende-a-delincuente-que-fue-reducido-por-un-comerciante\\\/#primaryimage\"},\"image\":{\"@id\":\"https:\\\/\\\/diariodeloeste.com\\\/noticias\\\/2024\\\/02\\\/28\\\/grand-bourg-la-policia-aprehende-a-delincuente-que-fue-reducido-por-un-comerciante\\\/#primaryimage\"},\"thumbnailUrl\":\"https:\\\/\\\/diariodeloeste.com\\\/noticias\\\/wp-content\\\/uploads\\\/2024\\\/02\\\/WhatsApp-Image-2024-02-28-at-18.46.23.jpeg\",\"datePublished\":\"2024-02-28T21:52:48+00:00\",\"breadcrumb\":{\"@id\":\"https:\\\/\\\/diariodeloeste.com\\\/noticias\\\/2024\\\/02\\\/28\\\/grand-bourg-la-policia-aprehende-a-delincuente-que-fue-reducido-por-un-comerciante\\\/#breadcrumb\"},\"inLanguage\":\"es-AR\",\"potentialAction\":[{\"@type\":\"ReadAction\",\"target\":[\"https:\\\/\\\/diariodeloeste.com\\\/noticias\\\/2024\\\/02\\\/28\\\/grand-bourg-la-policia-aprehende-a-delincuente-que-fue-reducido-por-un-comerciante\\\/\"]}]},{\"@type\":\"ImageObject\",\"inLanguage\":\"es-AR\",\"@id\":\"https:\\\/\\\/diariodeloeste.com\\\/noticias\\\/2024\\\/02\\\/28\\\/grand-bourg-la-policia-aprehende-a-delincuente-que-fue-reducido-por-un-comerciante\\\/#primaryimage\",\"url\":\"https:\\\/\\\/diariodeloeste.com\\\/noticias\\\/wp-content\\\/uploads\\\/2024\\\/02\\\/WhatsApp-Image-2024-02-28-at-18.46.23.jpeg\",\"contentUrl\":\"https:\\\/\\\/diariodeloeste.com\\\/noticias\\\/wp-content\\\/uploads\\\/2024\\\/02\\\/WhatsApp-Image-2024-02-28-at-18.46.23.jpeg\",\"width\":1600,\"height\":901},{\"@type\":\"BreadcrumbList\",\"@id\":\"https:\\\/\\\/diariodeloeste.com\\\/noticias\\\/2024\\\/02\\\/28\\\/grand-bourg-la-policia-aprehende-a-delincuente-que-fue-reducido-por-un-comerciante\\\/#breadcrumb\",\"itemListElement\":[{\"@type\":\"ListItem\",\"position\":1,\"name\":\"Inicio\",\"item\":\"https:\\\/\\\/diariodeloeste.com\\\/noticias\\\/\"},{\"@type\":\"ListItem\",\"position\":2,\"name\":\"Grand Bourg: la polic\u00eda aprehende a delincuente que fue reducido por un comerciante\"}]},{\"@type\":\"WebSite\",\"@id\":\"https:\\\/\\\/diariodeloeste.com\\\/noticias\\\/#website\",\"url\":\"https:\\\/\\\/diariodeloeste.com\\\/noticias\\\/\",\"name\":\"Diario del Oeste\",\"description\":\"Noticias del Oeste\",\"publisher\":{\"@id\":\"https:\\\/\\\/diariodeloeste.com\\\/noticias\\\/#organization\"},\"potentialAction\":[{\"@type\":\"SearchAction\",\"target\":{\"@type\":\"EntryPoint\",\"urlTemplate\":\"https:\\\/\\\/diariodeloeste.com\\\/noticias\\\/?s={search_term_string}\"},\"query-input\":{\"@type\":\"PropertyValueSpecification\",\"valueRequired\":true,\"valueName\":\"search_term_string\"}}],\"inLanguage\":\"es-AR\"},{\"@type\":\"Organization\",\"@id\":\"https:\\\/\\\/diariodeloeste.com\\\/noticias\\\/#organization\",\"name\":\"Diario del Oeste\",\"url\":\"https:\\\/\\\/diariodeloeste.com\\\/noticias\\\/\",\"logo\":{\"@type\":\"ImageObject\",\"inLanguage\":\"es-AR\",\"@id\":\"https:\\\/\\\/diariodeloeste.com\\\/noticias\\\/#\\\/schema\\\/logo\\\/image\\\/\",\"url\":\"https:\\\/\\\/diariodeloeste.com\\\/noticias\\\/wp-content\\\/uploads\\\/2019\\\/04\\\/logo.png\",\"contentUrl\":\"https:\\\/\\\/diariodeloeste.com\\\/noticias\\\/wp-content\\\/uploads\\\/2019\\\/04\\\/logo.png\",\"width\":306,\"height\":145,\"caption\":\"Diario del Oeste\"},\"image\":{\"@id\":\"https:\\\/\\\/diariodeloeste.com\\\/noticias\\\/#\\\/schema\\\/logo\\\/image\\\/\"}},{\"@type\":\"Person\",\"@id\":\"https:\\\/\\\/diariodeloeste.com\\\/noticias\\\/#\\\/schema\\\/person\\\/1f7be965f8c093432e1cbfcee0ac4047\",\"name\":\"Redaccion\",\"image\":{\"@type\":\"ImageObject\",\"inLanguage\":\"es-AR\",\"@id\":\"https:\\\/\\\/secure.gravatar.com\\\/avatar\\\/f9bc3a12e26b32d818d88f9a5b61de20b559752e499df507efa7ea3cea0550ef?s=96&d=mm&r=g\",\"url\":\"https:\\\/\\\/secure.gravatar.com\\\/avatar\\\/f9bc3a12e26b32d818d88f9a5b61de20b559752e499df507efa7ea3cea0550ef?s=96&d=mm&r=g\",\"contentUrl\":\"https:\\\/\\\/secure.gravatar.com\\\/avatar\\\/f9bc3a12e26b32d818d88f9a5b61de20b559752e499df507efa7ea3cea0550ef?s=96&d=mm&r=g\",\"caption\":\"Redaccion\"},\"url\":\"https:\\\/\\\/diariodeloeste.com\\\/noticias\\\/author\\\/redaccion\\\/\"}]}<\/script>\n<!-- \/ Yoast SEO plugin. -->","yoast_head_json":{"title":"Grand Bourg: la polic\u00eda aprehende a delincuente que fue reducido por un comerciante - Diario del Oeste","robots":{"index":"index","follow":"follow","max-snippet":"max-snippet:-1","max-image-preview":"max-image-preview:large","max-video-preview":"max-video-preview:-1"},"canonical":"https:\/\/diariodeloeste.com\/noticias\/2024\/02\/28\/grand-bourg-la-policia-aprehende-a-delincuente-que-fue-reducido-por-un-comerciante\/","og_locale":"es_ES","og_type":"article","og_title":"Grand Bourg: la polic\u00eda aprehende a delincuente que fue reducido por un comerciante - Diario del Oeste","og_description":"El hecho fue captado por el Centro Operativo Municipal (COM), donde se ve a un hombre vestido de carnicero perseguir a otro sujeto que, con ayuda de vecinos, logta retenerlo en el piso. Al llegar el m\u00f3vil de seguridad, se denuncia que esta persona hab\u00eda intentado robar en una carnicer\u00eda con un destornillador como objeto [&hellip;]","og_url":"https:\/\/diariodeloeste.com\/noticias\/2024\/02\/28\/grand-bourg-la-policia-aprehende-a-delincuente-que-fue-reducido-por-un-comerciante\/","og_site_name":"Diario del Oeste","article_published_time":"2024-02-28T21:52:48+00:00","og_image":[{"width":1600,"height":901,"url":"https:\/\/diariodeloeste.com\/noticias\/wp-content\/uploads\/2024\/02\/WhatsApp-Image-2024-02-28-at-18.46.23.jpeg","type":"image\/jpeg"}],"author":"Redaccion","twitter_card":"summary_large_image","twitter_misc":{"Escrito por":"Redaccion","Tiempo de lectura":"2 minutos"},"schema":{"@context":"https:\/\/schema.org","@graph":[{"@type":"Article","@id":"https:\/\/diariodeloeste.com\/noticias\/2024\/02\/28\/grand-bourg-la-policia-aprehende-a-delincuente-que-fue-reducido-por-un-comerciante\/#article","isPartOf":{"@id":"https:\/\/diariodeloeste.com\/noticias\/2024\/02\/28\/grand-bourg-la-policia-aprehende-a-delincuente-que-fue-reducido-por-un-comerciante\/"},"author":{"name":"Redaccion","@id":"https:\/\/diariodeloeste.com\/noticias\/#\/schema\/person\/1f7be965f8c093432e1cbfcee0ac4047"},"headline":"Grand Bourg: la polic\u00eda aprehende a delincuente que fue reducido por un comerciante","datePublished":"2024-02-28T21:52:48+00:00","mainEntityOfPage":{"@id":"https:\/\/diariodeloeste.com\/noticias\/2024\/02\/28\/grand-bourg-la-policia-aprehende-a-delincuente-que-fue-reducido-por-un-comerciante\/"},"wordCount":351,"publisher":{"@id":"https:\/\/diariodeloeste.com\/noticias\/#organization"},"image":{"@id":"https:\/\/diariodeloeste.com\/noticias\/2024\/02\/28\/grand-bourg-la-policia-aprehende-a-delincuente-que-fue-reducido-por-un-comerciante\/#primaryimage"},"thumbnailUrl":"https:\/\/diariodeloeste.com\/noticias\/wp-content\/uploads\/2024\/02\/WhatsApp-Image-2024-02-28-at-18.46.23.jpeg","keywords":["Grand bourg","leo nardini","Luis Vivona","Municipio de Malvinas Argentinas","Noe Correa","policiales"],"articleSection":["Malvinas Argentinas","Policiales","Titulares"],"inLanguage":"es-AR"},{"@type":"WebPage","@id":"https:\/\/diariodeloeste.com\/noticias\/2024\/02\/28\/grand-bourg-la-policia-aprehende-a-delincuente-que-fue-reducido-por-un-comerciante\/","url":"https:\/\/diariodeloeste.com\/noticias\/2024\/02\/28\/grand-bourg-la-policia-aprehende-a-delincuente-que-fue-reducido-por-un-comerciante\/","name":"Grand Bourg: la polic\u00eda aprehende a delincuente que fue reducido por un comerciante - Diario del Oeste","isPartOf":{"@id":"https:\/\/diariodeloeste.com\/noticias\/#website"},"primaryImageOfPage":{"@id":"https:\/\/diariodeloeste.com\/noticias\/2024\/02\/28\/grand-bourg-la-policia-aprehende-a-delincuente-que-fue-reducido-por-un-comerciante\/#primaryimage"},"image":{"@id":"https:\/\/diariodeloeste.com\/noticias\/2024\/02\/28\/grand-bourg-la-policia-aprehende-a-delincuente-que-fue-reducido-por-un-comerciante\/#primaryimage"},"thumbnailUrl":"https:\/\/diariodeloeste.com\/noticias\/wp-content\/uploads\/2024\/02\/WhatsApp-Image-2024-02-28-at-18.46.23.jpeg","datePublished":"2024-02-28T21:52:48+00:00","breadcrumb":{"@id":"https:\/\/diariodeloeste.com\/noticias\/2024\/02\/28\/grand-bourg-la-policia-aprehende-a-delincuente-que-fue-reducido-por-un-comerciante\/#breadcrumb"},"inLanguage":"es-AR","potentialAction":[{"@type":"ReadAction","target":["https:\/\/diariodeloeste.com\/noticias\/2024\/02\/28\/grand-bourg-la-policia-aprehende-a-delincuente-que-fue-reducido-por-un-comerciante\/"]}]},{"@type":"ImageObject","inLanguage":"es-AR","@id":"https:\/\/diariodeloeste.com\/noticias\/2024\/02\/28\/grand-bourg-la-policia-aprehende-a-delincuente-que-fue-reducido-por-un-comerciante\/#primaryimage","url":"https:\/\/diariodeloeste.com\/noticias\/wp-content\/uploads\/2024\/02\/WhatsApp-Image-2024-02-28-at-18.46.23.jpeg","contentUrl":"https:\/\/diariodeloeste.com\/noticias\/wp-content\/uploads\/2024\/02\/WhatsApp-Image-2024-02-28-at-18.46.23.jpeg","width":1600,"height":901},{"@type":"BreadcrumbList","@id":"https:\/\/diariodeloeste.com\/noticias\/2024\/02\/28\/grand-bourg-la-policia-aprehende-a-delincuente-que-fue-reducido-por-un-comerciante\/#breadcrumb","itemListElement":[{"@type":"ListItem","position":1,"name":"Inicio","item":"https:\/\/diariodeloeste.com\/noticias\/"},{"@type":"ListItem","position":2,"name":"Grand Bourg: la polic\u00eda aprehende a delincuente que fue reducido por un comerciante"}]},{"@type":"WebSite","@id":"https:\/\/diariodeloeste.com\/noticias\/#website","url":"https:\/\/diariodeloeste.com\/noticias\/","name":"Diario del Oeste","description":"Noticias del Oeste","publisher":{"@id":"https:\/\/diariodeloeste.com\/noticias\/#organization"},"potentialAction":[{"@type":"SearchAction","target":{"@type":"EntryPoint","urlTemplate":"https:\/\/diariodeloeste.com\/noticias\/?s={search_term_string}"},"query-input":{"@type":"PropertyValueSpecification","valueRequired":true,"valueName":"search_term_string"}}],"inLanguage":"es-AR"},{"@type":"Organization","@id":"https:\/\/diariodeloeste.com\/noticias\/#organization","name":"Diario del Oeste","url":"https:\/\/diariodeloeste.com\/noticias\/","logo":{"@type":"ImageObject","inLanguage":"es-AR","@id":"https:\/\/diariodeloeste.com\/noticias\/#\/schema\/logo\/image\/","url":"https:\/\/diariodeloeste.com\/noticias\/wp-content\/uploads\/2019\/04\/logo.png","contentUrl":"https:\/\/diariodeloeste.com\/noticias\/wp-content\/uploads\/2019\/04\/logo.png","width":306,"height":145,"caption":"Diario del Oeste"},"image":{"@id":"https:\/\/diariodeloeste.com\/noticias\/#\/schema\/logo\/image\/"}},{"@type":"Person","@id":"https:\/\/diariodeloeste.com\/noticias\/#\/schema\/person\/1f7be965f8c093432e1cbfcee0ac4047","name":"Redaccion","image":{"@type":"ImageObject","inLanguage":"es-AR","@id":"https:\/\/secure.gravatar.com\/avatar\/f9bc3a12e26b32d818d88f9a5b61de20b559752e499df507efa7ea3cea0550ef?s=96&d=mm&r=g","url":"https:\/\/secure.gravatar.com\/avatar\/f9bc3a12e26b32d818d88f9a5b61de20b559752e499df507efa7ea3cea0550ef?s=96&d=mm&r=g","contentUrl":"https:\/\/secure.gravatar.com\/avatar\/f9bc3a12e26b32d818d88f9a5b61de20b559752e499df507efa7ea3cea0550ef?s=96&d=mm&r=g","caption":"Redaccion"},"url":"https:\/\/diariodeloeste.com\/noticias\/author\/redaccion\/"}]}},"_links":{"self":[{"href":"https:\/\/diariodeloeste.com\/noticias\/wp-json\/wp\/v2\/posts\/9724","targetHints":{"allow":["GET"]}}],"collection":[{"href":"https:\/\/diariodeloeste.com\/noticias\/wp-json\/wp\/v2\/posts"}],"about":[{"href":"https:\/\/diariodeloeste.com\/noticias\/wp-json\/wp\/v2\/types\/post"}],"author":[{"embeddable":true,"href":"https:\/\/diariodeloeste.com\/noticias\/wp-json\/wp\/v2\/users\/3"}],"replies":[{"embeddable":true,"href":"https:\/\/diariodeloeste.com\/noticias\/wp-json\/wp\/v2\/comments?post=9724"}],"version-history":[{"count":1,"href":"https:\/\/diariodeloeste.com\/noticias\/wp-json\/wp\/v2\/posts\/9724\/revisions"}],"predecessor-version":[{"id":9727,"href":"https:\/\/diariodeloeste.com\/noticias\/wp-json\/wp\/v2\/posts\/9724\/revisions\/9727"}],"wp:featuredmedia":[{"embeddable":true,"href":"https:\/\/diariodeloeste.com\/noticias\/wp-json\/wp\/v2\/media\/9726"}],"wp:attachment":[{"href":"https:\/\/diariodeloeste.com\/noticias\/wp-json\/wp\/v2\/media?parent=9724"}],"wp:term":[{"taxonomy":"category","embeddable":true,"href":"https:\/\/diariodeloeste.com\/noticias\/wp-json\/wp\/v2\/categories?post=9724"},{"taxonomy":"post_tag","embeddable":true,"href":"https:\/\/diariodeloeste.com\/noticias\/wp-json\/wp\/v2\/tags?post=9724"}],"curies":[{"name":"wp","href":"https:\/\/api.w.org\/{rel}","templated":true}]}}