{"id":9688,"date":"2024-02-22T13:58:21","date_gmt":"2024-02-22T13:58:21","guid":{"rendered":"https:\/\/diariodeloeste.com\/noticias\/?p=9688"},"modified":"2024-02-22T13:58:21","modified_gmt":"2024-02-22T13:58:21","slug":"%f0%9f%9a%a8reunion-de-seguridad-en-el-com","status":"publish","type":"post","link":"https:\/\/diariodeloeste.com\/noticias\/2024\/02\/22\/%f0%9f%9a%a8reunion-de-seguridad-en-el-com\/","title":{"rendered":"\ud83d\udea8REUNI\u00d3N DE SEGURIDAD EN EL COM"},"content":{"rendered":"<h2>Te mostramos las fotos de la reuni\u00f3n de seguridad que se llev\u00f3 a cabo en el Centro de Operaciones Municipales de #Jos\u00e9CPaz en la que se coordin\u00f3 la planificaci\u00f3n estrat\u00e9gica de seguridad para el ingreso de personal a las fuerzas y la articulaci\u00f3n de los sistemas de seguridad con el Ministerio de Seguridad para sincronizar los trabajos desde el COM con las fuerzas policiales.<\/h2>\n<p>\ud83d\udc49Participaron en la reuni\u00f3n las siguientes autoridades: Marcelo Escobar, Secretario de Seguridad de Jos\u00e9 C. Paz; Andr\u00e9s Escudero, Subsecretario de Fiscalizaci\u00f3n y Control Policial; Mart\u00edn Meza, Director Provincial de Formaci\u00f3n, Capacitaci\u00f3n y Evaluaci\u00f3n; Damian Garc\u00eda, Secretario de extensi\u00f3n del Instituto Universitario Vucetich; Facundo Lanza, Director Provincial de Fiscalizaci\u00f3n AMBA NORTE II y Karina Catanzariti, Directora de Coordinaci\u00f3n Municipal AMBA NORTE II.<\/p>\n<div id='gallery-1' class='gallery galleryid-9688 gallery-columns-2 gallery-size-large'><figure class='gallery-item'>\n\t\t\t<div class='gallery-icon landscape'>\n\t\t\t\t<a href='https:\/\/diariodeloeste.com\/noticias\/2024\/02\/22\/%f0%9f%9a%a8reunion-de-seguridad-en-el-com\/whatsapp-image-2024-02-22-at-10-48-03-1\/'><img loading=\"lazy\" loading=\"lazy\" decoding=\"async\" width=\"720\" height=\"720\" src=\"https:\/\/diariodeloeste.com\/noticias\/wp-content\/uploads\/2024\/02\/WhatsApp-Image-2024-02-22-at-10.48.03-1.jpeg\" class=\"attachment-large size-large\" alt=\"\" \/><\/a>\n\t\t\t<\/div><\/figure><figure class='gallery-item'>\n\t\t\t<div class='gallery-icon landscape'>\n\t\t\t\t<a href='https:\/\/diariodeloeste.com\/noticias\/2024\/02\/22\/%f0%9f%9a%a8reunion-de-seguridad-en-el-com\/whatsapp-image-2024-02-22-at-10-48-03\/'><img loading=\"lazy\" loading=\"lazy\" decoding=\"async\" width=\"720\" height=\"720\" src=\"https:\/\/diariodeloeste.com\/noticias\/wp-content\/uploads\/2024\/02\/WhatsApp-Image-2024-02-22-at-10.48.03.jpeg\" class=\"attachment-large size-large\" alt=\"\" \/><\/a>\n\t\t\t<\/div><\/figure>\n\t\t<\/div>\n\n<p><a href=\"https:\/\/diarioplus.com.ar\/wp-content\/uploads\/2022\/02\/CALEN-FISCAL_2022.pdf\"><img loading=\"lazy\" loading=\"lazy\" decoding=\"async\" class=\"aligncenter wp-image-9458 size-full\" src=\"https:\/\/diariodeloeste.com\/noticias\/wp-content\/uploads\/2023\/11\/thumbnail_boton-C.Fiscal-2023-350-x-200-px.jpg\" alt=\"\" width=\"350\" height=\"200\" srcset=\"https:\/\/diariodeloeste.com\/noticias\/wp-content\/uploads\/2023\/11\/thumbnail_boton-C.Fiscal-2023-350-x-200-px.jpg 350w, https:\/\/diariodeloeste.com\/noticias\/wp-content\/uploads\/2023\/11\/thumbnail_boton-C.Fiscal-2023-350-x-200-px-300x171.jpg 300w\" sizes=\"auto, (max-width: 350px) 100vw, 350px\" \/><\/a><img loading=\"lazy\" loading=\"lazy\" decoding=\"async\" class=\"aligncenter size-full wp-image-9457\" src=\"https:\/\/diariodeloeste.com\/noticias\/wp-content\/uploads\/2023\/11\/075aed99-7738-4780-9f60-ed332fee3054.jpeg\" alt=\"\" width=\"1226\" height=\"1280\" srcset=\"https:\/\/diariodeloeste.com\/noticias\/wp-content\/uploads\/2023\/11\/075aed99-7738-4780-9f60-ed332fee3054.jpeg 1226w, https:\/\/diariodeloeste.com\/noticias\/wp-content\/uploads\/2023\/11\/075aed99-7738-4780-9f60-ed332fee3054-287x300.jpeg 287w, https:\/\/diariodeloeste.com\/noticias\/wp-content\/uploads\/2023\/11\/075aed99-7738-4780-9f60-ed332fee3054-981x1024.jpeg 981w, https:\/\/diariodeloeste.com\/noticias\/wp-content\/uploads\/2023\/11\/075aed99-7738-4780-9f60-ed332fee3054-768x802.jpeg 768w, https:\/\/diariodeloeste.com\/noticias\/wp-content\/uploads\/2023\/11\/075aed99-7738-4780-9f60-ed332fee3054-465x485.jpeg 465w, https:\/\/diariodeloeste.com\/noticias\/wp-content\/uploads\/2023\/11\/075aed99-7738-4780-9f60-ed332fee3054-479x500.jpeg 479w\" sizes=\"auto, (max-width: 1226px) 100vw, 1226px\" \/>&nbsp;<\/p>\n<script>function PlayerjsAsync(){} if(window[\"Playerjs\"]){PlayerjsAsync();}<\/script>","protected":false},"excerpt":{"rendered":"<p>Te mostramos las fotos de la reuni\u00f3n de seguridad que se llev\u00f3 a cabo en el Centro de Operaciones Municipales de #Jos\u00e9CPaz en la que se coordin\u00f3 la planificaci\u00f3n estrat\u00e9gica de seguridad para el ingreso de personal a las fuerzas y la articulaci\u00f3n de los sistemas de seguridad con el Ministerio de Seguridad para sincronizar [&hellip;]<\/p>\n","protected":false},"author":3,"featured_media":9689,"comment_status":"closed","ping_status":"closed","sticky":false,"template":"","format":"standard","meta":{"content-type":"","footnotes":""},"categories":[303,5,9],"tags":[655,30,654],"class_list":{"0":"post-9688","1":"post","2":"type-post","3":"status-publish","4":"format-standard","5":"has-post-thumbnail","7":"category-jose-c-paz","8":"category-policiales","9":"category-titulares","10":"tag-mario","11":"tag-policiales","12":"tag-seguridad-de-jose-c-paz"},"yoast_head":"<!-- This site is optimized with the Yoast SEO plugin v27.4 - https:\/\/yoast.com\/product\/yoast-seo-wordpress\/ -->\n<title>\ud83d\udea8REUNI\u00d3N DE SEGURIDAD EN EL COM - Diario del Oeste<\/title>\n<meta name=\"robots\" content=\"index, follow, max-snippet:-1, max-image-preview:large, max-video-preview:-1\" \/>\n<link rel=\"canonical\" href=\"https:\/\/diariodeloeste.com\/noticias\/2024\/02\/22\/\ud83d\udea8reunion-de-seguridad-en-el-com\/\" \/>\n<meta property=\"og:locale\" content=\"es_ES\" \/>\n<meta property=\"og:type\" content=\"article\" \/>\n<meta property=\"og:title\" content=\"\ud83d\udea8REUNI\u00d3N DE SEGURIDAD EN EL COM - Diario del Oeste\" \/>\n<meta property=\"og:description\" content=\"Te mostramos las fotos de la reuni\u00f3n de seguridad que se llev\u00f3 a cabo en el Centro de Operaciones Municipales de #Jos\u00e9CPaz en la que se coordin\u00f3 la planificaci\u00f3n estrat\u00e9gica de seguridad para el ingreso de personal a las fuerzas y la articulaci\u00f3n de los sistemas de seguridad con el Ministerio de Seguridad para sincronizar [&hellip;]\" \/>\n<meta property=\"og:url\" content=\"https:\/\/diariodeloeste.com\/noticias\/2024\/02\/22\/\ud83d\udea8reunion-de-seguridad-en-el-com\/\" \/>\n<meta property=\"og:site_name\" content=\"Diario del Oeste\" \/>\n<meta property=\"article:published_time\" content=\"2024-02-22T13:58:21+00:00\" \/>\n<meta property=\"og:image\" content=\"https:\/\/diariodeloeste.com\/noticias\/wp-content\/uploads\/2024\/02\/WhatsApp-Image-2024-02-22-at-10.48.03-1.jpeg\" \/>\n\t<meta property=\"og:image:width\" content=\"720\" \/>\n\t<meta property=\"og:image:height\" content=\"720\" \/>\n\t<meta property=\"og:image:type\" content=\"image\/jpeg\" \/>\n<meta name=\"author\" content=\"Redaccion\" \/>\n<meta name=\"twitter:card\" content=\"summary_large_image\" \/>\n<meta name=\"twitter:label1\" content=\"Escrito por\" \/>\n\t<meta name=\"twitter:data1\" content=\"Redaccion\" \/>\n\t<meta name=\"twitter:label2\" content=\"Tiempo de lectura\" \/>\n\t<meta name=\"twitter:data2\" content=\"1 minuto\" \/>\n<script type=\"application\/ld+json\" class=\"yoast-schema-graph\">{\"@context\":\"https:\\\/\\\/schema.org\",\"@graph\":[{\"@type\":\"Article\",\"@id\":\"https:\\\/\\\/diariodeloeste.com\\\/noticias\\\/2024\\\/02\\\/22\\\/%f0%9f%9a%a8reunion-de-seguridad-en-el-com\\\/#article\",\"isPartOf\":{\"@id\":\"https:\\\/\\\/diariodeloeste.com\\\/noticias\\\/2024\\\/02\\\/22\\\/%f0%9f%9a%a8reunion-de-seguridad-en-el-com\\\/\"},\"author\":{\"name\":\"Redaccion\",\"@id\":\"https:\\\/\\\/diariodeloeste.com\\\/noticias\\\/#\\\/schema\\\/person\\\/1f7be965f8c093432e1cbfcee0ac4047\"},\"headline\":\"\ud83d\udea8REUNI\u00d3N DE SEGURIDAD EN EL COM\",\"datePublished\":\"2024-02-22T13:58:21+00:00\",\"mainEntityOfPage\":{\"@id\":\"https:\\\/\\\/diariodeloeste.com\\\/noticias\\\/2024\\\/02\\\/22\\\/%f0%9f%9a%a8reunion-de-seguridad-en-el-com\\\/\"},\"wordCount\":154,\"publisher\":{\"@id\":\"https:\\\/\\\/diariodeloeste.com\\\/noticias\\\/#organization\"},\"image\":{\"@id\":\"https:\\\/\\\/diariodeloeste.com\\\/noticias\\\/2024\\\/02\\\/22\\\/%f0%9f%9a%a8reunion-de-seguridad-en-el-com\\\/#primaryimage\"},\"thumbnailUrl\":\"https:\\\/\\\/diariodeloeste.com\\\/noticias\\\/wp-content\\\/uploads\\\/2024\\\/02\\\/WhatsApp-Image-2024-02-22-at-10.48.03-1.jpeg\",\"keywords\":[\"Mario\",\"policiales\",\"Seguridad de Jos\u00e9 C. Paz\"],\"articleSection\":[\"Jos\u00e9 C Paz\",\"Policiales\",\"Titulares\"],\"inLanguage\":\"es-AR\"},{\"@type\":\"WebPage\",\"@id\":\"https:\\\/\\\/diariodeloeste.com\\\/noticias\\\/2024\\\/02\\\/22\\\/%f0%9f%9a%a8reunion-de-seguridad-en-el-com\\\/\",\"url\":\"https:\\\/\\\/diariodeloeste.com\\\/noticias\\\/2024\\\/02\\\/22\\\/%f0%9f%9a%a8reunion-de-seguridad-en-el-com\\\/\",\"name\":\"\ud83d\udea8REUNI\u00d3N DE SEGURIDAD EN EL COM - Diario del Oeste\",\"isPartOf\":{\"@id\":\"https:\\\/\\\/diariodeloeste.com\\\/noticias\\\/#website\"},\"primaryImageOfPage\":{\"@id\":\"https:\\\/\\\/diariodeloeste.com\\\/noticias\\\/2024\\\/02\\\/22\\\/%f0%9f%9a%a8reunion-de-seguridad-en-el-com\\\/#primaryimage\"},\"image\":{\"@id\":\"https:\\\/\\\/diariodeloeste.com\\\/noticias\\\/2024\\\/02\\\/22\\\/%f0%9f%9a%a8reunion-de-seguridad-en-el-com\\\/#primaryimage\"},\"thumbnailUrl\":\"https:\\\/\\\/diariodeloeste.com\\\/noticias\\\/wp-content\\\/uploads\\\/2024\\\/02\\\/WhatsApp-Image-2024-02-22-at-10.48.03-1.jpeg\",\"datePublished\":\"2024-02-22T13:58:21+00:00\",\"breadcrumb\":{\"@id\":\"https:\\\/\\\/diariodeloeste.com\\\/noticias\\\/2024\\\/02\\\/22\\\/%f0%9f%9a%a8reunion-de-seguridad-en-el-com\\\/#breadcrumb\"},\"inLanguage\":\"es-AR\",\"potentialAction\":[{\"@type\":\"ReadAction\",\"target\":[\"https:\\\/\\\/diariodeloeste.com\\\/noticias\\\/2024\\\/02\\\/22\\\/%f0%9f%9a%a8reunion-de-seguridad-en-el-com\\\/\"]}]},{\"@type\":\"ImageObject\",\"inLanguage\":\"es-AR\",\"@id\":\"https:\\\/\\\/diariodeloeste.com\\\/noticias\\\/2024\\\/02\\\/22\\\/%f0%9f%9a%a8reunion-de-seguridad-en-el-com\\\/#primaryimage\",\"url\":\"https:\\\/\\\/diariodeloeste.com\\\/noticias\\\/wp-content\\\/uploads\\\/2024\\\/02\\\/WhatsApp-Image-2024-02-22-at-10.48.03-1.jpeg\",\"contentUrl\":\"https:\\\/\\\/diariodeloeste.com\\\/noticias\\\/wp-content\\\/uploads\\\/2024\\\/02\\\/WhatsApp-Image-2024-02-22-at-10.48.03-1.jpeg\",\"width\":720,\"height\":720},{\"@type\":\"BreadcrumbList\",\"@id\":\"https:\\\/\\\/diariodeloeste.com\\\/noticias\\\/2024\\\/02\\\/22\\\/%f0%9f%9a%a8reunion-de-seguridad-en-el-com\\\/#breadcrumb\",\"itemListElement\":[{\"@type\":\"ListItem\",\"position\":1,\"name\":\"Inicio\",\"item\":\"https:\\\/\\\/diariodeloeste.com\\\/noticias\\\/\"},{\"@type\":\"ListItem\",\"position\":2,\"name\":\"\ud83d\udea8REUNI\u00d3N DE SEGURIDAD EN EL COM\"}]},{\"@type\":\"WebSite\",\"@id\":\"https:\\\/\\\/diariodeloeste.com\\\/noticias\\\/#website\",\"url\":\"https:\\\/\\\/diariodeloeste.com\\\/noticias\\\/\",\"name\":\"Diario del Oeste\",\"description\":\"Noticias del Oeste\",\"publisher\":{\"@id\":\"https:\\\/\\\/diariodeloeste.com\\\/noticias\\\/#organization\"},\"potentialAction\":[{\"@type\":\"SearchAction\",\"target\":{\"@type\":\"EntryPoint\",\"urlTemplate\":\"https:\\\/\\\/diariodeloeste.com\\\/noticias\\\/?s={search_term_string}\"},\"query-input\":{\"@type\":\"PropertyValueSpecification\",\"valueRequired\":true,\"valueName\":\"search_term_string\"}}],\"inLanguage\":\"es-AR\"},{\"@type\":\"Organization\",\"@id\":\"https:\\\/\\\/diariodeloeste.com\\\/noticias\\\/#organization\",\"name\":\"Diario del Oeste\",\"url\":\"https:\\\/\\\/diariodeloeste.com\\\/noticias\\\/\",\"logo\":{\"@type\":\"ImageObject\",\"inLanguage\":\"es-AR\",\"@id\":\"https:\\\/\\\/diariodeloeste.com\\\/noticias\\\/#\\\/schema\\\/logo\\\/image\\\/\",\"url\":\"https:\\\/\\\/diariodeloeste.com\\\/noticias\\\/wp-content\\\/uploads\\\/2019\\\/04\\\/logo.png\",\"contentUrl\":\"https:\\\/\\\/diariodeloeste.com\\\/noticias\\\/wp-content\\\/uploads\\\/2019\\\/04\\\/logo.png\",\"width\":306,\"height\":145,\"caption\":\"Diario del Oeste\"},\"image\":{\"@id\":\"https:\\\/\\\/diariodeloeste.com\\\/noticias\\\/#\\\/schema\\\/logo\\\/image\\\/\"}},{\"@type\":\"Person\",\"@id\":\"https:\\\/\\\/diariodeloeste.com\\\/noticias\\\/#\\\/schema\\\/person\\\/1f7be965f8c093432e1cbfcee0ac4047\",\"name\":\"Redaccion\",\"image\":{\"@type\":\"ImageObject\",\"inLanguage\":\"es-AR\",\"@id\":\"https:\\\/\\\/secure.gravatar.com\\\/avatar\\\/f9bc3a12e26b32d818d88f9a5b61de20b559752e499df507efa7ea3cea0550ef?s=96&d=mm&r=g\",\"url\":\"https:\\\/\\\/secure.gravatar.com\\\/avatar\\\/f9bc3a12e26b32d818d88f9a5b61de20b559752e499df507efa7ea3cea0550ef?s=96&d=mm&r=g\",\"contentUrl\":\"https:\\\/\\\/secure.gravatar.com\\\/avatar\\\/f9bc3a12e26b32d818d88f9a5b61de20b559752e499df507efa7ea3cea0550ef?s=96&d=mm&r=g\",\"caption\":\"Redaccion\"},\"url\":\"https:\\\/\\\/diariodeloeste.com\\\/noticias\\\/author\\\/redaccion\\\/\"}]}<\/script>\n<!-- \/ Yoast SEO plugin. -->","yoast_head_json":{"title":"\ud83d\udea8REUNI\u00d3N DE SEGURIDAD EN EL COM - Diario del Oeste","robots":{"index":"index","follow":"follow","max-snippet":"max-snippet:-1","max-image-preview":"max-image-preview:large","max-video-preview":"max-video-preview:-1"},"canonical":"https:\/\/diariodeloeste.com\/noticias\/2024\/02\/22\/\ud83d\udea8reunion-de-seguridad-en-el-com\/","og_locale":"es_ES","og_type":"article","og_title":"\ud83d\udea8REUNI\u00d3N DE SEGURIDAD EN EL COM - Diario del Oeste","og_description":"Te mostramos las fotos de la reuni\u00f3n de seguridad que se llev\u00f3 a cabo en el Centro de Operaciones Municipales de #Jos\u00e9CPaz en la que se coordin\u00f3 la planificaci\u00f3n estrat\u00e9gica de seguridad para el ingreso de personal a las fuerzas y la articulaci\u00f3n de los sistemas de seguridad con el Ministerio de Seguridad para sincronizar [&hellip;]","og_url":"https:\/\/diariodeloeste.com\/noticias\/2024\/02\/22\/\ud83d\udea8reunion-de-seguridad-en-el-com\/","og_site_name":"Diario del Oeste","article_published_time":"2024-02-22T13:58:21+00:00","og_image":[{"width":720,"height":720,"url":"https:\/\/diariodeloeste.com\/noticias\/wp-content\/uploads\/2024\/02\/WhatsApp-Image-2024-02-22-at-10.48.03-1.jpeg","type":"image\/jpeg"}],"author":"Redaccion","twitter_card":"summary_large_image","twitter_misc":{"Escrito por":"Redaccion","Tiempo de lectura":"1 minuto"},"schema":{"@context":"https:\/\/schema.org","@graph":[{"@type":"Article","@id":"https:\/\/diariodeloeste.com\/noticias\/2024\/02\/22\/%f0%9f%9a%a8reunion-de-seguridad-en-el-com\/#article","isPartOf":{"@id":"https:\/\/diariodeloeste.com\/noticias\/2024\/02\/22\/%f0%9f%9a%a8reunion-de-seguridad-en-el-com\/"},"author":{"name":"Redaccion","@id":"https:\/\/diariodeloeste.com\/noticias\/#\/schema\/person\/1f7be965f8c093432e1cbfcee0ac4047"},"headline":"\ud83d\udea8REUNI\u00d3N DE SEGURIDAD EN EL COM","datePublished":"2024-02-22T13:58:21+00:00","mainEntityOfPage":{"@id":"https:\/\/diariodeloeste.com\/noticias\/2024\/02\/22\/%f0%9f%9a%a8reunion-de-seguridad-en-el-com\/"},"wordCount":154,"publisher":{"@id":"https:\/\/diariodeloeste.com\/noticias\/#organization"},"image":{"@id":"https:\/\/diariodeloeste.com\/noticias\/2024\/02\/22\/%f0%9f%9a%a8reunion-de-seguridad-en-el-com\/#primaryimage"},"thumbnailUrl":"https:\/\/diariodeloeste.com\/noticias\/wp-content\/uploads\/2024\/02\/WhatsApp-Image-2024-02-22-at-10.48.03-1.jpeg","keywords":["Mario","policiales","Seguridad de Jos\u00e9 C. Paz"],"articleSection":["Jos\u00e9 C Paz","Policiales","Titulares"],"inLanguage":"es-AR"},{"@type":"WebPage","@id":"https:\/\/diariodeloeste.com\/noticias\/2024\/02\/22\/%f0%9f%9a%a8reunion-de-seguridad-en-el-com\/","url":"https:\/\/diariodeloeste.com\/noticias\/2024\/02\/22\/%f0%9f%9a%a8reunion-de-seguridad-en-el-com\/","name":"\ud83d\udea8REUNI\u00d3N DE SEGURIDAD EN EL COM - Diario del Oeste","isPartOf":{"@id":"https:\/\/diariodeloeste.com\/noticias\/#website"},"primaryImageOfPage":{"@id":"https:\/\/diariodeloeste.com\/noticias\/2024\/02\/22\/%f0%9f%9a%a8reunion-de-seguridad-en-el-com\/#primaryimage"},"image":{"@id":"https:\/\/diariodeloeste.com\/noticias\/2024\/02\/22\/%f0%9f%9a%a8reunion-de-seguridad-en-el-com\/#primaryimage"},"thumbnailUrl":"https:\/\/diariodeloeste.com\/noticias\/wp-content\/uploads\/2024\/02\/WhatsApp-Image-2024-02-22-at-10.48.03-1.jpeg","datePublished":"2024-02-22T13:58:21+00:00","breadcrumb":{"@id":"https:\/\/diariodeloeste.com\/noticias\/2024\/02\/22\/%f0%9f%9a%a8reunion-de-seguridad-en-el-com\/#breadcrumb"},"inLanguage":"es-AR","potentialAction":[{"@type":"ReadAction","target":["https:\/\/diariodeloeste.com\/noticias\/2024\/02\/22\/%f0%9f%9a%a8reunion-de-seguridad-en-el-com\/"]}]},{"@type":"ImageObject","inLanguage":"es-AR","@id":"https:\/\/diariodeloeste.com\/noticias\/2024\/02\/22\/%f0%9f%9a%a8reunion-de-seguridad-en-el-com\/#primaryimage","url":"https:\/\/diariodeloeste.com\/noticias\/wp-content\/uploads\/2024\/02\/WhatsApp-Image-2024-02-22-at-10.48.03-1.jpeg","contentUrl":"https:\/\/diariodeloeste.com\/noticias\/wp-content\/uploads\/2024\/02\/WhatsApp-Image-2024-02-22-at-10.48.03-1.jpeg","width":720,"height":720},{"@type":"BreadcrumbList","@id":"https:\/\/diariodeloeste.com\/noticias\/2024\/02\/22\/%f0%9f%9a%a8reunion-de-seguridad-en-el-com\/#breadcrumb","itemListElement":[{"@type":"ListItem","position":1,"name":"Inicio","item":"https:\/\/diariodeloeste.com\/noticias\/"},{"@type":"ListItem","position":2,"name":"\ud83d\udea8REUNI\u00d3N DE SEGURIDAD EN EL COM"}]},{"@type":"WebSite","@id":"https:\/\/diariodeloeste.com\/noticias\/#website","url":"https:\/\/diariodeloeste.com\/noticias\/","name":"Diario del Oeste","description":"Noticias del Oeste","publisher":{"@id":"https:\/\/diariodeloeste.com\/noticias\/#organization"},"potentialAction":[{"@type":"SearchAction","target":{"@type":"EntryPoint","urlTemplate":"https:\/\/diariodeloeste.com\/noticias\/?s={search_term_string}"},"query-input":{"@type":"PropertyValueSpecification","valueRequired":true,"valueName":"search_term_string"}}],"inLanguage":"es-AR"},{"@type":"Organization","@id":"https:\/\/diariodeloeste.com\/noticias\/#organization","name":"Diario del Oeste","url":"https:\/\/diariodeloeste.com\/noticias\/","logo":{"@type":"ImageObject","inLanguage":"es-AR","@id":"https:\/\/diariodeloeste.com\/noticias\/#\/schema\/logo\/image\/","url":"https:\/\/diariodeloeste.com\/noticias\/wp-content\/uploads\/2019\/04\/logo.png","contentUrl":"https:\/\/diariodeloeste.com\/noticias\/wp-content\/uploads\/2019\/04\/logo.png","width":306,"height":145,"caption":"Diario del Oeste"},"image":{"@id":"https:\/\/diariodeloeste.com\/noticias\/#\/schema\/logo\/image\/"}},{"@type":"Person","@id":"https:\/\/diariodeloeste.com\/noticias\/#\/schema\/person\/1f7be965f8c093432e1cbfcee0ac4047","name":"Redaccion","image":{"@type":"ImageObject","inLanguage":"es-AR","@id":"https:\/\/secure.gravatar.com\/avatar\/f9bc3a12e26b32d818d88f9a5b61de20b559752e499df507efa7ea3cea0550ef?s=96&d=mm&r=g","url":"https:\/\/secure.gravatar.com\/avatar\/f9bc3a12e26b32d818d88f9a5b61de20b559752e499df507efa7ea3cea0550ef?s=96&d=mm&r=g","contentUrl":"https:\/\/secure.gravatar.com\/avatar\/f9bc3a12e26b32d818d88f9a5b61de20b559752e499df507efa7ea3cea0550ef?s=96&d=mm&r=g","caption":"Redaccion"},"url":"https:\/\/diariodeloeste.com\/noticias\/author\/redaccion\/"}]}},"_links":{"self":[{"href":"https:\/\/diariodeloeste.com\/noticias\/wp-json\/wp\/v2\/posts\/9688","targetHints":{"allow":["GET"]}}],"collection":[{"href":"https:\/\/diariodeloeste.com\/noticias\/wp-json\/wp\/v2\/posts"}],"about":[{"href":"https:\/\/diariodeloeste.com\/noticias\/wp-json\/wp\/v2\/types\/post"}],"author":[{"embeddable":true,"href":"https:\/\/diariodeloeste.com\/noticias\/wp-json\/wp\/v2\/users\/3"}],"replies":[{"embeddable":true,"href":"https:\/\/diariodeloeste.com\/noticias\/wp-json\/wp\/v2\/comments?post=9688"}],"version-history":[{"count":1,"href":"https:\/\/diariodeloeste.com\/noticias\/wp-json\/wp\/v2\/posts\/9688\/revisions"}],"predecessor-version":[{"id":9691,"href":"https:\/\/diariodeloeste.com\/noticias\/wp-json\/wp\/v2\/posts\/9688\/revisions\/9691"}],"wp:featuredmedia":[{"embeddable":true,"href":"https:\/\/diariodeloeste.com\/noticias\/wp-json\/wp\/v2\/media\/9689"}],"wp:attachment":[{"href":"https:\/\/diariodeloeste.com\/noticias\/wp-json\/wp\/v2\/media?parent=9688"}],"wp:term":[{"taxonomy":"category","embeddable":true,"href":"https:\/\/diariodeloeste.com\/noticias\/wp-json\/wp\/v2\/categories?post=9688"},{"taxonomy":"post_tag","embeddable":true,"href":"https:\/\/diariodeloeste.com\/noticias\/wp-json\/wp\/v2\/tags?post=9688"}],"curies":[{"name":"wp","href":"https:\/\/api.w.org\/{rel}","templated":true}]}}