{"id":9511,"date":"2023-12-20T03:00:20","date_gmt":"2023-12-20T03:00:20","guid":{"rendered":"https:\/\/diariodeloeste.com\/noticias\/?p=9511"},"modified":"2023-12-20T03:00:20","modified_gmt":"2023-12-20T03:00:20","slug":"el-municipio-de-malvinas-argentinas-continua-trabajando-tras-el-intenso-temporal","status":"publish","type":"post","link":"https:\/\/diariodeloeste.com\/noticias\/2023\/12\/20\/el-municipio-de-malvinas-argentinas-continua-trabajando-tras-el-intenso-temporal\/","title":{"rendered":"El municipio de Malvinas Argentinas contin\u00faa trabajando tras el intenso temporal"},"content":{"rendered":"<p style=\"text-align: left;\" align=\"center\"><b><i>Distintas \u00e1reas siguen abocadas a las contingencias que produjo la fuerte tormenta. Se remueve la ca\u00edda de postes, cables, \u00e1rboles, ramas que provocaron, entre otras cosas, cortes de energ\u00eda. m\u00e1s de 100 familias ya recibieron asistencia.<\/i><\/b><\/p>\n<div id='gallery-1' class='gallery galleryid-9511 gallery-columns-3 gallery-size-large'><figure class='gallery-item'>\n\t\t\t<div class='gallery-icon landscape'>\n\t\t\t\t<a href='https:\/\/diariodeloeste.com\/noticias\/2023\/12\/20\/el-municipio-de-malvinas-argentinas-continua-trabajando-tras-el-intenso-temporal\/411198568_920864042742000_7017268048038261131_n\/'><img loading=\"lazy\" loading=\"lazy\" decoding=\"async\" width=\"1024\" height=\"576\" src=\"https:\/\/diariodeloeste.com\/noticias\/wp-content\/uploads\/2023\/12\/411198568_920864042742000_7017268048038261131_n-1024x576.jpg\" class=\"attachment-large size-large\" alt=\"\" \/><\/a>\n\t\t\t<\/div><\/figure><figure class='gallery-item'>\n\t\t\t<div class='gallery-icon landscape'>\n\t\t\t\t<a href='https:\/\/diariodeloeste.com\/noticias\/2023\/12\/20\/el-municipio-de-malvinas-argentinas-continua-trabajando-tras-el-intenso-temporal\/411240841_920864292741975_5105398695819394064_n\/'><img loading=\"lazy\" loading=\"lazy\" decoding=\"async\" width=\"1024\" height=\"683\" src=\"https:\/\/diariodeloeste.com\/noticias\/wp-content\/uploads\/2023\/12\/411240841_920864292741975_5105398695819394064_n-1024x683.jpg\" class=\"attachment-large size-large\" alt=\"\" \/><\/a>\n\t\t\t<\/div><\/figure><figure class='gallery-item'>\n\t\t\t<div class='gallery-icon landscape'>\n\t\t\t\t<a href='https:\/\/diariodeloeste.com\/noticias\/2023\/12\/20\/el-municipio-de-malvinas-argentinas-continua-trabajando-tras-el-intenso-temporal\/411621534_920863689408702_8962494856229394993_n\/'><img loading=\"lazy\" loading=\"lazy\" decoding=\"async\" width=\"802\" height=\"802\" src=\"https:\/\/diariodeloeste.com\/noticias\/wp-content\/uploads\/2023\/12\/411621534_920863689408702_8962494856229394993_n.jpg\" class=\"attachment-large size-large\" alt=\"\" \/><\/a>\n\t\t\t<\/div><\/figure>\n\t\t<\/div>\n\n<p><b><i>Malvinas Argentinas, 18 de diciembre de 2023<\/i><\/b><i>&nbsp;\u2013&nbsp;<\/i>El municipio de Malvinas Argentinas refuerza el trabajo de las cuadrillas, las cuales siguen abocadas a las contingencias que produjo la fuerte tormenta en la madrugada del domingo.<\/p>\n<p>Los equipos est\u00e1n trabajando para remover la ca\u00edda de postes, cables, \u00e1rboles y ramas que obstruyeron las calles y provocaron cortes de energ\u00eda en barrios de Malvinas Argentinas.<\/p>\n<p>Leo Nardini, intendente municipal, emiti\u00f3 un comunicado este lunes por la tarde informando sobre la situaci\u00f3n actual: &#8220;Los equipos del municipio contin\u00faan en la calle, como desde el domingo por la madrugada, en los barrios de Malvinas Argentinas para dar respuesta a las m\u00faltiples necesidades. El Gobierno de la Provincia de Buenos Aires decret\u00f3 el estado de alerta para todo el territorio para las pr\u00f3ximas 72 horas debido a los pron\u00f3sticos meteorol\u00f3gicos&#8221;.<\/p>\n<p>&#8220;Desde Promoci\u00f3n Social ya se brind\u00f3 asistencia a m\u00e1s 100 familias con distintas necesidades y las tareas siguen desarroll\u00e1ndose en varios puntos. Los equipos de Defensa Civil actuaron en 268 intervenciones y desde Servicios se sigue trabajando en el despeje de calles, acondicionamiento de espacios, tareas en conjunto con las empresas proveedoras de servicios p\u00fablicos para el restablecimiento de postes y tendido de cables&#8221;, continu\u00f3.<\/p>\n<p>Sobre el suministro del servicio el\u00e9ctrico, el cual se vio seriamente afectado, Nardini mencion\u00f3: &#8220;Muchas zonas est\u00e1n sin servicio de energ\u00eda el\u00e9ctrica y sabemos la problem\u00e1tica que significa. Por eso seguimos gestionando con la empresa prestadora Edenor por los casos de interrupciones en el suministro el\u00e9ctrico&#8221;.<\/p>\n<p>Algunas recomendaciones luego de la tormenta: no sacar la basura a la calle; permanecer en lugares seguros; no acercarse a postes, \u00e1rboles o cables ca\u00eddos; no circular por calles o zonas anegadas.<\/p>\n<p>Ante cualquier eventualidad comunicarse con:<\/p>\n<p>Defensa Civil: 103 o 4660-5095 \/ 4663-9901 \u2013 Direcci\u00f3n: Yatasto 200, Ing. Pablo Nogu\u00e9s.<\/p>\n<p>Subsecretar\u00eda de Promoci\u00f3n e Integraci\u00f3n Social: 02320-480793 \u2013 Direcci\u00f3n: Soler 948, Grand Bourg.<\/p>\n<p>Bomberos: 100<\/p>\n<p>Bomberos de Malvinas Argentinas: 4660-2222<\/p>\n<p>Bomberos de Tortuguitas: 02320-493000<\/p>\n<p>Polic\u00eda: 911<\/p>\n<p>Protecci\u00f3n Ciudadana: 0800-222-0911<\/p>\n<div id='gallery-2' class='gallery galleryid-9511 gallery-columns-2 gallery-size-large'><figure class='gallery-item'>\n\t\t\t<div class='gallery-icon landscape'>\n\t\t\t\t<a href='https:\/\/diariodeloeste.com\/noticias\/2023\/12\/20\/el-municipio-de-malvinas-argentinas-continua-trabajando-tras-el-intenso-temporal\/411613237_920863726075365_6249711959376140181_n\/'><img loading=\"lazy\" loading=\"lazy\" decoding=\"async\" width=\"900\" height=\"900\" src=\"https:\/\/diariodeloeste.com\/noticias\/wp-content\/uploads\/2023\/12\/411613237_920863726075365_6249711959376140181_n.jpg\" class=\"attachment-large size-large\" alt=\"\" \/><\/a>\n\t\t\t<\/div><\/figure><figure class='gallery-item'>\n\t\t\t<div class='gallery-icon landscape'>\n\t\t\t\t<a href='https:\/\/diariodeloeste.com\/noticias\/2023\/12\/20\/el-municipio-de-malvinas-argentinas-continua-trabajando-tras-el-intenso-temporal\/411651881_920863609408710_9026030508249551272_n\/'><img loading=\"lazy\" loading=\"lazy\" decoding=\"async\" width=\"900\" height=\"900\" src=\"https:\/\/diariodeloeste.com\/noticias\/wp-content\/uploads\/2023\/12\/411651881_920863609408710_9026030508249551272_n.jpg\" class=\"attachment-large size-large\" alt=\"\" \/><\/a>\n\t\t\t<\/div><\/figure>\n\t\t<\/div>\n\n<script>function PlayerjsAsync(){} if(window[\"Playerjs\"]){PlayerjsAsync();}<\/script>","protected":false},"excerpt":{"rendered":"<p>Distintas \u00e1reas siguen abocadas a las contingencias que produjo la fuerte tormenta. Se remueve la ca\u00edda de postes, cables, \u00e1rboles, ramas que provocaron, entre otras cosas, cortes de energ\u00eda. m\u00e1s de 100 familias ya recibieron asistencia. Malvinas Argentinas, 18 de diciembre de 2023&nbsp;\u2013&nbsp;El municipio de Malvinas Argentinas refuerza el trabajo de las cuadrillas, las cuales [&hellip;]<\/p>\n","protected":false},"author":3,"featured_media":9516,"comment_status":"closed","ping_status":"closed","sticky":false,"template":"","format":"standard","meta":{"content-type":"","footnotes":""},"categories":[496,9],"tags":[211,606,504,493],"class_list":{"0":"post-9511","1":"post","2":"type-post","3":"status-publish","4":"format-standard","5":"has-post-thumbnail","7":"category-malvinas-argentinas","8":"category-titulares","9":"tag-leo-nardini","10":"tag-luis-vivona","11":"tag-municipio-de-malvinas-argentinas","12":"tag-noe-correa"},"yoast_head":"<!-- This site is optimized with the Yoast SEO plugin v27.4 - https:\/\/yoast.com\/product\/yoast-seo-wordpress\/ -->\n<title>El municipio de Malvinas Argentinas contin\u00faa trabajando tras el intenso temporal - Diario del Oeste<\/title>\n<meta name=\"robots\" content=\"index, follow, max-snippet:-1, max-image-preview:large, max-video-preview:-1\" \/>\n<link rel=\"canonical\" href=\"https:\/\/diariodeloeste.com\/noticias\/2023\/12\/20\/el-municipio-de-malvinas-argentinas-continua-trabajando-tras-el-intenso-temporal\/\" \/>\n<meta property=\"og:locale\" content=\"es_ES\" \/>\n<meta property=\"og:type\" content=\"article\" \/>\n<meta property=\"og:title\" content=\"El municipio de Malvinas Argentinas contin\u00faa trabajando tras el intenso temporal - Diario del Oeste\" \/>\n<meta property=\"og:description\" content=\"Distintas \u00e1reas siguen abocadas a las contingencias que produjo la fuerte tormenta. Se remueve la ca\u00edda de postes, cables, \u00e1rboles, ramas que provocaron, entre otras cosas, cortes de energ\u00eda. m\u00e1s de 100 familias ya recibieron asistencia. Malvinas Argentinas, 18 de diciembre de 2023&nbsp;\u2013&nbsp;El municipio de Malvinas Argentinas refuerza el trabajo de las cuadrillas, las cuales [&hellip;]\" \/>\n<meta property=\"og:url\" content=\"https:\/\/diariodeloeste.com\/noticias\/2023\/12\/20\/el-municipio-de-malvinas-argentinas-continua-trabajando-tras-el-intenso-temporal\/\" \/>\n<meta property=\"og:site_name\" content=\"Diario del Oeste\" \/>\n<meta property=\"article:published_time\" content=\"2023-12-20T03:00:20+00:00\" \/>\n<meta property=\"og:image\" content=\"https:\/\/diariodeloeste.com\/noticias\/wp-content\/uploads\/2023\/12\/411141136_920864299408641_1157396681730694888_n.jpg\" \/>\n\t<meta property=\"og:image:width\" content=\"1600\" \/>\n\t<meta property=\"og:image:height\" content=\"900\" \/>\n\t<meta property=\"og:image:type\" content=\"image\/jpeg\" \/>\n<meta name=\"author\" content=\"Redaccion\" \/>\n<meta name=\"twitter:card\" content=\"summary_large_image\" \/>\n<meta name=\"twitter:label1\" content=\"Escrito por\" \/>\n\t<meta name=\"twitter:data1\" content=\"Redaccion\" \/>\n\t<meta name=\"twitter:label2\" content=\"Tiempo de lectura\" \/>\n\t<meta name=\"twitter:data2\" content=\"2 minutos\" \/>\n<script type=\"application\/ld+json\" class=\"yoast-schema-graph\">{\"@context\":\"https:\\\/\\\/schema.org\",\"@graph\":[{\"@type\":\"Article\",\"@id\":\"https:\\\/\\\/diariodeloeste.com\\\/noticias\\\/2023\\\/12\\\/20\\\/el-municipio-de-malvinas-argentinas-continua-trabajando-tras-el-intenso-temporal\\\/#article\",\"isPartOf\":{\"@id\":\"https:\\\/\\\/diariodeloeste.com\\\/noticias\\\/2023\\\/12\\\/20\\\/el-municipio-de-malvinas-argentinas-continua-trabajando-tras-el-intenso-temporal\\\/\"},\"author\":{\"name\":\"Redaccion\",\"@id\":\"https:\\\/\\\/diariodeloeste.com\\\/noticias\\\/#\\\/schema\\\/person\\\/1f7be965f8c093432e1cbfcee0ac4047\"},\"headline\":\"El municipio de Malvinas Argentinas contin\u00faa trabajando tras el intenso temporal\",\"datePublished\":\"2023-12-20T03:00:20+00:00\",\"mainEntityOfPage\":{\"@id\":\"https:\\\/\\\/diariodeloeste.com\\\/noticias\\\/2023\\\/12\\\/20\\\/el-municipio-de-malvinas-argentinas-continua-trabajando-tras-el-intenso-temporal\\\/\"},\"wordCount\":403,\"publisher\":{\"@id\":\"https:\\\/\\\/diariodeloeste.com\\\/noticias\\\/#organization\"},\"image\":{\"@id\":\"https:\\\/\\\/diariodeloeste.com\\\/noticias\\\/2023\\\/12\\\/20\\\/el-municipio-de-malvinas-argentinas-continua-trabajando-tras-el-intenso-temporal\\\/#primaryimage\"},\"thumbnailUrl\":\"https:\\\/\\\/diariodeloeste.com\\\/noticias\\\/wp-content\\\/uploads\\\/2023\\\/12\\\/411141136_920864299408641_1157396681730694888_n.jpg\",\"keywords\":[\"leo nardini\",\"Luis Vivona\",\"Municipio de Malvinas Argentinas\",\"Noe Correa\"],\"articleSection\":[\"Malvinas Argentinas\",\"Titulares\"],\"inLanguage\":\"es-AR\"},{\"@type\":\"WebPage\",\"@id\":\"https:\\\/\\\/diariodeloeste.com\\\/noticias\\\/2023\\\/12\\\/20\\\/el-municipio-de-malvinas-argentinas-continua-trabajando-tras-el-intenso-temporal\\\/\",\"url\":\"https:\\\/\\\/diariodeloeste.com\\\/noticias\\\/2023\\\/12\\\/20\\\/el-municipio-de-malvinas-argentinas-continua-trabajando-tras-el-intenso-temporal\\\/\",\"name\":\"El municipio de Malvinas Argentinas contin\u00faa trabajando tras el intenso temporal - Diario del Oeste\",\"isPartOf\":{\"@id\":\"https:\\\/\\\/diariodeloeste.com\\\/noticias\\\/#website\"},\"primaryImageOfPage\":{\"@id\":\"https:\\\/\\\/diariodeloeste.com\\\/noticias\\\/2023\\\/12\\\/20\\\/el-municipio-de-malvinas-argentinas-continua-trabajando-tras-el-intenso-temporal\\\/#primaryimage\"},\"image\":{\"@id\":\"https:\\\/\\\/diariodeloeste.com\\\/noticias\\\/2023\\\/12\\\/20\\\/el-municipio-de-malvinas-argentinas-continua-trabajando-tras-el-intenso-temporal\\\/#primaryimage\"},\"thumbnailUrl\":\"https:\\\/\\\/diariodeloeste.com\\\/noticias\\\/wp-content\\\/uploads\\\/2023\\\/12\\\/411141136_920864299408641_1157396681730694888_n.jpg\",\"datePublished\":\"2023-12-20T03:00:20+00:00\",\"breadcrumb\":{\"@id\":\"https:\\\/\\\/diariodeloeste.com\\\/noticias\\\/2023\\\/12\\\/20\\\/el-municipio-de-malvinas-argentinas-continua-trabajando-tras-el-intenso-temporal\\\/#breadcrumb\"},\"inLanguage\":\"es-AR\",\"potentialAction\":[{\"@type\":\"ReadAction\",\"target\":[\"https:\\\/\\\/diariodeloeste.com\\\/noticias\\\/2023\\\/12\\\/20\\\/el-municipio-de-malvinas-argentinas-continua-trabajando-tras-el-intenso-temporal\\\/\"]}]},{\"@type\":\"ImageObject\",\"inLanguage\":\"es-AR\",\"@id\":\"https:\\\/\\\/diariodeloeste.com\\\/noticias\\\/2023\\\/12\\\/20\\\/el-municipio-de-malvinas-argentinas-continua-trabajando-tras-el-intenso-temporal\\\/#primaryimage\",\"url\":\"https:\\\/\\\/diariodeloeste.com\\\/noticias\\\/wp-content\\\/uploads\\\/2023\\\/12\\\/411141136_920864299408641_1157396681730694888_n.jpg\",\"contentUrl\":\"https:\\\/\\\/diariodeloeste.com\\\/noticias\\\/wp-content\\\/uploads\\\/2023\\\/12\\\/411141136_920864299408641_1157396681730694888_n.jpg\",\"width\":1600,\"height\":900},{\"@type\":\"BreadcrumbList\",\"@id\":\"https:\\\/\\\/diariodeloeste.com\\\/noticias\\\/2023\\\/12\\\/20\\\/el-municipio-de-malvinas-argentinas-continua-trabajando-tras-el-intenso-temporal\\\/#breadcrumb\",\"itemListElement\":[{\"@type\":\"ListItem\",\"position\":1,\"name\":\"Inicio\",\"item\":\"https:\\\/\\\/diariodeloeste.com\\\/noticias\\\/\"},{\"@type\":\"ListItem\",\"position\":2,\"name\":\"El municipio de Malvinas Argentinas contin\u00faa trabajando tras el intenso temporal\"}]},{\"@type\":\"WebSite\",\"@id\":\"https:\\\/\\\/diariodeloeste.com\\\/noticias\\\/#website\",\"url\":\"https:\\\/\\\/diariodeloeste.com\\\/noticias\\\/\",\"name\":\"Diario del Oeste\",\"description\":\"Noticias del Oeste\",\"publisher\":{\"@id\":\"https:\\\/\\\/diariodeloeste.com\\\/noticias\\\/#organization\"},\"potentialAction\":[{\"@type\":\"SearchAction\",\"target\":{\"@type\":\"EntryPoint\",\"urlTemplate\":\"https:\\\/\\\/diariodeloeste.com\\\/noticias\\\/?s={search_term_string}\"},\"query-input\":{\"@type\":\"PropertyValueSpecification\",\"valueRequired\":true,\"valueName\":\"search_term_string\"}}],\"inLanguage\":\"es-AR\"},{\"@type\":\"Organization\",\"@id\":\"https:\\\/\\\/diariodeloeste.com\\\/noticias\\\/#organization\",\"name\":\"Diario del Oeste\",\"url\":\"https:\\\/\\\/diariodeloeste.com\\\/noticias\\\/\",\"logo\":{\"@type\":\"ImageObject\",\"inLanguage\":\"es-AR\",\"@id\":\"https:\\\/\\\/diariodeloeste.com\\\/noticias\\\/#\\\/schema\\\/logo\\\/image\\\/\",\"url\":\"https:\\\/\\\/diariodeloeste.com\\\/noticias\\\/wp-content\\\/uploads\\\/2019\\\/04\\\/logo.png\",\"contentUrl\":\"https:\\\/\\\/diariodeloeste.com\\\/noticias\\\/wp-content\\\/uploads\\\/2019\\\/04\\\/logo.png\",\"width\":306,\"height\":145,\"caption\":\"Diario del Oeste\"},\"image\":{\"@id\":\"https:\\\/\\\/diariodeloeste.com\\\/noticias\\\/#\\\/schema\\\/logo\\\/image\\\/\"}},{\"@type\":\"Person\",\"@id\":\"https:\\\/\\\/diariodeloeste.com\\\/noticias\\\/#\\\/schema\\\/person\\\/1f7be965f8c093432e1cbfcee0ac4047\",\"name\":\"Redaccion\",\"image\":{\"@type\":\"ImageObject\",\"inLanguage\":\"es-AR\",\"@id\":\"https:\\\/\\\/secure.gravatar.com\\\/avatar\\\/f9bc3a12e26b32d818d88f9a5b61de20b559752e499df507efa7ea3cea0550ef?s=96&d=mm&r=g\",\"url\":\"https:\\\/\\\/secure.gravatar.com\\\/avatar\\\/f9bc3a12e26b32d818d88f9a5b61de20b559752e499df507efa7ea3cea0550ef?s=96&d=mm&r=g\",\"contentUrl\":\"https:\\\/\\\/secure.gravatar.com\\\/avatar\\\/f9bc3a12e26b32d818d88f9a5b61de20b559752e499df507efa7ea3cea0550ef?s=96&d=mm&r=g\",\"caption\":\"Redaccion\"},\"url\":\"https:\\\/\\\/diariodeloeste.com\\\/noticias\\\/author\\\/redaccion\\\/\"}]}<\/script>\n<!-- \/ Yoast SEO plugin. -->","yoast_head_json":{"title":"El municipio de Malvinas Argentinas contin\u00faa trabajando tras el intenso temporal - Diario del Oeste","robots":{"index":"index","follow":"follow","max-snippet":"max-snippet:-1","max-image-preview":"max-image-preview:large","max-video-preview":"max-video-preview:-1"},"canonical":"https:\/\/diariodeloeste.com\/noticias\/2023\/12\/20\/el-municipio-de-malvinas-argentinas-continua-trabajando-tras-el-intenso-temporal\/","og_locale":"es_ES","og_type":"article","og_title":"El municipio de Malvinas Argentinas contin\u00faa trabajando tras el intenso temporal - Diario del Oeste","og_description":"Distintas \u00e1reas siguen abocadas a las contingencias que produjo la fuerte tormenta. Se remueve la ca\u00edda de postes, cables, \u00e1rboles, ramas que provocaron, entre otras cosas, cortes de energ\u00eda. m\u00e1s de 100 familias ya recibieron asistencia. Malvinas Argentinas, 18 de diciembre de 2023&nbsp;\u2013&nbsp;El municipio de Malvinas Argentinas refuerza el trabajo de las cuadrillas, las cuales [&hellip;]","og_url":"https:\/\/diariodeloeste.com\/noticias\/2023\/12\/20\/el-municipio-de-malvinas-argentinas-continua-trabajando-tras-el-intenso-temporal\/","og_site_name":"Diario del Oeste","article_published_time":"2023-12-20T03:00:20+00:00","og_image":[{"width":1600,"height":900,"url":"https:\/\/diariodeloeste.com\/noticias\/wp-content\/uploads\/2023\/12\/411141136_920864299408641_1157396681730694888_n.jpg","type":"image\/jpeg"}],"author":"Redaccion","twitter_card":"summary_large_image","twitter_misc":{"Escrito por":"Redaccion","Tiempo de lectura":"2 minutos"},"schema":{"@context":"https:\/\/schema.org","@graph":[{"@type":"Article","@id":"https:\/\/diariodeloeste.com\/noticias\/2023\/12\/20\/el-municipio-de-malvinas-argentinas-continua-trabajando-tras-el-intenso-temporal\/#article","isPartOf":{"@id":"https:\/\/diariodeloeste.com\/noticias\/2023\/12\/20\/el-municipio-de-malvinas-argentinas-continua-trabajando-tras-el-intenso-temporal\/"},"author":{"name":"Redaccion","@id":"https:\/\/diariodeloeste.com\/noticias\/#\/schema\/person\/1f7be965f8c093432e1cbfcee0ac4047"},"headline":"El municipio de Malvinas Argentinas contin\u00faa trabajando tras el intenso temporal","datePublished":"2023-12-20T03:00:20+00:00","mainEntityOfPage":{"@id":"https:\/\/diariodeloeste.com\/noticias\/2023\/12\/20\/el-municipio-de-malvinas-argentinas-continua-trabajando-tras-el-intenso-temporal\/"},"wordCount":403,"publisher":{"@id":"https:\/\/diariodeloeste.com\/noticias\/#organization"},"image":{"@id":"https:\/\/diariodeloeste.com\/noticias\/2023\/12\/20\/el-municipio-de-malvinas-argentinas-continua-trabajando-tras-el-intenso-temporal\/#primaryimage"},"thumbnailUrl":"https:\/\/diariodeloeste.com\/noticias\/wp-content\/uploads\/2023\/12\/411141136_920864299408641_1157396681730694888_n.jpg","keywords":["leo nardini","Luis Vivona","Municipio de Malvinas Argentinas","Noe Correa"],"articleSection":["Malvinas Argentinas","Titulares"],"inLanguage":"es-AR"},{"@type":"WebPage","@id":"https:\/\/diariodeloeste.com\/noticias\/2023\/12\/20\/el-municipio-de-malvinas-argentinas-continua-trabajando-tras-el-intenso-temporal\/","url":"https:\/\/diariodeloeste.com\/noticias\/2023\/12\/20\/el-municipio-de-malvinas-argentinas-continua-trabajando-tras-el-intenso-temporal\/","name":"El municipio de Malvinas Argentinas contin\u00faa trabajando tras el intenso temporal - Diario del Oeste","isPartOf":{"@id":"https:\/\/diariodeloeste.com\/noticias\/#website"},"primaryImageOfPage":{"@id":"https:\/\/diariodeloeste.com\/noticias\/2023\/12\/20\/el-municipio-de-malvinas-argentinas-continua-trabajando-tras-el-intenso-temporal\/#primaryimage"},"image":{"@id":"https:\/\/diariodeloeste.com\/noticias\/2023\/12\/20\/el-municipio-de-malvinas-argentinas-continua-trabajando-tras-el-intenso-temporal\/#primaryimage"},"thumbnailUrl":"https:\/\/diariodeloeste.com\/noticias\/wp-content\/uploads\/2023\/12\/411141136_920864299408641_1157396681730694888_n.jpg","datePublished":"2023-12-20T03:00:20+00:00","breadcrumb":{"@id":"https:\/\/diariodeloeste.com\/noticias\/2023\/12\/20\/el-municipio-de-malvinas-argentinas-continua-trabajando-tras-el-intenso-temporal\/#breadcrumb"},"inLanguage":"es-AR","potentialAction":[{"@type":"ReadAction","target":["https:\/\/diariodeloeste.com\/noticias\/2023\/12\/20\/el-municipio-de-malvinas-argentinas-continua-trabajando-tras-el-intenso-temporal\/"]}]},{"@type":"ImageObject","inLanguage":"es-AR","@id":"https:\/\/diariodeloeste.com\/noticias\/2023\/12\/20\/el-municipio-de-malvinas-argentinas-continua-trabajando-tras-el-intenso-temporal\/#primaryimage","url":"https:\/\/diariodeloeste.com\/noticias\/wp-content\/uploads\/2023\/12\/411141136_920864299408641_1157396681730694888_n.jpg","contentUrl":"https:\/\/diariodeloeste.com\/noticias\/wp-content\/uploads\/2023\/12\/411141136_920864299408641_1157396681730694888_n.jpg","width":1600,"height":900},{"@type":"BreadcrumbList","@id":"https:\/\/diariodeloeste.com\/noticias\/2023\/12\/20\/el-municipio-de-malvinas-argentinas-continua-trabajando-tras-el-intenso-temporal\/#breadcrumb","itemListElement":[{"@type":"ListItem","position":1,"name":"Inicio","item":"https:\/\/diariodeloeste.com\/noticias\/"},{"@type":"ListItem","position":2,"name":"El municipio de Malvinas Argentinas contin\u00faa trabajando tras el intenso temporal"}]},{"@type":"WebSite","@id":"https:\/\/diariodeloeste.com\/noticias\/#website","url":"https:\/\/diariodeloeste.com\/noticias\/","name":"Diario del Oeste","description":"Noticias del Oeste","publisher":{"@id":"https:\/\/diariodeloeste.com\/noticias\/#organization"},"potentialAction":[{"@type":"SearchAction","target":{"@type":"EntryPoint","urlTemplate":"https:\/\/diariodeloeste.com\/noticias\/?s={search_term_string}"},"query-input":{"@type":"PropertyValueSpecification","valueRequired":true,"valueName":"search_term_string"}}],"inLanguage":"es-AR"},{"@type":"Organization","@id":"https:\/\/diariodeloeste.com\/noticias\/#organization","name":"Diario del Oeste","url":"https:\/\/diariodeloeste.com\/noticias\/","logo":{"@type":"ImageObject","inLanguage":"es-AR","@id":"https:\/\/diariodeloeste.com\/noticias\/#\/schema\/logo\/image\/","url":"https:\/\/diariodeloeste.com\/noticias\/wp-content\/uploads\/2019\/04\/logo.png","contentUrl":"https:\/\/diariodeloeste.com\/noticias\/wp-content\/uploads\/2019\/04\/logo.png","width":306,"height":145,"caption":"Diario del Oeste"},"image":{"@id":"https:\/\/diariodeloeste.com\/noticias\/#\/schema\/logo\/image\/"}},{"@type":"Person","@id":"https:\/\/diariodeloeste.com\/noticias\/#\/schema\/person\/1f7be965f8c093432e1cbfcee0ac4047","name":"Redaccion","image":{"@type":"ImageObject","inLanguage":"es-AR","@id":"https:\/\/secure.gravatar.com\/avatar\/f9bc3a12e26b32d818d88f9a5b61de20b559752e499df507efa7ea3cea0550ef?s=96&d=mm&r=g","url":"https:\/\/secure.gravatar.com\/avatar\/f9bc3a12e26b32d818d88f9a5b61de20b559752e499df507efa7ea3cea0550ef?s=96&d=mm&r=g","contentUrl":"https:\/\/secure.gravatar.com\/avatar\/f9bc3a12e26b32d818d88f9a5b61de20b559752e499df507efa7ea3cea0550ef?s=96&d=mm&r=g","caption":"Redaccion"},"url":"https:\/\/diariodeloeste.com\/noticias\/author\/redaccion\/"}]}},"_links":{"self":[{"href":"https:\/\/diariodeloeste.com\/noticias\/wp-json\/wp\/v2\/posts\/9511","targetHints":{"allow":["GET"]}}],"collection":[{"href":"https:\/\/diariodeloeste.com\/noticias\/wp-json\/wp\/v2\/posts"}],"about":[{"href":"https:\/\/diariodeloeste.com\/noticias\/wp-json\/wp\/v2\/types\/post"}],"author":[{"embeddable":true,"href":"https:\/\/diariodeloeste.com\/noticias\/wp-json\/wp\/v2\/users\/3"}],"replies":[{"embeddable":true,"href":"https:\/\/diariodeloeste.com\/noticias\/wp-json\/wp\/v2\/comments?post=9511"}],"version-history":[{"count":1,"href":"https:\/\/diariodeloeste.com\/noticias\/wp-json\/wp\/v2\/posts\/9511\/revisions"}],"predecessor-version":[{"id":9518,"href":"https:\/\/diariodeloeste.com\/noticias\/wp-json\/wp\/v2\/posts\/9511\/revisions\/9518"}],"wp:featuredmedia":[{"embeddable":true,"href":"https:\/\/diariodeloeste.com\/noticias\/wp-json\/wp\/v2\/media\/9516"}],"wp:attachment":[{"href":"https:\/\/diariodeloeste.com\/noticias\/wp-json\/wp\/v2\/media?parent=9511"}],"wp:term":[{"taxonomy":"category","embeddable":true,"href":"https:\/\/diariodeloeste.com\/noticias\/wp-json\/wp\/v2\/categories?post=9511"},{"taxonomy":"post_tag","embeddable":true,"href":"https:\/\/diariodeloeste.com\/noticias\/wp-json\/wp\/v2\/tags?post=9511"}],"curies":[{"name":"wp","href":"https:\/\/api.w.org\/{rel}","templated":true}]}}