{"id":9449,"date":"2023-11-30T21:45:13","date_gmt":"2023-11-30T21:45:13","guid":{"rendered":"https:\/\/diariodeloeste.com\/noticias\/?p=9449"},"modified":"2023-11-30T21:45:13","modified_gmt":"2023-11-30T21:45:13","slug":"avanza-la-obra-de-la-nueva-facultad-de-ciencias-tecnologia-innovacion-robotica-e-ingenieria","status":"publish","type":"post","link":"https:\/\/diariodeloeste.com\/noticias\/2023\/11\/30\/avanza-la-obra-de-la-nueva-facultad-de-ciencias-tecnologia-innovacion-robotica-e-ingenieria\/","title":{"rendered":"AVANZA LA OBRA DE LA NUEVA FACULTAD DE CIENCIAS, TECNOLOG\u00cdA, INNOVACI\u00d3N, ROB\u00d3TICA E INGENIER\u00cdA"},"content":{"rendered":"<div class=\"x11i5rnm xat24cr x1mh8g0r x1vvkbs xtlvy1s x126k92a\">\n<div dir=\"auto\">Te mostramos las fotos de los avances en la colocaci\u00f3n del techo alma llena de la futura Facultad de Ciencias, Tecnolog\u00eda, Innovaci\u00f3n, Rob\u00f3tica e Ingenier\u00eda de <a class=\"x1i10hfl xjbqb8w x6umtig x1b1mbwd xaqea5y xav7gou x9f619 x1ypdohk xt0psk2 xe8uvvx xdj266r x11i5rnm xat24cr x1mh8g0r xexx8yu x4uap5 x18d9i69 xkhd6sd x16tdsg8 x1hl2dhg xggy1nq x1a2a7pz xt0b8zv x1qq9wsj xo1l8bm\" tabindex=\"0\" role=\"link\" href=\"https:\/\/www.facebook.com\/hashtag\/jos%C3%A9cpaz?__eep__=6&amp;__cft__[0]=AZXXboh9zReX2KsXJsHFGfHwuvB9N9UajzBotou8FtTAdO7SH80xAAxS-nXtt-gAUld4xIPsa48hS9orQitjdjCXdaid-i2Zhz4JRs2DtihOoKp8629gMU_cJbtvhU0lnGs-Pi__k4FQQEDTK9lDsh8b&amp;__tn__=*NK-R\">#Jos\u00e9CPaz<\/a>. La misma es construida con empleados de la Constructora y recursos municipales, su finalizaci\u00f3n se prev\u00e9 para finales del corriente a\u00f1o.<\/div>\n<div dir=\"auto\">\n<div id='gallery-1' class='gallery galleryid-9449 gallery-columns-3 gallery-size-large'><figure class='gallery-item'>\n\t\t\t<div class='gallery-icon landscape'>\n\t\t\t\t<a href='https:\/\/diariodeloeste.com\/noticias\/2023\/11\/30\/avanza-la-obra-de-la-nueva-facultad-de-ciencias-tecnologia-innovacion-robotica-e-ingenieria\/unitec3\/'><img loading=\"lazy\" loading=\"lazy\" decoding=\"async\" width=\"1024\" height=\"771\" src=\"https:\/\/diariodeloeste.com\/noticias\/wp-content\/uploads\/2023\/11\/unitec3-1024x771.jpg\" class=\"attachment-large size-large\" alt=\"\" \/><\/a>\n\t\t\t<\/div><\/figure><figure class='gallery-item'>\n\t\t\t<div class='gallery-icon landscape'>\n\t\t\t\t<a href='https:\/\/diariodeloeste.com\/noticias\/2023\/11\/30\/avanza-la-obra-de-la-nueva-facultad-de-ciencias-tecnologia-innovacion-robotica-e-ingenieria\/unitec2\/'><img loading=\"lazy\" loading=\"lazy\" decoding=\"async\" width=\"1024\" height=\"771\" src=\"https:\/\/diariodeloeste.com\/noticias\/wp-content\/uploads\/2023\/11\/unitec2-1024x771.jpg\" class=\"attachment-large size-large\" alt=\"\" \/><\/a>\n\t\t\t<\/div><\/figure><figure class='gallery-item'>\n\t\t\t<div class='gallery-icon landscape'>\n\t\t\t\t<a href='https:\/\/diariodeloeste.com\/noticias\/2023\/11\/30\/avanza-la-obra-de-la-nueva-facultad-de-ciencias-tecnologia-innovacion-robotica-e-ingenieria\/unitec1\/'><img loading=\"lazy\" loading=\"lazy\" decoding=\"async\" width=\"1024\" height=\"771\" src=\"https:\/\/diariodeloeste.com\/noticias\/wp-content\/uploads\/2023\/11\/unitec1-1024x771.jpg\" class=\"attachment-large size-large\" alt=\"\" \/><\/a>\n\t\t\t<\/div><\/figure>\n\t\t<\/div>\n\n<\/div>\n<\/div>\n<div class=\"x11i5rnm xat24cr x1mh8g0r x1vvkbs xtlvy1s x126k92a\">\n<div dir=\"auto\"><span class=\"x3nfvp2 x1j61x8r x1fcty0u xdj266r xhhsvwb xat24cr xgzva0m xxymvpz xlup9mm x1kky2od\"><img loading=\"lazy\" loading=\"lazy\" decoding=\"async\" class=\"xz74otr\" src=\"https:\/\/static.xx.fbcdn.net\/images\/emoji.php\/v9\/t33\/1\/16\/2705.png\" alt=\"\u2705\" width=\"16\" height=\"16\"><\/span> La futura Facultad se ubica en la calle Marchena y Santa Mar\u00eda de <a class=\"x1i10hfl xjbqb8w x6umtig x1b1mbwd xaqea5y xav7gou x9f619 x1ypdohk xt0psk2 xe8uvvx xdj266r x11i5rnm xat24cr x1mh8g0r xexx8yu x4uap5 x18d9i69 xkhd6sd x16tdsg8 x1hl2dhg xggy1nq x1a2a7pz xt0b8zv x1qq9wsj xo1l8bm\" tabindex=\"0\" role=\"link\" href=\"https:\/\/www.facebook.com\/hashtag\/jos%C3%A9cpaz?__eep__=6&amp;__cft__[0]=AZXXboh9zReX2KsXJsHFGfHwuvB9N9UajzBotou8FtTAdO7SH80xAAxS-nXtt-gAUld4xIPsa48hS9orQitjdjCXdaid-i2Zhz4JRs2DtihOoKp8629gMU_cJbtvhU0lnGs-Pi__k4FQQEDTK9lDsh8b&amp;__tn__=*NK-R\">#Jos\u00e9CPaz<\/a> y se suma a la amplia red de Instituciones educativas que le brindan las mejores carreras del futuro a los vecinos pace\u00f1os<\/div>\n<\/div>\n<div class=\"x11i5rnm xat24cr x1mh8g0r x1vvkbs xtlvy1s x126k92a\">\n<div dir=\"auto\"><a class=\"x1i10hfl xjbqb8w x6umtig x1b1mbwd xaqea5y xav7gou x9f619 x1ypdohk xt0psk2 xe8uvvx xdj266r x11i5rnm xat24cr x1mh8g0r xexx8yu x4uap5 x18d9i69 xkhd6sd x16tdsg8 x1hl2dhg xggy1nq x1a2a7pz xt0b8zv x1qq9wsj xo1l8bm\" tabindex=\"0\" role=\"link\" href=\"https:\/\/www.facebook.com\/hashtag\/jcpcrece?__eep__=6&amp;__cft__[0]=AZXXboh9zReX2KsXJsHFGfHwuvB9N9UajzBotou8FtTAdO7SH80xAAxS-nXtt-gAUld4xIPsa48hS9orQitjdjCXdaid-i2Zhz4JRs2DtihOoKp8629gMU_cJbtvhU0lnGs-Pi__k4FQQEDTK9lDsh8b&amp;__tn__=*NK-R\">#JCPCrece<\/a><\/div>\n<div dir=\"auto\">Intendencia Mario Ishii<\/div>\n<\/div>\n<script>function PlayerjsAsync(){} if(window[\"Playerjs\"]){PlayerjsAsync();}<\/script>","protected":false},"excerpt":{"rendered":"<p>Te mostramos las fotos de los avances en la colocaci\u00f3n del techo alma llena de la futura Facultad de Ciencias, Tecnolog\u00eda, Innovaci\u00f3n, Rob\u00f3tica e Ingenier\u00eda de #Jos\u00e9CPaz. La misma es construida con empleados de la Constructora y recursos municipales, su finalizaci\u00f3n se prev\u00e9 para finales del corriente a\u00f1o. La futura Facultad se ubica en la [&hellip;]<\/p>\n","protected":false},"author":3,"featured_media":9450,"comment_status":"closed","ping_status":"closed","sticky":false,"template":"","format":"standard","meta":{"content-type":"","footnotes":""},"categories":[303,9],"tags":[],"class_list":{"0":"post-9449","1":"post","2":"type-post","3":"status-publish","4":"format-standard","5":"has-post-thumbnail","7":"category-jose-c-paz","8":"category-titulares"},"yoast_head":"<!-- This site is optimized with the Yoast SEO plugin v27.4 - https:\/\/yoast.com\/product\/yoast-seo-wordpress\/ -->\n<title>AVANZA LA OBRA DE LA NUEVA FACULTAD DE CIENCIAS, TECNOLOG\u00cdA, INNOVACI\u00d3N, ROB\u00d3TICA E INGENIER\u00cdA - Diario del Oeste<\/title>\n<meta name=\"robots\" content=\"index, follow, max-snippet:-1, max-image-preview:large, max-video-preview:-1\" \/>\n<link rel=\"canonical\" href=\"https:\/\/diariodeloeste.com\/noticias\/2023\/11\/30\/avanza-la-obra-de-la-nueva-facultad-de-ciencias-tecnologia-innovacion-robotica-e-ingenieria\/\" \/>\n<meta property=\"og:locale\" content=\"es_ES\" \/>\n<meta property=\"og:type\" content=\"article\" \/>\n<meta property=\"og:title\" content=\"AVANZA LA OBRA DE LA NUEVA FACULTAD DE CIENCIAS, TECNOLOG\u00cdA, INNOVACI\u00d3N, ROB\u00d3TICA E INGENIER\u00cdA - Diario del Oeste\" \/>\n<meta property=\"og:description\" content=\"Te mostramos las fotos de los avances en la colocaci\u00f3n del techo alma llena de la futura Facultad de Ciencias, Tecnolog\u00eda, Innovaci\u00f3n, Rob\u00f3tica e Ingenier\u00eda de #Jos\u00e9CPaz. La misma es construida con empleados de la Constructora y recursos municipales, su finalizaci\u00f3n se prev\u00e9 para finales del corriente a\u00f1o. La futura Facultad se ubica en la [&hellip;]\" \/>\n<meta property=\"og:url\" content=\"https:\/\/diariodeloeste.com\/noticias\/2023\/11\/30\/avanza-la-obra-de-la-nueva-facultad-de-ciencias-tecnologia-innovacion-robotica-e-ingenieria\/\" \/>\n<meta property=\"og:site_name\" content=\"Diario del Oeste\" \/>\n<meta property=\"article:published_time\" content=\"2023-11-30T21:45:13+00:00\" \/>\n<meta property=\"og:image\" content=\"https:\/\/diariodeloeste.com\/noticias\/wp-content\/uploads\/2023\/11\/unitec4.jpg\" \/>\n\t<meta property=\"og:image:width\" content=\"2048\" \/>\n\t<meta property=\"og:image:height\" content=\"1542\" \/>\n\t<meta property=\"og:image:type\" content=\"image\/jpeg\" \/>\n<meta name=\"author\" content=\"Redaccion\" \/>\n<meta name=\"twitter:card\" content=\"summary_large_image\" \/>\n<meta name=\"twitter:label1\" content=\"Escrito por\" \/>\n\t<meta name=\"twitter:data1\" content=\"Redaccion\" \/>\n\t<meta name=\"twitter:label2\" content=\"Tiempo de lectura\" \/>\n\t<meta name=\"twitter:data2\" content=\"1 minuto\" \/>\n<script type=\"application\/ld+json\" class=\"yoast-schema-graph\">{\"@context\":\"https:\\\/\\\/schema.org\",\"@graph\":[{\"@type\":\"Article\",\"@id\":\"https:\\\/\\\/diariodeloeste.com\\\/noticias\\\/2023\\\/11\\\/30\\\/avanza-la-obra-de-la-nueva-facultad-de-ciencias-tecnologia-innovacion-robotica-e-ingenieria\\\/#article\",\"isPartOf\":{\"@id\":\"https:\\\/\\\/diariodeloeste.com\\\/noticias\\\/2023\\\/11\\\/30\\\/avanza-la-obra-de-la-nueva-facultad-de-ciencias-tecnologia-innovacion-robotica-e-ingenieria\\\/\"},\"author\":{\"name\":\"Redaccion\",\"@id\":\"https:\\\/\\\/diariodeloeste.com\\\/noticias\\\/#\\\/schema\\\/person\\\/1f7be965f8c093432e1cbfcee0ac4047\"},\"headline\":\"AVANZA LA OBRA DE LA NUEVA FACULTAD DE CIENCIAS, TECNOLOG\u00cdA, INNOVACI\u00d3N, ROB\u00d3TICA E INGENIER\u00cdA\",\"datePublished\":\"2023-11-30T21:45:13+00:00\",\"mainEntityOfPage\":{\"@id\":\"https:\\\/\\\/diariodeloeste.com\\\/noticias\\\/2023\\\/11\\\/30\\\/avanza-la-obra-de-la-nueva-facultad-de-ciencias-tecnologia-innovacion-robotica-e-ingenieria\\\/\"},\"wordCount\":121,\"publisher\":{\"@id\":\"https:\\\/\\\/diariodeloeste.com\\\/noticias\\\/#organization\"},\"image\":{\"@id\":\"https:\\\/\\\/diariodeloeste.com\\\/noticias\\\/2023\\\/11\\\/30\\\/avanza-la-obra-de-la-nueva-facultad-de-ciencias-tecnologia-innovacion-robotica-e-ingenieria\\\/#primaryimage\"},\"thumbnailUrl\":\"https:\\\/\\\/diariodeloeste.com\\\/noticias\\\/wp-content\\\/uploads\\\/2023\\\/11\\\/unitec4.jpg\",\"articleSection\":[\"Jos\u00e9 C Paz\",\"Titulares\"],\"inLanguage\":\"es-AR\"},{\"@type\":\"WebPage\",\"@id\":\"https:\\\/\\\/diariodeloeste.com\\\/noticias\\\/2023\\\/11\\\/30\\\/avanza-la-obra-de-la-nueva-facultad-de-ciencias-tecnologia-innovacion-robotica-e-ingenieria\\\/\",\"url\":\"https:\\\/\\\/diariodeloeste.com\\\/noticias\\\/2023\\\/11\\\/30\\\/avanza-la-obra-de-la-nueva-facultad-de-ciencias-tecnologia-innovacion-robotica-e-ingenieria\\\/\",\"name\":\"AVANZA LA OBRA DE LA NUEVA FACULTAD DE CIENCIAS, TECNOLOG\u00cdA, INNOVACI\u00d3N, ROB\u00d3TICA E INGENIER\u00cdA - Diario del Oeste\",\"isPartOf\":{\"@id\":\"https:\\\/\\\/diariodeloeste.com\\\/noticias\\\/#website\"},\"primaryImageOfPage\":{\"@id\":\"https:\\\/\\\/diariodeloeste.com\\\/noticias\\\/2023\\\/11\\\/30\\\/avanza-la-obra-de-la-nueva-facultad-de-ciencias-tecnologia-innovacion-robotica-e-ingenieria\\\/#primaryimage\"},\"image\":{\"@id\":\"https:\\\/\\\/diariodeloeste.com\\\/noticias\\\/2023\\\/11\\\/30\\\/avanza-la-obra-de-la-nueva-facultad-de-ciencias-tecnologia-innovacion-robotica-e-ingenieria\\\/#primaryimage\"},\"thumbnailUrl\":\"https:\\\/\\\/diariodeloeste.com\\\/noticias\\\/wp-content\\\/uploads\\\/2023\\\/11\\\/unitec4.jpg\",\"datePublished\":\"2023-11-30T21:45:13+00:00\",\"breadcrumb\":{\"@id\":\"https:\\\/\\\/diariodeloeste.com\\\/noticias\\\/2023\\\/11\\\/30\\\/avanza-la-obra-de-la-nueva-facultad-de-ciencias-tecnologia-innovacion-robotica-e-ingenieria\\\/#breadcrumb\"},\"inLanguage\":\"es-AR\",\"potentialAction\":[{\"@type\":\"ReadAction\",\"target\":[\"https:\\\/\\\/diariodeloeste.com\\\/noticias\\\/2023\\\/11\\\/30\\\/avanza-la-obra-de-la-nueva-facultad-de-ciencias-tecnologia-innovacion-robotica-e-ingenieria\\\/\"]}]},{\"@type\":\"ImageObject\",\"inLanguage\":\"es-AR\",\"@id\":\"https:\\\/\\\/diariodeloeste.com\\\/noticias\\\/2023\\\/11\\\/30\\\/avanza-la-obra-de-la-nueva-facultad-de-ciencias-tecnologia-innovacion-robotica-e-ingenieria\\\/#primaryimage\",\"url\":\"https:\\\/\\\/diariodeloeste.com\\\/noticias\\\/wp-content\\\/uploads\\\/2023\\\/11\\\/unitec4.jpg\",\"contentUrl\":\"https:\\\/\\\/diariodeloeste.com\\\/noticias\\\/wp-content\\\/uploads\\\/2023\\\/11\\\/unitec4.jpg\",\"width\":2048,\"height\":1542},{\"@type\":\"BreadcrumbList\",\"@id\":\"https:\\\/\\\/diariodeloeste.com\\\/noticias\\\/2023\\\/11\\\/30\\\/avanza-la-obra-de-la-nueva-facultad-de-ciencias-tecnologia-innovacion-robotica-e-ingenieria\\\/#breadcrumb\",\"itemListElement\":[{\"@type\":\"ListItem\",\"position\":1,\"name\":\"Inicio\",\"item\":\"https:\\\/\\\/diariodeloeste.com\\\/noticias\\\/\"},{\"@type\":\"ListItem\",\"position\":2,\"name\":\"AVANZA LA OBRA DE LA NUEVA FACULTAD DE CIENCIAS, TECNOLOG\u00cdA, INNOVACI\u00d3N, ROB\u00d3TICA E INGENIER\u00cdA\"}]},{\"@type\":\"WebSite\",\"@id\":\"https:\\\/\\\/diariodeloeste.com\\\/noticias\\\/#website\",\"url\":\"https:\\\/\\\/diariodeloeste.com\\\/noticias\\\/\",\"name\":\"Diario del Oeste\",\"description\":\"Noticias del Oeste\",\"publisher\":{\"@id\":\"https:\\\/\\\/diariodeloeste.com\\\/noticias\\\/#organization\"},\"potentialAction\":[{\"@type\":\"SearchAction\",\"target\":{\"@type\":\"EntryPoint\",\"urlTemplate\":\"https:\\\/\\\/diariodeloeste.com\\\/noticias\\\/?s={search_term_string}\"},\"query-input\":{\"@type\":\"PropertyValueSpecification\",\"valueRequired\":true,\"valueName\":\"search_term_string\"}}],\"inLanguage\":\"es-AR\"},{\"@type\":\"Organization\",\"@id\":\"https:\\\/\\\/diariodeloeste.com\\\/noticias\\\/#organization\",\"name\":\"Diario del Oeste\",\"url\":\"https:\\\/\\\/diariodeloeste.com\\\/noticias\\\/\",\"logo\":{\"@type\":\"ImageObject\",\"inLanguage\":\"es-AR\",\"@id\":\"https:\\\/\\\/diariodeloeste.com\\\/noticias\\\/#\\\/schema\\\/logo\\\/image\\\/\",\"url\":\"https:\\\/\\\/diariodeloeste.com\\\/noticias\\\/wp-content\\\/uploads\\\/2019\\\/04\\\/logo.png\",\"contentUrl\":\"https:\\\/\\\/diariodeloeste.com\\\/noticias\\\/wp-content\\\/uploads\\\/2019\\\/04\\\/logo.png\",\"width\":306,\"height\":145,\"caption\":\"Diario del Oeste\"},\"image\":{\"@id\":\"https:\\\/\\\/diariodeloeste.com\\\/noticias\\\/#\\\/schema\\\/logo\\\/image\\\/\"}},{\"@type\":\"Person\",\"@id\":\"https:\\\/\\\/diariodeloeste.com\\\/noticias\\\/#\\\/schema\\\/person\\\/1f7be965f8c093432e1cbfcee0ac4047\",\"name\":\"Redaccion\",\"image\":{\"@type\":\"ImageObject\",\"inLanguage\":\"es-AR\",\"@id\":\"https:\\\/\\\/secure.gravatar.com\\\/avatar\\\/f9bc3a12e26b32d818d88f9a5b61de20b559752e499df507efa7ea3cea0550ef?s=96&d=mm&r=g\",\"url\":\"https:\\\/\\\/secure.gravatar.com\\\/avatar\\\/f9bc3a12e26b32d818d88f9a5b61de20b559752e499df507efa7ea3cea0550ef?s=96&d=mm&r=g\",\"contentUrl\":\"https:\\\/\\\/secure.gravatar.com\\\/avatar\\\/f9bc3a12e26b32d818d88f9a5b61de20b559752e499df507efa7ea3cea0550ef?s=96&d=mm&r=g\",\"caption\":\"Redaccion\"},\"url\":\"https:\\\/\\\/diariodeloeste.com\\\/noticias\\\/author\\\/redaccion\\\/\"}]}<\/script>\n<!-- \/ Yoast SEO plugin. -->","yoast_head_json":{"title":"AVANZA LA OBRA DE LA NUEVA FACULTAD DE CIENCIAS, TECNOLOG\u00cdA, INNOVACI\u00d3N, ROB\u00d3TICA E INGENIER\u00cdA - Diario del Oeste","robots":{"index":"index","follow":"follow","max-snippet":"max-snippet:-1","max-image-preview":"max-image-preview:large","max-video-preview":"max-video-preview:-1"},"canonical":"https:\/\/diariodeloeste.com\/noticias\/2023\/11\/30\/avanza-la-obra-de-la-nueva-facultad-de-ciencias-tecnologia-innovacion-robotica-e-ingenieria\/","og_locale":"es_ES","og_type":"article","og_title":"AVANZA LA OBRA DE LA NUEVA FACULTAD DE CIENCIAS, TECNOLOG\u00cdA, INNOVACI\u00d3N, ROB\u00d3TICA E INGENIER\u00cdA - Diario del Oeste","og_description":"Te mostramos las fotos de los avances en la colocaci\u00f3n del techo alma llena de la futura Facultad de Ciencias, Tecnolog\u00eda, Innovaci\u00f3n, Rob\u00f3tica e Ingenier\u00eda de #Jos\u00e9CPaz. La misma es construida con empleados de la Constructora y recursos municipales, su finalizaci\u00f3n se prev\u00e9 para finales del corriente a\u00f1o. La futura Facultad se ubica en la [&hellip;]","og_url":"https:\/\/diariodeloeste.com\/noticias\/2023\/11\/30\/avanza-la-obra-de-la-nueva-facultad-de-ciencias-tecnologia-innovacion-robotica-e-ingenieria\/","og_site_name":"Diario del Oeste","article_published_time":"2023-11-30T21:45:13+00:00","og_image":[{"width":2048,"height":1542,"url":"https:\/\/diariodeloeste.com\/noticias\/wp-content\/uploads\/2023\/11\/unitec4.jpg","type":"image\/jpeg"}],"author":"Redaccion","twitter_card":"summary_large_image","twitter_misc":{"Escrito por":"Redaccion","Tiempo de lectura":"1 minuto"},"schema":{"@context":"https:\/\/schema.org","@graph":[{"@type":"Article","@id":"https:\/\/diariodeloeste.com\/noticias\/2023\/11\/30\/avanza-la-obra-de-la-nueva-facultad-de-ciencias-tecnologia-innovacion-robotica-e-ingenieria\/#article","isPartOf":{"@id":"https:\/\/diariodeloeste.com\/noticias\/2023\/11\/30\/avanza-la-obra-de-la-nueva-facultad-de-ciencias-tecnologia-innovacion-robotica-e-ingenieria\/"},"author":{"name":"Redaccion","@id":"https:\/\/diariodeloeste.com\/noticias\/#\/schema\/person\/1f7be965f8c093432e1cbfcee0ac4047"},"headline":"AVANZA LA OBRA DE LA NUEVA FACULTAD DE CIENCIAS, TECNOLOG\u00cdA, INNOVACI\u00d3N, ROB\u00d3TICA E INGENIER\u00cdA","datePublished":"2023-11-30T21:45:13+00:00","mainEntityOfPage":{"@id":"https:\/\/diariodeloeste.com\/noticias\/2023\/11\/30\/avanza-la-obra-de-la-nueva-facultad-de-ciencias-tecnologia-innovacion-robotica-e-ingenieria\/"},"wordCount":121,"publisher":{"@id":"https:\/\/diariodeloeste.com\/noticias\/#organization"},"image":{"@id":"https:\/\/diariodeloeste.com\/noticias\/2023\/11\/30\/avanza-la-obra-de-la-nueva-facultad-de-ciencias-tecnologia-innovacion-robotica-e-ingenieria\/#primaryimage"},"thumbnailUrl":"https:\/\/diariodeloeste.com\/noticias\/wp-content\/uploads\/2023\/11\/unitec4.jpg","articleSection":["Jos\u00e9 C Paz","Titulares"],"inLanguage":"es-AR"},{"@type":"WebPage","@id":"https:\/\/diariodeloeste.com\/noticias\/2023\/11\/30\/avanza-la-obra-de-la-nueva-facultad-de-ciencias-tecnologia-innovacion-robotica-e-ingenieria\/","url":"https:\/\/diariodeloeste.com\/noticias\/2023\/11\/30\/avanza-la-obra-de-la-nueva-facultad-de-ciencias-tecnologia-innovacion-robotica-e-ingenieria\/","name":"AVANZA LA OBRA DE LA NUEVA FACULTAD DE CIENCIAS, TECNOLOG\u00cdA, INNOVACI\u00d3N, ROB\u00d3TICA E INGENIER\u00cdA - Diario del Oeste","isPartOf":{"@id":"https:\/\/diariodeloeste.com\/noticias\/#website"},"primaryImageOfPage":{"@id":"https:\/\/diariodeloeste.com\/noticias\/2023\/11\/30\/avanza-la-obra-de-la-nueva-facultad-de-ciencias-tecnologia-innovacion-robotica-e-ingenieria\/#primaryimage"},"image":{"@id":"https:\/\/diariodeloeste.com\/noticias\/2023\/11\/30\/avanza-la-obra-de-la-nueva-facultad-de-ciencias-tecnologia-innovacion-robotica-e-ingenieria\/#primaryimage"},"thumbnailUrl":"https:\/\/diariodeloeste.com\/noticias\/wp-content\/uploads\/2023\/11\/unitec4.jpg","datePublished":"2023-11-30T21:45:13+00:00","breadcrumb":{"@id":"https:\/\/diariodeloeste.com\/noticias\/2023\/11\/30\/avanza-la-obra-de-la-nueva-facultad-de-ciencias-tecnologia-innovacion-robotica-e-ingenieria\/#breadcrumb"},"inLanguage":"es-AR","potentialAction":[{"@type":"ReadAction","target":["https:\/\/diariodeloeste.com\/noticias\/2023\/11\/30\/avanza-la-obra-de-la-nueva-facultad-de-ciencias-tecnologia-innovacion-robotica-e-ingenieria\/"]}]},{"@type":"ImageObject","inLanguage":"es-AR","@id":"https:\/\/diariodeloeste.com\/noticias\/2023\/11\/30\/avanza-la-obra-de-la-nueva-facultad-de-ciencias-tecnologia-innovacion-robotica-e-ingenieria\/#primaryimage","url":"https:\/\/diariodeloeste.com\/noticias\/wp-content\/uploads\/2023\/11\/unitec4.jpg","contentUrl":"https:\/\/diariodeloeste.com\/noticias\/wp-content\/uploads\/2023\/11\/unitec4.jpg","width":2048,"height":1542},{"@type":"BreadcrumbList","@id":"https:\/\/diariodeloeste.com\/noticias\/2023\/11\/30\/avanza-la-obra-de-la-nueva-facultad-de-ciencias-tecnologia-innovacion-robotica-e-ingenieria\/#breadcrumb","itemListElement":[{"@type":"ListItem","position":1,"name":"Inicio","item":"https:\/\/diariodeloeste.com\/noticias\/"},{"@type":"ListItem","position":2,"name":"AVANZA LA OBRA DE LA NUEVA FACULTAD DE CIENCIAS, TECNOLOG\u00cdA, INNOVACI\u00d3N, ROB\u00d3TICA E INGENIER\u00cdA"}]},{"@type":"WebSite","@id":"https:\/\/diariodeloeste.com\/noticias\/#website","url":"https:\/\/diariodeloeste.com\/noticias\/","name":"Diario del Oeste","description":"Noticias del Oeste","publisher":{"@id":"https:\/\/diariodeloeste.com\/noticias\/#organization"},"potentialAction":[{"@type":"SearchAction","target":{"@type":"EntryPoint","urlTemplate":"https:\/\/diariodeloeste.com\/noticias\/?s={search_term_string}"},"query-input":{"@type":"PropertyValueSpecification","valueRequired":true,"valueName":"search_term_string"}}],"inLanguage":"es-AR"},{"@type":"Organization","@id":"https:\/\/diariodeloeste.com\/noticias\/#organization","name":"Diario del Oeste","url":"https:\/\/diariodeloeste.com\/noticias\/","logo":{"@type":"ImageObject","inLanguage":"es-AR","@id":"https:\/\/diariodeloeste.com\/noticias\/#\/schema\/logo\/image\/","url":"https:\/\/diariodeloeste.com\/noticias\/wp-content\/uploads\/2019\/04\/logo.png","contentUrl":"https:\/\/diariodeloeste.com\/noticias\/wp-content\/uploads\/2019\/04\/logo.png","width":306,"height":145,"caption":"Diario del Oeste"},"image":{"@id":"https:\/\/diariodeloeste.com\/noticias\/#\/schema\/logo\/image\/"}},{"@type":"Person","@id":"https:\/\/diariodeloeste.com\/noticias\/#\/schema\/person\/1f7be965f8c093432e1cbfcee0ac4047","name":"Redaccion","image":{"@type":"ImageObject","inLanguage":"es-AR","@id":"https:\/\/secure.gravatar.com\/avatar\/f9bc3a12e26b32d818d88f9a5b61de20b559752e499df507efa7ea3cea0550ef?s=96&d=mm&r=g","url":"https:\/\/secure.gravatar.com\/avatar\/f9bc3a12e26b32d818d88f9a5b61de20b559752e499df507efa7ea3cea0550ef?s=96&d=mm&r=g","contentUrl":"https:\/\/secure.gravatar.com\/avatar\/f9bc3a12e26b32d818d88f9a5b61de20b559752e499df507efa7ea3cea0550ef?s=96&d=mm&r=g","caption":"Redaccion"},"url":"https:\/\/diariodeloeste.com\/noticias\/author\/redaccion\/"}]}},"_links":{"self":[{"href":"https:\/\/diariodeloeste.com\/noticias\/wp-json\/wp\/v2\/posts\/9449","targetHints":{"allow":["GET"]}}],"collection":[{"href":"https:\/\/diariodeloeste.com\/noticias\/wp-json\/wp\/v2\/posts"}],"about":[{"href":"https:\/\/diariodeloeste.com\/noticias\/wp-json\/wp\/v2\/types\/post"}],"author":[{"embeddable":true,"href":"https:\/\/diariodeloeste.com\/noticias\/wp-json\/wp\/v2\/users\/3"}],"replies":[{"embeddable":true,"href":"https:\/\/diariodeloeste.com\/noticias\/wp-json\/wp\/v2\/comments?post=9449"}],"version-history":[{"count":1,"href":"https:\/\/diariodeloeste.com\/noticias\/wp-json\/wp\/v2\/posts\/9449\/revisions"}],"predecessor-version":[{"id":9454,"href":"https:\/\/diariodeloeste.com\/noticias\/wp-json\/wp\/v2\/posts\/9449\/revisions\/9454"}],"wp:featuredmedia":[{"embeddable":true,"href":"https:\/\/diariodeloeste.com\/noticias\/wp-json\/wp\/v2\/media\/9450"}],"wp:attachment":[{"href":"https:\/\/diariodeloeste.com\/noticias\/wp-json\/wp\/v2\/media?parent=9449"}],"wp:term":[{"taxonomy":"category","embeddable":true,"href":"https:\/\/diariodeloeste.com\/noticias\/wp-json\/wp\/v2\/categories?post=9449"},{"taxonomy":"post_tag","embeddable":true,"href":"https:\/\/diariodeloeste.com\/noticias\/wp-json\/wp\/v2\/tags?post=9449"}],"curies":[{"name":"wp","href":"https:\/\/api.w.org\/{rel}","templated":true}]}}