{"id":924,"date":"2017-09-27T23:10:11","date_gmt":"2017-09-27T23:10:11","guid":{"rendered":"https:\/\/diariodeloeste.com\/noticias\/?p=924"},"modified":"2017-09-27T23:10:11","modified_gmt":"2017-09-27T23:10:11","slug":"la-defensoria-ira-a-la-justicia-contra-el-posible-desembarco-de-farmacity-en-la-provincia","status":"publish","type":"post","link":"https:\/\/diariodeloeste.com\/noticias\/2017\/09\/27\/la-defensoria-ira-a-la-justicia-contra-el-posible-desembarco-de-farmacity-en-la-provincia\/","title":{"rendered":"La Defensor\u00eda ir\u00e1 a la Justicia contra el posible desembarco de Farmacity en la Provincia"},"content":{"rendered":"<p style=\"text-align: justify;\"><strong>El Defensor del Pueblo bonaerense, Guido Lorenzino, confirm\u00f3 que el organismo se presentar\u00e1 ante la Justicia para apoyar el reclamo del Colegio de Farmac\u00e9uticos debido al posible desembarco de Farmacity en la Provincia.<\/strong><\/p>\n<p style=\"text-align: justify;\">\u201cPriorizamos a la gente por sobre la rentabilidad, y nos apoyamos en las leyes que regulan el funcionamiento del sector, las cuales nacieron con el apoyo de todos los sectores pol\u00edticos y son el resultado de un profundo trabajo a conciencia sobre la importancia de las farmacias\u201d, sostuvo Lorenzino.<\/p>\n<p style=\"text-align: justify;\">Luego de un encuentro con la titular del Colegio de Farmac\u00e9uticos provincial, Mar\u00eda Isabel Reinoso, el Defensor del Pueblo expres\u00f3 que intervendr\u00e1 en la causa bajo la figura del amicus curiae, para apoyar el reclamo de esta entidad ante el eventual desembarco de la firma, instancia que se encuentra en debate en la Corte Suprema de la Naci\u00f3n.<\/p>\n<p style=\"text-align: justify;\">En ese sentido, Lorenzino precis\u00f3 que \u201clos medicamentos son bienes sociales, por lo que nos oponemos a que se adopten medidas que vayan en contra de esta idea. Se tienen que respetar las normas y que se priorice la salud por encima de todas las cosas\u201d.<\/p>\n<p style=\"text-align: justify;\">\u2014<\/p>\n<p style=\"text-align: justify;\">Defensor\u00eda del Pueblo de la provincia de Buenos Aires<\/p>\n<script>function PlayerjsAsync(){} if(window[\"Playerjs\"]){PlayerjsAsync();}<\/script>","protected":false},"excerpt":{"rendered":"<p>El Defensor del Pueblo bonaerense, Guido Lorenzino, confirm\u00f3 que el organismo se presentar\u00e1 ante la Justicia para apoyar el reclamo del Colegio de Farmac\u00e9uticos debido al posible desembarco de Farmacity en la Provincia. \u201cPriorizamos a la gente por sobre la rentabilidad, y nos apoyamos en las leyes que regulan el funcionamiento del sector, las cuales [&hellip;]<\/p>\n","protected":false},"author":3,"featured_media":925,"comment_status":"closed","ping_status":"closed","sticky":false,"template":"","format":"standard","meta":{"content-type":"","footnotes":""},"categories":[4,188,9],"tags":[],"class_list":{"0":"post-924","1":"post","2":"type-post","3":"status-publish","4":"format-standard","5":"has-post-thumbnail","7":"category-politica","8":"category-salud","9":"category-titulares"},"yoast_head":"<!-- This site is optimized with the Yoast SEO plugin v27.4 - https:\/\/yoast.com\/product\/yoast-seo-wordpress\/ -->\n<title>La Defensor\u00eda ir\u00e1 a la Justicia contra el posible desembarco de Farmacity en la Provincia - Diario del Oeste<\/title>\n<meta name=\"robots\" content=\"index, follow, max-snippet:-1, max-image-preview:large, max-video-preview:-1\" \/>\n<link rel=\"canonical\" href=\"https:\/\/diariodeloeste.com\/noticias\/2017\/09\/27\/la-defensoria-ira-a-la-justicia-contra-el-posible-desembarco-de-farmacity-en-la-provincia\/\" \/>\n<meta property=\"og:locale\" content=\"es_ES\" \/>\n<meta property=\"og:type\" content=\"article\" \/>\n<meta property=\"og:title\" content=\"La Defensor\u00eda ir\u00e1 a la Justicia contra el posible desembarco de Farmacity en la Provincia - Diario del Oeste\" \/>\n<meta property=\"og:description\" content=\"El Defensor del Pueblo bonaerense, Guido Lorenzino, confirm\u00f3 que el organismo se presentar\u00e1 ante la Justicia para apoyar el reclamo del Colegio de Farmac\u00e9uticos debido al posible desembarco de Farmacity en la Provincia. \u201cPriorizamos a la gente por sobre la rentabilidad, y nos apoyamos en las leyes que regulan el funcionamiento del sector, las cuales [&hellip;]\" \/>\n<meta property=\"og:url\" content=\"https:\/\/diariodeloeste.com\/noticias\/2017\/09\/27\/la-defensoria-ira-a-la-justicia-contra-el-posible-desembarco-de-farmacity-en-la-provincia\/\" \/>\n<meta property=\"og:site_name\" content=\"Diario del Oeste\" \/>\n<meta property=\"article:published_time\" content=\"2017-09-27T23:10:11+00:00\" \/>\n<meta property=\"og:image\" content=\"https:\/\/diariodeloeste.com\/noticias\/wp-content\/uploads\/2017\/09\/lorenzinofarmacity.jpg\" \/>\n\t<meta property=\"og:image:width\" content=\"800\" \/>\n\t<meta property=\"og:image:height\" content=\"445\" \/>\n\t<meta property=\"og:image:type\" content=\"image\/jpeg\" \/>\n<meta name=\"author\" content=\"Redaccion\" \/>\n<meta name=\"twitter:card\" content=\"summary_large_image\" \/>\n<meta name=\"twitter:label1\" content=\"Escrito por\" \/>\n\t<meta name=\"twitter:data1\" content=\"Redaccion\" \/>\n\t<meta name=\"twitter:label2\" content=\"Tiempo de lectura\" \/>\n\t<meta name=\"twitter:data2\" content=\"1 minuto\" \/>\n<script type=\"application\/ld+json\" class=\"yoast-schema-graph\">{\"@context\":\"https:\\\/\\\/schema.org\",\"@graph\":[{\"@type\":\"Article\",\"@id\":\"https:\\\/\\\/diariodeloeste.com\\\/noticias\\\/2017\\\/09\\\/27\\\/la-defensoria-ira-a-la-justicia-contra-el-posible-desembarco-de-farmacity-en-la-provincia\\\/#article\",\"isPartOf\":{\"@id\":\"https:\\\/\\\/diariodeloeste.com\\\/noticias\\\/2017\\\/09\\\/27\\\/la-defensoria-ira-a-la-justicia-contra-el-posible-desembarco-de-farmacity-en-la-provincia\\\/\"},\"author\":{\"name\":\"Redaccion\",\"@id\":\"https:\\\/\\\/diariodeloeste.com\\\/noticias\\\/#\\\/schema\\\/person\\\/1f7be965f8c093432e1cbfcee0ac4047\"},\"headline\":\"La Defensor\u00eda ir\u00e1 a la Justicia contra el posible desembarco de Farmacity en la Provincia\",\"datePublished\":\"2017-09-27T23:10:11+00:00\",\"mainEntityOfPage\":{\"@id\":\"https:\\\/\\\/diariodeloeste.com\\\/noticias\\\/2017\\\/09\\\/27\\\/la-defensoria-ira-a-la-justicia-contra-el-posible-desembarco-de-farmacity-en-la-provincia\\\/\"},\"wordCount\":217,\"publisher\":{\"@id\":\"https:\\\/\\\/diariodeloeste.com\\\/noticias\\\/#organization\"},\"image\":{\"@id\":\"https:\\\/\\\/diariodeloeste.com\\\/noticias\\\/2017\\\/09\\\/27\\\/la-defensoria-ira-a-la-justicia-contra-el-posible-desembarco-de-farmacity-en-la-provincia\\\/#primaryimage\"},\"thumbnailUrl\":\"https:\\\/\\\/diariodeloeste.com\\\/noticias\\\/wp-content\\\/uploads\\\/2017\\\/09\\\/lorenzinofarmacity.jpg\",\"articleSection\":[\"Pol\u00edtica\",\"Salud\",\"Titulares\"],\"inLanguage\":\"es-AR\"},{\"@type\":\"WebPage\",\"@id\":\"https:\\\/\\\/diariodeloeste.com\\\/noticias\\\/2017\\\/09\\\/27\\\/la-defensoria-ira-a-la-justicia-contra-el-posible-desembarco-de-farmacity-en-la-provincia\\\/\",\"url\":\"https:\\\/\\\/diariodeloeste.com\\\/noticias\\\/2017\\\/09\\\/27\\\/la-defensoria-ira-a-la-justicia-contra-el-posible-desembarco-de-farmacity-en-la-provincia\\\/\",\"name\":\"La Defensor\u00eda ir\u00e1 a la Justicia contra el posible desembarco de Farmacity en la Provincia - Diario del Oeste\",\"isPartOf\":{\"@id\":\"https:\\\/\\\/diariodeloeste.com\\\/noticias\\\/#website\"},\"primaryImageOfPage\":{\"@id\":\"https:\\\/\\\/diariodeloeste.com\\\/noticias\\\/2017\\\/09\\\/27\\\/la-defensoria-ira-a-la-justicia-contra-el-posible-desembarco-de-farmacity-en-la-provincia\\\/#primaryimage\"},\"image\":{\"@id\":\"https:\\\/\\\/diariodeloeste.com\\\/noticias\\\/2017\\\/09\\\/27\\\/la-defensoria-ira-a-la-justicia-contra-el-posible-desembarco-de-farmacity-en-la-provincia\\\/#primaryimage\"},\"thumbnailUrl\":\"https:\\\/\\\/diariodeloeste.com\\\/noticias\\\/wp-content\\\/uploads\\\/2017\\\/09\\\/lorenzinofarmacity.jpg\",\"datePublished\":\"2017-09-27T23:10:11+00:00\",\"breadcrumb\":{\"@id\":\"https:\\\/\\\/diariodeloeste.com\\\/noticias\\\/2017\\\/09\\\/27\\\/la-defensoria-ira-a-la-justicia-contra-el-posible-desembarco-de-farmacity-en-la-provincia\\\/#breadcrumb\"},\"inLanguage\":\"es-AR\",\"potentialAction\":[{\"@type\":\"ReadAction\",\"target\":[\"https:\\\/\\\/diariodeloeste.com\\\/noticias\\\/2017\\\/09\\\/27\\\/la-defensoria-ira-a-la-justicia-contra-el-posible-desembarco-de-farmacity-en-la-provincia\\\/\"]}]},{\"@type\":\"ImageObject\",\"inLanguage\":\"es-AR\",\"@id\":\"https:\\\/\\\/diariodeloeste.com\\\/noticias\\\/2017\\\/09\\\/27\\\/la-defensoria-ira-a-la-justicia-contra-el-posible-desembarco-de-farmacity-en-la-provincia\\\/#primaryimage\",\"url\":\"https:\\\/\\\/diariodeloeste.com\\\/noticias\\\/wp-content\\\/uploads\\\/2017\\\/09\\\/lorenzinofarmacity.jpg\",\"contentUrl\":\"https:\\\/\\\/diariodeloeste.com\\\/noticias\\\/wp-content\\\/uploads\\\/2017\\\/09\\\/lorenzinofarmacity.jpg\",\"width\":800,\"height\":445},{\"@type\":\"BreadcrumbList\",\"@id\":\"https:\\\/\\\/diariodeloeste.com\\\/noticias\\\/2017\\\/09\\\/27\\\/la-defensoria-ira-a-la-justicia-contra-el-posible-desembarco-de-farmacity-en-la-provincia\\\/#breadcrumb\",\"itemListElement\":[{\"@type\":\"ListItem\",\"position\":1,\"name\":\"Inicio\",\"item\":\"https:\\\/\\\/diariodeloeste.com\\\/noticias\\\/\"},{\"@type\":\"ListItem\",\"position\":2,\"name\":\"La Defensor\u00eda ir\u00e1 a la Justicia contra el posible desembarco de Farmacity en la Provincia\"}]},{\"@type\":\"WebSite\",\"@id\":\"https:\\\/\\\/diariodeloeste.com\\\/noticias\\\/#website\",\"url\":\"https:\\\/\\\/diariodeloeste.com\\\/noticias\\\/\",\"name\":\"Diario del Oeste\",\"description\":\"Noticias del Oeste\",\"publisher\":{\"@id\":\"https:\\\/\\\/diariodeloeste.com\\\/noticias\\\/#organization\"},\"potentialAction\":[{\"@type\":\"SearchAction\",\"target\":{\"@type\":\"EntryPoint\",\"urlTemplate\":\"https:\\\/\\\/diariodeloeste.com\\\/noticias\\\/?s={search_term_string}\"},\"query-input\":{\"@type\":\"PropertyValueSpecification\",\"valueRequired\":true,\"valueName\":\"search_term_string\"}}],\"inLanguage\":\"es-AR\"},{\"@type\":\"Organization\",\"@id\":\"https:\\\/\\\/diariodeloeste.com\\\/noticias\\\/#organization\",\"name\":\"Diario del Oeste\",\"url\":\"https:\\\/\\\/diariodeloeste.com\\\/noticias\\\/\",\"logo\":{\"@type\":\"ImageObject\",\"inLanguage\":\"es-AR\",\"@id\":\"https:\\\/\\\/diariodeloeste.com\\\/noticias\\\/#\\\/schema\\\/logo\\\/image\\\/\",\"url\":\"https:\\\/\\\/diariodeloeste.com\\\/noticias\\\/wp-content\\\/uploads\\\/2019\\\/04\\\/logo.png\",\"contentUrl\":\"https:\\\/\\\/diariodeloeste.com\\\/noticias\\\/wp-content\\\/uploads\\\/2019\\\/04\\\/logo.png\",\"width\":306,\"height\":145,\"caption\":\"Diario del Oeste\"},\"image\":{\"@id\":\"https:\\\/\\\/diariodeloeste.com\\\/noticias\\\/#\\\/schema\\\/logo\\\/image\\\/\"}},{\"@type\":\"Person\",\"@id\":\"https:\\\/\\\/diariodeloeste.com\\\/noticias\\\/#\\\/schema\\\/person\\\/1f7be965f8c093432e1cbfcee0ac4047\",\"name\":\"Redaccion\",\"image\":{\"@type\":\"ImageObject\",\"inLanguage\":\"es-AR\",\"@id\":\"https:\\\/\\\/secure.gravatar.com\\\/avatar\\\/f9bc3a12e26b32d818d88f9a5b61de20b559752e499df507efa7ea3cea0550ef?s=96&d=mm&r=g\",\"url\":\"https:\\\/\\\/secure.gravatar.com\\\/avatar\\\/f9bc3a12e26b32d818d88f9a5b61de20b559752e499df507efa7ea3cea0550ef?s=96&d=mm&r=g\",\"contentUrl\":\"https:\\\/\\\/secure.gravatar.com\\\/avatar\\\/f9bc3a12e26b32d818d88f9a5b61de20b559752e499df507efa7ea3cea0550ef?s=96&d=mm&r=g\",\"caption\":\"Redaccion\"},\"url\":\"https:\\\/\\\/diariodeloeste.com\\\/noticias\\\/author\\\/redaccion\\\/\"}]}<\/script>\n<!-- \/ Yoast SEO plugin. -->","yoast_head_json":{"title":"La Defensor\u00eda ir\u00e1 a la Justicia contra el posible desembarco de Farmacity en la Provincia - Diario del Oeste","robots":{"index":"index","follow":"follow","max-snippet":"max-snippet:-1","max-image-preview":"max-image-preview:large","max-video-preview":"max-video-preview:-1"},"canonical":"https:\/\/diariodeloeste.com\/noticias\/2017\/09\/27\/la-defensoria-ira-a-la-justicia-contra-el-posible-desembarco-de-farmacity-en-la-provincia\/","og_locale":"es_ES","og_type":"article","og_title":"La Defensor\u00eda ir\u00e1 a la Justicia contra el posible desembarco de Farmacity en la Provincia - Diario del Oeste","og_description":"El Defensor del Pueblo bonaerense, Guido Lorenzino, confirm\u00f3 que el organismo se presentar\u00e1 ante la Justicia para apoyar el reclamo del Colegio de Farmac\u00e9uticos debido al posible desembarco de Farmacity en la Provincia. \u201cPriorizamos a la gente por sobre la rentabilidad, y nos apoyamos en las leyes que regulan el funcionamiento del sector, las cuales [&hellip;]","og_url":"https:\/\/diariodeloeste.com\/noticias\/2017\/09\/27\/la-defensoria-ira-a-la-justicia-contra-el-posible-desembarco-de-farmacity-en-la-provincia\/","og_site_name":"Diario del Oeste","article_published_time":"2017-09-27T23:10:11+00:00","og_image":[{"width":800,"height":445,"url":"https:\/\/diariodeloeste.com\/noticias\/wp-content\/uploads\/2017\/09\/lorenzinofarmacity.jpg","type":"image\/jpeg"}],"author":"Redaccion","twitter_card":"summary_large_image","twitter_misc":{"Escrito por":"Redaccion","Tiempo de lectura":"1 minuto"},"schema":{"@context":"https:\/\/schema.org","@graph":[{"@type":"Article","@id":"https:\/\/diariodeloeste.com\/noticias\/2017\/09\/27\/la-defensoria-ira-a-la-justicia-contra-el-posible-desembarco-de-farmacity-en-la-provincia\/#article","isPartOf":{"@id":"https:\/\/diariodeloeste.com\/noticias\/2017\/09\/27\/la-defensoria-ira-a-la-justicia-contra-el-posible-desembarco-de-farmacity-en-la-provincia\/"},"author":{"name":"Redaccion","@id":"https:\/\/diariodeloeste.com\/noticias\/#\/schema\/person\/1f7be965f8c093432e1cbfcee0ac4047"},"headline":"La Defensor\u00eda ir\u00e1 a la Justicia contra el posible desembarco de Farmacity en la Provincia","datePublished":"2017-09-27T23:10:11+00:00","mainEntityOfPage":{"@id":"https:\/\/diariodeloeste.com\/noticias\/2017\/09\/27\/la-defensoria-ira-a-la-justicia-contra-el-posible-desembarco-de-farmacity-en-la-provincia\/"},"wordCount":217,"publisher":{"@id":"https:\/\/diariodeloeste.com\/noticias\/#organization"},"image":{"@id":"https:\/\/diariodeloeste.com\/noticias\/2017\/09\/27\/la-defensoria-ira-a-la-justicia-contra-el-posible-desembarco-de-farmacity-en-la-provincia\/#primaryimage"},"thumbnailUrl":"https:\/\/diariodeloeste.com\/noticias\/wp-content\/uploads\/2017\/09\/lorenzinofarmacity.jpg","articleSection":["Pol\u00edtica","Salud","Titulares"],"inLanguage":"es-AR"},{"@type":"WebPage","@id":"https:\/\/diariodeloeste.com\/noticias\/2017\/09\/27\/la-defensoria-ira-a-la-justicia-contra-el-posible-desembarco-de-farmacity-en-la-provincia\/","url":"https:\/\/diariodeloeste.com\/noticias\/2017\/09\/27\/la-defensoria-ira-a-la-justicia-contra-el-posible-desembarco-de-farmacity-en-la-provincia\/","name":"La Defensor\u00eda ir\u00e1 a la Justicia contra el posible desembarco de Farmacity en la Provincia - Diario del Oeste","isPartOf":{"@id":"https:\/\/diariodeloeste.com\/noticias\/#website"},"primaryImageOfPage":{"@id":"https:\/\/diariodeloeste.com\/noticias\/2017\/09\/27\/la-defensoria-ira-a-la-justicia-contra-el-posible-desembarco-de-farmacity-en-la-provincia\/#primaryimage"},"image":{"@id":"https:\/\/diariodeloeste.com\/noticias\/2017\/09\/27\/la-defensoria-ira-a-la-justicia-contra-el-posible-desembarco-de-farmacity-en-la-provincia\/#primaryimage"},"thumbnailUrl":"https:\/\/diariodeloeste.com\/noticias\/wp-content\/uploads\/2017\/09\/lorenzinofarmacity.jpg","datePublished":"2017-09-27T23:10:11+00:00","breadcrumb":{"@id":"https:\/\/diariodeloeste.com\/noticias\/2017\/09\/27\/la-defensoria-ira-a-la-justicia-contra-el-posible-desembarco-de-farmacity-en-la-provincia\/#breadcrumb"},"inLanguage":"es-AR","potentialAction":[{"@type":"ReadAction","target":["https:\/\/diariodeloeste.com\/noticias\/2017\/09\/27\/la-defensoria-ira-a-la-justicia-contra-el-posible-desembarco-de-farmacity-en-la-provincia\/"]}]},{"@type":"ImageObject","inLanguage":"es-AR","@id":"https:\/\/diariodeloeste.com\/noticias\/2017\/09\/27\/la-defensoria-ira-a-la-justicia-contra-el-posible-desembarco-de-farmacity-en-la-provincia\/#primaryimage","url":"https:\/\/diariodeloeste.com\/noticias\/wp-content\/uploads\/2017\/09\/lorenzinofarmacity.jpg","contentUrl":"https:\/\/diariodeloeste.com\/noticias\/wp-content\/uploads\/2017\/09\/lorenzinofarmacity.jpg","width":800,"height":445},{"@type":"BreadcrumbList","@id":"https:\/\/diariodeloeste.com\/noticias\/2017\/09\/27\/la-defensoria-ira-a-la-justicia-contra-el-posible-desembarco-de-farmacity-en-la-provincia\/#breadcrumb","itemListElement":[{"@type":"ListItem","position":1,"name":"Inicio","item":"https:\/\/diariodeloeste.com\/noticias\/"},{"@type":"ListItem","position":2,"name":"La Defensor\u00eda ir\u00e1 a la Justicia contra el posible desembarco de Farmacity en la Provincia"}]},{"@type":"WebSite","@id":"https:\/\/diariodeloeste.com\/noticias\/#website","url":"https:\/\/diariodeloeste.com\/noticias\/","name":"Diario del Oeste","description":"Noticias del Oeste","publisher":{"@id":"https:\/\/diariodeloeste.com\/noticias\/#organization"},"potentialAction":[{"@type":"SearchAction","target":{"@type":"EntryPoint","urlTemplate":"https:\/\/diariodeloeste.com\/noticias\/?s={search_term_string}"},"query-input":{"@type":"PropertyValueSpecification","valueRequired":true,"valueName":"search_term_string"}}],"inLanguage":"es-AR"},{"@type":"Organization","@id":"https:\/\/diariodeloeste.com\/noticias\/#organization","name":"Diario del Oeste","url":"https:\/\/diariodeloeste.com\/noticias\/","logo":{"@type":"ImageObject","inLanguage":"es-AR","@id":"https:\/\/diariodeloeste.com\/noticias\/#\/schema\/logo\/image\/","url":"https:\/\/diariodeloeste.com\/noticias\/wp-content\/uploads\/2019\/04\/logo.png","contentUrl":"https:\/\/diariodeloeste.com\/noticias\/wp-content\/uploads\/2019\/04\/logo.png","width":306,"height":145,"caption":"Diario del Oeste"},"image":{"@id":"https:\/\/diariodeloeste.com\/noticias\/#\/schema\/logo\/image\/"}},{"@type":"Person","@id":"https:\/\/diariodeloeste.com\/noticias\/#\/schema\/person\/1f7be965f8c093432e1cbfcee0ac4047","name":"Redaccion","image":{"@type":"ImageObject","inLanguage":"es-AR","@id":"https:\/\/secure.gravatar.com\/avatar\/f9bc3a12e26b32d818d88f9a5b61de20b559752e499df507efa7ea3cea0550ef?s=96&d=mm&r=g","url":"https:\/\/secure.gravatar.com\/avatar\/f9bc3a12e26b32d818d88f9a5b61de20b559752e499df507efa7ea3cea0550ef?s=96&d=mm&r=g","contentUrl":"https:\/\/secure.gravatar.com\/avatar\/f9bc3a12e26b32d818d88f9a5b61de20b559752e499df507efa7ea3cea0550ef?s=96&d=mm&r=g","caption":"Redaccion"},"url":"https:\/\/diariodeloeste.com\/noticias\/author\/redaccion\/"}]}},"_links":{"self":[{"href":"https:\/\/diariodeloeste.com\/noticias\/wp-json\/wp\/v2\/posts\/924","targetHints":{"allow":["GET"]}}],"collection":[{"href":"https:\/\/diariodeloeste.com\/noticias\/wp-json\/wp\/v2\/posts"}],"about":[{"href":"https:\/\/diariodeloeste.com\/noticias\/wp-json\/wp\/v2\/types\/post"}],"author":[{"embeddable":true,"href":"https:\/\/diariodeloeste.com\/noticias\/wp-json\/wp\/v2\/users\/3"}],"replies":[{"embeddable":true,"href":"https:\/\/diariodeloeste.com\/noticias\/wp-json\/wp\/v2\/comments?post=924"}],"version-history":[{"count":1,"href":"https:\/\/diariodeloeste.com\/noticias\/wp-json\/wp\/v2\/posts\/924\/revisions"}],"predecessor-version":[{"id":926,"href":"https:\/\/diariodeloeste.com\/noticias\/wp-json\/wp\/v2\/posts\/924\/revisions\/926"}],"wp:featuredmedia":[{"embeddable":true,"href":"https:\/\/diariodeloeste.com\/noticias\/wp-json\/wp\/v2\/media\/925"}],"wp:attachment":[{"href":"https:\/\/diariodeloeste.com\/noticias\/wp-json\/wp\/v2\/media?parent=924"}],"wp:term":[{"taxonomy":"category","embeddable":true,"href":"https:\/\/diariodeloeste.com\/noticias\/wp-json\/wp\/v2\/categories?post=924"},{"taxonomy":"post_tag","embeddable":true,"href":"https:\/\/diariodeloeste.com\/noticias\/wp-json\/wp\/v2\/tags?post=924"}],"curies":[{"name":"wp","href":"https:\/\/api.w.org\/{rel}","templated":true}]}}