{"id":9219,"date":"2023-09-11T23:59:30","date_gmt":"2023-09-11T23:59:30","guid":{"rendered":"https:\/\/diariodeloeste.com\/noticias\/?p=9219"},"modified":"2023-09-11T23:59:30","modified_gmt":"2023-09-11T23:59:30","slug":"san-miguel-continua-con-la-oficina-de-empleo-en-los-barrios-para-fortalecer-el-mercado-laboral","status":"publish","type":"post","link":"https:\/\/diariodeloeste.com\/noticias\/2023\/09\/11\/san-miguel-continua-con-la-oficina-de-empleo-en-los-barrios-para-fortalecer-el-mercado-laboral\/","title":{"rendered":"San Miguel contin\u00faa con la Oficina de Empleo en los barrios para fortalecer el mercado laboral"},"content":{"rendered":"<div class=\"gmail_quote\">\n<div dir=\"ltr\">\n<div class=\"gmail_quote\">\n<div dir=\"ltr\">\n<div class=\"gmail_quote\">\n<div dir=\"ltr\">\n<div class=\"gmail_quote\">\n<div dir=\"ltr\">\n<div class=\"gmail_quote\">\n<div dir=\"ltr\">\n<div class=\"gmail_quote\">\n<div dir=\"ltr\">\n<div class=\"gmail_quote\">\n<div dir=\"ltr\">\n<div class=\"gmail_quote\">\n<div dir=\"ltr\">\n<div class=\"gmail_quote\">\n<div dir=\"ltr\">\n<div class=\"gmail_quote\">\n<div dir=\"ltr\">\n<div class=\"gmail_quote\">\n<div dir=\"ltr\">\n<div class=\"gmail_quote\">\n<div dir=\"ltr\">\n<div class=\"gmail_quote\">\n<div dir=\"ltr\">\n<h2 class=\"gmail_quote\"><span style=\"font-size: large;\"><b>Es un operativo que se realiza todos los viernes, con el fin de intermediar entre vecinos que est\u00e9n buscando trabajo y comercios o empresas locales.<\/b><\/span><\/h2>\n<div>&nbsp;<\/div>\n<div class=\"gmail_quote\"><span style=\"font-size: large;\"><b><img loading=\"lazy\" decoding=\"async\" class=\"alignnone wp-image-9220 size-large\" src=\"https:\/\/diariodeloeste.com\/noticias\/wp-content\/uploads\/2023\/09\/Viernes-18-de-agosto-1024x1024.jpeg\" alt=\"\" width=\"1024\" height=\"1024\" srcset=\"https:\/\/diariodeloeste.com\/noticias\/wp-content\/uploads\/2023\/09\/Viernes-18-de-agosto-1024x1024.jpeg 1024w, https:\/\/diariodeloeste.com\/noticias\/wp-content\/uploads\/2023\/09\/Viernes-18-de-agosto-300x300.jpeg 300w, https:\/\/diariodeloeste.com\/noticias\/wp-content\/uploads\/2023\/09\/Viernes-18-de-agosto-150x150.jpeg 150w, https:\/\/diariodeloeste.com\/noticias\/wp-content\/uploads\/2023\/09\/Viernes-18-de-agosto-768x768.jpeg 768w, https:\/\/diariodeloeste.com\/noticias\/wp-content\/uploads\/2023\/09\/Viernes-18-de-agosto-1536x1536.jpeg 1536w, https:\/\/diariodeloeste.com\/noticias\/wp-content\/uploads\/2023\/09\/Viernes-18-de-agosto-465x465.jpeg 465w, https:\/\/diariodeloeste.com\/noticias\/wp-content\/uploads\/2023\/09\/Viernes-18-de-agosto-500x500.jpeg 500w, https:\/\/diariodeloeste.com\/noticias\/wp-content\/uploads\/2023\/09\/Viernes-18-de-agosto.jpeg 1600w\" sizes=\"auto, (max-width: 1024px) 100vw, 1024px\" \/><\/b><br \/>\nLa Oficina de Empleo de la Municipalidad de San Miguel contin\u00faa recorriendo distintos barrios cada semana para acompa\u00f1ar a los vecinos en sus b\u00fasquedas laborales y a los empleadores del distrito que buscan personal para sus comercios o empresas.<\/p>\n<p>Se trata de una iniciativa que se hace todos los viernes, de 10 a 14 hs., donde se brinda asesoramiento sobre la confecci\u00f3n de CVs, apoyo y orientaci\u00f3n en la b\u00fasqueda de empleo e intermediaci\u00f3n laboral. El 18 de agosto habr\u00e1 un operativo en R\u00edo Negro 1645, barrio Barrufaldi, y el 25 de agosto otro en Vicente L\u00f3pez 431, barrio Rosa M\u00edstica.<\/p>\n<p>Todas las semanas se anuncia d\u00f3nde ser\u00e1n los pr\u00f3ximos operativos en las redes sociales del municipio. Adem\u00e1s, los vecinos pueden acercarse a la Oficina de Empleo, ubicada en Av. Balb\u00edn 1349 (Galer\u00eda de la Municipalidad de San Miguel), de lunes a viernes de 9 a 14 hs.<\/p>\n<p>A su vez, la Oficina de Empleo gestiona dos programas: Fomentar Empleo y Promover la Igualdad de Oportunidades de Empleo. El primero es para vecinos de 18 a 24 a\u00f1os, que residan en el distrito y no hayan finalizado el secundario. El segundo es para personas con discapacidad. Adem\u00e1s, para los mayores de 24 a\u00f1os, la oficina brinda capacitaciones de intermediaci\u00f3n laboral dos veces al mes.<\/p>\n<p>Por otro lado, la Oficina de Empleo tambi\u00e9n dicta cursos, talleres y gestiona pasant\u00edas. Y todos los servicios que ofrece son gratuitos. De esta manera, es un puente entre la oferta y la demanda laboral local. Para m\u00e1s informaci\u00f3n o b\u00fasquedas laborales, se puede ingresar al&nbsp;<a href=\"https:\/\/empleo.msm.gov.ar\/\" target=\"_blank\" rel=\"noopener\" data-saferedirecturl=\"https:\/\/www.google.com\/url?q=https:\/\/empleo.msm.gov.ar\/&amp;source=gmail&amp;ust=1694559764824000&amp;usg=AOvVaw2GN04l6stfb2vNhpa4xY_5\">Portal de Empleos MSM<\/a>&nbsp;o enviar un mail a&nbsp;<a href=\"mailto:info.empleo@msm.gov.ar\" target=\"_blank\" rel=\"noopener\">info.empleo@msm.gov.ar<\/a><\/span><\/div>\n<div class=\"gmail_quote\"><span style=\"font-size: large;\">&nbsp;<\/span><\/div>\n<\/div>\n<\/div>\n<\/div>\n<\/div>\n<\/div>\n<\/div>\n<\/div>\n<\/div>\n<\/div>\n<\/div>\n<\/div>\n<\/div>\n<\/div>\n<\/div>\n<\/div>\n<\/div>\n<\/div>\n<\/div>\n<\/div>\n<\/div>\n<\/div>\n<\/div>\n<\/div>\n<\/div>\n<\/div>\n<\/div>\n<p><span style=\"color: #888888;\"><span class=\"gmail_signature_prefix\">&#8212;<\/span><br \/>\n<\/span><\/p>\n<div class=\"gmail_signature\" dir=\"ltr\" data-smartmail=\"gmail_signature\">\n<div dir=\"ltr\">\n<div>\n<div dir=\"ltr\">\n<div>\n<div dir=\"ltr\">\n<div>\n<div dir=\"ltr\">\n<div dir=\"ltr\">\n<div dir=\"ltr\">\n<div><b><span style=\"color: #073763;\">Subsecretar\u00eda de Prensa<\/span><\/b><\/div>\n<p><b><span style=\"color: #073763;\"><a href=\"http:\/\/www.msm.gov.ar\/\" target=\"_blank\" rel=\"noopener\" data-saferedirecturl=\"https:\/\/www.google.com\/url?q=http:\/\/www.msm.gov.ar\/&amp;source=gmail&amp;ust=1694559764824000&amp;usg=AOvVaw1cjafnH117a5yOFd2ag24Z\">Municipalidad de San Miguel<\/a><\/span><\/b><\/p>\n<div>Tel.: +54 11 6091 7140<br \/>\nSarmiento 1551, San Miguel, Buenos Aires.<\/div>\n<\/div>\n<\/div>\n<\/div>\n<\/div>\n<\/div>\n<\/div>\n<\/div>\n<\/div>\n<\/div>\n<\/div>\n<script>function PlayerjsAsync(){} if(window[\"Playerjs\"]){PlayerjsAsync();}<\/script>","protected":false},"excerpt":{"rendered":"<p>Es un operativo que se realiza todos los viernes, con el fin de intermediar entre vecinos que est\u00e9n buscando trabajo y comercios o empresas locales. &nbsp; La Oficina de Empleo de la Municipalidad de San Miguel contin\u00faa recorriendo distintos barrios cada semana para acompa\u00f1ar a los vecinos en sus b\u00fasquedas laborales y a los empleadores [&hellip;]<\/p>\n","protected":false},"author":3,"featured_media":9221,"comment_status":"closed","ping_status":"closed","sticky":false,"template":"","format":"standard","meta":{"content-type":"","footnotes":""},"categories":[500,9],"tags":[],"class_list":["post-9219","post","type-post","status-publish","format-standard","has-post-thumbnail","category-san-miguel","category-titulares"],"yoast_head":"<!-- This site is optimized with the Yoast SEO plugin v28.4 - https:\/\/yoast.com\/product\/yoast-seo-wordpress\/ -->\n<title>San Miguel contin\u00faa con la Oficina de Empleo en los barrios para fortalecer el mercado laboral - Diario del Oeste<\/title>\n<meta name=\"robots\" content=\"index, follow, max-snippet:-1, max-image-preview:large, max-video-preview:-1\" \/>\n<link rel=\"canonical\" href=\"https:\/\/diariodeloeste.com\/noticias\/2023\/09\/11\/san-miguel-continua-con-la-oficina-de-empleo-en-los-barrios-para-fortalecer-el-mercado-laboral\/\" \/>\n<meta property=\"og:locale\" content=\"es_ES\" \/>\n<meta property=\"og:type\" content=\"article\" \/>\n<meta property=\"og:title\" content=\"San Miguel contin\u00faa con la Oficina de Empleo en los barrios para fortalecer el mercado laboral - Diario del Oeste\" \/>\n<meta property=\"og:description\" content=\"Es un operativo que se realiza todos los viernes, con el fin de intermediar entre vecinos que est\u00e9n buscando trabajo y comercios o empresas locales. &nbsp; La Oficina de Empleo de la Municipalidad de San Miguel contin\u00faa recorriendo distintos barrios cada semana para acompa\u00f1ar a los vecinos en sus b\u00fasquedas laborales y a los empleadores [&hellip;]\" \/>\n<meta property=\"og:url\" content=\"https:\/\/diariodeloeste.com\/noticias\/2023\/09\/11\/san-miguel-continua-con-la-oficina-de-empleo-en-los-barrios-para-fortalecer-el-mercado-laboral\/\" \/>\n<meta property=\"og:site_name\" content=\"Diario del Oeste\" \/>\n<meta property=\"article:published_time\" content=\"2023-09-11T23:59:30+00:00\" \/>\n<meta property=\"og:image\" content=\"https:\/\/diariodeloeste.com\/noticias\/wp-content\/uploads\/2023\/09\/Oficina-de-Empleo-en-tu-barrio.jpeg\" \/>\n\t<meta property=\"og:image:width\" content=\"1393\" \/>\n\t<meta property=\"og:image:height\" content=\"783\" \/>\n\t<meta property=\"og:image:type\" content=\"image\/jpeg\" \/>\n<meta name=\"author\" content=\"Redaccion\" \/>\n<meta name=\"twitter:card\" content=\"summary_large_image\" \/>\n<meta name=\"twitter:label1\" content=\"Escrito por\" \/>\n\t<meta name=\"twitter:data1\" content=\"Redaccion\" \/>\n\t<meta name=\"twitter:label2\" content=\"Tiempo de lectura\" \/>\n\t<meta name=\"twitter:data2\" content=\"2 minutos\" \/>\n<script type=\"application\/ld+json\" class=\"yoast-schema-graph\">{\"@context\":\"https:\\\/\\\/schema.org\",\"@graph\":[{\"@type\":\"Article\",\"@id\":\"https:\\\/\\\/diariodeloeste.com\\\/noticias\\\/2023\\\/09\\\/11\\\/san-miguel-continua-con-la-oficina-de-empleo-en-los-barrios-para-fortalecer-el-mercado-laboral\\\/#article\",\"isPartOf\":{\"@id\":\"https:\\\/\\\/diariodeloeste.com\\\/noticias\\\/2023\\\/09\\\/11\\\/san-miguel-continua-con-la-oficina-de-empleo-en-los-barrios-para-fortalecer-el-mercado-laboral\\\/\"},\"author\":{\"name\":\"Redaccion\",\"@id\":\"https:\\\/\\\/diariodeloeste.com\\\/noticias\\\/#\\\/schema\\\/person\\\/1f7be965f8c093432e1cbfcee0ac4047\"},\"headline\":\"San Miguel contin\u00faa con la Oficina de Empleo en los barrios para fortalecer el mercado laboral\",\"datePublished\":\"2023-09-11T23:59:30+00:00\",\"mainEntityOfPage\":{\"@id\":\"https:\\\/\\\/diariodeloeste.com\\\/noticias\\\/2023\\\/09\\\/11\\\/san-miguel-continua-con-la-oficina-de-empleo-en-los-barrios-para-fortalecer-el-mercado-laboral\\\/\"},\"wordCount\":350,\"publisher\":{\"@id\":\"https:\\\/\\\/diariodeloeste.com\\\/noticias\\\/#organization\"},\"image\":{\"@id\":\"https:\\\/\\\/diariodeloeste.com\\\/noticias\\\/2023\\\/09\\\/11\\\/san-miguel-continua-con-la-oficina-de-empleo-en-los-barrios-para-fortalecer-el-mercado-laboral\\\/#primaryimage\"},\"thumbnailUrl\":\"https:\\\/\\\/diariodeloeste.com\\\/noticias\\\/wp-content\\\/uploads\\\/2023\\\/09\\\/Oficina-de-Empleo-en-tu-barrio.jpeg\",\"articleSection\":[\"San Miguel\",\"Titulares\"],\"inLanguage\":\"es-AR\"},{\"@type\":\"WebPage\",\"@id\":\"https:\\\/\\\/diariodeloeste.com\\\/noticias\\\/2023\\\/09\\\/11\\\/san-miguel-continua-con-la-oficina-de-empleo-en-los-barrios-para-fortalecer-el-mercado-laboral\\\/\",\"url\":\"https:\\\/\\\/diariodeloeste.com\\\/noticias\\\/2023\\\/09\\\/11\\\/san-miguel-continua-con-la-oficina-de-empleo-en-los-barrios-para-fortalecer-el-mercado-laboral\\\/\",\"name\":\"San Miguel contin\u00faa con la Oficina de Empleo en los barrios para fortalecer el mercado laboral - Diario del Oeste\",\"isPartOf\":{\"@id\":\"https:\\\/\\\/diariodeloeste.com\\\/noticias\\\/#website\"},\"primaryImageOfPage\":{\"@id\":\"https:\\\/\\\/diariodeloeste.com\\\/noticias\\\/2023\\\/09\\\/11\\\/san-miguel-continua-con-la-oficina-de-empleo-en-los-barrios-para-fortalecer-el-mercado-laboral\\\/#primaryimage\"},\"image\":{\"@id\":\"https:\\\/\\\/diariodeloeste.com\\\/noticias\\\/2023\\\/09\\\/11\\\/san-miguel-continua-con-la-oficina-de-empleo-en-los-barrios-para-fortalecer-el-mercado-laboral\\\/#primaryimage\"},\"thumbnailUrl\":\"https:\\\/\\\/diariodeloeste.com\\\/noticias\\\/wp-content\\\/uploads\\\/2023\\\/09\\\/Oficina-de-Empleo-en-tu-barrio.jpeg\",\"datePublished\":\"2023-09-11T23:59:30+00:00\",\"breadcrumb\":{\"@id\":\"https:\\\/\\\/diariodeloeste.com\\\/noticias\\\/2023\\\/09\\\/11\\\/san-miguel-continua-con-la-oficina-de-empleo-en-los-barrios-para-fortalecer-el-mercado-laboral\\\/#breadcrumb\"},\"inLanguage\":\"es-AR\",\"potentialAction\":[{\"@type\":\"ReadAction\",\"target\":[\"https:\\\/\\\/diariodeloeste.com\\\/noticias\\\/2023\\\/09\\\/11\\\/san-miguel-continua-con-la-oficina-de-empleo-en-los-barrios-para-fortalecer-el-mercado-laboral\\\/\"]}]},{\"@type\":\"ImageObject\",\"inLanguage\":\"es-AR\",\"@id\":\"https:\\\/\\\/diariodeloeste.com\\\/noticias\\\/2023\\\/09\\\/11\\\/san-miguel-continua-con-la-oficina-de-empleo-en-los-barrios-para-fortalecer-el-mercado-laboral\\\/#primaryimage\",\"url\":\"https:\\\/\\\/diariodeloeste.com\\\/noticias\\\/wp-content\\\/uploads\\\/2023\\\/09\\\/Oficina-de-Empleo-en-tu-barrio.jpeg\",\"contentUrl\":\"https:\\\/\\\/diariodeloeste.com\\\/noticias\\\/wp-content\\\/uploads\\\/2023\\\/09\\\/Oficina-de-Empleo-en-tu-barrio.jpeg\",\"width\":1393,\"height\":783},{\"@type\":\"BreadcrumbList\",\"@id\":\"https:\\\/\\\/diariodeloeste.com\\\/noticias\\\/2023\\\/09\\\/11\\\/san-miguel-continua-con-la-oficina-de-empleo-en-los-barrios-para-fortalecer-el-mercado-laboral\\\/#breadcrumb\",\"itemListElement\":[{\"@type\":\"ListItem\",\"position\":1,\"name\":\"Inicio\",\"item\":\"https:\\\/\\\/diariodeloeste.com\\\/noticias\\\/\"},{\"@type\":\"ListItem\",\"position\":2,\"name\":\"San Miguel contin\u00faa con la Oficina de Empleo en los barrios para fortalecer el mercado laboral\"}]},{\"@type\":\"WebSite\",\"@id\":\"https:\\\/\\\/diariodeloeste.com\\\/noticias\\\/#website\",\"url\":\"https:\\\/\\\/diariodeloeste.com\\\/noticias\\\/\",\"name\":\"Diario del Oeste\",\"description\":\"Noticias del Oeste\",\"publisher\":{\"@id\":\"https:\\\/\\\/diariodeloeste.com\\\/noticias\\\/#organization\"},\"potentialAction\":[{\"@type\":\"SearchAction\",\"target\":{\"@type\":\"EntryPoint\",\"urlTemplate\":\"https:\\\/\\\/diariodeloeste.com\\\/noticias\\\/?s={search_term_string}\"},\"query-input\":{\"@type\":\"PropertyValueSpecification\",\"valueRequired\":true,\"valueName\":\"search_term_string\"}}],\"inLanguage\":\"es-AR\"},{\"@type\":\"Organization\",\"@id\":\"https:\\\/\\\/diariodeloeste.com\\\/noticias\\\/#organization\",\"name\":\"Diario del Oeste\",\"url\":\"https:\\\/\\\/diariodeloeste.com\\\/noticias\\\/\",\"logo\":{\"@type\":\"ImageObject\",\"inLanguage\":\"es-AR\",\"@id\":\"https:\\\/\\\/diariodeloeste.com\\\/noticias\\\/#\\\/schema\\\/logo\\\/image\\\/\",\"url\":\"https:\\\/\\\/diariodeloeste.com\\\/noticias\\\/wp-content\\\/uploads\\\/2019\\\/04\\\/logo.png\",\"contentUrl\":\"https:\\\/\\\/diariodeloeste.com\\\/noticias\\\/wp-content\\\/uploads\\\/2019\\\/04\\\/logo.png\",\"width\":306,\"height\":145,\"caption\":\"Diario del Oeste\"},\"image\":{\"@id\":\"https:\\\/\\\/diariodeloeste.com\\\/noticias\\\/#\\\/schema\\\/logo\\\/image\\\/\"}},{\"@type\":\"Person\",\"@id\":\"https:\\\/\\\/diariodeloeste.com\\\/noticias\\\/#\\\/schema\\\/person\\\/1f7be965f8c093432e1cbfcee0ac4047\",\"name\":\"Redaccion\",\"image\":{\"@type\":\"ImageObject\",\"inLanguage\":\"es-AR\",\"@id\":\"https:\\\/\\\/secure.gravatar.com\\\/avatar\\\/f9bc3a12e26b32d818d88f9a5b61de20b559752e499df507efa7ea3cea0550ef?s=96&d=mm&r=g\",\"url\":\"https:\\\/\\\/secure.gravatar.com\\\/avatar\\\/f9bc3a12e26b32d818d88f9a5b61de20b559752e499df507efa7ea3cea0550ef?s=96&d=mm&r=g\",\"contentUrl\":\"https:\\\/\\\/secure.gravatar.com\\\/avatar\\\/f9bc3a12e26b32d818d88f9a5b61de20b559752e499df507efa7ea3cea0550ef?s=96&d=mm&r=g\",\"caption\":\"Redaccion\"},\"url\":\"https:\\\/\\\/diariodeloeste.com\\\/noticias\\\/author\\\/redaccion\\\/\"}]}<\/script>\n<!-- \/ Yoast SEO plugin. -->","yoast_head_json":{"title":"San Miguel contin\u00faa con la Oficina de Empleo en los barrios para fortalecer el mercado laboral - Diario del Oeste","robots":{"index":"index","follow":"follow","max-snippet":"max-snippet:-1","max-image-preview":"max-image-preview:large","max-video-preview":"max-video-preview:-1"},"canonical":"https:\/\/diariodeloeste.com\/noticias\/2023\/09\/11\/san-miguel-continua-con-la-oficina-de-empleo-en-los-barrios-para-fortalecer-el-mercado-laboral\/","og_locale":"es_ES","og_type":"article","og_title":"San Miguel contin\u00faa con la Oficina de Empleo en los barrios para fortalecer el mercado laboral - Diario del Oeste","og_description":"Es un operativo que se realiza todos los viernes, con el fin de intermediar entre vecinos que est\u00e9n buscando trabajo y comercios o empresas locales. &nbsp; La Oficina de Empleo de la Municipalidad de San Miguel contin\u00faa recorriendo distintos barrios cada semana para acompa\u00f1ar a los vecinos en sus b\u00fasquedas laborales y a los empleadores [&hellip;]","og_url":"https:\/\/diariodeloeste.com\/noticias\/2023\/09\/11\/san-miguel-continua-con-la-oficina-de-empleo-en-los-barrios-para-fortalecer-el-mercado-laboral\/","og_site_name":"Diario del Oeste","article_published_time":"2023-09-11T23:59:30+00:00","og_image":[{"width":1393,"height":783,"url":"https:\/\/diariodeloeste.com\/noticias\/wp-content\/uploads\/2023\/09\/Oficina-de-Empleo-en-tu-barrio.jpeg","type":"image\/jpeg"}],"author":"Redaccion","twitter_card":"summary_large_image","twitter_misc":{"Escrito por":"Redaccion","Tiempo de lectura":"2 minutos"},"schema":{"@context":"https:\/\/schema.org","@graph":[{"@type":"Article","@id":"https:\/\/diariodeloeste.com\/noticias\/2023\/09\/11\/san-miguel-continua-con-la-oficina-de-empleo-en-los-barrios-para-fortalecer-el-mercado-laboral\/#article","isPartOf":{"@id":"https:\/\/diariodeloeste.com\/noticias\/2023\/09\/11\/san-miguel-continua-con-la-oficina-de-empleo-en-los-barrios-para-fortalecer-el-mercado-laboral\/"},"author":{"name":"Redaccion","@id":"https:\/\/diariodeloeste.com\/noticias\/#\/schema\/person\/1f7be965f8c093432e1cbfcee0ac4047"},"headline":"San Miguel contin\u00faa con la Oficina de Empleo en los barrios para fortalecer el mercado laboral","datePublished":"2023-09-11T23:59:30+00:00","mainEntityOfPage":{"@id":"https:\/\/diariodeloeste.com\/noticias\/2023\/09\/11\/san-miguel-continua-con-la-oficina-de-empleo-en-los-barrios-para-fortalecer-el-mercado-laboral\/"},"wordCount":350,"publisher":{"@id":"https:\/\/diariodeloeste.com\/noticias\/#organization"},"image":{"@id":"https:\/\/diariodeloeste.com\/noticias\/2023\/09\/11\/san-miguel-continua-con-la-oficina-de-empleo-en-los-barrios-para-fortalecer-el-mercado-laboral\/#primaryimage"},"thumbnailUrl":"https:\/\/diariodeloeste.com\/noticias\/wp-content\/uploads\/2023\/09\/Oficina-de-Empleo-en-tu-barrio.jpeg","articleSection":["San Miguel","Titulares"],"inLanguage":"es-AR"},{"@type":"WebPage","@id":"https:\/\/diariodeloeste.com\/noticias\/2023\/09\/11\/san-miguel-continua-con-la-oficina-de-empleo-en-los-barrios-para-fortalecer-el-mercado-laboral\/","url":"https:\/\/diariodeloeste.com\/noticias\/2023\/09\/11\/san-miguel-continua-con-la-oficina-de-empleo-en-los-barrios-para-fortalecer-el-mercado-laboral\/","name":"San Miguel contin\u00faa con la Oficina de Empleo en los barrios para fortalecer el mercado laboral - Diario del Oeste","isPartOf":{"@id":"https:\/\/diariodeloeste.com\/noticias\/#website"},"primaryImageOfPage":{"@id":"https:\/\/diariodeloeste.com\/noticias\/2023\/09\/11\/san-miguel-continua-con-la-oficina-de-empleo-en-los-barrios-para-fortalecer-el-mercado-laboral\/#primaryimage"},"image":{"@id":"https:\/\/diariodeloeste.com\/noticias\/2023\/09\/11\/san-miguel-continua-con-la-oficina-de-empleo-en-los-barrios-para-fortalecer-el-mercado-laboral\/#primaryimage"},"thumbnailUrl":"https:\/\/diariodeloeste.com\/noticias\/wp-content\/uploads\/2023\/09\/Oficina-de-Empleo-en-tu-barrio.jpeg","datePublished":"2023-09-11T23:59:30+00:00","breadcrumb":{"@id":"https:\/\/diariodeloeste.com\/noticias\/2023\/09\/11\/san-miguel-continua-con-la-oficina-de-empleo-en-los-barrios-para-fortalecer-el-mercado-laboral\/#breadcrumb"},"inLanguage":"es-AR","potentialAction":[{"@type":"ReadAction","target":["https:\/\/diariodeloeste.com\/noticias\/2023\/09\/11\/san-miguel-continua-con-la-oficina-de-empleo-en-los-barrios-para-fortalecer-el-mercado-laboral\/"]}]},{"@type":"ImageObject","inLanguage":"es-AR","@id":"https:\/\/diariodeloeste.com\/noticias\/2023\/09\/11\/san-miguel-continua-con-la-oficina-de-empleo-en-los-barrios-para-fortalecer-el-mercado-laboral\/#primaryimage","url":"https:\/\/diariodeloeste.com\/noticias\/wp-content\/uploads\/2023\/09\/Oficina-de-Empleo-en-tu-barrio.jpeg","contentUrl":"https:\/\/diariodeloeste.com\/noticias\/wp-content\/uploads\/2023\/09\/Oficina-de-Empleo-en-tu-barrio.jpeg","width":1393,"height":783},{"@type":"BreadcrumbList","@id":"https:\/\/diariodeloeste.com\/noticias\/2023\/09\/11\/san-miguel-continua-con-la-oficina-de-empleo-en-los-barrios-para-fortalecer-el-mercado-laboral\/#breadcrumb","itemListElement":[{"@type":"ListItem","position":1,"name":"Inicio","item":"https:\/\/diariodeloeste.com\/noticias\/"},{"@type":"ListItem","position":2,"name":"San Miguel contin\u00faa con la Oficina de Empleo en los barrios para fortalecer el mercado laboral"}]},{"@type":"WebSite","@id":"https:\/\/diariodeloeste.com\/noticias\/#website","url":"https:\/\/diariodeloeste.com\/noticias\/","name":"Diario del Oeste","description":"Noticias del Oeste","publisher":{"@id":"https:\/\/diariodeloeste.com\/noticias\/#organization"},"potentialAction":[{"@type":"SearchAction","target":{"@type":"EntryPoint","urlTemplate":"https:\/\/diariodeloeste.com\/noticias\/?s={search_term_string}"},"query-input":{"@type":"PropertyValueSpecification","valueRequired":true,"valueName":"search_term_string"}}],"inLanguage":"es-AR"},{"@type":"Organization","@id":"https:\/\/diariodeloeste.com\/noticias\/#organization","name":"Diario del Oeste","url":"https:\/\/diariodeloeste.com\/noticias\/","logo":{"@type":"ImageObject","inLanguage":"es-AR","@id":"https:\/\/diariodeloeste.com\/noticias\/#\/schema\/logo\/image\/","url":"https:\/\/diariodeloeste.com\/noticias\/wp-content\/uploads\/2019\/04\/logo.png","contentUrl":"https:\/\/diariodeloeste.com\/noticias\/wp-content\/uploads\/2019\/04\/logo.png","width":306,"height":145,"caption":"Diario del Oeste"},"image":{"@id":"https:\/\/diariodeloeste.com\/noticias\/#\/schema\/logo\/image\/"}},{"@type":"Person","@id":"https:\/\/diariodeloeste.com\/noticias\/#\/schema\/person\/1f7be965f8c093432e1cbfcee0ac4047","name":"Redaccion","image":{"@type":"ImageObject","inLanguage":"es-AR","@id":"https:\/\/secure.gravatar.com\/avatar\/f9bc3a12e26b32d818d88f9a5b61de20b559752e499df507efa7ea3cea0550ef?s=96&d=mm&r=g","url":"https:\/\/secure.gravatar.com\/avatar\/f9bc3a12e26b32d818d88f9a5b61de20b559752e499df507efa7ea3cea0550ef?s=96&d=mm&r=g","contentUrl":"https:\/\/secure.gravatar.com\/avatar\/f9bc3a12e26b32d818d88f9a5b61de20b559752e499df507efa7ea3cea0550ef?s=96&d=mm&r=g","caption":"Redaccion"},"url":"https:\/\/diariodeloeste.com\/noticias\/author\/redaccion\/"}]}},"_links":{"self":[{"href":"https:\/\/diariodeloeste.com\/noticias\/wp-json\/wp\/v2\/posts\/9219","targetHints":{"allow":["GET"]}}],"collection":[{"href":"https:\/\/diariodeloeste.com\/noticias\/wp-json\/wp\/v2\/posts"}],"about":[{"href":"https:\/\/diariodeloeste.com\/noticias\/wp-json\/wp\/v2\/types\/post"}],"author":[{"embeddable":true,"href":"https:\/\/diariodeloeste.com\/noticias\/wp-json\/wp\/v2\/users\/3"}],"replies":[{"embeddable":true,"href":"https:\/\/diariodeloeste.com\/noticias\/wp-json\/wp\/v2\/comments?post=9219"}],"version-history":[{"count":1,"href":"https:\/\/diariodeloeste.com\/noticias\/wp-json\/wp\/v2\/posts\/9219\/revisions"}],"predecessor-version":[{"id":9222,"href":"https:\/\/diariodeloeste.com\/noticias\/wp-json\/wp\/v2\/posts\/9219\/revisions\/9222"}],"wp:featuredmedia":[{"embeddable":true,"href":"https:\/\/diariodeloeste.com\/noticias\/wp-json\/wp\/v2\/media\/9221"}],"wp:attachment":[{"href":"https:\/\/diariodeloeste.com\/noticias\/wp-json\/wp\/v2\/media?parent=9219"}],"wp:term":[{"taxonomy":"category","embeddable":true,"href":"https:\/\/diariodeloeste.com\/noticias\/wp-json\/wp\/v2\/categories?post=9219"},{"taxonomy":"post_tag","embeddable":true,"href":"https:\/\/diariodeloeste.com\/noticias\/wp-json\/wp\/v2\/tags?post=9219"}],"curies":[{"name":"wp","href":"https:\/\/api.w.org\/{rel}","templated":true}]}}