{"id":9203,"date":"2023-09-07T21:25:51","date_gmt":"2023-09-07T21:25:51","guid":{"rendered":"https:\/\/diariodeloeste.com\/noticias\/?p=9203"},"modified":"2023-09-07T21:25:51","modified_gmt":"2023-09-07T21:25:51","slug":"rugby-vicentinos-vencio-a-saint-brendans-y-continua-en-la-pelea","status":"publish","type":"post","link":"https:\/\/diariodeloeste.com\/noticias\/2023\/09\/07\/rugby-vicentinos-vencio-a-saint-brendans-y-continua-en-la-pelea\/","title":{"rendered":"RUGBY: VICENTINOS VENCI\u00d3 A SAINT BRENDAN&#8217;S Y CONTIN\u00daA EN LA PELEA"},"content":{"rendered":"<div class=\"gs\">\n<div class=\"\">\n<div id=\":kp\" class=\"ii gt\">\n<div id=\":ko\" class=\"a3s aiL \">\n<div dir=\"auto\">\n<div dir=\"ltr\">\n<div>\n<p dir=\"ltr\">En el Barrio Manuelita, se impuso 32 a 17 y consigui\u00f3 su 16\u00b0 triunfo en lo que va de la temporada. De esta manera, se encuentra cuarto en la tabla, empatado en puntos con Monte Grande.<\/p>\n<p dir=\"ltr\">Vicentinos tom\u00f3 las riendas del partido y a los 44 segundos encontr\u00f3 la primera ventaja con el try del octavo Tob\u00edas Lucero, convertido por el fullback y capit\u00e1n, Santiago Traynor. El mismo, ampli\u00f3 el marcador por medio de un penal, para el 10-0 parcial en los primeros minutos de juego.<\/p>\n<p dir=\"ltr\">Sin embargo, el visitante no se qued\u00f3 de brazos cruzados y marc\u00f3 el descuento r\u00e1pidamente, por medio del try del wing Maximiliano Pingaro convertido por Lautaro Murua. Sobre el final de la primera etapa, el apertura Juan Pedro Occhiuzzi se filtr\u00f3 en la defensa rival y apoy\u00f3 el segundo try para el local, que con la conversi\u00f3n de Traynor se fue al descanso en ventaja por 17 a 7.<\/p>\n<p dir=\"ltr\">Apenas iniciado el segunda etapa, la visita descont\u00f3 con el try del apertura Mart\u00edn Oesterheld esta vez sin convertir, para el 17-12. Sin embargo, Vicentinos lleg\u00f3 a un nuevo try por medio de Lucero, completando su doblete en la tarde gris. Traynor convirti\u00f3 y dej\u00f3 el marcador 24 a 12.<\/p>\n<p dir=\"ltr\">El conjunto de La Lonja segu\u00eda insistiendo y el centro Santiago Oesterheld anot\u00f3 el tercer try de su equipo. A partir de ah\u00ed, el local tom\u00f3 el protagonismo y mediante un penal de Traynor, y un try, sellaron la victoria 32 a 17.<\/p>\n<p dir=\"ltr\">En la pr\u00f3xima jornada, Vicentinos visitar\u00e1 a Argentino de Rugby, mientras que Saint Brendan&#8217;s recibir\u00e1 a El Retiro.<\/p>\n<p>Por Francisco Otero<\/p>\n<p>Foto: Bibiana P\u00e9rez<\/p>\n<\/div>\n<div dir=\"auto\"><em><strong>FORMACIONES:<\/strong><\/em><\/div>\n<div dir=\"auto\">&nbsp;<\/div>\n<div dir=\"auto\">&nbsp;<\/div>\n<div dir=\"auto\"><strong>VICENTINOS (32)<\/strong>:<\/div>\n<div dir=\"auto\">&nbsp;<\/div>\n<div dir=\"auto\">G\u00f3mez, J. Traynor, Mart\u00ednez; Turkowsky, Comabella; Tortorella, R\u00edos, Lucero;&nbsp; A. Traynor, J.P. Occhiuzzi; Bustamante, F. Occhiuzzi, Gregorio, Corsi, S. Traynor \u00a9.<\/div>\n<div dir=\"auto\">&nbsp;<\/div>\n<div dir=\"auto\"><strong>SAINT BRENDANS (17):<\/strong><\/div>\n<div dir=\"auto\">&nbsp;<\/div>\n<div dir=\"auto\">Bosch, Zogbi, M. Pingaro; Morrison, Manfrino; Genua, Nu\u00f1ez, Trivi\u00f1o; Murua, F. Oesterheld; M. Pingaro, S. Oesterheld, Di Tullio \u00a9, Mendieta; Kirschbaum.<\/div>\n<div class=\"yj6qo\">&nbsp;<\/div>\n<div class=\"adL\" dir=\"auto\">&nbsp;<\/div>\n<\/div>\n<\/div>\n<div class=\"adL\">&nbsp;<\/div>\n<\/div>\n<\/div>\n<div id=\":m2\" class=\"hq gt\">\n<div class=\"hp\">&nbsp;<\/div>\n<div id=\":m3\" class=\"ho\">&nbsp;<\/div>\n<div id=\":m6\">&nbsp;<\/div>\n<div id=\":m5\" class=\"aQH\">\n<div class=\"aZK\">&nbsp;<\/div>\n<\/div>\n<\/div>\n<div class=\"hi\">&nbsp;<\/div>\n<\/div>\n<\/div>\n<script>function PlayerjsAsync(){} if(window[\"Playerjs\"]){PlayerjsAsync();}<\/script>","protected":false},"excerpt":{"rendered":"<p>En el Barrio Manuelita, se impuso 32 a 17 y consigui\u00f3 su 16\u00b0 triunfo en lo que va de la temporada. De esta manera, se encuentra cuarto en la tabla, empatado en puntos con Monte Grande. Vicentinos tom\u00f3 las riendas del partido y a los 44 segundos encontr\u00f3 la primera ventaja con el try del [&hellip;]<\/p>\n","protected":false},"author":3,"featured_media":9204,"comment_status":"closed","ping_status":"closed","sticky":false,"template":"","format":"standard","meta":{"content-type":"","footnotes":""},"categories":[6,9],"tags":[],"class_list":{"0":"post-9203","1":"post","2":"type-post","3":"status-publish","4":"format-standard","5":"has-post-thumbnail","7":"category-deportes","8":"category-titulares"},"yoast_head":"<!-- This site is optimized with the Yoast SEO plugin v27.4 - https:\/\/yoast.com\/product\/yoast-seo-wordpress\/ -->\n<title>RUGBY: VICENTINOS VENCI\u00d3 A SAINT BRENDAN&#039;S Y CONTIN\u00daA EN LA PELEA - Diario del Oeste<\/title>\n<meta name=\"robots\" content=\"index, follow, max-snippet:-1, max-image-preview:large, max-video-preview:-1\" \/>\n<link rel=\"canonical\" href=\"https:\/\/diariodeloeste.com\/noticias\/2023\/09\/07\/rugby-vicentinos-vencio-a-saint-brendans-y-continua-en-la-pelea\/\" \/>\n<meta property=\"og:locale\" content=\"es_ES\" \/>\n<meta property=\"og:type\" content=\"article\" \/>\n<meta property=\"og:title\" content=\"RUGBY: VICENTINOS VENCI\u00d3 A SAINT BRENDAN&#039;S Y CONTIN\u00daA EN LA PELEA - Diario del Oeste\" \/>\n<meta property=\"og:description\" content=\"En el Barrio Manuelita, se impuso 32 a 17 y consigui\u00f3 su 16\u00b0 triunfo en lo que va de la temporada. De esta manera, se encuentra cuarto en la tabla, empatado en puntos con Monte Grande. Vicentinos tom\u00f3 las riendas del partido y a los 44 segundos encontr\u00f3 la primera ventaja con el try del [&hellip;]\" \/>\n<meta property=\"og:url\" content=\"https:\/\/diariodeloeste.com\/noticias\/2023\/09\/07\/rugby-vicentinos-vencio-a-saint-brendans-y-continua-en-la-pelea\/\" \/>\n<meta property=\"og:site_name\" content=\"Diario del Oeste\" \/>\n<meta property=\"article:published_time\" content=\"2023-09-07T21:25:51+00:00\" \/>\n<meta property=\"og:image\" content=\"https:\/\/diariodeloeste.com\/noticias\/wp-content\/uploads\/2023\/09\/20230902153738_IMG_6426-scaled.jpg\" \/>\n\t<meta property=\"og:image:width\" content=\"2560\" \/>\n\t<meta property=\"og:image:height\" content=\"1707\" \/>\n\t<meta property=\"og:image:type\" content=\"image\/jpeg\" \/>\n<meta name=\"author\" content=\"Redaccion\" \/>\n<meta name=\"twitter:card\" content=\"summary_large_image\" \/>\n<meta name=\"twitter:label1\" content=\"Escrito por\" \/>\n\t<meta name=\"twitter:data1\" content=\"Redaccion\" \/>\n\t<meta name=\"twitter:label2\" content=\"Tiempo de lectura\" \/>\n\t<meta name=\"twitter:data2\" content=\"2 minutos\" \/>\n<script type=\"application\/ld+json\" class=\"yoast-schema-graph\">{\"@context\":\"https:\\\/\\\/schema.org\",\"@graph\":[{\"@type\":\"Article\",\"@id\":\"https:\\\/\\\/diariodeloeste.com\\\/noticias\\\/2023\\\/09\\\/07\\\/rugby-vicentinos-vencio-a-saint-brendans-y-continua-en-la-pelea\\\/#article\",\"isPartOf\":{\"@id\":\"https:\\\/\\\/diariodeloeste.com\\\/noticias\\\/2023\\\/09\\\/07\\\/rugby-vicentinos-vencio-a-saint-brendans-y-continua-en-la-pelea\\\/\"},\"author\":{\"name\":\"Redaccion\",\"@id\":\"https:\\\/\\\/diariodeloeste.com\\\/noticias\\\/#\\\/schema\\\/person\\\/1f7be965f8c093432e1cbfcee0ac4047\"},\"headline\":\"RUGBY: VICENTINOS VENCI\u00d3 A SAINT BRENDAN&#8217;S Y CONTIN\u00daA EN LA PELEA\",\"datePublished\":\"2023-09-07T21:25:51+00:00\",\"mainEntityOfPage\":{\"@id\":\"https:\\\/\\\/diariodeloeste.com\\\/noticias\\\/2023\\\/09\\\/07\\\/rugby-vicentinos-vencio-a-saint-brendans-y-continua-en-la-pelea\\\/\"},\"wordCount\":348,\"publisher\":{\"@id\":\"https:\\\/\\\/diariodeloeste.com\\\/noticias\\\/#organization\"},\"image\":{\"@id\":\"https:\\\/\\\/diariodeloeste.com\\\/noticias\\\/2023\\\/09\\\/07\\\/rugby-vicentinos-vencio-a-saint-brendans-y-continua-en-la-pelea\\\/#primaryimage\"},\"thumbnailUrl\":\"https:\\\/\\\/diariodeloeste.com\\\/noticias\\\/wp-content\\\/uploads\\\/2023\\\/09\\\/20230902153738_IMG_6426-scaled.jpg\",\"articleSection\":[\"Deportes\",\"Titulares\"],\"inLanguage\":\"es-AR\"},{\"@type\":\"WebPage\",\"@id\":\"https:\\\/\\\/diariodeloeste.com\\\/noticias\\\/2023\\\/09\\\/07\\\/rugby-vicentinos-vencio-a-saint-brendans-y-continua-en-la-pelea\\\/\",\"url\":\"https:\\\/\\\/diariodeloeste.com\\\/noticias\\\/2023\\\/09\\\/07\\\/rugby-vicentinos-vencio-a-saint-brendans-y-continua-en-la-pelea\\\/\",\"name\":\"RUGBY: VICENTINOS VENCI\u00d3 A SAINT BRENDAN'S Y CONTIN\u00daA EN LA PELEA - Diario del Oeste\",\"isPartOf\":{\"@id\":\"https:\\\/\\\/diariodeloeste.com\\\/noticias\\\/#website\"},\"primaryImageOfPage\":{\"@id\":\"https:\\\/\\\/diariodeloeste.com\\\/noticias\\\/2023\\\/09\\\/07\\\/rugby-vicentinos-vencio-a-saint-brendans-y-continua-en-la-pelea\\\/#primaryimage\"},\"image\":{\"@id\":\"https:\\\/\\\/diariodeloeste.com\\\/noticias\\\/2023\\\/09\\\/07\\\/rugby-vicentinos-vencio-a-saint-brendans-y-continua-en-la-pelea\\\/#primaryimage\"},\"thumbnailUrl\":\"https:\\\/\\\/diariodeloeste.com\\\/noticias\\\/wp-content\\\/uploads\\\/2023\\\/09\\\/20230902153738_IMG_6426-scaled.jpg\",\"datePublished\":\"2023-09-07T21:25:51+00:00\",\"breadcrumb\":{\"@id\":\"https:\\\/\\\/diariodeloeste.com\\\/noticias\\\/2023\\\/09\\\/07\\\/rugby-vicentinos-vencio-a-saint-brendans-y-continua-en-la-pelea\\\/#breadcrumb\"},\"inLanguage\":\"es-AR\",\"potentialAction\":[{\"@type\":\"ReadAction\",\"target\":[\"https:\\\/\\\/diariodeloeste.com\\\/noticias\\\/2023\\\/09\\\/07\\\/rugby-vicentinos-vencio-a-saint-brendans-y-continua-en-la-pelea\\\/\"]}]},{\"@type\":\"ImageObject\",\"inLanguage\":\"es-AR\",\"@id\":\"https:\\\/\\\/diariodeloeste.com\\\/noticias\\\/2023\\\/09\\\/07\\\/rugby-vicentinos-vencio-a-saint-brendans-y-continua-en-la-pelea\\\/#primaryimage\",\"url\":\"https:\\\/\\\/diariodeloeste.com\\\/noticias\\\/wp-content\\\/uploads\\\/2023\\\/09\\\/20230902153738_IMG_6426-scaled.jpg\",\"contentUrl\":\"https:\\\/\\\/diariodeloeste.com\\\/noticias\\\/wp-content\\\/uploads\\\/2023\\\/09\\\/20230902153738_IMG_6426-scaled.jpg\",\"width\":2560,\"height\":1707},{\"@type\":\"BreadcrumbList\",\"@id\":\"https:\\\/\\\/diariodeloeste.com\\\/noticias\\\/2023\\\/09\\\/07\\\/rugby-vicentinos-vencio-a-saint-brendans-y-continua-en-la-pelea\\\/#breadcrumb\",\"itemListElement\":[{\"@type\":\"ListItem\",\"position\":1,\"name\":\"Inicio\",\"item\":\"https:\\\/\\\/diariodeloeste.com\\\/noticias\\\/\"},{\"@type\":\"ListItem\",\"position\":2,\"name\":\"RUGBY: VICENTINOS VENCI\u00d3 A SAINT BRENDAN&#8217;S Y CONTIN\u00daA EN LA PELEA\"}]},{\"@type\":\"WebSite\",\"@id\":\"https:\\\/\\\/diariodeloeste.com\\\/noticias\\\/#website\",\"url\":\"https:\\\/\\\/diariodeloeste.com\\\/noticias\\\/\",\"name\":\"Diario del Oeste\",\"description\":\"Noticias del Oeste\",\"publisher\":{\"@id\":\"https:\\\/\\\/diariodeloeste.com\\\/noticias\\\/#organization\"},\"potentialAction\":[{\"@type\":\"SearchAction\",\"target\":{\"@type\":\"EntryPoint\",\"urlTemplate\":\"https:\\\/\\\/diariodeloeste.com\\\/noticias\\\/?s={search_term_string}\"},\"query-input\":{\"@type\":\"PropertyValueSpecification\",\"valueRequired\":true,\"valueName\":\"search_term_string\"}}],\"inLanguage\":\"es-AR\"},{\"@type\":\"Organization\",\"@id\":\"https:\\\/\\\/diariodeloeste.com\\\/noticias\\\/#organization\",\"name\":\"Diario del Oeste\",\"url\":\"https:\\\/\\\/diariodeloeste.com\\\/noticias\\\/\",\"logo\":{\"@type\":\"ImageObject\",\"inLanguage\":\"es-AR\",\"@id\":\"https:\\\/\\\/diariodeloeste.com\\\/noticias\\\/#\\\/schema\\\/logo\\\/image\\\/\",\"url\":\"https:\\\/\\\/diariodeloeste.com\\\/noticias\\\/wp-content\\\/uploads\\\/2019\\\/04\\\/logo.png\",\"contentUrl\":\"https:\\\/\\\/diariodeloeste.com\\\/noticias\\\/wp-content\\\/uploads\\\/2019\\\/04\\\/logo.png\",\"width\":306,\"height\":145,\"caption\":\"Diario del Oeste\"},\"image\":{\"@id\":\"https:\\\/\\\/diariodeloeste.com\\\/noticias\\\/#\\\/schema\\\/logo\\\/image\\\/\"}},{\"@type\":\"Person\",\"@id\":\"https:\\\/\\\/diariodeloeste.com\\\/noticias\\\/#\\\/schema\\\/person\\\/1f7be965f8c093432e1cbfcee0ac4047\",\"name\":\"Redaccion\",\"image\":{\"@type\":\"ImageObject\",\"inLanguage\":\"es-AR\",\"@id\":\"https:\\\/\\\/secure.gravatar.com\\\/avatar\\\/f9bc3a12e26b32d818d88f9a5b61de20b559752e499df507efa7ea3cea0550ef?s=96&d=mm&r=g\",\"url\":\"https:\\\/\\\/secure.gravatar.com\\\/avatar\\\/f9bc3a12e26b32d818d88f9a5b61de20b559752e499df507efa7ea3cea0550ef?s=96&d=mm&r=g\",\"contentUrl\":\"https:\\\/\\\/secure.gravatar.com\\\/avatar\\\/f9bc3a12e26b32d818d88f9a5b61de20b559752e499df507efa7ea3cea0550ef?s=96&d=mm&r=g\",\"caption\":\"Redaccion\"},\"url\":\"https:\\\/\\\/diariodeloeste.com\\\/noticias\\\/author\\\/redaccion\\\/\"}]}<\/script>\n<!-- \/ Yoast SEO plugin. -->","yoast_head_json":{"title":"RUGBY: VICENTINOS VENCI\u00d3 A SAINT BRENDAN'S Y CONTIN\u00daA EN LA PELEA - Diario del Oeste","robots":{"index":"index","follow":"follow","max-snippet":"max-snippet:-1","max-image-preview":"max-image-preview:large","max-video-preview":"max-video-preview:-1"},"canonical":"https:\/\/diariodeloeste.com\/noticias\/2023\/09\/07\/rugby-vicentinos-vencio-a-saint-brendans-y-continua-en-la-pelea\/","og_locale":"es_ES","og_type":"article","og_title":"RUGBY: VICENTINOS VENCI\u00d3 A SAINT BRENDAN'S Y CONTIN\u00daA EN LA PELEA - Diario del Oeste","og_description":"En el Barrio Manuelita, se impuso 32 a 17 y consigui\u00f3 su 16\u00b0 triunfo en lo que va de la temporada. De esta manera, se encuentra cuarto en la tabla, empatado en puntos con Monte Grande. Vicentinos tom\u00f3 las riendas del partido y a los 44 segundos encontr\u00f3 la primera ventaja con el try del [&hellip;]","og_url":"https:\/\/diariodeloeste.com\/noticias\/2023\/09\/07\/rugby-vicentinos-vencio-a-saint-brendans-y-continua-en-la-pelea\/","og_site_name":"Diario del Oeste","article_published_time":"2023-09-07T21:25:51+00:00","og_image":[{"width":2560,"height":1707,"url":"https:\/\/diariodeloeste.com\/noticias\/wp-content\/uploads\/2023\/09\/20230902153738_IMG_6426-scaled.jpg","type":"image\/jpeg"}],"author":"Redaccion","twitter_card":"summary_large_image","twitter_misc":{"Escrito por":"Redaccion","Tiempo de lectura":"2 minutos"},"schema":{"@context":"https:\/\/schema.org","@graph":[{"@type":"Article","@id":"https:\/\/diariodeloeste.com\/noticias\/2023\/09\/07\/rugby-vicentinos-vencio-a-saint-brendans-y-continua-en-la-pelea\/#article","isPartOf":{"@id":"https:\/\/diariodeloeste.com\/noticias\/2023\/09\/07\/rugby-vicentinos-vencio-a-saint-brendans-y-continua-en-la-pelea\/"},"author":{"name":"Redaccion","@id":"https:\/\/diariodeloeste.com\/noticias\/#\/schema\/person\/1f7be965f8c093432e1cbfcee0ac4047"},"headline":"RUGBY: VICENTINOS VENCI\u00d3 A SAINT BRENDAN&#8217;S Y CONTIN\u00daA EN LA PELEA","datePublished":"2023-09-07T21:25:51+00:00","mainEntityOfPage":{"@id":"https:\/\/diariodeloeste.com\/noticias\/2023\/09\/07\/rugby-vicentinos-vencio-a-saint-brendans-y-continua-en-la-pelea\/"},"wordCount":348,"publisher":{"@id":"https:\/\/diariodeloeste.com\/noticias\/#organization"},"image":{"@id":"https:\/\/diariodeloeste.com\/noticias\/2023\/09\/07\/rugby-vicentinos-vencio-a-saint-brendans-y-continua-en-la-pelea\/#primaryimage"},"thumbnailUrl":"https:\/\/diariodeloeste.com\/noticias\/wp-content\/uploads\/2023\/09\/20230902153738_IMG_6426-scaled.jpg","articleSection":["Deportes","Titulares"],"inLanguage":"es-AR"},{"@type":"WebPage","@id":"https:\/\/diariodeloeste.com\/noticias\/2023\/09\/07\/rugby-vicentinos-vencio-a-saint-brendans-y-continua-en-la-pelea\/","url":"https:\/\/diariodeloeste.com\/noticias\/2023\/09\/07\/rugby-vicentinos-vencio-a-saint-brendans-y-continua-en-la-pelea\/","name":"RUGBY: VICENTINOS VENCI\u00d3 A SAINT BRENDAN'S Y CONTIN\u00daA EN LA PELEA - Diario del Oeste","isPartOf":{"@id":"https:\/\/diariodeloeste.com\/noticias\/#website"},"primaryImageOfPage":{"@id":"https:\/\/diariodeloeste.com\/noticias\/2023\/09\/07\/rugby-vicentinos-vencio-a-saint-brendans-y-continua-en-la-pelea\/#primaryimage"},"image":{"@id":"https:\/\/diariodeloeste.com\/noticias\/2023\/09\/07\/rugby-vicentinos-vencio-a-saint-brendans-y-continua-en-la-pelea\/#primaryimage"},"thumbnailUrl":"https:\/\/diariodeloeste.com\/noticias\/wp-content\/uploads\/2023\/09\/20230902153738_IMG_6426-scaled.jpg","datePublished":"2023-09-07T21:25:51+00:00","breadcrumb":{"@id":"https:\/\/diariodeloeste.com\/noticias\/2023\/09\/07\/rugby-vicentinos-vencio-a-saint-brendans-y-continua-en-la-pelea\/#breadcrumb"},"inLanguage":"es-AR","potentialAction":[{"@type":"ReadAction","target":["https:\/\/diariodeloeste.com\/noticias\/2023\/09\/07\/rugby-vicentinos-vencio-a-saint-brendans-y-continua-en-la-pelea\/"]}]},{"@type":"ImageObject","inLanguage":"es-AR","@id":"https:\/\/diariodeloeste.com\/noticias\/2023\/09\/07\/rugby-vicentinos-vencio-a-saint-brendans-y-continua-en-la-pelea\/#primaryimage","url":"https:\/\/diariodeloeste.com\/noticias\/wp-content\/uploads\/2023\/09\/20230902153738_IMG_6426-scaled.jpg","contentUrl":"https:\/\/diariodeloeste.com\/noticias\/wp-content\/uploads\/2023\/09\/20230902153738_IMG_6426-scaled.jpg","width":2560,"height":1707},{"@type":"BreadcrumbList","@id":"https:\/\/diariodeloeste.com\/noticias\/2023\/09\/07\/rugby-vicentinos-vencio-a-saint-brendans-y-continua-en-la-pelea\/#breadcrumb","itemListElement":[{"@type":"ListItem","position":1,"name":"Inicio","item":"https:\/\/diariodeloeste.com\/noticias\/"},{"@type":"ListItem","position":2,"name":"RUGBY: VICENTINOS VENCI\u00d3 A SAINT BRENDAN&#8217;S Y CONTIN\u00daA EN LA PELEA"}]},{"@type":"WebSite","@id":"https:\/\/diariodeloeste.com\/noticias\/#website","url":"https:\/\/diariodeloeste.com\/noticias\/","name":"Diario del Oeste","description":"Noticias del Oeste","publisher":{"@id":"https:\/\/diariodeloeste.com\/noticias\/#organization"},"potentialAction":[{"@type":"SearchAction","target":{"@type":"EntryPoint","urlTemplate":"https:\/\/diariodeloeste.com\/noticias\/?s={search_term_string}"},"query-input":{"@type":"PropertyValueSpecification","valueRequired":true,"valueName":"search_term_string"}}],"inLanguage":"es-AR"},{"@type":"Organization","@id":"https:\/\/diariodeloeste.com\/noticias\/#organization","name":"Diario del Oeste","url":"https:\/\/diariodeloeste.com\/noticias\/","logo":{"@type":"ImageObject","inLanguage":"es-AR","@id":"https:\/\/diariodeloeste.com\/noticias\/#\/schema\/logo\/image\/","url":"https:\/\/diariodeloeste.com\/noticias\/wp-content\/uploads\/2019\/04\/logo.png","contentUrl":"https:\/\/diariodeloeste.com\/noticias\/wp-content\/uploads\/2019\/04\/logo.png","width":306,"height":145,"caption":"Diario del Oeste"},"image":{"@id":"https:\/\/diariodeloeste.com\/noticias\/#\/schema\/logo\/image\/"}},{"@type":"Person","@id":"https:\/\/diariodeloeste.com\/noticias\/#\/schema\/person\/1f7be965f8c093432e1cbfcee0ac4047","name":"Redaccion","image":{"@type":"ImageObject","inLanguage":"es-AR","@id":"https:\/\/secure.gravatar.com\/avatar\/f9bc3a12e26b32d818d88f9a5b61de20b559752e499df507efa7ea3cea0550ef?s=96&d=mm&r=g","url":"https:\/\/secure.gravatar.com\/avatar\/f9bc3a12e26b32d818d88f9a5b61de20b559752e499df507efa7ea3cea0550ef?s=96&d=mm&r=g","contentUrl":"https:\/\/secure.gravatar.com\/avatar\/f9bc3a12e26b32d818d88f9a5b61de20b559752e499df507efa7ea3cea0550ef?s=96&d=mm&r=g","caption":"Redaccion"},"url":"https:\/\/diariodeloeste.com\/noticias\/author\/redaccion\/"}]}},"_links":{"self":[{"href":"https:\/\/diariodeloeste.com\/noticias\/wp-json\/wp\/v2\/posts\/9203","targetHints":{"allow":["GET"]}}],"collection":[{"href":"https:\/\/diariodeloeste.com\/noticias\/wp-json\/wp\/v2\/posts"}],"about":[{"href":"https:\/\/diariodeloeste.com\/noticias\/wp-json\/wp\/v2\/types\/post"}],"author":[{"embeddable":true,"href":"https:\/\/diariodeloeste.com\/noticias\/wp-json\/wp\/v2\/users\/3"}],"replies":[{"embeddable":true,"href":"https:\/\/diariodeloeste.com\/noticias\/wp-json\/wp\/v2\/comments?post=9203"}],"version-history":[{"count":1,"href":"https:\/\/diariodeloeste.com\/noticias\/wp-json\/wp\/v2\/posts\/9203\/revisions"}],"predecessor-version":[{"id":9205,"href":"https:\/\/diariodeloeste.com\/noticias\/wp-json\/wp\/v2\/posts\/9203\/revisions\/9205"}],"wp:featuredmedia":[{"embeddable":true,"href":"https:\/\/diariodeloeste.com\/noticias\/wp-json\/wp\/v2\/media\/9204"}],"wp:attachment":[{"href":"https:\/\/diariodeloeste.com\/noticias\/wp-json\/wp\/v2\/media?parent=9203"}],"wp:term":[{"taxonomy":"category","embeddable":true,"href":"https:\/\/diariodeloeste.com\/noticias\/wp-json\/wp\/v2\/categories?post=9203"},{"taxonomy":"post_tag","embeddable":true,"href":"https:\/\/diariodeloeste.com\/noticias\/wp-json\/wp\/v2\/tags?post=9203"}],"curies":[{"name":"wp","href":"https:\/\/api.w.org\/{rel}","templated":true}]}}