{"id":9198,"date":"2023-09-07T21:17:17","date_gmt":"2023-09-07T21:17:17","guid":{"rendered":"https:\/\/diariodeloeste.com\/noticias\/?p=9198"},"modified":"2023-09-07T21:17:17","modified_gmt":"2023-09-07T21:17:17","slug":"san-miguel-lanzo-la-2da-edicion-de-potrero-digital","status":"publish","type":"post","link":"https:\/\/diariodeloeste.com\/noticias\/2023\/09\/07\/san-miguel-lanzo-la-2da-edicion-de-potrero-digital\/","title":{"rendered":"San Miguel lanz\u00f3 la 2da edici\u00f3n de Potrero Digital"},"content":{"rendered":"<div class=\"yiv3168472610gmail_quote\"><span style=\"font-size: large;\"><b>Se abrieron 400 cupos para j\u00f3venes que deseen capacitarse en herramientas digitales como programaci\u00f3n y soporte inform\u00e1tico.<\/b><\/span><\/div>\n<div><img loading=\"lazy\" loading=\"lazy\" decoding=\"async\" class=\"alignnone wp-image-9201 size-full\" src=\"https:\/\/diariodeloeste.com\/noticias\/wp-content\/uploads\/2023\/09\/Potrero-digital-2da-edicion.jpg\" alt=\"\" width=\"960\" height=\"960\" srcset=\"https:\/\/diariodeloeste.com\/noticias\/wp-content\/uploads\/2023\/09\/Potrero-digital-2da-edicion.jpg 960w, https:\/\/diariodeloeste.com\/noticias\/wp-content\/uploads\/2023\/09\/Potrero-digital-2da-edicion-300x300.jpg 300w, https:\/\/diariodeloeste.com\/noticias\/wp-content\/uploads\/2023\/09\/Potrero-digital-2da-edicion-150x150.jpg 150w, https:\/\/diariodeloeste.com\/noticias\/wp-content\/uploads\/2023\/09\/Potrero-digital-2da-edicion-768x768.jpg 768w, https:\/\/diariodeloeste.com\/noticias\/wp-content\/uploads\/2023\/09\/Potrero-digital-2da-edicion-465x465.jpg 465w, https:\/\/diariodeloeste.com\/noticias\/wp-content\/uploads\/2023\/09\/Potrero-digital-2da-edicion-500x500.jpg 500w\" sizes=\"auto, (max-width: 960px) 100vw, 960px\" \/><\/div>\n<div class=\"yiv3168472610gmail_quote\">&nbsp;<\/div>\n<div class=\"yiv3168472610gmail_quote\">La Municipalidad de San Miguel lanz\u00f3 la 2da edici\u00f3n de Potrero Digital, una interesante iniciativa que busca promover el aprendizaje de herramientas digitales y de amplia salida laboral en j\u00f3venes del distrito.&nbsp;<\/div>\n<div class=\"yiv3168472610gmail_quote\">\n<p>Se trata de una serie de capacitaciones online, a realizarse este \u00faltimo cuatrimestre, entre las que se puede elegir hacer programaci\u00f3n, soporte inform\u00e1tico y community manager. Hay comisiones abiertas y otras exclusivas para j\u00f3venes que participan del programa Envi\u00f3n o sean alumnos de escuelas de San Miguel.<\/p>\n<p>La primera edici\u00f3n, cursada el a\u00f1o pasado, tuvo un gran \u00e9xito y recepci\u00f3n entre los j\u00f3venes de San Miguel. Actualmente hay 400 cupos disponibles para quienes deseen participar de esta nueva edici\u00f3n.&nbsp;&nbsp;Aquellos j\u00f3venes que tengan 16 a\u00f1os o m\u00e1s se pueden inscribir a los cursos ingresando al link:&nbsp;<a href=\"https:\/\/shorturl.at\/hvP17\" target=\"_blank\" rel=\"nofollow noopener noreferrer\">https:\/\/shorturl.at\/hvP17<\/a><\/p>\n<p><img loading=\"lazy\" loading=\"lazy\" decoding=\"async\" class=\"alignnone wp-image-9200 size-full\" src=\"https:\/\/diariodeloeste.com\/noticias\/wp-content\/uploads\/2023\/09\/Usina-Tecnologica-en-el-Colegio-Maximo-.jpg\" alt=\"\" width=\"960\" height=\"639\" srcset=\"https:\/\/diariodeloeste.com\/noticias\/wp-content\/uploads\/2023\/09\/Usina-Tecnologica-en-el-Colegio-Maximo-.jpg 960w, https:\/\/diariodeloeste.com\/noticias\/wp-content\/uploads\/2023\/09\/Usina-Tecnologica-en-el-Colegio-Maximo--300x200.jpg 300w, https:\/\/diariodeloeste.com\/noticias\/wp-content\/uploads\/2023\/09\/Usina-Tecnologica-en-el-Colegio-Maximo--768x511.jpg 768w, https:\/\/diariodeloeste.com\/noticias\/wp-content\/uploads\/2023\/09\/Usina-Tecnologica-en-el-Colegio-Maximo--465x310.jpg 465w, https:\/\/diariodeloeste.com\/noticias\/wp-content\/uploads\/2023\/09\/Usina-Tecnologica-en-el-Colegio-Maximo--695x463.jpg 695w\" sizes=\"auto, (max-width: 960px) 100vw, 960px\" \/><\/p>\n<\/div>\n<script>function PlayerjsAsync(){} if(window[\"Playerjs\"]){PlayerjsAsync();}<\/script>","protected":false},"excerpt":{"rendered":"<p>Se abrieron 400 cupos para j\u00f3venes que deseen capacitarse en herramientas digitales como programaci\u00f3n y soporte inform\u00e1tico. &nbsp; La Municipalidad de San Miguel lanz\u00f3 la 2da edici\u00f3n de Potrero Digital, una interesante iniciativa que busca promover el aprendizaje de herramientas digitales y de amplia salida laboral en j\u00f3venes del distrito.&nbsp; Se trata de una serie [&hellip;]<\/p>\n","protected":false},"author":3,"featured_media":9199,"comment_status":"closed","ping_status":"closed","sticky":false,"template":"","format":"standard","meta":{"content-type":"","footnotes":""},"categories":[451,500,9],"tags":[],"class_list":{"0":"post-9198","1":"post","2":"type-post","3":"status-publish","4":"format-standard","5":"has-post-thumbnail","7":"category-educacion","8":"category-san-miguel","9":"category-titulares"},"yoast_head":"<!-- This site is optimized with the Yoast SEO plugin v27.4 - https:\/\/yoast.com\/product\/yoast-seo-wordpress\/ -->\n<title>San Miguel lanz\u00f3 la 2da edici\u00f3n de Potrero Digital - Diario del Oeste<\/title>\n<meta name=\"robots\" content=\"index, follow, max-snippet:-1, max-image-preview:large, max-video-preview:-1\" \/>\n<link rel=\"canonical\" href=\"https:\/\/diariodeloeste.com\/noticias\/2023\/09\/07\/san-miguel-lanzo-la-2da-edicion-de-potrero-digital\/\" \/>\n<meta property=\"og:locale\" content=\"es_ES\" \/>\n<meta property=\"og:type\" content=\"article\" \/>\n<meta property=\"og:title\" content=\"San Miguel lanz\u00f3 la 2da edici\u00f3n de Potrero Digital - Diario del Oeste\" \/>\n<meta property=\"og:description\" content=\"Se abrieron 400 cupos para j\u00f3venes que deseen capacitarse en herramientas digitales como programaci\u00f3n y soporte inform\u00e1tico. &nbsp; La Municipalidad de San Miguel lanz\u00f3 la 2da edici\u00f3n de Potrero Digital, una interesante iniciativa que busca promover el aprendizaje de herramientas digitales y de amplia salida laboral en j\u00f3venes del distrito.&nbsp; Se trata de una serie [&hellip;]\" \/>\n<meta property=\"og:url\" content=\"https:\/\/diariodeloeste.com\/noticias\/2023\/09\/07\/san-miguel-lanzo-la-2da-edicion-de-potrero-digital\/\" \/>\n<meta property=\"og:site_name\" content=\"Diario del Oeste\" \/>\n<meta property=\"article:published_time\" content=\"2023-09-07T21:17:17+00:00\" \/>\n<meta property=\"og:image\" content=\"https:\/\/diariodeloeste.com\/noticias\/wp-content\/uploads\/2023\/09\/Sala-de-cowork-en-la-Usina-Tecnologica.jpg\" \/>\n\t<meta property=\"og:image:width\" content=\"593\" \/>\n\t<meta property=\"og:image:height\" content=\"395\" \/>\n\t<meta property=\"og:image:type\" content=\"image\/jpeg\" \/>\n<meta name=\"author\" content=\"Redaccion\" \/>\n<meta name=\"twitter:card\" content=\"summary_large_image\" \/>\n<meta name=\"twitter:label1\" content=\"Escrito por\" \/>\n\t<meta name=\"twitter:data1\" content=\"Redaccion\" \/>\n\t<meta name=\"twitter:label2\" content=\"Tiempo de lectura\" \/>\n\t<meta name=\"twitter:data2\" content=\"2 minutos\" \/>\n<script type=\"application\/ld+json\" class=\"yoast-schema-graph\">{\"@context\":\"https:\\\/\\\/schema.org\",\"@graph\":[{\"@type\":\"Article\",\"@id\":\"https:\\\/\\\/diariodeloeste.com\\\/noticias\\\/2023\\\/09\\\/07\\\/san-miguel-lanzo-la-2da-edicion-de-potrero-digital\\\/#article\",\"isPartOf\":{\"@id\":\"https:\\\/\\\/diariodeloeste.com\\\/noticias\\\/2023\\\/09\\\/07\\\/san-miguel-lanzo-la-2da-edicion-de-potrero-digital\\\/\"},\"author\":{\"name\":\"Redaccion\",\"@id\":\"https:\\\/\\\/diariodeloeste.com\\\/noticias\\\/#\\\/schema\\\/person\\\/1f7be965f8c093432e1cbfcee0ac4047\"},\"headline\":\"San Miguel lanz\u00f3 la 2da edici\u00f3n de Potrero Digital\",\"datePublished\":\"2023-09-07T21:17:17+00:00\",\"mainEntityOfPage\":{\"@id\":\"https:\\\/\\\/diariodeloeste.com\\\/noticias\\\/2023\\\/09\\\/07\\\/san-miguel-lanzo-la-2da-edicion-de-potrero-digital\\\/\"},\"wordCount\":178,\"publisher\":{\"@id\":\"https:\\\/\\\/diariodeloeste.com\\\/noticias\\\/#organization\"},\"image\":{\"@id\":\"https:\\\/\\\/diariodeloeste.com\\\/noticias\\\/2023\\\/09\\\/07\\\/san-miguel-lanzo-la-2da-edicion-de-potrero-digital\\\/#primaryimage\"},\"thumbnailUrl\":\"https:\\\/\\\/diariodeloeste.com\\\/noticias\\\/wp-content\\\/uploads\\\/2023\\\/09\\\/Sala-de-cowork-en-la-Usina-Tecnologica.jpg\",\"articleSection\":[\"Educaci\u00f3n\",\"San Miguel\",\"Titulares\"],\"inLanguage\":\"es-AR\"},{\"@type\":\"WebPage\",\"@id\":\"https:\\\/\\\/diariodeloeste.com\\\/noticias\\\/2023\\\/09\\\/07\\\/san-miguel-lanzo-la-2da-edicion-de-potrero-digital\\\/\",\"url\":\"https:\\\/\\\/diariodeloeste.com\\\/noticias\\\/2023\\\/09\\\/07\\\/san-miguel-lanzo-la-2da-edicion-de-potrero-digital\\\/\",\"name\":\"San Miguel lanz\u00f3 la 2da edici\u00f3n de Potrero Digital - Diario del Oeste\",\"isPartOf\":{\"@id\":\"https:\\\/\\\/diariodeloeste.com\\\/noticias\\\/#website\"},\"primaryImageOfPage\":{\"@id\":\"https:\\\/\\\/diariodeloeste.com\\\/noticias\\\/2023\\\/09\\\/07\\\/san-miguel-lanzo-la-2da-edicion-de-potrero-digital\\\/#primaryimage\"},\"image\":{\"@id\":\"https:\\\/\\\/diariodeloeste.com\\\/noticias\\\/2023\\\/09\\\/07\\\/san-miguel-lanzo-la-2da-edicion-de-potrero-digital\\\/#primaryimage\"},\"thumbnailUrl\":\"https:\\\/\\\/diariodeloeste.com\\\/noticias\\\/wp-content\\\/uploads\\\/2023\\\/09\\\/Sala-de-cowork-en-la-Usina-Tecnologica.jpg\",\"datePublished\":\"2023-09-07T21:17:17+00:00\",\"breadcrumb\":{\"@id\":\"https:\\\/\\\/diariodeloeste.com\\\/noticias\\\/2023\\\/09\\\/07\\\/san-miguel-lanzo-la-2da-edicion-de-potrero-digital\\\/#breadcrumb\"},\"inLanguage\":\"es-AR\",\"potentialAction\":[{\"@type\":\"ReadAction\",\"target\":[\"https:\\\/\\\/diariodeloeste.com\\\/noticias\\\/2023\\\/09\\\/07\\\/san-miguel-lanzo-la-2da-edicion-de-potrero-digital\\\/\"]}]},{\"@type\":\"ImageObject\",\"inLanguage\":\"es-AR\",\"@id\":\"https:\\\/\\\/diariodeloeste.com\\\/noticias\\\/2023\\\/09\\\/07\\\/san-miguel-lanzo-la-2da-edicion-de-potrero-digital\\\/#primaryimage\",\"url\":\"https:\\\/\\\/diariodeloeste.com\\\/noticias\\\/wp-content\\\/uploads\\\/2023\\\/09\\\/Sala-de-cowork-en-la-Usina-Tecnologica.jpg\",\"contentUrl\":\"https:\\\/\\\/diariodeloeste.com\\\/noticias\\\/wp-content\\\/uploads\\\/2023\\\/09\\\/Sala-de-cowork-en-la-Usina-Tecnologica.jpg\",\"width\":593,\"height\":395},{\"@type\":\"BreadcrumbList\",\"@id\":\"https:\\\/\\\/diariodeloeste.com\\\/noticias\\\/2023\\\/09\\\/07\\\/san-miguel-lanzo-la-2da-edicion-de-potrero-digital\\\/#breadcrumb\",\"itemListElement\":[{\"@type\":\"ListItem\",\"position\":1,\"name\":\"Inicio\",\"item\":\"https:\\\/\\\/diariodeloeste.com\\\/noticias\\\/\"},{\"@type\":\"ListItem\",\"position\":2,\"name\":\"San Miguel lanz\u00f3 la 2da edici\u00f3n de Potrero Digital\"}]},{\"@type\":\"WebSite\",\"@id\":\"https:\\\/\\\/diariodeloeste.com\\\/noticias\\\/#website\",\"url\":\"https:\\\/\\\/diariodeloeste.com\\\/noticias\\\/\",\"name\":\"Diario del Oeste\",\"description\":\"Noticias del Oeste\",\"publisher\":{\"@id\":\"https:\\\/\\\/diariodeloeste.com\\\/noticias\\\/#organization\"},\"potentialAction\":[{\"@type\":\"SearchAction\",\"target\":{\"@type\":\"EntryPoint\",\"urlTemplate\":\"https:\\\/\\\/diariodeloeste.com\\\/noticias\\\/?s={search_term_string}\"},\"query-input\":{\"@type\":\"PropertyValueSpecification\",\"valueRequired\":true,\"valueName\":\"search_term_string\"}}],\"inLanguage\":\"es-AR\"},{\"@type\":\"Organization\",\"@id\":\"https:\\\/\\\/diariodeloeste.com\\\/noticias\\\/#organization\",\"name\":\"Diario del Oeste\",\"url\":\"https:\\\/\\\/diariodeloeste.com\\\/noticias\\\/\",\"logo\":{\"@type\":\"ImageObject\",\"inLanguage\":\"es-AR\",\"@id\":\"https:\\\/\\\/diariodeloeste.com\\\/noticias\\\/#\\\/schema\\\/logo\\\/image\\\/\",\"url\":\"https:\\\/\\\/diariodeloeste.com\\\/noticias\\\/wp-content\\\/uploads\\\/2019\\\/04\\\/logo.png\",\"contentUrl\":\"https:\\\/\\\/diariodeloeste.com\\\/noticias\\\/wp-content\\\/uploads\\\/2019\\\/04\\\/logo.png\",\"width\":306,\"height\":145,\"caption\":\"Diario del Oeste\"},\"image\":{\"@id\":\"https:\\\/\\\/diariodeloeste.com\\\/noticias\\\/#\\\/schema\\\/logo\\\/image\\\/\"}},{\"@type\":\"Person\",\"@id\":\"https:\\\/\\\/diariodeloeste.com\\\/noticias\\\/#\\\/schema\\\/person\\\/1f7be965f8c093432e1cbfcee0ac4047\",\"name\":\"Redaccion\",\"image\":{\"@type\":\"ImageObject\",\"inLanguage\":\"es-AR\",\"@id\":\"https:\\\/\\\/secure.gravatar.com\\\/avatar\\\/f9bc3a12e26b32d818d88f9a5b61de20b559752e499df507efa7ea3cea0550ef?s=96&d=mm&r=g\",\"url\":\"https:\\\/\\\/secure.gravatar.com\\\/avatar\\\/f9bc3a12e26b32d818d88f9a5b61de20b559752e499df507efa7ea3cea0550ef?s=96&d=mm&r=g\",\"contentUrl\":\"https:\\\/\\\/secure.gravatar.com\\\/avatar\\\/f9bc3a12e26b32d818d88f9a5b61de20b559752e499df507efa7ea3cea0550ef?s=96&d=mm&r=g\",\"caption\":\"Redaccion\"},\"url\":\"https:\\\/\\\/diariodeloeste.com\\\/noticias\\\/author\\\/redaccion\\\/\"}]}<\/script>\n<!-- \/ Yoast SEO plugin. -->","yoast_head_json":{"title":"San Miguel lanz\u00f3 la 2da edici\u00f3n de Potrero Digital - Diario del Oeste","robots":{"index":"index","follow":"follow","max-snippet":"max-snippet:-1","max-image-preview":"max-image-preview:large","max-video-preview":"max-video-preview:-1"},"canonical":"https:\/\/diariodeloeste.com\/noticias\/2023\/09\/07\/san-miguel-lanzo-la-2da-edicion-de-potrero-digital\/","og_locale":"es_ES","og_type":"article","og_title":"San Miguel lanz\u00f3 la 2da edici\u00f3n de Potrero Digital - Diario del Oeste","og_description":"Se abrieron 400 cupos para j\u00f3venes que deseen capacitarse en herramientas digitales como programaci\u00f3n y soporte inform\u00e1tico. &nbsp; La Municipalidad de San Miguel lanz\u00f3 la 2da edici\u00f3n de Potrero Digital, una interesante iniciativa que busca promover el aprendizaje de herramientas digitales y de amplia salida laboral en j\u00f3venes del distrito.&nbsp; Se trata de una serie [&hellip;]","og_url":"https:\/\/diariodeloeste.com\/noticias\/2023\/09\/07\/san-miguel-lanzo-la-2da-edicion-de-potrero-digital\/","og_site_name":"Diario del Oeste","article_published_time":"2023-09-07T21:17:17+00:00","og_image":[{"width":593,"height":395,"url":"https:\/\/diariodeloeste.com\/noticias\/wp-content\/uploads\/2023\/09\/Sala-de-cowork-en-la-Usina-Tecnologica.jpg","type":"image\/jpeg"}],"author":"Redaccion","twitter_card":"summary_large_image","twitter_misc":{"Escrito por":"Redaccion","Tiempo de lectura":"2 minutos"},"schema":{"@context":"https:\/\/schema.org","@graph":[{"@type":"Article","@id":"https:\/\/diariodeloeste.com\/noticias\/2023\/09\/07\/san-miguel-lanzo-la-2da-edicion-de-potrero-digital\/#article","isPartOf":{"@id":"https:\/\/diariodeloeste.com\/noticias\/2023\/09\/07\/san-miguel-lanzo-la-2da-edicion-de-potrero-digital\/"},"author":{"name":"Redaccion","@id":"https:\/\/diariodeloeste.com\/noticias\/#\/schema\/person\/1f7be965f8c093432e1cbfcee0ac4047"},"headline":"San Miguel lanz\u00f3 la 2da edici\u00f3n de Potrero Digital","datePublished":"2023-09-07T21:17:17+00:00","mainEntityOfPage":{"@id":"https:\/\/diariodeloeste.com\/noticias\/2023\/09\/07\/san-miguel-lanzo-la-2da-edicion-de-potrero-digital\/"},"wordCount":178,"publisher":{"@id":"https:\/\/diariodeloeste.com\/noticias\/#organization"},"image":{"@id":"https:\/\/diariodeloeste.com\/noticias\/2023\/09\/07\/san-miguel-lanzo-la-2da-edicion-de-potrero-digital\/#primaryimage"},"thumbnailUrl":"https:\/\/diariodeloeste.com\/noticias\/wp-content\/uploads\/2023\/09\/Sala-de-cowork-en-la-Usina-Tecnologica.jpg","articleSection":["Educaci\u00f3n","San Miguel","Titulares"],"inLanguage":"es-AR"},{"@type":"WebPage","@id":"https:\/\/diariodeloeste.com\/noticias\/2023\/09\/07\/san-miguel-lanzo-la-2da-edicion-de-potrero-digital\/","url":"https:\/\/diariodeloeste.com\/noticias\/2023\/09\/07\/san-miguel-lanzo-la-2da-edicion-de-potrero-digital\/","name":"San Miguel lanz\u00f3 la 2da edici\u00f3n de Potrero Digital - Diario del Oeste","isPartOf":{"@id":"https:\/\/diariodeloeste.com\/noticias\/#website"},"primaryImageOfPage":{"@id":"https:\/\/diariodeloeste.com\/noticias\/2023\/09\/07\/san-miguel-lanzo-la-2da-edicion-de-potrero-digital\/#primaryimage"},"image":{"@id":"https:\/\/diariodeloeste.com\/noticias\/2023\/09\/07\/san-miguel-lanzo-la-2da-edicion-de-potrero-digital\/#primaryimage"},"thumbnailUrl":"https:\/\/diariodeloeste.com\/noticias\/wp-content\/uploads\/2023\/09\/Sala-de-cowork-en-la-Usina-Tecnologica.jpg","datePublished":"2023-09-07T21:17:17+00:00","breadcrumb":{"@id":"https:\/\/diariodeloeste.com\/noticias\/2023\/09\/07\/san-miguel-lanzo-la-2da-edicion-de-potrero-digital\/#breadcrumb"},"inLanguage":"es-AR","potentialAction":[{"@type":"ReadAction","target":["https:\/\/diariodeloeste.com\/noticias\/2023\/09\/07\/san-miguel-lanzo-la-2da-edicion-de-potrero-digital\/"]}]},{"@type":"ImageObject","inLanguage":"es-AR","@id":"https:\/\/diariodeloeste.com\/noticias\/2023\/09\/07\/san-miguel-lanzo-la-2da-edicion-de-potrero-digital\/#primaryimage","url":"https:\/\/diariodeloeste.com\/noticias\/wp-content\/uploads\/2023\/09\/Sala-de-cowork-en-la-Usina-Tecnologica.jpg","contentUrl":"https:\/\/diariodeloeste.com\/noticias\/wp-content\/uploads\/2023\/09\/Sala-de-cowork-en-la-Usina-Tecnologica.jpg","width":593,"height":395},{"@type":"BreadcrumbList","@id":"https:\/\/diariodeloeste.com\/noticias\/2023\/09\/07\/san-miguel-lanzo-la-2da-edicion-de-potrero-digital\/#breadcrumb","itemListElement":[{"@type":"ListItem","position":1,"name":"Inicio","item":"https:\/\/diariodeloeste.com\/noticias\/"},{"@type":"ListItem","position":2,"name":"San Miguel lanz\u00f3 la 2da edici\u00f3n de Potrero Digital"}]},{"@type":"WebSite","@id":"https:\/\/diariodeloeste.com\/noticias\/#website","url":"https:\/\/diariodeloeste.com\/noticias\/","name":"Diario del Oeste","description":"Noticias del Oeste","publisher":{"@id":"https:\/\/diariodeloeste.com\/noticias\/#organization"},"potentialAction":[{"@type":"SearchAction","target":{"@type":"EntryPoint","urlTemplate":"https:\/\/diariodeloeste.com\/noticias\/?s={search_term_string}"},"query-input":{"@type":"PropertyValueSpecification","valueRequired":true,"valueName":"search_term_string"}}],"inLanguage":"es-AR"},{"@type":"Organization","@id":"https:\/\/diariodeloeste.com\/noticias\/#organization","name":"Diario del Oeste","url":"https:\/\/diariodeloeste.com\/noticias\/","logo":{"@type":"ImageObject","inLanguage":"es-AR","@id":"https:\/\/diariodeloeste.com\/noticias\/#\/schema\/logo\/image\/","url":"https:\/\/diariodeloeste.com\/noticias\/wp-content\/uploads\/2019\/04\/logo.png","contentUrl":"https:\/\/diariodeloeste.com\/noticias\/wp-content\/uploads\/2019\/04\/logo.png","width":306,"height":145,"caption":"Diario del Oeste"},"image":{"@id":"https:\/\/diariodeloeste.com\/noticias\/#\/schema\/logo\/image\/"}},{"@type":"Person","@id":"https:\/\/diariodeloeste.com\/noticias\/#\/schema\/person\/1f7be965f8c093432e1cbfcee0ac4047","name":"Redaccion","image":{"@type":"ImageObject","inLanguage":"es-AR","@id":"https:\/\/secure.gravatar.com\/avatar\/f9bc3a12e26b32d818d88f9a5b61de20b559752e499df507efa7ea3cea0550ef?s=96&d=mm&r=g","url":"https:\/\/secure.gravatar.com\/avatar\/f9bc3a12e26b32d818d88f9a5b61de20b559752e499df507efa7ea3cea0550ef?s=96&d=mm&r=g","contentUrl":"https:\/\/secure.gravatar.com\/avatar\/f9bc3a12e26b32d818d88f9a5b61de20b559752e499df507efa7ea3cea0550ef?s=96&d=mm&r=g","caption":"Redaccion"},"url":"https:\/\/diariodeloeste.com\/noticias\/author\/redaccion\/"}]}},"_links":{"self":[{"href":"https:\/\/diariodeloeste.com\/noticias\/wp-json\/wp\/v2\/posts\/9198","targetHints":{"allow":["GET"]}}],"collection":[{"href":"https:\/\/diariodeloeste.com\/noticias\/wp-json\/wp\/v2\/posts"}],"about":[{"href":"https:\/\/diariodeloeste.com\/noticias\/wp-json\/wp\/v2\/types\/post"}],"author":[{"embeddable":true,"href":"https:\/\/diariodeloeste.com\/noticias\/wp-json\/wp\/v2\/users\/3"}],"replies":[{"embeddable":true,"href":"https:\/\/diariodeloeste.com\/noticias\/wp-json\/wp\/v2\/comments?post=9198"}],"version-history":[{"count":1,"href":"https:\/\/diariodeloeste.com\/noticias\/wp-json\/wp\/v2\/posts\/9198\/revisions"}],"predecessor-version":[{"id":9202,"href":"https:\/\/diariodeloeste.com\/noticias\/wp-json\/wp\/v2\/posts\/9198\/revisions\/9202"}],"wp:featuredmedia":[{"embeddable":true,"href":"https:\/\/diariodeloeste.com\/noticias\/wp-json\/wp\/v2\/media\/9199"}],"wp:attachment":[{"href":"https:\/\/diariodeloeste.com\/noticias\/wp-json\/wp\/v2\/media?parent=9198"}],"wp:term":[{"taxonomy":"category","embeddable":true,"href":"https:\/\/diariodeloeste.com\/noticias\/wp-json\/wp\/v2\/categories?post=9198"},{"taxonomy":"post_tag","embeddable":true,"href":"https:\/\/diariodeloeste.com\/noticias\/wp-json\/wp\/v2\/tags?post=9198"}],"curies":[{"name":"wp","href":"https:\/\/api.w.org\/{rel}","templated":true}]}}