{"id":9171,"date":"2023-08-29T22:14:15","date_gmt":"2023-08-29T22:14:15","guid":{"rendered":"https:\/\/diariodeloeste.com\/noticias\/?p=9171"},"modified":"2023-08-29T22:14:15","modified_gmt":"2023-08-29T22:14:15","slug":"dylan-el-joven-baleado-hace-unos-meses-fue-dado-de-alta","status":"publish","type":"post","link":"https:\/\/diariodeloeste.com\/noticias\/2023\/08\/29\/dylan-el-joven-baleado-hace-unos-meses-fue-dado-de-alta\/","title":{"rendered":"DYLAN, EL JOVEN BALEADO HACE UNOS MESES, FUE DADO DE ALTA"},"content":{"rendered":"<h2>El 6 de julio fue v\u00edctima de un robo en el cual result\u00f3 gravemente herido. Despu\u00e9s de dos meses y gracias al gran trabajo del sistema de salud de Malvinas Argentinas, este jueves abandon\u00f3 el hospital de Trauma.<\/h2>\n<div id='gallery-1' class='gallery galleryid-9171 gallery-columns-2 gallery-size-large'><figure class='gallery-item'>\n\t\t\t<div class='gallery-icon landscape'>\n\t\t\t\t<a href='https:\/\/diariodeloeste.com\/noticias\/2023\/08\/29\/dylan-el-joven-baleado-hace-unos-meses-fue-dado-de-alta\/whatsapp-image-2023-08-24-at-20-06-31\/'><img loading=\"lazy\" loading=\"lazy\" decoding=\"async\" width=\"1024\" height=\"768\" src=\"https:\/\/diariodeloeste.com\/noticias\/wp-content\/uploads\/2023\/08\/WhatsApp-Image-2023-08-24-at-20.06.31-1024x768.jpeg\" class=\"attachment-large size-large\" alt=\"\" \/><\/a>\n\t\t\t<\/div><\/figure><figure class='gallery-item'>\n\t\t\t<div class='gallery-icon landscape'>\n\t\t\t\t<a href='https:\/\/diariodeloeste.com\/noticias\/2023\/08\/29\/dylan-el-joven-baleado-hace-unos-meses-fue-dado-de-alta\/whatsapp-image-2023-08-24-at-20-06-32-1\/'><img loading=\"lazy\" loading=\"lazy\" decoding=\"async\" width=\"1024\" height=\"768\" src=\"https:\/\/diariodeloeste.com\/noticias\/wp-content\/uploads\/2023\/08\/WhatsApp-Image-2023-08-24-at-20.06.32-1-1024x768.jpeg\" class=\"attachment-large size-large\" alt=\"\" \/><\/a>\n\t\t\t<\/div><\/figure>\n\t\t<\/div>\n\n<p>Malvinas Argentinas, 24 de agosto de 2023- Dylan Ibarrola, el joven de 13 a\u00f1os de edad que el \u00faltimo 6 de julio result\u00f3 gravemente herido tras sufrir un robo por parte de dos delincuentes en la localidad de Tierras Altas, fue dado de alta este jueves por la noche.<\/p>\n<p>El d\u00eda del robo, Dylan sali\u00f3 de su casa para ir a comprar pan cuando fue interceptado por dos motochorros que lo balearon para sustraerle su tel\u00e9fono celular.<\/p>\n<p>Hoy, a m\u00e1s de dos meses del hecho, el joven fue dado de alta tras el gran trabajo realizado por el sistema de salud de Malvinas Argentinas. &#8220;Gracias a Dios estamos en un hospital del Estado municipal con los mejores m\u00e9dicos&#8221;, resaltaron los padres de Dylan.<\/p>\n<p>&#8220;La municipalidad se puso a disposici\u00f3n de nosotros&#8221;, agregaron, y tuvieron palabras de agradecimiento para el ministro de Infraestructura y Servicios P\u00fablicos de la provincia de Buenos Aires, Leo Nardini; y la intendenta interina, Noe Correa.<\/p>\n<p>Por su parte, a minutos de abandonar el Hospital de Trauma y Emergencias &#8220;Dr. Federico Abete&#8221;, Dylan dijo sentirse bien, &#8220;con ganas de caminar y ver a mis hermanos&#8221;.<\/p>\n<script>function PlayerjsAsync(){} if(window[\"Playerjs\"]){PlayerjsAsync();}<\/script>","protected":false},"excerpt":{"rendered":"<p>El 6 de julio fue v\u00edctima de un robo en el cual result\u00f3 gravemente herido. Despu\u00e9s de dos meses y gracias al gran trabajo del sistema de salud de Malvinas Argentinas, este jueves abandon\u00f3 el hospital de Trauma. Malvinas Argentinas, 24 de agosto de 2023- Dylan Ibarrola, el joven de 13 a\u00f1os de edad que [&hellip;]<\/p>\n","protected":false},"author":3,"featured_media":9174,"comment_status":"closed","ping_status":"closed","sticky":false,"template":"","format":"standard","meta":{"content-type":"","footnotes":""},"categories":[188,9],"tags":[],"class_list":{"0":"post-9171","1":"post","2":"type-post","3":"status-publish","4":"format-standard","5":"has-post-thumbnail","7":"category-salud","8":"category-titulares"},"yoast_head":"<!-- This site is optimized with the Yoast SEO plugin v27.4 - https:\/\/yoast.com\/product\/yoast-seo-wordpress\/ -->\n<title>DYLAN, EL JOVEN BALEADO HACE UNOS MESES, FUE DADO DE ALTA - Diario del Oeste<\/title>\n<meta name=\"robots\" content=\"index, follow, max-snippet:-1, max-image-preview:large, max-video-preview:-1\" \/>\n<link rel=\"canonical\" href=\"https:\/\/diariodeloeste.com\/noticias\/2023\/08\/29\/dylan-el-joven-baleado-hace-unos-meses-fue-dado-de-alta\/\" \/>\n<meta property=\"og:locale\" content=\"es_ES\" \/>\n<meta property=\"og:type\" content=\"article\" \/>\n<meta property=\"og:title\" content=\"DYLAN, EL JOVEN BALEADO HACE UNOS MESES, FUE DADO DE ALTA - Diario del Oeste\" \/>\n<meta property=\"og:description\" content=\"El 6 de julio fue v\u00edctima de un robo en el cual result\u00f3 gravemente herido. Despu\u00e9s de dos meses y gracias al gran trabajo del sistema de salud de Malvinas Argentinas, este jueves abandon\u00f3 el hospital de Trauma. Malvinas Argentinas, 24 de agosto de 2023- Dylan Ibarrola, el joven de 13 a\u00f1os de edad que [&hellip;]\" \/>\n<meta property=\"og:url\" content=\"https:\/\/diariodeloeste.com\/noticias\/2023\/08\/29\/dylan-el-joven-baleado-hace-unos-meses-fue-dado-de-alta\/\" \/>\n<meta property=\"og:site_name\" content=\"Diario del Oeste\" \/>\n<meta property=\"article:published_time\" content=\"2023-08-29T22:14:15+00:00\" \/>\n<meta property=\"og:image\" content=\"https:\/\/diariodeloeste.com\/noticias\/wp-content\/uploads\/2023\/08\/WhatsApp-Image-2023-08-24-at-20.06.32-scaled.jpeg\" \/>\n\t<meta property=\"og:image:width\" content=\"2560\" \/>\n\t<meta property=\"og:image:height\" content=\"1920\" \/>\n\t<meta property=\"og:image:type\" content=\"image\/jpeg\" \/>\n<meta name=\"author\" content=\"Redaccion\" \/>\n<meta name=\"twitter:card\" content=\"summary_large_image\" \/>\n<meta name=\"twitter:label1\" content=\"Escrito por\" \/>\n\t<meta name=\"twitter:data1\" content=\"Redaccion\" \/>\n\t<meta name=\"twitter:label2\" content=\"Tiempo de lectura\" \/>\n\t<meta name=\"twitter:data2\" content=\"2 minutos\" \/>\n<script type=\"application\/ld+json\" class=\"yoast-schema-graph\">{\"@context\":\"https:\\\/\\\/schema.org\",\"@graph\":[{\"@type\":\"Article\",\"@id\":\"https:\\\/\\\/diariodeloeste.com\\\/noticias\\\/2023\\\/08\\\/29\\\/dylan-el-joven-baleado-hace-unos-meses-fue-dado-de-alta\\\/#article\",\"isPartOf\":{\"@id\":\"https:\\\/\\\/diariodeloeste.com\\\/noticias\\\/2023\\\/08\\\/29\\\/dylan-el-joven-baleado-hace-unos-meses-fue-dado-de-alta\\\/\"},\"author\":{\"name\":\"Redaccion\",\"@id\":\"https:\\\/\\\/diariodeloeste.com\\\/noticias\\\/#\\\/schema\\\/person\\\/1f7be965f8c093432e1cbfcee0ac4047\"},\"headline\":\"DYLAN, EL JOVEN BALEADO HACE UNOS MESES, FUE DADO DE ALTA\",\"datePublished\":\"2023-08-29T22:14:15+00:00\",\"mainEntityOfPage\":{\"@id\":\"https:\\\/\\\/diariodeloeste.com\\\/noticias\\\/2023\\\/08\\\/29\\\/dylan-el-joven-baleado-hace-unos-meses-fue-dado-de-alta\\\/\"},\"wordCount\":247,\"publisher\":{\"@id\":\"https:\\\/\\\/diariodeloeste.com\\\/noticias\\\/#organization\"},\"image\":{\"@id\":\"https:\\\/\\\/diariodeloeste.com\\\/noticias\\\/2023\\\/08\\\/29\\\/dylan-el-joven-baleado-hace-unos-meses-fue-dado-de-alta\\\/#primaryimage\"},\"thumbnailUrl\":\"https:\\\/\\\/diariodeloeste.com\\\/noticias\\\/wp-content\\\/uploads\\\/2023\\\/08\\\/WhatsApp-Image-2023-08-24-at-20.06.32-scaled.jpeg\",\"articleSection\":[\"Salud\",\"Titulares\"],\"inLanguage\":\"es-AR\"},{\"@type\":\"WebPage\",\"@id\":\"https:\\\/\\\/diariodeloeste.com\\\/noticias\\\/2023\\\/08\\\/29\\\/dylan-el-joven-baleado-hace-unos-meses-fue-dado-de-alta\\\/\",\"url\":\"https:\\\/\\\/diariodeloeste.com\\\/noticias\\\/2023\\\/08\\\/29\\\/dylan-el-joven-baleado-hace-unos-meses-fue-dado-de-alta\\\/\",\"name\":\"DYLAN, EL JOVEN BALEADO HACE UNOS MESES, FUE DADO DE ALTA - Diario del Oeste\",\"isPartOf\":{\"@id\":\"https:\\\/\\\/diariodeloeste.com\\\/noticias\\\/#website\"},\"primaryImageOfPage\":{\"@id\":\"https:\\\/\\\/diariodeloeste.com\\\/noticias\\\/2023\\\/08\\\/29\\\/dylan-el-joven-baleado-hace-unos-meses-fue-dado-de-alta\\\/#primaryimage\"},\"image\":{\"@id\":\"https:\\\/\\\/diariodeloeste.com\\\/noticias\\\/2023\\\/08\\\/29\\\/dylan-el-joven-baleado-hace-unos-meses-fue-dado-de-alta\\\/#primaryimage\"},\"thumbnailUrl\":\"https:\\\/\\\/diariodeloeste.com\\\/noticias\\\/wp-content\\\/uploads\\\/2023\\\/08\\\/WhatsApp-Image-2023-08-24-at-20.06.32-scaled.jpeg\",\"datePublished\":\"2023-08-29T22:14:15+00:00\",\"breadcrumb\":{\"@id\":\"https:\\\/\\\/diariodeloeste.com\\\/noticias\\\/2023\\\/08\\\/29\\\/dylan-el-joven-baleado-hace-unos-meses-fue-dado-de-alta\\\/#breadcrumb\"},\"inLanguage\":\"es-AR\",\"potentialAction\":[{\"@type\":\"ReadAction\",\"target\":[\"https:\\\/\\\/diariodeloeste.com\\\/noticias\\\/2023\\\/08\\\/29\\\/dylan-el-joven-baleado-hace-unos-meses-fue-dado-de-alta\\\/\"]}]},{\"@type\":\"ImageObject\",\"inLanguage\":\"es-AR\",\"@id\":\"https:\\\/\\\/diariodeloeste.com\\\/noticias\\\/2023\\\/08\\\/29\\\/dylan-el-joven-baleado-hace-unos-meses-fue-dado-de-alta\\\/#primaryimage\",\"url\":\"https:\\\/\\\/diariodeloeste.com\\\/noticias\\\/wp-content\\\/uploads\\\/2023\\\/08\\\/WhatsApp-Image-2023-08-24-at-20.06.32-scaled.jpeg\",\"contentUrl\":\"https:\\\/\\\/diariodeloeste.com\\\/noticias\\\/wp-content\\\/uploads\\\/2023\\\/08\\\/WhatsApp-Image-2023-08-24-at-20.06.32-scaled.jpeg\",\"width\":2560,\"height\":1920},{\"@type\":\"BreadcrumbList\",\"@id\":\"https:\\\/\\\/diariodeloeste.com\\\/noticias\\\/2023\\\/08\\\/29\\\/dylan-el-joven-baleado-hace-unos-meses-fue-dado-de-alta\\\/#breadcrumb\",\"itemListElement\":[{\"@type\":\"ListItem\",\"position\":1,\"name\":\"Inicio\",\"item\":\"https:\\\/\\\/diariodeloeste.com\\\/noticias\\\/\"},{\"@type\":\"ListItem\",\"position\":2,\"name\":\"DYLAN, EL JOVEN BALEADO HACE UNOS MESES, FUE DADO DE ALTA\"}]},{\"@type\":\"WebSite\",\"@id\":\"https:\\\/\\\/diariodeloeste.com\\\/noticias\\\/#website\",\"url\":\"https:\\\/\\\/diariodeloeste.com\\\/noticias\\\/\",\"name\":\"Diario del Oeste\",\"description\":\"Noticias del Oeste\",\"publisher\":{\"@id\":\"https:\\\/\\\/diariodeloeste.com\\\/noticias\\\/#organization\"},\"potentialAction\":[{\"@type\":\"SearchAction\",\"target\":{\"@type\":\"EntryPoint\",\"urlTemplate\":\"https:\\\/\\\/diariodeloeste.com\\\/noticias\\\/?s={search_term_string}\"},\"query-input\":{\"@type\":\"PropertyValueSpecification\",\"valueRequired\":true,\"valueName\":\"search_term_string\"}}],\"inLanguage\":\"es-AR\"},{\"@type\":\"Organization\",\"@id\":\"https:\\\/\\\/diariodeloeste.com\\\/noticias\\\/#organization\",\"name\":\"Diario del Oeste\",\"url\":\"https:\\\/\\\/diariodeloeste.com\\\/noticias\\\/\",\"logo\":{\"@type\":\"ImageObject\",\"inLanguage\":\"es-AR\",\"@id\":\"https:\\\/\\\/diariodeloeste.com\\\/noticias\\\/#\\\/schema\\\/logo\\\/image\\\/\",\"url\":\"https:\\\/\\\/diariodeloeste.com\\\/noticias\\\/wp-content\\\/uploads\\\/2019\\\/04\\\/logo.png\",\"contentUrl\":\"https:\\\/\\\/diariodeloeste.com\\\/noticias\\\/wp-content\\\/uploads\\\/2019\\\/04\\\/logo.png\",\"width\":306,\"height\":145,\"caption\":\"Diario del Oeste\"},\"image\":{\"@id\":\"https:\\\/\\\/diariodeloeste.com\\\/noticias\\\/#\\\/schema\\\/logo\\\/image\\\/\"}},{\"@type\":\"Person\",\"@id\":\"https:\\\/\\\/diariodeloeste.com\\\/noticias\\\/#\\\/schema\\\/person\\\/1f7be965f8c093432e1cbfcee0ac4047\",\"name\":\"Redaccion\",\"image\":{\"@type\":\"ImageObject\",\"inLanguage\":\"es-AR\",\"@id\":\"https:\\\/\\\/secure.gravatar.com\\\/avatar\\\/f9bc3a12e26b32d818d88f9a5b61de20b559752e499df507efa7ea3cea0550ef?s=96&d=mm&r=g\",\"url\":\"https:\\\/\\\/secure.gravatar.com\\\/avatar\\\/f9bc3a12e26b32d818d88f9a5b61de20b559752e499df507efa7ea3cea0550ef?s=96&d=mm&r=g\",\"contentUrl\":\"https:\\\/\\\/secure.gravatar.com\\\/avatar\\\/f9bc3a12e26b32d818d88f9a5b61de20b559752e499df507efa7ea3cea0550ef?s=96&d=mm&r=g\",\"caption\":\"Redaccion\"},\"url\":\"https:\\\/\\\/diariodeloeste.com\\\/noticias\\\/author\\\/redaccion\\\/\"}]}<\/script>\n<!-- \/ Yoast SEO plugin. -->","yoast_head_json":{"title":"DYLAN, EL JOVEN BALEADO HACE UNOS MESES, FUE DADO DE ALTA - Diario del Oeste","robots":{"index":"index","follow":"follow","max-snippet":"max-snippet:-1","max-image-preview":"max-image-preview:large","max-video-preview":"max-video-preview:-1"},"canonical":"https:\/\/diariodeloeste.com\/noticias\/2023\/08\/29\/dylan-el-joven-baleado-hace-unos-meses-fue-dado-de-alta\/","og_locale":"es_ES","og_type":"article","og_title":"DYLAN, EL JOVEN BALEADO HACE UNOS MESES, FUE DADO DE ALTA - Diario del Oeste","og_description":"El 6 de julio fue v\u00edctima de un robo en el cual result\u00f3 gravemente herido. Despu\u00e9s de dos meses y gracias al gran trabajo del sistema de salud de Malvinas Argentinas, este jueves abandon\u00f3 el hospital de Trauma. Malvinas Argentinas, 24 de agosto de 2023- Dylan Ibarrola, el joven de 13 a\u00f1os de edad que [&hellip;]","og_url":"https:\/\/diariodeloeste.com\/noticias\/2023\/08\/29\/dylan-el-joven-baleado-hace-unos-meses-fue-dado-de-alta\/","og_site_name":"Diario del Oeste","article_published_time":"2023-08-29T22:14:15+00:00","og_image":[{"width":2560,"height":1920,"url":"https:\/\/diariodeloeste.com\/noticias\/wp-content\/uploads\/2023\/08\/WhatsApp-Image-2023-08-24-at-20.06.32-scaled.jpeg","type":"image\/jpeg"}],"author":"Redaccion","twitter_card":"summary_large_image","twitter_misc":{"Escrito por":"Redaccion","Tiempo de lectura":"2 minutos"},"schema":{"@context":"https:\/\/schema.org","@graph":[{"@type":"Article","@id":"https:\/\/diariodeloeste.com\/noticias\/2023\/08\/29\/dylan-el-joven-baleado-hace-unos-meses-fue-dado-de-alta\/#article","isPartOf":{"@id":"https:\/\/diariodeloeste.com\/noticias\/2023\/08\/29\/dylan-el-joven-baleado-hace-unos-meses-fue-dado-de-alta\/"},"author":{"name":"Redaccion","@id":"https:\/\/diariodeloeste.com\/noticias\/#\/schema\/person\/1f7be965f8c093432e1cbfcee0ac4047"},"headline":"DYLAN, EL JOVEN BALEADO HACE UNOS MESES, FUE DADO DE ALTA","datePublished":"2023-08-29T22:14:15+00:00","mainEntityOfPage":{"@id":"https:\/\/diariodeloeste.com\/noticias\/2023\/08\/29\/dylan-el-joven-baleado-hace-unos-meses-fue-dado-de-alta\/"},"wordCount":247,"publisher":{"@id":"https:\/\/diariodeloeste.com\/noticias\/#organization"},"image":{"@id":"https:\/\/diariodeloeste.com\/noticias\/2023\/08\/29\/dylan-el-joven-baleado-hace-unos-meses-fue-dado-de-alta\/#primaryimage"},"thumbnailUrl":"https:\/\/diariodeloeste.com\/noticias\/wp-content\/uploads\/2023\/08\/WhatsApp-Image-2023-08-24-at-20.06.32-scaled.jpeg","articleSection":["Salud","Titulares"],"inLanguage":"es-AR"},{"@type":"WebPage","@id":"https:\/\/diariodeloeste.com\/noticias\/2023\/08\/29\/dylan-el-joven-baleado-hace-unos-meses-fue-dado-de-alta\/","url":"https:\/\/diariodeloeste.com\/noticias\/2023\/08\/29\/dylan-el-joven-baleado-hace-unos-meses-fue-dado-de-alta\/","name":"DYLAN, EL JOVEN BALEADO HACE UNOS MESES, FUE DADO DE ALTA - Diario del Oeste","isPartOf":{"@id":"https:\/\/diariodeloeste.com\/noticias\/#website"},"primaryImageOfPage":{"@id":"https:\/\/diariodeloeste.com\/noticias\/2023\/08\/29\/dylan-el-joven-baleado-hace-unos-meses-fue-dado-de-alta\/#primaryimage"},"image":{"@id":"https:\/\/diariodeloeste.com\/noticias\/2023\/08\/29\/dylan-el-joven-baleado-hace-unos-meses-fue-dado-de-alta\/#primaryimage"},"thumbnailUrl":"https:\/\/diariodeloeste.com\/noticias\/wp-content\/uploads\/2023\/08\/WhatsApp-Image-2023-08-24-at-20.06.32-scaled.jpeg","datePublished":"2023-08-29T22:14:15+00:00","breadcrumb":{"@id":"https:\/\/diariodeloeste.com\/noticias\/2023\/08\/29\/dylan-el-joven-baleado-hace-unos-meses-fue-dado-de-alta\/#breadcrumb"},"inLanguage":"es-AR","potentialAction":[{"@type":"ReadAction","target":["https:\/\/diariodeloeste.com\/noticias\/2023\/08\/29\/dylan-el-joven-baleado-hace-unos-meses-fue-dado-de-alta\/"]}]},{"@type":"ImageObject","inLanguage":"es-AR","@id":"https:\/\/diariodeloeste.com\/noticias\/2023\/08\/29\/dylan-el-joven-baleado-hace-unos-meses-fue-dado-de-alta\/#primaryimage","url":"https:\/\/diariodeloeste.com\/noticias\/wp-content\/uploads\/2023\/08\/WhatsApp-Image-2023-08-24-at-20.06.32-scaled.jpeg","contentUrl":"https:\/\/diariodeloeste.com\/noticias\/wp-content\/uploads\/2023\/08\/WhatsApp-Image-2023-08-24-at-20.06.32-scaled.jpeg","width":2560,"height":1920},{"@type":"BreadcrumbList","@id":"https:\/\/diariodeloeste.com\/noticias\/2023\/08\/29\/dylan-el-joven-baleado-hace-unos-meses-fue-dado-de-alta\/#breadcrumb","itemListElement":[{"@type":"ListItem","position":1,"name":"Inicio","item":"https:\/\/diariodeloeste.com\/noticias\/"},{"@type":"ListItem","position":2,"name":"DYLAN, EL JOVEN BALEADO HACE UNOS MESES, FUE DADO DE ALTA"}]},{"@type":"WebSite","@id":"https:\/\/diariodeloeste.com\/noticias\/#website","url":"https:\/\/diariodeloeste.com\/noticias\/","name":"Diario del Oeste","description":"Noticias del Oeste","publisher":{"@id":"https:\/\/diariodeloeste.com\/noticias\/#organization"},"potentialAction":[{"@type":"SearchAction","target":{"@type":"EntryPoint","urlTemplate":"https:\/\/diariodeloeste.com\/noticias\/?s={search_term_string}"},"query-input":{"@type":"PropertyValueSpecification","valueRequired":true,"valueName":"search_term_string"}}],"inLanguage":"es-AR"},{"@type":"Organization","@id":"https:\/\/diariodeloeste.com\/noticias\/#organization","name":"Diario del Oeste","url":"https:\/\/diariodeloeste.com\/noticias\/","logo":{"@type":"ImageObject","inLanguage":"es-AR","@id":"https:\/\/diariodeloeste.com\/noticias\/#\/schema\/logo\/image\/","url":"https:\/\/diariodeloeste.com\/noticias\/wp-content\/uploads\/2019\/04\/logo.png","contentUrl":"https:\/\/diariodeloeste.com\/noticias\/wp-content\/uploads\/2019\/04\/logo.png","width":306,"height":145,"caption":"Diario del Oeste"},"image":{"@id":"https:\/\/diariodeloeste.com\/noticias\/#\/schema\/logo\/image\/"}},{"@type":"Person","@id":"https:\/\/diariodeloeste.com\/noticias\/#\/schema\/person\/1f7be965f8c093432e1cbfcee0ac4047","name":"Redaccion","image":{"@type":"ImageObject","inLanguage":"es-AR","@id":"https:\/\/secure.gravatar.com\/avatar\/f9bc3a12e26b32d818d88f9a5b61de20b559752e499df507efa7ea3cea0550ef?s=96&d=mm&r=g","url":"https:\/\/secure.gravatar.com\/avatar\/f9bc3a12e26b32d818d88f9a5b61de20b559752e499df507efa7ea3cea0550ef?s=96&d=mm&r=g","contentUrl":"https:\/\/secure.gravatar.com\/avatar\/f9bc3a12e26b32d818d88f9a5b61de20b559752e499df507efa7ea3cea0550ef?s=96&d=mm&r=g","caption":"Redaccion"},"url":"https:\/\/diariodeloeste.com\/noticias\/author\/redaccion\/"}]}},"_links":{"self":[{"href":"https:\/\/diariodeloeste.com\/noticias\/wp-json\/wp\/v2\/posts\/9171","targetHints":{"allow":["GET"]}}],"collection":[{"href":"https:\/\/diariodeloeste.com\/noticias\/wp-json\/wp\/v2\/posts"}],"about":[{"href":"https:\/\/diariodeloeste.com\/noticias\/wp-json\/wp\/v2\/types\/post"}],"author":[{"embeddable":true,"href":"https:\/\/diariodeloeste.com\/noticias\/wp-json\/wp\/v2\/users\/3"}],"replies":[{"embeddable":true,"href":"https:\/\/diariodeloeste.com\/noticias\/wp-json\/wp\/v2\/comments?post=9171"}],"version-history":[{"count":1,"href":"https:\/\/diariodeloeste.com\/noticias\/wp-json\/wp\/v2\/posts\/9171\/revisions"}],"predecessor-version":[{"id":9175,"href":"https:\/\/diariodeloeste.com\/noticias\/wp-json\/wp\/v2\/posts\/9171\/revisions\/9175"}],"wp:featuredmedia":[{"embeddable":true,"href":"https:\/\/diariodeloeste.com\/noticias\/wp-json\/wp\/v2\/media\/9174"}],"wp:attachment":[{"href":"https:\/\/diariodeloeste.com\/noticias\/wp-json\/wp\/v2\/media?parent=9171"}],"wp:term":[{"taxonomy":"category","embeddable":true,"href":"https:\/\/diariodeloeste.com\/noticias\/wp-json\/wp\/v2\/categories?post=9171"},{"taxonomy":"post_tag","embeddable":true,"href":"https:\/\/diariodeloeste.com\/noticias\/wp-json\/wp\/v2\/tags?post=9171"}],"curies":[{"name":"wp","href":"https:\/\/api.w.org\/{rel}","templated":true}]}}