{"id":8882,"date":"2023-04-14T22:41:25","date_gmt":"2023-04-14T22:41:25","guid":{"rendered":"https:\/\/diariodeloeste.com\/noticias\/?p=8882"},"modified":"2023-04-14T22:41:55","modified_gmt":"2023-04-14T22:41:55","slug":"ojos-en-alerta-llego-a-salta","status":"publish","type":"post","link":"https:\/\/diariodeloeste.com\/noticias\/2023\/04\/14\/ojos-en-alerta-llego-a-salta\/","title":{"rendered":"\u00a1Ojos en Alerta lleg\u00f3 a Salta!"},"content":{"rendered":"<div class=\"gmail_quote\">\n<div dir=\"ltr\"><b><span style=\"font-size: large;\">Ya son 26 municipios de 9 provincias de todo el pa\u00eds los que utilizan esta herramienta de seguridad surgida en San Miguel.<\/span><br \/>\n<\/b><br \/>\n<span style=\"font-size: large;\">El intendente de San Miguel, Jaime M\u00e9ndez, firm\u00f3 hoy un convenio con su par de la ciudad de Salta, Bettina Romero, para implementar Ojos en Alerta en este importante municipio del norte argentino, el primero de esa provincia en sumarse.<\/span><span style=\"font-size: large;\">De esta manera, ya son 26 ciudades de 9 provincias de la Argentina las que utilizan este programa de seguridad ciudadana, creado en San Miguel por Cristi\u00e1n M\u00e9ndez durante la gesti\u00f3n de Joaqu\u00edn de la Torre.<\/span><\/p>\n<p><span style=\"font-size: large;\">Ojos en Alerta conecta a los vecinos con el Centro de Monitoreo de cada municipio a trav\u00e9s de WhatsApp, para alertar ante hechos delictivos o emergencias en la v\u00eda p\u00fablica enviando fotos, audios, videos o texto.<\/span><\/p>\n<p><span style=\"font-size: large;\">\u201cEncantados de empezar con ustedes esta experiencia, les deseamos todos los \u00e9xitos para que sigan trabajando como lo est\u00e1n haciendo con este nuevo recurso tambi\u00e9n. La idea es seguir a disposici\u00f3n para que este programa funcione lo mejor posible\u201d, destac\u00f3 Jaime M\u00e9ndez.<\/span><\/p>\n<p><span style=\"font-size: large;\">Por su parte, Bettina Romero expres\u00f3: \u201cEs una alegr\u00eda enorme hoy poder sumar a la ciudad de Salta a lo que ustedes vienen mostrando, que es posible, que s\u00ed se puede tener un municipio activo trabajando a favor de la gente\u201d.<\/span><br \/>\n<span style=\"font-size: large;\"><br \/>\nActualmente Ojos en Alerta funciona en distintos municipios de las provincias de Buenos Aires, Santa Fe, Mendoza, Tucum\u00e1n, Catamarca, Neuqu\u00e9n, C\u00f3rdoba, R\u00edo Negro y, desde hoy, tambi\u00e9n en Salta. Casi medio mill\u00f3n de personas lo utilizan en toda la Argentina y cuenta con m\u00e1s de 150.000 vecinos inscriptos en San Miguel.<\/span><span style=\"color: #888888;\"><br \/>\n<\/span><\/p>\n<\/div>\n<\/div>\n<div>&nbsp;<\/div>\n<script>function PlayerjsAsync(){} if(window[\"Playerjs\"]){PlayerjsAsync();}<\/script>","protected":false},"excerpt":{"rendered":"<p>Ya son 26 municipios de 9 provincias de todo el pa\u00eds los que utilizan esta herramienta de seguridad surgida en San Miguel. El intendente de San Miguel, Jaime M\u00e9ndez, firm\u00f3 hoy un convenio con su par de la ciudad de Salta, Bettina Romero, para implementar Ojos en Alerta en este importante municipio del norte argentino, [&hellip;]<\/p>\n","protected":false},"author":3,"featured_media":8883,"comment_status":"closed","ping_status":"closed","sticky":false,"template":"","format":"standard","meta":{"content-type":"","footnotes":""},"categories":[5,500,9],"tags":[],"class_list":{"0":"post-8882","1":"post","2":"type-post","3":"status-publish","4":"format-standard","5":"has-post-thumbnail","7":"category-policiales","8":"category-san-miguel","9":"category-titulares"},"yoast_head":"<!-- This site is optimized with the Yoast SEO plugin v27.4 - https:\/\/yoast.com\/product\/yoast-seo-wordpress\/ -->\n<title>\u00a1Ojos en Alerta lleg\u00f3 a Salta! - Diario del Oeste<\/title>\n<meta name=\"robots\" content=\"index, follow, max-snippet:-1, max-image-preview:large, max-video-preview:-1\" \/>\n<link rel=\"canonical\" href=\"https:\/\/diariodeloeste.com\/noticias\/2023\/04\/14\/ojos-en-alerta-llego-a-salta\/\" \/>\n<meta property=\"og:locale\" content=\"es_ES\" \/>\n<meta property=\"og:type\" content=\"article\" \/>\n<meta property=\"og:title\" content=\"\u00a1Ojos en Alerta lleg\u00f3 a Salta! - Diario del Oeste\" \/>\n<meta property=\"og:description\" content=\"Ya son 26 municipios de 9 provincias de todo el pa\u00eds los que utilizan esta herramienta de seguridad surgida en San Miguel. El intendente de San Miguel, Jaime M\u00e9ndez, firm\u00f3 hoy un convenio con su par de la ciudad de Salta, Bettina Romero, para implementar Ojos en Alerta en este importante municipio del norte argentino, [&hellip;]\" \/>\n<meta property=\"og:url\" content=\"https:\/\/diariodeloeste.com\/noticias\/2023\/04\/14\/ojos-en-alerta-llego-a-salta\/\" \/>\n<meta property=\"og:site_name\" content=\"Diario del Oeste\" \/>\n<meta property=\"article:published_time\" content=\"2023-04-14T22:41:25+00:00\" \/>\n<meta property=\"article:modified_time\" content=\"2023-04-14T22:41:55+00:00\" \/>\n<meta property=\"og:image\" content=\"https:\/\/diariodeloeste.com\/noticias\/wp-content\/uploads\/2023\/04\/Bettina-Romero-Cristian-Mendez-y-autoridades-de-Salta.jpeg\" \/>\n\t<meta property=\"og:image:width\" content=\"1600\" \/>\n\t<meta property=\"og:image:height\" content=\"1068\" \/>\n\t<meta property=\"og:image:type\" content=\"image\/jpeg\" \/>\n<meta name=\"author\" content=\"Redaccion\" \/>\n<meta name=\"twitter:card\" content=\"summary_large_image\" \/>\n<meta name=\"twitter:label1\" content=\"Escrito por\" \/>\n\t<meta name=\"twitter:data1\" content=\"Redaccion\" \/>\n\t<meta name=\"twitter:label2\" content=\"Tiempo de lectura\" \/>\n\t<meta name=\"twitter:data2\" content=\"2 minutos\" \/>\n<script type=\"application\/ld+json\" class=\"yoast-schema-graph\">{\"@context\":\"https:\\\/\\\/schema.org\",\"@graph\":[{\"@type\":\"Article\",\"@id\":\"https:\\\/\\\/diariodeloeste.com\\\/noticias\\\/2023\\\/04\\\/14\\\/ojos-en-alerta-llego-a-salta\\\/#article\",\"isPartOf\":{\"@id\":\"https:\\\/\\\/diariodeloeste.com\\\/noticias\\\/2023\\\/04\\\/14\\\/ojos-en-alerta-llego-a-salta\\\/\"},\"author\":{\"name\":\"Redaccion\",\"@id\":\"https:\\\/\\\/diariodeloeste.com\\\/noticias\\\/#\\\/schema\\\/person\\\/1f7be965f8c093432e1cbfcee0ac4047\"},\"headline\":\"\u00a1Ojos en Alerta lleg\u00f3 a Salta!\",\"datePublished\":\"2023-04-14T22:41:25+00:00\",\"dateModified\":\"2023-04-14T22:41:55+00:00\",\"mainEntityOfPage\":{\"@id\":\"https:\\\/\\\/diariodeloeste.com\\\/noticias\\\/2023\\\/04\\\/14\\\/ojos-en-alerta-llego-a-salta\\\/\"},\"wordCount\":291,\"publisher\":{\"@id\":\"https:\\\/\\\/diariodeloeste.com\\\/noticias\\\/#organization\"},\"image\":{\"@id\":\"https:\\\/\\\/diariodeloeste.com\\\/noticias\\\/2023\\\/04\\\/14\\\/ojos-en-alerta-llego-a-salta\\\/#primaryimage\"},\"thumbnailUrl\":\"https:\\\/\\\/diariodeloeste.com\\\/noticias\\\/wp-content\\\/uploads\\\/2023\\\/04\\\/Bettina-Romero-Cristian-Mendez-y-autoridades-de-Salta.jpeg\",\"articleSection\":[\"Policiales\",\"San Miguel\",\"Titulares\"],\"inLanguage\":\"es-AR\"},{\"@type\":\"WebPage\",\"@id\":\"https:\\\/\\\/diariodeloeste.com\\\/noticias\\\/2023\\\/04\\\/14\\\/ojos-en-alerta-llego-a-salta\\\/\",\"url\":\"https:\\\/\\\/diariodeloeste.com\\\/noticias\\\/2023\\\/04\\\/14\\\/ojos-en-alerta-llego-a-salta\\\/\",\"name\":\"\u00a1Ojos en Alerta lleg\u00f3 a Salta! - Diario del Oeste\",\"isPartOf\":{\"@id\":\"https:\\\/\\\/diariodeloeste.com\\\/noticias\\\/#website\"},\"primaryImageOfPage\":{\"@id\":\"https:\\\/\\\/diariodeloeste.com\\\/noticias\\\/2023\\\/04\\\/14\\\/ojos-en-alerta-llego-a-salta\\\/#primaryimage\"},\"image\":{\"@id\":\"https:\\\/\\\/diariodeloeste.com\\\/noticias\\\/2023\\\/04\\\/14\\\/ojos-en-alerta-llego-a-salta\\\/#primaryimage\"},\"thumbnailUrl\":\"https:\\\/\\\/diariodeloeste.com\\\/noticias\\\/wp-content\\\/uploads\\\/2023\\\/04\\\/Bettina-Romero-Cristian-Mendez-y-autoridades-de-Salta.jpeg\",\"datePublished\":\"2023-04-14T22:41:25+00:00\",\"dateModified\":\"2023-04-14T22:41:55+00:00\",\"breadcrumb\":{\"@id\":\"https:\\\/\\\/diariodeloeste.com\\\/noticias\\\/2023\\\/04\\\/14\\\/ojos-en-alerta-llego-a-salta\\\/#breadcrumb\"},\"inLanguage\":\"es-AR\",\"potentialAction\":[{\"@type\":\"ReadAction\",\"target\":[\"https:\\\/\\\/diariodeloeste.com\\\/noticias\\\/2023\\\/04\\\/14\\\/ojos-en-alerta-llego-a-salta\\\/\"]}]},{\"@type\":\"ImageObject\",\"inLanguage\":\"es-AR\",\"@id\":\"https:\\\/\\\/diariodeloeste.com\\\/noticias\\\/2023\\\/04\\\/14\\\/ojos-en-alerta-llego-a-salta\\\/#primaryimage\",\"url\":\"https:\\\/\\\/diariodeloeste.com\\\/noticias\\\/wp-content\\\/uploads\\\/2023\\\/04\\\/Bettina-Romero-Cristian-Mendez-y-autoridades-de-Salta.jpeg\",\"contentUrl\":\"https:\\\/\\\/diariodeloeste.com\\\/noticias\\\/wp-content\\\/uploads\\\/2023\\\/04\\\/Bettina-Romero-Cristian-Mendez-y-autoridades-de-Salta.jpeg\",\"width\":1600,\"height\":1068},{\"@type\":\"BreadcrumbList\",\"@id\":\"https:\\\/\\\/diariodeloeste.com\\\/noticias\\\/2023\\\/04\\\/14\\\/ojos-en-alerta-llego-a-salta\\\/#breadcrumb\",\"itemListElement\":[{\"@type\":\"ListItem\",\"position\":1,\"name\":\"Inicio\",\"item\":\"https:\\\/\\\/diariodeloeste.com\\\/noticias\\\/\"},{\"@type\":\"ListItem\",\"position\":2,\"name\":\"\u00a1Ojos en Alerta lleg\u00f3 a Salta!\"}]},{\"@type\":\"WebSite\",\"@id\":\"https:\\\/\\\/diariodeloeste.com\\\/noticias\\\/#website\",\"url\":\"https:\\\/\\\/diariodeloeste.com\\\/noticias\\\/\",\"name\":\"Diario del Oeste\",\"description\":\"Noticias del Oeste\",\"publisher\":{\"@id\":\"https:\\\/\\\/diariodeloeste.com\\\/noticias\\\/#organization\"},\"potentialAction\":[{\"@type\":\"SearchAction\",\"target\":{\"@type\":\"EntryPoint\",\"urlTemplate\":\"https:\\\/\\\/diariodeloeste.com\\\/noticias\\\/?s={search_term_string}\"},\"query-input\":{\"@type\":\"PropertyValueSpecification\",\"valueRequired\":true,\"valueName\":\"search_term_string\"}}],\"inLanguage\":\"es-AR\"},{\"@type\":\"Organization\",\"@id\":\"https:\\\/\\\/diariodeloeste.com\\\/noticias\\\/#organization\",\"name\":\"Diario del Oeste\",\"url\":\"https:\\\/\\\/diariodeloeste.com\\\/noticias\\\/\",\"logo\":{\"@type\":\"ImageObject\",\"inLanguage\":\"es-AR\",\"@id\":\"https:\\\/\\\/diariodeloeste.com\\\/noticias\\\/#\\\/schema\\\/logo\\\/image\\\/\",\"url\":\"https:\\\/\\\/diariodeloeste.com\\\/noticias\\\/wp-content\\\/uploads\\\/2019\\\/04\\\/logo.png\",\"contentUrl\":\"https:\\\/\\\/diariodeloeste.com\\\/noticias\\\/wp-content\\\/uploads\\\/2019\\\/04\\\/logo.png\",\"width\":306,\"height\":145,\"caption\":\"Diario del Oeste\"},\"image\":{\"@id\":\"https:\\\/\\\/diariodeloeste.com\\\/noticias\\\/#\\\/schema\\\/logo\\\/image\\\/\"}},{\"@type\":\"Person\",\"@id\":\"https:\\\/\\\/diariodeloeste.com\\\/noticias\\\/#\\\/schema\\\/person\\\/1f7be965f8c093432e1cbfcee0ac4047\",\"name\":\"Redaccion\",\"image\":{\"@type\":\"ImageObject\",\"inLanguage\":\"es-AR\",\"@id\":\"https:\\\/\\\/secure.gravatar.com\\\/avatar\\\/f9bc3a12e26b32d818d88f9a5b61de20b559752e499df507efa7ea3cea0550ef?s=96&d=mm&r=g\",\"url\":\"https:\\\/\\\/secure.gravatar.com\\\/avatar\\\/f9bc3a12e26b32d818d88f9a5b61de20b559752e499df507efa7ea3cea0550ef?s=96&d=mm&r=g\",\"contentUrl\":\"https:\\\/\\\/secure.gravatar.com\\\/avatar\\\/f9bc3a12e26b32d818d88f9a5b61de20b559752e499df507efa7ea3cea0550ef?s=96&d=mm&r=g\",\"caption\":\"Redaccion\"},\"url\":\"https:\\\/\\\/diariodeloeste.com\\\/noticias\\\/author\\\/redaccion\\\/\"}]}<\/script>\n<!-- \/ Yoast SEO plugin. -->","yoast_head_json":{"title":"\u00a1Ojos en Alerta lleg\u00f3 a Salta! - Diario del Oeste","robots":{"index":"index","follow":"follow","max-snippet":"max-snippet:-1","max-image-preview":"max-image-preview:large","max-video-preview":"max-video-preview:-1"},"canonical":"https:\/\/diariodeloeste.com\/noticias\/2023\/04\/14\/ojos-en-alerta-llego-a-salta\/","og_locale":"es_ES","og_type":"article","og_title":"\u00a1Ojos en Alerta lleg\u00f3 a Salta! - Diario del Oeste","og_description":"Ya son 26 municipios de 9 provincias de todo el pa\u00eds los que utilizan esta herramienta de seguridad surgida en San Miguel. El intendente de San Miguel, Jaime M\u00e9ndez, firm\u00f3 hoy un convenio con su par de la ciudad de Salta, Bettina Romero, para implementar Ojos en Alerta en este importante municipio del norte argentino, [&hellip;]","og_url":"https:\/\/diariodeloeste.com\/noticias\/2023\/04\/14\/ojos-en-alerta-llego-a-salta\/","og_site_name":"Diario del Oeste","article_published_time":"2023-04-14T22:41:25+00:00","article_modified_time":"2023-04-14T22:41:55+00:00","og_image":[{"width":1600,"height":1068,"url":"https:\/\/diariodeloeste.com\/noticias\/wp-content\/uploads\/2023\/04\/Bettina-Romero-Cristian-Mendez-y-autoridades-de-Salta.jpeg","type":"image\/jpeg"}],"author":"Redaccion","twitter_card":"summary_large_image","twitter_misc":{"Escrito por":"Redaccion","Tiempo de lectura":"2 minutos"},"schema":{"@context":"https:\/\/schema.org","@graph":[{"@type":"Article","@id":"https:\/\/diariodeloeste.com\/noticias\/2023\/04\/14\/ojos-en-alerta-llego-a-salta\/#article","isPartOf":{"@id":"https:\/\/diariodeloeste.com\/noticias\/2023\/04\/14\/ojos-en-alerta-llego-a-salta\/"},"author":{"name":"Redaccion","@id":"https:\/\/diariodeloeste.com\/noticias\/#\/schema\/person\/1f7be965f8c093432e1cbfcee0ac4047"},"headline":"\u00a1Ojos en Alerta lleg\u00f3 a Salta!","datePublished":"2023-04-14T22:41:25+00:00","dateModified":"2023-04-14T22:41:55+00:00","mainEntityOfPage":{"@id":"https:\/\/diariodeloeste.com\/noticias\/2023\/04\/14\/ojos-en-alerta-llego-a-salta\/"},"wordCount":291,"publisher":{"@id":"https:\/\/diariodeloeste.com\/noticias\/#organization"},"image":{"@id":"https:\/\/diariodeloeste.com\/noticias\/2023\/04\/14\/ojos-en-alerta-llego-a-salta\/#primaryimage"},"thumbnailUrl":"https:\/\/diariodeloeste.com\/noticias\/wp-content\/uploads\/2023\/04\/Bettina-Romero-Cristian-Mendez-y-autoridades-de-Salta.jpeg","articleSection":["Policiales","San Miguel","Titulares"],"inLanguage":"es-AR"},{"@type":"WebPage","@id":"https:\/\/diariodeloeste.com\/noticias\/2023\/04\/14\/ojos-en-alerta-llego-a-salta\/","url":"https:\/\/diariodeloeste.com\/noticias\/2023\/04\/14\/ojos-en-alerta-llego-a-salta\/","name":"\u00a1Ojos en Alerta lleg\u00f3 a Salta! - Diario del Oeste","isPartOf":{"@id":"https:\/\/diariodeloeste.com\/noticias\/#website"},"primaryImageOfPage":{"@id":"https:\/\/diariodeloeste.com\/noticias\/2023\/04\/14\/ojos-en-alerta-llego-a-salta\/#primaryimage"},"image":{"@id":"https:\/\/diariodeloeste.com\/noticias\/2023\/04\/14\/ojos-en-alerta-llego-a-salta\/#primaryimage"},"thumbnailUrl":"https:\/\/diariodeloeste.com\/noticias\/wp-content\/uploads\/2023\/04\/Bettina-Romero-Cristian-Mendez-y-autoridades-de-Salta.jpeg","datePublished":"2023-04-14T22:41:25+00:00","dateModified":"2023-04-14T22:41:55+00:00","breadcrumb":{"@id":"https:\/\/diariodeloeste.com\/noticias\/2023\/04\/14\/ojos-en-alerta-llego-a-salta\/#breadcrumb"},"inLanguage":"es-AR","potentialAction":[{"@type":"ReadAction","target":["https:\/\/diariodeloeste.com\/noticias\/2023\/04\/14\/ojos-en-alerta-llego-a-salta\/"]}]},{"@type":"ImageObject","inLanguage":"es-AR","@id":"https:\/\/diariodeloeste.com\/noticias\/2023\/04\/14\/ojos-en-alerta-llego-a-salta\/#primaryimage","url":"https:\/\/diariodeloeste.com\/noticias\/wp-content\/uploads\/2023\/04\/Bettina-Romero-Cristian-Mendez-y-autoridades-de-Salta.jpeg","contentUrl":"https:\/\/diariodeloeste.com\/noticias\/wp-content\/uploads\/2023\/04\/Bettina-Romero-Cristian-Mendez-y-autoridades-de-Salta.jpeg","width":1600,"height":1068},{"@type":"BreadcrumbList","@id":"https:\/\/diariodeloeste.com\/noticias\/2023\/04\/14\/ojos-en-alerta-llego-a-salta\/#breadcrumb","itemListElement":[{"@type":"ListItem","position":1,"name":"Inicio","item":"https:\/\/diariodeloeste.com\/noticias\/"},{"@type":"ListItem","position":2,"name":"\u00a1Ojos en Alerta lleg\u00f3 a Salta!"}]},{"@type":"WebSite","@id":"https:\/\/diariodeloeste.com\/noticias\/#website","url":"https:\/\/diariodeloeste.com\/noticias\/","name":"Diario del Oeste","description":"Noticias del Oeste","publisher":{"@id":"https:\/\/diariodeloeste.com\/noticias\/#organization"},"potentialAction":[{"@type":"SearchAction","target":{"@type":"EntryPoint","urlTemplate":"https:\/\/diariodeloeste.com\/noticias\/?s={search_term_string}"},"query-input":{"@type":"PropertyValueSpecification","valueRequired":true,"valueName":"search_term_string"}}],"inLanguage":"es-AR"},{"@type":"Organization","@id":"https:\/\/diariodeloeste.com\/noticias\/#organization","name":"Diario del Oeste","url":"https:\/\/diariodeloeste.com\/noticias\/","logo":{"@type":"ImageObject","inLanguage":"es-AR","@id":"https:\/\/diariodeloeste.com\/noticias\/#\/schema\/logo\/image\/","url":"https:\/\/diariodeloeste.com\/noticias\/wp-content\/uploads\/2019\/04\/logo.png","contentUrl":"https:\/\/diariodeloeste.com\/noticias\/wp-content\/uploads\/2019\/04\/logo.png","width":306,"height":145,"caption":"Diario del Oeste"},"image":{"@id":"https:\/\/diariodeloeste.com\/noticias\/#\/schema\/logo\/image\/"}},{"@type":"Person","@id":"https:\/\/diariodeloeste.com\/noticias\/#\/schema\/person\/1f7be965f8c093432e1cbfcee0ac4047","name":"Redaccion","image":{"@type":"ImageObject","inLanguage":"es-AR","@id":"https:\/\/secure.gravatar.com\/avatar\/f9bc3a12e26b32d818d88f9a5b61de20b559752e499df507efa7ea3cea0550ef?s=96&d=mm&r=g","url":"https:\/\/secure.gravatar.com\/avatar\/f9bc3a12e26b32d818d88f9a5b61de20b559752e499df507efa7ea3cea0550ef?s=96&d=mm&r=g","contentUrl":"https:\/\/secure.gravatar.com\/avatar\/f9bc3a12e26b32d818d88f9a5b61de20b559752e499df507efa7ea3cea0550ef?s=96&d=mm&r=g","caption":"Redaccion"},"url":"https:\/\/diariodeloeste.com\/noticias\/author\/redaccion\/"}]}},"_links":{"self":[{"href":"https:\/\/diariodeloeste.com\/noticias\/wp-json\/wp\/v2\/posts\/8882","targetHints":{"allow":["GET"]}}],"collection":[{"href":"https:\/\/diariodeloeste.com\/noticias\/wp-json\/wp\/v2\/posts"}],"about":[{"href":"https:\/\/diariodeloeste.com\/noticias\/wp-json\/wp\/v2\/types\/post"}],"author":[{"embeddable":true,"href":"https:\/\/diariodeloeste.com\/noticias\/wp-json\/wp\/v2\/users\/3"}],"replies":[{"embeddable":true,"href":"https:\/\/diariodeloeste.com\/noticias\/wp-json\/wp\/v2\/comments?post=8882"}],"version-history":[{"count":2,"href":"https:\/\/diariodeloeste.com\/noticias\/wp-json\/wp\/v2\/posts\/8882\/revisions"}],"predecessor-version":[{"id":8885,"href":"https:\/\/diariodeloeste.com\/noticias\/wp-json\/wp\/v2\/posts\/8882\/revisions\/8885"}],"wp:featuredmedia":[{"embeddable":true,"href":"https:\/\/diariodeloeste.com\/noticias\/wp-json\/wp\/v2\/media\/8883"}],"wp:attachment":[{"href":"https:\/\/diariodeloeste.com\/noticias\/wp-json\/wp\/v2\/media?parent=8882"}],"wp:term":[{"taxonomy":"category","embeddable":true,"href":"https:\/\/diariodeloeste.com\/noticias\/wp-json\/wp\/v2\/categories?post=8882"},{"taxonomy":"post_tag","embeddable":true,"href":"https:\/\/diariodeloeste.com\/noticias\/wp-json\/wp\/v2\/tags?post=8882"}],"curies":[{"name":"wp","href":"https:\/\/api.w.org\/{rel}","templated":true}]}}