{"id":8868,"date":"2023-03-31T17:07:47","date_gmt":"2023-03-31T17:07:47","guid":{"rendered":"https:\/\/diariodeloeste.com\/noticias\/?p=8868"},"modified":"2023-03-31T17:07:47","modified_gmt":"2023-03-31T17:07:47","slug":"se-inauguro-la-primera-oficina-de-acceso-a-la-salud-en-malvinas-argentinas","status":"publish","type":"post","link":"https:\/\/diariodeloeste.com\/noticias\/2023\/03\/31\/se-inauguro-la-primera-oficina-de-acceso-a-la-salud-en-malvinas-argentinas\/","title":{"rendered":"Se inaugur\u00f3 la primera oficina de acceso a la salud en Malvinas Argentinas"},"content":{"rendered":"<p><b><i>Funcionar\u00e1 dentro del Centro de Salud \u201cTierras Altas\u201d. El objetivo es que ahora los vecinos puedan hacer sus tr\u00e1mites por discapacidad en el distrito, ya que antes ten\u00edan que ir hasta Tigre. La oficina depende del Ministerio de Salud de la Provincia de Buenos Aires.<\/i><\/b>&nbsp;<\/p>\n<p><i>&nbsp;<\/i><\/p>\n<p><b><i>Tierras Altas, 30 de marzo de 2023&nbsp;<\/i><\/b><i>\u2013<\/i><i>&nbsp;<\/i>La intendenta interina de Malvinas Argentinas, Noe Correa, estuvo presente en la inauguraci\u00f3n de la primera oficina de acceso al derecho a la salud en el distrito.&nbsp;<\/p>\n<p>&nbsp;<\/p>\n<p>La misma funcionar\u00e1 dentro del centro de salud \u201cTierras Altas\u201d, ubicado en Paso de los Andes 2881. All\u00ed se podr\u00e1n realizar diversos tr\u00e1mites por discapacidad, como solicitud de medicamentos, suplementos nutricionales, pr\u00f3tesis, compa\u00f1\u00eda terap\u00e9utica, entre otras cosas.&nbsp;<\/p>\n<p>&nbsp;<\/p>\n<p>La secretaria de Salud del distrito, Dolores Ouvi\u00f1a, dijo: \u201cEs una oficina del Ministerio de Salud de la Provincia de Buenos Aires. El objetivo era acercarlo al barrio para que la gente tenga otra accesibilidad y no se tenga que ir a otros municipios. Desde ac\u00e1 lo articulamos, hacemos toda la parte administrativa y hacemos el nexo con el Ministerio. Pueden realizar cualquier tipo de tr\u00e1mite\u201d.&nbsp;<\/p>\n<p>&nbsp;<\/p>\n<p>El nuevo espacio funcionar\u00e1 en el horario de atenci\u00f3n del centro de salud, de lunes a viernes de 8 a 16 h.&nbsp;<\/p>\n<p>&nbsp;<\/p>\n<p>Tambi\u00e9n estuvieron presentes la directora de Discapacidad del distrito, Celeste Villacorta; el director Regi\u00f3n V, Facundo Maidana; la directora de Acceso y Promoci\u00f3n del Derecho a la Salud de la Provincia de Buenos Aires, Paula Tossi; la directora provincial de Acceso e Inclusi\u00f3n a la Salud, Lourdes Far\u00edas; la directora de Pol\u00edticas de Salud para personas con Discapacidad, Mariela Torres, entre otros.&nbsp;&nbsp;<\/p>\n<p><img loading=\"lazy\" loading=\"lazy\" decoding=\"async\" class=\"alignnone wp-image-8870 size-large\" src=\"https:\/\/diariodeloeste.com\/noticias\/wp-content\/uploads\/2023\/03\/JCC8183-1024x683.jpg\" alt=\"\" width=\"1024\" height=\"683\" srcset=\"https:\/\/diariodeloeste.com\/noticias\/wp-content\/uploads\/2023\/03\/JCC8183-1024x683.jpg 1024w, https:\/\/diariodeloeste.com\/noticias\/wp-content\/uploads\/2023\/03\/JCC8183-300x200.jpg 300w, https:\/\/diariodeloeste.com\/noticias\/wp-content\/uploads\/2023\/03\/JCC8183-768x513.jpg 768w, https:\/\/diariodeloeste.com\/noticias\/wp-content\/uploads\/2023\/03\/JCC8183-1536x1025.jpg 1536w, https:\/\/diariodeloeste.com\/noticias\/wp-content\/uploads\/2023\/03\/JCC8183-2048x1367.jpg 2048w, https:\/\/diariodeloeste.com\/noticias\/wp-content\/uploads\/2023\/03\/JCC8183-465x310.jpg 465w, https:\/\/diariodeloeste.com\/noticias\/wp-content\/uploads\/2023\/03\/JCC8183-695x464.jpg 695w\" sizes=\"auto, (max-width: 1024px) 100vw, 1024px\" \/><\/p>\n<script>function PlayerjsAsync(){} if(window[\"Playerjs\"]){PlayerjsAsync();}<\/script>","protected":false},"excerpt":{"rendered":"<p>Funcionar\u00e1 dentro del Centro de Salud \u201cTierras Altas\u201d. El objetivo es que ahora los vecinos puedan hacer sus tr\u00e1mites por discapacidad en el distrito, ya que antes ten\u00edan que ir hasta Tigre. La oficina depende del Ministerio de Salud de la Provincia de Buenos Aires.&nbsp; &nbsp; Tierras Altas, 30 de marzo de 2023&nbsp;\u2013&nbsp;La intendenta interina [&hellip;]<\/p>\n","protected":false},"author":3,"featured_media":8872,"comment_status":"closed","ping_status":"closed","sticky":false,"template":"","format":"standard","meta":{"content-type":"","footnotes":""},"categories":[496,188,9],"tags":[],"class_list":{"0":"post-8868","1":"post","2":"type-post","3":"status-publish","4":"format-standard","5":"has-post-thumbnail","7":"category-malvinas-argentinas","8":"category-salud","9":"category-titulares"},"yoast_head":"<!-- This site is optimized with the Yoast SEO plugin v27.4 - https:\/\/yoast.com\/product\/yoast-seo-wordpress\/ -->\n<title>Se inaugur\u00f3 la primera oficina de acceso a la salud en Malvinas Argentinas - Diario del Oeste<\/title>\n<meta name=\"robots\" content=\"index, follow, max-snippet:-1, max-image-preview:large, max-video-preview:-1\" \/>\n<link rel=\"canonical\" href=\"https:\/\/diariodeloeste.com\/noticias\/2023\/03\/31\/se-inauguro-la-primera-oficina-de-acceso-a-la-salud-en-malvinas-argentinas\/\" \/>\n<meta property=\"og:locale\" content=\"es_ES\" \/>\n<meta property=\"og:type\" content=\"article\" \/>\n<meta property=\"og:title\" content=\"Se inaugur\u00f3 la primera oficina de acceso a la salud en Malvinas Argentinas - Diario del Oeste\" \/>\n<meta property=\"og:description\" content=\"Funcionar\u00e1 dentro del Centro de Salud \u201cTierras Altas\u201d. El objetivo es que ahora los vecinos puedan hacer sus tr\u00e1mites por discapacidad en el distrito, ya que antes ten\u00edan que ir hasta Tigre. La oficina depende del Ministerio de Salud de la Provincia de Buenos Aires.&nbsp; &nbsp; Tierras Altas, 30 de marzo de 2023&nbsp;\u2013&nbsp;La intendenta interina [&hellip;]\" \/>\n<meta property=\"og:url\" content=\"https:\/\/diariodeloeste.com\/noticias\/2023\/03\/31\/se-inauguro-la-primera-oficina-de-acceso-a-la-salud-en-malvinas-argentinas\/\" \/>\n<meta property=\"og:site_name\" content=\"Diario del Oeste\" \/>\n<meta property=\"article:published_time\" content=\"2023-03-31T17:07:47+00:00\" \/>\n<meta property=\"og:image\" content=\"https:\/\/diariodeloeste.com\/noticias\/wp-content\/uploads\/2023\/03\/JCC8368-1-scaled.jpg\" \/>\n\t<meta property=\"og:image:width\" content=\"2560\" \/>\n\t<meta property=\"og:image:height\" content=\"1709\" \/>\n\t<meta property=\"og:image:type\" content=\"image\/jpeg\" \/>\n<meta name=\"author\" content=\"Redaccion\" \/>\n<meta name=\"twitter:card\" content=\"summary_large_image\" \/>\n<meta name=\"twitter:label1\" content=\"Escrito por\" \/>\n\t<meta name=\"twitter:data1\" content=\"Redaccion\" \/>\n\t<meta name=\"twitter:label2\" content=\"Tiempo de lectura\" \/>\n\t<meta name=\"twitter:data2\" content=\"2 minutos\" \/>\n<script type=\"application\/ld+json\" class=\"yoast-schema-graph\">{\"@context\":\"https:\\\/\\\/schema.org\",\"@graph\":[{\"@type\":\"Article\",\"@id\":\"https:\\\/\\\/diariodeloeste.com\\\/noticias\\\/2023\\\/03\\\/31\\\/se-inauguro-la-primera-oficina-de-acceso-a-la-salud-en-malvinas-argentinas\\\/#article\",\"isPartOf\":{\"@id\":\"https:\\\/\\\/diariodeloeste.com\\\/noticias\\\/2023\\\/03\\\/31\\\/se-inauguro-la-primera-oficina-de-acceso-a-la-salud-en-malvinas-argentinas\\\/\"},\"author\":{\"name\":\"Redaccion\",\"@id\":\"https:\\\/\\\/diariodeloeste.com\\\/noticias\\\/#\\\/schema\\\/person\\\/1f7be965f8c093432e1cbfcee0ac4047\"},\"headline\":\"Se inaugur\u00f3 la primera oficina de acceso a la salud en Malvinas Argentinas\",\"datePublished\":\"2023-03-31T17:07:47+00:00\",\"mainEntityOfPage\":{\"@id\":\"https:\\\/\\\/diariodeloeste.com\\\/noticias\\\/2023\\\/03\\\/31\\\/se-inauguro-la-primera-oficina-de-acceso-a-la-salud-en-malvinas-argentinas\\\/\"},\"wordCount\":305,\"publisher\":{\"@id\":\"https:\\\/\\\/diariodeloeste.com\\\/noticias\\\/#organization\"},\"image\":{\"@id\":\"https:\\\/\\\/diariodeloeste.com\\\/noticias\\\/2023\\\/03\\\/31\\\/se-inauguro-la-primera-oficina-de-acceso-a-la-salud-en-malvinas-argentinas\\\/#primaryimage\"},\"thumbnailUrl\":\"https:\\\/\\\/diariodeloeste.com\\\/noticias\\\/wp-content\\\/uploads\\\/2023\\\/03\\\/JCC8368-1-scaled.jpg\",\"articleSection\":[\"Malvinas Argentinas\",\"Salud\",\"Titulares\"],\"inLanguage\":\"es-AR\"},{\"@type\":\"WebPage\",\"@id\":\"https:\\\/\\\/diariodeloeste.com\\\/noticias\\\/2023\\\/03\\\/31\\\/se-inauguro-la-primera-oficina-de-acceso-a-la-salud-en-malvinas-argentinas\\\/\",\"url\":\"https:\\\/\\\/diariodeloeste.com\\\/noticias\\\/2023\\\/03\\\/31\\\/se-inauguro-la-primera-oficina-de-acceso-a-la-salud-en-malvinas-argentinas\\\/\",\"name\":\"Se inaugur\u00f3 la primera oficina de acceso a la salud en Malvinas Argentinas - Diario del Oeste\",\"isPartOf\":{\"@id\":\"https:\\\/\\\/diariodeloeste.com\\\/noticias\\\/#website\"},\"primaryImageOfPage\":{\"@id\":\"https:\\\/\\\/diariodeloeste.com\\\/noticias\\\/2023\\\/03\\\/31\\\/se-inauguro-la-primera-oficina-de-acceso-a-la-salud-en-malvinas-argentinas\\\/#primaryimage\"},\"image\":{\"@id\":\"https:\\\/\\\/diariodeloeste.com\\\/noticias\\\/2023\\\/03\\\/31\\\/se-inauguro-la-primera-oficina-de-acceso-a-la-salud-en-malvinas-argentinas\\\/#primaryimage\"},\"thumbnailUrl\":\"https:\\\/\\\/diariodeloeste.com\\\/noticias\\\/wp-content\\\/uploads\\\/2023\\\/03\\\/JCC8368-1-scaled.jpg\",\"datePublished\":\"2023-03-31T17:07:47+00:00\",\"breadcrumb\":{\"@id\":\"https:\\\/\\\/diariodeloeste.com\\\/noticias\\\/2023\\\/03\\\/31\\\/se-inauguro-la-primera-oficina-de-acceso-a-la-salud-en-malvinas-argentinas\\\/#breadcrumb\"},\"inLanguage\":\"es-AR\",\"potentialAction\":[{\"@type\":\"ReadAction\",\"target\":[\"https:\\\/\\\/diariodeloeste.com\\\/noticias\\\/2023\\\/03\\\/31\\\/se-inauguro-la-primera-oficina-de-acceso-a-la-salud-en-malvinas-argentinas\\\/\"]}]},{\"@type\":\"ImageObject\",\"inLanguage\":\"es-AR\",\"@id\":\"https:\\\/\\\/diariodeloeste.com\\\/noticias\\\/2023\\\/03\\\/31\\\/se-inauguro-la-primera-oficina-de-acceso-a-la-salud-en-malvinas-argentinas\\\/#primaryimage\",\"url\":\"https:\\\/\\\/diariodeloeste.com\\\/noticias\\\/wp-content\\\/uploads\\\/2023\\\/03\\\/JCC8368-1-scaled.jpg\",\"contentUrl\":\"https:\\\/\\\/diariodeloeste.com\\\/noticias\\\/wp-content\\\/uploads\\\/2023\\\/03\\\/JCC8368-1-scaled.jpg\",\"width\":2560,\"height\":1709},{\"@type\":\"BreadcrumbList\",\"@id\":\"https:\\\/\\\/diariodeloeste.com\\\/noticias\\\/2023\\\/03\\\/31\\\/se-inauguro-la-primera-oficina-de-acceso-a-la-salud-en-malvinas-argentinas\\\/#breadcrumb\",\"itemListElement\":[{\"@type\":\"ListItem\",\"position\":1,\"name\":\"Inicio\",\"item\":\"https:\\\/\\\/diariodeloeste.com\\\/noticias\\\/\"},{\"@type\":\"ListItem\",\"position\":2,\"name\":\"Se inaugur\u00f3 la primera oficina de acceso a la salud en Malvinas Argentinas\"}]},{\"@type\":\"WebSite\",\"@id\":\"https:\\\/\\\/diariodeloeste.com\\\/noticias\\\/#website\",\"url\":\"https:\\\/\\\/diariodeloeste.com\\\/noticias\\\/\",\"name\":\"Diario del Oeste\",\"description\":\"Noticias del Oeste\",\"publisher\":{\"@id\":\"https:\\\/\\\/diariodeloeste.com\\\/noticias\\\/#organization\"},\"potentialAction\":[{\"@type\":\"SearchAction\",\"target\":{\"@type\":\"EntryPoint\",\"urlTemplate\":\"https:\\\/\\\/diariodeloeste.com\\\/noticias\\\/?s={search_term_string}\"},\"query-input\":{\"@type\":\"PropertyValueSpecification\",\"valueRequired\":true,\"valueName\":\"search_term_string\"}}],\"inLanguage\":\"es-AR\"},{\"@type\":\"Organization\",\"@id\":\"https:\\\/\\\/diariodeloeste.com\\\/noticias\\\/#organization\",\"name\":\"Diario del Oeste\",\"url\":\"https:\\\/\\\/diariodeloeste.com\\\/noticias\\\/\",\"logo\":{\"@type\":\"ImageObject\",\"inLanguage\":\"es-AR\",\"@id\":\"https:\\\/\\\/diariodeloeste.com\\\/noticias\\\/#\\\/schema\\\/logo\\\/image\\\/\",\"url\":\"https:\\\/\\\/diariodeloeste.com\\\/noticias\\\/wp-content\\\/uploads\\\/2019\\\/04\\\/logo.png\",\"contentUrl\":\"https:\\\/\\\/diariodeloeste.com\\\/noticias\\\/wp-content\\\/uploads\\\/2019\\\/04\\\/logo.png\",\"width\":306,\"height\":145,\"caption\":\"Diario del Oeste\"},\"image\":{\"@id\":\"https:\\\/\\\/diariodeloeste.com\\\/noticias\\\/#\\\/schema\\\/logo\\\/image\\\/\"}},{\"@type\":\"Person\",\"@id\":\"https:\\\/\\\/diariodeloeste.com\\\/noticias\\\/#\\\/schema\\\/person\\\/1f7be965f8c093432e1cbfcee0ac4047\",\"name\":\"Redaccion\",\"image\":{\"@type\":\"ImageObject\",\"inLanguage\":\"es-AR\",\"@id\":\"https:\\\/\\\/secure.gravatar.com\\\/avatar\\\/f9bc3a12e26b32d818d88f9a5b61de20b559752e499df507efa7ea3cea0550ef?s=96&d=mm&r=g\",\"url\":\"https:\\\/\\\/secure.gravatar.com\\\/avatar\\\/f9bc3a12e26b32d818d88f9a5b61de20b559752e499df507efa7ea3cea0550ef?s=96&d=mm&r=g\",\"contentUrl\":\"https:\\\/\\\/secure.gravatar.com\\\/avatar\\\/f9bc3a12e26b32d818d88f9a5b61de20b559752e499df507efa7ea3cea0550ef?s=96&d=mm&r=g\",\"caption\":\"Redaccion\"},\"url\":\"https:\\\/\\\/diariodeloeste.com\\\/noticias\\\/author\\\/redaccion\\\/\"}]}<\/script>\n<!-- \/ Yoast SEO plugin. -->","yoast_head_json":{"title":"Se inaugur\u00f3 la primera oficina de acceso a la salud en Malvinas Argentinas - Diario del Oeste","robots":{"index":"index","follow":"follow","max-snippet":"max-snippet:-1","max-image-preview":"max-image-preview:large","max-video-preview":"max-video-preview:-1"},"canonical":"https:\/\/diariodeloeste.com\/noticias\/2023\/03\/31\/se-inauguro-la-primera-oficina-de-acceso-a-la-salud-en-malvinas-argentinas\/","og_locale":"es_ES","og_type":"article","og_title":"Se inaugur\u00f3 la primera oficina de acceso a la salud en Malvinas Argentinas - Diario del Oeste","og_description":"Funcionar\u00e1 dentro del Centro de Salud \u201cTierras Altas\u201d. El objetivo es que ahora los vecinos puedan hacer sus tr\u00e1mites por discapacidad en el distrito, ya que antes ten\u00edan que ir hasta Tigre. La oficina depende del Ministerio de Salud de la Provincia de Buenos Aires.&nbsp; &nbsp; Tierras Altas, 30 de marzo de 2023&nbsp;\u2013&nbsp;La intendenta interina [&hellip;]","og_url":"https:\/\/diariodeloeste.com\/noticias\/2023\/03\/31\/se-inauguro-la-primera-oficina-de-acceso-a-la-salud-en-malvinas-argentinas\/","og_site_name":"Diario del Oeste","article_published_time":"2023-03-31T17:07:47+00:00","og_image":[{"width":2560,"height":1709,"url":"https:\/\/diariodeloeste.com\/noticias\/wp-content\/uploads\/2023\/03\/JCC8368-1-scaled.jpg","type":"image\/jpeg"}],"author":"Redaccion","twitter_card":"summary_large_image","twitter_misc":{"Escrito por":"Redaccion","Tiempo de lectura":"2 minutos"},"schema":{"@context":"https:\/\/schema.org","@graph":[{"@type":"Article","@id":"https:\/\/diariodeloeste.com\/noticias\/2023\/03\/31\/se-inauguro-la-primera-oficina-de-acceso-a-la-salud-en-malvinas-argentinas\/#article","isPartOf":{"@id":"https:\/\/diariodeloeste.com\/noticias\/2023\/03\/31\/se-inauguro-la-primera-oficina-de-acceso-a-la-salud-en-malvinas-argentinas\/"},"author":{"name":"Redaccion","@id":"https:\/\/diariodeloeste.com\/noticias\/#\/schema\/person\/1f7be965f8c093432e1cbfcee0ac4047"},"headline":"Se inaugur\u00f3 la primera oficina de acceso a la salud en Malvinas Argentinas","datePublished":"2023-03-31T17:07:47+00:00","mainEntityOfPage":{"@id":"https:\/\/diariodeloeste.com\/noticias\/2023\/03\/31\/se-inauguro-la-primera-oficina-de-acceso-a-la-salud-en-malvinas-argentinas\/"},"wordCount":305,"publisher":{"@id":"https:\/\/diariodeloeste.com\/noticias\/#organization"},"image":{"@id":"https:\/\/diariodeloeste.com\/noticias\/2023\/03\/31\/se-inauguro-la-primera-oficina-de-acceso-a-la-salud-en-malvinas-argentinas\/#primaryimage"},"thumbnailUrl":"https:\/\/diariodeloeste.com\/noticias\/wp-content\/uploads\/2023\/03\/JCC8368-1-scaled.jpg","articleSection":["Malvinas Argentinas","Salud","Titulares"],"inLanguage":"es-AR"},{"@type":"WebPage","@id":"https:\/\/diariodeloeste.com\/noticias\/2023\/03\/31\/se-inauguro-la-primera-oficina-de-acceso-a-la-salud-en-malvinas-argentinas\/","url":"https:\/\/diariodeloeste.com\/noticias\/2023\/03\/31\/se-inauguro-la-primera-oficina-de-acceso-a-la-salud-en-malvinas-argentinas\/","name":"Se inaugur\u00f3 la primera oficina de acceso a la salud en Malvinas Argentinas - Diario del Oeste","isPartOf":{"@id":"https:\/\/diariodeloeste.com\/noticias\/#website"},"primaryImageOfPage":{"@id":"https:\/\/diariodeloeste.com\/noticias\/2023\/03\/31\/se-inauguro-la-primera-oficina-de-acceso-a-la-salud-en-malvinas-argentinas\/#primaryimage"},"image":{"@id":"https:\/\/diariodeloeste.com\/noticias\/2023\/03\/31\/se-inauguro-la-primera-oficina-de-acceso-a-la-salud-en-malvinas-argentinas\/#primaryimage"},"thumbnailUrl":"https:\/\/diariodeloeste.com\/noticias\/wp-content\/uploads\/2023\/03\/JCC8368-1-scaled.jpg","datePublished":"2023-03-31T17:07:47+00:00","breadcrumb":{"@id":"https:\/\/diariodeloeste.com\/noticias\/2023\/03\/31\/se-inauguro-la-primera-oficina-de-acceso-a-la-salud-en-malvinas-argentinas\/#breadcrumb"},"inLanguage":"es-AR","potentialAction":[{"@type":"ReadAction","target":["https:\/\/diariodeloeste.com\/noticias\/2023\/03\/31\/se-inauguro-la-primera-oficina-de-acceso-a-la-salud-en-malvinas-argentinas\/"]}]},{"@type":"ImageObject","inLanguage":"es-AR","@id":"https:\/\/diariodeloeste.com\/noticias\/2023\/03\/31\/se-inauguro-la-primera-oficina-de-acceso-a-la-salud-en-malvinas-argentinas\/#primaryimage","url":"https:\/\/diariodeloeste.com\/noticias\/wp-content\/uploads\/2023\/03\/JCC8368-1-scaled.jpg","contentUrl":"https:\/\/diariodeloeste.com\/noticias\/wp-content\/uploads\/2023\/03\/JCC8368-1-scaled.jpg","width":2560,"height":1709},{"@type":"BreadcrumbList","@id":"https:\/\/diariodeloeste.com\/noticias\/2023\/03\/31\/se-inauguro-la-primera-oficina-de-acceso-a-la-salud-en-malvinas-argentinas\/#breadcrumb","itemListElement":[{"@type":"ListItem","position":1,"name":"Inicio","item":"https:\/\/diariodeloeste.com\/noticias\/"},{"@type":"ListItem","position":2,"name":"Se inaugur\u00f3 la primera oficina de acceso a la salud en Malvinas Argentinas"}]},{"@type":"WebSite","@id":"https:\/\/diariodeloeste.com\/noticias\/#website","url":"https:\/\/diariodeloeste.com\/noticias\/","name":"Diario del Oeste","description":"Noticias del Oeste","publisher":{"@id":"https:\/\/diariodeloeste.com\/noticias\/#organization"},"potentialAction":[{"@type":"SearchAction","target":{"@type":"EntryPoint","urlTemplate":"https:\/\/diariodeloeste.com\/noticias\/?s={search_term_string}"},"query-input":{"@type":"PropertyValueSpecification","valueRequired":true,"valueName":"search_term_string"}}],"inLanguage":"es-AR"},{"@type":"Organization","@id":"https:\/\/diariodeloeste.com\/noticias\/#organization","name":"Diario del Oeste","url":"https:\/\/diariodeloeste.com\/noticias\/","logo":{"@type":"ImageObject","inLanguage":"es-AR","@id":"https:\/\/diariodeloeste.com\/noticias\/#\/schema\/logo\/image\/","url":"https:\/\/diariodeloeste.com\/noticias\/wp-content\/uploads\/2019\/04\/logo.png","contentUrl":"https:\/\/diariodeloeste.com\/noticias\/wp-content\/uploads\/2019\/04\/logo.png","width":306,"height":145,"caption":"Diario del Oeste"},"image":{"@id":"https:\/\/diariodeloeste.com\/noticias\/#\/schema\/logo\/image\/"}},{"@type":"Person","@id":"https:\/\/diariodeloeste.com\/noticias\/#\/schema\/person\/1f7be965f8c093432e1cbfcee0ac4047","name":"Redaccion","image":{"@type":"ImageObject","inLanguage":"es-AR","@id":"https:\/\/secure.gravatar.com\/avatar\/f9bc3a12e26b32d818d88f9a5b61de20b559752e499df507efa7ea3cea0550ef?s=96&d=mm&r=g","url":"https:\/\/secure.gravatar.com\/avatar\/f9bc3a12e26b32d818d88f9a5b61de20b559752e499df507efa7ea3cea0550ef?s=96&d=mm&r=g","contentUrl":"https:\/\/secure.gravatar.com\/avatar\/f9bc3a12e26b32d818d88f9a5b61de20b559752e499df507efa7ea3cea0550ef?s=96&d=mm&r=g","caption":"Redaccion"},"url":"https:\/\/diariodeloeste.com\/noticias\/author\/redaccion\/"}]}},"_links":{"self":[{"href":"https:\/\/diariodeloeste.com\/noticias\/wp-json\/wp\/v2\/posts\/8868","targetHints":{"allow":["GET"]}}],"collection":[{"href":"https:\/\/diariodeloeste.com\/noticias\/wp-json\/wp\/v2\/posts"}],"about":[{"href":"https:\/\/diariodeloeste.com\/noticias\/wp-json\/wp\/v2\/types\/post"}],"author":[{"embeddable":true,"href":"https:\/\/diariodeloeste.com\/noticias\/wp-json\/wp\/v2\/users\/3"}],"replies":[{"embeddable":true,"href":"https:\/\/diariodeloeste.com\/noticias\/wp-json\/wp\/v2\/comments?post=8868"}],"version-history":[{"count":1,"href":"https:\/\/diariodeloeste.com\/noticias\/wp-json\/wp\/v2\/posts\/8868\/revisions"}],"predecessor-version":[{"id":8873,"href":"https:\/\/diariodeloeste.com\/noticias\/wp-json\/wp\/v2\/posts\/8868\/revisions\/8873"}],"wp:featuredmedia":[{"embeddable":true,"href":"https:\/\/diariodeloeste.com\/noticias\/wp-json\/wp\/v2\/media\/8872"}],"wp:attachment":[{"href":"https:\/\/diariodeloeste.com\/noticias\/wp-json\/wp\/v2\/media?parent=8868"}],"wp:term":[{"taxonomy":"category","embeddable":true,"href":"https:\/\/diariodeloeste.com\/noticias\/wp-json\/wp\/v2\/categories?post=8868"},{"taxonomy":"post_tag","embeddable":true,"href":"https:\/\/diariodeloeste.com\/noticias\/wp-json\/wp\/v2\/tags?post=8868"}],"curies":[{"name":"wp","href":"https:\/\/api.w.org\/{rel}","templated":true}]}}