{"id":8776,"date":"2023-03-04T14:33:44","date_gmt":"2023-03-04T14:33:44","guid":{"rendered":"https:\/\/diariodeloeste.com\/noticias\/?p=8776"},"modified":"2023-03-04T14:33:44","modified_gmt":"2023-03-04T14:33:44","slug":"correa-y-nardini-visitaron-la-etapa-final-de-la-obra-del-paso-bajo-nivel-papa-francisco","status":"publish","type":"post","link":"https:\/\/diariodeloeste.com\/noticias\/2023\/03\/04\/correa-y-nardini-visitaron-la-etapa-final-de-la-obra-del-paso-bajo-nivel-papa-francisco\/","title":{"rendered":"Correa y Nardini visitaron la etapa final de la obra del Paso Bajo Nivel \u201cPapa Francisco\u201d"},"content":{"rendered":"<p><b><i>Lo hicieron junto al presidente de Trenes Argentinos, Mart\u00edn Marinucci. Adem\u00e1s, firmaron un convenio con la Administraci\u00f3n de Infraestructuras Ferroviarias (ADIF) para que las familias puedan disfrutar del espacio p\u00fablico.<\/i><\/b>&nbsp;<\/p>\n<div id='gallery-1' class='gallery galleryid-8776 gallery-columns-2 gallery-size-large'><figure class='gallery-item'>\n\t\t\t<div class='gallery-icon landscape'>\n\t\t\t\t<a href='https:\/\/diariodeloeste.com\/noticias\/2023\/03\/04\/correa-y-nardini-visitaron-la-etapa-final-de-la-obra-del-paso-bajo-nivel-papa-francisco\/tunel-pf-3\/'><img loading=\"lazy\" loading=\"lazy\" decoding=\"async\" width=\"1024\" height=\"683\" src=\"https:\/\/diariodeloeste.com\/noticias\/wp-content\/uploads\/2023\/03\/Tunel-PF-3-1024x683.jpg\" class=\"attachment-large size-large\" alt=\"\" \/><\/a>\n\t\t\t<\/div><\/figure><figure class='gallery-item'>\n\t\t\t<div class='gallery-icon landscape'>\n\t\t\t\t<a href='https:\/\/diariodeloeste.com\/noticias\/2023\/03\/04\/correa-y-nardini-visitaron-la-etapa-final-de-la-obra-del-paso-bajo-nivel-papa-francisco\/tunel-pf-4\/'><img loading=\"lazy\" loading=\"lazy\" decoding=\"async\" width=\"1024\" height=\"818\" src=\"https:\/\/diariodeloeste.com\/noticias\/wp-content\/uploads\/2023\/03\/Tunel-PF-4-1024x818.jpg\" class=\"attachment-large size-large\" alt=\"\" \/><\/a>\n\t\t\t<\/div><\/figure>\n\t\t<\/div>\n\n<p><i>&nbsp;<\/i><\/p>\n<p><b><i>Malvinas Argentinas, 03 de marzo de 2023<\/i><\/b><i>&nbsp;\u2013&nbsp;<\/i>La intendenta interina de Malvinas Argentinas, Noe Correa; el ministro de Infraestructura y Servicios P\u00fablicos de la Provincia de Buenos Aires, Leo Nardini; y el presidente de Trenes Argentinos, Mart\u00edn Marinucci, recorrieron la obra del Paso Bajo Nivel \u201cPapa Francisco\u201d, que une las ciudades de Los Polvorines de un lado y la ciudad de Malvinas Argentinas del otro. El mismo ya se encuentra en su etapa final de construcci\u00f3n.&nbsp;<\/p>\n<p>&nbsp;<\/p>\n<p>La jefa comunal malvinense, dijo: \u201cFirmamos un convenio que nos enorgullece mucho para seguir recuperando espacios p\u00fablicos para nuestros vecinos y para seguir embelleciendo los entornos de las distintas estaciones que cruzan Malvinas Argentinas\u201d.&nbsp;<\/p>\n<p>Este convenio con la Administraci\u00f3n de Infraestructuras Ferroviarias (ADIF) permitir\u00e1 que las familias puedan disfrutar del espacio p\u00fablico en cercan\u00edas al paso bajo nivel, que se construye sobre la misma avenida del t\u00fanel.&nbsp;<\/p>\n<p>&nbsp;<\/p>\n<p>Por su parte, el ministro Leo Nardini, expres\u00f3: \u201cEsta obra es fundamental para Malvinas Argentinas porque tiene que ver con la conectividad en el casco c\u00e9ntrico de la ciudad de Los Polvorines, con el centro c\u00edvico de la ciudad de Malvinas Argentinas donde est\u00e1 el Palacio Municipal. Estamos muy contentos de ver c\u00f3mo se avanza, por las calles laterales que se hicieron para dar fluidez a los alrededores, y este convenio para hacer recuperaci\u00f3n de espacios\u201d.&nbsp;<\/p>\n<p>&nbsp;<\/p>\n<p>Adem\u00e1s, el presidente de Trenes Argentinos, Martin Marinucci, asegur\u00f3: \u201cEsto refleja lo que es nuestro gobierno, articulaci\u00f3n con el gobierno municipal, provincial, nacional, en todos los \u00e1mbitos. Es una alegr\u00eda, ya perd\u00ed la cuenta de cu\u00e1ntas veces vine a Malvinas a inaugurar una estaci\u00f3n o una obra. Este paso bajo nivel no solo va a permitir la movilidad m\u00e1s activa por parte de los automovilistas y los peatones, sino que garantizar\u00e1 servicios ferroviarios m\u00e1s seguros, m\u00e1s \u00e1giles, eliminando barreras y siniestros. Es uno de los 27 t\u00faneles que estamos haciendo en el \u00e1rea metropolitana, una de las 474 obras que realizamos desde Trenes Argentinos y tiene que ver con una pol\u00edtica de Estado. Se hace con decisi\u00f3n pol\u00edtica pero tambi\u00e9n con recursos econ\u00f3micos, obras que transforman el sistema ferroviario y las ciudades\u201d.&nbsp;<\/p>\n<p>&nbsp;<\/p>\n<p>Tambi\u00e9n estuvieron presidentes el vicepresidente de ADIF, Rodrigo \u00c1lvarez; la directora de Trenes Argentinos Operaciones, Eliana Gramigna Tocalli; el vicepresidente de Trenes Argentinos Operaciones, Dar\u00edo Golia; el gerente general de Operaciones Sofse, Marcelo S\u00e1nchez, entre otros.&nbsp;&nbsp;<\/p>\n<p>&nbsp;<\/p>\n<script>function PlayerjsAsync(){} if(window[\"Playerjs\"]){PlayerjsAsync();}<\/script>","protected":false},"excerpt":{"rendered":"<p>Lo hicieron junto al presidente de Trenes Argentinos, Mart\u00edn Marinucci. Adem\u00e1s, firmaron un convenio con la Administraci\u00f3n de Infraestructuras Ferroviarias (ADIF) para que las familias puedan disfrutar del espacio p\u00fablico.&nbsp; &nbsp; Malvinas Argentinas, 03 de marzo de 2023&nbsp;\u2013&nbsp;La intendenta interina de Malvinas Argentinas, Noe Correa; el ministro de Infraestructura y Servicios P\u00fablicos de la Provincia [&hellip;]<\/p>\n","protected":false},"author":3,"featured_media":0,"comment_status":"closed","ping_status":"closed","sticky":false,"template":"","format":"standard","meta":{"content-type":"","footnotes":""},"categories":[496,15,9],"tags":[620],"class_list":{"0":"post-8776","1":"post","2":"type-post","3":"status-publish","4":"format-standard","6":"category-malvinas-argentinas","7":"category-papa-fransisco","8":"category-titulares","9":"tag-leo-nardini-municipio-de-malvinas-argentinas-martin-marinucci-noe-correa-tunel-paso-bajo-nivel-papa-francisco"},"yoast_head":"<!-- This site is optimized with the Yoast SEO plugin v27.4 - https:\/\/yoast.com\/product\/yoast-seo-wordpress\/ -->\n<title>Correa y Nardini visitaron la etapa final de la obra del Paso Bajo Nivel \u201cPapa Francisco\u201d - Diario del Oeste<\/title>\n<meta name=\"robots\" content=\"index, follow, max-snippet:-1, max-image-preview:large, max-video-preview:-1\" \/>\n<link rel=\"canonical\" href=\"https:\/\/diariodeloeste.com\/noticias\/2023\/03\/04\/correa-y-nardini-visitaron-la-etapa-final-de-la-obra-del-paso-bajo-nivel-papa-francisco\/\" \/>\n<meta property=\"og:locale\" content=\"es_ES\" \/>\n<meta property=\"og:type\" content=\"article\" \/>\n<meta property=\"og:title\" content=\"Correa y Nardini visitaron la etapa final de la obra del Paso Bajo Nivel \u201cPapa Francisco\u201d - Diario del Oeste\" \/>\n<meta property=\"og:description\" content=\"Lo hicieron junto al presidente de Trenes Argentinos, Mart\u00edn Marinucci. Adem\u00e1s, firmaron un convenio con la Administraci\u00f3n de Infraestructuras Ferroviarias (ADIF) para que las familias puedan disfrutar del espacio p\u00fablico.&nbsp; &nbsp; Malvinas Argentinas, 03 de marzo de 2023&nbsp;\u2013&nbsp;La intendenta interina de Malvinas Argentinas, Noe Correa; el ministro de Infraestructura y Servicios P\u00fablicos de la Provincia [&hellip;]\" \/>\n<meta property=\"og:url\" content=\"https:\/\/diariodeloeste.com\/noticias\/2023\/03\/04\/correa-y-nardini-visitaron-la-etapa-final-de-la-obra-del-paso-bajo-nivel-papa-francisco\/\" \/>\n<meta property=\"og:site_name\" content=\"Diario del Oeste\" \/>\n<meta property=\"article:published_time\" content=\"2023-03-04T14:33:44+00:00\" \/>\n<meta property=\"og:image\" content=\"https:\/\/diariodeloeste.com\/noticias\/wp-content\/uploads\/2023\/03\/Tunel-PF-3-1024x683.jpg\" \/>\n<meta name=\"author\" content=\"Redaccion\" \/>\n<meta name=\"twitter:card\" content=\"summary_large_image\" \/>\n<meta name=\"twitter:label1\" content=\"Escrito por\" \/>\n\t<meta name=\"twitter:data1\" content=\"Redaccion\" \/>\n\t<meta name=\"twitter:label2\" content=\"Tiempo de lectura\" \/>\n\t<meta name=\"twitter:data2\" content=\"2 minutos\" \/>\n<script type=\"application\/ld+json\" class=\"yoast-schema-graph\">{\"@context\":\"https:\\\/\\\/schema.org\",\"@graph\":[{\"@type\":\"Article\",\"@id\":\"https:\\\/\\\/diariodeloeste.com\\\/noticias\\\/2023\\\/03\\\/04\\\/correa-y-nardini-visitaron-la-etapa-final-de-la-obra-del-paso-bajo-nivel-papa-francisco\\\/#article\",\"isPartOf\":{\"@id\":\"https:\\\/\\\/diariodeloeste.com\\\/noticias\\\/2023\\\/03\\\/04\\\/correa-y-nardini-visitaron-la-etapa-final-de-la-obra-del-paso-bajo-nivel-papa-francisco\\\/\"},\"author\":{\"name\":\"Redaccion\",\"@id\":\"https:\\\/\\\/diariodeloeste.com\\\/noticias\\\/#\\\/schema\\\/person\\\/1f7be965f8c093432e1cbfcee0ac4047\"},\"headline\":\"Correa y Nardini visitaron la etapa final de la obra del Paso Bajo Nivel \u201cPapa Francisco\u201d\",\"datePublished\":\"2023-03-04T14:33:44+00:00\",\"mainEntityOfPage\":{\"@id\":\"https:\\\/\\\/diariodeloeste.com\\\/noticias\\\/2023\\\/03\\\/04\\\/correa-y-nardini-visitaron-la-etapa-final-de-la-obra-del-paso-bajo-nivel-papa-francisco\\\/\"},\"wordCount\":483,\"publisher\":{\"@id\":\"https:\\\/\\\/diariodeloeste.com\\\/noticias\\\/#organization\"},\"keywords\":[\"Leo Nardini- Municipio de Malvinas Argentinas- Mart\u00edn Marinucci- Noe Correa- Tunel paso bajo nivel Papa Francisco\"],\"articleSection\":[\"Malvinas Argentinas\",\"Papa Fransisco\",\"Titulares\"],\"inLanguage\":\"es-AR\"},{\"@type\":\"WebPage\",\"@id\":\"https:\\\/\\\/diariodeloeste.com\\\/noticias\\\/2023\\\/03\\\/04\\\/correa-y-nardini-visitaron-la-etapa-final-de-la-obra-del-paso-bajo-nivel-papa-francisco\\\/\",\"url\":\"https:\\\/\\\/diariodeloeste.com\\\/noticias\\\/2023\\\/03\\\/04\\\/correa-y-nardini-visitaron-la-etapa-final-de-la-obra-del-paso-bajo-nivel-papa-francisco\\\/\",\"name\":\"Correa y Nardini visitaron la etapa final de la obra del Paso Bajo Nivel \u201cPapa Francisco\u201d - Diario del Oeste\",\"isPartOf\":{\"@id\":\"https:\\\/\\\/diariodeloeste.com\\\/noticias\\\/#website\"},\"datePublished\":\"2023-03-04T14:33:44+00:00\",\"breadcrumb\":{\"@id\":\"https:\\\/\\\/diariodeloeste.com\\\/noticias\\\/2023\\\/03\\\/04\\\/correa-y-nardini-visitaron-la-etapa-final-de-la-obra-del-paso-bajo-nivel-papa-francisco\\\/#breadcrumb\"},\"inLanguage\":\"es-AR\",\"potentialAction\":[{\"@type\":\"ReadAction\",\"target\":[\"https:\\\/\\\/diariodeloeste.com\\\/noticias\\\/2023\\\/03\\\/04\\\/correa-y-nardini-visitaron-la-etapa-final-de-la-obra-del-paso-bajo-nivel-papa-francisco\\\/\"]}]},{\"@type\":\"BreadcrumbList\",\"@id\":\"https:\\\/\\\/diariodeloeste.com\\\/noticias\\\/2023\\\/03\\\/04\\\/correa-y-nardini-visitaron-la-etapa-final-de-la-obra-del-paso-bajo-nivel-papa-francisco\\\/#breadcrumb\",\"itemListElement\":[{\"@type\":\"ListItem\",\"position\":1,\"name\":\"Inicio\",\"item\":\"https:\\\/\\\/diariodeloeste.com\\\/noticias\\\/\"},{\"@type\":\"ListItem\",\"position\":2,\"name\":\"Correa y Nardini visitaron la etapa final de la obra del Paso Bajo Nivel \u201cPapa Francisco\u201d\"}]},{\"@type\":\"WebSite\",\"@id\":\"https:\\\/\\\/diariodeloeste.com\\\/noticias\\\/#website\",\"url\":\"https:\\\/\\\/diariodeloeste.com\\\/noticias\\\/\",\"name\":\"Diario del Oeste\",\"description\":\"Noticias del Oeste\",\"publisher\":{\"@id\":\"https:\\\/\\\/diariodeloeste.com\\\/noticias\\\/#organization\"},\"potentialAction\":[{\"@type\":\"SearchAction\",\"target\":{\"@type\":\"EntryPoint\",\"urlTemplate\":\"https:\\\/\\\/diariodeloeste.com\\\/noticias\\\/?s={search_term_string}\"},\"query-input\":{\"@type\":\"PropertyValueSpecification\",\"valueRequired\":true,\"valueName\":\"search_term_string\"}}],\"inLanguage\":\"es-AR\"},{\"@type\":\"Organization\",\"@id\":\"https:\\\/\\\/diariodeloeste.com\\\/noticias\\\/#organization\",\"name\":\"Diario del Oeste\",\"url\":\"https:\\\/\\\/diariodeloeste.com\\\/noticias\\\/\",\"logo\":{\"@type\":\"ImageObject\",\"inLanguage\":\"es-AR\",\"@id\":\"https:\\\/\\\/diariodeloeste.com\\\/noticias\\\/#\\\/schema\\\/logo\\\/image\\\/\",\"url\":\"https:\\\/\\\/diariodeloeste.com\\\/noticias\\\/wp-content\\\/uploads\\\/2019\\\/04\\\/logo.png\",\"contentUrl\":\"https:\\\/\\\/diariodeloeste.com\\\/noticias\\\/wp-content\\\/uploads\\\/2019\\\/04\\\/logo.png\",\"width\":306,\"height\":145,\"caption\":\"Diario del Oeste\"},\"image\":{\"@id\":\"https:\\\/\\\/diariodeloeste.com\\\/noticias\\\/#\\\/schema\\\/logo\\\/image\\\/\"}},{\"@type\":\"Person\",\"@id\":\"https:\\\/\\\/diariodeloeste.com\\\/noticias\\\/#\\\/schema\\\/person\\\/1f7be965f8c093432e1cbfcee0ac4047\",\"name\":\"Redaccion\",\"image\":{\"@type\":\"ImageObject\",\"inLanguage\":\"es-AR\",\"@id\":\"https:\\\/\\\/secure.gravatar.com\\\/avatar\\\/f9bc3a12e26b32d818d88f9a5b61de20b559752e499df507efa7ea3cea0550ef?s=96&d=mm&r=g\",\"url\":\"https:\\\/\\\/secure.gravatar.com\\\/avatar\\\/f9bc3a12e26b32d818d88f9a5b61de20b559752e499df507efa7ea3cea0550ef?s=96&d=mm&r=g\",\"contentUrl\":\"https:\\\/\\\/secure.gravatar.com\\\/avatar\\\/f9bc3a12e26b32d818d88f9a5b61de20b559752e499df507efa7ea3cea0550ef?s=96&d=mm&r=g\",\"caption\":\"Redaccion\"},\"url\":\"https:\\\/\\\/diariodeloeste.com\\\/noticias\\\/author\\\/redaccion\\\/\"}]}<\/script>\n<!-- \/ Yoast SEO plugin. -->","yoast_head_json":{"title":"Correa y Nardini visitaron la etapa final de la obra del Paso Bajo Nivel \u201cPapa Francisco\u201d - Diario del Oeste","robots":{"index":"index","follow":"follow","max-snippet":"max-snippet:-1","max-image-preview":"max-image-preview:large","max-video-preview":"max-video-preview:-1"},"canonical":"https:\/\/diariodeloeste.com\/noticias\/2023\/03\/04\/correa-y-nardini-visitaron-la-etapa-final-de-la-obra-del-paso-bajo-nivel-papa-francisco\/","og_locale":"es_ES","og_type":"article","og_title":"Correa y Nardini visitaron la etapa final de la obra del Paso Bajo Nivel \u201cPapa Francisco\u201d - Diario del Oeste","og_description":"Lo hicieron junto al presidente de Trenes Argentinos, Mart\u00edn Marinucci. Adem\u00e1s, firmaron un convenio con la Administraci\u00f3n de Infraestructuras Ferroviarias (ADIF) para que las familias puedan disfrutar del espacio p\u00fablico.&nbsp; &nbsp; Malvinas Argentinas, 03 de marzo de 2023&nbsp;\u2013&nbsp;La intendenta interina de Malvinas Argentinas, Noe Correa; el ministro de Infraestructura y Servicios P\u00fablicos de la Provincia [&hellip;]","og_url":"https:\/\/diariodeloeste.com\/noticias\/2023\/03\/04\/correa-y-nardini-visitaron-la-etapa-final-de-la-obra-del-paso-bajo-nivel-papa-francisco\/","og_site_name":"Diario del Oeste","article_published_time":"2023-03-04T14:33:44+00:00","og_image":[{"url":"https:\/\/diariodeloeste.com\/noticias\/wp-content\/uploads\/2023\/03\/Tunel-PF-3-1024x683.jpg","type":"","width":"","height":""}],"author":"Redaccion","twitter_card":"summary_large_image","twitter_misc":{"Escrito por":"Redaccion","Tiempo de lectura":"2 minutos"},"schema":{"@context":"https:\/\/schema.org","@graph":[{"@type":"Article","@id":"https:\/\/diariodeloeste.com\/noticias\/2023\/03\/04\/correa-y-nardini-visitaron-la-etapa-final-de-la-obra-del-paso-bajo-nivel-papa-francisco\/#article","isPartOf":{"@id":"https:\/\/diariodeloeste.com\/noticias\/2023\/03\/04\/correa-y-nardini-visitaron-la-etapa-final-de-la-obra-del-paso-bajo-nivel-papa-francisco\/"},"author":{"name":"Redaccion","@id":"https:\/\/diariodeloeste.com\/noticias\/#\/schema\/person\/1f7be965f8c093432e1cbfcee0ac4047"},"headline":"Correa y Nardini visitaron la etapa final de la obra del Paso Bajo Nivel \u201cPapa Francisco\u201d","datePublished":"2023-03-04T14:33:44+00:00","mainEntityOfPage":{"@id":"https:\/\/diariodeloeste.com\/noticias\/2023\/03\/04\/correa-y-nardini-visitaron-la-etapa-final-de-la-obra-del-paso-bajo-nivel-papa-francisco\/"},"wordCount":483,"publisher":{"@id":"https:\/\/diariodeloeste.com\/noticias\/#organization"},"keywords":["Leo Nardini- Municipio de Malvinas Argentinas- Mart\u00edn Marinucci- Noe Correa- Tunel paso bajo nivel Papa Francisco"],"articleSection":["Malvinas Argentinas","Papa Fransisco","Titulares"],"inLanguage":"es-AR"},{"@type":"WebPage","@id":"https:\/\/diariodeloeste.com\/noticias\/2023\/03\/04\/correa-y-nardini-visitaron-la-etapa-final-de-la-obra-del-paso-bajo-nivel-papa-francisco\/","url":"https:\/\/diariodeloeste.com\/noticias\/2023\/03\/04\/correa-y-nardini-visitaron-la-etapa-final-de-la-obra-del-paso-bajo-nivel-papa-francisco\/","name":"Correa y Nardini visitaron la etapa final de la obra del Paso Bajo Nivel \u201cPapa Francisco\u201d - Diario del Oeste","isPartOf":{"@id":"https:\/\/diariodeloeste.com\/noticias\/#website"},"datePublished":"2023-03-04T14:33:44+00:00","breadcrumb":{"@id":"https:\/\/diariodeloeste.com\/noticias\/2023\/03\/04\/correa-y-nardini-visitaron-la-etapa-final-de-la-obra-del-paso-bajo-nivel-papa-francisco\/#breadcrumb"},"inLanguage":"es-AR","potentialAction":[{"@type":"ReadAction","target":["https:\/\/diariodeloeste.com\/noticias\/2023\/03\/04\/correa-y-nardini-visitaron-la-etapa-final-de-la-obra-del-paso-bajo-nivel-papa-francisco\/"]}]},{"@type":"BreadcrumbList","@id":"https:\/\/diariodeloeste.com\/noticias\/2023\/03\/04\/correa-y-nardini-visitaron-la-etapa-final-de-la-obra-del-paso-bajo-nivel-papa-francisco\/#breadcrumb","itemListElement":[{"@type":"ListItem","position":1,"name":"Inicio","item":"https:\/\/diariodeloeste.com\/noticias\/"},{"@type":"ListItem","position":2,"name":"Correa y Nardini visitaron la etapa final de la obra del Paso Bajo Nivel \u201cPapa Francisco\u201d"}]},{"@type":"WebSite","@id":"https:\/\/diariodeloeste.com\/noticias\/#website","url":"https:\/\/diariodeloeste.com\/noticias\/","name":"Diario del Oeste","description":"Noticias del Oeste","publisher":{"@id":"https:\/\/diariodeloeste.com\/noticias\/#organization"},"potentialAction":[{"@type":"SearchAction","target":{"@type":"EntryPoint","urlTemplate":"https:\/\/diariodeloeste.com\/noticias\/?s={search_term_string}"},"query-input":{"@type":"PropertyValueSpecification","valueRequired":true,"valueName":"search_term_string"}}],"inLanguage":"es-AR"},{"@type":"Organization","@id":"https:\/\/diariodeloeste.com\/noticias\/#organization","name":"Diario del Oeste","url":"https:\/\/diariodeloeste.com\/noticias\/","logo":{"@type":"ImageObject","inLanguage":"es-AR","@id":"https:\/\/diariodeloeste.com\/noticias\/#\/schema\/logo\/image\/","url":"https:\/\/diariodeloeste.com\/noticias\/wp-content\/uploads\/2019\/04\/logo.png","contentUrl":"https:\/\/diariodeloeste.com\/noticias\/wp-content\/uploads\/2019\/04\/logo.png","width":306,"height":145,"caption":"Diario del Oeste"},"image":{"@id":"https:\/\/diariodeloeste.com\/noticias\/#\/schema\/logo\/image\/"}},{"@type":"Person","@id":"https:\/\/diariodeloeste.com\/noticias\/#\/schema\/person\/1f7be965f8c093432e1cbfcee0ac4047","name":"Redaccion","image":{"@type":"ImageObject","inLanguage":"es-AR","@id":"https:\/\/secure.gravatar.com\/avatar\/f9bc3a12e26b32d818d88f9a5b61de20b559752e499df507efa7ea3cea0550ef?s=96&d=mm&r=g","url":"https:\/\/secure.gravatar.com\/avatar\/f9bc3a12e26b32d818d88f9a5b61de20b559752e499df507efa7ea3cea0550ef?s=96&d=mm&r=g","contentUrl":"https:\/\/secure.gravatar.com\/avatar\/f9bc3a12e26b32d818d88f9a5b61de20b559752e499df507efa7ea3cea0550ef?s=96&d=mm&r=g","caption":"Redaccion"},"url":"https:\/\/diariodeloeste.com\/noticias\/author\/redaccion\/"}]}},"_links":{"self":[{"href":"https:\/\/diariodeloeste.com\/noticias\/wp-json\/wp\/v2\/posts\/8776","targetHints":{"allow":["GET"]}}],"collection":[{"href":"https:\/\/diariodeloeste.com\/noticias\/wp-json\/wp\/v2\/posts"}],"about":[{"href":"https:\/\/diariodeloeste.com\/noticias\/wp-json\/wp\/v2\/types\/post"}],"author":[{"embeddable":true,"href":"https:\/\/diariodeloeste.com\/noticias\/wp-json\/wp\/v2\/users\/3"}],"replies":[{"embeddable":true,"href":"https:\/\/diariodeloeste.com\/noticias\/wp-json\/wp\/v2\/comments?post=8776"}],"version-history":[{"count":1,"href":"https:\/\/diariodeloeste.com\/noticias\/wp-json\/wp\/v2\/posts\/8776\/revisions"}],"predecessor-version":[{"id":8781,"href":"https:\/\/diariodeloeste.com\/noticias\/wp-json\/wp\/v2\/posts\/8776\/revisions\/8781"}],"wp:attachment":[{"href":"https:\/\/diariodeloeste.com\/noticias\/wp-json\/wp\/v2\/media?parent=8776"}],"wp:term":[{"taxonomy":"category","embeddable":true,"href":"https:\/\/diariodeloeste.com\/noticias\/wp-json\/wp\/v2\/categories?post=8776"},{"taxonomy":"post_tag","embeddable":true,"href":"https:\/\/diariodeloeste.com\/noticias\/wp-json\/wp\/v2\/tags?post=8776"}],"curies":[{"name":"wp","href":"https:\/\/api.w.org\/{rel}","templated":true}]}}