{"id":8722,"date":"2023-02-14T12:40:49","date_gmt":"2023-02-14T12:40:49","guid":{"rendered":"https:\/\/diariodeloeste.com\/noticias\/?p=8722"},"modified":"2023-02-14T12:40:49","modified_gmt":"2023-02-14T12:40:49","slug":"se-viene-el-tradicional-carnaval-criollo-de-san-miguel-una-fiesta-unica-en-el-conurbano","status":"publish","type":"post","link":"https:\/\/diariodeloeste.com\/noticias\/2023\/02\/14\/se-viene-el-tradicional-carnaval-criollo-de-san-miguel-una-fiesta-unica-en-el-conurbano\/","title":{"rendered":"Se viene el tradicional Carnaval Criollo de San Miguel, una fiesta \u00fanica en el conurbano"},"content":{"rendered":"<div>\n<div class=\"gmail_quote\">\n<div dir=\"ltr\">\n<div class=\"gmail_quote\">\n<div dir=\"ltr\">\n<div class=\"gmail_quote\">\n<div dir=\"ltr\">\n<div class=\"gmail_quote\">\n<div dir=\"ltr\">\n<div class=\"gmail_quote\">\n<div dir=\"ltr\">\n<div class=\"gmail_quote\">\n<div dir=\"ltr\">\n<div class=\"gmail_quote\">\n<div dir=\"ltr\">\n<div class=\"gmail_quote\" dir=\"auto\"><b><span style=\"font-size: large;\">Del viernes 17 al lunes 20 actuar\u00e1n distintas agrupaciones y ballets folkl\u00f3ricos, como Los Manseros Santiague\u00f1os de Leocadio Torres y Los Alonsitos, entre otros.<\/span><br \/>\n<\/b><div id='gallery-1' class='gallery galleryid-8722 gallery-columns-3 gallery-size-medium'><figure class='gallery-item'>\n\t\t\t<div class='gallery-icon landscape'>\n\t\t\t\t<a href='https:\/\/diariodeloeste.com\/noticias\/2023\/02\/14\/se-viene-el-tradicional-carnaval-criollo-de-san-miguel-una-fiesta-unica-en-el-conurbano\/carnaval-criollo-en-plaza-de-las-carretas-1\/'><img loading=\"lazy\" decoding=\"async\" width=\"300\" height=\"200\" src=\"https:\/\/diariodeloeste.com\/noticias\/wp-content\/uploads\/2023\/02\/Carnaval-Criollo-en-Plaza-de-las-Carretas-1-300x200.jpg\" class=\"attachment-medium size-medium\" alt=\"\" srcset=\"https:\/\/diariodeloeste.com\/noticias\/wp-content\/uploads\/2023\/02\/Carnaval-Criollo-en-Plaza-de-las-Carretas-1-300x200.jpg 300w, https:\/\/diariodeloeste.com\/noticias\/wp-content\/uploads\/2023\/02\/Carnaval-Criollo-en-Plaza-de-las-Carretas-1-1024x684.jpg 1024w, https:\/\/diariodeloeste.com\/noticias\/wp-content\/uploads\/2023\/02\/Carnaval-Criollo-en-Plaza-de-las-Carretas-1-768x513.jpg 768w, https:\/\/diariodeloeste.com\/noticias\/wp-content\/uploads\/2023\/02\/Carnaval-Criollo-en-Plaza-de-las-Carretas-1-1536x1025.jpg 1536w, https:\/\/diariodeloeste.com\/noticias\/wp-content\/uploads\/2023\/02\/Carnaval-Criollo-en-Plaza-de-las-Carretas-1-465x310.jpg 465w, https:\/\/diariodeloeste.com\/noticias\/wp-content\/uploads\/2023\/02\/Carnaval-Criollo-en-Plaza-de-las-Carretas-1-695x464.jpg 695w, https:\/\/diariodeloeste.com\/noticias\/wp-content\/uploads\/2023\/02\/Carnaval-Criollo-en-Plaza-de-las-Carretas-1.jpg 1600w\" sizes=\"auto, (max-width: 300px) 100vw, 300px\" \/><\/a>\n\t\t\t<\/div><\/figure><figure class='gallery-item'>\n\t\t\t<div class='gallery-icon landscape'>\n\t\t\t\t<a href='https:\/\/diariodeloeste.com\/noticias\/2023\/02\/14\/se-viene-el-tradicional-carnaval-criollo-de-san-miguel-una-fiesta-unica-en-el-conurbano\/carnaval-criollo-lunes-20_02-2\/'><img loading=\"lazy\" decoding=\"async\" width=\"300\" height=\"300\" src=\"https:\/\/diariodeloeste.com\/noticias\/wp-content\/uploads\/2023\/02\/Carnaval-Criollo-lunes-20_02-1-300x300.jpg\" class=\"attachment-medium size-medium\" alt=\"\" srcset=\"https:\/\/diariodeloeste.com\/noticias\/wp-content\/uploads\/2023\/02\/Carnaval-Criollo-lunes-20_02-1-300x300.jpg 300w, https:\/\/diariodeloeste.com\/noticias\/wp-content\/uploads\/2023\/02\/Carnaval-Criollo-lunes-20_02-1-1024x1024.jpg 1024w, https:\/\/diariodeloeste.com\/noticias\/wp-content\/uploads\/2023\/02\/Carnaval-Criollo-lunes-20_02-1-150x150.jpg 150w, https:\/\/diariodeloeste.com\/noticias\/wp-content\/uploads\/2023\/02\/Carnaval-Criollo-lunes-20_02-1-768x768.jpg 768w, https:\/\/diariodeloeste.com\/noticias\/wp-content\/uploads\/2023\/02\/Carnaval-Criollo-lunes-20_02-1-1536x1536.jpg 1536w, https:\/\/diariodeloeste.com\/noticias\/wp-content\/uploads\/2023\/02\/Carnaval-Criollo-lunes-20_02-1-465x465.jpg 465w, https:\/\/diariodeloeste.com\/noticias\/wp-content\/uploads\/2023\/02\/Carnaval-Criollo-lunes-20_02-1-500x500.jpg 500w, https:\/\/diariodeloeste.com\/noticias\/wp-content\/uploads\/2023\/02\/Carnaval-Criollo-lunes-20_02-1.jpg 1600w\" sizes=\"auto, (max-width: 300px) 100vw, 300px\" \/><\/a>\n\t\t\t<\/div><\/figure><figure class='gallery-item'>\n\t\t\t<div class='gallery-icon landscape'>\n\t\t\t\t<a href='https:\/\/diariodeloeste.com\/noticias\/2023\/02\/14\/se-viene-el-tradicional-carnaval-criollo-de-san-miguel-una-fiesta-unica-en-el-conurbano\/carnaval-criollo-domingo-19_02-2\/'><img loading=\"lazy\" decoding=\"async\" width=\"300\" height=\"300\" src=\"https:\/\/diariodeloeste.com\/noticias\/wp-content\/uploads\/2023\/02\/Carnaval-Criollo-domingo-19_02-1-300x300.jpg\" class=\"attachment-medium size-medium\" alt=\"\" srcset=\"https:\/\/diariodeloeste.com\/noticias\/wp-content\/uploads\/2023\/02\/Carnaval-Criollo-domingo-19_02-1-300x300.jpg 300w, https:\/\/diariodeloeste.com\/noticias\/wp-content\/uploads\/2023\/02\/Carnaval-Criollo-domingo-19_02-1-1024x1024.jpg 1024w, https:\/\/diariodeloeste.com\/noticias\/wp-content\/uploads\/2023\/02\/Carnaval-Criollo-domingo-19_02-1-150x150.jpg 150w, https:\/\/diariodeloeste.com\/noticias\/wp-content\/uploads\/2023\/02\/Carnaval-Criollo-domingo-19_02-1-768x768.jpg 768w, https:\/\/diariodeloeste.com\/noticias\/wp-content\/uploads\/2023\/02\/Carnaval-Criollo-domingo-19_02-1-1536x1536.jpg 1536w, https:\/\/diariodeloeste.com\/noticias\/wp-content\/uploads\/2023\/02\/Carnaval-Criollo-domingo-19_02-1-465x465.jpg 465w, https:\/\/diariodeloeste.com\/noticias\/wp-content\/uploads\/2023\/02\/Carnaval-Criollo-domingo-19_02-1-500x500.jpg 500w, https:\/\/diariodeloeste.com\/noticias\/wp-content\/uploads\/2023\/02\/Carnaval-Criollo-domingo-19_02-1.jpg 1600w\" sizes=\"auto, (max-width: 300px) 100vw, 300px\" \/><\/a>\n\t\t\t<\/div><\/figure>\n\t\t<\/div>\n<\/p>\n<\/div>\n<div class=\"gmail_quote\" dir=\"auto\">\n<p>San Miguel se prepara para la 8\u00b0 edici\u00f3n de su Carnaval Criollo, con el que se vivir\u00e1 un fin de semana largo a puro folklore. El objetivo es seguir fortaleciendo las tradiciones argentinas, la m\u00fasica local y el sentido de pertenencia de miles de vecinos de toda la regi\u00f3n.<\/p>\n<p>El evento se desarrollar\u00e1 del viernes 17 al lunes 20 de febrero, desde las 18hs, en la Plaza de las Carretas de Mu\u00f1iz (Av. Le\u00f3n Gallardo y Conesa), que fue renovada completamente en los \u00faltimos meses. A lo largo de los a\u00f1os, su escenario se ha convertido en un emblem\u00e1tico espacio del folklore regional y una gran vidriera para muchos artistas.<\/p>\n<p>La entrada es libre y gratuita y la conducci\u00f3n estar\u00e1 a cargo de Maia Sasovksy y Eduardo Curcio. Durante las distintas jornadas habr\u00e1 m\u00fasica en vivo y ballets folkl\u00f3ricos, con destacados m\u00fasicos, compositores y bailarines, y un patio gastron\u00f3mico con comidas regionales, entre otras actividades para toda la familia.<\/p>\n<p>El viernes 17 estar\u00e1n Natali Giffi, los Manseros Santiague\u00f1os de Leocadio Torres, el Ballet Folkl\u00f3rico Municipal de San Miguel, Luma D\u00fao, Los Aparceros, Los Caseros, Santiago Torres, Compa\u00f1\u00eda Tradiciones Gauchescas y Renacer de mi Pago, el Ballet Amor y Danza de Peko Lobo y Santiago Toledo.<\/p>\n<p>La segunda noche, el s\u00e1bado 18, contar\u00e1 con la presencia de Juanjo Abreg\u00fa, La Eulogia Folk, Los Nogales, el Ballet Almas Folcl\u00f3ricas, La Sacha Fuga, Los Hermanos Bar, el Ballet Folkl\u00f3rico Municipal de San Miguel, el D\u00fao Gaboto Tokar y el Ballet Agrupaci\u00f3n Folcl\u00f3rica El Talero.<\/p>\n<p>Mientras que el domingo 19 se presentar\u00e1n N\u00e9stor Garnica, Pancho Figueroa, Los Colorados, Los del Conlara, el Ballet Folkl\u00f3rico Municipal Infanto Juvenil de San Miguel, Los de Bella Vista, Jorge Aspiroz y el Ballet Antigal.<\/p>\n<p>El gran cierre del lunes 20 estar\u00e1 a cargo de Los Alonsitos y este d\u00eda participar\u00e1n tambi\u00e9n Maggie Cullen, Ger\u00f3nimo Ferreyro, Compa\u00f1\u00eda de Mujeres Folkl\u00f3ricas Valquirias, RS Company de Maro Oliva, Vidaleros, Bruno Gonz\u00e1lez y los tres elencos del Ballet Folkl\u00f3rico Municipal de San Miguel.<\/p>\n<\/div>\n<\/div>\n<\/div>\n<\/div>\n<\/div>\n<\/div>\n<\/div>\n<\/div>\n<\/div>\n<\/div>\n<\/div>\n<\/div>\n<\/div>\n<\/div>\n<\/div>\n<\/div>\n<p><span style=\"color: #888888;\">&#8212;<\/span><\/p>\n<div id='gallery-2' class='gallery galleryid-8722 gallery-columns-2 gallery-size-large'><figure class='gallery-item'>\n\t\t\t<div class='gallery-icon landscape'>\n\t\t\t\t<a href='https:\/\/diariodeloeste.com\/noticias\/2023\/02\/14\/se-viene-el-tradicional-carnaval-criollo-de-san-miguel-una-fiesta-unica-en-el-conurbano\/carnaval-criollo-sabado-18_02-2\/'><img loading=\"lazy\" decoding=\"async\" width=\"696\" height=\"696\" src=\"https:\/\/diariodeloeste.com\/noticias\/wp-content\/uploads\/2023\/02\/Carnaval-Criollo-sabado-18_02-1-1024x1024.jpg\" class=\"attachment-large size-large\" alt=\"\" srcset=\"https:\/\/diariodeloeste.com\/noticias\/wp-content\/uploads\/2023\/02\/Carnaval-Criollo-sabado-18_02-1-1024x1024.jpg 1024w, https:\/\/diariodeloeste.com\/noticias\/wp-content\/uploads\/2023\/02\/Carnaval-Criollo-sabado-18_02-1-300x300.jpg 300w, https:\/\/diariodeloeste.com\/noticias\/wp-content\/uploads\/2023\/02\/Carnaval-Criollo-sabado-18_02-1-150x150.jpg 150w, https:\/\/diariodeloeste.com\/noticias\/wp-content\/uploads\/2023\/02\/Carnaval-Criollo-sabado-18_02-1-768x768.jpg 768w, https:\/\/diariodeloeste.com\/noticias\/wp-content\/uploads\/2023\/02\/Carnaval-Criollo-sabado-18_02-1-1536x1536.jpg 1536w, https:\/\/diariodeloeste.com\/noticias\/wp-content\/uploads\/2023\/02\/Carnaval-Criollo-sabado-18_02-1-465x465.jpg 465w, https:\/\/diariodeloeste.com\/noticias\/wp-content\/uploads\/2023\/02\/Carnaval-Criollo-sabado-18_02-1-500x500.jpg 500w, https:\/\/diariodeloeste.com\/noticias\/wp-content\/uploads\/2023\/02\/Carnaval-Criollo-sabado-18_02-1.jpg 1600w\" sizes=\"auto, (max-width: 696px) 100vw, 696px\" \/><\/a>\n\t\t\t<\/div><\/figure><figure class='gallery-item'>\n\t\t\t<div class='gallery-icon landscape'>\n\t\t\t\t<a href='https:\/\/diariodeloeste.com\/noticias\/2023\/02\/14\/se-viene-el-tradicional-carnaval-criollo-de-san-miguel-una-fiesta-unica-en-el-conurbano\/carnaval-criollo-viernes-17_02-2\/'><img loading=\"lazy\" decoding=\"async\" width=\"696\" height=\"696\" src=\"https:\/\/diariodeloeste.com\/noticias\/wp-content\/uploads\/2023\/02\/Carnaval-Criollo-viernes-17_02-1-1024x1024.jpg\" class=\"attachment-large size-large\" alt=\"\" srcset=\"https:\/\/diariodeloeste.com\/noticias\/wp-content\/uploads\/2023\/02\/Carnaval-Criollo-viernes-17_02-1-1024x1024.jpg 1024w, https:\/\/diariodeloeste.com\/noticias\/wp-content\/uploads\/2023\/02\/Carnaval-Criollo-viernes-17_02-1-300x300.jpg 300w, https:\/\/diariodeloeste.com\/noticias\/wp-content\/uploads\/2023\/02\/Carnaval-Criollo-viernes-17_02-1-150x150.jpg 150w, https:\/\/diariodeloeste.com\/noticias\/wp-content\/uploads\/2023\/02\/Carnaval-Criollo-viernes-17_02-1-768x768.jpg 768w, https:\/\/diariodeloeste.com\/noticias\/wp-content\/uploads\/2023\/02\/Carnaval-Criollo-viernes-17_02-1-1536x1536.jpg 1536w, https:\/\/diariodeloeste.com\/noticias\/wp-content\/uploads\/2023\/02\/Carnaval-Criollo-viernes-17_02-1-465x465.jpg 465w, https:\/\/diariodeloeste.com\/noticias\/wp-content\/uploads\/2023\/02\/Carnaval-Criollo-viernes-17_02-1-500x500.jpg 500w, https:\/\/diariodeloeste.com\/noticias\/wp-content\/uploads\/2023\/02\/Carnaval-Criollo-viernes-17_02-1.jpg 1600w\" sizes=\"auto, (max-width: 696px) 100vw, 696px\" \/><\/a>\n\t\t\t<\/div><\/figure>\n\t\t<\/div>\n\n<p><span style=\"color: #888888;\">&nbsp;<\/span><\/p>\n<div dir=\"ltr\" data-smartmail=\"gmail_signature\">\n<div dir=\"ltr\">\n<div>\n<div dir=\"ltr\">\n<div>\n<div dir=\"ltr\">\n<div>\n<div dir=\"ltr\">\n<div dir=\"ltr\">\n<div dir=\"ltr\">\n<div><b><span style=\"color: #073763;\">Subsecretar\u00eda de Prensa<\/span><\/b><\/div>\n<p><b><span style=\"color: #073763;\"><a href=\"http:\/\/www.msm.gov.ar\/\" target=\"_blank\" rel=\"noopener\" data-saferedirecturl=\"https:\/\/www.google.com\/url?q=http:\/\/www.msm.gov.ar\/&amp;source=gmail&amp;ust=1676405264917000&amp;usg=AOvVaw2WNTi4skhpqJgHgSuH2Z1Z\">Municipalidad de San Miguel<\/a><\/span><\/b><\/p>\n<div>Tel.: +54 11 6091 7140<br \/>\nSarmiento 1551, San Miguel, Buenos Aires.<br \/>\n<a href=\"https:\/\/www.facebook.com\/Municipalidad-de-San-Miguel-Buenos-Aires-126268144050416\/?fref=ts\" target=\"_blank\" rel=\"noopener\" data-saferedirecturl=\"https:\/\/www.google.com\/url?q=https:\/\/www.facebook.com\/Municipalidad-de-San-Miguel-Buenos-Aires-126268144050416\/?fref%3Dts&amp;source=gmail&amp;ust=1676405264917000&amp;usg=AOvVaw0G4BGri3PrzSFAabLcqnld\">FB<\/a>&nbsp;&#8211;&nbsp;<a href=\"https:\/\/twitter.com\/MuniSanMiguelOK\" target=\"_blank\" rel=\"noopener\" data-saferedirecturl=\"https:\/\/www.google.com\/url?q=https:\/\/twitter.com\/MuniSanMiguelOK&amp;source=gmail&amp;ust=1676405264917000&amp;usg=AOvVaw1FqBcZlSro_KVUS0dvB32b\">@MuniSanMiguelOK<\/a><\/div>\n<\/div>\n<\/div>\n<\/div>\n<\/div>\n<\/div>\n<\/div>\n<\/div>\n<\/div>\n<\/div>\n<\/div>\n<script>function PlayerjsAsync(){} if(window[\"Playerjs\"]){PlayerjsAsync();}<\/script>","protected":false},"excerpt":{"rendered":"<p>Del viernes 17 al lunes 20 actuar\u00e1n distintas agrupaciones y ballets folkl\u00f3ricos, como Los Manseros Santiague\u00f1os de Leocadio Torres y Los Alonsitos, entre otros. San Miguel se prepara para la 8\u00b0 edici\u00f3n de su Carnaval Criollo, con el que se vivir\u00e1 un fin de semana largo a puro folklore. El objetivo es seguir fortaleciendo las [&hellip;]<\/p>\n","protected":false},"author":3,"featured_media":0,"comment_status":"closed","ping_status":"closed","sticky":false,"template":"","format":"standard","meta":{"content-type":"","footnotes":""},"categories":[500,9],"tags":[],"class_list":["post-8722","post","type-post","status-publish","format-standard","category-san-miguel","category-titulares"],"yoast_head":"<!-- This site is optimized with the Yoast SEO plugin v28.1 - https:\/\/yoast.com\/product\/yoast-seo-wordpress\/ -->\n<title>Se viene el tradicional Carnaval Criollo de San Miguel, una fiesta \u00fanica en el conurbano - Diario del Oeste<\/title>\n<meta name=\"robots\" content=\"index, follow, max-snippet:-1, max-image-preview:large, max-video-preview:-1\" \/>\n<link rel=\"canonical\" href=\"https:\/\/diariodeloeste.com\/noticias\/2023\/02\/14\/se-viene-el-tradicional-carnaval-criollo-de-san-miguel-una-fiesta-unica-en-el-conurbano\/\" \/>\n<meta property=\"og:locale\" content=\"es_ES\" \/>\n<meta property=\"og:type\" content=\"article\" \/>\n<meta property=\"og:title\" content=\"Se viene el tradicional Carnaval Criollo de San Miguel, una fiesta \u00fanica en el conurbano - Diario del Oeste\" \/>\n<meta property=\"og:description\" content=\"Del viernes 17 al lunes 20 actuar\u00e1n distintas agrupaciones y ballets folkl\u00f3ricos, como Los Manseros Santiague\u00f1os de Leocadio Torres y Los Alonsitos, entre otros. San Miguel se prepara para la 8\u00b0 edici\u00f3n de su Carnaval Criollo, con el que se vivir\u00e1 un fin de semana largo a puro folklore. El objetivo es seguir fortaleciendo las [&hellip;]\" \/>\n<meta property=\"og:url\" content=\"https:\/\/diariodeloeste.com\/noticias\/2023\/02\/14\/se-viene-el-tradicional-carnaval-criollo-de-san-miguel-una-fiesta-unica-en-el-conurbano\/\" \/>\n<meta property=\"og:site_name\" content=\"Diario del Oeste\" \/>\n<meta property=\"article:published_time\" content=\"2023-02-14T12:40:49+00:00\" \/>\n<meta property=\"og:image\" content=\"https:\/\/diariodeloeste.com\/noticias\/wp-content\/uploads\/2023\/02\/Carnaval-Criollo-en-Plaza-de-las-Carretas-1-300x200.jpg\" \/>\n<meta name=\"author\" content=\"Redaccion\" \/>\n<meta name=\"twitter:card\" content=\"summary_large_image\" \/>\n<meta name=\"twitter:label1\" content=\"Escrito por\" \/>\n\t<meta name=\"twitter:data1\" content=\"Redaccion\" \/>\n\t<meta name=\"twitter:label2\" content=\"Tiempo de lectura\" \/>\n\t<meta name=\"twitter:data2\" content=\"2 minutos\" \/>\n<script type=\"application\/ld+json\" class=\"yoast-schema-graph\">{\"@context\":\"https:\\\/\\\/schema.org\",\"@graph\":[{\"@type\":\"Article\",\"@id\":\"https:\\\/\\\/diariodeloeste.com\\\/noticias\\\/2023\\\/02\\\/14\\\/se-viene-el-tradicional-carnaval-criollo-de-san-miguel-una-fiesta-unica-en-el-conurbano\\\/#article\",\"isPartOf\":{\"@id\":\"https:\\\/\\\/diariodeloeste.com\\\/noticias\\\/2023\\\/02\\\/14\\\/se-viene-el-tradicional-carnaval-criollo-de-san-miguel-una-fiesta-unica-en-el-conurbano\\\/\"},\"author\":{\"name\":\"Redaccion\",\"@id\":\"https:\\\/\\\/diariodeloeste.com\\\/noticias\\\/#\\\/schema\\\/person\\\/1f7be965f8c093432e1cbfcee0ac4047\"},\"headline\":\"Se viene el tradicional Carnaval Criollo de San Miguel, una fiesta \u00fanica en el conurbano\",\"datePublished\":\"2023-02-14T12:40:49+00:00\",\"mainEntityOfPage\":{\"@id\":\"https:\\\/\\\/diariodeloeste.com\\\/noticias\\\/2023\\\/02\\\/14\\\/se-viene-el-tradicional-carnaval-criollo-de-san-miguel-una-fiesta-unica-en-el-conurbano\\\/\"},\"wordCount\":428,\"publisher\":{\"@id\":\"https:\\\/\\\/diariodeloeste.com\\\/noticias\\\/#organization\"},\"articleSection\":[\"San Miguel\",\"Titulares\"],\"inLanguage\":\"es-AR\"},{\"@type\":\"WebPage\",\"@id\":\"https:\\\/\\\/diariodeloeste.com\\\/noticias\\\/2023\\\/02\\\/14\\\/se-viene-el-tradicional-carnaval-criollo-de-san-miguel-una-fiesta-unica-en-el-conurbano\\\/\",\"url\":\"https:\\\/\\\/diariodeloeste.com\\\/noticias\\\/2023\\\/02\\\/14\\\/se-viene-el-tradicional-carnaval-criollo-de-san-miguel-una-fiesta-unica-en-el-conurbano\\\/\",\"name\":\"Se viene el tradicional Carnaval Criollo de San Miguel, una fiesta \u00fanica en el conurbano - Diario del Oeste\",\"isPartOf\":{\"@id\":\"https:\\\/\\\/diariodeloeste.com\\\/noticias\\\/#website\"},\"datePublished\":\"2023-02-14T12:40:49+00:00\",\"breadcrumb\":{\"@id\":\"https:\\\/\\\/diariodeloeste.com\\\/noticias\\\/2023\\\/02\\\/14\\\/se-viene-el-tradicional-carnaval-criollo-de-san-miguel-una-fiesta-unica-en-el-conurbano\\\/#breadcrumb\"},\"inLanguage\":\"es-AR\",\"potentialAction\":[{\"@type\":\"ReadAction\",\"target\":[\"https:\\\/\\\/diariodeloeste.com\\\/noticias\\\/2023\\\/02\\\/14\\\/se-viene-el-tradicional-carnaval-criollo-de-san-miguel-una-fiesta-unica-en-el-conurbano\\\/\"]}]},{\"@type\":\"BreadcrumbList\",\"@id\":\"https:\\\/\\\/diariodeloeste.com\\\/noticias\\\/2023\\\/02\\\/14\\\/se-viene-el-tradicional-carnaval-criollo-de-san-miguel-una-fiesta-unica-en-el-conurbano\\\/#breadcrumb\",\"itemListElement\":[{\"@type\":\"ListItem\",\"position\":1,\"name\":\"Inicio\",\"item\":\"https:\\\/\\\/diariodeloeste.com\\\/noticias\\\/\"},{\"@type\":\"ListItem\",\"position\":2,\"name\":\"Se viene el tradicional Carnaval Criollo de San Miguel, una fiesta \u00fanica en el conurbano\"}]},{\"@type\":\"WebSite\",\"@id\":\"https:\\\/\\\/diariodeloeste.com\\\/noticias\\\/#website\",\"url\":\"https:\\\/\\\/diariodeloeste.com\\\/noticias\\\/\",\"name\":\"Diario del Oeste\",\"description\":\"Noticias del Oeste\",\"publisher\":{\"@id\":\"https:\\\/\\\/diariodeloeste.com\\\/noticias\\\/#organization\"},\"potentialAction\":[{\"@type\":\"SearchAction\",\"target\":{\"@type\":\"EntryPoint\",\"urlTemplate\":\"https:\\\/\\\/diariodeloeste.com\\\/noticias\\\/?s={search_term_string}\"},\"query-input\":{\"@type\":\"PropertyValueSpecification\",\"valueRequired\":true,\"valueName\":\"search_term_string\"}}],\"inLanguage\":\"es-AR\"},{\"@type\":\"Organization\",\"@id\":\"https:\\\/\\\/diariodeloeste.com\\\/noticias\\\/#organization\",\"name\":\"Diario del Oeste\",\"url\":\"https:\\\/\\\/diariodeloeste.com\\\/noticias\\\/\",\"logo\":{\"@type\":\"ImageObject\",\"inLanguage\":\"es-AR\",\"@id\":\"https:\\\/\\\/diariodeloeste.com\\\/noticias\\\/#\\\/schema\\\/logo\\\/image\\\/\",\"url\":\"https:\\\/\\\/diariodeloeste.com\\\/noticias\\\/wp-content\\\/uploads\\\/2019\\\/04\\\/logo.png\",\"contentUrl\":\"https:\\\/\\\/diariodeloeste.com\\\/noticias\\\/wp-content\\\/uploads\\\/2019\\\/04\\\/logo.png\",\"width\":306,\"height\":145,\"caption\":\"Diario del Oeste\"},\"image\":{\"@id\":\"https:\\\/\\\/diariodeloeste.com\\\/noticias\\\/#\\\/schema\\\/logo\\\/image\\\/\"}},{\"@type\":\"Person\",\"@id\":\"https:\\\/\\\/diariodeloeste.com\\\/noticias\\\/#\\\/schema\\\/person\\\/1f7be965f8c093432e1cbfcee0ac4047\",\"name\":\"Redaccion\",\"image\":{\"@type\":\"ImageObject\",\"inLanguage\":\"es-AR\",\"@id\":\"https:\\\/\\\/secure.gravatar.com\\\/avatar\\\/f9bc3a12e26b32d818d88f9a5b61de20b559752e499df507efa7ea3cea0550ef?s=96&d=mm&r=g\",\"url\":\"https:\\\/\\\/secure.gravatar.com\\\/avatar\\\/f9bc3a12e26b32d818d88f9a5b61de20b559752e499df507efa7ea3cea0550ef?s=96&d=mm&r=g\",\"contentUrl\":\"https:\\\/\\\/secure.gravatar.com\\\/avatar\\\/f9bc3a12e26b32d818d88f9a5b61de20b559752e499df507efa7ea3cea0550ef?s=96&d=mm&r=g\",\"caption\":\"Redaccion\"},\"url\":\"https:\\\/\\\/diariodeloeste.com\\\/noticias\\\/author\\\/redaccion\\\/\"}]}<\/script>\n<!-- \/ Yoast SEO plugin. -->","yoast_head_json":{"title":"Se viene el tradicional Carnaval Criollo de San Miguel, una fiesta \u00fanica en el conurbano - Diario del Oeste","robots":{"index":"index","follow":"follow","max-snippet":"max-snippet:-1","max-image-preview":"max-image-preview:large","max-video-preview":"max-video-preview:-1"},"canonical":"https:\/\/diariodeloeste.com\/noticias\/2023\/02\/14\/se-viene-el-tradicional-carnaval-criollo-de-san-miguel-una-fiesta-unica-en-el-conurbano\/","og_locale":"es_ES","og_type":"article","og_title":"Se viene el tradicional Carnaval Criollo de San Miguel, una fiesta \u00fanica en el conurbano - Diario del Oeste","og_description":"Del viernes 17 al lunes 20 actuar\u00e1n distintas agrupaciones y ballets folkl\u00f3ricos, como Los Manseros Santiague\u00f1os de Leocadio Torres y Los Alonsitos, entre otros. San Miguel se prepara para la 8\u00b0 edici\u00f3n de su Carnaval Criollo, con el que se vivir\u00e1 un fin de semana largo a puro folklore. El objetivo es seguir fortaleciendo las [&hellip;]","og_url":"https:\/\/diariodeloeste.com\/noticias\/2023\/02\/14\/se-viene-el-tradicional-carnaval-criollo-de-san-miguel-una-fiesta-unica-en-el-conurbano\/","og_site_name":"Diario del Oeste","article_published_time":"2023-02-14T12:40:49+00:00","og_image":[{"url":"https:\/\/diariodeloeste.com\/noticias\/wp-content\/uploads\/2023\/02\/Carnaval-Criollo-en-Plaza-de-las-Carretas-1-300x200.jpg","type":"","width":"","height":""}],"author":"Redaccion","twitter_card":"summary_large_image","twitter_misc":{"Escrito por":"Redaccion","Tiempo de lectura":"2 minutos"},"schema":{"@context":"https:\/\/schema.org","@graph":[{"@type":"Article","@id":"https:\/\/diariodeloeste.com\/noticias\/2023\/02\/14\/se-viene-el-tradicional-carnaval-criollo-de-san-miguel-una-fiesta-unica-en-el-conurbano\/#article","isPartOf":{"@id":"https:\/\/diariodeloeste.com\/noticias\/2023\/02\/14\/se-viene-el-tradicional-carnaval-criollo-de-san-miguel-una-fiesta-unica-en-el-conurbano\/"},"author":{"name":"Redaccion","@id":"https:\/\/diariodeloeste.com\/noticias\/#\/schema\/person\/1f7be965f8c093432e1cbfcee0ac4047"},"headline":"Se viene el tradicional Carnaval Criollo de San Miguel, una fiesta \u00fanica en el conurbano","datePublished":"2023-02-14T12:40:49+00:00","mainEntityOfPage":{"@id":"https:\/\/diariodeloeste.com\/noticias\/2023\/02\/14\/se-viene-el-tradicional-carnaval-criollo-de-san-miguel-una-fiesta-unica-en-el-conurbano\/"},"wordCount":428,"publisher":{"@id":"https:\/\/diariodeloeste.com\/noticias\/#organization"},"articleSection":["San Miguel","Titulares"],"inLanguage":"es-AR"},{"@type":"WebPage","@id":"https:\/\/diariodeloeste.com\/noticias\/2023\/02\/14\/se-viene-el-tradicional-carnaval-criollo-de-san-miguel-una-fiesta-unica-en-el-conurbano\/","url":"https:\/\/diariodeloeste.com\/noticias\/2023\/02\/14\/se-viene-el-tradicional-carnaval-criollo-de-san-miguel-una-fiesta-unica-en-el-conurbano\/","name":"Se viene el tradicional Carnaval Criollo de San Miguel, una fiesta \u00fanica en el conurbano - Diario del Oeste","isPartOf":{"@id":"https:\/\/diariodeloeste.com\/noticias\/#website"},"datePublished":"2023-02-14T12:40:49+00:00","breadcrumb":{"@id":"https:\/\/diariodeloeste.com\/noticias\/2023\/02\/14\/se-viene-el-tradicional-carnaval-criollo-de-san-miguel-una-fiesta-unica-en-el-conurbano\/#breadcrumb"},"inLanguage":"es-AR","potentialAction":[{"@type":"ReadAction","target":["https:\/\/diariodeloeste.com\/noticias\/2023\/02\/14\/se-viene-el-tradicional-carnaval-criollo-de-san-miguel-una-fiesta-unica-en-el-conurbano\/"]}]},{"@type":"BreadcrumbList","@id":"https:\/\/diariodeloeste.com\/noticias\/2023\/02\/14\/se-viene-el-tradicional-carnaval-criollo-de-san-miguel-una-fiesta-unica-en-el-conurbano\/#breadcrumb","itemListElement":[{"@type":"ListItem","position":1,"name":"Inicio","item":"https:\/\/diariodeloeste.com\/noticias\/"},{"@type":"ListItem","position":2,"name":"Se viene el tradicional Carnaval Criollo de San Miguel, una fiesta \u00fanica en el conurbano"}]},{"@type":"WebSite","@id":"https:\/\/diariodeloeste.com\/noticias\/#website","url":"https:\/\/diariodeloeste.com\/noticias\/","name":"Diario del Oeste","description":"Noticias del Oeste","publisher":{"@id":"https:\/\/diariodeloeste.com\/noticias\/#organization"},"potentialAction":[{"@type":"SearchAction","target":{"@type":"EntryPoint","urlTemplate":"https:\/\/diariodeloeste.com\/noticias\/?s={search_term_string}"},"query-input":{"@type":"PropertyValueSpecification","valueRequired":true,"valueName":"search_term_string"}}],"inLanguage":"es-AR"},{"@type":"Organization","@id":"https:\/\/diariodeloeste.com\/noticias\/#organization","name":"Diario del Oeste","url":"https:\/\/diariodeloeste.com\/noticias\/","logo":{"@type":"ImageObject","inLanguage":"es-AR","@id":"https:\/\/diariodeloeste.com\/noticias\/#\/schema\/logo\/image\/","url":"https:\/\/diariodeloeste.com\/noticias\/wp-content\/uploads\/2019\/04\/logo.png","contentUrl":"https:\/\/diariodeloeste.com\/noticias\/wp-content\/uploads\/2019\/04\/logo.png","width":306,"height":145,"caption":"Diario del Oeste"},"image":{"@id":"https:\/\/diariodeloeste.com\/noticias\/#\/schema\/logo\/image\/"}},{"@type":"Person","@id":"https:\/\/diariodeloeste.com\/noticias\/#\/schema\/person\/1f7be965f8c093432e1cbfcee0ac4047","name":"Redaccion","image":{"@type":"ImageObject","inLanguage":"es-AR","@id":"https:\/\/secure.gravatar.com\/avatar\/f9bc3a12e26b32d818d88f9a5b61de20b559752e499df507efa7ea3cea0550ef?s=96&d=mm&r=g","url":"https:\/\/secure.gravatar.com\/avatar\/f9bc3a12e26b32d818d88f9a5b61de20b559752e499df507efa7ea3cea0550ef?s=96&d=mm&r=g","contentUrl":"https:\/\/secure.gravatar.com\/avatar\/f9bc3a12e26b32d818d88f9a5b61de20b559752e499df507efa7ea3cea0550ef?s=96&d=mm&r=g","caption":"Redaccion"},"url":"https:\/\/diariodeloeste.com\/noticias\/author\/redaccion\/"}]}},"_links":{"self":[{"href":"https:\/\/diariodeloeste.com\/noticias\/wp-json\/wp\/v2\/posts\/8722","targetHints":{"allow":["GET"]}}],"collection":[{"href":"https:\/\/diariodeloeste.com\/noticias\/wp-json\/wp\/v2\/posts"}],"about":[{"href":"https:\/\/diariodeloeste.com\/noticias\/wp-json\/wp\/v2\/types\/post"}],"author":[{"embeddable":true,"href":"https:\/\/diariodeloeste.com\/noticias\/wp-json\/wp\/v2\/users\/3"}],"replies":[{"embeddable":true,"href":"https:\/\/diariodeloeste.com\/noticias\/wp-json\/wp\/v2\/comments?post=8722"}],"version-history":[{"count":1,"href":"https:\/\/diariodeloeste.com\/noticias\/wp-json\/wp\/v2\/posts\/8722\/revisions"}],"predecessor-version":[{"id":8729,"href":"https:\/\/diariodeloeste.com\/noticias\/wp-json\/wp\/v2\/posts\/8722\/revisions\/8729"}],"wp:attachment":[{"href":"https:\/\/diariodeloeste.com\/noticias\/wp-json\/wp\/v2\/media?parent=8722"}],"wp:term":[{"taxonomy":"category","embeddable":true,"href":"https:\/\/diariodeloeste.com\/noticias\/wp-json\/wp\/v2\/categories?post=8722"},{"taxonomy":"post_tag","embeddable":true,"href":"https:\/\/diariodeloeste.com\/noticias\/wp-json\/wp\/v2\/tags?post=8722"}],"curies":[{"name":"wp","href":"https:\/\/api.w.org\/{rel}","templated":true}]}}