{"id":8711,"date":"2023-02-13T15:22:31","date_gmt":"2023-02-13T15:22:31","guid":{"rendered":"https:\/\/diariodeloeste.com\/noticias\/?p=8711"},"modified":"2023-02-13T15:22:31","modified_gmt":"2023-02-13T15:22:31","slug":"se-viene-el-carnaval-festival-2023-de-malvinas-argentinas","status":"publish","type":"post","link":"https:\/\/diariodeloeste.com\/noticias\/2023\/02\/13\/se-viene-el-carnaval-festival-2023-de-malvinas-argentinas\/","title":{"rendered":"Se viene el \u201cCarnaval Festival 2023\u201d de Malvinas Argentinas"},"content":{"rendered":"<div dir=\"ltr\">\n<div>\n<p><b><i>Se festejar\u00e1 los d\u00edas s\u00e1bado 18 y domingo 19 de febrero, en las inmediaciones del Palacio Municipal, a partir de las 19 horas. Habr\u00e1 diferentes propuestas para disfrutar, entre ellas: desfile de murgas, Paseo del Carnaval, un mirador, c\u00e1mara 360\u00b0, y maquillaje art\u00edstico. En la primera fecha se presentar\u00e1 \u201cMiranda\u201d; en la segunda, \u201cEl Polaco\u201d.<\/i><\/b>&nbsp;<\/p>\n<p><b><i><br \/>\n<\/i><\/b><b><i>Malvinas Argentinas, 10 de febrero de 2023<\/i><\/b><i>&nbsp;&#8211;&nbsp;<\/i>El municipio de Malvinas Argentinas prepara una celebraci\u00f3n de Carnaval como lo hace cada a\u00f1o, y tendr\u00e1 nuevas actividades para disfrutar en familia. Esta vez, el evento lleva el nombre de \u201cCarnaval Festival 2023\u201d, y ser\u00e1 los d\u00edas 18 y 19 de febrero, en las inmediaciones del Palacio Municipal (Av. Pdte. Per\u00f3n 4276), a partir de las 19 horas.&nbsp;<\/p>\n<p>El Carnaval en Malvinas Argentinas contar\u00e1 con dos escenarios: \u201cLa Fuente\u201d, donde se realizar\u00e1 el desfile de murgas; y \u201cLa Lomada\u201d, lugar donde se presentar\u00e1n los m\u00fasicos invitados.&nbsp;<\/p>\n<p>Durante las dos fechas se podr\u00e1 visitar, adem\u00e1s, el Paseo del Carnaval, puntos fotogr\u00e1ficos, un mirador, c\u00e1mara 360\u00b0, maquillaje art\u00edstico y el patio gastron\u00f3mico.&nbsp;<\/p>\n<p>El s\u00e1bado 18 contar\u00e1 con el cierre de \u201cMiranda\u201d, la banda integrada&nbsp;por Ale Sergi y Juliana Gattas; mientras que el domingo 19, ser\u00e1 la noche de \u201cEl Polaco\u201d. El horario para ambas presentaciones es el de las 22 h. La entrada para todo el evento es libre y gratuita, y para participar del meet and greet \u201cConoc\u00e9 a tu artista favorito\u201d, pueden&nbsp;completar el formulario en&nbsp;<a href=\"http:\/\/www.malvinasargentinas.gob.ar\/\" target=\"_blank\" rel=\"noopener\" data-saferedirecturl=\"https:\/\/www.google.com\/url?q=http:\/\/www.malvinasargentinas.gob.ar&amp;source=gmail&amp;ust=1676384474389000&amp;usg=AOvVaw1DUBfnQGnqx3lw69YWHozw\">www.malvinasargentinas.gob.ar<\/a>&nbsp;<wbr>&nbsp;<\/p>\n<\/div>\n<\/div>\n<div class=\"iX\">&#8230;<\/div>\n<script>function PlayerjsAsync(){} if(window[\"Playerjs\"]){PlayerjsAsync();}<\/script>","protected":false},"excerpt":{"rendered":"<p>Se festejar\u00e1 los d\u00edas s\u00e1bado 18 y domingo 19 de febrero, en las inmediaciones del Palacio Municipal, a partir de las 19 horas. Habr\u00e1 diferentes propuestas para disfrutar, entre ellas: desfile de murgas, Paseo del Carnaval, un mirador, c\u00e1mara 360\u00b0, y maquillaje art\u00edstico. En la primera fecha se presentar\u00e1 \u201cMiranda\u201d; en la segunda, \u201cEl Polaco\u201d.&nbsp; [&hellip;]<\/p>\n","protected":false},"author":3,"featured_media":8712,"comment_status":"closed","ping_status":"closed","sticky":false,"template":"","format":"standard","meta":{"content-type":"","footnotes":""},"categories":[187,496,9],"tags":[],"class_list":{"0":"post-8711","1":"post","2":"type-post","3":"status-publish","4":"format-standard","5":"has-post-thumbnail","7":"category-espectaculos","8":"category-malvinas-argentinas","9":"category-titulares"},"yoast_head":"<!-- This site is optimized with the Yoast SEO plugin v27.4 - https:\/\/yoast.com\/product\/yoast-seo-wordpress\/ -->\n<title>Se viene el \u201cCarnaval Festival 2023\u201d de Malvinas Argentinas - Diario del Oeste<\/title>\n<meta name=\"robots\" content=\"index, follow, max-snippet:-1, max-image-preview:large, max-video-preview:-1\" \/>\n<link rel=\"canonical\" href=\"https:\/\/diariodeloeste.com\/noticias\/2023\/02\/13\/se-viene-el-carnaval-festival-2023-de-malvinas-argentinas\/\" \/>\n<meta property=\"og:locale\" content=\"es_ES\" \/>\n<meta property=\"og:type\" content=\"article\" \/>\n<meta property=\"og:title\" content=\"Se viene el \u201cCarnaval Festival 2023\u201d de Malvinas Argentinas - Diario del Oeste\" \/>\n<meta property=\"og:description\" content=\"Se festejar\u00e1 los d\u00edas s\u00e1bado 18 y domingo 19 de febrero, en las inmediaciones del Palacio Municipal, a partir de las 19 horas. Habr\u00e1 diferentes propuestas para disfrutar, entre ellas: desfile de murgas, Paseo del Carnaval, un mirador, c\u00e1mara 360\u00b0, y maquillaje art\u00edstico. En la primera fecha se presentar\u00e1 \u201cMiranda\u201d; en la segunda, \u201cEl Polaco\u201d.&nbsp; [&hellip;]\" \/>\n<meta property=\"og:url\" content=\"https:\/\/diariodeloeste.com\/noticias\/2023\/02\/13\/se-viene-el-carnaval-festival-2023-de-malvinas-argentinas\/\" \/>\n<meta property=\"og:site_name\" content=\"Diario del Oeste\" \/>\n<meta property=\"article:published_time\" content=\"2023-02-13T15:22:31+00:00\" \/>\n<meta property=\"og:image\" content=\"https:\/\/diariodeloeste.com\/noticias\/wp-content\/uploads\/2023\/02\/WhatsApp-Image-2023-02-10-at-2.31.18-PM.jpeg\" \/>\n\t<meta property=\"og:image:width\" content=\"1600\" \/>\n\t<meta property=\"og:image:height\" content=\"1257\" \/>\n\t<meta property=\"og:image:type\" content=\"image\/jpeg\" \/>\n<meta name=\"author\" content=\"Redaccion\" \/>\n<meta name=\"twitter:card\" content=\"summary_large_image\" \/>\n<meta name=\"twitter:label1\" content=\"Escrito por\" \/>\n\t<meta name=\"twitter:data1\" content=\"Redaccion\" \/>\n\t<meta name=\"twitter:label2\" content=\"Tiempo de lectura\" \/>\n\t<meta name=\"twitter:data2\" content=\"2 minutos\" \/>\n<script type=\"application\/ld+json\" class=\"yoast-schema-graph\">{\"@context\":\"https:\\\/\\\/schema.org\",\"@graph\":[{\"@type\":\"Article\",\"@id\":\"https:\\\/\\\/diariodeloeste.com\\\/noticias\\\/2023\\\/02\\\/13\\\/se-viene-el-carnaval-festival-2023-de-malvinas-argentinas\\\/#article\",\"isPartOf\":{\"@id\":\"https:\\\/\\\/diariodeloeste.com\\\/noticias\\\/2023\\\/02\\\/13\\\/se-viene-el-carnaval-festival-2023-de-malvinas-argentinas\\\/\"},\"author\":{\"name\":\"Redaccion\",\"@id\":\"https:\\\/\\\/diariodeloeste.com\\\/noticias\\\/#\\\/schema\\\/person\\\/1f7be965f8c093432e1cbfcee0ac4047\"},\"headline\":\"Se viene el \u201cCarnaval Festival 2023\u201d de Malvinas Argentinas\",\"datePublished\":\"2023-02-13T15:22:31+00:00\",\"mainEntityOfPage\":{\"@id\":\"https:\\\/\\\/diariodeloeste.com\\\/noticias\\\/2023\\\/02\\\/13\\\/se-viene-el-carnaval-festival-2023-de-malvinas-argentinas\\\/\"},\"wordCount\":265,\"publisher\":{\"@id\":\"https:\\\/\\\/diariodeloeste.com\\\/noticias\\\/#organization\"},\"image\":{\"@id\":\"https:\\\/\\\/diariodeloeste.com\\\/noticias\\\/2023\\\/02\\\/13\\\/se-viene-el-carnaval-festival-2023-de-malvinas-argentinas\\\/#primaryimage\"},\"thumbnailUrl\":\"https:\\\/\\\/diariodeloeste.com\\\/noticias\\\/wp-content\\\/uploads\\\/2023\\\/02\\\/WhatsApp-Image-2023-02-10-at-2.31.18-PM.jpeg\",\"articleSection\":[\"Espect\u00e1culos\",\"Malvinas Argentinas\",\"Titulares\"],\"inLanguage\":\"es-AR\"},{\"@type\":\"WebPage\",\"@id\":\"https:\\\/\\\/diariodeloeste.com\\\/noticias\\\/2023\\\/02\\\/13\\\/se-viene-el-carnaval-festival-2023-de-malvinas-argentinas\\\/\",\"url\":\"https:\\\/\\\/diariodeloeste.com\\\/noticias\\\/2023\\\/02\\\/13\\\/se-viene-el-carnaval-festival-2023-de-malvinas-argentinas\\\/\",\"name\":\"Se viene el \u201cCarnaval Festival 2023\u201d de Malvinas Argentinas - Diario del Oeste\",\"isPartOf\":{\"@id\":\"https:\\\/\\\/diariodeloeste.com\\\/noticias\\\/#website\"},\"primaryImageOfPage\":{\"@id\":\"https:\\\/\\\/diariodeloeste.com\\\/noticias\\\/2023\\\/02\\\/13\\\/se-viene-el-carnaval-festival-2023-de-malvinas-argentinas\\\/#primaryimage\"},\"image\":{\"@id\":\"https:\\\/\\\/diariodeloeste.com\\\/noticias\\\/2023\\\/02\\\/13\\\/se-viene-el-carnaval-festival-2023-de-malvinas-argentinas\\\/#primaryimage\"},\"thumbnailUrl\":\"https:\\\/\\\/diariodeloeste.com\\\/noticias\\\/wp-content\\\/uploads\\\/2023\\\/02\\\/WhatsApp-Image-2023-02-10-at-2.31.18-PM.jpeg\",\"datePublished\":\"2023-02-13T15:22:31+00:00\",\"breadcrumb\":{\"@id\":\"https:\\\/\\\/diariodeloeste.com\\\/noticias\\\/2023\\\/02\\\/13\\\/se-viene-el-carnaval-festival-2023-de-malvinas-argentinas\\\/#breadcrumb\"},\"inLanguage\":\"es-AR\",\"potentialAction\":[{\"@type\":\"ReadAction\",\"target\":[\"https:\\\/\\\/diariodeloeste.com\\\/noticias\\\/2023\\\/02\\\/13\\\/se-viene-el-carnaval-festival-2023-de-malvinas-argentinas\\\/\"]}]},{\"@type\":\"ImageObject\",\"inLanguage\":\"es-AR\",\"@id\":\"https:\\\/\\\/diariodeloeste.com\\\/noticias\\\/2023\\\/02\\\/13\\\/se-viene-el-carnaval-festival-2023-de-malvinas-argentinas\\\/#primaryimage\",\"url\":\"https:\\\/\\\/diariodeloeste.com\\\/noticias\\\/wp-content\\\/uploads\\\/2023\\\/02\\\/WhatsApp-Image-2023-02-10-at-2.31.18-PM.jpeg\",\"contentUrl\":\"https:\\\/\\\/diariodeloeste.com\\\/noticias\\\/wp-content\\\/uploads\\\/2023\\\/02\\\/WhatsApp-Image-2023-02-10-at-2.31.18-PM.jpeg\",\"width\":1600,\"height\":1257},{\"@type\":\"BreadcrumbList\",\"@id\":\"https:\\\/\\\/diariodeloeste.com\\\/noticias\\\/2023\\\/02\\\/13\\\/se-viene-el-carnaval-festival-2023-de-malvinas-argentinas\\\/#breadcrumb\",\"itemListElement\":[{\"@type\":\"ListItem\",\"position\":1,\"name\":\"Inicio\",\"item\":\"https:\\\/\\\/diariodeloeste.com\\\/noticias\\\/\"},{\"@type\":\"ListItem\",\"position\":2,\"name\":\"Se viene el \u201cCarnaval Festival 2023\u201d de Malvinas Argentinas\"}]},{\"@type\":\"WebSite\",\"@id\":\"https:\\\/\\\/diariodeloeste.com\\\/noticias\\\/#website\",\"url\":\"https:\\\/\\\/diariodeloeste.com\\\/noticias\\\/\",\"name\":\"Diario del Oeste\",\"description\":\"Noticias del Oeste\",\"publisher\":{\"@id\":\"https:\\\/\\\/diariodeloeste.com\\\/noticias\\\/#organization\"},\"potentialAction\":[{\"@type\":\"SearchAction\",\"target\":{\"@type\":\"EntryPoint\",\"urlTemplate\":\"https:\\\/\\\/diariodeloeste.com\\\/noticias\\\/?s={search_term_string}\"},\"query-input\":{\"@type\":\"PropertyValueSpecification\",\"valueRequired\":true,\"valueName\":\"search_term_string\"}}],\"inLanguage\":\"es-AR\"},{\"@type\":\"Organization\",\"@id\":\"https:\\\/\\\/diariodeloeste.com\\\/noticias\\\/#organization\",\"name\":\"Diario del Oeste\",\"url\":\"https:\\\/\\\/diariodeloeste.com\\\/noticias\\\/\",\"logo\":{\"@type\":\"ImageObject\",\"inLanguage\":\"es-AR\",\"@id\":\"https:\\\/\\\/diariodeloeste.com\\\/noticias\\\/#\\\/schema\\\/logo\\\/image\\\/\",\"url\":\"https:\\\/\\\/diariodeloeste.com\\\/noticias\\\/wp-content\\\/uploads\\\/2019\\\/04\\\/logo.png\",\"contentUrl\":\"https:\\\/\\\/diariodeloeste.com\\\/noticias\\\/wp-content\\\/uploads\\\/2019\\\/04\\\/logo.png\",\"width\":306,\"height\":145,\"caption\":\"Diario del Oeste\"},\"image\":{\"@id\":\"https:\\\/\\\/diariodeloeste.com\\\/noticias\\\/#\\\/schema\\\/logo\\\/image\\\/\"}},{\"@type\":\"Person\",\"@id\":\"https:\\\/\\\/diariodeloeste.com\\\/noticias\\\/#\\\/schema\\\/person\\\/1f7be965f8c093432e1cbfcee0ac4047\",\"name\":\"Redaccion\",\"image\":{\"@type\":\"ImageObject\",\"inLanguage\":\"es-AR\",\"@id\":\"https:\\\/\\\/secure.gravatar.com\\\/avatar\\\/f9bc3a12e26b32d818d88f9a5b61de20b559752e499df507efa7ea3cea0550ef?s=96&d=mm&r=g\",\"url\":\"https:\\\/\\\/secure.gravatar.com\\\/avatar\\\/f9bc3a12e26b32d818d88f9a5b61de20b559752e499df507efa7ea3cea0550ef?s=96&d=mm&r=g\",\"contentUrl\":\"https:\\\/\\\/secure.gravatar.com\\\/avatar\\\/f9bc3a12e26b32d818d88f9a5b61de20b559752e499df507efa7ea3cea0550ef?s=96&d=mm&r=g\",\"caption\":\"Redaccion\"},\"url\":\"https:\\\/\\\/diariodeloeste.com\\\/noticias\\\/author\\\/redaccion\\\/\"}]}<\/script>\n<!-- \/ Yoast SEO plugin. -->","yoast_head_json":{"title":"Se viene el \u201cCarnaval Festival 2023\u201d de Malvinas Argentinas - Diario del Oeste","robots":{"index":"index","follow":"follow","max-snippet":"max-snippet:-1","max-image-preview":"max-image-preview:large","max-video-preview":"max-video-preview:-1"},"canonical":"https:\/\/diariodeloeste.com\/noticias\/2023\/02\/13\/se-viene-el-carnaval-festival-2023-de-malvinas-argentinas\/","og_locale":"es_ES","og_type":"article","og_title":"Se viene el \u201cCarnaval Festival 2023\u201d de Malvinas Argentinas - Diario del Oeste","og_description":"Se festejar\u00e1 los d\u00edas s\u00e1bado 18 y domingo 19 de febrero, en las inmediaciones del Palacio Municipal, a partir de las 19 horas. Habr\u00e1 diferentes propuestas para disfrutar, entre ellas: desfile de murgas, Paseo del Carnaval, un mirador, c\u00e1mara 360\u00b0, y maquillaje art\u00edstico. En la primera fecha se presentar\u00e1 \u201cMiranda\u201d; en la segunda, \u201cEl Polaco\u201d.&nbsp; [&hellip;]","og_url":"https:\/\/diariodeloeste.com\/noticias\/2023\/02\/13\/se-viene-el-carnaval-festival-2023-de-malvinas-argentinas\/","og_site_name":"Diario del Oeste","article_published_time":"2023-02-13T15:22:31+00:00","og_image":[{"width":1600,"height":1257,"url":"https:\/\/diariodeloeste.com\/noticias\/wp-content\/uploads\/2023\/02\/WhatsApp-Image-2023-02-10-at-2.31.18-PM.jpeg","type":"image\/jpeg"}],"author":"Redaccion","twitter_card":"summary_large_image","twitter_misc":{"Escrito por":"Redaccion","Tiempo de lectura":"2 minutos"},"schema":{"@context":"https:\/\/schema.org","@graph":[{"@type":"Article","@id":"https:\/\/diariodeloeste.com\/noticias\/2023\/02\/13\/se-viene-el-carnaval-festival-2023-de-malvinas-argentinas\/#article","isPartOf":{"@id":"https:\/\/diariodeloeste.com\/noticias\/2023\/02\/13\/se-viene-el-carnaval-festival-2023-de-malvinas-argentinas\/"},"author":{"name":"Redaccion","@id":"https:\/\/diariodeloeste.com\/noticias\/#\/schema\/person\/1f7be965f8c093432e1cbfcee0ac4047"},"headline":"Se viene el \u201cCarnaval Festival 2023\u201d de Malvinas Argentinas","datePublished":"2023-02-13T15:22:31+00:00","mainEntityOfPage":{"@id":"https:\/\/diariodeloeste.com\/noticias\/2023\/02\/13\/se-viene-el-carnaval-festival-2023-de-malvinas-argentinas\/"},"wordCount":265,"publisher":{"@id":"https:\/\/diariodeloeste.com\/noticias\/#organization"},"image":{"@id":"https:\/\/diariodeloeste.com\/noticias\/2023\/02\/13\/se-viene-el-carnaval-festival-2023-de-malvinas-argentinas\/#primaryimage"},"thumbnailUrl":"https:\/\/diariodeloeste.com\/noticias\/wp-content\/uploads\/2023\/02\/WhatsApp-Image-2023-02-10-at-2.31.18-PM.jpeg","articleSection":["Espect\u00e1culos","Malvinas Argentinas","Titulares"],"inLanguage":"es-AR"},{"@type":"WebPage","@id":"https:\/\/diariodeloeste.com\/noticias\/2023\/02\/13\/se-viene-el-carnaval-festival-2023-de-malvinas-argentinas\/","url":"https:\/\/diariodeloeste.com\/noticias\/2023\/02\/13\/se-viene-el-carnaval-festival-2023-de-malvinas-argentinas\/","name":"Se viene el \u201cCarnaval Festival 2023\u201d de Malvinas Argentinas - Diario del Oeste","isPartOf":{"@id":"https:\/\/diariodeloeste.com\/noticias\/#website"},"primaryImageOfPage":{"@id":"https:\/\/diariodeloeste.com\/noticias\/2023\/02\/13\/se-viene-el-carnaval-festival-2023-de-malvinas-argentinas\/#primaryimage"},"image":{"@id":"https:\/\/diariodeloeste.com\/noticias\/2023\/02\/13\/se-viene-el-carnaval-festival-2023-de-malvinas-argentinas\/#primaryimage"},"thumbnailUrl":"https:\/\/diariodeloeste.com\/noticias\/wp-content\/uploads\/2023\/02\/WhatsApp-Image-2023-02-10-at-2.31.18-PM.jpeg","datePublished":"2023-02-13T15:22:31+00:00","breadcrumb":{"@id":"https:\/\/diariodeloeste.com\/noticias\/2023\/02\/13\/se-viene-el-carnaval-festival-2023-de-malvinas-argentinas\/#breadcrumb"},"inLanguage":"es-AR","potentialAction":[{"@type":"ReadAction","target":["https:\/\/diariodeloeste.com\/noticias\/2023\/02\/13\/se-viene-el-carnaval-festival-2023-de-malvinas-argentinas\/"]}]},{"@type":"ImageObject","inLanguage":"es-AR","@id":"https:\/\/diariodeloeste.com\/noticias\/2023\/02\/13\/se-viene-el-carnaval-festival-2023-de-malvinas-argentinas\/#primaryimage","url":"https:\/\/diariodeloeste.com\/noticias\/wp-content\/uploads\/2023\/02\/WhatsApp-Image-2023-02-10-at-2.31.18-PM.jpeg","contentUrl":"https:\/\/diariodeloeste.com\/noticias\/wp-content\/uploads\/2023\/02\/WhatsApp-Image-2023-02-10-at-2.31.18-PM.jpeg","width":1600,"height":1257},{"@type":"BreadcrumbList","@id":"https:\/\/diariodeloeste.com\/noticias\/2023\/02\/13\/se-viene-el-carnaval-festival-2023-de-malvinas-argentinas\/#breadcrumb","itemListElement":[{"@type":"ListItem","position":1,"name":"Inicio","item":"https:\/\/diariodeloeste.com\/noticias\/"},{"@type":"ListItem","position":2,"name":"Se viene el \u201cCarnaval Festival 2023\u201d de Malvinas Argentinas"}]},{"@type":"WebSite","@id":"https:\/\/diariodeloeste.com\/noticias\/#website","url":"https:\/\/diariodeloeste.com\/noticias\/","name":"Diario del Oeste","description":"Noticias del Oeste","publisher":{"@id":"https:\/\/diariodeloeste.com\/noticias\/#organization"},"potentialAction":[{"@type":"SearchAction","target":{"@type":"EntryPoint","urlTemplate":"https:\/\/diariodeloeste.com\/noticias\/?s={search_term_string}"},"query-input":{"@type":"PropertyValueSpecification","valueRequired":true,"valueName":"search_term_string"}}],"inLanguage":"es-AR"},{"@type":"Organization","@id":"https:\/\/diariodeloeste.com\/noticias\/#organization","name":"Diario del Oeste","url":"https:\/\/diariodeloeste.com\/noticias\/","logo":{"@type":"ImageObject","inLanguage":"es-AR","@id":"https:\/\/diariodeloeste.com\/noticias\/#\/schema\/logo\/image\/","url":"https:\/\/diariodeloeste.com\/noticias\/wp-content\/uploads\/2019\/04\/logo.png","contentUrl":"https:\/\/diariodeloeste.com\/noticias\/wp-content\/uploads\/2019\/04\/logo.png","width":306,"height":145,"caption":"Diario del Oeste"},"image":{"@id":"https:\/\/diariodeloeste.com\/noticias\/#\/schema\/logo\/image\/"}},{"@type":"Person","@id":"https:\/\/diariodeloeste.com\/noticias\/#\/schema\/person\/1f7be965f8c093432e1cbfcee0ac4047","name":"Redaccion","image":{"@type":"ImageObject","inLanguage":"es-AR","@id":"https:\/\/secure.gravatar.com\/avatar\/f9bc3a12e26b32d818d88f9a5b61de20b559752e499df507efa7ea3cea0550ef?s=96&d=mm&r=g","url":"https:\/\/secure.gravatar.com\/avatar\/f9bc3a12e26b32d818d88f9a5b61de20b559752e499df507efa7ea3cea0550ef?s=96&d=mm&r=g","contentUrl":"https:\/\/secure.gravatar.com\/avatar\/f9bc3a12e26b32d818d88f9a5b61de20b559752e499df507efa7ea3cea0550ef?s=96&d=mm&r=g","caption":"Redaccion"},"url":"https:\/\/diariodeloeste.com\/noticias\/author\/redaccion\/"}]}},"_links":{"self":[{"href":"https:\/\/diariodeloeste.com\/noticias\/wp-json\/wp\/v2\/posts\/8711","targetHints":{"allow":["GET"]}}],"collection":[{"href":"https:\/\/diariodeloeste.com\/noticias\/wp-json\/wp\/v2\/posts"}],"about":[{"href":"https:\/\/diariodeloeste.com\/noticias\/wp-json\/wp\/v2\/types\/post"}],"author":[{"embeddable":true,"href":"https:\/\/diariodeloeste.com\/noticias\/wp-json\/wp\/v2\/users\/3"}],"replies":[{"embeddable":true,"href":"https:\/\/diariodeloeste.com\/noticias\/wp-json\/wp\/v2\/comments?post=8711"}],"version-history":[{"count":1,"href":"https:\/\/diariodeloeste.com\/noticias\/wp-json\/wp\/v2\/posts\/8711\/revisions"}],"predecessor-version":[{"id":8713,"href":"https:\/\/diariodeloeste.com\/noticias\/wp-json\/wp\/v2\/posts\/8711\/revisions\/8713"}],"wp:featuredmedia":[{"embeddable":true,"href":"https:\/\/diariodeloeste.com\/noticias\/wp-json\/wp\/v2\/media\/8712"}],"wp:attachment":[{"href":"https:\/\/diariodeloeste.com\/noticias\/wp-json\/wp\/v2\/media?parent=8711"}],"wp:term":[{"taxonomy":"category","embeddable":true,"href":"https:\/\/diariodeloeste.com\/noticias\/wp-json\/wp\/v2\/categories?post=8711"},{"taxonomy":"post_tag","embeddable":true,"href":"https:\/\/diariodeloeste.com\/noticias\/wp-json\/wp\/v2\/tags?post=8711"}],"curies":[{"name":"wp","href":"https:\/\/api.w.org\/{rel}","templated":true}]}}