{"id":8650,"date":"2023-02-03T21:49:12","date_gmt":"2023-02-03T21:49:12","guid":{"rendered":"https:\/\/diariodeloeste.com\/noticias\/?p=8650"},"modified":"2023-02-03T21:49:12","modified_gmt":"2023-02-03T21:49:12","slug":"se-inauguro-la-plaza-jose-hernandez-en-villa-de-mayo","status":"publish","type":"post","link":"https:\/\/diariodeloeste.com\/noticias\/2023\/02\/03\/se-inauguro-la-plaza-jose-hernandez-en-villa-de-mayo\/","title":{"rendered":"Se inaugur\u00f3 la Plaza Jos\u00e9 Hern\u00e1ndez en Villa de Mayo"},"content":{"rendered":"<p style=\"text-align: left;\" align=\"center\"><b><i><span style=\"color: #252525;\">Estuvieron presentes el ministro Leo Nardini y el senador Luis Vivona. El nuevo espacio verde de 8.460 mts2 cuenta con un anfiteatro, cancha de c\u00e9sped sint\u00e9tico, sectores de esparcimiento y un corredor saludable, entre otras cosas.<\/span><\/i><\/b><\/p>\n<div id='gallery-1' class='gallery galleryid-8650 gallery-columns-3 gallery-size-medium'><figure class='gallery-item'>\n\t\t\t<div class='gallery-icon landscape'>\n\t\t\t\t<a href='https:\/\/diariodeloeste.com\/noticias\/2023\/02\/03\/se-inauguro-la-plaza-jose-hernandez-en-villa-de-mayo\/img-20230202-wa0287\/'><img loading=\"lazy\" loading=\"lazy\" decoding=\"async\" width=\"300\" height=\"200\" src=\"https:\/\/diariodeloeste.com\/noticias\/wp-content\/uploads\/2023\/02\/IMG-20230202-WA0287-300x200.jpg\" class=\"attachment-medium size-medium\" alt=\"\" \/><\/a>\n\t\t\t<\/div><\/figure><figure class='gallery-item'>\n\t\t\t<div class='gallery-icon landscape'>\n\t\t\t\t<a href='https:\/\/diariodeloeste.com\/noticias\/2023\/02\/03\/se-inauguro-la-plaza-jose-hernandez-en-villa-de-mayo\/img-20230202-wa0355\/'><img loading=\"lazy\" loading=\"lazy\" decoding=\"async\" width=\"300\" height=\"200\" src=\"https:\/\/diariodeloeste.com\/noticias\/wp-content\/uploads\/2023\/02\/IMG-20230202-WA0355-300x200.jpg\" class=\"attachment-medium size-medium\" alt=\"\" \/><\/a>\n\t\t\t<\/div><\/figure><figure class='gallery-item'>\n\t\t\t<div class='gallery-icon landscape'>\n\t\t\t\t<a href='https:\/\/diariodeloeste.com\/noticias\/2023\/02\/03\/se-inauguro-la-plaza-jose-hernandez-en-villa-de-mayo\/img-20230202-wa0293\/'><img loading=\"lazy\" loading=\"lazy\" decoding=\"async\" width=\"300\" height=\"200\" src=\"https:\/\/diariodeloeste.com\/noticias\/wp-content\/uploads\/2023\/02\/IMG-20230202-WA0293-300x200.jpg\" class=\"attachment-medium size-medium\" alt=\"\" \/><\/a>\n\t\t\t<\/div><\/figure>\n\t\t<\/div>\n\n<p><span style=\"color: #252525;\"><i><b>Ciudad de Villa de Mayo, 03 de febrero de 2023&nbsp;<\/b>&#8211;&nbsp;<\/i>El ministro de Infraestructura y Servicios P\u00fablicos de la Provincia de Buenos Aires, Leo Nardini, y el vicepresidente primero del Senado Bonaerense, Luis Vivona, inauguraron la nueva Plaza Jos\u00e9 Hern\u00e1ndez en la ciudad de Villa de Mayo.<\/span><\/p>\n<p><span style=\"color: #252525;\">\u201cEste espacio era muy esperado por los vecinos y vecinas. Ahora pueden disfrutar de un lugar lindo, digno y seguro. Se gener\u00f3 un lugar para el deporte, con nuevos juegos para ni\u00f1os, m\u00e1s el corredor saludable para los adultos mayores. Todo rodeado con nuevas luces led, para que la comunidad se apodere del espacio p\u00fablico y lo disfrute\u201d, asegur\u00f3 Nardini.<\/span><\/p>\n<p><span style=\"color: #252525;\">La plaza cuenta con nuevos bancos de hormig\u00f3n, p\u00e9rgolas met\u00e1licas, juegos para ni\u00f1os y ni\u00f1as, se\u00f1al\u00e9tica vertical y horizontal, nuevas luminarias led y una cancha f\u00fatbol 5 de 700 mts2 con c\u00e9sped sint\u00e9tico, cercada e iluminada, entre otras cosas. Adem\u00e1s, se plantaron distintas especies arb\u00f3reas y c\u00e9sped.<\/span><\/p>\n<p><span style=\"color: #252525;\">De esta manera, otro espacio p\u00fablico queda recuperado en Malvinas Argentinas y las familias del Barrio Guadalupe ya pueden disfrutarlo en las calles Sucre y John Keneddy.<\/span><\/p>\n<div id='gallery-2' class='gallery galleryid-8650 gallery-columns-3 gallery-size-medium'><figure class='gallery-item'>\n\t\t\t<div class='gallery-icon landscape'>\n\t\t\t\t<a href='https:\/\/diariodeloeste.com\/noticias\/2023\/02\/03\/se-inauguro-la-plaza-jose-hernandez-en-villa-de-mayo\/img-20230202-wa0272\/'><img loading=\"lazy\" loading=\"lazy\" decoding=\"async\" width=\"300\" height=\"200\" src=\"https:\/\/diariodeloeste.com\/noticias\/wp-content\/uploads\/2023\/02\/IMG-20230202-WA0272-300x200.jpg\" class=\"attachment-medium size-medium\" alt=\"\" \/><\/a>\n\t\t\t<\/div><\/figure><figure class='gallery-item'>\n\t\t\t<div class='gallery-icon landscape'>\n\t\t\t\t<a href='https:\/\/diariodeloeste.com\/noticias\/2023\/02\/03\/se-inauguro-la-plaza-jose-hernandez-en-villa-de-mayo\/img-20230202-wa0263\/'><img loading=\"lazy\" loading=\"lazy\" decoding=\"async\" width=\"300\" height=\"200\" src=\"https:\/\/diariodeloeste.com\/noticias\/wp-content\/uploads\/2023\/02\/IMG-20230202-WA0263-300x200.jpg\" class=\"attachment-medium size-medium\" alt=\"\" \/><\/a>\n\t\t\t<\/div><\/figure><figure class='gallery-item'>\n\t\t\t<div class='gallery-icon landscape'>\n\t\t\t\t<a href='https:\/\/diariodeloeste.com\/noticias\/2023\/02\/03\/se-inauguro-la-plaza-jose-hernandez-en-villa-de-mayo\/img-20230202-wa0356\/'><img loading=\"lazy\" loading=\"lazy\" decoding=\"async\" width=\"300\" height=\"200\" src=\"https:\/\/diariodeloeste.com\/noticias\/wp-content\/uploads\/2023\/02\/IMG-20230202-WA0356-300x200.jpg\" class=\"attachment-medium size-medium\" alt=\"\" \/><\/a>\n\t\t\t<\/div><\/figure>\n\t\t<\/div>\n\n<script>function PlayerjsAsync(){} if(window[\"Playerjs\"]){PlayerjsAsync();}<\/script>","protected":false},"excerpt":{"rendered":"<p>Estuvieron presentes el ministro Leo Nardini y el senador Luis Vivona. El nuevo espacio verde de 8.460 mts2 cuenta con un anfiteatro, cancha de c\u00e9sped sint\u00e9tico, sectores de esparcimiento y un corredor saludable, entre otras cosas. Ciudad de Villa de Mayo, 03 de febrero de 2023&nbsp;&#8211;&nbsp;El ministro de Infraestructura y Servicios P\u00fablicos de la Provincia [&hellip;]<\/p>\n","protected":false},"author":3,"featured_media":0,"comment_status":"closed","ping_status":"closed","sticky":false,"template":"","format":"standard","meta":{"content-type":"","footnotes":""},"categories":[496,9],"tags":[],"class_list":{"0":"post-8650","1":"post","2":"type-post","3":"status-publish","4":"format-standard","6":"category-malvinas-argentinas","7":"category-titulares"},"yoast_head":"<!-- This site is optimized with the Yoast SEO plugin v27.4 - https:\/\/yoast.com\/product\/yoast-seo-wordpress\/ -->\n<title>Se inaugur\u00f3 la Plaza Jos\u00e9 Hern\u00e1ndez en Villa de Mayo - Diario del Oeste<\/title>\n<meta name=\"robots\" content=\"index, follow, max-snippet:-1, max-image-preview:large, max-video-preview:-1\" \/>\n<link rel=\"canonical\" href=\"https:\/\/diariodeloeste.com\/noticias\/2023\/02\/03\/se-inauguro-la-plaza-jose-hernandez-en-villa-de-mayo\/\" \/>\n<meta property=\"og:locale\" content=\"es_ES\" \/>\n<meta property=\"og:type\" content=\"article\" \/>\n<meta property=\"og:title\" content=\"Se inaugur\u00f3 la Plaza Jos\u00e9 Hern\u00e1ndez en Villa de Mayo - Diario del Oeste\" \/>\n<meta property=\"og:description\" content=\"Estuvieron presentes el ministro Leo Nardini y el senador Luis Vivona. El nuevo espacio verde de 8.460 mts2 cuenta con un anfiteatro, cancha de c\u00e9sped sint\u00e9tico, sectores de esparcimiento y un corredor saludable, entre otras cosas. Ciudad de Villa de Mayo, 03 de febrero de 2023&nbsp;&#8211;&nbsp;El ministro de Infraestructura y Servicios P\u00fablicos de la Provincia [&hellip;]\" \/>\n<meta property=\"og:url\" content=\"https:\/\/diariodeloeste.com\/noticias\/2023\/02\/03\/se-inauguro-la-plaza-jose-hernandez-en-villa-de-mayo\/\" \/>\n<meta property=\"og:site_name\" content=\"Diario del Oeste\" \/>\n<meta property=\"article:published_time\" content=\"2023-02-03T21:49:12+00:00\" \/>\n<meta property=\"og:image\" content=\"https:\/\/diariodeloeste.com\/noticias\/wp-content\/uploads\/2023\/02\/IMG-20230202-WA0287-300x200.jpg\" \/>\n<meta name=\"author\" content=\"Redaccion\" \/>\n<meta name=\"twitter:card\" content=\"summary_large_image\" \/>\n<meta name=\"twitter:label1\" content=\"Escrito por\" \/>\n\t<meta name=\"twitter:data1\" content=\"Redaccion\" \/>\n\t<meta name=\"twitter:label2\" content=\"Tiempo de lectura\" \/>\n\t<meta name=\"twitter:data2\" content=\"2 minutos\" \/>\n<script type=\"application\/ld+json\" class=\"yoast-schema-graph\">{\"@context\":\"https:\\\/\\\/schema.org\",\"@graph\":[{\"@type\":\"Article\",\"@id\":\"https:\\\/\\\/diariodeloeste.com\\\/noticias\\\/2023\\\/02\\\/03\\\/se-inauguro-la-plaza-jose-hernandez-en-villa-de-mayo\\\/#article\",\"isPartOf\":{\"@id\":\"https:\\\/\\\/diariodeloeste.com\\\/noticias\\\/2023\\\/02\\\/03\\\/se-inauguro-la-plaza-jose-hernandez-en-villa-de-mayo\\\/\"},\"author\":{\"name\":\"Redaccion\",\"@id\":\"https:\\\/\\\/diariodeloeste.com\\\/noticias\\\/#\\\/schema\\\/person\\\/1f7be965f8c093432e1cbfcee0ac4047\"},\"headline\":\"Se inaugur\u00f3 la Plaza Jos\u00e9 Hern\u00e1ndez en Villa de Mayo\",\"datePublished\":\"2023-02-03T21:49:12+00:00\",\"mainEntityOfPage\":{\"@id\":\"https:\\\/\\\/diariodeloeste.com\\\/noticias\\\/2023\\\/02\\\/03\\\/se-inauguro-la-plaza-jose-hernandez-en-villa-de-mayo\\\/\"},\"wordCount\":255,\"publisher\":{\"@id\":\"https:\\\/\\\/diariodeloeste.com\\\/noticias\\\/#organization\"},\"articleSection\":[\"Malvinas Argentinas\",\"Titulares\"],\"inLanguage\":\"es-AR\"},{\"@type\":\"WebPage\",\"@id\":\"https:\\\/\\\/diariodeloeste.com\\\/noticias\\\/2023\\\/02\\\/03\\\/se-inauguro-la-plaza-jose-hernandez-en-villa-de-mayo\\\/\",\"url\":\"https:\\\/\\\/diariodeloeste.com\\\/noticias\\\/2023\\\/02\\\/03\\\/se-inauguro-la-plaza-jose-hernandez-en-villa-de-mayo\\\/\",\"name\":\"Se inaugur\u00f3 la Plaza Jos\u00e9 Hern\u00e1ndez en Villa de Mayo - Diario del Oeste\",\"isPartOf\":{\"@id\":\"https:\\\/\\\/diariodeloeste.com\\\/noticias\\\/#website\"},\"datePublished\":\"2023-02-03T21:49:12+00:00\",\"breadcrumb\":{\"@id\":\"https:\\\/\\\/diariodeloeste.com\\\/noticias\\\/2023\\\/02\\\/03\\\/se-inauguro-la-plaza-jose-hernandez-en-villa-de-mayo\\\/#breadcrumb\"},\"inLanguage\":\"es-AR\",\"potentialAction\":[{\"@type\":\"ReadAction\",\"target\":[\"https:\\\/\\\/diariodeloeste.com\\\/noticias\\\/2023\\\/02\\\/03\\\/se-inauguro-la-plaza-jose-hernandez-en-villa-de-mayo\\\/\"]}]},{\"@type\":\"BreadcrumbList\",\"@id\":\"https:\\\/\\\/diariodeloeste.com\\\/noticias\\\/2023\\\/02\\\/03\\\/se-inauguro-la-plaza-jose-hernandez-en-villa-de-mayo\\\/#breadcrumb\",\"itemListElement\":[{\"@type\":\"ListItem\",\"position\":1,\"name\":\"Inicio\",\"item\":\"https:\\\/\\\/diariodeloeste.com\\\/noticias\\\/\"},{\"@type\":\"ListItem\",\"position\":2,\"name\":\"Se inaugur\u00f3 la Plaza Jos\u00e9 Hern\u00e1ndez en Villa de Mayo\"}]},{\"@type\":\"WebSite\",\"@id\":\"https:\\\/\\\/diariodeloeste.com\\\/noticias\\\/#website\",\"url\":\"https:\\\/\\\/diariodeloeste.com\\\/noticias\\\/\",\"name\":\"Diario del Oeste\",\"description\":\"Noticias del Oeste\",\"publisher\":{\"@id\":\"https:\\\/\\\/diariodeloeste.com\\\/noticias\\\/#organization\"},\"potentialAction\":[{\"@type\":\"SearchAction\",\"target\":{\"@type\":\"EntryPoint\",\"urlTemplate\":\"https:\\\/\\\/diariodeloeste.com\\\/noticias\\\/?s={search_term_string}\"},\"query-input\":{\"@type\":\"PropertyValueSpecification\",\"valueRequired\":true,\"valueName\":\"search_term_string\"}}],\"inLanguage\":\"es-AR\"},{\"@type\":\"Organization\",\"@id\":\"https:\\\/\\\/diariodeloeste.com\\\/noticias\\\/#organization\",\"name\":\"Diario del Oeste\",\"url\":\"https:\\\/\\\/diariodeloeste.com\\\/noticias\\\/\",\"logo\":{\"@type\":\"ImageObject\",\"inLanguage\":\"es-AR\",\"@id\":\"https:\\\/\\\/diariodeloeste.com\\\/noticias\\\/#\\\/schema\\\/logo\\\/image\\\/\",\"url\":\"https:\\\/\\\/diariodeloeste.com\\\/noticias\\\/wp-content\\\/uploads\\\/2019\\\/04\\\/logo.png\",\"contentUrl\":\"https:\\\/\\\/diariodeloeste.com\\\/noticias\\\/wp-content\\\/uploads\\\/2019\\\/04\\\/logo.png\",\"width\":306,\"height\":145,\"caption\":\"Diario del Oeste\"},\"image\":{\"@id\":\"https:\\\/\\\/diariodeloeste.com\\\/noticias\\\/#\\\/schema\\\/logo\\\/image\\\/\"}},{\"@type\":\"Person\",\"@id\":\"https:\\\/\\\/diariodeloeste.com\\\/noticias\\\/#\\\/schema\\\/person\\\/1f7be965f8c093432e1cbfcee0ac4047\",\"name\":\"Redaccion\",\"image\":{\"@type\":\"ImageObject\",\"inLanguage\":\"es-AR\",\"@id\":\"https:\\\/\\\/secure.gravatar.com\\\/avatar\\\/f9bc3a12e26b32d818d88f9a5b61de20b559752e499df507efa7ea3cea0550ef?s=96&d=mm&r=g\",\"url\":\"https:\\\/\\\/secure.gravatar.com\\\/avatar\\\/f9bc3a12e26b32d818d88f9a5b61de20b559752e499df507efa7ea3cea0550ef?s=96&d=mm&r=g\",\"contentUrl\":\"https:\\\/\\\/secure.gravatar.com\\\/avatar\\\/f9bc3a12e26b32d818d88f9a5b61de20b559752e499df507efa7ea3cea0550ef?s=96&d=mm&r=g\",\"caption\":\"Redaccion\"},\"url\":\"https:\\\/\\\/diariodeloeste.com\\\/noticias\\\/author\\\/redaccion\\\/\"}]}<\/script>\n<!-- \/ Yoast SEO plugin. -->","yoast_head_json":{"title":"Se inaugur\u00f3 la Plaza Jos\u00e9 Hern\u00e1ndez en Villa de Mayo - Diario del Oeste","robots":{"index":"index","follow":"follow","max-snippet":"max-snippet:-1","max-image-preview":"max-image-preview:large","max-video-preview":"max-video-preview:-1"},"canonical":"https:\/\/diariodeloeste.com\/noticias\/2023\/02\/03\/se-inauguro-la-plaza-jose-hernandez-en-villa-de-mayo\/","og_locale":"es_ES","og_type":"article","og_title":"Se inaugur\u00f3 la Plaza Jos\u00e9 Hern\u00e1ndez en Villa de Mayo - Diario del Oeste","og_description":"Estuvieron presentes el ministro Leo Nardini y el senador Luis Vivona. El nuevo espacio verde de 8.460 mts2 cuenta con un anfiteatro, cancha de c\u00e9sped sint\u00e9tico, sectores de esparcimiento y un corredor saludable, entre otras cosas. Ciudad de Villa de Mayo, 03 de febrero de 2023&nbsp;&#8211;&nbsp;El ministro de Infraestructura y Servicios P\u00fablicos de la Provincia [&hellip;]","og_url":"https:\/\/diariodeloeste.com\/noticias\/2023\/02\/03\/se-inauguro-la-plaza-jose-hernandez-en-villa-de-mayo\/","og_site_name":"Diario del Oeste","article_published_time":"2023-02-03T21:49:12+00:00","og_image":[{"url":"https:\/\/diariodeloeste.com\/noticias\/wp-content\/uploads\/2023\/02\/IMG-20230202-WA0287-300x200.jpg","type":"","width":"","height":""}],"author":"Redaccion","twitter_card":"summary_large_image","twitter_misc":{"Escrito por":"Redaccion","Tiempo de lectura":"2 minutos"},"schema":{"@context":"https:\/\/schema.org","@graph":[{"@type":"Article","@id":"https:\/\/diariodeloeste.com\/noticias\/2023\/02\/03\/se-inauguro-la-plaza-jose-hernandez-en-villa-de-mayo\/#article","isPartOf":{"@id":"https:\/\/diariodeloeste.com\/noticias\/2023\/02\/03\/se-inauguro-la-plaza-jose-hernandez-en-villa-de-mayo\/"},"author":{"name":"Redaccion","@id":"https:\/\/diariodeloeste.com\/noticias\/#\/schema\/person\/1f7be965f8c093432e1cbfcee0ac4047"},"headline":"Se inaugur\u00f3 la Plaza Jos\u00e9 Hern\u00e1ndez en Villa de Mayo","datePublished":"2023-02-03T21:49:12+00:00","mainEntityOfPage":{"@id":"https:\/\/diariodeloeste.com\/noticias\/2023\/02\/03\/se-inauguro-la-plaza-jose-hernandez-en-villa-de-mayo\/"},"wordCount":255,"publisher":{"@id":"https:\/\/diariodeloeste.com\/noticias\/#organization"},"articleSection":["Malvinas Argentinas","Titulares"],"inLanguage":"es-AR"},{"@type":"WebPage","@id":"https:\/\/diariodeloeste.com\/noticias\/2023\/02\/03\/se-inauguro-la-plaza-jose-hernandez-en-villa-de-mayo\/","url":"https:\/\/diariodeloeste.com\/noticias\/2023\/02\/03\/se-inauguro-la-plaza-jose-hernandez-en-villa-de-mayo\/","name":"Se inaugur\u00f3 la Plaza Jos\u00e9 Hern\u00e1ndez en Villa de Mayo - Diario del Oeste","isPartOf":{"@id":"https:\/\/diariodeloeste.com\/noticias\/#website"},"datePublished":"2023-02-03T21:49:12+00:00","breadcrumb":{"@id":"https:\/\/diariodeloeste.com\/noticias\/2023\/02\/03\/se-inauguro-la-plaza-jose-hernandez-en-villa-de-mayo\/#breadcrumb"},"inLanguage":"es-AR","potentialAction":[{"@type":"ReadAction","target":["https:\/\/diariodeloeste.com\/noticias\/2023\/02\/03\/se-inauguro-la-plaza-jose-hernandez-en-villa-de-mayo\/"]}]},{"@type":"BreadcrumbList","@id":"https:\/\/diariodeloeste.com\/noticias\/2023\/02\/03\/se-inauguro-la-plaza-jose-hernandez-en-villa-de-mayo\/#breadcrumb","itemListElement":[{"@type":"ListItem","position":1,"name":"Inicio","item":"https:\/\/diariodeloeste.com\/noticias\/"},{"@type":"ListItem","position":2,"name":"Se inaugur\u00f3 la Plaza Jos\u00e9 Hern\u00e1ndez en Villa de Mayo"}]},{"@type":"WebSite","@id":"https:\/\/diariodeloeste.com\/noticias\/#website","url":"https:\/\/diariodeloeste.com\/noticias\/","name":"Diario del Oeste","description":"Noticias del Oeste","publisher":{"@id":"https:\/\/diariodeloeste.com\/noticias\/#organization"},"potentialAction":[{"@type":"SearchAction","target":{"@type":"EntryPoint","urlTemplate":"https:\/\/diariodeloeste.com\/noticias\/?s={search_term_string}"},"query-input":{"@type":"PropertyValueSpecification","valueRequired":true,"valueName":"search_term_string"}}],"inLanguage":"es-AR"},{"@type":"Organization","@id":"https:\/\/diariodeloeste.com\/noticias\/#organization","name":"Diario del Oeste","url":"https:\/\/diariodeloeste.com\/noticias\/","logo":{"@type":"ImageObject","inLanguage":"es-AR","@id":"https:\/\/diariodeloeste.com\/noticias\/#\/schema\/logo\/image\/","url":"https:\/\/diariodeloeste.com\/noticias\/wp-content\/uploads\/2019\/04\/logo.png","contentUrl":"https:\/\/diariodeloeste.com\/noticias\/wp-content\/uploads\/2019\/04\/logo.png","width":306,"height":145,"caption":"Diario del Oeste"},"image":{"@id":"https:\/\/diariodeloeste.com\/noticias\/#\/schema\/logo\/image\/"}},{"@type":"Person","@id":"https:\/\/diariodeloeste.com\/noticias\/#\/schema\/person\/1f7be965f8c093432e1cbfcee0ac4047","name":"Redaccion","image":{"@type":"ImageObject","inLanguage":"es-AR","@id":"https:\/\/secure.gravatar.com\/avatar\/f9bc3a12e26b32d818d88f9a5b61de20b559752e499df507efa7ea3cea0550ef?s=96&d=mm&r=g","url":"https:\/\/secure.gravatar.com\/avatar\/f9bc3a12e26b32d818d88f9a5b61de20b559752e499df507efa7ea3cea0550ef?s=96&d=mm&r=g","contentUrl":"https:\/\/secure.gravatar.com\/avatar\/f9bc3a12e26b32d818d88f9a5b61de20b559752e499df507efa7ea3cea0550ef?s=96&d=mm&r=g","caption":"Redaccion"},"url":"https:\/\/diariodeloeste.com\/noticias\/author\/redaccion\/"}]}},"_links":{"self":[{"href":"https:\/\/diariodeloeste.com\/noticias\/wp-json\/wp\/v2\/posts\/8650","targetHints":{"allow":["GET"]}}],"collection":[{"href":"https:\/\/diariodeloeste.com\/noticias\/wp-json\/wp\/v2\/posts"}],"about":[{"href":"https:\/\/diariodeloeste.com\/noticias\/wp-json\/wp\/v2\/types\/post"}],"author":[{"embeddable":true,"href":"https:\/\/diariodeloeste.com\/noticias\/wp-json\/wp\/v2\/users\/3"}],"replies":[{"embeddable":true,"href":"https:\/\/diariodeloeste.com\/noticias\/wp-json\/wp\/v2\/comments?post=8650"}],"version-history":[{"count":1,"href":"https:\/\/diariodeloeste.com\/noticias\/wp-json\/wp\/v2\/posts\/8650\/revisions"}],"predecessor-version":[{"id":8659,"href":"https:\/\/diariodeloeste.com\/noticias\/wp-json\/wp\/v2\/posts\/8650\/revisions\/8659"}],"wp:attachment":[{"href":"https:\/\/diariodeloeste.com\/noticias\/wp-json\/wp\/v2\/media?parent=8650"}],"wp:term":[{"taxonomy":"category","embeddable":true,"href":"https:\/\/diariodeloeste.com\/noticias\/wp-json\/wp\/v2\/categories?post=8650"},{"taxonomy":"post_tag","embeddable":true,"href":"https:\/\/diariodeloeste.com\/noticias\/wp-json\/wp\/v2\/tags?post=8650"}],"curies":[{"name":"wp","href":"https:\/\/api.w.org\/{rel}","templated":true}]}}