{"id":865,"date":"2017-05-22T13:28:17","date_gmt":"2017-05-22T13:28:17","guid":{"rendered":"https:\/\/diariodeloeste.com\/noticias\/?p=865"},"modified":"2017-05-22T13:28:17","modified_gmt":"2017-05-22T13:28:17","slug":"julian-dominguez-la-gente-esta-cada-vez-peor-y-macri-es-insensible","status":"publish","type":"post","link":"https:\/\/diariodeloeste.com\/noticias\/2017\/05\/22\/julian-dominguez-la-gente-esta-cada-vez-peor-y-macri-es-insensible\/","title":{"rendered":"Julian Dominguez: &#8220;La Gente esta cada vez peor y Macri es insensible&#8221;"},"content":{"rendered":"<p id=\"yui_3_16_0_ym19_1_1495456013093_18418\" class=\"yiv3792231825MsoNormal\"><strong><em>El dirigente del peronismo de la provincia de Buenos Aires, Juli\u00e1n Dom\u00ednguez, afirm\u00f3 hoy que \u201cla gente est\u00e1 cada d\u00eda peor. Y coincidimos con Florencio Randazzo en que el gobierno de Macri es\u00a0 insensible a la angustia de las mayor\u00edas\u201d, al encabezar un panel en una jornada especial de la C\u00e1tedra sobre el Papa Francisco de la Universidad Nacional de Lan\u00fas.<\/em><\/strong><\/p>\n<p id=\"yui_3_16_0_ym19_1_1495456013093_18428\" class=\"yiv3792231825MsoNormal\"><span id=\"yui_3_16_0_ym19_1_1495456013093_18427\">En este marco, Dom\u00ednguez destac\u00f3: \u201cEn ese Gran Buenos Aires del que habla Macri hoy hay m\u00e1s desempleo, m\u00e1s desocupaci\u00f3n, m\u00e1s inseguridad, y m\u00e1s inflaci\u00f3n. Y el responsable es Macri, que hace m\u00e1s de un a\u00f1o y medio que gobierna\u201d.<\/span><\/p>\n<p id=\"yui_3_16_0_ym19_1_1495456013093_18449\" class=\"yiv3792231825MsoNormal\"><span id=\"yui_3_16_0_ym19_1_1495456013093_18450\">\u201cDur\u00e1n Barba les pas\u00f3 mal el gui\u00f3n, porque si hay alguien que mejor\u00f3 todo lo que le toc\u00f3 administrar fue Florencio. Todos sabemos lo que era antes sacar un DNI o un Pasaporte, y lo que cambi\u00f3 a partir de la gesti\u00f3n de Randazzo\u201d, subray\u00f3 el ex titular de la C\u00e1mara baja nacional.<\/span><\/p>\n<p id=\"yui_3_16_0_ym19_1_1495456013093_18456\" class=\"yiv3792231825MsoNormal\"><span id=\"yui_3_16_0_ym19_1_1495456013093_20077\">Y a\u00f1adi\u00f3: \u201cFlorencio se hizo cargo de los trenes despu\u00e9s de la tragedia de Once. Y en menos de 3 a\u00f1os mejor\u00f3 much\u00edsimo el sistema. Y adem\u00e1s implement\u00f3 la tarjeta SUBE, que hizo desaparecer el problema de conseguir monedas para viajar. Quienes viven en el Conurbano al que se refiere Macri saben estas cosas\u201d.\u00a0<\/span><\/p>\n<script>function PlayerjsAsync(){} if(window[\"Playerjs\"]){PlayerjsAsync();}<\/script>","protected":false},"excerpt":{"rendered":"<p>El dirigente del peronismo de la provincia de Buenos Aires, Juli\u00e1n Dom\u00ednguez, afirm\u00f3 hoy que \u201cla gente est\u00e1 cada d\u00eda peor. Y coincidimos con Florencio Randazzo en que el gobierno de Macri es\u00a0 insensible a la angustia de las mayor\u00edas\u201d, al encabezar un panel en una jornada especial de la C\u00e1tedra sobre el Papa Francisco [&hellip;]<\/p>\n","protected":false},"author":3,"featured_media":866,"comment_status":"closed","ping_status":"closed","sticky":false,"template":"","format":"standard","meta":{"content-type":"","footnotes":""},"categories":[4,9],"tags":[174,68,104,251,75],"class_list":{"0":"post-865","1":"post","2":"type-post","3":"status-publish","4":"format-standard","5":"has-post-thumbnail","7":"category-politica","8":"category-titulares","9":"tag-charla","10":"tag-gobierno","11":"tag-julian-dominguez","12":"tag-macri","13":"tag-provincia"},"yoast_head":"<!-- This site is optimized with the Yoast SEO plugin v27.4 - https:\/\/yoast.com\/product\/yoast-seo-wordpress\/ -->\n<title>Julian Dominguez: &quot;La Gente esta cada vez peor y Macri es insensible&quot; - Diario del Oeste<\/title>\n<meta name=\"robots\" content=\"index, follow, max-snippet:-1, max-image-preview:large, max-video-preview:-1\" \/>\n<link rel=\"canonical\" href=\"https:\/\/diariodeloeste.com\/noticias\/2017\/05\/22\/julian-dominguez-la-gente-esta-cada-vez-peor-y-macri-es-insensible\/\" \/>\n<meta property=\"og:locale\" content=\"es_ES\" \/>\n<meta property=\"og:type\" content=\"article\" \/>\n<meta property=\"og:title\" content=\"Julian Dominguez: &quot;La Gente esta cada vez peor y Macri es insensible&quot; - Diario del Oeste\" \/>\n<meta property=\"og:description\" content=\"El dirigente del peronismo de la provincia de Buenos Aires, Juli\u00e1n Dom\u00ednguez, afirm\u00f3 hoy que \u201cla gente est\u00e1 cada d\u00eda peor. Y coincidimos con Florencio Randazzo en que el gobierno de Macri es\u00a0 insensible a la angustia de las mayor\u00edas\u201d, al encabezar un panel en una jornada especial de la C\u00e1tedra sobre el Papa Francisco [&hellip;]\" \/>\n<meta property=\"og:url\" content=\"https:\/\/diariodeloeste.com\/noticias\/2017\/05\/22\/julian-dominguez-la-gente-esta-cada-vez-peor-y-macri-es-insensible\/\" \/>\n<meta property=\"og:site_name\" content=\"Diario del Oeste\" \/>\n<meta property=\"article:published_time\" content=\"2017-05-22T13:28:17+00:00\" \/>\n<meta property=\"og:image\" content=\"https:\/\/diariodeloeste.com\/noticias\/wp-content\/uploads\/2017\/05\/foto-unlam.jpg\" \/>\n\t<meta property=\"og:image:width\" content=\"1040\" \/>\n\t<meta property=\"og:image:height\" content=\"584\" \/>\n\t<meta property=\"og:image:type\" content=\"image\/jpeg\" \/>\n<meta name=\"author\" content=\"Redaccion\" \/>\n<meta name=\"twitter:card\" content=\"summary_large_image\" \/>\n<meta name=\"twitter:label1\" content=\"Escrito por\" \/>\n\t<meta name=\"twitter:data1\" content=\"Redaccion\" \/>\n\t<meta name=\"twitter:label2\" content=\"Tiempo de lectura\" \/>\n\t<meta name=\"twitter:data2\" content=\"1 minuto\" \/>\n<script type=\"application\/ld+json\" class=\"yoast-schema-graph\">{\"@context\":\"https:\\\/\\\/schema.org\",\"@graph\":[{\"@type\":\"Article\",\"@id\":\"https:\\\/\\\/diariodeloeste.com\\\/noticias\\\/2017\\\/05\\\/22\\\/julian-dominguez-la-gente-esta-cada-vez-peor-y-macri-es-insensible\\\/#article\",\"isPartOf\":{\"@id\":\"https:\\\/\\\/diariodeloeste.com\\\/noticias\\\/2017\\\/05\\\/22\\\/julian-dominguez-la-gente-esta-cada-vez-peor-y-macri-es-insensible\\\/\"},\"author\":{\"name\":\"Redaccion\",\"@id\":\"https:\\\/\\\/diariodeloeste.com\\\/noticias\\\/#\\\/schema\\\/person\\\/1f7be965f8c093432e1cbfcee0ac4047\"},\"headline\":\"Julian Dominguez: &#8220;La Gente esta cada vez peor y Macri es insensible&#8221;\",\"datePublished\":\"2017-05-22T13:28:17+00:00\",\"mainEntityOfPage\":{\"@id\":\"https:\\\/\\\/diariodeloeste.com\\\/noticias\\\/2017\\\/05\\\/22\\\/julian-dominguez-la-gente-esta-cada-vez-peor-y-macri-es-insensible\\\/\"},\"wordCount\":243,\"publisher\":{\"@id\":\"https:\\\/\\\/diariodeloeste.com\\\/noticias\\\/#organization\"},\"image\":{\"@id\":\"https:\\\/\\\/diariodeloeste.com\\\/noticias\\\/2017\\\/05\\\/22\\\/julian-dominguez-la-gente-esta-cada-vez-peor-y-macri-es-insensible\\\/#primaryimage\"},\"thumbnailUrl\":\"https:\\\/\\\/diariodeloeste.com\\\/noticias\\\/wp-content\\\/uploads\\\/2017\\\/05\\\/foto-unlam.jpg\",\"keywords\":[\"charla\",\"gobierno\",\"julian dominguez\",\"macri\",\"provincia\"],\"articleSection\":[\"Pol\u00edtica\",\"Titulares\"],\"inLanguage\":\"es-AR\"},{\"@type\":\"WebPage\",\"@id\":\"https:\\\/\\\/diariodeloeste.com\\\/noticias\\\/2017\\\/05\\\/22\\\/julian-dominguez-la-gente-esta-cada-vez-peor-y-macri-es-insensible\\\/\",\"url\":\"https:\\\/\\\/diariodeloeste.com\\\/noticias\\\/2017\\\/05\\\/22\\\/julian-dominguez-la-gente-esta-cada-vez-peor-y-macri-es-insensible\\\/\",\"name\":\"Julian Dominguez: \\\"La Gente esta cada vez peor y Macri es insensible\\\" - Diario del Oeste\",\"isPartOf\":{\"@id\":\"https:\\\/\\\/diariodeloeste.com\\\/noticias\\\/#website\"},\"primaryImageOfPage\":{\"@id\":\"https:\\\/\\\/diariodeloeste.com\\\/noticias\\\/2017\\\/05\\\/22\\\/julian-dominguez-la-gente-esta-cada-vez-peor-y-macri-es-insensible\\\/#primaryimage\"},\"image\":{\"@id\":\"https:\\\/\\\/diariodeloeste.com\\\/noticias\\\/2017\\\/05\\\/22\\\/julian-dominguez-la-gente-esta-cada-vez-peor-y-macri-es-insensible\\\/#primaryimage\"},\"thumbnailUrl\":\"https:\\\/\\\/diariodeloeste.com\\\/noticias\\\/wp-content\\\/uploads\\\/2017\\\/05\\\/foto-unlam.jpg\",\"datePublished\":\"2017-05-22T13:28:17+00:00\",\"breadcrumb\":{\"@id\":\"https:\\\/\\\/diariodeloeste.com\\\/noticias\\\/2017\\\/05\\\/22\\\/julian-dominguez-la-gente-esta-cada-vez-peor-y-macri-es-insensible\\\/#breadcrumb\"},\"inLanguage\":\"es-AR\",\"potentialAction\":[{\"@type\":\"ReadAction\",\"target\":[\"https:\\\/\\\/diariodeloeste.com\\\/noticias\\\/2017\\\/05\\\/22\\\/julian-dominguez-la-gente-esta-cada-vez-peor-y-macri-es-insensible\\\/\"]}]},{\"@type\":\"ImageObject\",\"inLanguage\":\"es-AR\",\"@id\":\"https:\\\/\\\/diariodeloeste.com\\\/noticias\\\/2017\\\/05\\\/22\\\/julian-dominguez-la-gente-esta-cada-vez-peor-y-macri-es-insensible\\\/#primaryimage\",\"url\":\"https:\\\/\\\/diariodeloeste.com\\\/noticias\\\/wp-content\\\/uploads\\\/2017\\\/05\\\/foto-unlam.jpg\",\"contentUrl\":\"https:\\\/\\\/diariodeloeste.com\\\/noticias\\\/wp-content\\\/uploads\\\/2017\\\/05\\\/foto-unlam.jpg\",\"width\":1040,\"height\":584},{\"@type\":\"BreadcrumbList\",\"@id\":\"https:\\\/\\\/diariodeloeste.com\\\/noticias\\\/2017\\\/05\\\/22\\\/julian-dominguez-la-gente-esta-cada-vez-peor-y-macri-es-insensible\\\/#breadcrumb\",\"itemListElement\":[{\"@type\":\"ListItem\",\"position\":1,\"name\":\"Inicio\",\"item\":\"https:\\\/\\\/diariodeloeste.com\\\/noticias\\\/\"},{\"@type\":\"ListItem\",\"position\":2,\"name\":\"Julian Dominguez: &#8220;La Gente esta cada vez peor y Macri es insensible&#8221;\"}]},{\"@type\":\"WebSite\",\"@id\":\"https:\\\/\\\/diariodeloeste.com\\\/noticias\\\/#website\",\"url\":\"https:\\\/\\\/diariodeloeste.com\\\/noticias\\\/\",\"name\":\"Diario del Oeste\",\"description\":\"Noticias del Oeste\",\"publisher\":{\"@id\":\"https:\\\/\\\/diariodeloeste.com\\\/noticias\\\/#organization\"},\"potentialAction\":[{\"@type\":\"SearchAction\",\"target\":{\"@type\":\"EntryPoint\",\"urlTemplate\":\"https:\\\/\\\/diariodeloeste.com\\\/noticias\\\/?s={search_term_string}\"},\"query-input\":{\"@type\":\"PropertyValueSpecification\",\"valueRequired\":true,\"valueName\":\"search_term_string\"}}],\"inLanguage\":\"es-AR\"},{\"@type\":\"Organization\",\"@id\":\"https:\\\/\\\/diariodeloeste.com\\\/noticias\\\/#organization\",\"name\":\"Diario del Oeste\",\"url\":\"https:\\\/\\\/diariodeloeste.com\\\/noticias\\\/\",\"logo\":{\"@type\":\"ImageObject\",\"inLanguage\":\"es-AR\",\"@id\":\"https:\\\/\\\/diariodeloeste.com\\\/noticias\\\/#\\\/schema\\\/logo\\\/image\\\/\",\"url\":\"https:\\\/\\\/diariodeloeste.com\\\/noticias\\\/wp-content\\\/uploads\\\/2019\\\/04\\\/logo.png\",\"contentUrl\":\"https:\\\/\\\/diariodeloeste.com\\\/noticias\\\/wp-content\\\/uploads\\\/2019\\\/04\\\/logo.png\",\"width\":306,\"height\":145,\"caption\":\"Diario del Oeste\"},\"image\":{\"@id\":\"https:\\\/\\\/diariodeloeste.com\\\/noticias\\\/#\\\/schema\\\/logo\\\/image\\\/\"}},{\"@type\":\"Person\",\"@id\":\"https:\\\/\\\/diariodeloeste.com\\\/noticias\\\/#\\\/schema\\\/person\\\/1f7be965f8c093432e1cbfcee0ac4047\",\"name\":\"Redaccion\",\"image\":{\"@type\":\"ImageObject\",\"inLanguage\":\"es-AR\",\"@id\":\"https:\\\/\\\/secure.gravatar.com\\\/avatar\\\/f9bc3a12e26b32d818d88f9a5b61de20b559752e499df507efa7ea3cea0550ef?s=96&d=mm&r=g\",\"url\":\"https:\\\/\\\/secure.gravatar.com\\\/avatar\\\/f9bc3a12e26b32d818d88f9a5b61de20b559752e499df507efa7ea3cea0550ef?s=96&d=mm&r=g\",\"contentUrl\":\"https:\\\/\\\/secure.gravatar.com\\\/avatar\\\/f9bc3a12e26b32d818d88f9a5b61de20b559752e499df507efa7ea3cea0550ef?s=96&d=mm&r=g\",\"caption\":\"Redaccion\"},\"url\":\"https:\\\/\\\/diariodeloeste.com\\\/noticias\\\/author\\\/redaccion\\\/\"}]}<\/script>\n<!-- \/ Yoast SEO plugin. -->","yoast_head_json":{"title":"Julian Dominguez: \"La Gente esta cada vez peor y Macri es insensible\" - Diario del Oeste","robots":{"index":"index","follow":"follow","max-snippet":"max-snippet:-1","max-image-preview":"max-image-preview:large","max-video-preview":"max-video-preview:-1"},"canonical":"https:\/\/diariodeloeste.com\/noticias\/2017\/05\/22\/julian-dominguez-la-gente-esta-cada-vez-peor-y-macri-es-insensible\/","og_locale":"es_ES","og_type":"article","og_title":"Julian Dominguez: \"La Gente esta cada vez peor y Macri es insensible\" - Diario del Oeste","og_description":"El dirigente del peronismo de la provincia de Buenos Aires, Juli\u00e1n Dom\u00ednguez, afirm\u00f3 hoy que \u201cla gente est\u00e1 cada d\u00eda peor. Y coincidimos con Florencio Randazzo en que el gobierno de Macri es\u00a0 insensible a la angustia de las mayor\u00edas\u201d, al encabezar un panel en una jornada especial de la C\u00e1tedra sobre el Papa Francisco [&hellip;]","og_url":"https:\/\/diariodeloeste.com\/noticias\/2017\/05\/22\/julian-dominguez-la-gente-esta-cada-vez-peor-y-macri-es-insensible\/","og_site_name":"Diario del Oeste","article_published_time":"2017-05-22T13:28:17+00:00","og_image":[{"width":1040,"height":584,"url":"https:\/\/diariodeloeste.com\/noticias\/wp-content\/uploads\/2017\/05\/foto-unlam.jpg","type":"image\/jpeg"}],"author":"Redaccion","twitter_card":"summary_large_image","twitter_misc":{"Escrito por":"Redaccion","Tiempo de lectura":"1 minuto"},"schema":{"@context":"https:\/\/schema.org","@graph":[{"@type":"Article","@id":"https:\/\/diariodeloeste.com\/noticias\/2017\/05\/22\/julian-dominguez-la-gente-esta-cada-vez-peor-y-macri-es-insensible\/#article","isPartOf":{"@id":"https:\/\/diariodeloeste.com\/noticias\/2017\/05\/22\/julian-dominguez-la-gente-esta-cada-vez-peor-y-macri-es-insensible\/"},"author":{"name":"Redaccion","@id":"https:\/\/diariodeloeste.com\/noticias\/#\/schema\/person\/1f7be965f8c093432e1cbfcee0ac4047"},"headline":"Julian Dominguez: &#8220;La Gente esta cada vez peor y Macri es insensible&#8221;","datePublished":"2017-05-22T13:28:17+00:00","mainEntityOfPage":{"@id":"https:\/\/diariodeloeste.com\/noticias\/2017\/05\/22\/julian-dominguez-la-gente-esta-cada-vez-peor-y-macri-es-insensible\/"},"wordCount":243,"publisher":{"@id":"https:\/\/diariodeloeste.com\/noticias\/#organization"},"image":{"@id":"https:\/\/diariodeloeste.com\/noticias\/2017\/05\/22\/julian-dominguez-la-gente-esta-cada-vez-peor-y-macri-es-insensible\/#primaryimage"},"thumbnailUrl":"https:\/\/diariodeloeste.com\/noticias\/wp-content\/uploads\/2017\/05\/foto-unlam.jpg","keywords":["charla","gobierno","julian dominguez","macri","provincia"],"articleSection":["Pol\u00edtica","Titulares"],"inLanguage":"es-AR"},{"@type":"WebPage","@id":"https:\/\/diariodeloeste.com\/noticias\/2017\/05\/22\/julian-dominguez-la-gente-esta-cada-vez-peor-y-macri-es-insensible\/","url":"https:\/\/diariodeloeste.com\/noticias\/2017\/05\/22\/julian-dominguez-la-gente-esta-cada-vez-peor-y-macri-es-insensible\/","name":"Julian Dominguez: \"La Gente esta cada vez peor y Macri es insensible\" - Diario del Oeste","isPartOf":{"@id":"https:\/\/diariodeloeste.com\/noticias\/#website"},"primaryImageOfPage":{"@id":"https:\/\/diariodeloeste.com\/noticias\/2017\/05\/22\/julian-dominguez-la-gente-esta-cada-vez-peor-y-macri-es-insensible\/#primaryimage"},"image":{"@id":"https:\/\/diariodeloeste.com\/noticias\/2017\/05\/22\/julian-dominguez-la-gente-esta-cada-vez-peor-y-macri-es-insensible\/#primaryimage"},"thumbnailUrl":"https:\/\/diariodeloeste.com\/noticias\/wp-content\/uploads\/2017\/05\/foto-unlam.jpg","datePublished":"2017-05-22T13:28:17+00:00","breadcrumb":{"@id":"https:\/\/diariodeloeste.com\/noticias\/2017\/05\/22\/julian-dominguez-la-gente-esta-cada-vez-peor-y-macri-es-insensible\/#breadcrumb"},"inLanguage":"es-AR","potentialAction":[{"@type":"ReadAction","target":["https:\/\/diariodeloeste.com\/noticias\/2017\/05\/22\/julian-dominguez-la-gente-esta-cada-vez-peor-y-macri-es-insensible\/"]}]},{"@type":"ImageObject","inLanguage":"es-AR","@id":"https:\/\/diariodeloeste.com\/noticias\/2017\/05\/22\/julian-dominguez-la-gente-esta-cada-vez-peor-y-macri-es-insensible\/#primaryimage","url":"https:\/\/diariodeloeste.com\/noticias\/wp-content\/uploads\/2017\/05\/foto-unlam.jpg","contentUrl":"https:\/\/diariodeloeste.com\/noticias\/wp-content\/uploads\/2017\/05\/foto-unlam.jpg","width":1040,"height":584},{"@type":"BreadcrumbList","@id":"https:\/\/diariodeloeste.com\/noticias\/2017\/05\/22\/julian-dominguez-la-gente-esta-cada-vez-peor-y-macri-es-insensible\/#breadcrumb","itemListElement":[{"@type":"ListItem","position":1,"name":"Inicio","item":"https:\/\/diariodeloeste.com\/noticias\/"},{"@type":"ListItem","position":2,"name":"Julian Dominguez: &#8220;La Gente esta cada vez peor y Macri es insensible&#8221;"}]},{"@type":"WebSite","@id":"https:\/\/diariodeloeste.com\/noticias\/#website","url":"https:\/\/diariodeloeste.com\/noticias\/","name":"Diario del Oeste","description":"Noticias del Oeste","publisher":{"@id":"https:\/\/diariodeloeste.com\/noticias\/#organization"},"potentialAction":[{"@type":"SearchAction","target":{"@type":"EntryPoint","urlTemplate":"https:\/\/diariodeloeste.com\/noticias\/?s={search_term_string}"},"query-input":{"@type":"PropertyValueSpecification","valueRequired":true,"valueName":"search_term_string"}}],"inLanguage":"es-AR"},{"@type":"Organization","@id":"https:\/\/diariodeloeste.com\/noticias\/#organization","name":"Diario del Oeste","url":"https:\/\/diariodeloeste.com\/noticias\/","logo":{"@type":"ImageObject","inLanguage":"es-AR","@id":"https:\/\/diariodeloeste.com\/noticias\/#\/schema\/logo\/image\/","url":"https:\/\/diariodeloeste.com\/noticias\/wp-content\/uploads\/2019\/04\/logo.png","contentUrl":"https:\/\/diariodeloeste.com\/noticias\/wp-content\/uploads\/2019\/04\/logo.png","width":306,"height":145,"caption":"Diario del Oeste"},"image":{"@id":"https:\/\/diariodeloeste.com\/noticias\/#\/schema\/logo\/image\/"}},{"@type":"Person","@id":"https:\/\/diariodeloeste.com\/noticias\/#\/schema\/person\/1f7be965f8c093432e1cbfcee0ac4047","name":"Redaccion","image":{"@type":"ImageObject","inLanguage":"es-AR","@id":"https:\/\/secure.gravatar.com\/avatar\/f9bc3a12e26b32d818d88f9a5b61de20b559752e499df507efa7ea3cea0550ef?s=96&d=mm&r=g","url":"https:\/\/secure.gravatar.com\/avatar\/f9bc3a12e26b32d818d88f9a5b61de20b559752e499df507efa7ea3cea0550ef?s=96&d=mm&r=g","contentUrl":"https:\/\/secure.gravatar.com\/avatar\/f9bc3a12e26b32d818d88f9a5b61de20b559752e499df507efa7ea3cea0550ef?s=96&d=mm&r=g","caption":"Redaccion"},"url":"https:\/\/diariodeloeste.com\/noticias\/author\/redaccion\/"}]}},"_links":{"self":[{"href":"https:\/\/diariodeloeste.com\/noticias\/wp-json\/wp\/v2\/posts\/865","targetHints":{"allow":["GET"]}}],"collection":[{"href":"https:\/\/diariodeloeste.com\/noticias\/wp-json\/wp\/v2\/posts"}],"about":[{"href":"https:\/\/diariodeloeste.com\/noticias\/wp-json\/wp\/v2\/types\/post"}],"author":[{"embeddable":true,"href":"https:\/\/diariodeloeste.com\/noticias\/wp-json\/wp\/v2\/users\/3"}],"replies":[{"embeddable":true,"href":"https:\/\/diariodeloeste.com\/noticias\/wp-json\/wp\/v2\/comments?post=865"}],"version-history":[{"count":1,"href":"https:\/\/diariodeloeste.com\/noticias\/wp-json\/wp\/v2\/posts\/865\/revisions"}],"predecessor-version":[{"id":867,"href":"https:\/\/diariodeloeste.com\/noticias\/wp-json\/wp\/v2\/posts\/865\/revisions\/867"}],"wp:featuredmedia":[{"embeddable":true,"href":"https:\/\/diariodeloeste.com\/noticias\/wp-json\/wp\/v2\/media\/866"}],"wp:attachment":[{"href":"https:\/\/diariodeloeste.com\/noticias\/wp-json\/wp\/v2\/media?parent=865"}],"wp:term":[{"taxonomy":"category","embeddable":true,"href":"https:\/\/diariodeloeste.com\/noticias\/wp-json\/wp\/v2\/categories?post=865"},{"taxonomy":"post_tag","embeddable":true,"href":"https:\/\/diariodeloeste.com\/noticias\/wp-json\/wp\/v2\/tags?post=865"}],"curies":[{"name":"wp","href":"https:\/\/api.w.org\/{rel}","templated":true}]}}