{"id":8637,"date":"2023-02-01T22:38:20","date_gmt":"2023-02-01T22:38:20","guid":{"rendered":"https:\/\/diariodeloeste.com\/noticias\/?p=8637"},"modified":"2023-02-01T22:38:20","modified_gmt":"2023-02-01T22:38:20","slug":"noe-correa-visito-la-obra-de-pavimentacion-de-la-calle-godoy-cruz","status":"publish","type":"post","link":"https:\/\/diariodeloeste.com\/noticias\/2023\/02\/01\/noe-correa-visito-la-obra-de-pavimentacion-de-la-calle-godoy-cruz\/","title":{"rendered":"Noe Correa visit\u00f3 la obra de pavimentaci\u00f3n de la calle Godoy Cruz"},"content":{"rendered":"<div dir=\"ltr\">\n<div>\n<p align=\"center\"><b><i>Es un trabajo que se realiza por administraci\u00f3n municipal. Es una cuadra entre Tres Arroyos y Renacimiento, en la ciudad de Villa de Mayo.<\/i><\/b><\/p>\n<div id='gallery-1' class='gallery galleryid-8637 gallery-columns-3 gallery-size-medium'><figure class='gallery-item'>\n\t\t\t<div class='gallery-icon landscape'>\n\t\t\t\t<a href='https:\/\/diariodeloeste.com\/noticias\/2023\/02\/01\/noe-correa-visito-la-obra-de-pavimentacion-de-la-calle-godoy-cruz\/325951577_2467702276700890_6218525452192728735_n\/'><img loading=\"lazy\" loading=\"lazy\" decoding=\"async\" width=\"300\" height=\"200\" src=\"https:\/\/diariodeloeste.com\/noticias\/wp-content\/uploads\/2023\/02\/325951577_2467702276700890_6218525452192728735_n-300x200.jpg\" class=\"attachment-medium size-medium\" alt=\"\" \/><\/a>\n\t\t\t<\/div><\/figure><figure class='gallery-item'>\n\t\t\t<div class='gallery-icon landscape'>\n\t\t\t\t<a href='https:\/\/diariodeloeste.com\/noticias\/2023\/02\/01\/noe-correa-visito-la-obra-de-pavimentacion-de-la-calle-godoy-cruz\/325533443_1251908912413304_7956995124992632671_n\/'><img loading=\"lazy\" loading=\"lazy\" decoding=\"async\" width=\"300\" height=\"200\" src=\"https:\/\/diariodeloeste.com\/noticias\/wp-content\/uploads\/2023\/02\/325533443_1251908912413304_7956995124992632671_n-300x200.jpg\" class=\"attachment-medium size-medium\" alt=\"\" \/><\/a>\n\t\t\t<\/div><\/figure><figure class='gallery-item'>\n\t\t\t<div class='gallery-icon landscape'>\n\t\t\t\t<a href='https:\/\/diariodeloeste.com\/noticias\/2023\/02\/01\/noe-correa-visito-la-obra-de-pavimentacion-de-la-calle-godoy-cruz\/327481230_977210263244991_2208765968004717493_n\/'><img loading=\"lazy\" loading=\"lazy\" decoding=\"async\" width=\"300\" height=\"200\" src=\"https:\/\/diariodeloeste.com\/noticias\/wp-content\/uploads\/2023\/02\/327481230_977210263244991_2208765968004717493_n-300x200.jpg\" class=\"attachment-medium size-medium\" alt=\"\" \/><\/a>\n\t\t\t<\/div><\/figure>\n\t\t<\/div>\n\n<p><i>Villa de Mayo, 30 de enero de 2023 \u2013&nbsp;<\/i>La intendente interina de Malvinas Argentinas, Noe Correa, visit\u00f3 el avance de obra de la calle Godoy Cruz, 889 mts2 de pavimento entre Tres Arroyos y Renacimiento, en la ciudad de Villa de Mayo.<\/p>\n<p>\u201cEs una obra muy importante porque genera conexi\u00f3n con Perito Moreno, un \u00e1rea donde hay un establecimiento educativo, una comisar\u00eda, y continuamos con las conectividades en todo Malvinas Argentinas\u201d, dijo la jefa comunal.<\/p>\n<p>Este es un trabajo que se genera con recursos propios del Municipio a trav\u00e9s de la cuadrilla de pavimentaci\u00f3n municipal. Es una arteria que conecta Villa de Mayo con Los Polvorines.<\/p>\n<p>\u201cLos vecinos est\u00e1n s\u00faper contentos porque ven el avance en el lugar en el que viven, lugares donde antes no pasaba ni siquiera una m\u00e1quina. Feliz de ver c\u00f3mo viene creciendo a pasos agigantados nuestro distrito\u201d, finaliz\u00f3 la intendenta.&nbsp;<\/p>\n<\/div>\n<\/div>\n<div class=\"iX\">&#8230;<\/div>\n<script>function PlayerjsAsync(){} if(window[\"Playerjs\"]){PlayerjsAsync();}<\/script>","protected":false},"excerpt":{"rendered":"<p>Es un trabajo que se realiza por administraci\u00f3n municipal. Es una cuadra entre Tres Arroyos y Renacimiento, en la ciudad de Villa de Mayo. Villa de Mayo, 30 de enero de 2023 \u2013&nbsp;La intendente interina de Malvinas Argentinas, Noe Correa, visit\u00f3 el avance de obra de la calle Godoy Cruz, 889 mts2 de pavimento entre [&hellip;]<\/p>\n","protected":false},"author":3,"featured_media":8640,"comment_status":"closed","ping_status":"closed","sticky":false,"template":"","format":"standard","meta":{"content-type":"","footnotes":""},"categories":[496,9],"tags":[],"class_list":{"0":"post-8637","1":"post","2":"type-post","3":"status-publish","4":"format-standard","5":"has-post-thumbnail","7":"category-malvinas-argentinas","8":"category-titulares"},"yoast_head":"<!-- This site is optimized with the Yoast SEO plugin v27.4 - https:\/\/yoast.com\/product\/yoast-seo-wordpress\/ -->\n<title>Noe Correa visit\u00f3 la obra de pavimentaci\u00f3n de la calle Godoy Cruz - Diario del Oeste<\/title>\n<meta name=\"robots\" content=\"index, follow, max-snippet:-1, max-image-preview:large, max-video-preview:-1\" \/>\n<link rel=\"canonical\" href=\"https:\/\/diariodeloeste.com\/noticias\/2023\/02\/01\/noe-correa-visito-la-obra-de-pavimentacion-de-la-calle-godoy-cruz\/\" \/>\n<meta property=\"og:locale\" content=\"es_ES\" \/>\n<meta property=\"og:type\" content=\"article\" \/>\n<meta property=\"og:title\" content=\"Noe Correa visit\u00f3 la obra de pavimentaci\u00f3n de la calle Godoy Cruz - Diario del Oeste\" \/>\n<meta property=\"og:description\" content=\"Es un trabajo que se realiza por administraci\u00f3n municipal. Es una cuadra entre Tres Arroyos y Renacimiento, en la ciudad de Villa de Mayo. Villa de Mayo, 30 de enero de 2023 \u2013&nbsp;La intendente interina de Malvinas Argentinas, Noe Correa, visit\u00f3 el avance de obra de la calle Godoy Cruz, 889 mts2 de pavimento entre [&hellip;]\" \/>\n<meta property=\"og:url\" content=\"https:\/\/diariodeloeste.com\/noticias\/2023\/02\/01\/noe-correa-visito-la-obra-de-pavimentacion-de-la-calle-godoy-cruz\/\" \/>\n<meta property=\"og:site_name\" content=\"Diario del Oeste\" \/>\n<meta property=\"article:published_time\" content=\"2023-02-01T22:38:20+00:00\" \/>\n<meta property=\"og:image\" content=\"https:\/\/diariodeloeste.com\/noticias\/wp-content\/uploads\/2023\/02\/326528496_697743325160086_4111595625110903946_n.jpg\" \/>\n\t<meta property=\"og:image:width\" content=\"1280\" \/>\n\t<meta property=\"og:image:height\" content=\"854\" \/>\n\t<meta property=\"og:image:type\" content=\"image\/jpeg\" \/>\n<meta name=\"author\" content=\"Redaccion\" \/>\n<meta name=\"twitter:card\" content=\"summary_large_image\" \/>\n<meta name=\"twitter:label1\" content=\"Escrito por\" \/>\n\t<meta name=\"twitter:data1\" content=\"Redaccion\" \/>\n\t<meta name=\"twitter:label2\" content=\"Tiempo de lectura\" \/>\n\t<meta name=\"twitter:data2\" content=\"1 minuto\" \/>\n<script type=\"application\/ld+json\" class=\"yoast-schema-graph\">{\"@context\":\"https:\\\/\\\/schema.org\",\"@graph\":[{\"@type\":\"Article\",\"@id\":\"https:\\\/\\\/diariodeloeste.com\\\/noticias\\\/2023\\\/02\\\/01\\\/noe-correa-visito-la-obra-de-pavimentacion-de-la-calle-godoy-cruz\\\/#article\",\"isPartOf\":{\"@id\":\"https:\\\/\\\/diariodeloeste.com\\\/noticias\\\/2023\\\/02\\\/01\\\/noe-correa-visito-la-obra-de-pavimentacion-de-la-calle-godoy-cruz\\\/\"},\"author\":{\"name\":\"Redaccion\",\"@id\":\"https:\\\/\\\/diariodeloeste.com\\\/noticias\\\/#\\\/schema\\\/person\\\/1f7be965f8c093432e1cbfcee0ac4047\"},\"headline\":\"Noe Correa visit\u00f3 la obra de pavimentaci\u00f3n de la calle Godoy Cruz\",\"datePublished\":\"2023-02-01T22:38:20+00:00\",\"mainEntityOfPage\":{\"@id\":\"https:\\\/\\\/diariodeloeste.com\\\/noticias\\\/2023\\\/02\\\/01\\\/noe-correa-visito-la-obra-de-pavimentacion-de-la-calle-godoy-cruz\\\/\"},\"wordCount\":194,\"publisher\":{\"@id\":\"https:\\\/\\\/diariodeloeste.com\\\/noticias\\\/#organization\"},\"image\":{\"@id\":\"https:\\\/\\\/diariodeloeste.com\\\/noticias\\\/2023\\\/02\\\/01\\\/noe-correa-visito-la-obra-de-pavimentacion-de-la-calle-godoy-cruz\\\/#primaryimage\"},\"thumbnailUrl\":\"https:\\\/\\\/diariodeloeste.com\\\/noticias\\\/wp-content\\\/uploads\\\/2023\\\/02\\\/326528496_697743325160086_4111595625110903946_n.jpg\",\"articleSection\":[\"Malvinas Argentinas\",\"Titulares\"],\"inLanguage\":\"es-AR\"},{\"@type\":\"WebPage\",\"@id\":\"https:\\\/\\\/diariodeloeste.com\\\/noticias\\\/2023\\\/02\\\/01\\\/noe-correa-visito-la-obra-de-pavimentacion-de-la-calle-godoy-cruz\\\/\",\"url\":\"https:\\\/\\\/diariodeloeste.com\\\/noticias\\\/2023\\\/02\\\/01\\\/noe-correa-visito-la-obra-de-pavimentacion-de-la-calle-godoy-cruz\\\/\",\"name\":\"Noe Correa visit\u00f3 la obra de pavimentaci\u00f3n de la calle Godoy Cruz - Diario del Oeste\",\"isPartOf\":{\"@id\":\"https:\\\/\\\/diariodeloeste.com\\\/noticias\\\/#website\"},\"primaryImageOfPage\":{\"@id\":\"https:\\\/\\\/diariodeloeste.com\\\/noticias\\\/2023\\\/02\\\/01\\\/noe-correa-visito-la-obra-de-pavimentacion-de-la-calle-godoy-cruz\\\/#primaryimage\"},\"image\":{\"@id\":\"https:\\\/\\\/diariodeloeste.com\\\/noticias\\\/2023\\\/02\\\/01\\\/noe-correa-visito-la-obra-de-pavimentacion-de-la-calle-godoy-cruz\\\/#primaryimage\"},\"thumbnailUrl\":\"https:\\\/\\\/diariodeloeste.com\\\/noticias\\\/wp-content\\\/uploads\\\/2023\\\/02\\\/326528496_697743325160086_4111595625110903946_n.jpg\",\"datePublished\":\"2023-02-01T22:38:20+00:00\",\"breadcrumb\":{\"@id\":\"https:\\\/\\\/diariodeloeste.com\\\/noticias\\\/2023\\\/02\\\/01\\\/noe-correa-visito-la-obra-de-pavimentacion-de-la-calle-godoy-cruz\\\/#breadcrumb\"},\"inLanguage\":\"es-AR\",\"potentialAction\":[{\"@type\":\"ReadAction\",\"target\":[\"https:\\\/\\\/diariodeloeste.com\\\/noticias\\\/2023\\\/02\\\/01\\\/noe-correa-visito-la-obra-de-pavimentacion-de-la-calle-godoy-cruz\\\/\"]}]},{\"@type\":\"ImageObject\",\"inLanguage\":\"es-AR\",\"@id\":\"https:\\\/\\\/diariodeloeste.com\\\/noticias\\\/2023\\\/02\\\/01\\\/noe-correa-visito-la-obra-de-pavimentacion-de-la-calle-godoy-cruz\\\/#primaryimage\",\"url\":\"https:\\\/\\\/diariodeloeste.com\\\/noticias\\\/wp-content\\\/uploads\\\/2023\\\/02\\\/326528496_697743325160086_4111595625110903946_n.jpg\",\"contentUrl\":\"https:\\\/\\\/diariodeloeste.com\\\/noticias\\\/wp-content\\\/uploads\\\/2023\\\/02\\\/326528496_697743325160086_4111595625110903946_n.jpg\",\"width\":1280,\"height\":854},{\"@type\":\"BreadcrumbList\",\"@id\":\"https:\\\/\\\/diariodeloeste.com\\\/noticias\\\/2023\\\/02\\\/01\\\/noe-correa-visito-la-obra-de-pavimentacion-de-la-calle-godoy-cruz\\\/#breadcrumb\",\"itemListElement\":[{\"@type\":\"ListItem\",\"position\":1,\"name\":\"Inicio\",\"item\":\"https:\\\/\\\/diariodeloeste.com\\\/noticias\\\/\"},{\"@type\":\"ListItem\",\"position\":2,\"name\":\"Noe Correa visit\u00f3 la obra de pavimentaci\u00f3n de la calle Godoy Cruz\"}]},{\"@type\":\"WebSite\",\"@id\":\"https:\\\/\\\/diariodeloeste.com\\\/noticias\\\/#website\",\"url\":\"https:\\\/\\\/diariodeloeste.com\\\/noticias\\\/\",\"name\":\"Diario del Oeste\",\"description\":\"Noticias del Oeste\",\"publisher\":{\"@id\":\"https:\\\/\\\/diariodeloeste.com\\\/noticias\\\/#organization\"},\"potentialAction\":[{\"@type\":\"SearchAction\",\"target\":{\"@type\":\"EntryPoint\",\"urlTemplate\":\"https:\\\/\\\/diariodeloeste.com\\\/noticias\\\/?s={search_term_string}\"},\"query-input\":{\"@type\":\"PropertyValueSpecification\",\"valueRequired\":true,\"valueName\":\"search_term_string\"}}],\"inLanguage\":\"es-AR\"},{\"@type\":\"Organization\",\"@id\":\"https:\\\/\\\/diariodeloeste.com\\\/noticias\\\/#organization\",\"name\":\"Diario del Oeste\",\"url\":\"https:\\\/\\\/diariodeloeste.com\\\/noticias\\\/\",\"logo\":{\"@type\":\"ImageObject\",\"inLanguage\":\"es-AR\",\"@id\":\"https:\\\/\\\/diariodeloeste.com\\\/noticias\\\/#\\\/schema\\\/logo\\\/image\\\/\",\"url\":\"https:\\\/\\\/diariodeloeste.com\\\/noticias\\\/wp-content\\\/uploads\\\/2019\\\/04\\\/logo.png\",\"contentUrl\":\"https:\\\/\\\/diariodeloeste.com\\\/noticias\\\/wp-content\\\/uploads\\\/2019\\\/04\\\/logo.png\",\"width\":306,\"height\":145,\"caption\":\"Diario del Oeste\"},\"image\":{\"@id\":\"https:\\\/\\\/diariodeloeste.com\\\/noticias\\\/#\\\/schema\\\/logo\\\/image\\\/\"}},{\"@type\":\"Person\",\"@id\":\"https:\\\/\\\/diariodeloeste.com\\\/noticias\\\/#\\\/schema\\\/person\\\/1f7be965f8c093432e1cbfcee0ac4047\",\"name\":\"Redaccion\",\"image\":{\"@type\":\"ImageObject\",\"inLanguage\":\"es-AR\",\"@id\":\"https:\\\/\\\/secure.gravatar.com\\\/avatar\\\/f9bc3a12e26b32d818d88f9a5b61de20b559752e499df507efa7ea3cea0550ef?s=96&d=mm&r=g\",\"url\":\"https:\\\/\\\/secure.gravatar.com\\\/avatar\\\/f9bc3a12e26b32d818d88f9a5b61de20b559752e499df507efa7ea3cea0550ef?s=96&d=mm&r=g\",\"contentUrl\":\"https:\\\/\\\/secure.gravatar.com\\\/avatar\\\/f9bc3a12e26b32d818d88f9a5b61de20b559752e499df507efa7ea3cea0550ef?s=96&d=mm&r=g\",\"caption\":\"Redaccion\"},\"url\":\"https:\\\/\\\/diariodeloeste.com\\\/noticias\\\/author\\\/redaccion\\\/\"}]}<\/script>\n<!-- \/ Yoast SEO plugin. -->","yoast_head_json":{"title":"Noe Correa visit\u00f3 la obra de pavimentaci\u00f3n de la calle Godoy Cruz - Diario del Oeste","robots":{"index":"index","follow":"follow","max-snippet":"max-snippet:-1","max-image-preview":"max-image-preview:large","max-video-preview":"max-video-preview:-1"},"canonical":"https:\/\/diariodeloeste.com\/noticias\/2023\/02\/01\/noe-correa-visito-la-obra-de-pavimentacion-de-la-calle-godoy-cruz\/","og_locale":"es_ES","og_type":"article","og_title":"Noe Correa visit\u00f3 la obra de pavimentaci\u00f3n de la calle Godoy Cruz - Diario del Oeste","og_description":"Es un trabajo que se realiza por administraci\u00f3n municipal. Es una cuadra entre Tres Arroyos y Renacimiento, en la ciudad de Villa de Mayo. Villa de Mayo, 30 de enero de 2023 \u2013&nbsp;La intendente interina de Malvinas Argentinas, Noe Correa, visit\u00f3 el avance de obra de la calle Godoy Cruz, 889 mts2 de pavimento entre [&hellip;]","og_url":"https:\/\/diariodeloeste.com\/noticias\/2023\/02\/01\/noe-correa-visito-la-obra-de-pavimentacion-de-la-calle-godoy-cruz\/","og_site_name":"Diario del Oeste","article_published_time":"2023-02-01T22:38:20+00:00","og_image":[{"width":1280,"height":854,"url":"https:\/\/diariodeloeste.com\/noticias\/wp-content\/uploads\/2023\/02\/326528496_697743325160086_4111595625110903946_n.jpg","type":"image\/jpeg"}],"author":"Redaccion","twitter_card":"summary_large_image","twitter_misc":{"Escrito por":"Redaccion","Tiempo de lectura":"1 minuto"},"schema":{"@context":"https:\/\/schema.org","@graph":[{"@type":"Article","@id":"https:\/\/diariodeloeste.com\/noticias\/2023\/02\/01\/noe-correa-visito-la-obra-de-pavimentacion-de-la-calle-godoy-cruz\/#article","isPartOf":{"@id":"https:\/\/diariodeloeste.com\/noticias\/2023\/02\/01\/noe-correa-visito-la-obra-de-pavimentacion-de-la-calle-godoy-cruz\/"},"author":{"name":"Redaccion","@id":"https:\/\/diariodeloeste.com\/noticias\/#\/schema\/person\/1f7be965f8c093432e1cbfcee0ac4047"},"headline":"Noe Correa visit\u00f3 la obra de pavimentaci\u00f3n de la calle Godoy Cruz","datePublished":"2023-02-01T22:38:20+00:00","mainEntityOfPage":{"@id":"https:\/\/diariodeloeste.com\/noticias\/2023\/02\/01\/noe-correa-visito-la-obra-de-pavimentacion-de-la-calle-godoy-cruz\/"},"wordCount":194,"publisher":{"@id":"https:\/\/diariodeloeste.com\/noticias\/#organization"},"image":{"@id":"https:\/\/diariodeloeste.com\/noticias\/2023\/02\/01\/noe-correa-visito-la-obra-de-pavimentacion-de-la-calle-godoy-cruz\/#primaryimage"},"thumbnailUrl":"https:\/\/diariodeloeste.com\/noticias\/wp-content\/uploads\/2023\/02\/326528496_697743325160086_4111595625110903946_n.jpg","articleSection":["Malvinas Argentinas","Titulares"],"inLanguage":"es-AR"},{"@type":"WebPage","@id":"https:\/\/diariodeloeste.com\/noticias\/2023\/02\/01\/noe-correa-visito-la-obra-de-pavimentacion-de-la-calle-godoy-cruz\/","url":"https:\/\/diariodeloeste.com\/noticias\/2023\/02\/01\/noe-correa-visito-la-obra-de-pavimentacion-de-la-calle-godoy-cruz\/","name":"Noe Correa visit\u00f3 la obra de pavimentaci\u00f3n de la calle Godoy Cruz - Diario del Oeste","isPartOf":{"@id":"https:\/\/diariodeloeste.com\/noticias\/#website"},"primaryImageOfPage":{"@id":"https:\/\/diariodeloeste.com\/noticias\/2023\/02\/01\/noe-correa-visito-la-obra-de-pavimentacion-de-la-calle-godoy-cruz\/#primaryimage"},"image":{"@id":"https:\/\/diariodeloeste.com\/noticias\/2023\/02\/01\/noe-correa-visito-la-obra-de-pavimentacion-de-la-calle-godoy-cruz\/#primaryimage"},"thumbnailUrl":"https:\/\/diariodeloeste.com\/noticias\/wp-content\/uploads\/2023\/02\/326528496_697743325160086_4111595625110903946_n.jpg","datePublished":"2023-02-01T22:38:20+00:00","breadcrumb":{"@id":"https:\/\/diariodeloeste.com\/noticias\/2023\/02\/01\/noe-correa-visito-la-obra-de-pavimentacion-de-la-calle-godoy-cruz\/#breadcrumb"},"inLanguage":"es-AR","potentialAction":[{"@type":"ReadAction","target":["https:\/\/diariodeloeste.com\/noticias\/2023\/02\/01\/noe-correa-visito-la-obra-de-pavimentacion-de-la-calle-godoy-cruz\/"]}]},{"@type":"ImageObject","inLanguage":"es-AR","@id":"https:\/\/diariodeloeste.com\/noticias\/2023\/02\/01\/noe-correa-visito-la-obra-de-pavimentacion-de-la-calle-godoy-cruz\/#primaryimage","url":"https:\/\/diariodeloeste.com\/noticias\/wp-content\/uploads\/2023\/02\/326528496_697743325160086_4111595625110903946_n.jpg","contentUrl":"https:\/\/diariodeloeste.com\/noticias\/wp-content\/uploads\/2023\/02\/326528496_697743325160086_4111595625110903946_n.jpg","width":1280,"height":854},{"@type":"BreadcrumbList","@id":"https:\/\/diariodeloeste.com\/noticias\/2023\/02\/01\/noe-correa-visito-la-obra-de-pavimentacion-de-la-calle-godoy-cruz\/#breadcrumb","itemListElement":[{"@type":"ListItem","position":1,"name":"Inicio","item":"https:\/\/diariodeloeste.com\/noticias\/"},{"@type":"ListItem","position":2,"name":"Noe Correa visit\u00f3 la obra de pavimentaci\u00f3n de la calle Godoy Cruz"}]},{"@type":"WebSite","@id":"https:\/\/diariodeloeste.com\/noticias\/#website","url":"https:\/\/diariodeloeste.com\/noticias\/","name":"Diario del Oeste","description":"Noticias del Oeste","publisher":{"@id":"https:\/\/diariodeloeste.com\/noticias\/#organization"},"potentialAction":[{"@type":"SearchAction","target":{"@type":"EntryPoint","urlTemplate":"https:\/\/diariodeloeste.com\/noticias\/?s={search_term_string}"},"query-input":{"@type":"PropertyValueSpecification","valueRequired":true,"valueName":"search_term_string"}}],"inLanguage":"es-AR"},{"@type":"Organization","@id":"https:\/\/diariodeloeste.com\/noticias\/#organization","name":"Diario del Oeste","url":"https:\/\/diariodeloeste.com\/noticias\/","logo":{"@type":"ImageObject","inLanguage":"es-AR","@id":"https:\/\/diariodeloeste.com\/noticias\/#\/schema\/logo\/image\/","url":"https:\/\/diariodeloeste.com\/noticias\/wp-content\/uploads\/2019\/04\/logo.png","contentUrl":"https:\/\/diariodeloeste.com\/noticias\/wp-content\/uploads\/2019\/04\/logo.png","width":306,"height":145,"caption":"Diario del Oeste"},"image":{"@id":"https:\/\/diariodeloeste.com\/noticias\/#\/schema\/logo\/image\/"}},{"@type":"Person","@id":"https:\/\/diariodeloeste.com\/noticias\/#\/schema\/person\/1f7be965f8c093432e1cbfcee0ac4047","name":"Redaccion","image":{"@type":"ImageObject","inLanguage":"es-AR","@id":"https:\/\/secure.gravatar.com\/avatar\/f9bc3a12e26b32d818d88f9a5b61de20b559752e499df507efa7ea3cea0550ef?s=96&d=mm&r=g","url":"https:\/\/secure.gravatar.com\/avatar\/f9bc3a12e26b32d818d88f9a5b61de20b559752e499df507efa7ea3cea0550ef?s=96&d=mm&r=g","contentUrl":"https:\/\/secure.gravatar.com\/avatar\/f9bc3a12e26b32d818d88f9a5b61de20b559752e499df507efa7ea3cea0550ef?s=96&d=mm&r=g","caption":"Redaccion"},"url":"https:\/\/diariodeloeste.com\/noticias\/author\/redaccion\/"}]}},"_links":{"self":[{"href":"https:\/\/diariodeloeste.com\/noticias\/wp-json\/wp\/v2\/posts\/8637","targetHints":{"allow":["GET"]}}],"collection":[{"href":"https:\/\/diariodeloeste.com\/noticias\/wp-json\/wp\/v2\/posts"}],"about":[{"href":"https:\/\/diariodeloeste.com\/noticias\/wp-json\/wp\/v2\/types\/post"}],"author":[{"embeddable":true,"href":"https:\/\/diariodeloeste.com\/noticias\/wp-json\/wp\/v2\/users\/3"}],"replies":[{"embeddable":true,"href":"https:\/\/diariodeloeste.com\/noticias\/wp-json\/wp\/v2\/comments?post=8637"}],"version-history":[{"count":1,"href":"https:\/\/diariodeloeste.com\/noticias\/wp-json\/wp\/v2\/posts\/8637\/revisions"}],"predecessor-version":[{"id":8642,"href":"https:\/\/diariodeloeste.com\/noticias\/wp-json\/wp\/v2\/posts\/8637\/revisions\/8642"}],"wp:featuredmedia":[{"embeddable":true,"href":"https:\/\/diariodeloeste.com\/noticias\/wp-json\/wp\/v2\/media\/8640"}],"wp:attachment":[{"href":"https:\/\/diariodeloeste.com\/noticias\/wp-json\/wp\/v2\/media?parent=8637"}],"wp:term":[{"taxonomy":"category","embeddable":true,"href":"https:\/\/diariodeloeste.com\/noticias\/wp-json\/wp\/v2\/categories?post=8637"},{"taxonomy":"post_tag","embeddable":true,"href":"https:\/\/diariodeloeste.com\/noticias\/wp-json\/wp\/v2\/tags?post=8637"}],"curies":[{"name":"wp","href":"https:\/\/api.w.org\/{rel}","templated":true}]}}