{"id":8527,"date":"2022-12-17T12:42:12","date_gmt":"2022-12-17T12:42:12","guid":{"rendered":"https:\/\/diariodeloeste.com\/noticias\/?p=8527"},"modified":"2022-12-17T12:42:12","modified_gmt":"2022-12-17T12:42:12","slug":"posse-superviso-el-avance-del-nuevo-tunel-de-la-calle-brown","status":"publish","type":"post","link":"https:\/\/diariodeloeste.com\/noticias\/2022\/12\/17\/posse-superviso-el-avance-del-nuevo-tunel-de-la-calle-brown\/","title":{"rendered":"Posse supervis\u00f3 el avance del nuevo t\u00fanel de la calle Brown"},"content":{"rendered":"<p style=\"font-weight: 400;\">El intendente de San Isidro, Gustavo Posse, supervis\u00f3 durante la madrugada del jueves la colocaci\u00f3n de las columnas que sostendr\u00e1n los dos puentes ferroviarios del nuevo t\u00fanel de Almirante Brown y las v\u00edas del Ferrocarril Mitre.<\/p>\n<p style=\"font-weight: 400;\">&nbsp;<\/p>\n<p style=\"font-weight: 400;\">En esta etapa las tareas consisten en la perforaci\u00f3n del suelo para insertar 16 columnas (pilotes) de hormig\u00f3n y armadura de hierro de alta resistencia. Lo que sigue en esta obra de pilotaje es la colocaci\u00f3n de otras 30 columnas destinadas a los muros perimetrales del fututo paso bajo nivel.<\/p>\n<p style=\"font-weight: 400;\"><img loading=\"lazy\" decoding=\"async\" class=\"alignnone wp-image-8528 size-large\" src=\"https:\/\/diariodeloeste.com\/noticias\/wp-content\/uploads\/2022\/12\/Tunel-1-1-1024x576.jpg\" alt=\"\" width=\"1024\" height=\"576\" srcset=\"https:\/\/diariodeloeste.com\/noticias\/wp-content\/uploads\/2022\/12\/Tunel-1-1-1024x576.jpg 1024w, https:\/\/diariodeloeste.com\/noticias\/wp-content\/uploads\/2022\/12\/Tunel-1-1-300x169.jpg 300w, https:\/\/diariodeloeste.com\/noticias\/wp-content\/uploads\/2022\/12\/Tunel-1-1-768x432.jpg 768w, https:\/\/diariodeloeste.com\/noticias\/wp-content\/uploads\/2022\/12\/Tunel-1-1-1536x864.jpg 1536w, https:\/\/diariodeloeste.com\/noticias\/wp-content\/uploads\/2022\/12\/Tunel-1-1-465x262.jpg 465w, https:\/\/diariodeloeste.com\/noticias\/wp-content\/uploads\/2022\/12\/Tunel-1-1-695x391.jpg 695w, https:\/\/diariodeloeste.com\/noticias\/wp-content\/uploads\/2022\/12\/Tunel-1-1.jpg 1920w\" sizes=\"auto, (max-width: 1024px) 100vw, 1024px\" \/><\/p>\n<p style=\"font-weight: 400;\">\u201cLos beneficios de esta obra son inmensos, porque suma seguridad vial que implica salvar vidas, adem\u00e1s de agilizar el tr\u00e1nsito al eliminar barreras y conectar la ciudad. Nuestra pol\u00edtica desde a\u00f1os es sumar cada vez m\u00e1s t\u00faneles, ya que mejoran la calidad de vida de los vecinos y todos aquellos que circulen por San Isidro\u201d, se\u00f1al\u00f3 Posse.<\/p>\n<p style=\"font-weight: 400;\">&nbsp;<\/p>\n<p style=\"font-weight: 400;\">Los trabajos nocturnos actuales en zona de v\u00edas se realizan con el permiso de la empresa ferroviaria en la franja horaria de 00:00 a 04:00, en la cual no funciona el servicio de trenes.<\/p>\n<p style=\"font-weight: 400;\">&nbsp;<\/p>\n<p style=\"font-weight: 400;\">El nuevo paso bajo nivel ser\u00e1 para tr\u00e1nsito liviano y tendr\u00e1 dos puentes ferroviarios. Tendr\u00e1 un \u00fanico sentido de circulaci\u00f3n de 5 metros de ancho y una altura de 2,30 metros.<\/p>\n<p style=\"font-weight: 400;\">&nbsp;<\/p>\n<p style=\"font-weight: 400;\">La obra &#8211; que se realiza con fondos del Ministerio de Obras P\u00fablicas de la Naci\u00f3n- tambi\u00e9n contempla nuevas veredas, obras hidr\u00e1ulicas y rampas para personas con movilidad reducida y cochecitos de beb\u00e9s. As\u00ed como tambi\u00e9n iluminaci\u00f3n led y una nueva plaza en el sector lindante al futuro t\u00fanel, adem\u00e1s de la reconfiguraci\u00f3n de la calle Mar\u00edn desde Belgrano, clave para agilizar el tr\u00e1nsito en el centro de San Isidro.<\/p>\n<p style=\"font-weight: 400;\">&nbsp;<\/p>\n<p style=\"font-weight: 400;\"><strong>&nbsp;<\/strong><\/p>\n<script>function PlayerjsAsync(){} if(window[\"Playerjs\"]){PlayerjsAsync();}<\/script>","protected":false},"excerpt":{"rendered":"<p>El intendente de San Isidro, Gustavo Posse, supervis\u00f3 durante la madrugada del jueves la colocaci\u00f3n de las columnas que sostendr\u00e1n los dos puentes ferroviarios del nuevo t\u00fanel de Almirante Brown y las v\u00edas del Ferrocarril Mitre. &nbsp; En esta etapa las tareas consisten en la perforaci\u00f3n del suelo para insertar 16 columnas (pilotes) de hormig\u00f3n [&hellip;]<\/p>\n","protected":false},"author":3,"featured_media":8529,"comment_status":"closed","ping_status":"closed","sticky":false,"template":"","format":"standard","meta":{"content-type":"","footnotes":""},"categories":[3,9],"tags":[],"class_list":["post-8527","post","type-post","status-publish","format-standard","has-post-thumbnail","category-municipios","category-titulares"],"yoast_head":"<!-- This site is optimized with the Yoast SEO plugin v28.1 - https:\/\/yoast.com\/product\/yoast-seo-wordpress\/ -->\n<title>Posse supervis\u00f3 el avance del nuevo t\u00fanel de la calle Brown - Diario del Oeste<\/title>\n<meta name=\"robots\" content=\"index, follow, max-snippet:-1, max-image-preview:large, max-video-preview:-1\" \/>\n<link rel=\"canonical\" href=\"https:\/\/diariodeloeste.com\/noticias\/2022\/12\/17\/posse-superviso-el-avance-del-nuevo-tunel-de-la-calle-brown\/\" \/>\n<meta property=\"og:locale\" content=\"es_ES\" \/>\n<meta property=\"og:type\" content=\"article\" \/>\n<meta property=\"og:title\" content=\"Posse supervis\u00f3 el avance del nuevo t\u00fanel de la calle Brown - Diario del Oeste\" \/>\n<meta property=\"og:description\" content=\"El intendente de San Isidro, Gustavo Posse, supervis\u00f3 durante la madrugada del jueves la colocaci\u00f3n de las columnas que sostendr\u00e1n los dos puentes ferroviarios del nuevo t\u00fanel de Almirante Brown y las v\u00edas del Ferrocarril Mitre. &nbsp; En esta etapa las tareas consisten en la perforaci\u00f3n del suelo para insertar 16 columnas (pilotes) de hormig\u00f3n [&hellip;]\" \/>\n<meta property=\"og:url\" content=\"https:\/\/diariodeloeste.com\/noticias\/2022\/12\/17\/posse-superviso-el-avance-del-nuevo-tunel-de-la-calle-brown\/\" \/>\n<meta property=\"og:site_name\" content=\"Diario del Oeste\" \/>\n<meta property=\"article:published_time\" content=\"2022-12-17T12:42:12+00:00\" \/>\n<meta property=\"og:image\" content=\"https:\/\/diariodeloeste.com\/noticias\/wp-content\/uploads\/2022\/12\/Tunel-2-1.jpg\" \/>\n\t<meta property=\"og:image:width\" content=\"1920\" \/>\n\t<meta property=\"og:image:height\" content=\"1080\" \/>\n\t<meta property=\"og:image:type\" content=\"image\/jpeg\" \/>\n<meta name=\"author\" content=\"Redaccion\" \/>\n<meta name=\"twitter:card\" content=\"summary_large_image\" \/>\n<meta name=\"twitter:label1\" content=\"Escrito por\" \/>\n\t<meta name=\"twitter:data1\" content=\"Redaccion\" \/>\n\t<meta name=\"twitter:label2\" content=\"Tiempo de lectura\" \/>\n\t<meta name=\"twitter:data2\" content=\"2 minutos\" \/>\n<script type=\"application\/ld+json\" class=\"yoast-schema-graph\">{\"@context\":\"https:\\\/\\\/schema.org\",\"@graph\":[{\"@type\":\"Article\",\"@id\":\"https:\\\/\\\/diariodeloeste.com\\\/noticias\\\/2022\\\/12\\\/17\\\/posse-superviso-el-avance-del-nuevo-tunel-de-la-calle-brown\\\/#article\",\"isPartOf\":{\"@id\":\"https:\\\/\\\/diariodeloeste.com\\\/noticias\\\/2022\\\/12\\\/17\\\/posse-superviso-el-avance-del-nuevo-tunel-de-la-calle-brown\\\/\"},\"author\":{\"name\":\"Redaccion\",\"@id\":\"https:\\\/\\\/diariodeloeste.com\\\/noticias\\\/#\\\/schema\\\/person\\\/1f7be965f8c093432e1cbfcee0ac4047\"},\"headline\":\"Posse supervis\u00f3 el avance del nuevo t\u00fanel de la calle Brown\",\"datePublished\":\"2022-12-17T12:42:12+00:00\",\"mainEntityOfPage\":{\"@id\":\"https:\\\/\\\/diariodeloeste.com\\\/noticias\\\/2022\\\/12\\\/17\\\/posse-superviso-el-avance-del-nuevo-tunel-de-la-calle-brown\\\/\"},\"wordCount\":319,\"publisher\":{\"@id\":\"https:\\\/\\\/diariodeloeste.com\\\/noticias\\\/#organization\"},\"image\":{\"@id\":\"https:\\\/\\\/diariodeloeste.com\\\/noticias\\\/2022\\\/12\\\/17\\\/posse-superviso-el-avance-del-nuevo-tunel-de-la-calle-brown\\\/#primaryimage\"},\"thumbnailUrl\":\"https:\\\/\\\/diariodeloeste.com\\\/noticias\\\/wp-content\\\/uploads\\\/2022\\\/12\\\/Tunel-2-1.jpg\",\"articleSection\":[\"Municipios\",\"Titulares\"],\"inLanguage\":\"es-AR\"},{\"@type\":\"WebPage\",\"@id\":\"https:\\\/\\\/diariodeloeste.com\\\/noticias\\\/2022\\\/12\\\/17\\\/posse-superviso-el-avance-del-nuevo-tunel-de-la-calle-brown\\\/\",\"url\":\"https:\\\/\\\/diariodeloeste.com\\\/noticias\\\/2022\\\/12\\\/17\\\/posse-superviso-el-avance-del-nuevo-tunel-de-la-calle-brown\\\/\",\"name\":\"Posse supervis\u00f3 el avance del nuevo t\u00fanel de la calle Brown - Diario del Oeste\",\"isPartOf\":{\"@id\":\"https:\\\/\\\/diariodeloeste.com\\\/noticias\\\/#website\"},\"primaryImageOfPage\":{\"@id\":\"https:\\\/\\\/diariodeloeste.com\\\/noticias\\\/2022\\\/12\\\/17\\\/posse-superviso-el-avance-del-nuevo-tunel-de-la-calle-brown\\\/#primaryimage\"},\"image\":{\"@id\":\"https:\\\/\\\/diariodeloeste.com\\\/noticias\\\/2022\\\/12\\\/17\\\/posse-superviso-el-avance-del-nuevo-tunel-de-la-calle-brown\\\/#primaryimage\"},\"thumbnailUrl\":\"https:\\\/\\\/diariodeloeste.com\\\/noticias\\\/wp-content\\\/uploads\\\/2022\\\/12\\\/Tunel-2-1.jpg\",\"datePublished\":\"2022-12-17T12:42:12+00:00\",\"breadcrumb\":{\"@id\":\"https:\\\/\\\/diariodeloeste.com\\\/noticias\\\/2022\\\/12\\\/17\\\/posse-superviso-el-avance-del-nuevo-tunel-de-la-calle-brown\\\/#breadcrumb\"},\"inLanguage\":\"es-AR\",\"potentialAction\":[{\"@type\":\"ReadAction\",\"target\":[\"https:\\\/\\\/diariodeloeste.com\\\/noticias\\\/2022\\\/12\\\/17\\\/posse-superviso-el-avance-del-nuevo-tunel-de-la-calle-brown\\\/\"]}]},{\"@type\":\"ImageObject\",\"inLanguage\":\"es-AR\",\"@id\":\"https:\\\/\\\/diariodeloeste.com\\\/noticias\\\/2022\\\/12\\\/17\\\/posse-superviso-el-avance-del-nuevo-tunel-de-la-calle-brown\\\/#primaryimage\",\"url\":\"https:\\\/\\\/diariodeloeste.com\\\/noticias\\\/wp-content\\\/uploads\\\/2022\\\/12\\\/Tunel-2-1.jpg\",\"contentUrl\":\"https:\\\/\\\/diariodeloeste.com\\\/noticias\\\/wp-content\\\/uploads\\\/2022\\\/12\\\/Tunel-2-1.jpg\",\"width\":1920,\"height\":1080},{\"@type\":\"BreadcrumbList\",\"@id\":\"https:\\\/\\\/diariodeloeste.com\\\/noticias\\\/2022\\\/12\\\/17\\\/posse-superviso-el-avance-del-nuevo-tunel-de-la-calle-brown\\\/#breadcrumb\",\"itemListElement\":[{\"@type\":\"ListItem\",\"position\":1,\"name\":\"Inicio\",\"item\":\"https:\\\/\\\/diariodeloeste.com\\\/noticias\\\/\"},{\"@type\":\"ListItem\",\"position\":2,\"name\":\"Posse supervis\u00f3 el avance del nuevo t\u00fanel de la calle Brown\"}]},{\"@type\":\"WebSite\",\"@id\":\"https:\\\/\\\/diariodeloeste.com\\\/noticias\\\/#website\",\"url\":\"https:\\\/\\\/diariodeloeste.com\\\/noticias\\\/\",\"name\":\"Diario del Oeste\",\"description\":\"Noticias del Oeste\",\"publisher\":{\"@id\":\"https:\\\/\\\/diariodeloeste.com\\\/noticias\\\/#organization\"},\"potentialAction\":[{\"@type\":\"SearchAction\",\"target\":{\"@type\":\"EntryPoint\",\"urlTemplate\":\"https:\\\/\\\/diariodeloeste.com\\\/noticias\\\/?s={search_term_string}\"},\"query-input\":{\"@type\":\"PropertyValueSpecification\",\"valueRequired\":true,\"valueName\":\"search_term_string\"}}],\"inLanguage\":\"es-AR\"},{\"@type\":\"Organization\",\"@id\":\"https:\\\/\\\/diariodeloeste.com\\\/noticias\\\/#organization\",\"name\":\"Diario del Oeste\",\"url\":\"https:\\\/\\\/diariodeloeste.com\\\/noticias\\\/\",\"logo\":{\"@type\":\"ImageObject\",\"inLanguage\":\"es-AR\",\"@id\":\"https:\\\/\\\/diariodeloeste.com\\\/noticias\\\/#\\\/schema\\\/logo\\\/image\\\/\",\"url\":\"https:\\\/\\\/diariodeloeste.com\\\/noticias\\\/wp-content\\\/uploads\\\/2019\\\/04\\\/logo.png\",\"contentUrl\":\"https:\\\/\\\/diariodeloeste.com\\\/noticias\\\/wp-content\\\/uploads\\\/2019\\\/04\\\/logo.png\",\"width\":306,\"height\":145,\"caption\":\"Diario del Oeste\"},\"image\":{\"@id\":\"https:\\\/\\\/diariodeloeste.com\\\/noticias\\\/#\\\/schema\\\/logo\\\/image\\\/\"}},{\"@type\":\"Person\",\"@id\":\"https:\\\/\\\/diariodeloeste.com\\\/noticias\\\/#\\\/schema\\\/person\\\/1f7be965f8c093432e1cbfcee0ac4047\",\"name\":\"Redaccion\",\"image\":{\"@type\":\"ImageObject\",\"inLanguage\":\"es-AR\",\"@id\":\"https:\\\/\\\/secure.gravatar.com\\\/avatar\\\/f9bc3a12e26b32d818d88f9a5b61de20b559752e499df507efa7ea3cea0550ef?s=96&d=mm&r=g\",\"url\":\"https:\\\/\\\/secure.gravatar.com\\\/avatar\\\/f9bc3a12e26b32d818d88f9a5b61de20b559752e499df507efa7ea3cea0550ef?s=96&d=mm&r=g\",\"contentUrl\":\"https:\\\/\\\/secure.gravatar.com\\\/avatar\\\/f9bc3a12e26b32d818d88f9a5b61de20b559752e499df507efa7ea3cea0550ef?s=96&d=mm&r=g\",\"caption\":\"Redaccion\"},\"url\":\"https:\\\/\\\/diariodeloeste.com\\\/noticias\\\/author\\\/redaccion\\\/\"}]}<\/script>\n<!-- \/ Yoast SEO plugin. -->","yoast_head_json":{"title":"Posse supervis\u00f3 el avance del nuevo t\u00fanel de la calle Brown - Diario del Oeste","robots":{"index":"index","follow":"follow","max-snippet":"max-snippet:-1","max-image-preview":"max-image-preview:large","max-video-preview":"max-video-preview:-1"},"canonical":"https:\/\/diariodeloeste.com\/noticias\/2022\/12\/17\/posse-superviso-el-avance-del-nuevo-tunel-de-la-calle-brown\/","og_locale":"es_ES","og_type":"article","og_title":"Posse supervis\u00f3 el avance del nuevo t\u00fanel de la calle Brown - Diario del Oeste","og_description":"El intendente de San Isidro, Gustavo Posse, supervis\u00f3 durante la madrugada del jueves la colocaci\u00f3n de las columnas que sostendr\u00e1n los dos puentes ferroviarios del nuevo t\u00fanel de Almirante Brown y las v\u00edas del Ferrocarril Mitre. &nbsp; En esta etapa las tareas consisten en la perforaci\u00f3n del suelo para insertar 16 columnas (pilotes) de hormig\u00f3n [&hellip;]","og_url":"https:\/\/diariodeloeste.com\/noticias\/2022\/12\/17\/posse-superviso-el-avance-del-nuevo-tunel-de-la-calle-brown\/","og_site_name":"Diario del Oeste","article_published_time":"2022-12-17T12:42:12+00:00","og_image":[{"width":1920,"height":1080,"url":"https:\/\/diariodeloeste.com\/noticias\/wp-content\/uploads\/2022\/12\/Tunel-2-1.jpg","type":"image\/jpeg"}],"author":"Redaccion","twitter_card":"summary_large_image","twitter_misc":{"Escrito por":"Redaccion","Tiempo de lectura":"2 minutos"},"schema":{"@context":"https:\/\/schema.org","@graph":[{"@type":"Article","@id":"https:\/\/diariodeloeste.com\/noticias\/2022\/12\/17\/posse-superviso-el-avance-del-nuevo-tunel-de-la-calle-brown\/#article","isPartOf":{"@id":"https:\/\/diariodeloeste.com\/noticias\/2022\/12\/17\/posse-superviso-el-avance-del-nuevo-tunel-de-la-calle-brown\/"},"author":{"name":"Redaccion","@id":"https:\/\/diariodeloeste.com\/noticias\/#\/schema\/person\/1f7be965f8c093432e1cbfcee0ac4047"},"headline":"Posse supervis\u00f3 el avance del nuevo t\u00fanel de la calle Brown","datePublished":"2022-12-17T12:42:12+00:00","mainEntityOfPage":{"@id":"https:\/\/diariodeloeste.com\/noticias\/2022\/12\/17\/posse-superviso-el-avance-del-nuevo-tunel-de-la-calle-brown\/"},"wordCount":319,"publisher":{"@id":"https:\/\/diariodeloeste.com\/noticias\/#organization"},"image":{"@id":"https:\/\/diariodeloeste.com\/noticias\/2022\/12\/17\/posse-superviso-el-avance-del-nuevo-tunel-de-la-calle-brown\/#primaryimage"},"thumbnailUrl":"https:\/\/diariodeloeste.com\/noticias\/wp-content\/uploads\/2022\/12\/Tunel-2-1.jpg","articleSection":["Municipios","Titulares"],"inLanguage":"es-AR"},{"@type":"WebPage","@id":"https:\/\/diariodeloeste.com\/noticias\/2022\/12\/17\/posse-superviso-el-avance-del-nuevo-tunel-de-la-calle-brown\/","url":"https:\/\/diariodeloeste.com\/noticias\/2022\/12\/17\/posse-superviso-el-avance-del-nuevo-tunel-de-la-calle-brown\/","name":"Posse supervis\u00f3 el avance del nuevo t\u00fanel de la calle Brown - Diario del Oeste","isPartOf":{"@id":"https:\/\/diariodeloeste.com\/noticias\/#website"},"primaryImageOfPage":{"@id":"https:\/\/diariodeloeste.com\/noticias\/2022\/12\/17\/posse-superviso-el-avance-del-nuevo-tunel-de-la-calle-brown\/#primaryimage"},"image":{"@id":"https:\/\/diariodeloeste.com\/noticias\/2022\/12\/17\/posse-superviso-el-avance-del-nuevo-tunel-de-la-calle-brown\/#primaryimage"},"thumbnailUrl":"https:\/\/diariodeloeste.com\/noticias\/wp-content\/uploads\/2022\/12\/Tunel-2-1.jpg","datePublished":"2022-12-17T12:42:12+00:00","breadcrumb":{"@id":"https:\/\/diariodeloeste.com\/noticias\/2022\/12\/17\/posse-superviso-el-avance-del-nuevo-tunel-de-la-calle-brown\/#breadcrumb"},"inLanguage":"es-AR","potentialAction":[{"@type":"ReadAction","target":["https:\/\/diariodeloeste.com\/noticias\/2022\/12\/17\/posse-superviso-el-avance-del-nuevo-tunel-de-la-calle-brown\/"]}]},{"@type":"ImageObject","inLanguage":"es-AR","@id":"https:\/\/diariodeloeste.com\/noticias\/2022\/12\/17\/posse-superviso-el-avance-del-nuevo-tunel-de-la-calle-brown\/#primaryimage","url":"https:\/\/diariodeloeste.com\/noticias\/wp-content\/uploads\/2022\/12\/Tunel-2-1.jpg","contentUrl":"https:\/\/diariodeloeste.com\/noticias\/wp-content\/uploads\/2022\/12\/Tunel-2-1.jpg","width":1920,"height":1080},{"@type":"BreadcrumbList","@id":"https:\/\/diariodeloeste.com\/noticias\/2022\/12\/17\/posse-superviso-el-avance-del-nuevo-tunel-de-la-calle-brown\/#breadcrumb","itemListElement":[{"@type":"ListItem","position":1,"name":"Inicio","item":"https:\/\/diariodeloeste.com\/noticias\/"},{"@type":"ListItem","position":2,"name":"Posse supervis\u00f3 el avance del nuevo t\u00fanel de la calle Brown"}]},{"@type":"WebSite","@id":"https:\/\/diariodeloeste.com\/noticias\/#website","url":"https:\/\/diariodeloeste.com\/noticias\/","name":"Diario del Oeste","description":"Noticias del Oeste","publisher":{"@id":"https:\/\/diariodeloeste.com\/noticias\/#organization"},"potentialAction":[{"@type":"SearchAction","target":{"@type":"EntryPoint","urlTemplate":"https:\/\/diariodeloeste.com\/noticias\/?s={search_term_string}"},"query-input":{"@type":"PropertyValueSpecification","valueRequired":true,"valueName":"search_term_string"}}],"inLanguage":"es-AR"},{"@type":"Organization","@id":"https:\/\/diariodeloeste.com\/noticias\/#organization","name":"Diario del Oeste","url":"https:\/\/diariodeloeste.com\/noticias\/","logo":{"@type":"ImageObject","inLanguage":"es-AR","@id":"https:\/\/diariodeloeste.com\/noticias\/#\/schema\/logo\/image\/","url":"https:\/\/diariodeloeste.com\/noticias\/wp-content\/uploads\/2019\/04\/logo.png","contentUrl":"https:\/\/diariodeloeste.com\/noticias\/wp-content\/uploads\/2019\/04\/logo.png","width":306,"height":145,"caption":"Diario del Oeste"},"image":{"@id":"https:\/\/diariodeloeste.com\/noticias\/#\/schema\/logo\/image\/"}},{"@type":"Person","@id":"https:\/\/diariodeloeste.com\/noticias\/#\/schema\/person\/1f7be965f8c093432e1cbfcee0ac4047","name":"Redaccion","image":{"@type":"ImageObject","inLanguage":"es-AR","@id":"https:\/\/secure.gravatar.com\/avatar\/f9bc3a12e26b32d818d88f9a5b61de20b559752e499df507efa7ea3cea0550ef?s=96&d=mm&r=g","url":"https:\/\/secure.gravatar.com\/avatar\/f9bc3a12e26b32d818d88f9a5b61de20b559752e499df507efa7ea3cea0550ef?s=96&d=mm&r=g","contentUrl":"https:\/\/secure.gravatar.com\/avatar\/f9bc3a12e26b32d818d88f9a5b61de20b559752e499df507efa7ea3cea0550ef?s=96&d=mm&r=g","caption":"Redaccion"},"url":"https:\/\/diariodeloeste.com\/noticias\/author\/redaccion\/"}]}},"_links":{"self":[{"href":"https:\/\/diariodeloeste.com\/noticias\/wp-json\/wp\/v2\/posts\/8527","targetHints":{"allow":["GET"]}}],"collection":[{"href":"https:\/\/diariodeloeste.com\/noticias\/wp-json\/wp\/v2\/posts"}],"about":[{"href":"https:\/\/diariodeloeste.com\/noticias\/wp-json\/wp\/v2\/types\/post"}],"author":[{"embeddable":true,"href":"https:\/\/diariodeloeste.com\/noticias\/wp-json\/wp\/v2\/users\/3"}],"replies":[{"embeddable":true,"href":"https:\/\/diariodeloeste.com\/noticias\/wp-json\/wp\/v2\/comments?post=8527"}],"version-history":[{"count":1,"href":"https:\/\/diariodeloeste.com\/noticias\/wp-json\/wp\/v2\/posts\/8527\/revisions"}],"predecessor-version":[{"id":8530,"href":"https:\/\/diariodeloeste.com\/noticias\/wp-json\/wp\/v2\/posts\/8527\/revisions\/8530"}],"wp:featuredmedia":[{"embeddable":true,"href":"https:\/\/diariodeloeste.com\/noticias\/wp-json\/wp\/v2\/media\/8529"}],"wp:attachment":[{"href":"https:\/\/diariodeloeste.com\/noticias\/wp-json\/wp\/v2\/media?parent=8527"}],"wp:term":[{"taxonomy":"category","embeddable":true,"href":"https:\/\/diariodeloeste.com\/noticias\/wp-json\/wp\/v2\/categories?post=8527"},{"taxonomy":"post_tag","embeddable":true,"href":"https:\/\/diariodeloeste.com\/noticias\/wp-json\/wp\/v2\/tags?post=8527"}],"curies":[{"name":"wp","href":"https:\/\/api.w.org\/{rel}","templated":true}]}}