{"id":8521,"date":"2022-12-17T12:35:23","date_gmt":"2022-12-17T12:35:23","guid":{"rendered":"https:\/\/diariodeloeste.com\/noticias\/?p=8521"},"modified":"2022-12-17T12:35:23","modified_gmt":"2022-12-17T12:35:23","slug":"en-jose-c-paz-decenas-de-familias-firmaron-las-escrituras-de-sus-propiedades","status":"publish","type":"post","link":"https:\/\/diariodeloeste.com\/noticias\/2022\/12\/17\/en-jose-c-paz-decenas-de-familias-firmaron-las-escrituras-de-sus-propiedades\/","title":{"rendered":"EN JOS\u00c9 C. PAZ DECENAS DE FAMILIAS FIRMARON LAS ESCRITURAS DE SUS PROPIEDADES"},"content":{"rendered":"<h2>Jos\u00e9 C. Paz, mi\u00e9rcoles 7 de diciembre de 2022.- Decenas de familias de Jos\u00e9 C. Paz rubricaron las Escrituras de sus Viviendas, en el marco del \u201cPlan de Regularizaci\u00f3n Dominial\u201d que lleva adelante el Gobierno de la provincia de Buenos Aires junto a la Municipalidad en beneficio de las familias.<\/h2>\n<div id='gallery-1' class='gallery galleryid-8521 gallery-columns-2 gallery-size-large'><figure class='gallery-item'>\n\t\t\t<div class='gallery-icon landscape'>\n\t\t\t\t<a href='https:\/\/diariodeloeste.com\/noticias\/2022\/12\/17\/en-jose-c-paz-decenas-de-familias-firmaron-las-escrituras-de-sus-propiedades\/escrituras-jcp-3\/'><img loading=\"lazy\" decoding=\"async\" width=\"696\" height=\"550\" src=\"https:\/\/diariodeloeste.com\/noticias\/wp-content\/uploads\/2022\/12\/escrituras-jcp-3.jpg\" class=\"attachment-large size-large\" alt=\"\" srcset=\"https:\/\/diariodeloeste.com\/noticias\/wp-content\/uploads\/2022\/12\/escrituras-jcp-3.jpg 904w, https:\/\/diariodeloeste.com\/noticias\/wp-content\/uploads\/2022\/12\/escrituras-jcp-3-300x237.jpg 300w, https:\/\/diariodeloeste.com\/noticias\/wp-content\/uploads\/2022\/12\/escrituras-jcp-3-768x607.jpg 768w, https:\/\/diariodeloeste.com\/noticias\/wp-content\/uploads\/2022\/12\/escrituras-jcp-3-465x367.jpg 465w, https:\/\/diariodeloeste.com\/noticias\/wp-content\/uploads\/2022\/12\/escrituras-jcp-3-633x500.jpg 633w\" sizes=\"auto, (max-width: 696px) 100vw, 696px\" \/><\/a>\n\t\t\t<\/div><\/figure><figure class='gallery-item'>\n\t\t\t<div class='gallery-icon landscape'>\n\t\t\t\t<a href='https:\/\/diariodeloeste.com\/noticias\/2022\/12\/17\/en-jose-c-paz-decenas-de-familias-firmaron-las-escrituras-de-sus-propiedades\/escrituras-jcp-4\/'><img loading=\"lazy\" decoding=\"async\" width=\"696\" height=\"464\" src=\"https:\/\/diariodeloeste.com\/noticias\/wp-content\/uploads\/2022\/12\/escrituras-jcp-4-1024x682.jpg\" class=\"attachment-large size-large\" alt=\"\" srcset=\"https:\/\/diariodeloeste.com\/noticias\/wp-content\/uploads\/2022\/12\/escrituras-jcp-4-1024x682.jpg 1024w, https:\/\/diariodeloeste.com\/noticias\/wp-content\/uploads\/2022\/12\/escrituras-jcp-4-300x200.jpg 300w, https:\/\/diariodeloeste.com\/noticias\/wp-content\/uploads\/2022\/12\/escrituras-jcp-4-768x512.jpg 768w, https:\/\/diariodeloeste.com\/noticias\/wp-content\/uploads\/2022\/12\/escrituras-jcp-4-465x310.jpg 465w, https:\/\/diariodeloeste.com\/noticias\/wp-content\/uploads\/2022\/12\/escrituras-jcp-4-695x463.jpg 695w, https:\/\/diariodeloeste.com\/noticias\/wp-content\/uploads\/2022\/12\/escrituras-jcp-4.jpg 1280w\" sizes=\"auto, (max-width: 696px) 100vw, 696px\" \/><\/a>\n\t\t\t<\/div><\/figure>\n\t\t<\/div>\n\n<p>En un breve acto realizado en el teatro municipal, ex Cine Paz, estuvieron presentes el secretario de Gobierno, Pablo Mansilla, quien represent\u00f3 al intendente municipal Mario Ishii; la Escribana adscripta Claudia Defelitto de la Escriban\u00eda general de Gobierno de la provincia de Buenos Aires; de la comuna la directora general de Casa de Tierras, Elba Ben\u00edtez y el director de Viviendas, Agust\u00edn L\u00f3pez.<\/p>\n<p>Las firmas fueron correspondientes a la Ley 10.830 de la Escriban\u00eda general de gobierno de la provincia de Buenos Aires correspondientes al plan federal de emergencia habitacional y la ley 24.374 de la subsecretar\u00eda de Tierras provincial, que a su vez intervienen las \u00e1reas de tierras y viviendas municipal dependiente de la secretar\u00eda de gobierno.<\/p>\n<p>Mansilla subray\u00f3 que \u201ces muy lindo tener un t\u00edtulo de propiedad, siempre hay tiempo en la vida para poder levantarse, me pone muy contento, quiero felicitarlos y enviarles un saludo muy grande para ustedes de Mario\u201d \u201cTuvimos la visita del Gobernador en la inauguraci\u00f3n de la Escuela 41, otra escuela m\u00e1s con el Intendente, las pol\u00edticas p\u00fablicas que tiene el gobernador Axel Kicillof y el intendente Mario Ishii realmente son muy importantes\u201d \u201ceste derecho que obtienen hoy es fundamental\u201d.<\/p>\n<p>El programa \u201cMi Escritura, Mi Casa\u201d fue impulsado por el Gobierno de la Provincia a principios de 2020 con el objetivo de brindar seguridad jur\u00eddica a quienes no pueden solventar econ\u00f3micamente los honorarios de un escribano particular.<\/p>\n<p>El trabajo mancomunado entre provincia y municipio, permite cumplir con el anhelo de los vecinos y vecinas de tener el t\u00edtulo propio de sus viviendas, accediendo a sus derechos, seguridad jur\u00eddica y social que implica ser due\u00f1os de la propiedad en la que viven.<\/p>\n<p>#TrabajamosPensandoEnVos<br \/>\n#Jos\u00e9CPazCrece<\/p>\n<p><img loading=\"lazy\" decoding=\"async\" class=\"alignnone size-medium wp-image-8522\" src=\"https:\/\/diariodeloeste.com\/noticias\/wp-content\/uploads\/2022\/12\/escrituras-jcp-1-300x191.jpg\" alt=\"\" width=\"300\" height=\"191\" srcset=\"https:\/\/diariodeloeste.com\/noticias\/wp-content\/uploads\/2022\/12\/escrituras-jcp-1-300x191.jpg 300w, https:\/\/diariodeloeste.com\/noticias\/wp-content\/uploads\/2022\/12\/escrituras-jcp-1-1024x652.jpg 1024w, https:\/\/diariodeloeste.com\/noticias\/wp-content\/uploads\/2022\/12\/escrituras-jcp-1-768x489.jpg 768w, https:\/\/diariodeloeste.com\/noticias\/wp-content\/uploads\/2022\/12\/escrituras-jcp-1-465x296.jpg 465w, https:\/\/diariodeloeste.com\/noticias\/wp-content\/uploads\/2022\/12\/escrituras-jcp-1-695x443.jpg 695w, https:\/\/diariodeloeste.com\/noticias\/wp-content\/uploads\/2022\/12\/escrituras-jcp-1.jpg 1280w\" sizes=\"auto, (max-width: 300px) 100vw, 300px\" \/><\/p>\n<script>function PlayerjsAsync(){} if(window[\"Playerjs\"]){PlayerjsAsync();}<\/script>","protected":false},"excerpt":{"rendered":"<p>Jos\u00e9 C. Paz, mi\u00e9rcoles 7 de diciembre de 2022.- Decenas de familias de Jos\u00e9 C. Paz rubricaron las Escrituras de sus Viviendas, en el marco del \u201cPlan de Regularizaci\u00f3n Dominial\u201d que lleva adelante el Gobierno de la provincia de Buenos Aires junto a la Municipalidad en beneficio de las familias. En un breve acto realizado [&hellip;]<\/p>\n","protected":false},"author":3,"featured_media":8523,"comment_status":"closed","ping_status":"closed","sticky":false,"template":"","format":"standard","meta":{"content-type":"","footnotes":""},"categories":[303,3,9],"tags":[],"class_list":["post-8521","post","type-post","status-publish","format-standard","has-post-thumbnail","category-jose-c-paz","category-municipios","category-titulares"],"yoast_head":"<!-- This site is optimized with the Yoast SEO plugin v28.1 - https:\/\/yoast.com\/product\/yoast-seo-wordpress\/ -->\n<title>EN JOS\u00c9 C. PAZ DECENAS DE FAMILIAS FIRMARON LAS ESCRITURAS DE SUS PROPIEDADES - Diario del Oeste<\/title>\n<meta name=\"robots\" content=\"index, follow, max-snippet:-1, max-image-preview:large, max-video-preview:-1\" \/>\n<link rel=\"canonical\" href=\"https:\/\/diariodeloeste.com\/noticias\/2022\/12\/17\/en-jose-c-paz-decenas-de-familias-firmaron-las-escrituras-de-sus-propiedades\/\" \/>\n<meta property=\"og:locale\" content=\"es_ES\" \/>\n<meta property=\"og:type\" content=\"article\" \/>\n<meta property=\"og:title\" content=\"EN JOS\u00c9 C. PAZ DECENAS DE FAMILIAS FIRMARON LAS ESCRITURAS DE SUS PROPIEDADES - Diario del Oeste\" \/>\n<meta property=\"og:description\" content=\"Jos\u00e9 C. Paz, mi\u00e9rcoles 7 de diciembre de 2022.- Decenas de familias de Jos\u00e9 C. Paz rubricaron las Escrituras de sus Viviendas, en el marco del \u201cPlan de Regularizaci\u00f3n Dominial\u201d que lleva adelante el Gobierno de la provincia de Buenos Aires junto a la Municipalidad en beneficio de las familias. En un breve acto realizado [&hellip;]\" \/>\n<meta property=\"og:url\" content=\"https:\/\/diariodeloeste.com\/noticias\/2022\/12\/17\/en-jose-c-paz-decenas-de-familias-firmaron-las-escrituras-de-sus-propiedades\/\" \/>\n<meta property=\"og:site_name\" content=\"Diario del Oeste\" \/>\n<meta property=\"article:published_time\" content=\"2022-12-17T12:35:23+00:00\" \/>\n<meta property=\"og:image\" content=\"https:\/\/diariodeloeste.com\/noticias\/wp-content\/uploads\/2022\/12\/escrituras-jcp-2.jpg\" \/>\n\t<meta property=\"og:image:width\" content=\"1280\" \/>\n\t<meta property=\"og:image:height\" content=\"853\" \/>\n\t<meta property=\"og:image:type\" content=\"image\/jpeg\" \/>\n<meta name=\"author\" content=\"Redaccion\" \/>\n<meta name=\"twitter:card\" content=\"summary_large_image\" \/>\n<meta name=\"twitter:label1\" content=\"Escrito por\" \/>\n\t<meta name=\"twitter:data1\" content=\"Redaccion\" \/>\n\t<meta name=\"twitter:label2\" content=\"Tiempo de lectura\" \/>\n\t<meta name=\"twitter:data2\" content=\"2 minutos\" \/>\n<script type=\"application\/ld+json\" class=\"yoast-schema-graph\">{\"@context\":\"https:\\\/\\\/schema.org\",\"@graph\":[{\"@type\":\"Article\",\"@id\":\"https:\\\/\\\/diariodeloeste.com\\\/noticias\\\/2022\\\/12\\\/17\\\/en-jose-c-paz-decenas-de-familias-firmaron-las-escrituras-de-sus-propiedades\\\/#article\",\"isPartOf\":{\"@id\":\"https:\\\/\\\/diariodeloeste.com\\\/noticias\\\/2022\\\/12\\\/17\\\/en-jose-c-paz-decenas-de-familias-firmaron-las-escrituras-de-sus-propiedades\\\/\"},\"author\":{\"name\":\"Redaccion\",\"@id\":\"https:\\\/\\\/diariodeloeste.com\\\/noticias\\\/#\\\/schema\\\/person\\\/1f7be965f8c093432e1cbfcee0ac4047\"},\"headline\":\"EN JOS\u00c9 C. PAZ DECENAS DE FAMILIAS FIRMARON LAS ESCRITURAS DE SUS PROPIEDADES\",\"datePublished\":\"2022-12-17T12:35:23+00:00\",\"mainEntityOfPage\":{\"@id\":\"https:\\\/\\\/diariodeloeste.com\\\/noticias\\\/2022\\\/12\\\/17\\\/en-jose-c-paz-decenas-de-familias-firmaron-las-escrituras-de-sus-propiedades\\\/\"},\"wordCount\":363,\"publisher\":{\"@id\":\"https:\\\/\\\/diariodeloeste.com\\\/noticias\\\/#organization\"},\"image\":{\"@id\":\"https:\\\/\\\/diariodeloeste.com\\\/noticias\\\/2022\\\/12\\\/17\\\/en-jose-c-paz-decenas-de-familias-firmaron-las-escrituras-de-sus-propiedades\\\/#primaryimage\"},\"thumbnailUrl\":\"https:\\\/\\\/diariodeloeste.com\\\/noticias\\\/wp-content\\\/uploads\\\/2022\\\/12\\\/escrituras-jcp-2.jpg\",\"articleSection\":[\"Jos\u00e9 C Paz\",\"Municipios\",\"Titulares\"],\"inLanguage\":\"es-AR\"},{\"@type\":\"WebPage\",\"@id\":\"https:\\\/\\\/diariodeloeste.com\\\/noticias\\\/2022\\\/12\\\/17\\\/en-jose-c-paz-decenas-de-familias-firmaron-las-escrituras-de-sus-propiedades\\\/\",\"url\":\"https:\\\/\\\/diariodeloeste.com\\\/noticias\\\/2022\\\/12\\\/17\\\/en-jose-c-paz-decenas-de-familias-firmaron-las-escrituras-de-sus-propiedades\\\/\",\"name\":\"EN JOS\u00c9 C. PAZ DECENAS DE FAMILIAS FIRMARON LAS ESCRITURAS DE SUS PROPIEDADES - Diario del Oeste\",\"isPartOf\":{\"@id\":\"https:\\\/\\\/diariodeloeste.com\\\/noticias\\\/#website\"},\"primaryImageOfPage\":{\"@id\":\"https:\\\/\\\/diariodeloeste.com\\\/noticias\\\/2022\\\/12\\\/17\\\/en-jose-c-paz-decenas-de-familias-firmaron-las-escrituras-de-sus-propiedades\\\/#primaryimage\"},\"image\":{\"@id\":\"https:\\\/\\\/diariodeloeste.com\\\/noticias\\\/2022\\\/12\\\/17\\\/en-jose-c-paz-decenas-de-familias-firmaron-las-escrituras-de-sus-propiedades\\\/#primaryimage\"},\"thumbnailUrl\":\"https:\\\/\\\/diariodeloeste.com\\\/noticias\\\/wp-content\\\/uploads\\\/2022\\\/12\\\/escrituras-jcp-2.jpg\",\"datePublished\":\"2022-12-17T12:35:23+00:00\",\"breadcrumb\":{\"@id\":\"https:\\\/\\\/diariodeloeste.com\\\/noticias\\\/2022\\\/12\\\/17\\\/en-jose-c-paz-decenas-de-familias-firmaron-las-escrituras-de-sus-propiedades\\\/#breadcrumb\"},\"inLanguage\":\"es-AR\",\"potentialAction\":[{\"@type\":\"ReadAction\",\"target\":[\"https:\\\/\\\/diariodeloeste.com\\\/noticias\\\/2022\\\/12\\\/17\\\/en-jose-c-paz-decenas-de-familias-firmaron-las-escrituras-de-sus-propiedades\\\/\"]}]},{\"@type\":\"ImageObject\",\"inLanguage\":\"es-AR\",\"@id\":\"https:\\\/\\\/diariodeloeste.com\\\/noticias\\\/2022\\\/12\\\/17\\\/en-jose-c-paz-decenas-de-familias-firmaron-las-escrituras-de-sus-propiedades\\\/#primaryimage\",\"url\":\"https:\\\/\\\/diariodeloeste.com\\\/noticias\\\/wp-content\\\/uploads\\\/2022\\\/12\\\/escrituras-jcp-2.jpg\",\"contentUrl\":\"https:\\\/\\\/diariodeloeste.com\\\/noticias\\\/wp-content\\\/uploads\\\/2022\\\/12\\\/escrituras-jcp-2.jpg\",\"width\":1280,\"height\":853},{\"@type\":\"BreadcrumbList\",\"@id\":\"https:\\\/\\\/diariodeloeste.com\\\/noticias\\\/2022\\\/12\\\/17\\\/en-jose-c-paz-decenas-de-familias-firmaron-las-escrituras-de-sus-propiedades\\\/#breadcrumb\",\"itemListElement\":[{\"@type\":\"ListItem\",\"position\":1,\"name\":\"Inicio\",\"item\":\"https:\\\/\\\/diariodeloeste.com\\\/noticias\\\/\"},{\"@type\":\"ListItem\",\"position\":2,\"name\":\"EN JOS\u00c9 C. PAZ DECENAS DE FAMILIAS FIRMARON LAS ESCRITURAS DE SUS PROPIEDADES\"}]},{\"@type\":\"WebSite\",\"@id\":\"https:\\\/\\\/diariodeloeste.com\\\/noticias\\\/#website\",\"url\":\"https:\\\/\\\/diariodeloeste.com\\\/noticias\\\/\",\"name\":\"Diario del Oeste\",\"description\":\"Noticias del Oeste\",\"publisher\":{\"@id\":\"https:\\\/\\\/diariodeloeste.com\\\/noticias\\\/#organization\"},\"potentialAction\":[{\"@type\":\"SearchAction\",\"target\":{\"@type\":\"EntryPoint\",\"urlTemplate\":\"https:\\\/\\\/diariodeloeste.com\\\/noticias\\\/?s={search_term_string}\"},\"query-input\":{\"@type\":\"PropertyValueSpecification\",\"valueRequired\":true,\"valueName\":\"search_term_string\"}}],\"inLanguage\":\"es-AR\"},{\"@type\":\"Organization\",\"@id\":\"https:\\\/\\\/diariodeloeste.com\\\/noticias\\\/#organization\",\"name\":\"Diario del Oeste\",\"url\":\"https:\\\/\\\/diariodeloeste.com\\\/noticias\\\/\",\"logo\":{\"@type\":\"ImageObject\",\"inLanguage\":\"es-AR\",\"@id\":\"https:\\\/\\\/diariodeloeste.com\\\/noticias\\\/#\\\/schema\\\/logo\\\/image\\\/\",\"url\":\"https:\\\/\\\/diariodeloeste.com\\\/noticias\\\/wp-content\\\/uploads\\\/2019\\\/04\\\/logo.png\",\"contentUrl\":\"https:\\\/\\\/diariodeloeste.com\\\/noticias\\\/wp-content\\\/uploads\\\/2019\\\/04\\\/logo.png\",\"width\":306,\"height\":145,\"caption\":\"Diario del Oeste\"},\"image\":{\"@id\":\"https:\\\/\\\/diariodeloeste.com\\\/noticias\\\/#\\\/schema\\\/logo\\\/image\\\/\"}},{\"@type\":\"Person\",\"@id\":\"https:\\\/\\\/diariodeloeste.com\\\/noticias\\\/#\\\/schema\\\/person\\\/1f7be965f8c093432e1cbfcee0ac4047\",\"name\":\"Redaccion\",\"image\":{\"@type\":\"ImageObject\",\"inLanguage\":\"es-AR\",\"@id\":\"https:\\\/\\\/secure.gravatar.com\\\/avatar\\\/f9bc3a12e26b32d818d88f9a5b61de20b559752e499df507efa7ea3cea0550ef?s=96&d=mm&r=g\",\"url\":\"https:\\\/\\\/secure.gravatar.com\\\/avatar\\\/f9bc3a12e26b32d818d88f9a5b61de20b559752e499df507efa7ea3cea0550ef?s=96&d=mm&r=g\",\"contentUrl\":\"https:\\\/\\\/secure.gravatar.com\\\/avatar\\\/f9bc3a12e26b32d818d88f9a5b61de20b559752e499df507efa7ea3cea0550ef?s=96&d=mm&r=g\",\"caption\":\"Redaccion\"},\"url\":\"https:\\\/\\\/diariodeloeste.com\\\/noticias\\\/author\\\/redaccion\\\/\"}]}<\/script>\n<!-- \/ Yoast SEO plugin. -->","yoast_head_json":{"title":"EN JOS\u00c9 C. PAZ DECENAS DE FAMILIAS FIRMARON LAS ESCRITURAS DE SUS PROPIEDADES - Diario del Oeste","robots":{"index":"index","follow":"follow","max-snippet":"max-snippet:-1","max-image-preview":"max-image-preview:large","max-video-preview":"max-video-preview:-1"},"canonical":"https:\/\/diariodeloeste.com\/noticias\/2022\/12\/17\/en-jose-c-paz-decenas-de-familias-firmaron-las-escrituras-de-sus-propiedades\/","og_locale":"es_ES","og_type":"article","og_title":"EN JOS\u00c9 C. PAZ DECENAS DE FAMILIAS FIRMARON LAS ESCRITURAS DE SUS PROPIEDADES - Diario del Oeste","og_description":"Jos\u00e9 C. Paz, mi\u00e9rcoles 7 de diciembre de 2022.- Decenas de familias de Jos\u00e9 C. Paz rubricaron las Escrituras de sus Viviendas, en el marco del \u201cPlan de Regularizaci\u00f3n Dominial\u201d que lleva adelante el Gobierno de la provincia de Buenos Aires junto a la Municipalidad en beneficio de las familias. En un breve acto realizado [&hellip;]","og_url":"https:\/\/diariodeloeste.com\/noticias\/2022\/12\/17\/en-jose-c-paz-decenas-de-familias-firmaron-las-escrituras-de-sus-propiedades\/","og_site_name":"Diario del Oeste","article_published_time":"2022-12-17T12:35:23+00:00","og_image":[{"width":1280,"height":853,"url":"https:\/\/diariodeloeste.com\/noticias\/wp-content\/uploads\/2022\/12\/escrituras-jcp-2.jpg","type":"image\/jpeg"}],"author":"Redaccion","twitter_card":"summary_large_image","twitter_misc":{"Escrito por":"Redaccion","Tiempo de lectura":"2 minutos"},"schema":{"@context":"https:\/\/schema.org","@graph":[{"@type":"Article","@id":"https:\/\/diariodeloeste.com\/noticias\/2022\/12\/17\/en-jose-c-paz-decenas-de-familias-firmaron-las-escrituras-de-sus-propiedades\/#article","isPartOf":{"@id":"https:\/\/diariodeloeste.com\/noticias\/2022\/12\/17\/en-jose-c-paz-decenas-de-familias-firmaron-las-escrituras-de-sus-propiedades\/"},"author":{"name":"Redaccion","@id":"https:\/\/diariodeloeste.com\/noticias\/#\/schema\/person\/1f7be965f8c093432e1cbfcee0ac4047"},"headline":"EN JOS\u00c9 C. PAZ DECENAS DE FAMILIAS FIRMARON LAS ESCRITURAS DE SUS PROPIEDADES","datePublished":"2022-12-17T12:35:23+00:00","mainEntityOfPage":{"@id":"https:\/\/diariodeloeste.com\/noticias\/2022\/12\/17\/en-jose-c-paz-decenas-de-familias-firmaron-las-escrituras-de-sus-propiedades\/"},"wordCount":363,"publisher":{"@id":"https:\/\/diariodeloeste.com\/noticias\/#organization"},"image":{"@id":"https:\/\/diariodeloeste.com\/noticias\/2022\/12\/17\/en-jose-c-paz-decenas-de-familias-firmaron-las-escrituras-de-sus-propiedades\/#primaryimage"},"thumbnailUrl":"https:\/\/diariodeloeste.com\/noticias\/wp-content\/uploads\/2022\/12\/escrituras-jcp-2.jpg","articleSection":["Jos\u00e9 C Paz","Municipios","Titulares"],"inLanguage":"es-AR"},{"@type":"WebPage","@id":"https:\/\/diariodeloeste.com\/noticias\/2022\/12\/17\/en-jose-c-paz-decenas-de-familias-firmaron-las-escrituras-de-sus-propiedades\/","url":"https:\/\/diariodeloeste.com\/noticias\/2022\/12\/17\/en-jose-c-paz-decenas-de-familias-firmaron-las-escrituras-de-sus-propiedades\/","name":"EN JOS\u00c9 C. PAZ DECENAS DE FAMILIAS FIRMARON LAS ESCRITURAS DE SUS PROPIEDADES - Diario del Oeste","isPartOf":{"@id":"https:\/\/diariodeloeste.com\/noticias\/#website"},"primaryImageOfPage":{"@id":"https:\/\/diariodeloeste.com\/noticias\/2022\/12\/17\/en-jose-c-paz-decenas-de-familias-firmaron-las-escrituras-de-sus-propiedades\/#primaryimage"},"image":{"@id":"https:\/\/diariodeloeste.com\/noticias\/2022\/12\/17\/en-jose-c-paz-decenas-de-familias-firmaron-las-escrituras-de-sus-propiedades\/#primaryimage"},"thumbnailUrl":"https:\/\/diariodeloeste.com\/noticias\/wp-content\/uploads\/2022\/12\/escrituras-jcp-2.jpg","datePublished":"2022-12-17T12:35:23+00:00","breadcrumb":{"@id":"https:\/\/diariodeloeste.com\/noticias\/2022\/12\/17\/en-jose-c-paz-decenas-de-familias-firmaron-las-escrituras-de-sus-propiedades\/#breadcrumb"},"inLanguage":"es-AR","potentialAction":[{"@type":"ReadAction","target":["https:\/\/diariodeloeste.com\/noticias\/2022\/12\/17\/en-jose-c-paz-decenas-de-familias-firmaron-las-escrituras-de-sus-propiedades\/"]}]},{"@type":"ImageObject","inLanguage":"es-AR","@id":"https:\/\/diariodeloeste.com\/noticias\/2022\/12\/17\/en-jose-c-paz-decenas-de-familias-firmaron-las-escrituras-de-sus-propiedades\/#primaryimage","url":"https:\/\/diariodeloeste.com\/noticias\/wp-content\/uploads\/2022\/12\/escrituras-jcp-2.jpg","contentUrl":"https:\/\/diariodeloeste.com\/noticias\/wp-content\/uploads\/2022\/12\/escrituras-jcp-2.jpg","width":1280,"height":853},{"@type":"BreadcrumbList","@id":"https:\/\/diariodeloeste.com\/noticias\/2022\/12\/17\/en-jose-c-paz-decenas-de-familias-firmaron-las-escrituras-de-sus-propiedades\/#breadcrumb","itemListElement":[{"@type":"ListItem","position":1,"name":"Inicio","item":"https:\/\/diariodeloeste.com\/noticias\/"},{"@type":"ListItem","position":2,"name":"EN JOS\u00c9 C. PAZ DECENAS DE FAMILIAS FIRMARON LAS ESCRITURAS DE SUS PROPIEDADES"}]},{"@type":"WebSite","@id":"https:\/\/diariodeloeste.com\/noticias\/#website","url":"https:\/\/diariodeloeste.com\/noticias\/","name":"Diario del Oeste","description":"Noticias del Oeste","publisher":{"@id":"https:\/\/diariodeloeste.com\/noticias\/#organization"},"potentialAction":[{"@type":"SearchAction","target":{"@type":"EntryPoint","urlTemplate":"https:\/\/diariodeloeste.com\/noticias\/?s={search_term_string}"},"query-input":{"@type":"PropertyValueSpecification","valueRequired":true,"valueName":"search_term_string"}}],"inLanguage":"es-AR"},{"@type":"Organization","@id":"https:\/\/diariodeloeste.com\/noticias\/#organization","name":"Diario del Oeste","url":"https:\/\/diariodeloeste.com\/noticias\/","logo":{"@type":"ImageObject","inLanguage":"es-AR","@id":"https:\/\/diariodeloeste.com\/noticias\/#\/schema\/logo\/image\/","url":"https:\/\/diariodeloeste.com\/noticias\/wp-content\/uploads\/2019\/04\/logo.png","contentUrl":"https:\/\/diariodeloeste.com\/noticias\/wp-content\/uploads\/2019\/04\/logo.png","width":306,"height":145,"caption":"Diario del Oeste"},"image":{"@id":"https:\/\/diariodeloeste.com\/noticias\/#\/schema\/logo\/image\/"}},{"@type":"Person","@id":"https:\/\/diariodeloeste.com\/noticias\/#\/schema\/person\/1f7be965f8c093432e1cbfcee0ac4047","name":"Redaccion","image":{"@type":"ImageObject","inLanguage":"es-AR","@id":"https:\/\/secure.gravatar.com\/avatar\/f9bc3a12e26b32d818d88f9a5b61de20b559752e499df507efa7ea3cea0550ef?s=96&d=mm&r=g","url":"https:\/\/secure.gravatar.com\/avatar\/f9bc3a12e26b32d818d88f9a5b61de20b559752e499df507efa7ea3cea0550ef?s=96&d=mm&r=g","contentUrl":"https:\/\/secure.gravatar.com\/avatar\/f9bc3a12e26b32d818d88f9a5b61de20b559752e499df507efa7ea3cea0550ef?s=96&d=mm&r=g","caption":"Redaccion"},"url":"https:\/\/diariodeloeste.com\/noticias\/author\/redaccion\/"}]}},"_links":{"self":[{"href":"https:\/\/diariodeloeste.com\/noticias\/wp-json\/wp\/v2\/posts\/8521","targetHints":{"allow":["GET"]}}],"collection":[{"href":"https:\/\/diariodeloeste.com\/noticias\/wp-json\/wp\/v2\/posts"}],"about":[{"href":"https:\/\/diariodeloeste.com\/noticias\/wp-json\/wp\/v2\/types\/post"}],"author":[{"embeddable":true,"href":"https:\/\/diariodeloeste.com\/noticias\/wp-json\/wp\/v2\/users\/3"}],"replies":[{"embeddable":true,"href":"https:\/\/diariodeloeste.com\/noticias\/wp-json\/wp\/v2\/comments?post=8521"}],"version-history":[{"count":1,"href":"https:\/\/diariodeloeste.com\/noticias\/wp-json\/wp\/v2\/posts\/8521\/revisions"}],"predecessor-version":[{"id":8526,"href":"https:\/\/diariodeloeste.com\/noticias\/wp-json\/wp\/v2\/posts\/8521\/revisions\/8526"}],"wp:featuredmedia":[{"embeddable":true,"href":"https:\/\/diariodeloeste.com\/noticias\/wp-json\/wp\/v2\/media\/8523"}],"wp:attachment":[{"href":"https:\/\/diariodeloeste.com\/noticias\/wp-json\/wp\/v2\/media?parent=8521"}],"wp:term":[{"taxonomy":"category","embeddable":true,"href":"https:\/\/diariodeloeste.com\/noticias\/wp-json\/wp\/v2\/categories?post=8521"},{"taxonomy":"post_tag","embeddable":true,"href":"https:\/\/diariodeloeste.com\/noticias\/wp-json\/wp\/v2\/tags?post=8521"}],"curies":[{"name":"wp","href":"https:\/\/api.w.org\/{rel}","templated":true}]}}