{"id":8504,"date":"2022-12-07T23:07:20","date_gmt":"2022-12-07T23:07:20","guid":{"rendered":"https:\/\/diariodeloeste.com\/noticias\/?p=8504"},"modified":"2022-12-07T23:07:20","modified_gmt":"2022-12-07T23:07:20","slug":"noe-correa-leo-nardini-y-vecinos-de-grand-bourg-inauguraron-la-segunda-etapa-del-corredor-hooke-con-una-caminata-saludable","status":"publish","type":"post","link":"https:\/\/diariodeloeste.com\/noticias\/2022\/12\/07\/noe-correa-leo-nardini-y-vecinos-de-grand-bourg-inauguraron-la-segunda-etapa-del-corredor-hooke-con-una-caminata-saludable\/","title":{"rendered":"Noe Correa, Leo Nardini, y vecinos de Grand Bourg, inauguraron la segunda etapa del \u201cCorredor Hooke\u201d con una caminata saludable"},"content":{"rendered":"<div dir=\"ltr\">\n<div>\n<p><b><i>El nuevo espacio incluye: una senda a cada lado del arroyo, sectores de descanso, equipamiento para realizar ejercicio y espacios parquizados. Dicha obra beneficia a los vecinos del barrio \u201cEl Primaveral\u201d, pero tambi\u00e9n a los malvinenses que utilizan el acceso a diario.<\/i><\/b>&nbsp;<\/p>\n<div id='gallery-1' class='gallery galleryid-8504 gallery-columns-2 gallery-size-large'><figure class='gallery-item'>\n\t\t\t<div class='gallery-icon landscape'>\n\t\t\t\t<a href='https:\/\/diariodeloeste.com\/noticias\/2022\/12\/07\/noe-correa-leo-nardini-y-vecinos-de-grand-bourg-inauguraron-la-segunda-etapa-del-corredor-hooke-con-una-caminata-saludable\/img-20221203-wa0368\/'><img loading=\"lazy\" loading=\"lazy\" decoding=\"async\" width=\"1024\" height=\"683\" src=\"https:\/\/diariodeloeste.com\/noticias\/wp-content\/uploads\/2022\/12\/IMG-20221203-WA0368-1024x683.jpg\" class=\"attachment-large size-large\" alt=\"\" \/><\/a>\n\t\t\t<\/div><\/figure><figure class='gallery-item'>\n\t\t\t<div class='gallery-icon landscape'>\n\t\t\t\t<a href='https:\/\/diariodeloeste.com\/noticias\/2022\/12\/07\/noe-correa-leo-nardini-y-vecinos-de-grand-bourg-inauguraron-la-segunda-etapa-del-corredor-hooke-con-una-caminata-saludable\/img-20221203-wa0370\/'><img loading=\"lazy\" loading=\"lazy\" decoding=\"async\" width=\"1024\" height=\"683\" src=\"https:\/\/diariodeloeste.com\/noticias\/wp-content\/uploads\/2022\/12\/IMG-20221203-WA0370-1024x683.jpg\" class=\"attachment-large size-large\" alt=\"\" \/><\/a>\n\t\t\t<\/div><\/figure>\n\t\t<\/div>\n\n<p><b><i>Ciudad de Grand Bourg, 6 de diciembre de 2022 &#8211;&nbsp;<\/i><\/b>La intendenta interina de Malvinas Argentinas, Noe Correa, y el ministro de Infraestructura y Servicios P\u00fablicos bonaerense, Leo Nardini, inauguraron la segunda etapa del Corredor Hooke, en la ciudad de Grand Bourg, con una caminata saludable. El mismo se encuentra ubicado en la calle Hooke, entre Guayaquil y Olivos.&nbsp;<\/p>\n<p>&nbsp;<\/p>\n<p>\u201cEstamos muy contentos de continuar inaugurando espacios verdes para que los vecinos y vecinas tengan lugares m\u00e1s lindos, m\u00e1s limpios, donde puedan tambi\u00e9n practicar deporte\u201d, dijo Noe Correa. \u201cEs un gran progreso para el barrio \u2018El Primaveral\u2019. Nos encontramos en el l\u00edmite entre Grand Bourg e Ing. Pablo Nogu\u00e9s, y hoy con los vecinos estamos realizando una jornada deportiva con una caminata\u201d, detall\u00f3 la jefa comunal.&nbsp;&nbsp;<\/p>\n<p>&nbsp;<\/p>\n<p>La obra del Corredor Hooke, segunda etapa, fue realizada con fondos municipales. La construcci\u00f3n del parque lineal en los m\u00e1rgenes del arroyo cuenta con equipamiento para hacer ejercicio y sectores de descanso. Desde lo ambiental, se eliminaron posibles lugares de acumulaci\u00f3n de residuos, y se incluyeron sectores parquizados.&nbsp;&nbsp;<\/p>\n<p>&nbsp;<\/p>\n<p>Leo Nardini anticip\u00f3 que se va a seguir trabajando en \u201cmarcar el sendero y la canalizaci\u00f3n del arroyo\u201d. Luego, coment\u00f3: \u201cEl Corredor Hooke genera para los vecinos la posibilidad de realizar actividades aer\u00f3bicas, pero tambi\u00e9n, los puentes peatonales sobre el arroyo y los puentes vehiculares forman parte del avance. Se trata de darle un valor agregado a todo, en este caso, que la gente pueda hacer vida saludable, lo que es parte de la premisa del gobierno de Malvinas Argentinas\u201d.&nbsp;&nbsp;<\/p>\n<p>&nbsp;<\/p>\n<p>Al concluir la caminata que dio por inaugurado el nuevo corredor, Noe Correa, expres\u00f3: \u201cMalvinas Argentinas est\u00e1 cada vez est\u00e1 mucho m\u00e1s bonita, venimos avanzando a pasos agigantados, y la alegr\u00eda de los vecinos al ver como progresa el lugar en donde viven, nos contagia por completo\u201d.&nbsp;&nbsp;<\/p>\n<p><img loading=\"lazy\" loading=\"lazy\" decoding=\"async\" class=\"alignnone wp-image-8508 size-large\" src=\"https:\/\/diariodeloeste.com\/noticias\/wp-content\/uploads\/2022\/12\/IMG-20221203-WA0436-1024x683.jpg\" alt=\"\" width=\"1024\" height=\"683\" srcset=\"https:\/\/diariodeloeste.com\/noticias\/wp-content\/uploads\/2022\/12\/IMG-20221203-WA0436-1024x683.jpg 1024w, https:\/\/diariodeloeste.com\/noticias\/wp-content\/uploads\/2022\/12\/IMG-20221203-WA0436-300x200.jpg 300w, https:\/\/diariodeloeste.com\/noticias\/wp-content\/uploads\/2022\/12\/IMG-20221203-WA0436-768x512.jpg 768w, https:\/\/diariodeloeste.com\/noticias\/wp-content\/uploads\/2022\/12\/IMG-20221203-WA0436-465x310.jpg 465w, https:\/\/diariodeloeste.com\/noticias\/wp-content\/uploads\/2022\/12\/IMG-20221203-WA0436-695x464.jpg 695w, https:\/\/diariodeloeste.com\/noticias\/wp-content\/uploads\/2022\/12\/IMG-20221203-WA0436.jpg 1280w\" sizes=\"auto, (max-width: 1024px) 100vw, 1024px\" \/><\/p>\n<\/div>\n<\/div>\n<div class=\"iX\">&#8230;<\/div>\n<script>function PlayerjsAsync(){} if(window[\"Playerjs\"]){PlayerjsAsync();}<\/script>","protected":false},"excerpt":{"rendered":"<p>El nuevo espacio incluye: una senda a cada lado del arroyo, sectores de descanso, equipamiento para realizar ejercicio y espacios parquizados. Dicha obra beneficia a los vecinos del barrio \u201cEl Primaveral\u201d, pero tambi\u00e9n a los malvinenses que utilizan el acceso a diario.&nbsp; Ciudad de Grand Bourg, 6 de diciembre de 2022 &#8211;&nbsp;La intendenta interina de [&hellip;]<\/p>\n","protected":false},"author":3,"featured_media":8505,"comment_status":"closed","ping_status":"closed","sticky":false,"template":"","format":"standard","meta":{"content-type":"","footnotes":""},"categories":[496,9],"tags":[211,493],"class_list":{"0":"post-8504","1":"post","2":"type-post","3":"status-publish","4":"format-standard","5":"has-post-thumbnail","7":"category-malvinas-argentinas","8":"category-titulares","9":"tag-leo-nardini","10":"tag-noe-correa"},"yoast_head":"<!-- This site is optimized with the Yoast SEO plugin v27.4 - https:\/\/yoast.com\/product\/yoast-seo-wordpress\/ -->\n<title>Noe Correa, Leo Nardini, y vecinos de Grand Bourg, inauguraron la segunda etapa del \u201cCorredor Hooke\u201d con una caminata saludable - Diario del Oeste<\/title>\n<meta name=\"robots\" content=\"index, follow, max-snippet:-1, max-image-preview:large, max-video-preview:-1\" \/>\n<link rel=\"canonical\" href=\"https:\/\/diariodeloeste.com\/noticias\/2022\/12\/07\/noe-correa-leo-nardini-y-vecinos-de-grand-bourg-inauguraron-la-segunda-etapa-del-corredor-hooke-con-una-caminata-saludable\/\" \/>\n<meta property=\"og:locale\" content=\"es_ES\" \/>\n<meta property=\"og:type\" content=\"article\" \/>\n<meta property=\"og:title\" content=\"Noe Correa, Leo Nardini, y vecinos de Grand Bourg, inauguraron la segunda etapa del \u201cCorredor Hooke\u201d con una caminata saludable - Diario del Oeste\" \/>\n<meta property=\"og:description\" content=\"El nuevo espacio incluye: una senda a cada lado del arroyo, sectores de descanso, equipamiento para realizar ejercicio y espacios parquizados. Dicha obra beneficia a los vecinos del barrio \u201cEl Primaveral\u201d, pero tambi\u00e9n a los malvinenses que utilizan el acceso a diario.&nbsp; Ciudad de Grand Bourg, 6 de diciembre de 2022 &#8211;&nbsp;La intendenta interina de [&hellip;]\" \/>\n<meta property=\"og:url\" content=\"https:\/\/diariodeloeste.com\/noticias\/2022\/12\/07\/noe-correa-leo-nardini-y-vecinos-de-grand-bourg-inauguraron-la-segunda-etapa-del-corredor-hooke-con-una-caminata-saludable\/\" \/>\n<meta property=\"og:site_name\" content=\"Diario del Oeste\" \/>\n<meta property=\"article:published_time\" content=\"2022-12-07T23:07:20+00:00\" \/>\n<meta property=\"og:image\" content=\"https:\/\/diariodeloeste.com\/noticias\/wp-content\/uploads\/2022\/12\/IMG-20221203-WA0346.jpg\" \/>\n\t<meta property=\"og:image:width\" content=\"1280\" \/>\n\t<meta property=\"og:image:height\" content=\"854\" \/>\n\t<meta property=\"og:image:type\" content=\"image\/jpeg\" \/>\n<meta name=\"author\" content=\"Redaccion\" \/>\n<meta name=\"twitter:card\" content=\"summary_large_image\" \/>\n<meta name=\"twitter:label1\" content=\"Escrito por\" \/>\n\t<meta name=\"twitter:data1\" content=\"Redaccion\" \/>\n\t<meta name=\"twitter:label2\" content=\"Tiempo de lectura\" \/>\n\t<meta name=\"twitter:data2\" content=\"2 minutos\" \/>\n<script type=\"application\/ld+json\" class=\"yoast-schema-graph\">{\"@context\":\"https:\\\/\\\/schema.org\",\"@graph\":[{\"@type\":\"Article\",\"@id\":\"https:\\\/\\\/diariodeloeste.com\\\/noticias\\\/2022\\\/12\\\/07\\\/noe-correa-leo-nardini-y-vecinos-de-grand-bourg-inauguraron-la-segunda-etapa-del-corredor-hooke-con-una-caminata-saludable\\\/#article\",\"isPartOf\":{\"@id\":\"https:\\\/\\\/diariodeloeste.com\\\/noticias\\\/2022\\\/12\\\/07\\\/noe-correa-leo-nardini-y-vecinos-de-grand-bourg-inauguraron-la-segunda-etapa-del-corredor-hooke-con-una-caminata-saludable\\\/\"},\"author\":{\"name\":\"Redaccion\",\"@id\":\"https:\\\/\\\/diariodeloeste.com\\\/noticias\\\/#\\\/schema\\\/person\\\/1f7be965f8c093432e1cbfcee0ac4047\"},\"headline\":\"Noe Correa, Leo Nardini, y vecinos de Grand Bourg, inauguraron la segunda etapa del \u201cCorredor Hooke\u201d con una caminata saludable\",\"datePublished\":\"2022-12-07T23:07:20+00:00\",\"mainEntityOfPage\":{\"@id\":\"https:\\\/\\\/diariodeloeste.com\\\/noticias\\\/2022\\\/12\\\/07\\\/noe-correa-leo-nardini-y-vecinos-de-grand-bourg-inauguraron-la-segunda-etapa-del-corredor-hooke-con-una-caminata-saludable\\\/\"},\"wordCount\":395,\"publisher\":{\"@id\":\"https:\\\/\\\/diariodeloeste.com\\\/noticias\\\/#organization\"},\"image\":{\"@id\":\"https:\\\/\\\/diariodeloeste.com\\\/noticias\\\/2022\\\/12\\\/07\\\/noe-correa-leo-nardini-y-vecinos-de-grand-bourg-inauguraron-la-segunda-etapa-del-corredor-hooke-con-una-caminata-saludable\\\/#primaryimage\"},\"thumbnailUrl\":\"https:\\\/\\\/diariodeloeste.com\\\/noticias\\\/wp-content\\\/uploads\\\/2022\\\/12\\\/IMG-20221203-WA0346.jpg\",\"keywords\":[\"leo nardini\",\"Noe Correa\"],\"articleSection\":[\"Malvinas Argentinas\",\"Titulares\"],\"inLanguage\":\"es-AR\"},{\"@type\":\"WebPage\",\"@id\":\"https:\\\/\\\/diariodeloeste.com\\\/noticias\\\/2022\\\/12\\\/07\\\/noe-correa-leo-nardini-y-vecinos-de-grand-bourg-inauguraron-la-segunda-etapa-del-corredor-hooke-con-una-caminata-saludable\\\/\",\"url\":\"https:\\\/\\\/diariodeloeste.com\\\/noticias\\\/2022\\\/12\\\/07\\\/noe-correa-leo-nardini-y-vecinos-de-grand-bourg-inauguraron-la-segunda-etapa-del-corredor-hooke-con-una-caminata-saludable\\\/\",\"name\":\"Noe Correa, Leo Nardini, y vecinos de Grand Bourg, inauguraron la segunda etapa del \u201cCorredor Hooke\u201d con una caminata saludable - Diario del Oeste\",\"isPartOf\":{\"@id\":\"https:\\\/\\\/diariodeloeste.com\\\/noticias\\\/#website\"},\"primaryImageOfPage\":{\"@id\":\"https:\\\/\\\/diariodeloeste.com\\\/noticias\\\/2022\\\/12\\\/07\\\/noe-correa-leo-nardini-y-vecinos-de-grand-bourg-inauguraron-la-segunda-etapa-del-corredor-hooke-con-una-caminata-saludable\\\/#primaryimage\"},\"image\":{\"@id\":\"https:\\\/\\\/diariodeloeste.com\\\/noticias\\\/2022\\\/12\\\/07\\\/noe-correa-leo-nardini-y-vecinos-de-grand-bourg-inauguraron-la-segunda-etapa-del-corredor-hooke-con-una-caminata-saludable\\\/#primaryimage\"},\"thumbnailUrl\":\"https:\\\/\\\/diariodeloeste.com\\\/noticias\\\/wp-content\\\/uploads\\\/2022\\\/12\\\/IMG-20221203-WA0346.jpg\",\"datePublished\":\"2022-12-07T23:07:20+00:00\",\"breadcrumb\":{\"@id\":\"https:\\\/\\\/diariodeloeste.com\\\/noticias\\\/2022\\\/12\\\/07\\\/noe-correa-leo-nardini-y-vecinos-de-grand-bourg-inauguraron-la-segunda-etapa-del-corredor-hooke-con-una-caminata-saludable\\\/#breadcrumb\"},\"inLanguage\":\"es-AR\",\"potentialAction\":[{\"@type\":\"ReadAction\",\"target\":[\"https:\\\/\\\/diariodeloeste.com\\\/noticias\\\/2022\\\/12\\\/07\\\/noe-correa-leo-nardini-y-vecinos-de-grand-bourg-inauguraron-la-segunda-etapa-del-corredor-hooke-con-una-caminata-saludable\\\/\"]}]},{\"@type\":\"ImageObject\",\"inLanguage\":\"es-AR\",\"@id\":\"https:\\\/\\\/diariodeloeste.com\\\/noticias\\\/2022\\\/12\\\/07\\\/noe-correa-leo-nardini-y-vecinos-de-grand-bourg-inauguraron-la-segunda-etapa-del-corredor-hooke-con-una-caminata-saludable\\\/#primaryimage\",\"url\":\"https:\\\/\\\/diariodeloeste.com\\\/noticias\\\/wp-content\\\/uploads\\\/2022\\\/12\\\/IMG-20221203-WA0346.jpg\",\"contentUrl\":\"https:\\\/\\\/diariodeloeste.com\\\/noticias\\\/wp-content\\\/uploads\\\/2022\\\/12\\\/IMG-20221203-WA0346.jpg\",\"width\":1280,\"height\":854},{\"@type\":\"BreadcrumbList\",\"@id\":\"https:\\\/\\\/diariodeloeste.com\\\/noticias\\\/2022\\\/12\\\/07\\\/noe-correa-leo-nardini-y-vecinos-de-grand-bourg-inauguraron-la-segunda-etapa-del-corredor-hooke-con-una-caminata-saludable\\\/#breadcrumb\",\"itemListElement\":[{\"@type\":\"ListItem\",\"position\":1,\"name\":\"Inicio\",\"item\":\"https:\\\/\\\/diariodeloeste.com\\\/noticias\\\/\"},{\"@type\":\"ListItem\",\"position\":2,\"name\":\"Noe Correa, Leo Nardini, y vecinos de Grand Bourg, inauguraron la segunda etapa del \u201cCorredor Hooke\u201d con una caminata saludable\"}]},{\"@type\":\"WebSite\",\"@id\":\"https:\\\/\\\/diariodeloeste.com\\\/noticias\\\/#website\",\"url\":\"https:\\\/\\\/diariodeloeste.com\\\/noticias\\\/\",\"name\":\"Diario del Oeste\",\"description\":\"Noticias del Oeste\",\"publisher\":{\"@id\":\"https:\\\/\\\/diariodeloeste.com\\\/noticias\\\/#organization\"},\"potentialAction\":[{\"@type\":\"SearchAction\",\"target\":{\"@type\":\"EntryPoint\",\"urlTemplate\":\"https:\\\/\\\/diariodeloeste.com\\\/noticias\\\/?s={search_term_string}\"},\"query-input\":{\"@type\":\"PropertyValueSpecification\",\"valueRequired\":true,\"valueName\":\"search_term_string\"}}],\"inLanguage\":\"es-AR\"},{\"@type\":\"Organization\",\"@id\":\"https:\\\/\\\/diariodeloeste.com\\\/noticias\\\/#organization\",\"name\":\"Diario del Oeste\",\"url\":\"https:\\\/\\\/diariodeloeste.com\\\/noticias\\\/\",\"logo\":{\"@type\":\"ImageObject\",\"inLanguage\":\"es-AR\",\"@id\":\"https:\\\/\\\/diariodeloeste.com\\\/noticias\\\/#\\\/schema\\\/logo\\\/image\\\/\",\"url\":\"https:\\\/\\\/diariodeloeste.com\\\/noticias\\\/wp-content\\\/uploads\\\/2019\\\/04\\\/logo.png\",\"contentUrl\":\"https:\\\/\\\/diariodeloeste.com\\\/noticias\\\/wp-content\\\/uploads\\\/2019\\\/04\\\/logo.png\",\"width\":306,\"height\":145,\"caption\":\"Diario del Oeste\"},\"image\":{\"@id\":\"https:\\\/\\\/diariodeloeste.com\\\/noticias\\\/#\\\/schema\\\/logo\\\/image\\\/\"}},{\"@type\":\"Person\",\"@id\":\"https:\\\/\\\/diariodeloeste.com\\\/noticias\\\/#\\\/schema\\\/person\\\/1f7be965f8c093432e1cbfcee0ac4047\",\"name\":\"Redaccion\",\"image\":{\"@type\":\"ImageObject\",\"inLanguage\":\"es-AR\",\"@id\":\"https:\\\/\\\/secure.gravatar.com\\\/avatar\\\/f9bc3a12e26b32d818d88f9a5b61de20b559752e499df507efa7ea3cea0550ef?s=96&d=mm&r=g\",\"url\":\"https:\\\/\\\/secure.gravatar.com\\\/avatar\\\/f9bc3a12e26b32d818d88f9a5b61de20b559752e499df507efa7ea3cea0550ef?s=96&d=mm&r=g\",\"contentUrl\":\"https:\\\/\\\/secure.gravatar.com\\\/avatar\\\/f9bc3a12e26b32d818d88f9a5b61de20b559752e499df507efa7ea3cea0550ef?s=96&d=mm&r=g\",\"caption\":\"Redaccion\"},\"url\":\"https:\\\/\\\/diariodeloeste.com\\\/noticias\\\/author\\\/redaccion\\\/\"}]}<\/script>\n<!-- \/ Yoast SEO plugin. -->","yoast_head_json":{"title":"Noe Correa, Leo Nardini, y vecinos de Grand Bourg, inauguraron la segunda etapa del \u201cCorredor Hooke\u201d con una caminata saludable - Diario del Oeste","robots":{"index":"index","follow":"follow","max-snippet":"max-snippet:-1","max-image-preview":"max-image-preview:large","max-video-preview":"max-video-preview:-1"},"canonical":"https:\/\/diariodeloeste.com\/noticias\/2022\/12\/07\/noe-correa-leo-nardini-y-vecinos-de-grand-bourg-inauguraron-la-segunda-etapa-del-corredor-hooke-con-una-caminata-saludable\/","og_locale":"es_ES","og_type":"article","og_title":"Noe Correa, Leo Nardini, y vecinos de Grand Bourg, inauguraron la segunda etapa del \u201cCorredor Hooke\u201d con una caminata saludable - Diario del Oeste","og_description":"El nuevo espacio incluye: una senda a cada lado del arroyo, sectores de descanso, equipamiento para realizar ejercicio y espacios parquizados. Dicha obra beneficia a los vecinos del barrio \u201cEl Primaveral\u201d, pero tambi\u00e9n a los malvinenses que utilizan el acceso a diario.&nbsp; Ciudad de Grand Bourg, 6 de diciembre de 2022 &#8211;&nbsp;La intendenta interina de [&hellip;]","og_url":"https:\/\/diariodeloeste.com\/noticias\/2022\/12\/07\/noe-correa-leo-nardini-y-vecinos-de-grand-bourg-inauguraron-la-segunda-etapa-del-corredor-hooke-con-una-caminata-saludable\/","og_site_name":"Diario del Oeste","article_published_time":"2022-12-07T23:07:20+00:00","og_image":[{"width":1280,"height":854,"url":"https:\/\/diariodeloeste.com\/noticias\/wp-content\/uploads\/2022\/12\/IMG-20221203-WA0346.jpg","type":"image\/jpeg"}],"author":"Redaccion","twitter_card":"summary_large_image","twitter_misc":{"Escrito por":"Redaccion","Tiempo de lectura":"2 minutos"},"schema":{"@context":"https:\/\/schema.org","@graph":[{"@type":"Article","@id":"https:\/\/diariodeloeste.com\/noticias\/2022\/12\/07\/noe-correa-leo-nardini-y-vecinos-de-grand-bourg-inauguraron-la-segunda-etapa-del-corredor-hooke-con-una-caminata-saludable\/#article","isPartOf":{"@id":"https:\/\/diariodeloeste.com\/noticias\/2022\/12\/07\/noe-correa-leo-nardini-y-vecinos-de-grand-bourg-inauguraron-la-segunda-etapa-del-corredor-hooke-con-una-caminata-saludable\/"},"author":{"name":"Redaccion","@id":"https:\/\/diariodeloeste.com\/noticias\/#\/schema\/person\/1f7be965f8c093432e1cbfcee0ac4047"},"headline":"Noe Correa, Leo Nardini, y vecinos de Grand Bourg, inauguraron la segunda etapa del \u201cCorredor Hooke\u201d con una caminata saludable","datePublished":"2022-12-07T23:07:20+00:00","mainEntityOfPage":{"@id":"https:\/\/diariodeloeste.com\/noticias\/2022\/12\/07\/noe-correa-leo-nardini-y-vecinos-de-grand-bourg-inauguraron-la-segunda-etapa-del-corredor-hooke-con-una-caminata-saludable\/"},"wordCount":395,"publisher":{"@id":"https:\/\/diariodeloeste.com\/noticias\/#organization"},"image":{"@id":"https:\/\/diariodeloeste.com\/noticias\/2022\/12\/07\/noe-correa-leo-nardini-y-vecinos-de-grand-bourg-inauguraron-la-segunda-etapa-del-corredor-hooke-con-una-caminata-saludable\/#primaryimage"},"thumbnailUrl":"https:\/\/diariodeloeste.com\/noticias\/wp-content\/uploads\/2022\/12\/IMG-20221203-WA0346.jpg","keywords":["leo nardini","Noe Correa"],"articleSection":["Malvinas Argentinas","Titulares"],"inLanguage":"es-AR"},{"@type":"WebPage","@id":"https:\/\/diariodeloeste.com\/noticias\/2022\/12\/07\/noe-correa-leo-nardini-y-vecinos-de-grand-bourg-inauguraron-la-segunda-etapa-del-corredor-hooke-con-una-caminata-saludable\/","url":"https:\/\/diariodeloeste.com\/noticias\/2022\/12\/07\/noe-correa-leo-nardini-y-vecinos-de-grand-bourg-inauguraron-la-segunda-etapa-del-corredor-hooke-con-una-caminata-saludable\/","name":"Noe Correa, Leo Nardini, y vecinos de Grand Bourg, inauguraron la segunda etapa del \u201cCorredor Hooke\u201d con una caminata saludable - Diario del Oeste","isPartOf":{"@id":"https:\/\/diariodeloeste.com\/noticias\/#website"},"primaryImageOfPage":{"@id":"https:\/\/diariodeloeste.com\/noticias\/2022\/12\/07\/noe-correa-leo-nardini-y-vecinos-de-grand-bourg-inauguraron-la-segunda-etapa-del-corredor-hooke-con-una-caminata-saludable\/#primaryimage"},"image":{"@id":"https:\/\/diariodeloeste.com\/noticias\/2022\/12\/07\/noe-correa-leo-nardini-y-vecinos-de-grand-bourg-inauguraron-la-segunda-etapa-del-corredor-hooke-con-una-caminata-saludable\/#primaryimage"},"thumbnailUrl":"https:\/\/diariodeloeste.com\/noticias\/wp-content\/uploads\/2022\/12\/IMG-20221203-WA0346.jpg","datePublished":"2022-12-07T23:07:20+00:00","breadcrumb":{"@id":"https:\/\/diariodeloeste.com\/noticias\/2022\/12\/07\/noe-correa-leo-nardini-y-vecinos-de-grand-bourg-inauguraron-la-segunda-etapa-del-corredor-hooke-con-una-caminata-saludable\/#breadcrumb"},"inLanguage":"es-AR","potentialAction":[{"@type":"ReadAction","target":["https:\/\/diariodeloeste.com\/noticias\/2022\/12\/07\/noe-correa-leo-nardini-y-vecinos-de-grand-bourg-inauguraron-la-segunda-etapa-del-corredor-hooke-con-una-caminata-saludable\/"]}]},{"@type":"ImageObject","inLanguage":"es-AR","@id":"https:\/\/diariodeloeste.com\/noticias\/2022\/12\/07\/noe-correa-leo-nardini-y-vecinos-de-grand-bourg-inauguraron-la-segunda-etapa-del-corredor-hooke-con-una-caminata-saludable\/#primaryimage","url":"https:\/\/diariodeloeste.com\/noticias\/wp-content\/uploads\/2022\/12\/IMG-20221203-WA0346.jpg","contentUrl":"https:\/\/diariodeloeste.com\/noticias\/wp-content\/uploads\/2022\/12\/IMG-20221203-WA0346.jpg","width":1280,"height":854},{"@type":"BreadcrumbList","@id":"https:\/\/diariodeloeste.com\/noticias\/2022\/12\/07\/noe-correa-leo-nardini-y-vecinos-de-grand-bourg-inauguraron-la-segunda-etapa-del-corredor-hooke-con-una-caminata-saludable\/#breadcrumb","itemListElement":[{"@type":"ListItem","position":1,"name":"Inicio","item":"https:\/\/diariodeloeste.com\/noticias\/"},{"@type":"ListItem","position":2,"name":"Noe Correa, Leo Nardini, y vecinos de Grand Bourg, inauguraron la segunda etapa del \u201cCorredor Hooke\u201d con una caminata saludable"}]},{"@type":"WebSite","@id":"https:\/\/diariodeloeste.com\/noticias\/#website","url":"https:\/\/diariodeloeste.com\/noticias\/","name":"Diario del Oeste","description":"Noticias del Oeste","publisher":{"@id":"https:\/\/diariodeloeste.com\/noticias\/#organization"},"potentialAction":[{"@type":"SearchAction","target":{"@type":"EntryPoint","urlTemplate":"https:\/\/diariodeloeste.com\/noticias\/?s={search_term_string}"},"query-input":{"@type":"PropertyValueSpecification","valueRequired":true,"valueName":"search_term_string"}}],"inLanguage":"es-AR"},{"@type":"Organization","@id":"https:\/\/diariodeloeste.com\/noticias\/#organization","name":"Diario del Oeste","url":"https:\/\/diariodeloeste.com\/noticias\/","logo":{"@type":"ImageObject","inLanguage":"es-AR","@id":"https:\/\/diariodeloeste.com\/noticias\/#\/schema\/logo\/image\/","url":"https:\/\/diariodeloeste.com\/noticias\/wp-content\/uploads\/2019\/04\/logo.png","contentUrl":"https:\/\/diariodeloeste.com\/noticias\/wp-content\/uploads\/2019\/04\/logo.png","width":306,"height":145,"caption":"Diario del Oeste"},"image":{"@id":"https:\/\/diariodeloeste.com\/noticias\/#\/schema\/logo\/image\/"}},{"@type":"Person","@id":"https:\/\/diariodeloeste.com\/noticias\/#\/schema\/person\/1f7be965f8c093432e1cbfcee0ac4047","name":"Redaccion","image":{"@type":"ImageObject","inLanguage":"es-AR","@id":"https:\/\/secure.gravatar.com\/avatar\/f9bc3a12e26b32d818d88f9a5b61de20b559752e499df507efa7ea3cea0550ef?s=96&d=mm&r=g","url":"https:\/\/secure.gravatar.com\/avatar\/f9bc3a12e26b32d818d88f9a5b61de20b559752e499df507efa7ea3cea0550ef?s=96&d=mm&r=g","contentUrl":"https:\/\/secure.gravatar.com\/avatar\/f9bc3a12e26b32d818d88f9a5b61de20b559752e499df507efa7ea3cea0550ef?s=96&d=mm&r=g","caption":"Redaccion"},"url":"https:\/\/diariodeloeste.com\/noticias\/author\/redaccion\/"}]}},"_links":{"self":[{"href":"https:\/\/diariodeloeste.com\/noticias\/wp-json\/wp\/v2\/posts\/8504","targetHints":{"allow":["GET"]}}],"collection":[{"href":"https:\/\/diariodeloeste.com\/noticias\/wp-json\/wp\/v2\/posts"}],"about":[{"href":"https:\/\/diariodeloeste.com\/noticias\/wp-json\/wp\/v2\/types\/post"}],"author":[{"embeddable":true,"href":"https:\/\/diariodeloeste.com\/noticias\/wp-json\/wp\/v2\/users\/3"}],"replies":[{"embeddable":true,"href":"https:\/\/diariodeloeste.com\/noticias\/wp-json\/wp\/v2\/comments?post=8504"}],"version-history":[{"count":1,"href":"https:\/\/diariodeloeste.com\/noticias\/wp-json\/wp\/v2\/posts\/8504\/revisions"}],"predecessor-version":[{"id":8509,"href":"https:\/\/diariodeloeste.com\/noticias\/wp-json\/wp\/v2\/posts\/8504\/revisions\/8509"}],"wp:featuredmedia":[{"embeddable":true,"href":"https:\/\/diariodeloeste.com\/noticias\/wp-json\/wp\/v2\/media\/8505"}],"wp:attachment":[{"href":"https:\/\/diariodeloeste.com\/noticias\/wp-json\/wp\/v2\/media?parent=8504"}],"wp:term":[{"taxonomy":"category","embeddable":true,"href":"https:\/\/diariodeloeste.com\/noticias\/wp-json\/wp\/v2\/categories?post=8504"},{"taxonomy":"post_tag","embeddable":true,"href":"https:\/\/diariodeloeste.com\/noticias\/wp-json\/wp\/v2\/tags?post=8504"}],"curies":[{"name":"wp","href":"https:\/\/api.w.org\/{rel}","templated":true}]}}