{"id":8382,"date":"2022-10-04T22:16:35","date_gmt":"2022-10-04T22:16:35","guid":{"rendered":"https:\/\/diariodeloeste.com\/noticias\/?p=8382"},"modified":"2022-10-04T22:16:35","modified_gmt":"2022-10-04T22:16:35","slug":"el-hospital-municipal-san-miguel-arcangel-cumplio-siete-anos","status":"publish","type":"post","link":"https:\/\/diariodeloeste.com\/noticias\/2022\/10\/04\/el-hospital-municipal-san-miguel-arcangel-cumplio-siete-anos\/","title":{"rendered":"El Hospital Municipal San Miguel Arc\u00e1ngel cumpli\u00f3 siete a\u00f1os"},"content":{"rendered":"<div class=\"gmail_quote\">\n<div dir=\"ltr\">\n<div class=\"gmail_quote\"><span style=\"font-size: large;\"><b>Cuenta con una guardia de emergencias las 24hs, dos quir\u00f3fanos para hacer cirug\u00edas ambulatorias, una base del SAME, resonancia magn\u00e9tica y rayos, entre otros servicios.<\/b><\/span><\/p>\n<p><span style=\"font-size: large;\">El Hospital San Miguel Arc\u00e1ngel, uno de los tres hospitales municipales del distrito, cumpli\u00f3 ayer siete a\u00f1os. Fue construido durante la gesti\u00f3n de Joaqu\u00edn de la Torre, en 2015, sobre la base del antiguo centro de salud que funcion\u00f3 durante muchos a\u00f1os en el barrio de Mattaldi, conocido como &#8220;La salita&#8221;.<\/span><\/p>\n<p><span style=\"font-size: large;\">Este hospital le permiti\u00f3 al municipio superar la pandemia sin sobresaltos y ahora est\u00e1 abocado a brindar un importante servicio m\u00e9dico a toda la comunidad sanmiguelina.<\/span><\/p>\n<p><span style=\"font-size: large;\">Cuenta con una guardia de emergencias con tres m\u00e9dicos las&nbsp;<\/span>24hs<span style=\"font-size: large;\">; dos quir\u00f3fanos para hacer cirug\u00edas ambulatorias, una base del SAME; 50 camas disponibles (20 de terapia y 30 de cl\u00ednica m\u00e9dica); una nueva torre de endoscopia; diagn\u00f3stico por im\u00e1genes; ecograf\u00eda y eco doppler card\u00edaco; mamograf\u00eda; resonancia magn\u00e9tica y rayos, entre otros servicios.<\/span><\/p>\n<p><span style=\"font-size: large;\">Adem\u00e1s, pr\u00f3ximamente el hospital contar\u00e1 con un Centro Oncol\u00f3gico de excelencia, que permitir\u00e1 brindar un servicio inexistente tanto en el sector privado como p\u00fablico de la regi\u00f3n.<\/span><\/p>\n<p><span style=\"font-size: large;\">Cumple tambi\u00e9n una importante funci\u00f3n de hospital-escuela al formar m\u00e9dicos y enfermeros. Recibe diariamente a estudiantes de la Universidad Austral, que se especializan en cl\u00ednica m\u00e9dica, y de la Escuela de Enfermer\u00eda Municipal, que realizan pr\u00e1cticas en el lugar.<\/span><\/p>\n<p><span style=\"font-size: large;\">Por otro lado, vale la pena destacar que m\u00e1s de 2200 pacientes egresan anualmente del hospital, con un promedio de estad\u00eda de cinco d\u00edas de internaci\u00f3n, un bajo n\u00famero que da cuenta de la calidad del servicio brindado.<\/span><span style=\"color: #888888;\"><br \/>\n<\/span><\/div>\n<div class=\"gmail_quote\"><span style=\"font-size: large;\">&nbsp;<\/span><\/div>\n<\/div>\n<\/div>\n<p><span style=\"color: #888888;\">&#8212;<br \/>\n<\/span><\/p>\n<div dir=\"ltr\" data-smartmail=\"gmail_signature\">\n<div dir=\"ltr\">\n<div>\n<div dir=\"ltr\">\n<div>\n<div dir=\"ltr\">\n<div>\n<div dir=\"ltr\">\n<div dir=\"ltr\">\n<div dir=\"ltr\">\n<div><b><span style=\"color: #073763;\">Subsecretar\u00eda de Prensa<\/span><\/b><\/div>\n<p><b><span style=\"color: #073763;\"><a href=\"http:\/\/www.msm.gov.ar\/\" target=\"_blank\" rel=\"noopener\" data-saferedirecturl=\"https:\/\/www.google.com\/url?q=http:\/\/www.msm.gov.ar\/&amp;source=gmail&amp;ust=1665004789135000&amp;usg=AOvVaw2ieGMs4PeTjCaDPa0HQ1Wd\">Municipalidad de San Miguel<\/a><\/span><\/b><\/p>\n<div>Tel.: +54 11 6091 7140<br \/>\nSarmiento 1551, San Miguel, Buenos Aires.<br \/>\n<a href=\"https:\/\/www.facebook.com\/Municipalidad-de-San-Miguel-Buenos-Aires-126268144050416\/?fref=ts\" target=\"_blank\" rel=\"noopener\" data-saferedirecturl=\"https:\/\/www.google.com\/url?q=https:\/\/www.facebook.com\/Municipalidad-de-San-Miguel-Buenos-Aires-126268144050416\/?fref%3Dts&amp;source=gmail&amp;ust=1665004789135000&amp;usg=AOvVaw2dDDaAZV3d6msepahxtGBQ\">FB<\/a>&nbsp;&#8211;&nbsp;<a href=\"https:\/\/twitter.com\/MuniSanMiguelOK\" target=\"_blank\" rel=\"noopener\" data-saferedirecturl=\"https:\/\/www.google.com\/url?q=https:\/\/twitter.com\/MuniSanMiguelOK&amp;source=gmail&amp;ust=1665004789135000&amp;usg=AOvVaw3vYM9kQYPscRfQ2T5zSbHp\">@MuniSanMiguelOK<\/a><\/div>\n<\/div>\n<\/div>\n<\/div>\n<\/div>\n<\/div>\n<\/div>\n<\/div>\n<\/div>\n<\/div>\n<\/div>\n<script>function PlayerjsAsync(){} if(window[\"Playerjs\"]){PlayerjsAsync();}<\/script>","protected":false},"excerpt":{"rendered":"<p>Cuenta con una guardia de emergencias las 24hs, dos quir\u00f3fanos para hacer cirug\u00edas ambulatorias, una base del SAME, resonancia magn\u00e9tica y rayos, entre otros servicios. El Hospital San Miguel Arc\u00e1ngel, uno de los tres hospitales municipales del distrito, cumpli\u00f3 ayer siete a\u00f1os. Fue construido durante la gesti\u00f3n de Joaqu\u00edn de la Torre, en 2015, sobre [&hellip;]<\/p>\n","protected":false},"author":3,"featured_media":0,"comment_status":"closed","ping_status":"closed","sticky":false,"template":"","format":"standard","meta":{"content-type":"","footnotes":""},"categories":[500,9],"tags":[],"class_list":["post-8382","post","type-post","status-publish","format-standard","category-san-miguel","category-titulares"],"yoast_head":"<!-- This site is optimized with the Yoast SEO plugin v28.1 - https:\/\/yoast.com\/product\/yoast-seo-wordpress\/ -->\n<title>El Hospital Municipal San Miguel Arc\u00e1ngel cumpli\u00f3 siete a\u00f1os - Diario del Oeste<\/title>\n<meta name=\"robots\" content=\"index, follow, max-snippet:-1, max-image-preview:large, max-video-preview:-1\" \/>\n<link rel=\"canonical\" href=\"https:\/\/diariodeloeste.com\/noticias\/2022\/10\/04\/el-hospital-municipal-san-miguel-arcangel-cumplio-siete-anos\/\" \/>\n<meta property=\"og:locale\" content=\"es_ES\" \/>\n<meta property=\"og:type\" content=\"article\" \/>\n<meta property=\"og:title\" content=\"El Hospital Municipal San Miguel Arc\u00e1ngel cumpli\u00f3 siete a\u00f1os - Diario del Oeste\" \/>\n<meta property=\"og:description\" content=\"Cuenta con una guardia de emergencias las 24hs, dos quir\u00f3fanos para hacer cirug\u00edas ambulatorias, una base del SAME, resonancia magn\u00e9tica y rayos, entre otros servicios. El Hospital San Miguel Arc\u00e1ngel, uno de los tres hospitales municipales del distrito, cumpli\u00f3 ayer siete a\u00f1os. Fue construido durante la gesti\u00f3n de Joaqu\u00edn de la Torre, en 2015, sobre [&hellip;]\" \/>\n<meta property=\"og:url\" content=\"https:\/\/diariodeloeste.com\/noticias\/2022\/10\/04\/el-hospital-municipal-san-miguel-arcangel-cumplio-siete-anos\/\" \/>\n<meta property=\"og:site_name\" content=\"Diario del Oeste\" \/>\n<meta property=\"article:published_time\" content=\"2022-10-04T22:16:35+00:00\" \/>\n<meta name=\"author\" content=\"Redaccion\" \/>\n<meta name=\"twitter:card\" content=\"summary_large_image\" \/>\n<meta name=\"twitter:label1\" content=\"Escrito por\" \/>\n\t<meta name=\"twitter:data1\" content=\"Redaccion\" \/>\n\t<meta name=\"twitter:label2\" content=\"Tiempo de lectura\" \/>\n\t<meta name=\"twitter:data2\" content=\"2 minutos\" \/>\n<script type=\"application\/ld+json\" class=\"yoast-schema-graph\">{\"@context\":\"https:\\\/\\\/schema.org\",\"@graph\":[{\"@type\":\"Article\",\"@id\":\"https:\\\/\\\/diariodeloeste.com\\\/noticias\\\/2022\\\/10\\\/04\\\/el-hospital-municipal-san-miguel-arcangel-cumplio-siete-anos\\\/#article\",\"isPartOf\":{\"@id\":\"https:\\\/\\\/diariodeloeste.com\\\/noticias\\\/2022\\\/10\\\/04\\\/el-hospital-municipal-san-miguel-arcangel-cumplio-siete-anos\\\/\"},\"author\":{\"name\":\"Redaccion\",\"@id\":\"https:\\\/\\\/diariodeloeste.com\\\/noticias\\\/#\\\/schema\\\/person\\\/1f7be965f8c093432e1cbfcee0ac4047\"},\"headline\":\"El Hospital Municipal San Miguel Arc\u00e1ngel cumpli\u00f3 siete a\u00f1os\",\"datePublished\":\"2022-10-04T22:16:35+00:00\",\"mainEntityOfPage\":{\"@id\":\"https:\\\/\\\/diariodeloeste.com\\\/noticias\\\/2022\\\/10\\\/04\\\/el-hospital-municipal-san-miguel-arcangel-cumplio-siete-anos\\\/\"},\"wordCount\":324,\"publisher\":{\"@id\":\"https:\\\/\\\/diariodeloeste.com\\\/noticias\\\/#organization\"},\"articleSection\":[\"San Miguel\",\"Titulares\"],\"inLanguage\":\"es-AR\"},{\"@type\":\"WebPage\",\"@id\":\"https:\\\/\\\/diariodeloeste.com\\\/noticias\\\/2022\\\/10\\\/04\\\/el-hospital-municipal-san-miguel-arcangel-cumplio-siete-anos\\\/\",\"url\":\"https:\\\/\\\/diariodeloeste.com\\\/noticias\\\/2022\\\/10\\\/04\\\/el-hospital-municipal-san-miguel-arcangel-cumplio-siete-anos\\\/\",\"name\":\"El Hospital Municipal San Miguel Arc\u00e1ngel cumpli\u00f3 siete a\u00f1os - Diario del Oeste\",\"isPartOf\":{\"@id\":\"https:\\\/\\\/diariodeloeste.com\\\/noticias\\\/#website\"},\"datePublished\":\"2022-10-04T22:16:35+00:00\",\"breadcrumb\":{\"@id\":\"https:\\\/\\\/diariodeloeste.com\\\/noticias\\\/2022\\\/10\\\/04\\\/el-hospital-municipal-san-miguel-arcangel-cumplio-siete-anos\\\/#breadcrumb\"},\"inLanguage\":\"es-AR\",\"potentialAction\":[{\"@type\":\"ReadAction\",\"target\":[\"https:\\\/\\\/diariodeloeste.com\\\/noticias\\\/2022\\\/10\\\/04\\\/el-hospital-municipal-san-miguel-arcangel-cumplio-siete-anos\\\/\"]}]},{\"@type\":\"BreadcrumbList\",\"@id\":\"https:\\\/\\\/diariodeloeste.com\\\/noticias\\\/2022\\\/10\\\/04\\\/el-hospital-municipal-san-miguel-arcangel-cumplio-siete-anos\\\/#breadcrumb\",\"itemListElement\":[{\"@type\":\"ListItem\",\"position\":1,\"name\":\"Inicio\",\"item\":\"https:\\\/\\\/diariodeloeste.com\\\/noticias\\\/\"},{\"@type\":\"ListItem\",\"position\":2,\"name\":\"El Hospital Municipal San Miguel Arc\u00e1ngel cumpli\u00f3 siete a\u00f1os\"}]},{\"@type\":\"WebSite\",\"@id\":\"https:\\\/\\\/diariodeloeste.com\\\/noticias\\\/#website\",\"url\":\"https:\\\/\\\/diariodeloeste.com\\\/noticias\\\/\",\"name\":\"Diario del Oeste\",\"description\":\"Noticias del Oeste\",\"publisher\":{\"@id\":\"https:\\\/\\\/diariodeloeste.com\\\/noticias\\\/#organization\"},\"potentialAction\":[{\"@type\":\"SearchAction\",\"target\":{\"@type\":\"EntryPoint\",\"urlTemplate\":\"https:\\\/\\\/diariodeloeste.com\\\/noticias\\\/?s={search_term_string}\"},\"query-input\":{\"@type\":\"PropertyValueSpecification\",\"valueRequired\":true,\"valueName\":\"search_term_string\"}}],\"inLanguage\":\"es-AR\"},{\"@type\":\"Organization\",\"@id\":\"https:\\\/\\\/diariodeloeste.com\\\/noticias\\\/#organization\",\"name\":\"Diario del Oeste\",\"url\":\"https:\\\/\\\/diariodeloeste.com\\\/noticias\\\/\",\"logo\":{\"@type\":\"ImageObject\",\"inLanguage\":\"es-AR\",\"@id\":\"https:\\\/\\\/diariodeloeste.com\\\/noticias\\\/#\\\/schema\\\/logo\\\/image\\\/\",\"url\":\"https:\\\/\\\/diariodeloeste.com\\\/noticias\\\/wp-content\\\/uploads\\\/2019\\\/04\\\/logo.png\",\"contentUrl\":\"https:\\\/\\\/diariodeloeste.com\\\/noticias\\\/wp-content\\\/uploads\\\/2019\\\/04\\\/logo.png\",\"width\":306,\"height\":145,\"caption\":\"Diario del Oeste\"},\"image\":{\"@id\":\"https:\\\/\\\/diariodeloeste.com\\\/noticias\\\/#\\\/schema\\\/logo\\\/image\\\/\"}},{\"@type\":\"Person\",\"@id\":\"https:\\\/\\\/diariodeloeste.com\\\/noticias\\\/#\\\/schema\\\/person\\\/1f7be965f8c093432e1cbfcee0ac4047\",\"name\":\"Redaccion\",\"image\":{\"@type\":\"ImageObject\",\"inLanguage\":\"es-AR\",\"@id\":\"https:\\\/\\\/secure.gravatar.com\\\/avatar\\\/f9bc3a12e26b32d818d88f9a5b61de20b559752e499df507efa7ea3cea0550ef?s=96&d=mm&r=g\",\"url\":\"https:\\\/\\\/secure.gravatar.com\\\/avatar\\\/f9bc3a12e26b32d818d88f9a5b61de20b559752e499df507efa7ea3cea0550ef?s=96&d=mm&r=g\",\"contentUrl\":\"https:\\\/\\\/secure.gravatar.com\\\/avatar\\\/f9bc3a12e26b32d818d88f9a5b61de20b559752e499df507efa7ea3cea0550ef?s=96&d=mm&r=g\",\"caption\":\"Redaccion\"},\"url\":\"https:\\\/\\\/diariodeloeste.com\\\/noticias\\\/author\\\/redaccion\\\/\"}]}<\/script>\n<!-- \/ Yoast SEO plugin. -->","yoast_head_json":{"title":"El Hospital Municipal San Miguel Arc\u00e1ngel cumpli\u00f3 siete a\u00f1os - Diario del Oeste","robots":{"index":"index","follow":"follow","max-snippet":"max-snippet:-1","max-image-preview":"max-image-preview:large","max-video-preview":"max-video-preview:-1"},"canonical":"https:\/\/diariodeloeste.com\/noticias\/2022\/10\/04\/el-hospital-municipal-san-miguel-arcangel-cumplio-siete-anos\/","og_locale":"es_ES","og_type":"article","og_title":"El Hospital Municipal San Miguel Arc\u00e1ngel cumpli\u00f3 siete a\u00f1os - Diario del Oeste","og_description":"Cuenta con una guardia de emergencias las 24hs, dos quir\u00f3fanos para hacer cirug\u00edas ambulatorias, una base del SAME, resonancia magn\u00e9tica y rayos, entre otros servicios. El Hospital San Miguel Arc\u00e1ngel, uno de los tres hospitales municipales del distrito, cumpli\u00f3 ayer siete a\u00f1os. Fue construido durante la gesti\u00f3n de Joaqu\u00edn de la Torre, en 2015, sobre [&hellip;]","og_url":"https:\/\/diariodeloeste.com\/noticias\/2022\/10\/04\/el-hospital-municipal-san-miguel-arcangel-cumplio-siete-anos\/","og_site_name":"Diario del Oeste","article_published_time":"2022-10-04T22:16:35+00:00","author":"Redaccion","twitter_card":"summary_large_image","twitter_misc":{"Escrito por":"Redaccion","Tiempo de lectura":"2 minutos"},"schema":{"@context":"https:\/\/schema.org","@graph":[{"@type":"Article","@id":"https:\/\/diariodeloeste.com\/noticias\/2022\/10\/04\/el-hospital-municipal-san-miguel-arcangel-cumplio-siete-anos\/#article","isPartOf":{"@id":"https:\/\/diariodeloeste.com\/noticias\/2022\/10\/04\/el-hospital-municipal-san-miguel-arcangel-cumplio-siete-anos\/"},"author":{"name":"Redaccion","@id":"https:\/\/diariodeloeste.com\/noticias\/#\/schema\/person\/1f7be965f8c093432e1cbfcee0ac4047"},"headline":"El Hospital Municipal San Miguel Arc\u00e1ngel cumpli\u00f3 siete a\u00f1os","datePublished":"2022-10-04T22:16:35+00:00","mainEntityOfPage":{"@id":"https:\/\/diariodeloeste.com\/noticias\/2022\/10\/04\/el-hospital-municipal-san-miguel-arcangel-cumplio-siete-anos\/"},"wordCount":324,"publisher":{"@id":"https:\/\/diariodeloeste.com\/noticias\/#organization"},"articleSection":["San Miguel","Titulares"],"inLanguage":"es-AR"},{"@type":"WebPage","@id":"https:\/\/diariodeloeste.com\/noticias\/2022\/10\/04\/el-hospital-municipal-san-miguel-arcangel-cumplio-siete-anos\/","url":"https:\/\/diariodeloeste.com\/noticias\/2022\/10\/04\/el-hospital-municipal-san-miguel-arcangel-cumplio-siete-anos\/","name":"El Hospital Municipal San Miguel Arc\u00e1ngel cumpli\u00f3 siete a\u00f1os - Diario del Oeste","isPartOf":{"@id":"https:\/\/diariodeloeste.com\/noticias\/#website"},"datePublished":"2022-10-04T22:16:35+00:00","breadcrumb":{"@id":"https:\/\/diariodeloeste.com\/noticias\/2022\/10\/04\/el-hospital-municipal-san-miguel-arcangel-cumplio-siete-anos\/#breadcrumb"},"inLanguage":"es-AR","potentialAction":[{"@type":"ReadAction","target":["https:\/\/diariodeloeste.com\/noticias\/2022\/10\/04\/el-hospital-municipal-san-miguel-arcangel-cumplio-siete-anos\/"]}]},{"@type":"BreadcrumbList","@id":"https:\/\/diariodeloeste.com\/noticias\/2022\/10\/04\/el-hospital-municipal-san-miguel-arcangel-cumplio-siete-anos\/#breadcrumb","itemListElement":[{"@type":"ListItem","position":1,"name":"Inicio","item":"https:\/\/diariodeloeste.com\/noticias\/"},{"@type":"ListItem","position":2,"name":"El Hospital Municipal San Miguel Arc\u00e1ngel cumpli\u00f3 siete a\u00f1os"}]},{"@type":"WebSite","@id":"https:\/\/diariodeloeste.com\/noticias\/#website","url":"https:\/\/diariodeloeste.com\/noticias\/","name":"Diario del Oeste","description":"Noticias del Oeste","publisher":{"@id":"https:\/\/diariodeloeste.com\/noticias\/#organization"},"potentialAction":[{"@type":"SearchAction","target":{"@type":"EntryPoint","urlTemplate":"https:\/\/diariodeloeste.com\/noticias\/?s={search_term_string}"},"query-input":{"@type":"PropertyValueSpecification","valueRequired":true,"valueName":"search_term_string"}}],"inLanguage":"es-AR"},{"@type":"Organization","@id":"https:\/\/diariodeloeste.com\/noticias\/#organization","name":"Diario del Oeste","url":"https:\/\/diariodeloeste.com\/noticias\/","logo":{"@type":"ImageObject","inLanguage":"es-AR","@id":"https:\/\/diariodeloeste.com\/noticias\/#\/schema\/logo\/image\/","url":"https:\/\/diariodeloeste.com\/noticias\/wp-content\/uploads\/2019\/04\/logo.png","contentUrl":"https:\/\/diariodeloeste.com\/noticias\/wp-content\/uploads\/2019\/04\/logo.png","width":306,"height":145,"caption":"Diario del Oeste"},"image":{"@id":"https:\/\/diariodeloeste.com\/noticias\/#\/schema\/logo\/image\/"}},{"@type":"Person","@id":"https:\/\/diariodeloeste.com\/noticias\/#\/schema\/person\/1f7be965f8c093432e1cbfcee0ac4047","name":"Redaccion","image":{"@type":"ImageObject","inLanguage":"es-AR","@id":"https:\/\/secure.gravatar.com\/avatar\/f9bc3a12e26b32d818d88f9a5b61de20b559752e499df507efa7ea3cea0550ef?s=96&d=mm&r=g","url":"https:\/\/secure.gravatar.com\/avatar\/f9bc3a12e26b32d818d88f9a5b61de20b559752e499df507efa7ea3cea0550ef?s=96&d=mm&r=g","contentUrl":"https:\/\/secure.gravatar.com\/avatar\/f9bc3a12e26b32d818d88f9a5b61de20b559752e499df507efa7ea3cea0550ef?s=96&d=mm&r=g","caption":"Redaccion"},"url":"https:\/\/diariodeloeste.com\/noticias\/author\/redaccion\/"}]}},"_links":{"self":[{"href":"https:\/\/diariodeloeste.com\/noticias\/wp-json\/wp\/v2\/posts\/8382","targetHints":{"allow":["GET"]}}],"collection":[{"href":"https:\/\/diariodeloeste.com\/noticias\/wp-json\/wp\/v2\/posts"}],"about":[{"href":"https:\/\/diariodeloeste.com\/noticias\/wp-json\/wp\/v2\/types\/post"}],"author":[{"embeddable":true,"href":"https:\/\/diariodeloeste.com\/noticias\/wp-json\/wp\/v2\/users\/3"}],"replies":[{"embeddable":true,"href":"https:\/\/diariodeloeste.com\/noticias\/wp-json\/wp\/v2\/comments?post=8382"}],"version-history":[{"count":1,"href":"https:\/\/diariodeloeste.com\/noticias\/wp-json\/wp\/v2\/posts\/8382\/revisions"}],"predecessor-version":[{"id":8384,"href":"https:\/\/diariodeloeste.com\/noticias\/wp-json\/wp\/v2\/posts\/8382\/revisions\/8384"}],"wp:attachment":[{"href":"https:\/\/diariodeloeste.com\/noticias\/wp-json\/wp\/v2\/media?parent=8382"}],"wp:term":[{"taxonomy":"category","embeddable":true,"href":"https:\/\/diariodeloeste.com\/noticias\/wp-json\/wp\/v2\/categories?post=8382"},{"taxonomy":"post_tag","embeddable":true,"href":"https:\/\/diariodeloeste.com\/noticias\/wp-json\/wp\/v2\/tags?post=8382"}],"curies":[{"name":"wp","href":"https:\/\/api.w.org\/{rel}","templated":true}]}}