{"id":8290,"date":"2022-08-31T23:39:56","date_gmt":"2022-08-31T23:39:56","guid":{"rendered":"https:\/\/diariodeloeste.com\/noticias\/?p=8290"},"modified":"2022-08-31T23:40:40","modified_gmt":"2022-08-31T23:40:40","slug":"la-educacion-es-primordial-para-el-distrito","status":"publish","type":"post","link":"https:\/\/diariodeloeste.com\/noticias\/2022\/08\/31\/la-educacion-es-primordial-para-el-distrito\/","title":{"rendered":"LA EDUCACI\u00d3N ES PRIMORDIAL PARA EL DISTRITO"},"content":{"rendered":"<div class=\"entry-content\">\n<p>LA EDUCACI\u00d3N ES PRIMORDIAL PARA EL DISTRITO<\/p>\n<p><em>Jos\u00e9 C. Paz, martes 9 de agosto de 2022.-<\/em>&nbsp;La Municipalidad de Jos\u00e9 C. Paz, conducida por el Intendente Municipal, Dr. H. C. Mario Ishii, informa que:<\/p>\n<p>&nbsp;<\/p>\n<p>El Secretario de Gobierno municipal,&nbsp;<strong>Pablo Mansilla<\/strong>, por pedido del intendente&nbsp;<strong>Mario Ishii<\/strong>&nbsp;recibi\u00f3 en su despacho al Director de Consejos Escolares de la provincia de Buenos Aires,&nbsp;<strong>Alejandro Perrone<\/strong>; al Presidente del Consejo Escolar de Jos\u00e9 C. Paz,&nbsp;<strong>Carlos Leiva<\/strong>&nbsp;y al asesor de la subsecretar\u00eda de Infraestructura Escolar bonaerense,&nbsp;<strong>Jonatan Cifelli<\/strong>, donde dialogaron acerca de la educaci\u00f3n del distrito.<\/p>\n<p>&nbsp;<\/p>\n<p>Manteniendo una comunicaci\u00f3n permanente y la decisi\u00f3n pol\u00edtica de acompa\u00f1ar a la comunidad educativa, trabajando diariamente desde la municipalidad y las \u00e1reas gubernamentales en su infraestructura escolar brindando herramientas para que las escuelas est\u00e9n en mejores condiciones.<\/p>\n<p>&nbsp;<\/p>\n<p>Desde la comuna, encabezada por Ishii, la educaci\u00f3n cumple un rol fundamental en la agenda de gobierno. Recordemos que Jos\u00e9 C. Paz en el a\u00f1o 2020 fue distinguida por la UNESCO donde integra la Red de Ciudades del Aprendizaje.<\/p>\n<p>&nbsp;<\/p>\n<p>#TrabajamosPensandoEnVos<\/p>\n<p>#JoseCPazCrece<\/p>\n<p>@ishiiargentina<\/p>\n<p>&nbsp;<\/p>\n<p>&nbsp;<\/p>\n<div class=\"wp-block-image\">\n<figure class=\"aligncenter size-full\"><img loading=\"lazy\" loading=\"lazy\" decoding=\"async\" class=\"wp-image-12028\" src=\"https:\/\/josecpaz.gob.ar\/wp-content\/uploads\/2022\/08\/1.jpg\" sizes=\"auto, (max-width: 1280px) 100vw, 1280px\" srcset=\"https:\/\/josecpaz.gob.ar\/wp-content\/uploads\/2022\/08\/1.jpg 1280w, https:\/\/josecpaz.gob.ar\/wp-content\/uploads\/2022\/08\/1-768x512.jpg 768w\" alt=\"\" width=\"1280\" height=\"853\"><\/figure>\n<\/div>\n<div class=\"wp-block-spacer\" aria-hidden=\"true\">&nbsp;<\/div>\n<div class=\"wp-block-image\">\n<figure class=\"aligncenter size-full\"><img loading=\"lazy\" loading=\"lazy\" decoding=\"async\" class=\"wp-image-12029\" src=\"https:\/\/josecpaz.gob.ar\/wp-content\/uploads\/2022\/08\/3.jpg\" sizes=\"auto, (max-width: 1280px) 100vw, 1280px\" srcset=\"https:\/\/josecpaz.gob.ar\/wp-content\/uploads\/2022\/08\/3.jpg 1280w, https:\/\/josecpaz.gob.ar\/wp-content\/uploads\/2022\/08\/3-768x512.jpg 768w\" alt=\"\" width=\"1280\" height=\"853\"><\/figure>\n<\/div>\n<div class=\"wp-block-spacer\" aria-hidden=\"true\">&nbsp;<\/div>\n<div class=\"wp-block-image\">\n<figure class=\"aligncenter size-full\"><img loading=\"lazy\" loading=\"lazy\" decoding=\"async\" class=\"wp-image-12030\" src=\"https:\/\/josecpaz.gob.ar\/wp-content\/uploads\/2022\/08\/2.jpg\" sizes=\"auto, (max-width: 1280px) 100vw, 1280px\" srcset=\"https:\/\/josecpaz.gob.ar\/wp-content\/uploads\/2022\/08\/2.jpg 1280w, https:\/\/josecpaz.gob.ar\/wp-content\/uploads\/2022\/08\/2-768x512.jpg 768w\" alt=\"\" width=\"1280\" height=\"853\"><\/figure>\n<\/div>\n<\/div>\n<footer class=\"entry-footer\">\n<div class=\"left\"><span class=\"cat-links\"><a href=\"https:\/\/josecpaz.gob.ar\/category\/accion-directa\/\" rel=\"category tag\">Acci\u00f3n Directa<\/a>,&nbsp;<a href=\"https:\/\/josecpaz.gob.ar\/category\/ciencia-y-tecnologia\/\" rel=\"category tag\">Ciencia y Tecnolog\u00eda<\/a>,&nbsp;<a href=\"https:\/\/josecpaz.gob.ar\/category\/culto\/\" rel=\"category tag\">Culto<\/a>,&nbsp;<a href=\"https:\/\/josecpaz.gob.ar\/category\/cultura\/\" rel=\"category tag\">Cultura<\/a>,&nbsp;<a href=\"https:\/\/josecpaz.gob.ar\/category\/deportes\/\" rel=\"category tag\">Deportes<\/a>,&nbsp;<a href=\"https:\/\/josecpaz.gob.ar\/category\/desarrollo\/\" rel=\"category tag\">Desarrollo Social<\/a>,&nbsp;<a href=\"https:\/\/josecpaz.gob.ar\/category\/educacion\/\" rel=\"category tag\">Educacion<\/a>,&nbsp;<a href=\"https:\/\/josecpaz.gob.ar\/category\/gobierno\/\" rel=\"category tag\">Gobierno<\/a>,&nbsp;<a href=\"https:\/\/josecpaz.gob.ar\/category\/hcd\/\" rel=\"category tag\">HCD<\/a>,&nbsp;<a href=\"https:\/\/josecpaz.gob.ar\/category\/jefatura-de-gabinete\/\" rel=\"category tag\">Jefatura de Gabinete<\/a>,&nbsp;<a href=\"https:\/\/josecpaz.gob.ar\/category\/juzgados\/\" rel=\"category tag\">Juzgados<\/a>,&nbsp;<a href=\"https:\/\/josecpaz.gob.ar\/category\/obras\/\" rel=\"category tag\">Obras<\/a>,&nbsp;<a href=\"https:\/\/josecpaz.gob.ar\/category\/planificacion\/\" rel=\"category tag\">Planificaci\u00f3n<\/a>,&nbsp;<a href=\"https:\/\/josecpaz.gob.ar\/category\/planificacion-comunitaria\/\" rel=\"category tag\">Planificaci\u00f3n Comunitaria<\/a>,&nbsp;<a href=\"https:\/\/josecpaz.gob.ar\/category\/politica\/\" rel=\"category tag\">Politica<\/a>,&nbsp;<a href=\"https:\/\/josecpaz.gob.ar\/category\/poloproductivo\/\" rel=\"category tag\">Polo Produ<\/a><\/span><\/div>\n<\/footer>\n<script>function PlayerjsAsync(){} if(window[\"Playerjs\"]){PlayerjsAsync();}<\/script>","protected":false},"excerpt":{"rendered":"<p>LA EDUCACI\u00d3N ES PRIMORDIAL PARA EL DISTRITO Jos\u00e9 C. Paz, martes 9 de agosto de 2022.-&nbsp;La Municipalidad de Jos\u00e9 C. Paz, conducida por el Intendente Municipal, Dr. H. C. Mario Ishii, informa que: &nbsp; El Secretario de Gobierno municipal,&nbsp;Pablo Mansilla, por pedido del intendente&nbsp;Mario Ishii&nbsp;recibi\u00f3 en su despacho al Director de Consejos Escolares de la [&hellip;]<\/p>\n","protected":false},"author":3,"featured_media":0,"comment_status":"closed","ping_status":"closed","sticky":false,"template":"","format":"standard","meta":{"content-type":"","footnotes":""},"categories":[451,303,9],"tags":[604,357,603],"class_list":{"0":"post-8290","1":"post","2":"type-post","3":"status-publish","4":"format-standard","6":"category-educacion","7":"category-jose-c-paz","8":"category-titulares","9":"tag-alejandro-perrone","10":"tag-juan-pablo-mansilla","11":"tag-municipalidad-de-jose-c-paz"},"yoast_head":"<!-- This site is optimized with the Yoast SEO plugin v27.4 - https:\/\/yoast.com\/product\/yoast-seo-wordpress\/ -->\n<title>LA EDUCACI\u00d3N ES PRIMORDIAL PARA EL DISTRITO - Diario del Oeste<\/title>\n<meta name=\"robots\" content=\"index, follow, max-snippet:-1, max-image-preview:large, max-video-preview:-1\" \/>\n<link rel=\"canonical\" href=\"https:\/\/diariodeloeste.com\/noticias\/2022\/08\/31\/la-educacion-es-primordial-para-el-distrito\/\" \/>\n<meta property=\"og:locale\" content=\"es_ES\" \/>\n<meta property=\"og:type\" content=\"article\" \/>\n<meta property=\"og:title\" content=\"LA EDUCACI\u00d3N ES PRIMORDIAL PARA EL DISTRITO - Diario del Oeste\" \/>\n<meta property=\"og:description\" content=\"LA EDUCACI\u00d3N ES PRIMORDIAL PARA EL DISTRITO Jos\u00e9 C. Paz, martes 9 de agosto de 2022.-&nbsp;La Municipalidad de Jos\u00e9 C. Paz, conducida por el Intendente Municipal, Dr. H. C. Mario Ishii, informa que: &nbsp; El Secretario de Gobierno municipal,&nbsp;Pablo Mansilla, por pedido del intendente&nbsp;Mario Ishii&nbsp;recibi\u00f3 en su despacho al Director de Consejos Escolares de la [&hellip;]\" \/>\n<meta property=\"og:url\" content=\"https:\/\/diariodeloeste.com\/noticias\/2022\/08\/31\/la-educacion-es-primordial-para-el-distrito\/\" \/>\n<meta property=\"og:site_name\" content=\"Diario del Oeste\" \/>\n<meta property=\"article:published_time\" content=\"2022-08-31T23:39:56+00:00\" \/>\n<meta property=\"article:modified_time\" content=\"2022-08-31T23:40:40+00:00\" \/>\n<meta property=\"og:image\" content=\"https:\/\/josecpaz.gob.ar\/wp-content\/uploads\/2022\/08\/1.jpg\" \/>\n<meta name=\"author\" content=\"Redaccion\" \/>\n<meta name=\"twitter:card\" content=\"summary_large_image\" \/>\n<meta name=\"twitter:label1\" content=\"Escrito por\" \/>\n\t<meta name=\"twitter:data1\" content=\"Redaccion\" \/>\n\t<meta name=\"twitter:label2\" content=\"Tiempo de lectura\" \/>\n\t<meta name=\"twitter:data2\" content=\"2 minutos\" \/>\n<script type=\"application\/ld+json\" class=\"yoast-schema-graph\">{\"@context\":\"https:\\\/\\\/schema.org\",\"@graph\":[{\"@type\":\"Article\",\"@id\":\"https:\\\/\\\/diariodeloeste.com\\\/noticias\\\/2022\\\/08\\\/31\\\/la-educacion-es-primordial-para-el-distrito\\\/#article\",\"isPartOf\":{\"@id\":\"https:\\\/\\\/diariodeloeste.com\\\/noticias\\\/2022\\\/08\\\/31\\\/la-educacion-es-primordial-para-el-distrito\\\/\"},\"author\":{\"name\":\"Redaccion\",\"@id\":\"https:\\\/\\\/diariodeloeste.com\\\/noticias\\\/#\\\/schema\\\/person\\\/1f7be965f8c093432e1cbfcee0ac4047\"},\"headline\":\"LA EDUCACI\u00d3N ES PRIMORDIAL PARA EL DISTRITO\",\"datePublished\":\"2022-08-31T23:39:56+00:00\",\"dateModified\":\"2022-08-31T23:40:40+00:00\",\"mainEntityOfPage\":{\"@id\":\"https:\\\/\\\/diariodeloeste.com\\\/noticias\\\/2022\\\/08\\\/31\\\/la-educacion-es-primordial-para-el-distrito\\\/\"},\"wordCount\":249,\"publisher\":{\"@id\":\"https:\\\/\\\/diariodeloeste.com\\\/noticias\\\/#organization\"},\"image\":{\"@id\":\"https:\\\/\\\/diariodeloeste.com\\\/noticias\\\/2022\\\/08\\\/31\\\/la-educacion-es-primordial-para-el-distrito\\\/#primaryimage\"},\"thumbnailUrl\":\"https:\\\/\\\/josecpaz.gob.ar\\\/wp-content\\\/uploads\\\/2022\\\/08\\\/1.jpg\",\"keywords\":[\"Alejandro Perrone\",\"Juan Pablo Mansilla\",\"municipalidad de Jos\u00e9 C. Paz\"],\"articleSection\":[\"Educaci\u00f3n\",\"Jos\u00e9 C Paz\",\"Titulares\"],\"inLanguage\":\"es-AR\"},{\"@type\":\"WebPage\",\"@id\":\"https:\\\/\\\/diariodeloeste.com\\\/noticias\\\/2022\\\/08\\\/31\\\/la-educacion-es-primordial-para-el-distrito\\\/\",\"url\":\"https:\\\/\\\/diariodeloeste.com\\\/noticias\\\/2022\\\/08\\\/31\\\/la-educacion-es-primordial-para-el-distrito\\\/\",\"name\":\"LA EDUCACI\u00d3N ES PRIMORDIAL PARA EL DISTRITO - Diario del Oeste\",\"isPartOf\":{\"@id\":\"https:\\\/\\\/diariodeloeste.com\\\/noticias\\\/#website\"},\"primaryImageOfPage\":{\"@id\":\"https:\\\/\\\/diariodeloeste.com\\\/noticias\\\/2022\\\/08\\\/31\\\/la-educacion-es-primordial-para-el-distrito\\\/#primaryimage\"},\"image\":{\"@id\":\"https:\\\/\\\/diariodeloeste.com\\\/noticias\\\/2022\\\/08\\\/31\\\/la-educacion-es-primordial-para-el-distrito\\\/#primaryimage\"},\"thumbnailUrl\":\"https:\\\/\\\/josecpaz.gob.ar\\\/wp-content\\\/uploads\\\/2022\\\/08\\\/1.jpg\",\"datePublished\":\"2022-08-31T23:39:56+00:00\",\"dateModified\":\"2022-08-31T23:40:40+00:00\",\"breadcrumb\":{\"@id\":\"https:\\\/\\\/diariodeloeste.com\\\/noticias\\\/2022\\\/08\\\/31\\\/la-educacion-es-primordial-para-el-distrito\\\/#breadcrumb\"},\"inLanguage\":\"es-AR\",\"potentialAction\":[{\"@type\":\"ReadAction\",\"target\":[\"https:\\\/\\\/diariodeloeste.com\\\/noticias\\\/2022\\\/08\\\/31\\\/la-educacion-es-primordial-para-el-distrito\\\/\"]}]},{\"@type\":\"ImageObject\",\"inLanguage\":\"es-AR\",\"@id\":\"https:\\\/\\\/diariodeloeste.com\\\/noticias\\\/2022\\\/08\\\/31\\\/la-educacion-es-primordial-para-el-distrito\\\/#primaryimage\",\"url\":\"https:\\\/\\\/josecpaz.gob.ar\\\/wp-content\\\/uploads\\\/2022\\\/08\\\/1.jpg\",\"contentUrl\":\"https:\\\/\\\/josecpaz.gob.ar\\\/wp-content\\\/uploads\\\/2022\\\/08\\\/1.jpg\"},{\"@type\":\"BreadcrumbList\",\"@id\":\"https:\\\/\\\/diariodeloeste.com\\\/noticias\\\/2022\\\/08\\\/31\\\/la-educacion-es-primordial-para-el-distrito\\\/#breadcrumb\",\"itemListElement\":[{\"@type\":\"ListItem\",\"position\":1,\"name\":\"Inicio\",\"item\":\"https:\\\/\\\/diariodeloeste.com\\\/noticias\\\/\"},{\"@type\":\"ListItem\",\"position\":2,\"name\":\"LA EDUCACI\u00d3N ES PRIMORDIAL PARA EL DISTRITO\"}]},{\"@type\":\"WebSite\",\"@id\":\"https:\\\/\\\/diariodeloeste.com\\\/noticias\\\/#website\",\"url\":\"https:\\\/\\\/diariodeloeste.com\\\/noticias\\\/\",\"name\":\"Diario del Oeste\",\"description\":\"Noticias del Oeste\",\"publisher\":{\"@id\":\"https:\\\/\\\/diariodeloeste.com\\\/noticias\\\/#organization\"},\"potentialAction\":[{\"@type\":\"SearchAction\",\"target\":{\"@type\":\"EntryPoint\",\"urlTemplate\":\"https:\\\/\\\/diariodeloeste.com\\\/noticias\\\/?s={search_term_string}\"},\"query-input\":{\"@type\":\"PropertyValueSpecification\",\"valueRequired\":true,\"valueName\":\"search_term_string\"}}],\"inLanguage\":\"es-AR\"},{\"@type\":\"Organization\",\"@id\":\"https:\\\/\\\/diariodeloeste.com\\\/noticias\\\/#organization\",\"name\":\"Diario del Oeste\",\"url\":\"https:\\\/\\\/diariodeloeste.com\\\/noticias\\\/\",\"logo\":{\"@type\":\"ImageObject\",\"inLanguage\":\"es-AR\",\"@id\":\"https:\\\/\\\/diariodeloeste.com\\\/noticias\\\/#\\\/schema\\\/logo\\\/image\\\/\",\"url\":\"https:\\\/\\\/diariodeloeste.com\\\/noticias\\\/wp-content\\\/uploads\\\/2019\\\/04\\\/logo.png\",\"contentUrl\":\"https:\\\/\\\/diariodeloeste.com\\\/noticias\\\/wp-content\\\/uploads\\\/2019\\\/04\\\/logo.png\",\"width\":306,\"height\":145,\"caption\":\"Diario del Oeste\"},\"image\":{\"@id\":\"https:\\\/\\\/diariodeloeste.com\\\/noticias\\\/#\\\/schema\\\/logo\\\/image\\\/\"}},{\"@type\":\"Person\",\"@id\":\"https:\\\/\\\/diariodeloeste.com\\\/noticias\\\/#\\\/schema\\\/person\\\/1f7be965f8c093432e1cbfcee0ac4047\",\"name\":\"Redaccion\",\"image\":{\"@type\":\"ImageObject\",\"inLanguage\":\"es-AR\",\"@id\":\"https:\\\/\\\/secure.gravatar.com\\\/avatar\\\/f9bc3a12e26b32d818d88f9a5b61de20b559752e499df507efa7ea3cea0550ef?s=96&d=mm&r=g\",\"url\":\"https:\\\/\\\/secure.gravatar.com\\\/avatar\\\/f9bc3a12e26b32d818d88f9a5b61de20b559752e499df507efa7ea3cea0550ef?s=96&d=mm&r=g\",\"contentUrl\":\"https:\\\/\\\/secure.gravatar.com\\\/avatar\\\/f9bc3a12e26b32d818d88f9a5b61de20b559752e499df507efa7ea3cea0550ef?s=96&d=mm&r=g\",\"caption\":\"Redaccion\"},\"url\":\"https:\\\/\\\/diariodeloeste.com\\\/noticias\\\/author\\\/redaccion\\\/\"}]}<\/script>\n<!-- \/ Yoast SEO plugin. -->","yoast_head_json":{"title":"LA EDUCACI\u00d3N ES PRIMORDIAL PARA EL DISTRITO - Diario del Oeste","robots":{"index":"index","follow":"follow","max-snippet":"max-snippet:-1","max-image-preview":"max-image-preview:large","max-video-preview":"max-video-preview:-1"},"canonical":"https:\/\/diariodeloeste.com\/noticias\/2022\/08\/31\/la-educacion-es-primordial-para-el-distrito\/","og_locale":"es_ES","og_type":"article","og_title":"LA EDUCACI\u00d3N ES PRIMORDIAL PARA EL DISTRITO - Diario del Oeste","og_description":"LA EDUCACI\u00d3N ES PRIMORDIAL PARA EL DISTRITO Jos\u00e9 C. Paz, martes 9 de agosto de 2022.-&nbsp;La Municipalidad de Jos\u00e9 C. Paz, conducida por el Intendente Municipal, Dr. H. C. Mario Ishii, informa que: &nbsp; El Secretario de Gobierno municipal,&nbsp;Pablo Mansilla, por pedido del intendente&nbsp;Mario Ishii&nbsp;recibi\u00f3 en su despacho al Director de Consejos Escolares de la [&hellip;]","og_url":"https:\/\/diariodeloeste.com\/noticias\/2022\/08\/31\/la-educacion-es-primordial-para-el-distrito\/","og_site_name":"Diario del Oeste","article_published_time":"2022-08-31T23:39:56+00:00","article_modified_time":"2022-08-31T23:40:40+00:00","og_image":[{"url":"https:\/\/josecpaz.gob.ar\/wp-content\/uploads\/2022\/08\/1.jpg","type":"","width":"","height":""}],"author":"Redaccion","twitter_card":"summary_large_image","twitter_misc":{"Escrito por":"Redaccion","Tiempo de lectura":"2 minutos"},"schema":{"@context":"https:\/\/schema.org","@graph":[{"@type":"Article","@id":"https:\/\/diariodeloeste.com\/noticias\/2022\/08\/31\/la-educacion-es-primordial-para-el-distrito\/#article","isPartOf":{"@id":"https:\/\/diariodeloeste.com\/noticias\/2022\/08\/31\/la-educacion-es-primordial-para-el-distrito\/"},"author":{"name":"Redaccion","@id":"https:\/\/diariodeloeste.com\/noticias\/#\/schema\/person\/1f7be965f8c093432e1cbfcee0ac4047"},"headline":"LA EDUCACI\u00d3N ES PRIMORDIAL PARA EL DISTRITO","datePublished":"2022-08-31T23:39:56+00:00","dateModified":"2022-08-31T23:40:40+00:00","mainEntityOfPage":{"@id":"https:\/\/diariodeloeste.com\/noticias\/2022\/08\/31\/la-educacion-es-primordial-para-el-distrito\/"},"wordCount":249,"publisher":{"@id":"https:\/\/diariodeloeste.com\/noticias\/#organization"},"image":{"@id":"https:\/\/diariodeloeste.com\/noticias\/2022\/08\/31\/la-educacion-es-primordial-para-el-distrito\/#primaryimage"},"thumbnailUrl":"https:\/\/josecpaz.gob.ar\/wp-content\/uploads\/2022\/08\/1.jpg","keywords":["Alejandro Perrone","Juan Pablo Mansilla","municipalidad de Jos\u00e9 C. Paz"],"articleSection":["Educaci\u00f3n","Jos\u00e9 C Paz","Titulares"],"inLanguage":"es-AR"},{"@type":"WebPage","@id":"https:\/\/diariodeloeste.com\/noticias\/2022\/08\/31\/la-educacion-es-primordial-para-el-distrito\/","url":"https:\/\/diariodeloeste.com\/noticias\/2022\/08\/31\/la-educacion-es-primordial-para-el-distrito\/","name":"LA EDUCACI\u00d3N ES PRIMORDIAL PARA EL DISTRITO - Diario del Oeste","isPartOf":{"@id":"https:\/\/diariodeloeste.com\/noticias\/#website"},"primaryImageOfPage":{"@id":"https:\/\/diariodeloeste.com\/noticias\/2022\/08\/31\/la-educacion-es-primordial-para-el-distrito\/#primaryimage"},"image":{"@id":"https:\/\/diariodeloeste.com\/noticias\/2022\/08\/31\/la-educacion-es-primordial-para-el-distrito\/#primaryimage"},"thumbnailUrl":"https:\/\/josecpaz.gob.ar\/wp-content\/uploads\/2022\/08\/1.jpg","datePublished":"2022-08-31T23:39:56+00:00","dateModified":"2022-08-31T23:40:40+00:00","breadcrumb":{"@id":"https:\/\/diariodeloeste.com\/noticias\/2022\/08\/31\/la-educacion-es-primordial-para-el-distrito\/#breadcrumb"},"inLanguage":"es-AR","potentialAction":[{"@type":"ReadAction","target":["https:\/\/diariodeloeste.com\/noticias\/2022\/08\/31\/la-educacion-es-primordial-para-el-distrito\/"]}]},{"@type":"ImageObject","inLanguage":"es-AR","@id":"https:\/\/diariodeloeste.com\/noticias\/2022\/08\/31\/la-educacion-es-primordial-para-el-distrito\/#primaryimage","url":"https:\/\/josecpaz.gob.ar\/wp-content\/uploads\/2022\/08\/1.jpg","contentUrl":"https:\/\/josecpaz.gob.ar\/wp-content\/uploads\/2022\/08\/1.jpg"},{"@type":"BreadcrumbList","@id":"https:\/\/diariodeloeste.com\/noticias\/2022\/08\/31\/la-educacion-es-primordial-para-el-distrito\/#breadcrumb","itemListElement":[{"@type":"ListItem","position":1,"name":"Inicio","item":"https:\/\/diariodeloeste.com\/noticias\/"},{"@type":"ListItem","position":2,"name":"LA EDUCACI\u00d3N ES PRIMORDIAL PARA EL DISTRITO"}]},{"@type":"WebSite","@id":"https:\/\/diariodeloeste.com\/noticias\/#website","url":"https:\/\/diariodeloeste.com\/noticias\/","name":"Diario del Oeste","description":"Noticias del Oeste","publisher":{"@id":"https:\/\/diariodeloeste.com\/noticias\/#organization"},"potentialAction":[{"@type":"SearchAction","target":{"@type":"EntryPoint","urlTemplate":"https:\/\/diariodeloeste.com\/noticias\/?s={search_term_string}"},"query-input":{"@type":"PropertyValueSpecification","valueRequired":true,"valueName":"search_term_string"}}],"inLanguage":"es-AR"},{"@type":"Organization","@id":"https:\/\/diariodeloeste.com\/noticias\/#organization","name":"Diario del Oeste","url":"https:\/\/diariodeloeste.com\/noticias\/","logo":{"@type":"ImageObject","inLanguage":"es-AR","@id":"https:\/\/diariodeloeste.com\/noticias\/#\/schema\/logo\/image\/","url":"https:\/\/diariodeloeste.com\/noticias\/wp-content\/uploads\/2019\/04\/logo.png","contentUrl":"https:\/\/diariodeloeste.com\/noticias\/wp-content\/uploads\/2019\/04\/logo.png","width":306,"height":145,"caption":"Diario del Oeste"},"image":{"@id":"https:\/\/diariodeloeste.com\/noticias\/#\/schema\/logo\/image\/"}},{"@type":"Person","@id":"https:\/\/diariodeloeste.com\/noticias\/#\/schema\/person\/1f7be965f8c093432e1cbfcee0ac4047","name":"Redaccion","image":{"@type":"ImageObject","inLanguage":"es-AR","@id":"https:\/\/secure.gravatar.com\/avatar\/f9bc3a12e26b32d818d88f9a5b61de20b559752e499df507efa7ea3cea0550ef?s=96&d=mm&r=g","url":"https:\/\/secure.gravatar.com\/avatar\/f9bc3a12e26b32d818d88f9a5b61de20b559752e499df507efa7ea3cea0550ef?s=96&d=mm&r=g","contentUrl":"https:\/\/secure.gravatar.com\/avatar\/f9bc3a12e26b32d818d88f9a5b61de20b559752e499df507efa7ea3cea0550ef?s=96&d=mm&r=g","caption":"Redaccion"},"url":"https:\/\/diariodeloeste.com\/noticias\/author\/redaccion\/"}]}},"_links":{"self":[{"href":"https:\/\/diariodeloeste.com\/noticias\/wp-json\/wp\/v2\/posts\/8290","targetHints":{"allow":["GET"]}}],"collection":[{"href":"https:\/\/diariodeloeste.com\/noticias\/wp-json\/wp\/v2\/posts"}],"about":[{"href":"https:\/\/diariodeloeste.com\/noticias\/wp-json\/wp\/v2\/types\/post"}],"author":[{"embeddable":true,"href":"https:\/\/diariodeloeste.com\/noticias\/wp-json\/wp\/v2\/users\/3"}],"replies":[{"embeddable":true,"href":"https:\/\/diariodeloeste.com\/noticias\/wp-json\/wp\/v2\/comments?post=8290"}],"version-history":[{"count":1,"href":"https:\/\/diariodeloeste.com\/noticias\/wp-json\/wp\/v2\/posts\/8290\/revisions"}],"predecessor-version":[{"id":8292,"href":"https:\/\/diariodeloeste.com\/noticias\/wp-json\/wp\/v2\/posts\/8290\/revisions\/8292"}],"wp:attachment":[{"href":"https:\/\/diariodeloeste.com\/noticias\/wp-json\/wp\/v2\/media?parent=8290"}],"wp:term":[{"taxonomy":"category","embeddable":true,"href":"https:\/\/diariodeloeste.com\/noticias\/wp-json\/wp\/v2\/categories?post=8290"},{"taxonomy":"post_tag","embeddable":true,"href":"https:\/\/diariodeloeste.com\/noticias\/wp-json\/wp\/v2\/tags?post=8290"}],"curies":[{"name":"wp","href":"https:\/\/api.w.org\/{rel}","templated":true}]}}