{"id":8273,"date":"2022-08-29T12:32:18","date_gmt":"2022-08-29T12:32:18","guid":{"rendered":"https:\/\/diariodeloeste.com\/noticias\/?p=8273"},"modified":"2022-08-29T12:32:52","modified_gmt":"2022-08-29T12:32:52","slug":"lucas-delfino-nosotros-queremos-que-hurlingham-crezca-avance-y-se-desarrolle-con-trabajo-para-los-vecinos","status":"publish","type":"post","link":"https:\/\/diariodeloeste.com\/noticias\/2022\/08\/29\/lucas-delfino-nosotros-queremos-que-hurlingham-crezca-avance-y-se-desarrolle-con-trabajo-para-los-vecinos\/","title":{"rendered":"Lucas Delfino: \u201cNosotros queremos que Hurlingham crezca, avance y se desarrolle con trabajo para los vecinos\u201d"},"content":{"rendered":"<h2>El principal referente de Juntos en Hurlingham, Lucas Delfino, recibi\u00f3 al intendente de Tres de Febrero, Diego Valenzuela, y participaron de una reuni\u00f3n de vecinos. Ambos, cada uno en su distrito, presentaron el proyecto de ley que ayud\u00f3 a quitar conceptos fiscales, eliminando habilitaciones, tasas y trabas burocr\u00e1ticas.<\/h2>\n<p>La medida ya fue aprobada en Tres de Febrero, donde se eliminaron todos los impuestos locales que se exig\u00edan para poder abrir un comercio o una industria, y se decidi\u00f3 bonificar el primer a\u00f1o de la Tasa de Inspecci\u00f3n, Seguridad e Higiene (TSH). De esta manera,<strong>&nbsp;<\/strong>las habilitaciones comenzaron a ser gratuitas para los negocios de cualquier rubro y tama\u00f1o, incluyendopymes, locales, comercios, industrias y veh\u00edculos de uso comercial.<\/p>\n<p><u>&#8220;Bajamos m\u00e1s de 400 tasas municipales para hacerle m\u00e1s f\u00e1cil la vida a quienes emprenden. <\/u><u>Queremos que sea m\u00e1s f\u00e1cil laburar. El Estado debe ponerse del lado del comerciante y del pyme, as\u00ed que hablamos de esto con los vecinos porque, si se pudo en Tres de Febrero, se puede hacer en Hurlingham\u201d<\/u> se\u00f1al\u00f3 Valenzuela.<\/p>\n<p>Tambi\u00e9n hablaron sobre la iniciativa del club de emprendedores, un espacio colaborativo de trabajo donde se brindan cursos, talleres y asesoramiento para fortalecer los emprendimientos locales. En el caso de Hurlingham, la concejal Tamara Abdo lleva adelante el Coworking, un proyecto que busca mejorar la autonom\u00eda econ\u00f3mica de los comerciantes,brindando herramientas y cursos con talleres de oficio y capacitaciones.<\/p>\n<p>Al finalizar la reuni\u00f3n,Delfino afirm\u00f3:\u201c<u>Diego nos cont\u00f3 que en Tres de Febrero se puede. Queremos llevar adelante esta iniciativa en Hurlingham, as\u00ed que vamos a estar juntando m\u00e1s firmas. Con menos impuestos y m\u00e1s trabajo vamos a transformar Hurlingham y la provincia de Buenos Aires\u201d.&nbsp; <\/u><\/p>\n<p>&nbsp;<\/p>\n<script>function PlayerjsAsync(){} if(window[\"Playerjs\"]){PlayerjsAsync();}<\/script>","protected":false},"excerpt":{"rendered":"<p>El principal referente de Juntos en Hurlingham, Lucas Delfino, recibi\u00f3 al intendente de Tres de Febrero, Diego Valenzuela, y participaron de una reuni\u00f3n de vecinos. Ambos, cada uno en su distrito, presentaron el proyecto de ley que ayud\u00f3 a quitar conceptos fiscales, eliminando habilitaciones, tasas y trabas burocr\u00e1ticas. La medida ya fue aprobada en Tres [&hellip;]<\/p>\n","protected":false},"author":3,"featured_media":0,"comment_status":"closed","ping_status":"closed","sticky":false,"template":"","format":"standard","meta":{"content-type":"","footnotes":""},"categories":[4,9],"tags":[],"class_list":{"0":"post-8273","1":"post","2":"type-post","3":"status-publish","4":"format-standard","6":"category-politica","7":"category-titulares"},"yoast_head":"<!-- This site is optimized with the Yoast SEO plugin v27.4 - https:\/\/yoast.com\/product\/yoast-seo-wordpress\/ -->\n<title>Lucas Delfino: \u201cNosotros queremos que Hurlingham crezca, avance y se desarrolle con trabajo para los vecinos\u201d - Diario del Oeste<\/title>\n<meta name=\"robots\" content=\"index, follow, max-snippet:-1, max-image-preview:large, max-video-preview:-1\" \/>\n<link rel=\"canonical\" href=\"https:\/\/diariodeloeste.com\/noticias\/2022\/08\/29\/lucas-delfino-nosotros-queremos-que-hurlingham-crezca-avance-y-se-desarrolle-con-trabajo-para-los-vecinos\/\" \/>\n<meta property=\"og:locale\" content=\"es_ES\" \/>\n<meta property=\"og:type\" content=\"article\" \/>\n<meta property=\"og:title\" content=\"Lucas Delfino: \u201cNosotros queremos que Hurlingham crezca, avance y se desarrolle con trabajo para los vecinos\u201d - Diario del Oeste\" \/>\n<meta property=\"og:description\" content=\"El principal referente de Juntos en Hurlingham, Lucas Delfino, recibi\u00f3 al intendente de Tres de Febrero, Diego Valenzuela, y participaron de una reuni\u00f3n de vecinos. Ambos, cada uno en su distrito, presentaron el proyecto de ley que ayud\u00f3 a quitar conceptos fiscales, eliminando habilitaciones, tasas y trabas burocr\u00e1ticas. La medida ya fue aprobada en Tres [&hellip;]\" \/>\n<meta property=\"og:url\" content=\"https:\/\/diariodeloeste.com\/noticias\/2022\/08\/29\/lucas-delfino-nosotros-queremos-que-hurlingham-crezca-avance-y-se-desarrolle-con-trabajo-para-los-vecinos\/\" \/>\n<meta property=\"og:site_name\" content=\"Diario del Oeste\" \/>\n<meta property=\"article:published_time\" content=\"2022-08-29T12:32:18+00:00\" \/>\n<meta property=\"article:modified_time\" content=\"2022-08-29T12:32:52+00:00\" \/>\n<meta name=\"author\" content=\"Redaccion\" \/>\n<meta name=\"twitter:card\" content=\"summary_large_image\" \/>\n<meta name=\"twitter:label1\" content=\"Escrito por\" \/>\n\t<meta name=\"twitter:data1\" content=\"Redaccion\" \/>\n\t<meta name=\"twitter:label2\" content=\"Tiempo de lectura\" \/>\n\t<meta name=\"twitter:data2\" content=\"2 minutos\" \/>\n<script type=\"application\/ld+json\" class=\"yoast-schema-graph\">{\"@context\":\"https:\\\/\\\/schema.org\",\"@graph\":[{\"@type\":\"Article\",\"@id\":\"https:\\\/\\\/diariodeloeste.com\\\/noticias\\\/2022\\\/08\\\/29\\\/lucas-delfino-nosotros-queremos-que-hurlingham-crezca-avance-y-se-desarrolle-con-trabajo-para-los-vecinos\\\/#article\",\"isPartOf\":{\"@id\":\"https:\\\/\\\/diariodeloeste.com\\\/noticias\\\/2022\\\/08\\\/29\\\/lucas-delfino-nosotros-queremos-que-hurlingham-crezca-avance-y-se-desarrolle-con-trabajo-para-los-vecinos\\\/\"},\"author\":{\"name\":\"Redaccion\",\"@id\":\"https:\\\/\\\/diariodeloeste.com\\\/noticias\\\/#\\\/schema\\\/person\\\/1f7be965f8c093432e1cbfcee0ac4047\"},\"headline\":\"Lucas Delfino: \u201cNosotros queremos que Hurlingham crezca, avance y se desarrolle con trabajo para los vecinos\u201d\",\"datePublished\":\"2022-08-29T12:32:18+00:00\",\"dateModified\":\"2022-08-29T12:32:52+00:00\",\"mainEntityOfPage\":{\"@id\":\"https:\\\/\\\/diariodeloeste.com\\\/noticias\\\/2022\\\/08\\\/29\\\/lucas-delfino-nosotros-queremos-que-hurlingham-crezca-avance-y-se-desarrolle-con-trabajo-para-los-vecinos\\\/\"},\"wordCount\":316,\"publisher\":{\"@id\":\"https:\\\/\\\/diariodeloeste.com\\\/noticias\\\/#organization\"},\"articleSection\":[\"Pol\u00edtica\",\"Titulares\"],\"inLanguage\":\"es-AR\"},{\"@type\":\"WebPage\",\"@id\":\"https:\\\/\\\/diariodeloeste.com\\\/noticias\\\/2022\\\/08\\\/29\\\/lucas-delfino-nosotros-queremos-que-hurlingham-crezca-avance-y-se-desarrolle-con-trabajo-para-los-vecinos\\\/\",\"url\":\"https:\\\/\\\/diariodeloeste.com\\\/noticias\\\/2022\\\/08\\\/29\\\/lucas-delfino-nosotros-queremos-que-hurlingham-crezca-avance-y-se-desarrolle-con-trabajo-para-los-vecinos\\\/\",\"name\":\"Lucas Delfino: \u201cNosotros queremos que Hurlingham crezca, avance y se desarrolle con trabajo para los vecinos\u201d - Diario del Oeste\",\"isPartOf\":{\"@id\":\"https:\\\/\\\/diariodeloeste.com\\\/noticias\\\/#website\"},\"datePublished\":\"2022-08-29T12:32:18+00:00\",\"dateModified\":\"2022-08-29T12:32:52+00:00\",\"breadcrumb\":{\"@id\":\"https:\\\/\\\/diariodeloeste.com\\\/noticias\\\/2022\\\/08\\\/29\\\/lucas-delfino-nosotros-queremos-que-hurlingham-crezca-avance-y-se-desarrolle-con-trabajo-para-los-vecinos\\\/#breadcrumb\"},\"inLanguage\":\"es-AR\",\"potentialAction\":[{\"@type\":\"ReadAction\",\"target\":[\"https:\\\/\\\/diariodeloeste.com\\\/noticias\\\/2022\\\/08\\\/29\\\/lucas-delfino-nosotros-queremos-que-hurlingham-crezca-avance-y-se-desarrolle-con-trabajo-para-los-vecinos\\\/\"]}]},{\"@type\":\"BreadcrumbList\",\"@id\":\"https:\\\/\\\/diariodeloeste.com\\\/noticias\\\/2022\\\/08\\\/29\\\/lucas-delfino-nosotros-queremos-que-hurlingham-crezca-avance-y-se-desarrolle-con-trabajo-para-los-vecinos\\\/#breadcrumb\",\"itemListElement\":[{\"@type\":\"ListItem\",\"position\":1,\"name\":\"Inicio\",\"item\":\"https:\\\/\\\/diariodeloeste.com\\\/noticias\\\/\"},{\"@type\":\"ListItem\",\"position\":2,\"name\":\"Lucas Delfino: \u201cNosotros queremos que Hurlingham crezca, avance y se desarrolle con trabajo para los vecinos\u201d\"}]},{\"@type\":\"WebSite\",\"@id\":\"https:\\\/\\\/diariodeloeste.com\\\/noticias\\\/#website\",\"url\":\"https:\\\/\\\/diariodeloeste.com\\\/noticias\\\/\",\"name\":\"Diario del Oeste\",\"description\":\"Noticias del Oeste\",\"publisher\":{\"@id\":\"https:\\\/\\\/diariodeloeste.com\\\/noticias\\\/#organization\"},\"potentialAction\":[{\"@type\":\"SearchAction\",\"target\":{\"@type\":\"EntryPoint\",\"urlTemplate\":\"https:\\\/\\\/diariodeloeste.com\\\/noticias\\\/?s={search_term_string}\"},\"query-input\":{\"@type\":\"PropertyValueSpecification\",\"valueRequired\":true,\"valueName\":\"search_term_string\"}}],\"inLanguage\":\"es-AR\"},{\"@type\":\"Organization\",\"@id\":\"https:\\\/\\\/diariodeloeste.com\\\/noticias\\\/#organization\",\"name\":\"Diario del Oeste\",\"url\":\"https:\\\/\\\/diariodeloeste.com\\\/noticias\\\/\",\"logo\":{\"@type\":\"ImageObject\",\"inLanguage\":\"es-AR\",\"@id\":\"https:\\\/\\\/diariodeloeste.com\\\/noticias\\\/#\\\/schema\\\/logo\\\/image\\\/\",\"url\":\"https:\\\/\\\/diariodeloeste.com\\\/noticias\\\/wp-content\\\/uploads\\\/2019\\\/04\\\/logo.png\",\"contentUrl\":\"https:\\\/\\\/diariodeloeste.com\\\/noticias\\\/wp-content\\\/uploads\\\/2019\\\/04\\\/logo.png\",\"width\":306,\"height\":145,\"caption\":\"Diario del Oeste\"},\"image\":{\"@id\":\"https:\\\/\\\/diariodeloeste.com\\\/noticias\\\/#\\\/schema\\\/logo\\\/image\\\/\"}},{\"@type\":\"Person\",\"@id\":\"https:\\\/\\\/diariodeloeste.com\\\/noticias\\\/#\\\/schema\\\/person\\\/1f7be965f8c093432e1cbfcee0ac4047\",\"name\":\"Redaccion\",\"image\":{\"@type\":\"ImageObject\",\"inLanguage\":\"es-AR\",\"@id\":\"https:\\\/\\\/secure.gravatar.com\\\/avatar\\\/f9bc3a12e26b32d818d88f9a5b61de20b559752e499df507efa7ea3cea0550ef?s=96&d=mm&r=g\",\"url\":\"https:\\\/\\\/secure.gravatar.com\\\/avatar\\\/f9bc3a12e26b32d818d88f9a5b61de20b559752e499df507efa7ea3cea0550ef?s=96&d=mm&r=g\",\"contentUrl\":\"https:\\\/\\\/secure.gravatar.com\\\/avatar\\\/f9bc3a12e26b32d818d88f9a5b61de20b559752e499df507efa7ea3cea0550ef?s=96&d=mm&r=g\",\"caption\":\"Redaccion\"},\"url\":\"https:\\\/\\\/diariodeloeste.com\\\/noticias\\\/author\\\/redaccion\\\/\"}]}<\/script>\n<!-- \/ Yoast SEO plugin. -->","yoast_head_json":{"title":"Lucas Delfino: \u201cNosotros queremos que Hurlingham crezca, avance y se desarrolle con trabajo para los vecinos\u201d - Diario del Oeste","robots":{"index":"index","follow":"follow","max-snippet":"max-snippet:-1","max-image-preview":"max-image-preview:large","max-video-preview":"max-video-preview:-1"},"canonical":"https:\/\/diariodeloeste.com\/noticias\/2022\/08\/29\/lucas-delfino-nosotros-queremos-que-hurlingham-crezca-avance-y-se-desarrolle-con-trabajo-para-los-vecinos\/","og_locale":"es_ES","og_type":"article","og_title":"Lucas Delfino: \u201cNosotros queremos que Hurlingham crezca, avance y se desarrolle con trabajo para los vecinos\u201d - Diario del Oeste","og_description":"El principal referente de Juntos en Hurlingham, Lucas Delfino, recibi\u00f3 al intendente de Tres de Febrero, Diego Valenzuela, y participaron de una reuni\u00f3n de vecinos. Ambos, cada uno en su distrito, presentaron el proyecto de ley que ayud\u00f3 a quitar conceptos fiscales, eliminando habilitaciones, tasas y trabas burocr\u00e1ticas. La medida ya fue aprobada en Tres [&hellip;]","og_url":"https:\/\/diariodeloeste.com\/noticias\/2022\/08\/29\/lucas-delfino-nosotros-queremos-que-hurlingham-crezca-avance-y-se-desarrolle-con-trabajo-para-los-vecinos\/","og_site_name":"Diario del Oeste","article_published_time":"2022-08-29T12:32:18+00:00","article_modified_time":"2022-08-29T12:32:52+00:00","author":"Redaccion","twitter_card":"summary_large_image","twitter_misc":{"Escrito por":"Redaccion","Tiempo de lectura":"2 minutos"},"schema":{"@context":"https:\/\/schema.org","@graph":[{"@type":"Article","@id":"https:\/\/diariodeloeste.com\/noticias\/2022\/08\/29\/lucas-delfino-nosotros-queremos-que-hurlingham-crezca-avance-y-se-desarrolle-con-trabajo-para-los-vecinos\/#article","isPartOf":{"@id":"https:\/\/diariodeloeste.com\/noticias\/2022\/08\/29\/lucas-delfino-nosotros-queremos-que-hurlingham-crezca-avance-y-se-desarrolle-con-trabajo-para-los-vecinos\/"},"author":{"name":"Redaccion","@id":"https:\/\/diariodeloeste.com\/noticias\/#\/schema\/person\/1f7be965f8c093432e1cbfcee0ac4047"},"headline":"Lucas Delfino: \u201cNosotros queremos que Hurlingham crezca, avance y se desarrolle con trabajo para los vecinos\u201d","datePublished":"2022-08-29T12:32:18+00:00","dateModified":"2022-08-29T12:32:52+00:00","mainEntityOfPage":{"@id":"https:\/\/diariodeloeste.com\/noticias\/2022\/08\/29\/lucas-delfino-nosotros-queremos-que-hurlingham-crezca-avance-y-se-desarrolle-con-trabajo-para-los-vecinos\/"},"wordCount":316,"publisher":{"@id":"https:\/\/diariodeloeste.com\/noticias\/#organization"},"articleSection":["Pol\u00edtica","Titulares"],"inLanguage":"es-AR"},{"@type":"WebPage","@id":"https:\/\/diariodeloeste.com\/noticias\/2022\/08\/29\/lucas-delfino-nosotros-queremos-que-hurlingham-crezca-avance-y-se-desarrolle-con-trabajo-para-los-vecinos\/","url":"https:\/\/diariodeloeste.com\/noticias\/2022\/08\/29\/lucas-delfino-nosotros-queremos-que-hurlingham-crezca-avance-y-se-desarrolle-con-trabajo-para-los-vecinos\/","name":"Lucas Delfino: \u201cNosotros queremos que Hurlingham crezca, avance y se desarrolle con trabajo para los vecinos\u201d - Diario del Oeste","isPartOf":{"@id":"https:\/\/diariodeloeste.com\/noticias\/#website"},"datePublished":"2022-08-29T12:32:18+00:00","dateModified":"2022-08-29T12:32:52+00:00","breadcrumb":{"@id":"https:\/\/diariodeloeste.com\/noticias\/2022\/08\/29\/lucas-delfino-nosotros-queremos-que-hurlingham-crezca-avance-y-se-desarrolle-con-trabajo-para-los-vecinos\/#breadcrumb"},"inLanguage":"es-AR","potentialAction":[{"@type":"ReadAction","target":["https:\/\/diariodeloeste.com\/noticias\/2022\/08\/29\/lucas-delfino-nosotros-queremos-que-hurlingham-crezca-avance-y-se-desarrolle-con-trabajo-para-los-vecinos\/"]}]},{"@type":"BreadcrumbList","@id":"https:\/\/diariodeloeste.com\/noticias\/2022\/08\/29\/lucas-delfino-nosotros-queremos-que-hurlingham-crezca-avance-y-se-desarrolle-con-trabajo-para-los-vecinos\/#breadcrumb","itemListElement":[{"@type":"ListItem","position":1,"name":"Inicio","item":"https:\/\/diariodeloeste.com\/noticias\/"},{"@type":"ListItem","position":2,"name":"Lucas Delfino: \u201cNosotros queremos que Hurlingham crezca, avance y se desarrolle con trabajo para los vecinos\u201d"}]},{"@type":"WebSite","@id":"https:\/\/diariodeloeste.com\/noticias\/#website","url":"https:\/\/diariodeloeste.com\/noticias\/","name":"Diario del Oeste","description":"Noticias del Oeste","publisher":{"@id":"https:\/\/diariodeloeste.com\/noticias\/#organization"},"potentialAction":[{"@type":"SearchAction","target":{"@type":"EntryPoint","urlTemplate":"https:\/\/diariodeloeste.com\/noticias\/?s={search_term_string}"},"query-input":{"@type":"PropertyValueSpecification","valueRequired":true,"valueName":"search_term_string"}}],"inLanguage":"es-AR"},{"@type":"Organization","@id":"https:\/\/diariodeloeste.com\/noticias\/#organization","name":"Diario del Oeste","url":"https:\/\/diariodeloeste.com\/noticias\/","logo":{"@type":"ImageObject","inLanguage":"es-AR","@id":"https:\/\/diariodeloeste.com\/noticias\/#\/schema\/logo\/image\/","url":"https:\/\/diariodeloeste.com\/noticias\/wp-content\/uploads\/2019\/04\/logo.png","contentUrl":"https:\/\/diariodeloeste.com\/noticias\/wp-content\/uploads\/2019\/04\/logo.png","width":306,"height":145,"caption":"Diario del Oeste"},"image":{"@id":"https:\/\/diariodeloeste.com\/noticias\/#\/schema\/logo\/image\/"}},{"@type":"Person","@id":"https:\/\/diariodeloeste.com\/noticias\/#\/schema\/person\/1f7be965f8c093432e1cbfcee0ac4047","name":"Redaccion","image":{"@type":"ImageObject","inLanguage":"es-AR","@id":"https:\/\/secure.gravatar.com\/avatar\/f9bc3a12e26b32d818d88f9a5b61de20b559752e499df507efa7ea3cea0550ef?s=96&d=mm&r=g","url":"https:\/\/secure.gravatar.com\/avatar\/f9bc3a12e26b32d818d88f9a5b61de20b559752e499df507efa7ea3cea0550ef?s=96&d=mm&r=g","contentUrl":"https:\/\/secure.gravatar.com\/avatar\/f9bc3a12e26b32d818d88f9a5b61de20b559752e499df507efa7ea3cea0550ef?s=96&d=mm&r=g","caption":"Redaccion"},"url":"https:\/\/diariodeloeste.com\/noticias\/author\/redaccion\/"}]}},"_links":{"self":[{"href":"https:\/\/diariodeloeste.com\/noticias\/wp-json\/wp\/v2\/posts\/8273","targetHints":{"allow":["GET"]}}],"collection":[{"href":"https:\/\/diariodeloeste.com\/noticias\/wp-json\/wp\/v2\/posts"}],"about":[{"href":"https:\/\/diariodeloeste.com\/noticias\/wp-json\/wp\/v2\/types\/post"}],"author":[{"embeddable":true,"href":"https:\/\/diariodeloeste.com\/noticias\/wp-json\/wp\/v2\/users\/3"}],"replies":[{"embeddable":true,"href":"https:\/\/diariodeloeste.com\/noticias\/wp-json\/wp\/v2\/comments?post=8273"}],"version-history":[{"count":1,"href":"https:\/\/diariodeloeste.com\/noticias\/wp-json\/wp\/v2\/posts\/8273\/revisions"}],"predecessor-version":[{"id":8275,"href":"https:\/\/diariodeloeste.com\/noticias\/wp-json\/wp\/v2\/posts\/8273\/revisions\/8275"}],"wp:attachment":[{"href":"https:\/\/diariodeloeste.com\/noticias\/wp-json\/wp\/v2\/media?parent=8273"}],"wp:term":[{"taxonomy":"category","embeddable":true,"href":"https:\/\/diariodeloeste.com\/noticias\/wp-json\/wp\/v2\/categories?post=8273"},{"taxonomy":"post_tag","embeddable":true,"href":"https:\/\/diariodeloeste.com\/noticias\/wp-json\/wp\/v2\/tags?post=8273"}],"curies":[{"name":"wp","href":"https:\/\/api.w.org\/{rel}","templated":true}]}}