{"id":8128,"date":"2022-07-12T23:58:42","date_gmt":"2022-07-12T23:58:42","guid":{"rendered":"https:\/\/diariodeloeste.com\/noticias\/?p=8128"},"modified":"2022-07-12T23:58:42","modified_gmt":"2022-07-12T23:58:42","slug":"el-intendente-mario-ishii-acompano-el-acto-de-graduacion-de-422-alumnos-de-unpaz","status":"publish","type":"post","link":"https:\/\/diariodeloeste.com\/noticias\/2022\/07\/12\/el-intendente-mario-ishii-acompano-el-acto-de-graduacion-de-422-alumnos-de-unpaz\/","title":{"rendered":"EL INTENDENTE MARIO ISHII ACOMPA\u00d1\u00d3 EL ACTO DE GRADUACI\u00d3N DE 422 ALUMNOS DE UNPAZ"},"content":{"rendered":"<div class=\"entry-content\">\n<h2><em>Jos\u00e9 C. Paz, martes 5 de julio de 2022.-<\/em>&nbsp;En un acto encabezado por el rector&nbsp;<strong>Dar\u00edo Kusinsky&nbsp;<\/strong>y el intendente&nbsp;<strong>Mario Ishii<\/strong>, se hizo entrega de 422 t\u00edtulos a estudiantes de las carreras dependientes de los departamentos de Ciencias de la Salud y el Deporte, Ciencias Jur\u00eddicas y Sociales, Econom\u00eda Producci\u00f3n e Innovaci\u00f3n Tecnol\u00f3gica y Escuela de Posgrado.<\/h2>\n<p>Una jornada vivida con mucha emoci\u00f3n por graduadas y graduados, funcionarios, familiares y seres queridos, que ser\u00e1 recordada como la primera ceremonia de colaci\u00f3n celebrada en el edificio de la carrera de Medicina de nuestra Universidad. Durante el evento, se hizo un especial reconocimiento a la trayectoria de las y los estudiantes y al acompa\u00f1amiento de sus familias, al tiempo que se resalt\u00f3 el valor de la educaci\u00f3n superior como una herramienta de verdadera transformaci\u00f3n de la realidad.<\/p>\n<p>Junto al intendente y el rector, acompa\u00f1aron la mesa de ceremonia la vicerrectora,&nbsp;<strong>Silvia Storino<\/strong>; la secretaria acad\u00e9mica,&nbsp;<strong>Paula Zabaleta<\/strong>; la directora del departamento de Econom\u00eda, Producci\u00f3n e Innovaci\u00f3n Tecnol\u00f3gica,&nbsp;<strong>Cintia Gasparini<\/strong>; la vicedirectora del departamento de Ciencias Jur\u00eddicas y Sociales,&nbsp;<strong>Marina Wagener<\/strong>; y el director del departamento de Ciencias de la Salud y el Deporte, Leonel Tesler.<\/p>\n<p>El rector Dario Kusinsky agradeci\u00f3 la presencia de familiares, compa\u00f1eros y funcionarios presentes en el acto. \u201cHay que honrar el enorme trabajo que hay detr\u00e1s de este momento de celebraci\u00f3n. Ahora ser\u00e1n nuestros representantes ante la comunidad, ejerciendo sus profesiones\u201d, resalt\u00f3 el rector.<br \/>\n\u201cHay que sostener el derecho a la educaci\u00f3n superior. Cuando a nivel mundial se discute si las universidades son una mercanc\u00eda o un derecho, esto que sucede en nuestro pa\u00eds no hay que naturalizarlo, para que futuras generaciones puedan seguir esto, y poder sostener esta soberan\u00eda educativa\u201d, afirm\u00f3 Kusinsky.<\/p>\n<p>Por su parte, el intendente Mario Ishii afirm\u00f3 que \u201ces una satisfacci\u00f3n enorme ver la cantidad de alumnos que se han graduado. Lo que hemos hecho, lo que hemos trabajado y lo que trabajan hoy las autoridades y profesores de la Universidad, no es en vano. La Universidad creci\u00f3 de una forma extraordinaria\u201d.<br \/>\nAsimismo, Ishii sostuvo que \u201cestudiar en una Universidad es un acto de rebeld\u00eda de los pobres. Ese acto de rebeld\u00eda es querer salir adelante\u201d, al tiempo que resalt\u00f3 el hecho de que, en Jos\u00e9 C. Paz, la educaci\u00f3n est\u00e1 al alcance de todas y todos, desde el nivel inicial hasta el universitario.<\/p>\n<p>Transmitido en vivo por el canal de YouTube de la Universidad y la Municipalidad, el acto cont\u00f3 con la presencia de docentes, autoridades y funcionarios locales entre los que se encontraban el presidente del Honorable Concejo Deliberante,&nbsp;<strong>Roque Caggiano<\/strong>; el secretario de Obras y Servicios P\u00fablicos,&nbsp;<strong>Roberto Caggiano<\/strong>; el secretario de Gobierno,&nbsp;<strong>Pablo Mansilla<\/strong>; el secretario de Deportes,&nbsp;<strong>Rodolfo Pino<\/strong>&nbsp;y el secretario de Proyectos e Infraestructura,&nbsp;<strong>Ignacio Delgado<\/strong>.<\/p>\n<p>&nbsp;<\/p>\n<p>Las y los flamantes graduadas y graduados, se mostraron orgullosas y orgullosos por haber realizado su formaci\u00f3n acad\u00e9mica en una universidad p\u00fablica e inclusiva, destacando la producci\u00f3n de conocimiento de calidad y la construcci\u00f3n de una \u00e9tica profesional justa y solidaria.<\/p>\n<div class=\"wp-block-spacer\" aria-hidden=\"true\">&nbsp;<\/div>\n<p>El registro completo del acto se encuentra en el canal de YouTube de la UNPAZ:<\/p>\n<figure class=\"wp-block-embed is-type-video is-provider-youtube wp-block-embed-youtube wp-embed-aspect-16-9 wp-has-aspect-ratio\">\n<div class=\"wp-block-embed__wrapper\"><iframe loading=\"lazy\" title=\"XV CEREMONIA DE COLACI\u00d3N #UNPAZ\" src=\"https:\/\/www.youtube.com\/embed\/BW4Ey7NGl3U?feature=oembed\" width=\"500\" height=\"281\" frameborder=\"0\" allowfullscreen=\"allowfullscreen\" data-mce-fragment=\"1\"><\/iframe><\/div>\n<\/figure>\n<div class=\"wp-block-spacer\" aria-hidden=\"true\">&nbsp;<\/div>\n<div class=\"wp-block-image\">\n<figure class=\"aligncenter size-full\"><img loading=\"lazy\" loading=\"lazy\" decoding=\"async\" class=\"wp-image-11912\" src=\"https:\/\/josecpaz.gob.ar\/wp-content\/uploads\/2022\/07\/1-scaled.jpg\" sizes=\"auto, (max-width: 2560px) 100vw, 2560px\" srcset=\"https:\/\/josecpaz.gob.ar\/wp-content\/uploads\/2022\/07\/1-scaled.jpg 2560w, https:\/\/josecpaz.gob.ar\/wp-content\/uploads\/2022\/07\/1-768x517.jpg 768w, https:\/\/josecpaz.gob.ar\/wp-content\/uploads\/2022\/07\/1-1536x1034.jpg 1536w, https:\/\/josecpaz.gob.ar\/wp-content\/uploads\/2022\/07\/1-2048x1378.jpg 2048w\" alt=\"\" width=\"2560\" height=\"1723\"><\/figure>\n<\/div>\n<div class=\"wp-block-spacer\" aria-hidden=\"true\">&nbsp;<\/div>\n<div class=\"wp-block-image\">\n<figure class=\"aligncenter size-full\"><img loading=\"lazy\" loading=\"lazy\" decoding=\"async\" class=\"wp-image-11913\" src=\"https:\/\/josecpaz.gob.ar\/wp-content\/uploads\/2022\/07\/2-scaled.jpg\" sizes=\"auto, (max-width: 2560px) 100vw, 2560px\" srcset=\"https:\/\/josecpaz.gob.ar\/wp-content\/uploads\/2022\/07\/2-scaled.jpg 2560w, https:\/\/josecpaz.gob.ar\/wp-content\/uploads\/2022\/07\/2-768x433.jpg 768w, https:\/\/josecpaz.gob.ar\/wp-content\/uploads\/2022\/07\/2-1536x865.jpg 1536w, https:\/\/josecpaz.gob.ar\/wp-content\/uploads\/2022\/07\/2-2048x1154.jpg 2048w\" alt=\"\" width=\"2560\" height=\"1442\"><\/figure>\n<\/div>\n<div class=\"wp-block-spacer\" aria-hidden=\"true\">&nbsp;<\/div>\n<div class=\"wp-block-image\">\n<figure class=\"aligncenter size-full\"><img loading=\"lazy\" loading=\"lazy\" decoding=\"async\" class=\"wp-image-11914\" src=\"https:\/\/josecpaz.gob.ar\/wp-content\/uploads\/2022\/07\/3-scaled.jpg\" sizes=\"auto, (max-width: 2560px) 100vw, 2560px\" srcset=\"https:\/\/josecpaz.gob.ar\/wp-content\/uploads\/2022\/07\/3-scaled.jpg 2560w, https:\/\/josecpaz.gob.ar\/wp-content\/uploads\/2022\/07\/3-768x512.jpg 768w, https:\/\/josecpaz.gob.ar\/wp-content\/uploads\/2022\/07\/3-1536x1024.jpg 1536w, https:\/\/josecpaz.gob.ar\/wp-content\/uploads\/2022\/07\/3-2048x1365.jpg 2048w\" alt=\"\" width=\"2560\" height=\"1707\"><\/figure>\n<\/div>\n<div class=\"wp-block-spacer\" aria-hidden=\"true\">&nbsp;<\/div>\n<figure class=\"wp-block-image size-full\"><img loading=\"lazy\" loading=\"lazy\" decoding=\"async\" class=\"wp-image-11915\" src=\"https:\/\/josecpaz.gob.ar\/wp-content\/uploads\/2022\/07\/4-scaled.jpg\" sizes=\"auto, (max-width: 2560px) 100vw, 2560px\" srcset=\"https:\/\/josecpaz.gob.ar\/wp-content\/uploads\/2022\/07\/4-scaled.jpg 2560w, https:\/\/josecpaz.gob.ar\/wp-content\/uploads\/2022\/07\/4-768x512.jpg 768w, https:\/\/josecpaz.gob.ar\/wp-content\/uploads\/2022\/07\/4-1536x1024.jpg 1536w, https:\/\/josecpaz.gob.ar\/wp-content\/uploads\/2022\/07\/4-2048x1365.jpg 2048w\" alt=\"\" width=\"2560\" height=\"1707\"><\/figure>\n<div class=\"wp-block-spacer\" aria-hidden=\"true\">&nbsp;<\/div>\n<figure class=\"wp-block-image size-full\"><img loading=\"lazy\" loading=\"lazy\" decoding=\"async\" class=\"wp-image-11927\" src=\"https:\/\/josecpaz.gob.ar\/wp-content\/uploads\/2022\/07\/7-scaled.jpg\" sizes=\"auto, (max-width: 2560px) 100vw, 2560px\" srcset=\"https:\/\/josecpaz.gob.ar\/wp-content\/uploads\/2022\/07\/7-scaled.jpg 2560w, https:\/\/josecpaz.gob.ar\/wp-content\/uploads\/2022\/07\/7-768x512.jpg 768w, https:\/\/josecpaz.gob.ar\/wp-content\/uploads\/2022\/07\/7-1536x1025.jpg 1536w, https:\/\/josecpaz.gob.ar\/wp-content\/uploads\/2022\/07\/7-2048x1366.jpg 2048w\" alt=\"\" width=\"2560\" height=\"1708\"><\/figure>\n<div class=\"wp-block-spacer\" aria-hidden=\"true\">&nbsp;<\/div>\n<figure class=\"wp-block-gallery has-nested-images columns-default is-cropped\">\n<figure class=\"wp-block-image size-large\"><img loading=\"lazy\" loading=\"lazy\" decoding=\"async\" class=\"wp-image-11923\" src=\"https:\/\/josecpaz.gob.ar\/wp-content\/uploads\/2022\/07\/6-1-scaled.jpg\" sizes=\"auto, (max-width: 2560px) 100vw, 2560px\" srcset=\"https:\/\/josecpaz.gob.ar\/wp-content\/uploads\/2022\/07\/6-1-scaled.jpg 2560w, https:\/\/josecpaz.gob.ar\/wp-content\/uploads\/2022\/07\/6-1-768x512.jpg 768w, https:\/\/josecpaz.gob.ar\/wp-content\/uploads\/2022\/07\/6-1-1536x1025.jpg 1536w, https:\/\/josecpaz.gob.ar\/wp-content\/uploads\/2022\/07\/6-1-2048x1366.jpg 2048w\" alt=\"\" width=\"2560\" height=\"1708\" data-id=\"11923\"><\/figure>\n<figure class=\"wp-block-image size-large\"><img loading=\"lazy\" loading=\"lazy\" decoding=\"async\" class=\"wp-image-11920\" src=\"https:\/\/josecpaz.gob.ar\/wp-content\/uploads\/2022\/07\/9-scaled.jpg\" sizes=\"auto, (max-width: 2560px) 100vw, 2560px\" srcset=\"https:\/\/josecpaz.gob.ar\/wp-content\/uploads\/2022\/07\/9-scaled.jpg 2560w, https:\/\/josecpaz.gob.ar\/wp-content\/uploads\/2022\/07\/9-768x512.jpg 768w, https:\/\/josecpaz.gob.ar\/wp-content\/uploads\/2022\/07\/9-1536x1024.jpg 1536w, https:\/\/josecpaz.gob.ar\/wp-content\/uploads\/2022\/07\/9-2048x1365.jpg 2048w\" alt=\"\" width=\"2560\" height=\"1707\" data-id=\"11920\"><\/figure>\n<figure class=\"wp-block-image size-large\"><img loading=\"lazy\" loading=\"lazy\" decoding=\"async\" class=\"wp-image-11921\" src=\"https:\/\/josecpaz.gob.ar\/wp-content\/uploads\/2022\/07\/10-1-scaled.jpg\" sizes=\"auto, (max-width: 2560px) 100vw, 2560px\" srcset=\"https:\/\/josecpaz.gob.ar\/wp-content\/uploads\/2022\/07\/10-1-scaled.jpg 2560w, https:\/\/josecpaz.gob.ar\/wp-content\/uploads\/2022\/07\/10-1-768x512.jpg 768w, https:\/\/josecpaz.gob.ar\/wp-content\/uploads\/2022\/07\/10-1-1536x1024.jpg 1536w, https:\/\/josecpaz.gob.ar\/wp-content\/uploads\/2022\/07\/10-1-2048x1365.jpg 2048w\" alt=\"\" width=\"2560\" height=\"1707\" data-id=\"11921\"><\/figure>\n<figure class=\"wp-block-image size-large\"><img loading=\"lazy\" loading=\"lazy\" decoding=\"async\" class=\"wp-image-11922\" src=\"https:\/\/josecpaz.gob.ar\/wp-content\/uploads\/2022\/07\/13-1-scaled.jpg\" sizes=\"auto, (max-width: 2560px) 100vw, 2560px\" srcset=\"https:\/\/josecpaz.gob.ar\/wp-content\/uploads\/2022\/07\/13-1-scaled.jpg 2560w, https:\/\/josecpaz.gob.ar\/wp-content\/uploads\/2022\/07\/13-1-768x512.jpg 768w, https:\/\/josecpaz.gob.ar\/wp-content\/uploads\/2022\/07\/13-1-1536x1024.jpg 1536w, https:\/\/josecpaz.gob.ar\/wp-content\/uploads\/2022\/07\/13-1-2048x1365.jpg 2048w\" alt=\"\" width=\"2560\" height=\"1707\" data-id=\"11922\"><\/figure>\n<\/figure>\n<div class=\"wp-block-spacer\" aria-hidden=\"true\">&nbsp;<\/div>\n<figure class=\"wp-block-image size-full\"><img loading=\"lazy\" loading=\"lazy\" decoding=\"async\" class=\"wp-image-11926\" src=\"https:\/\/josecpaz.gob.ar\/wp-content\/uploads\/2022\/07\/5-scaled.jpg\" sizes=\"auto, (max-width: 2560px) 100vw, 2560px\" srcset=\"https:\/\/josecpaz.gob.ar\/wp-content\/uploads\/2022\/07\/5-scaled.jpg 2560w, https:\/\/josecpaz.gob.ar\/wp-content\/uploads\/2022\/07\/5-768x512.jpg 768w, https:\/\/josecpaz.gob.ar\/wp-content\/uploads\/2022\/07\/5-1536x1025.jpg 1536w, https:\/\/josecpaz.gob.ar\/wp-content\/uploads\/2022\/07\/5-2048x1366.jpg 2048w\" alt=\"\" width=\"2560\" height=\"1708\"><\/figure>\n<div class=\"wp-block-spacer\" aria-hidden=\"true\">&nbsp;<\/div>\n<figure class=\"wp-block-image size-full\"><img loading=\"lazy\" loading=\"lazy\" decoding=\"async\" class=\"wp-image-11925\" src=\"https:\/\/josecpaz.gob.ar\/wp-content\/uploads\/2022\/07\/11-scaled.jpg\" sizes=\"auto, (max-width: 2560px) 100vw, 2560px\" srcset=\"https:\/\/josecpaz.gob.ar\/wp-content\/uploads\/2022\/07\/11-scaled.jpg 2560w, https:\/\/josecpaz.gob.ar\/wp-content\/uploads\/2022\/07\/11-768x512.jpg 768w, https:\/\/josecpaz.gob.ar\/wp-content\/uploads\/2022\/07\/11-1536x1024.jpg 1536w, https:\/\/josecpaz.gob.ar\/wp-content\/uploads\/2022\/07\/11-2048x1365.jpg 2048w\" alt=\"\" width=\"2560\" height=\"1707\"><\/figure>\n<div class=\"wp-block-spacer\" aria-hidden=\"true\">&nbsp;<\/div>\n<figure class=\"wp-block-image size-full\"><img loading=\"lazy\" loading=\"lazy\" decoding=\"async\" class=\"wp-image-11924\" src=\"https:\/\/josecpaz.gob.ar\/wp-content\/uploads\/2022\/07\/12-scaled.jpg\" sizes=\"auto, (max-width: 2560px) 100vw, 2560px\" srcset=\"https:\/\/josecpaz.gob.ar\/wp-content\/uploads\/2022\/07\/12-scaled.jpg 2560w, https:\/\/josecpaz.gob.ar\/wp-content\/uploads\/2022\/07\/12-768x512.jpg 768w, https:\/\/josecpaz.gob.ar\/wp-content\/uploads\/2022\/07\/12-1536x1024.jpg 1536w, https:\/\/josecpaz.gob.ar\/wp-content\/uploads\/2022\/07\/12-2048x1365.jpg 2048w\" alt=\"\" width=\"2560\" height=\"1707\"><\/figure>\n<\/div>\n<footer class=\"entry-footer\">\n<div class=\"left\"><span class=\"cat-links\"><a href=\"https:\/\/josecpaz.gob.ar\/category\/accion-directa\/\" rel=\"category tag\">Acci\u00f3n Directa<\/a>,&nbsp;<a href=\"https:\/\/josecpaz.gob.ar\/category\/ciencia-y-tecnologia\/\" rel=\"category tag\">Ciencia y Tecnolog\u00eda<\/a>,&nbsp;<a href=\"https:\/\/josecpaz.gob.ar\/category\/culto\/\" rel=\"category tag\">Culto<\/a>,&nbsp;<a href=\"https:\/\/josecpaz.gob.ar\/category\/cultura\/\" rel=\"category tag\">Cultura<\/a>,&nbsp;<a href=\"https:\/\/josecpaz.gob.ar\/category\/deportes\/\" rel=\"category tag\">Deportes<\/a>,&nbsp;<a href=\"https:\/\/josecpaz.gob.ar\/category\/desarrollo\/\" rel=\"category tag\">Desarrollo Social<\/a>,&nbsp;<a href=\"https:\/\/josecpaz.gob.ar\/category\/economia\/\" rel=\"category tag\">Econom\u00eda<\/a>,&nbsp;<a href=\"https:\/\/josecpaz.gob.ar\/category\/educacion\/\" rel=\"category tag\">Educacion<\/a>,&nbsp;<a href=\"https:\/\/josecpaz.gob.ar\/category\/gobierno\/\" rel=\"category tag\">Gobierno<\/a>,&nbsp;<a href=\"https:\/\/josecpaz.gob.ar\/category\/hcd\/\" rel=\"category tag\">HCD<\/a>,&nbsp;<a href=\"https:\/\/josecpaz.gob.ar\/category\/inauguraciones\/\" rel=\"category tag\">Inauguraciones<\/a>,&nbsp;<a href=\"https:\/\/josecpaz.gob.ar\/category\/jefatura-de-gabinete\/\" rel=\"category tag\">Jefatura de Gabinete<\/a>,&nbsp;<a href=\"https:\/\/josecpaz.gob.ar\/category\/juzgados\/\" rel=\"category tag\">Juzgados<\/a>,&nbsp;<a href=\"https:\/\/josecpaz.gob.ar\/category\/obras\/\" rel=\"category tag\">Obras<\/a>,&nbsp;<a href=\"https:\/\/josecpaz.gob.ar\/category\/planificacion-comunitaria\/\" rel=\"category tag\">Planificaci\u00f3n Comunitaria<\/a>,&nbsp;<a href=\"https:\/\/josecpaz.gob.ar\/category\/politica\/\" rel=\"category tag\">Politica<\/a>,&nbsp;<a href=\"https:\/\/josecpaz.gob.ar\/category\/poloproductivo\/\" rel=\"category tag\">Polo Productivo<\/a>,&nbsp;<a href=\"https:\/\/josecpaz.gob.ar\/category\/recoleccion\/\" rel=\"category tag\">Recolecci\u00f3n<\/a>,&nbsp;<a href=\"https:\/\/josecpaz.gob.ar\/category\/salud\/\" rel=\"category tag\">Salud<\/a>,&nbsp;<a href=\"https:\/\/josecpaz.gob.ar\/category\/seguridad\/\" rel=\"category tag\">Seguridad<\/a>,&nbsp;<a href=\"https:\/\/josecpaz.gob.ar\/category\/servicios\/\" rel=\"category tag\">Servicios<\/a>,&nbsp;<a href=\"https:\/\/josecpaz.gob.ar\/category\/sipem\/\" rel=\"category tag\">Sipem<\/a>,&nbsp;<a href=\"https:\/\/josecpaz.gob.ar\/category\/unpaz\/\" rel=\"category tag\">Unpaz<\/a><\/span><\/div>\n<\/footer>\n<script>function PlayerjsAsync(){} if(window[\"Playerjs\"]){PlayerjsAsync();}<\/script>","protected":false},"excerpt":{"rendered":"<p>Jos\u00e9 C. Paz, martes 5 de julio de 2022.-&nbsp;En un acto encabezado por el rector&nbsp;Dar\u00edo Kusinsky&nbsp;y el intendente&nbsp;Mario Ishii, se hizo entrega de 422 t\u00edtulos a estudiantes de las carreras dependientes de los departamentos de Ciencias de la Salud y el Deporte, Ciencias Jur\u00eddicas y Sociales, Econom\u00eda Producci\u00f3n e Innovaci\u00f3n Tecnol\u00f3gica y Escuela de Posgrado. [&hellip;]<\/p>\n","protected":false},"author":3,"featured_media":8129,"comment_status":"closed","ping_status":"closed","sticky":false,"template":"","format":"standard","meta":{"content-type":"","footnotes":""},"categories":[451,303,9],"tags":[387,537,175],"class_list":{"0":"post-8128","1":"post","2":"type-post","3":"status-publish","4":"format-standard","5":"has-post-thumbnail","7":"category-educacion","8":"category-jose-c-paz","9":"category-titulares","10":"tag-mario-ishii","11":"tag-municipio-de-jose-c-paz","12":"tag-unpaz"},"yoast_head":"<!-- This site is optimized with the Yoast SEO plugin v27.4 - https:\/\/yoast.com\/product\/yoast-seo-wordpress\/ -->\n<title>EL INTENDENTE MARIO ISHII ACOMPA\u00d1\u00d3 EL ACTO DE GRADUACI\u00d3N DE 422 ALUMNOS DE UNPAZ - Diario del Oeste<\/title>\n<meta name=\"robots\" content=\"index, follow, max-snippet:-1, max-image-preview:large, max-video-preview:-1\" \/>\n<link rel=\"canonical\" href=\"https:\/\/diariodeloeste.com\/noticias\/2022\/07\/12\/el-intendente-mario-ishii-acompano-el-acto-de-graduacion-de-422-alumnos-de-unpaz\/\" \/>\n<meta property=\"og:locale\" content=\"es_ES\" \/>\n<meta property=\"og:type\" content=\"article\" \/>\n<meta property=\"og:title\" content=\"EL INTENDENTE MARIO ISHII ACOMPA\u00d1\u00d3 EL ACTO DE GRADUACI\u00d3N DE 422 ALUMNOS DE UNPAZ - Diario del Oeste\" \/>\n<meta property=\"og:description\" content=\"Jos\u00e9 C. Paz, martes 5 de julio de 2022.-&nbsp;En un acto encabezado por el rector&nbsp;Dar\u00edo Kusinsky&nbsp;y el intendente&nbsp;Mario Ishii, se hizo entrega de 422 t\u00edtulos a estudiantes de las carreras dependientes de los departamentos de Ciencias de la Salud y el Deporte, Ciencias Jur\u00eddicas y Sociales, Econom\u00eda Producci\u00f3n e Innovaci\u00f3n Tecnol\u00f3gica y Escuela de Posgrado. [&hellip;]\" \/>\n<meta property=\"og:url\" content=\"https:\/\/diariodeloeste.com\/noticias\/2022\/07\/12\/el-intendente-mario-ishii-acompano-el-acto-de-graduacion-de-422-alumnos-de-unpaz\/\" \/>\n<meta property=\"og:site_name\" content=\"Diario del Oeste\" \/>\n<meta property=\"article:published_time\" content=\"2022-07-12T23:58:42+00:00\" \/>\n<meta property=\"og:image\" content=\"https:\/\/diariodeloeste.com\/noticias\/wp-content\/uploads\/2022\/07\/ishii-unpaz-1.jpg\" \/>\n\t<meta property=\"og:image:width\" content=\"1536\" \/>\n\t<meta property=\"og:image:height\" content=\"1024\" \/>\n\t<meta property=\"og:image:type\" content=\"image\/jpeg\" \/>\n<meta name=\"author\" content=\"Redaccion\" \/>\n<meta name=\"twitter:card\" content=\"summary_large_image\" \/>\n<meta name=\"twitter:label1\" content=\"Escrito por\" \/>\n\t<meta name=\"twitter:data1\" content=\"Redaccion\" \/>\n\t<meta name=\"twitter:label2\" content=\"Tiempo de lectura\" \/>\n\t<meta name=\"twitter:data2\" content=\"5 minutos\" \/>\n<script type=\"application\/ld+json\" class=\"yoast-schema-graph\">{\"@context\":\"https:\\\/\\\/schema.org\",\"@graph\":[{\"@type\":\"Article\",\"@id\":\"https:\\\/\\\/diariodeloeste.com\\\/noticias\\\/2022\\\/07\\\/12\\\/el-intendente-mario-ishii-acompano-el-acto-de-graduacion-de-422-alumnos-de-unpaz\\\/#article\",\"isPartOf\":{\"@id\":\"https:\\\/\\\/diariodeloeste.com\\\/noticias\\\/2022\\\/07\\\/12\\\/el-intendente-mario-ishii-acompano-el-acto-de-graduacion-de-422-alumnos-de-unpaz\\\/\"},\"author\":{\"name\":\"Redaccion\",\"@id\":\"https:\\\/\\\/diariodeloeste.com\\\/noticias\\\/#\\\/schema\\\/person\\\/1f7be965f8c093432e1cbfcee0ac4047\"},\"headline\":\"EL INTENDENTE MARIO ISHII ACOMPA\u00d1\u00d3 EL ACTO DE GRADUACI\u00d3N DE 422 ALUMNOS DE UNPAZ\",\"datePublished\":\"2022-07-12T23:58:42+00:00\",\"mainEntityOfPage\":{\"@id\":\"https:\\\/\\\/diariodeloeste.com\\\/noticias\\\/2022\\\/07\\\/12\\\/el-intendente-mario-ishii-acompano-el-acto-de-graduacion-de-422-alumnos-de-unpaz\\\/\"},\"wordCount\":649,\"publisher\":{\"@id\":\"https:\\\/\\\/diariodeloeste.com\\\/noticias\\\/#organization\"},\"image\":{\"@id\":\"https:\\\/\\\/diariodeloeste.com\\\/noticias\\\/2022\\\/07\\\/12\\\/el-intendente-mario-ishii-acompano-el-acto-de-graduacion-de-422-alumnos-de-unpaz\\\/#primaryimage\"},\"thumbnailUrl\":\"https:\\\/\\\/diariodeloeste.com\\\/noticias\\\/wp-content\\\/uploads\\\/2022\\\/07\\\/ishii-unpaz-1.jpg\",\"keywords\":[\"Mario ishii\",\"Municipio de Jos{e C. Paz\",\"unpaz\"],\"articleSection\":[\"Educaci\u00f3n\",\"Jos\u00e9 C Paz\",\"Titulares\"],\"inLanguage\":\"es-AR\"},{\"@type\":\"WebPage\",\"@id\":\"https:\\\/\\\/diariodeloeste.com\\\/noticias\\\/2022\\\/07\\\/12\\\/el-intendente-mario-ishii-acompano-el-acto-de-graduacion-de-422-alumnos-de-unpaz\\\/\",\"url\":\"https:\\\/\\\/diariodeloeste.com\\\/noticias\\\/2022\\\/07\\\/12\\\/el-intendente-mario-ishii-acompano-el-acto-de-graduacion-de-422-alumnos-de-unpaz\\\/\",\"name\":\"EL INTENDENTE MARIO ISHII ACOMPA\u00d1\u00d3 EL ACTO DE GRADUACI\u00d3N DE 422 ALUMNOS DE UNPAZ - Diario del Oeste\",\"isPartOf\":{\"@id\":\"https:\\\/\\\/diariodeloeste.com\\\/noticias\\\/#website\"},\"primaryImageOfPage\":{\"@id\":\"https:\\\/\\\/diariodeloeste.com\\\/noticias\\\/2022\\\/07\\\/12\\\/el-intendente-mario-ishii-acompano-el-acto-de-graduacion-de-422-alumnos-de-unpaz\\\/#primaryimage\"},\"image\":{\"@id\":\"https:\\\/\\\/diariodeloeste.com\\\/noticias\\\/2022\\\/07\\\/12\\\/el-intendente-mario-ishii-acompano-el-acto-de-graduacion-de-422-alumnos-de-unpaz\\\/#primaryimage\"},\"thumbnailUrl\":\"https:\\\/\\\/diariodeloeste.com\\\/noticias\\\/wp-content\\\/uploads\\\/2022\\\/07\\\/ishii-unpaz-1.jpg\",\"datePublished\":\"2022-07-12T23:58:42+00:00\",\"breadcrumb\":{\"@id\":\"https:\\\/\\\/diariodeloeste.com\\\/noticias\\\/2022\\\/07\\\/12\\\/el-intendente-mario-ishii-acompano-el-acto-de-graduacion-de-422-alumnos-de-unpaz\\\/#breadcrumb\"},\"inLanguage\":\"es-AR\",\"potentialAction\":[{\"@type\":\"ReadAction\",\"target\":[\"https:\\\/\\\/diariodeloeste.com\\\/noticias\\\/2022\\\/07\\\/12\\\/el-intendente-mario-ishii-acompano-el-acto-de-graduacion-de-422-alumnos-de-unpaz\\\/\"]}]},{\"@type\":\"ImageObject\",\"inLanguage\":\"es-AR\",\"@id\":\"https:\\\/\\\/diariodeloeste.com\\\/noticias\\\/2022\\\/07\\\/12\\\/el-intendente-mario-ishii-acompano-el-acto-de-graduacion-de-422-alumnos-de-unpaz\\\/#primaryimage\",\"url\":\"https:\\\/\\\/diariodeloeste.com\\\/noticias\\\/wp-content\\\/uploads\\\/2022\\\/07\\\/ishii-unpaz-1.jpg\",\"contentUrl\":\"https:\\\/\\\/diariodeloeste.com\\\/noticias\\\/wp-content\\\/uploads\\\/2022\\\/07\\\/ishii-unpaz-1.jpg\",\"width\":1536,\"height\":1024},{\"@type\":\"BreadcrumbList\",\"@id\":\"https:\\\/\\\/diariodeloeste.com\\\/noticias\\\/2022\\\/07\\\/12\\\/el-intendente-mario-ishii-acompano-el-acto-de-graduacion-de-422-alumnos-de-unpaz\\\/#breadcrumb\",\"itemListElement\":[{\"@type\":\"ListItem\",\"position\":1,\"name\":\"Inicio\",\"item\":\"https:\\\/\\\/diariodeloeste.com\\\/noticias\\\/\"},{\"@type\":\"ListItem\",\"position\":2,\"name\":\"EL INTENDENTE MARIO ISHII ACOMPA\u00d1\u00d3 EL ACTO DE GRADUACI\u00d3N DE 422 ALUMNOS DE UNPAZ\"}]},{\"@type\":\"WebSite\",\"@id\":\"https:\\\/\\\/diariodeloeste.com\\\/noticias\\\/#website\",\"url\":\"https:\\\/\\\/diariodeloeste.com\\\/noticias\\\/\",\"name\":\"Diario del Oeste\",\"description\":\"Noticias del Oeste\",\"publisher\":{\"@id\":\"https:\\\/\\\/diariodeloeste.com\\\/noticias\\\/#organization\"},\"potentialAction\":[{\"@type\":\"SearchAction\",\"target\":{\"@type\":\"EntryPoint\",\"urlTemplate\":\"https:\\\/\\\/diariodeloeste.com\\\/noticias\\\/?s={search_term_string}\"},\"query-input\":{\"@type\":\"PropertyValueSpecification\",\"valueRequired\":true,\"valueName\":\"search_term_string\"}}],\"inLanguage\":\"es-AR\"},{\"@type\":\"Organization\",\"@id\":\"https:\\\/\\\/diariodeloeste.com\\\/noticias\\\/#organization\",\"name\":\"Diario del Oeste\",\"url\":\"https:\\\/\\\/diariodeloeste.com\\\/noticias\\\/\",\"logo\":{\"@type\":\"ImageObject\",\"inLanguage\":\"es-AR\",\"@id\":\"https:\\\/\\\/diariodeloeste.com\\\/noticias\\\/#\\\/schema\\\/logo\\\/image\\\/\",\"url\":\"https:\\\/\\\/diariodeloeste.com\\\/noticias\\\/wp-content\\\/uploads\\\/2019\\\/04\\\/logo.png\",\"contentUrl\":\"https:\\\/\\\/diariodeloeste.com\\\/noticias\\\/wp-content\\\/uploads\\\/2019\\\/04\\\/logo.png\",\"width\":306,\"height\":145,\"caption\":\"Diario del Oeste\"},\"image\":{\"@id\":\"https:\\\/\\\/diariodeloeste.com\\\/noticias\\\/#\\\/schema\\\/logo\\\/image\\\/\"}},{\"@type\":\"Person\",\"@id\":\"https:\\\/\\\/diariodeloeste.com\\\/noticias\\\/#\\\/schema\\\/person\\\/1f7be965f8c093432e1cbfcee0ac4047\",\"name\":\"Redaccion\",\"image\":{\"@type\":\"ImageObject\",\"inLanguage\":\"es-AR\",\"@id\":\"https:\\\/\\\/secure.gravatar.com\\\/avatar\\\/f9bc3a12e26b32d818d88f9a5b61de20b559752e499df507efa7ea3cea0550ef?s=96&d=mm&r=g\",\"url\":\"https:\\\/\\\/secure.gravatar.com\\\/avatar\\\/f9bc3a12e26b32d818d88f9a5b61de20b559752e499df507efa7ea3cea0550ef?s=96&d=mm&r=g\",\"contentUrl\":\"https:\\\/\\\/secure.gravatar.com\\\/avatar\\\/f9bc3a12e26b32d818d88f9a5b61de20b559752e499df507efa7ea3cea0550ef?s=96&d=mm&r=g\",\"caption\":\"Redaccion\"},\"url\":\"https:\\\/\\\/diariodeloeste.com\\\/noticias\\\/author\\\/redaccion\\\/\"}]}<\/script>\n<!-- \/ Yoast SEO plugin. -->","yoast_head_json":{"title":"EL INTENDENTE MARIO ISHII ACOMPA\u00d1\u00d3 EL ACTO DE GRADUACI\u00d3N DE 422 ALUMNOS DE UNPAZ - Diario del Oeste","robots":{"index":"index","follow":"follow","max-snippet":"max-snippet:-1","max-image-preview":"max-image-preview:large","max-video-preview":"max-video-preview:-1"},"canonical":"https:\/\/diariodeloeste.com\/noticias\/2022\/07\/12\/el-intendente-mario-ishii-acompano-el-acto-de-graduacion-de-422-alumnos-de-unpaz\/","og_locale":"es_ES","og_type":"article","og_title":"EL INTENDENTE MARIO ISHII ACOMPA\u00d1\u00d3 EL ACTO DE GRADUACI\u00d3N DE 422 ALUMNOS DE UNPAZ - Diario del Oeste","og_description":"Jos\u00e9 C. Paz, martes 5 de julio de 2022.-&nbsp;En un acto encabezado por el rector&nbsp;Dar\u00edo Kusinsky&nbsp;y el intendente&nbsp;Mario Ishii, se hizo entrega de 422 t\u00edtulos a estudiantes de las carreras dependientes de los departamentos de Ciencias de la Salud y el Deporte, Ciencias Jur\u00eddicas y Sociales, Econom\u00eda Producci\u00f3n e Innovaci\u00f3n Tecnol\u00f3gica y Escuela de Posgrado. [&hellip;]","og_url":"https:\/\/diariodeloeste.com\/noticias\/2022\/07\/12\/el-intendente-mario-ishii-acompano-el-acto-de-graduacion-de-422-alumnos-de-unpaz\/","og_site_name":"Diario del Oeste","article_published_time":"2022-07-12T23:58:42+00:00","og_image":[{"width":1536,"height":1024,"url":"https:\/\/diariodeloeste.com\/noticias\/wp-content\/uploads\/2022\/07\/ishii-unpaz-1.jpg","type":"image\/jpeg"}],"author":"Redaccion","twitter_card":"summary_large_image","twitter_misc":{"Escrito por":"Redaccion","Tiempo de lectura":"5 minutos"},"schema":{"@context":"https:\/\/schema.org","@graph":[{"@type":"Article","@id":"https:\/\/diariodeloeste.com\/noticias\/2022\/07\/12\/el-intendente-mario-ishii-acompano-el-acto-de-graduacion-de-422-alumnos-de-unpaz\/#article","isPartOf":{"@id":"https:\/\/diariodeloeste.com\/noticias\/2022\/07\/12\/el-intendente-mario-ishii-acompano-el-acto-de-graduacion-de-422-alumnos-de-unpaz\/"},"author":{"name":"Redaccion","@id":"https:\/\/diariodeloeste.com\/noticias\/#\/schema\/person\/1f7be965f8c093432e1cbfcee0ac4047"},"headline":"EL INTENDENTE MARIO ISHII ACOMPA\u00d1\u00d3 EL ACTO DE GRADUACI\u00d3N DE 422 ALUMNOS DE UNPAZ","datePublished":"2022-07-12T23:58:42+00:00","mainEntityOfPage":{"@id":"https:\/\/diariodeloeste.com\/noticias\/2022\/07\/12\/el-intendente-mario-ishii-acompano-el-acto-de-graduacion-de-422-alumnos-de-unpaz\/"},"wordCount":649,"publisher":{"@id":"https:\/\/diariodeloeste.com\/noticias\/#organization"},"image":{"@id":"https:\/\/diariodeloeste.com\/noticias\/2022\/07\/12\/el-intendente-mario-ishii-acompano-el-acto-de-graduacion-de-422-alumnos-de-unpaz\/#primaryimage"},"thumbnailUrl":"https:\/\/diariodeloeste.com\/noticias\/wp-content\/uploads\/2022\/07\/ishii-unpaz-1.jpg","keywords":["Mario ishii","Municipio de Jos{e C. Paz","unpaz"],"articleSection":["Educaci\u00f3n","Jos\u00e9 C Paz","Titulares"],"inLanguage":"es-AR"},{"@type":"WebPage","@id":"https:\/\/diariodeloeste.com\/noticias\/2022\/07\/12\/el-intendente-mario-ishii-acompano-el-acto-de-graduacion-de-422-alumnos-de-unpaz\/","url":"https:\/\/diariodeloeste.com\/noticias\/2022\/07\/12\/el-intendente-mario-ishii-acompano-el-acto-de-graduacion-de-422-alumnos-de-unpaz\/","name":"EL INTENDENTE MARIO ISHII ACOMPA\u00d1\u00d3 EL ACTO DE GRADUACI\u00d3N DE 422 ALUMNOS DE UNPAZ - Diario del Oeste","isPartOf":{"@id":"https:\/\/diariodeloeste.com\/noticias\/#website"},"primaryImageOfPage":{"@id":"https:\/\/diariodeloeste.com\/noticias\/2022\/07\/12\/el-intendente-mario-ishii-acompano-el-acto-de-graduacion-de-422-alumnos-de-unpaz\/#primaryimage"},"image":{"@id":"https:\/\/diariodeloeste.com\/noticias\/2022\/07\/12\/el-intendente-mario-ishii-acompano-el-acto-de-graduacion-de-422-alumnos-de-unpaz\/#primaryimage"},"thumbnailUrl":"https:\/\/diariodeloeste.com\/noticias\/wp-content\/uploads\/2022\/07\/ishii-unpaz-1.jpg","datePublished":"2022-07-12T23:58:42+00:00","breadcrumb":{"@id":"https:\/\/diariodeloeste.com\/noticias\/2022\/07\/12\/el-intendente-mario-ishii-acompano-el-acto-de-graduacion-de-422-alumnos-de-unpaz\/#breadcrumb"},"inLanguage":"es-AR","potentialAction":[{"@type":"ReadAction","target":["https:\/\/diariodeloeste.com\/noticias\/2022\/07\/12\/el-intendente-mario-ishii-acompano-el-acto-de-graduacion-de-422-alumnos-de-unpaz\/"]}]},{"@type":"ImageObject","inLanguage":"es-AR","@id":"https:\/\/diariodeloeste.com\/noticias\/2022\/07\/12\/el-intendente-mario-ishii-acompano-el-acto-de-graduacion-de-422-alumnos-de-unpaz\/#primaryimage","url":"https:\/\/diariodeloeste.com\/noticias\/wp-content\/uploads\/2022\/07\/ishii-unpaz-1.jpg","contentUrl":"https:\/\/diariodeloeste.com\/noticias\/wp-content\/uploads\/2022\/07\/ishii-unpaz-1.jpg","width":1536,"height":1024},{"@type":"BreadcrumbList","@id":"https:\/\/diariodeloeste.com\/noticias\/2022\/07\/12\/el-intendente-mario-ishii-acompano-el-acto-de-graduacion-de-422-alumnos-de-unpaz\/#breadcrumb","itemListElement":[{"@type":"ListItem","position":1,"name":"Inicio","item":"https:\/\/diariodeloeste.com\/noticias\/"},{"@type":"ListItem","position":2,"name":"EL INTENDENTE MARIO ISHII ACOMPA\u00d1\u00d3 EL ACTO DE GRADUACI\u00d3N DE 422 ALUMNOS DE UNPAZ"}]},{"@type":"WebSite","@id":"https:\/\/diariodeloeste.com\/noticias\/#website","url":"https:\/\/diariodeloeste.com\/noticias\/","name":"Diario del Oeste","description":"Noticias del Oeste","publisher":{"@id":"https:\/\/diariodeloeste.com\/noticias\/#organization"},"potentialAction":[{"@type":"SearchAction","target":{"@type":"EntryPoint","urlTemplate":"https:\/\/diariodeloeste.com\/noticias\/?s={search_term_string}"},"query-input":{"@type":"PropertyValueSpecification","valueRequired":true,"valueName":"search_term_string"}}],"inLanguage":"es-AR"},{"@type":"Organization","@id":"https:\/\/diariodeloeste.com\/noticias\/#organization","name":"Diario del Oeste","url":"https:\/\/diariodeloeste.com\/noticias\/","logo":{"@type":"ImageObject","inLanguage":"es-AR","@id":"https:\/\/diariodeloeste.com\/noticias\/#\/schema\/logo\/image\/","url":"https:\/\/diariodeloeste.com\/noticias\/wp-content\/uploads\/2019\/04\/logo.png","contentUrl":"https:\/\/diariodeloeste.com\/noticias\/wp-content\/uploads\/2019\/04\/logo.png","width":306,"height":145,"caption":"Diario del Oeste"},"image":{"@id":"https:\/\/diariodeloeste.com\/noticias\/#\/schema\/logo\/image\/"}},{"@type":"Person","@id":"https:\/\/diariodeloeste.com\/noticias\/#\/schema\/person\/1f7be965f8c093432e1cbfcee0ac4047","name":"Redaccion","image":{"@type":"ImageObject","inLanguage":"es-AR","@id":"https:\/\/secure.gravatar.com\/avatar\/f9bc3a12e26b32d818d88f9a5b61de20b559752e499df507efa7ea3cea0550ef?s=96&d=mm&r=g","url":"https:\/\/secure.gravatar.com\/avatar\/f9bc3a12e26b32d818d88f9a5b61de20b559752e499df507efa7ea3cea0550ef?s=96&d=mm&r=g","contentUrl":"https:\/\/secure.gravatar.com\/avatar\/f9bc3a12e26b32d818d88f9a5b61de20b559752e499df507efa7ea3cea0550ef?s=96&d=mm&r=g","caption":"Redaccion"},"url":"https:\/\/diariodeloeste.com\/noticias\/author\/redaccion\/"}]}},"_links":{"self":[{"href":"https:\/\/diariodeloeste.com\/noticias\/wp-json\/wp\/v2\/posts\/8128","targetHints":{"allow":["GET"]}}],"collection":[{"href":"https:\/\/diariodeloeste.com\/noticias\/wp-json\/wp\/v2\/posts"}],"about":[{"href":"https:\/\/diariodeloeste.com\/noticias\/wp-json\/wp\/v2\/types\/post"}],"author":[{"embeddable":true,"href":"https:\/\/diariodeloeste.com\/noticias\/wp-json\/wp\/v2\/users\/3"}],"replies":[{"embeddable":true,"href":"https:\/\/diariodeloeste.com\/noticias\/wp-json\/wp\/v2\/comments?post=8128"}],"version-history":[{"count":1,"href":"https:\/\/diariodeloeste.com\/noticias\/wp-json\/wp\/v2\/posts\/8128\/revisions"}],"predecessor-version":[{"id":8130,"href":"https:\/\/diariodeloeste.com\/noticias\/wp-json\/wp\/v2\/posts\/8128\/revisions\/8130"}],"wp:featuredmedia":[{"embeddable":true,"href":"https:\/\/diariodeloeste.com\/noticias\/wp-json\/wp\/v2\/media\/8129"}],"wp:attachment":[{"href":"https:\/\/diariodeloeste.com\/noticias\/wp-json\/wp\/v2\/media?parent=8128"}],"wp:term":[{"taxonomy":"category","embeddable":true,"href":"https:\/\/diariodeloeste.com\/noticias\/wp-json\/wp\/v2\/categories?post=8128"},{"taxonomy":"post_tag","embeddable":true,"href":"https:\/\/diariodeloeste.com\/noticias\/wp-json\/wp\/v2\/tags?post=8128"}],"curies":[{"name":"wp","href":"https:\/\/api.w.org\/{rel}","templated":true}]}}