{"id":8105,"date":"2022-07-09T12:48:59","date_gmt":"2022-07-09T12:48:59","guid":{"rendered":"https:\/\/diariodeloeste.com\/noticias\/?p=8105"},"modified":"2022-07-09T12:48:59","modified_gmt":"2022-07-09T12:48:59","slug":"viviendas-sociales-selci-pone-en-marcha-un-proyecto-de-obras","status":"publish","type":"post","link":"https:\/\/diariodeloeste.com\/noticias\/2022\/07\/09\/viviendas-sociales-selci-pone-en-marcha-un-proyecto-de-obras\/","title":{"rendered":"Viviendas sociales: Selci pone en marcha un proyecto de obras"},"content":{"rendered":"<p>Viviendas sociales: Selci pone en marcha un proyecto de obras<\/p>\n<div id='gallery-1' class='gallery galleryid-8105 gallery-columns-2 gallery-size-large'><figure class='gallery-item'>\n\t\t\t<div class='gallery-icon landscape'>\n\t\t\t\t<a href='https:\/\/diariodeloeste.com\/noticias\/2022\/07\/09\/viviendas-sociales-selci-pone-en-marcha-un-proyecto-de-obras\/1-10\/'><img loading=\"lazy\" loading=\"lazy\" decoding=\"async\" width=\"1024\" height=\"683\" src=\"https:\/\/diariodeloeste.com\/noticias\/wp-content\/uploads\/2022\/07\/1-1-1024x683.jpg\" class=\"attachment-large size-large\" alt=\"\" \/><\/a>\n\t\t\t<\/div><\/figure><figure class='gallery-item'>\n\t\t\t<div class='gallery-icon landscape'>\n\t\t\t\t<a href='https:\/\/diariodeloeste.com\/noticias\/2022\/07\/09\/viviendas-sociales-selci-pone-en-marcha-un-proyecto-de-obras\/4-5\/'><img loading=\"lazy\" loading=\"lazy\" decoding=\"async\" width=\"1024\" height=\"683\" src=\"https:\/\/diariodeloeste.com\/noticias\/wp-content\/uploads\/2022\/07\/4-1024x683.jpg\" class=\"attachment-large size-large\" alt=\"\" \/><\/a>\n\t\t\t<\/div><\/figure>\n\t\t<\/div>\n\n<p dir=\"ltr\">El mismo se encontraba frenado hace a\u00f1os. Gracias a la gesti\u00f3n del Intendente, los trabajos se retomaron.&nbsp;<\/p>\n<p dir=\"ltr\">El Intendente de Hurlingham, Dami\u00e1n Selci, anunci\u00f3 este viernes la reanudaci\u00f3n de las obras para la construcci\u00f3n de viviendas sociales. Al respecto, el mandatario, cuya gesti\u00f3n no descansa, cont\u00f3 que \u201cesta obra es un proyecto de viviendas sobre la calle Vergara que empez\u00f3 y se paraliz\u00f3 hace muchos a\u00f1os\u201d.&nbsp;<\/p>\n<p dir=\"ltr\">\u201cNosotros lo volvimos a poner en marcha. Son 78 viviendas sociales, cada una tiene 44 metros cuadrados. En 10 meses van a estar listas\u201d, celebr\u00f3 Selci. Dichos trabajos se enmarcan en el pico hist\u00f3rico de obras que vive Hurlingham en la actualidad.&nbsp;<\/p>\n<p dir=\"ltr\">Selci remarc\u00f3 que \u201chace 15 a\u00f1os que no se construye vivienda social en Hurlingham. Gracias al apoyo del Gobierno de la Provincia de Buenos Aires podemos dar respuesta a la demanda de una vivienda digna para nuestros vecinos\u201d.&nbsp;<\/p>\n<p dir=\"ltr\">En poco m\u00e1s de 10 meses de gesti\u00f3n, el mandatario logr\u00f3 destrabar la obra que se encontraba paralizada y se trata de una demanda hist\u00f3rica en el distrito como lo es la construcci\u00f3n de viviendas sociales. Por otra parte, cabe recordar la reciente entrega de m\u00e1s de 200 nuevas escrituras de regulaci\u00f3n dominial para vecinos de Hurlingham&nbsp;<\/p>\n<p dir=\"ltr\">No ser\u00e1 la \u00fanica obra que tendr\u00e1 como protagonista a la Av. Vergara, ya que en el corto plazo comenzar\u00e1 una megaobra que transformar\u00e1 dicha arter\u00eda en un Nuevo Corredor Urbano de 7 km de largo que apunta a generar progreso en la ciudad y un mejoramiento del espacio p\u00fablico y comercial.<\/p>\n<script>function PlayerjsAsync(){} if(window[\"Playerjs\"]){PlayerjsAsync();}<\/script>","protected":false},"excerpt":{"rendered":"<p>Viviendas sociales: Selci pone en marcha un proyecto de obras El mismo se encontraba frenado hace a\u00f1os. Gracias a la gesti\u00f3n del Intendente, los trabajos se retomaron.&nbsp; El Intendente de Hurlingham, Dami\u00e1n Selci, anunci\u00f3 este viernes la reanudaci\u00f3n de las obras para la construcci\u00f3n de viviendas sociales. Al respecto, el mandatario, cuya gesti\u00f3n no descansa, [&hellip;]<\/p>\n","protected":false},"author":3,"featured_media":8110,"comment_status":"closed","ping_status":"closed","sticky":false,"template":"","format":"standard","meta":{"content-type":"","footnotes":""},"categories":[3,9],"tags":[502],"class_list":{"0":"post-8105","1":"post","2":"type-post","3":"status-publish","4":"format-standard","5":"has-post-thumbnail","7":"category-municipios","8":"category-titulares","9":"tag-municipio-de-hurlingham"},"yoast_head":"<!-- This site is optimized with the Yoast SEO plugin v27.4 - https:\/\/yoast.com\/product\/yoast-seo-wordpress\/ -->\n<title>Viviendas sociales: Selci pone en marcha un proyecto de obras - Diario del Oeste<\/title>\n<meta name=\"robots\" content=\"index, follow, max-snippet:-1, max-image-preview:large, max-video-preview:-1\" \/>\n<link rel=\"canonical\" href=\"https:\/\/diariodeloeste.com\/noticias\/2022\/07\/09\/viviendas-sociales-selci-pone-en-marcha-un-proyecto-de-obras\/\" \/>\n<meta property=\"og:locale\" content=\"es_ES\" \/>\n<meta property=\"og:type\" content=\"article\" \/>\n<meta property=\"og:title\" content=\"Viviendas sociales: Selci pone en marcha un proyecto de obras - Diario del Oeste\" \/>\n<meta property=\"og:description\" content=\"Viviendas sociales: Selci pone en marcha un proyecto de obras El mismo se encontraba frenado hace a\u00f1os. Gracias a la gesti\u00f3n del Intendente, los trabajos se retomaron.&nbsp; El Intendente de Hurlingham, Dami\u00e1n Selci, anunci\u00f3 este viernes la reanudaci\u00f3n de las obras para la construcci\u00f3n de viviendas sociales. Al respecto, el mandatario, cuya gesti\u00f3n no descansa, [&hellip;]\" \/>\n<meta property=\"og:url\" content=\"https:\/\/diariodeloeste.com\/noticias\/2022\/07\/09\/viviendas-sociales-selci-pone-en-marcha-un-proyecto-de-obras\/\" \/>\n<meta property=\"og:site_name\" content=\"Diario del Oeste\" \/>\n<meta property=\"article:published_time\" content=\"2022-07-09T12:48:59+00:00\" \/>\n<meta property=\"og:image\" content=\"https:\/\/diariodeloeste.com\/noticias\/wp-content\/uploads\/2022\/07\/2-1.jpg\" \/>\n\t<meta property=\"og:image:width\" content=\"1599\" \/>\n\t<meta property=\"og:image:height\" content=\"1066\" \/>\n\t<meta property=\"og:image:type\" content=\"image\/jpeg\" \/>\n<meta name=\"author\" content=\"Redaccion\" \/>\n<meta name=\"twitter:card\" content=\"summary_large_image\" \/>\n<meta name=\"twitter:label1\" content=\"Escrito por\" \/>\n\t<meta name=\"twitter:data1\" content=\"Redaccion\" \/>\n\t<meta name=\"twitter:label2\" content=\"Tiempo de lectura\" \/>\n\t<meta name=\"twitter:data2\" content=\"2 minutos\" \/>\n<script type=\"application\/ld+json\" class=\"yoast-schema-graph\">{\"@context\":\"https:\\\/\\\/schema.org\",\"@graph\":[{\"@type\":\"Article\",\"@id\":\"https:\\\/\\\/diariodeloeste.com\\\/noticias\\\/2022\\\/07\\\/09\\\/viviendas-sociales-selci-pone-en-marcha-un-proyecto-de-obras\\\/#article\",\"isPartOf\":{\"@id\":\"https:\\\/\\\/diariodeloeste.com\\\/noticias\\\/2022\\\/07\\\/09\\\/viviendas-sociales-selci-pone-en-marcha-un-proyecto-de-obras\\\/\"},\"author\":{\"name\":\"Redaccion\",\"@id\":\"https:\\\/\\\/diariodeloeste.com\\\/noticias\\\/#\\\/schema\\\/person\\\/1f7be965f8c093432e1cbfcee0ac4047\"},\"headline\":\"Viviendas sociales: Selci pone en marcha un proyecto de obras\",\"datePublished\":\"2022-07-09T12:48:59+00:00\",\"mainEntityOfPage\":{\"@id\":\"https:\\\/\\\/diariodeloeste.com\\\/noticias\\\/2022\\\/07\\\/09\\\/viviendas-sociales-selci-pone-en-marcha-un-proyecto-de-obras\\\/\"},\"wordCount\":295,\"publisher\":{\"@id\":\"https:\\\/\\\/diariodeloeste.com\\\/noticias\\\/#organization\"},\"image\":{\"@id\":\"https:\\\/\\\/diariodeloeste.com\\\/noticias\\\/2022\\\/07\\\/09\\\/viviendas-sociales-selci-pone-en-marcha-un-proyecto-de-obras\\\/#primaryimage\"},\"thumbnailUrl\":\"https:\\\/\\\/diariodeloeste.com\\\/noticias\\\/wp-content\\\/uploads\\\/2022\\\/07\\\/2-1.jpg\",\"keywords\":[\"Municipio de Hurlingham\"],\"articleSection\":[\"Municipios\",\"Titulares\"],\"inLanguage\":\"es-AR\"},{\"@type\":\"WebPage\",\"@id\":\"https:\\\/\\\/diariodeloeste.com\\\/noticias\\\/2022\\\/07\\\/09\\\/viviendas-sociales-selci-pone-en-marcha-un-proyecto-de-obras\\\/\",\"url\":\"https:\\\/\\\/diariodeloeste.com\\\/noticias\\\/2022\\\/07\\\/09\\\/viviendas-sociales-selci-pone-en-marcha-un-proyecto-de-obras\\\/\",\"name\":\"Viviendas sociales: Selci pone en marcha un proyecto de obras - Diario del Oeste\",\"isPartOf\":{\"@id\":\"https:\\\/\\\/diariodeloeste.com\\\/noticias\\\/#website\"},\"primaryImageOfPage\":{\"@id\":\"https:\\\/\\\/diariodeloeste.com\\\/noticias\\\/2022\\\/07\\\/09\\\/viviendas-sociales-selci-pone-en-marcha-un-proyecto-de-obras\\\/#primaryimage\"},\"image\":{\"@id\":\"https:\\\/\\\/diariodeloeste.com\\\/noticias\\\/2022\\\/07\\\/09\\\/viviendas-sociales-selci-pone-en-marcha-un-proyecto-de-obras\\\/#primaryimage\"},\"thumbnailUrl\":\"https:\\\/\\\/diariodeloeste.com\\\/noticias\\\/wp-content\\\/uploads\\\/2022\\\/07\\\/2-1.jpg\",\"datePublished\":\"2022-07-09T12:48:59+00:00\",\"breadcrumb\":{\"@id\":\"https:\\\/\\\/diariodeloeste.com\\\/noticias\\\/2022\\\/07\\\/09\\\/viviendas-sociales-selci-pone-en-marcha-un-proyecto-de-obras\\\/#breadcrumb\"},\"inLanguage\":\"es-AR\",\"potentialAction\":[{\"@type\":\"ReadAction\",\"target\":[\"https:\\\/\\\/diariodeloeste.com\\\/noticias\\\/2022\\\/07\\\/09\\\/viviendas-sociales-selci-pone-en-marcha-un-proyecto-de-obras\\\/\"]}]},{\"@type\":\"ImageObject\",\"inLanguage\":\"es-AR\",\"@id\":\"https:\\\/\\\/diariodeloeste.com\\\/noticias\\\/2022\\\/07\\\/09\\\/viviendas-sociales-selci-pone-en-marcha-un-proyecto-de-obras\\\/#primaryimage\",\"url\":\"https:\\\/\\\/diariodeloeste.com\\\/noticias\\\/wp-content\\\/uploads\\\/2022\\\/07\\\/2-1.jpg\",\"contentUrl\":\"https:\\\/\\\/diariodeloeste.com\\\/noticias\\\/wp-content\\\/uploads\\\/2022\\\/07\\\/2-1.jpg\",\"width\":1599,\"height\":1066},{\"@type\":\"BreadcrumbList\",\"@id\":\"https:\\\/\\\/diariodeloeste.com\\\/noticias\\\/2022\\\/07\\\/09\\\/viviendas-sociales-selci-pone-en-marcha-un-proyecto-de-obras\\\/#breadcrumb\",\"itemListElement\":[{\"@type\":\"ListItem\",\"position\":1,\"name\":\"Inicio\",\"item\":\"https:\\\/\\\/diariodeloeste.com\\\/noticias\\\/\"},{\"@type\":\"ListItem\",\"position\":2,\"name\":\"Viviendas sociales: Selci pone en marcha un proyecto de obras\"}]},{\"@type\":\"WebSite\",\"@id\":\"https:\\\/\\\/diariodeloeste.com\\\/noticias\\\/#website\",\"url\":\"https:\\\/\\\/diariodeloeste.com\\\/noticias\\\/\",\"name\":\"Diario del Oeste\",\"description\":\"Noticias del Oeste\",\"publisher\":{\"@id\":\"https:\\\/\\\/diariodeloeste.com\\\/noticias\\\/#organization\"},\"potentialAction\":[{\"@type\":\"SearchAction\",\"target\":{\"@type\":\"EntryPoint\",\"urlTemplate\":\"https:\\\/\\\/diariodeloeste.com\\\/noticias\\\/?s={search_term_string}\"},\"query-input\":{\"@type\":\"PropertyValueSpecification\",\"valueRequired\":true,\"valueName\":\"search_term_string\"}}],\"inLanguage\":\"es-AR\"},{\"@type\":\"Organization\",\"@id\":\"https:\\\/\\\/diariodeloeste.com\\\/noticias\\\/#organization\",\"name\":\"Diario del Oeste\",\"url\":\"https:\\\/\\\/diariodeloeste.com\\\/noticias\\\/\",\"logo\":{\"@type\":\"ImageObject\",\"inLanguage\":\"es-AR\",\"@id\":\"https:\\\/\\\/diariodeloeste.com\\\/noticias\\\/#\\\/schema\\\/logo\\\/image\\\/\",\"url\":\"https:\\\/\\\/diariodeloeste.com\\\/noticias\\\/wp-content\\\/uploads\\\/2019\\\/04\\\/logo.png\",\"contentUrl\":\"https:\\\/\\\/diariodeloeste.com\\\/noticias\\\/wp-content\\\/uploads\\\/2019\\\/04\\\/logo.png\",\"width\":306,\"height\":145,\"caption\":\"Diario del Oeste\"},\"image\":{\"@id\":\"https:\\\/\\\/diariodeloeste.com\\\/noticias\\\/#\\\/schema\\\/logo\\\/image\\\/\"}},{\"@type\":\"Person\",\"@id\":\"https:\\\/\\\/diariodeloeste.com\\\/noticias\\\/#\\\/schema\\\/person\\\/1f7be965f8c093432e1cbfcee0ac4047\",\"name\":\"Redaccion\",\"image\":{\"@type\":\"ImageObject\",\"inLanguage\":\"es-AR\",\"@id\":\"https:\\\/\\\/secure.gravatar.com\\\/avatar\\\/f9bc3a12e26b32d818d88f9a5b61de20b559752e499df507efa7ea3cea0550ef?s=96&d=mm&r=g\",\"url\":\"https:\\\/\\\/secure.gravatar.com\\\/avatar\\\/f9bc3a12e26b32d818d88f9a5b61de20b559752e499df507efa7ea3cea0550ef?s=96&d=mm&r=g\",\"contentUrl\":\"https:\\\/\\\/secure.gravatar.com\\\/avatar\\\/f9bc3a12e26b32d818d88f9a5b61de20b559752e499df507efa7ea3cea0550ef?s=96&d=mm&r=g\",\"caption\":\"Redaccion\"},\"url\":\"https:\\\/\\\/diariodeloeste.com\\\/noticias\\\/author\\\/redaccion\\\/\"}]}<\/script>\n<!-- \/ Yoast SEO plugin. -->","yoast_head_json":{"title":"Viviendas sociales: Selci pone en marcha un proyecto de obras - Diario del Oeste","robots":{"index":"index","follow":"follow","max-snippet":"max-snippet:-1","max-image-preview":"max-image-preview:large","max-video-preview":"max-video-preview:-1"},"canonical":"https:\/\/diariodeloeste.com\/noticias\/2022\/07\/09\/viviendas-sociales-selci-pone-en-marcha-un-proyecto-de-obras\/","og_locale":"es_ES","og_type":"article","og_title":"Viviendas sociales: Selci pone en marcha un proyecto de obras - Diario del Oeste","og_description":"Viviendas sociales: Selci pone en marcha un proyecto de obras El mismo se encontraba frenado hace a\u00f1os. Gracias a la gesti\u00f3n del Intendente, los trabajos se retomaron.&nbsp; El Intendente de Hurlingham, Dami\u00e1n Selci, anunci\u00f3 este viernes la reanudaci\u00f3n de las obras para la construcci\u00f3n de viviendas sociales. Al respecto, el mandatario, cuya gesti\u00f3n no descansa, [&hellip;]","og_url":"https:\/\/diariodeloeste.com\/noticias\/2022\/07\/09\/viviendas-sociales-selci-pone-en-marcha-un-proyecto-de-obras\/","og_site_name":"Diario del Oeste","article_published_time":"2022-07-09T12:48:59+00:00","og_image":[{"width":1599,"height":1066,"url":"https:\/\/diariodeloeste.com\/noticias\/wp-content\/uploads\/2022\/07\/2-1.jpg","type":"image\/jpeg"}],"author":"Redaccion","twitter_card":"summary_large_image","twitter_misc":{"Escrito por":"Redaccion","Tiempo de lectura":"2 minutos"},"schema":{"@context":"https:\/\/schema.org","@graph":[{"@type":"Article","@id":"https:\/\/diariodeloeste.com\/noticias\/2022\/07\/09\/viviendas-sociales-selci-pone-en-marcha-un-proyecto-de-obras\/#article","isPartOf":{"@id":"https:\/\/diariodeloeste.com\/noticias\/2022\/07\/09\/viviendas-sociales-selci-pone-en-marcha-un-proyecto-de-obras\/"},"author":{"name":"Redaccion","@id":"https:\/\/diariodeloeste.com\/noticias\/#\/schema\/person\/1f7be965f8c093432e1cbfcee0ac4047"},"headline":"Viviendas sociales: Selci pone en marcha un proyecto de obras","datePublished":"2022-07-09T12:48:59+00:00","mainEntityOfPage":{"@id":"https:\/\/diariodeloeste.com\/noticias\/2022\/07\/09\/viviendas-sociales-selci-pone-en-marcha-un-proyecto-de-obras\/"},"wordCount":295,"publisher":{"@id":"https:\/\/diariodeloeste.com\/noticias\/#organization"},"image":{"@id":"https:\/\/diariodeloeste.com\/noticias\/2022\/07\/09\/viviendas-sociales-selci-pone-en-marcha-un-proyecto-de-obras\/#primaryimage"},"thumbnailUrl":"https:\/\/diariodeloeste.com\/noticias\/wp-content\/uploads\/2022\/07\/2-1.jpg","keywords":["Municipio de Hurlingham"],"articleSection":["Municipios","Titulares"],"inLanguage":"es-AR"},{"@type":"WebPage","@id":"https:\/\/diariodeloeste.com\/noticias\/2022\/07\/09\/viviendas-sociales-selci-pone-en-marcha-un-proyecto-de-obras\/","url":"https:\/\/diariodeloeste.com\/noticias\/2022\/07\/09\/viviendas-sociales-selci-pone-en-marcha-un-proyecto-de-obras\/","name":"Viviendas sociales: Selci pone en marcha un proyecto de obras - Diario del Oeste","isPartOf":{"@id":"https:\/\/diariodeloeste.com\/noticias\/#website"},"primaryImageOfPage":{"@id":"https:\/\/diariodeloeste.com\/noticias\/2022\/07\/09\/viviendas-sociales-selci-pone-en-marcha-un-proyecto-de-obras\/#primaryimage"},"image":{"@id":"https:\/\/diariodeloeste.com\/noticias\/2022\/07\/09\/viviendas-sociales-selci-pone-en-marcha-un-proyecto-de-obras\/#primaryimage"},"thumbnailUrl":"https:\/\/diariodeloeste.com\/noticias\/wp-content\/uploads\/2022\/07\/2-1.jpg","datePublished":"2022-07-09T12:48:59+00:00","breadcrumb":{"@id":"https:\/\/diariodeloeste.com\/noticias\/2022\/07\/09\/viviendas-sociales-selci-pone-en-marcha-un-proyecto-de-obras\/#breadcrumb"},"inLanguage":"es-AR","potentialAction":[{"@type":"ReadAction","target":["https:\/\/diariodeloeste.com\/noticias\/2022\/07\/09\/viviendas-sociales-selci-pone-en-marcha-un-proyecto-de-obras\/"]}]},{"@type":"ImageObject","inLanguage":"es-AR","@id":"https:\/\/diariodeloeste.com\/noticias\/2022\/07\/09\/viviendas-sociales-selci-pone-en-marcha-un-proyecto-de-obras\/#primaryimage","url":"https:\/\/diariodeloeste.com\/noticias\/wp-content\/uploads\/2022\/07\/2-1.jpg","contentUrl":"https:\/\/diariodeloeste.com\/noticias\/wp-content\/uploads\/2022\/07\/2-1.jpg","width":1599,"height":1066},{"@type":"BreadcrumbList","@id":"https:\/\/diariodeloeste.com\/noticias\/2022\/07\/09\/viviendas-sociales-selci-pone-en-marcha-un-proyecto-de-obras\/#breadcrumb","itemListElement":[{"@type":"ListItem","position":1,"name":"Inicio","item":"https:\/\/diariodeloeste.com\/noticias\/"},{"@type":"ListItem","position":2,"name":"Viviendas sociales: Selci pone en marcha un proyecto de obras"}]},{"@type":"WebSite","@id":"https:\/\/diariodeloeste.com\/noticias\/#website","url":"https:\/\/diariodeloeste.com\/noticias\/","name":"Diario del Oeste","description":"Noticias del Oeste","publisher":{"@id":"https:\/\/diariodeloeste.com\/noticias\/#organization"},"potentialAction":[{"@type":"SearchAction","target":{"@type":"EntryPoint","urlTemplate":"https:\/\/diariodeloeste.com\/noticias\/?s={search_term_string}"},"query-input":{"@type":"PropertyValueSpecification","valueRequired":true,"valueName":"search_term_string"}}],"inLanguage":"es-AR"},{"@type":"Organization","@id":"https:\/\/diariodeloeste.com\/noticias\/#organization","name":"Diario del Oeste","url":"https:\/\/diariodeloeste.com\/noticias\/","logo":{"@type":"ImageObject","inLanguage":"es-AR","@id":"https:\/\/diariodeloeste.com\/noticias\/#\/schema\/logo\/image\/","url":"https:\/\/diariodeloeste.com\/noticias\/wp-content\/uploads\/2019\/04\/logo.png","contentUrl":"https:\/\/diariodeloeste.com\/noticias\/wp-content\/uploads\/2019\/04\/logo.png","width":306,"height":145,"caption":"Diario del Oeste"},"image":{"@id":"https:\/\/diariodeloeste.com\/noticias\/#\/schema\/logo\/image\/"}},{"@type":"Person","@id":"https:\/\/diariodeloeste.com\/noticias\/#\/schema\/person\/1f7be965f8c093432e1cbfcee0ac4047","name":"Redaccion","image":{"@type":"ImageObject","inLanguage":"es-AR","@id":"https:\/\/secure.gravatar.com\/avatar\/f9bc3a12e26b32d818d88f9a5b61de20b559752e499df507efa7ea3cea0550ef?s=96&d=mm&r=g","url":"https:\/\/secure.gravatar.com\/avatar\/f9bc3a12e26b32d818d88f9a5b61de20b559752e499df507efa7ea3cea0550ef?s=96&d=mm&r=g","contentUrl":"https:\/\/secure.gravatar.com\/avatar\/f9bc3a12e26b32d818d88f9a5b61de20b559752e499df507efa7ea3cea0550ef?s=96&d=mm&r=g","caption":"Redaccion"},"url":"https:\/\/diariodeloeste.com\/noticias\/author\/redaccion\/"}]}},"_links":{"self":[{"href":"https:\/\/diariodeloeste.com\/noticias\/wp-json\/wp\/v2\/posts\/8105","targetHints":{"allow":["GET"]}}],"collection":[{"href":"https:\/\/diariodeloeste.com\/noticias\/wp-json\/wp\/v2\/posts"}],"about":[{"href":"https:\/\/diariodeloeste.com\/noticias\/wp-json\/wp\/v2\/types\/post"}],"author":[{"embeddable":true,"href":"https:\/\/diariodeloeste.com\/noticias\/wp-json\/wp\/v2\/users\/3"}],"replies":[{"embeddable":true,"href":"https:\/\/diariodeloeste.com\/noticias\/wp-json\/wp\/v2\/comments?post=8105"}],"version-history":[{"count":1,"href":"https:\/\/diariodeloeste.com\/noticias\/wp-json\/wp\/v2\/posts\/8105\/revisions"}],"predecessor-version":[{"id":8113,"href":"https:\/\/diariodeloeste.com\/noticias\/wp-json\/wp\/v2\/posts\/8105\/revisions\/8113"}],"wp:featuredmedia":[{"embeddable":true,"href":"https:\/\/diariodeloeste.com\/noticias\/wp-json\/wp\/v2\/media\/8110"}],"wp:attachment":[{"href":"https:\/\/diariodeloeste.com\/noticias\/wp-json\/wp\/v2\/media?parent=8105"}],"wp:term":[{"taxonomy":"category","embeddable":true,"href":"https:\/\/diariodeloeste.com\/noticias\/wp-json\/wp\/v2\/categories?post=8105"},{"taxonomy":"post_tag","embeddable":true,"href":"https:\/\/diariodeloeste.com\/noticias\/wp-json\/wp\/v2\/tags?post=8105"}],"curies":[{"name":"wp","href":"https:\/\/api.w.org\/{rel}","templated":true}]}}