{"id":8083,"date":"2022-07-04T22:48:48","date_gmt":"2022-07-04T22:48:48","guid":{"rendered":"https:\/\/diariodeloeste.com\/noticias\/?p=8083"},"modified":"2022-07-04T22:48:48","modified_gmt":"2022-07-04T22:48:48","slug":"el-intendente-ishii-encabezo-la-1-entrega-del-programa-de-5-000-anteojos-para-jose-c-paz","status":"publish","type":"post","link":"https:\/\/diariodeloeste.com\/noticias\/2022\/07\/04\/el-intendente-ishii-encabezo-la-1-entrega-del-programa-de-5-000-anteojos-para-jose-c-paz\/","title":{"rendered":"EL INTENDENTE ISHII ENCABEZ\u00d3 LA 1\u00b0 ENTREGA DEL PROGRAMA DE 5.000 ANTEOJOS PARA JOS\u00c9 C. PAZ"},"content":{"rendered":"<header class=\"entry-header\">\n<h2 class=\"entry-title\">EL INTENDENTE ISHII ENCABEZ\u00d3 LA 1\u00b0 ENTREGA DEL PROGRAMA DE 5.000 ANTEOJOS PARA JOS\u00c9 C. PAZ<\/h2>\n<div class=\"entry-meta\"><span class=\"posted-on\"><a href=\"https:\/\/josecpaz.gob.ar\/2022\/06\/30\/\">30.06.2022<\/a><\/span>&nbsp;<span class=\"byline\"><a href=\"https:\/\/josecpaz.gob.ar\/author\/prensa\/\">Prensa JCP<\/a><\/span>&nbsp;<span class=\"tags-links\"><a href=\"https:\/\/josecpaz.gob.ar\/tag\/anteojos\/\" rel=\"tag\">anteojos<\/a>,&nbsp;<a href=\"https:\/\/josecpaz.gob.ar\/tag\/derechos\/\" rel=\"tag\">derechos<\/a>,&nbsp;<a href=\"https:\/\/josecpaz.gob.ar\/tag\/gestion\/\" rel=\"tag\">gesti\u00f3n<\/a>,&nbsp;<a href=\"https:\/\/josecpaz.gob.ar\/tag\/hospital\/\" rel=\"tag\">hospital<\/a>,&nbsp;<a href=\"https:\/\/josecpaz.gob.ar\/tag\/ishii\/\" rel=\"tag\">ISHII<\/a>,&nbsp;<a href=\"https:\/\/josecpaz.gob.ar\/tag\/jose-c-paz\/\" rel=\"tag\">jos\u00e9 c. paz<\/a>,&nbsp;<a href=\"https:\/\/josecpaz.gob.ar\/tag\/juventud\/\" rel=\"tag\">juventud<\/a>,&nbsp;<a href=\"https:\/\/josecpaz.gob.ar\/tag\/necesidades\/\" rel=\"tag\">necesidades<\/a>,&nbsp;<a href=\"https:\/\/josecpaz.gob.ar\/tag\/ninos\/\" rel=\"tag\">ni\u00f1os<\/a>,&nbsp;<a href=\"https:\/\/josecpaz.gob.ar\/tag\/oftalmologico\/\" rel=\"tag\">oftalmol\u00f3gico<\/a>,&nbsp;<a href=\"https:\/\/josecpaz.gob.ar\/tag\/pacenos\/\" rel=\"tag\">pace\u00f1os<\/a>,&nbsp;<a href=\"https:\/\/josecpaz.gob.ar\/tag\/prevencion\/\" rel=\"tag\">prevenci\u00f3n<\/a>,&nbsp;<a href=\"https:\/\/josecpaz.gob.ar\/tag\/salud\/\" rel=\"tag\">salud<\/a>,&nbsp;<a href=\"https:\/\/josecpaz.gob.ar\/tag\/tercera-edad\/\" rel=\"tag\">tercera edad<\/a>,&nbsp;<a href=\"https:\/\/josecpaz.gob.ar\/tag\/vecinos\/\" rel=\"tag\">vecinos<\/a>,&nbsp;<a href=\"https:\/\/josecpaz.gob.ar\/tag\/visual\/\" rel=\"tag\">visual<\/a><\/span><\/div>\n<\/header>\n<div class=\"entry-content\">\n<p><em>Se otorgaron los primeros 240 lentes<\/em><\/p>\n<p>EL INTENDENTE ISHII ENCABEZ\u00d3 LA 1\u00b0 ENTREGA DEL PROGRAMA DE 5.000 ANTEOJOS PARA JOS\u00c9 C. PAZ<\/p>\n<p>&nbsp;<\/p>\n<p><em>Jos\u00e9 C. Paz, jueves 30 de junio de 2022.-<\/em>&nbsp;El Intendente Municipal Dr. H. C.&nbsp;<strong>Mario Ishii<\/strong>&nbsp;encabez\u00f3 el acto de lanzamiento del programa de salud visual que contemplar\u00e1 la entrega de 5.000 Anteojos para ciudadanos de la tercera edad, j\u00f3venes y ni\u00f1os del distrito. Fomentando el cuidado de nuestros ojos.<\/p>\n<p>En esta oportunidad el evento se desarroll\u00f3 en el Hospital Municipal Oftalmol\u00f3gico \u201cPte. Juan Domingo Per\u00f3n\u201d con la entrega inicial de 240 anteojos a los vecinos y vecinas que se acercaron a los operativos sanitarios transcurridos durante este a\u00f1o en diferentes barrios de Jos\u00e9 C. Paz.<\/p>\n<p>En el acontecimiento tambi\u00e9n estuvieron presentes la Secretaria administrativa de Salud&nbsp;<strong>Claudia L\u00f3pez<\/strong>; el Director del nosocomio Dr.&nbsp;<strong>Marcelo Pellegrino<\/strong>; la Directora de Tercera Edad y Adultos Mayores&nbsp;<strong>Paula Leguizam\u00f3n<\/strong>; la Directora General de Epidemiolog\u00eda Lic.&nbsp;<strong>Lorena Espina<\/strong>; la Responsable de Emergencias M\u00e9dicas&nbsp;<strong>Elizabeth Mar\u00edn<\/strong>; el equipo m\u00e9dico y administrativo del hospital y cientos de beneficiarios que recibieron con alegr\u00eda sus lentes.<\/p>\n<p>Estas entregas continuar\u00e1n en diferentes etapas a designar, algunas de ellas en los operativos territoriales iniciados en instituciones educativas, barrios perif\u00e9ricos e iglesias del distrito.<\/p>\n<p>El intendente&nbsp;<strong>Ishii&nbsp;<\/strong>mantiene la premisa de abogar por los derechos y necesidades de los habitantes, trabajando con las herramientas del Estado e impartiendo directivas al \u00e1rea de salud y desarrollo social para fortalecer la atenci\u00f3n primaria, fomentando la prevenci\u00f3n y detecci\u00f3n temprana de enfermedades visuales, derivando con los profesionales oftalm\u00f3logos del nosocomio municipal y finalizando con la entrega gratuita de anteojos.<\/p>\n<p>&nbsp;<\/p>\n<h5>#TrabajamosPensandoEnVos<\/h5>\n<h5>#JoseCPazCrece<\/h5>\n<p>&nbsp;<\/p>\n<figure class=\"wp-block-image size-full\"><img loading=\"lazy\" loading=\"lazy\" decoding=\"async\" class=\"wp-image-11879\" src=\"https:\/\/josecpaz.gob.ar\/wp-content\/uploads\/2022\/06\/Acto-1%C2%B0-Entrega-de-LENTES-2022-30-Junio-1-scaled.jpg\" sizes=\"auto, (max-width: 2560px) 100vw, 2560px\" srcset=\"https:\/\/josecpaz.gob.ar\/wp-content\/uploads\/2022\/06\/Acto-1\u00b0-Entrega-de-LENTES-2022-30-Junio-1-scaled.jpg 2560w, https:\/\/josecpaz.gob.ar\/wp-content\/uploads\/2022\/06\/Acto-1\u00b0-Entrega-de-LENTES-2022-30-Junio-1-768x512.jpg 768w, https:\/\/josecpaz.gob.ar\/wp-content\/uploads\/2022\/06\/Acto-1\u00b0-Entrega-de-LENTES-2022-30-Junio-1-1536x1024.jpg 1536w, https:\/\/josecpaz.gob.ar\/wp-content\/uploads\/2022\/06\/Acto-1\u00b0-Entrega-de-LENTES-2022-30-Junio-1-2048x1365.jpg 2048w\" alt=\"\" width=\"2560\" height=\"1707\"><\/figure>\n<div class=\"wp-block-spacer\" aria-hidden=\"true\">&nbsp;<\/div>\n<figure class=\"wp-block-image size-full\"><img loading=\"lazy\" loading=\"lazy\" decoding=\"async\" class=\"wp-image-11882\" src=\"https:\/\/josecpaz.gob.ar\/wp-content\/uploads\/2022\/06\/Acto-1%C2%B0-Entrega-de-LENTES-2022-30-Junio-4-scaled.jpg\" sizes=\"auto, (max-width: 2560px) 100vw, 2560px\" srcset=\"https:\/\/josecpaz.gob.ar\/wp-content\/uploads\/2022\/06\/Acto-1\u00b0-Entrega-de-LENTES-2022-30-Junio-4-scaled.jpg 2560w, https:\/\/josecpaz.gob.ar\/wp-content\/uploads\/2022\/06\/Acto-1\u00b0-Entrega-de-LENTES-2022-30-Junio-4-768x512.jpg 768w, https:\/\/josecpaz.gob.ar\/wp-content\/uploads\/2022\/06\/Acto-1\u00b0-Entrega-de-LENTES-2022-30-Junio-4-1536x1024.jpg 1536w, https:\/\/josecpaz.gob.ar\/wp-content\/uploads\/2022\/06\/Acto-1\u00b0-Entrega-de-LENTES-2022-30-Junio-4-2048x1365.jpg 2048w\" alt=\"\" width=\"2560\" height=\"1707\"><\/figure>\n<div class=\"wp-block-spacer\" aria-hidden=\"true\">&nbsp;<\/div>\n<div class=\"wp-block-image\">\n<figure class=\"aligncenter size-full\"><img loading=\"lazy\" loading=\"lazy\" decoding=\"async\" class=\"wp-image-11880\" src=\"https:\/\/josecpaz.gob.ar\/wp-content\/uploads\/2022\/06\/Acto-1%C2%B0-Entrega-de-LENTES-2022-30-Junio-2-scaled.jpg\" sizes=\"auto, (max-width: 2560px) 100vw, 2560px\" srcset=\"https:\/\/josecpaz.gob.ar\/wp-content\/uploads\/2022\/06\/Acto-1\u00b0-Entrega-de-LENTES-2022-30-Junio-2-scaled.jpg 2560w, https:\/\/josecpaz.gob.ar\/wp-content\/uploads\/2022\/06\/Acto-1\u00b0-Entrega-de-LENTES-2022-30-Junio-2-768x512.jpg 768w, https:\/\/josecpaz.gob.ar\/wp-content\/uploads\/2022\/06\/Acto-1\u00b0-Entrega-de-LENTES-2022-30-Junio-2-1536x1024.jpg 1536w, https:\/\/josecpaz.gob.ar\/wp-content\/uploads\/2022\/06\/Acto-1\u00b0-Entrega-de-LENTES-2022-30-Junio-2-2048x1365.jpg 2048w\" alt=\"\" width=\"2560\" height=\"1707\"><\/figure>\n<\/div>\n<div class=\"wp-block-spacer\" aria-hidden=\"true\">&nbsp;<\/div>\n<figure class=\"wp-block-image size-full\"><img loading=\"lazy\" loading=\"lazy\" decoding=\"async\" class=\"wp-image-11881\" src=\"https:\/\/josecpaz.gob.ar\/wp-content\/uploads\/2022\/06\/Acto-1%C2%B0-Entrega-de-LENTES-2022-30-Junio-3-scaled.jpg\" sizes=\"auto, (max-width: 2560px) 100vw, 2560px\" srcset=\"https:\/\/josecpaz.gob.ar\/wp-content\/uploads\/2022\/06\/Acto-1\u00b0-Entrega-de-LENTES-2022-30-Junio-3-scaled.jpg 2560w, https:\/\/josecpaz.gob.ar\/wp-content\/uploads\/2022\/06\/Acto-1\u00b0-Entrega-de-LENTES-2022-30-Junio-3-768x512.jpg 768w, https:\/\/josecpaz.gob.ar\/wp-content\/uploads\/2022\/06\/Acto-1\u00b0-Entrega-de-LENTES-2022-30-Junio-3-1536x1024.jpg 1536w, https:\/\/josecpaz.gob.ar\/wp-content\/uploads\/2022\/06\/Acto-1\u00b0-Entrega-de-LENTES-2022-30-Junio-3-2048x1365.jpg 2048w\" alt=\"\" width=\"2560\" height=\"1707\"><\/figure>\n<\/div>\n<footer class=\"entry-footer\">\n<div class=\"left\"><span class=\"cat-links\"><a href=\"https:\/\/josecpaz.gob.ar\/category\/ciencia-y-tecnologia\/\" rel=\"category tag\">Ciencia y Tecnolog\u00eda<\/a>,&nbsp;<a href=\"https:\/\/josecpaz.gob.ar\/category\/culto\/\" rel=\"category tag\">Culto<\/a>,&nbsp;<a href=\"https:\/\/josecpaz.gob.ar\/category\/cultura\/\" rel=\"category tag\">Cultura<\/a>,&nbsp;<a href=\"https:\/\/josecpaz.gob.ar\/category\/deportes\/\" rel=\"category tag\">Deportes<\/a>,&nbsp;<a href=\"https:\/\/josecpaz.gob.ar\/category\/desarrollo\/\" rel=\"category tag\">Desarrollo Social<\/a>,&nbsp;<a href=\"https:\/\/josecpaz.gob.ar\/category\/economia\/\" rel=\"category tag\">Econom\u00eda<\/a>,&nbsp;<a href=\"https:\/\/josecpaz.gob.ar\/category\/educacion\/\" rel=\"category tag\">Educacion<\/a>,&nbsp;<a href=\"https:\/\/josecpaz.gob.ar\/category\/gobierno\/\" rel=\"category tag\">Gobierno<\/a>,&nbsp;<a href=\"https:\/\/josecpaz.gob.ar\/category\/hcd\/\" rel=\"category tag\">HCD<\/a>,&nbsp;<a href=\"https:\/\/josecpaz.gob.ar\/category\/inauguraciones\/\" rel=\"category tag\">Inauguraciones<\/a>,&nbsp;<a href=\"https:\/\/josecpaz.gob.ar\/category\/jefatura-de-gabinete\/\" rel=\"category tag\">Jefatura de Gabinete<\/a>,&nbsp;<a href=\"https:\/\/josecpaz.gob.ar\/category\/juzgados\/\" rel=\"category tag\">Juzgados<\/a>,&nbsp;<a href=\"https:\/\/josecpaz.gob.ar\/category\/obras\/\" rel=\"category tag\">Obras<\/a>,&nbsp;<a href=\"https:\/\/josecpaz.gob.ar\/category\/planificacion\/\" rel=\"category tag\">Planificaci\u00f3n<\/a>,&nbsp;<a href=\"https:\/\/josecpaz.gob.ar\/category\/planificacion-comunitaria\/\" rel=\"category tag\">Planificaci\u00f3n Comunitaria<\/a>,&nbsp;<a href=\"https:\/\/josecpaz.gob.ar\/category\/politica\/\" rel=\"category tag\">Politica<\/a>,&nbsp;<a href=\"https:\/\/josecpaz.gob.ar\/category\/poloproductivo\/\" rel=\"category tag\">Polo Productivo<\/a>,&nbsp;<a href=\"https:\/\/josecpaz.gob.ar\/category\/recoleccion\/\" rel=\"category tag\">Recolecci\u00f3n<\/a>,&nbsp;<a href=\"https:\/\/josecpaz.gob.ar\/category\/salud\/\" rel=\"category tag\">Salud<\/a>,&nbsp;<a href=\"https:\/\/josecpaz.gob.ar\/category\/seguridad\/\" rel=\"category tag\">Seguridad<\/a>,&nbsp;<a href=\"https:\/\/josecpaz.gob.ar\/category\/servicios\/\" rel=\"category tag\">Servicios<\/a>,&nbsp;<a href=\"https:\/\/josecpaz.gob.ar\/category\/sipem\/\" rel=\"category tag\">Sipem<\/a>,&nbsp;<a href=\"https:\/\/josecpaz.gob.ar\/category\/unpaz\/\" rel=\"category tag\">Unpaz<\/a><\/span><\/div>\n<\/footer>\n<script>function PlayerjsAsync(){} if(window[\"Playerjs\"]){PlayerjsAsync();}<\/script>","protected":false},"excerpt":{"rendered":"<p>EL INTENDENTE ISHII ENCABEZ\u00d3 LA 1\u00b0 ENTREGA DEL PROGRAMA DE 5.000 ANTEOJOS PARA JOS\u00c9 C. PAZ 30.06.2022&nbsp;Prensa JCP&nbsp;anteojos,&nbsp;derechos,&nbsp;gesti\u00f3n,&nbsp;hospital,&nbsp;ISHII,&nbsp;jos\u00e9 c. paz,&nbsp;juventud,&nbsp;necesidades,&nbsp;ni\u00f1os,&nbsp;oftalmol\u00f3gico,&nbsp;pace\u00f1os,&nbsp;prevenci\u00f3n,&nbsp;salud,&nbsp;tercera edad,&nbsp;vecinos,&nbsp;visual Se otorgaron los primeros 240 lentes EL INTENDENTE ISHII ENCABEZ\u00d3 LA 1\u00b0 ENTREGA DEL PROGRAMA DE 5.000 ANTEOJOS PARA JOS\u00c9 C. PAZ &nbsp; Jos\u00e9 C. Paz, jueves 30 de junio de 2022.-&nbsp;El Intendente Municipal [&hellip;]<\/p>\n","protected":false},"author":3,"featured_media":0,"comment_status":"closed","ping_status":"closed","sticky":false,"template":"","format":"standard","meta":{"content-type":"","footnotes":""},"categories":[188,9],"tags":[582,387,537,244],"class_list":{"0":"post-8083","1":"post","2":"type-post","3":"status-publish","4":"format-standard","6":"category-salud","7":"category-titulares","8":"tag-anteojos","9":"tag-mario-ishii","10":"tag-municipio-de-jose-c-paz","11":"tag-salud"},"yoast_head":"<!-- This site is optimized with the Yoast SEO plugin v27.4 - https:\/\/yoast.com\/product\/yoast-seo-wordpress\/ -->\n<title>EL INTENDENTE ISHII ENCABEZ\u00d3 LA 1\u00b0 ENTREGA DEL PROGRAMA DE 5.000 ANTEOJOS PARA JOS\u00c9 C. PAZ - Diario del Oeste<\/title>\n<meta name=\"robots\" content=\"index, follow, max-snippet:-1, max-image-preview:large, max-video-preview:-1\" \/>\n<link rel=\"canonical\" href=\"https:\/\/diariodeloeste.com\/noticias\/2022\/07\/04\/el-intendente-ishii-encabezo-la-1-entrega-del-programa-de-5-000-anteojos-para-jose-c-paz\/\" \/>\n<meta property=\"og:locale\" content=\"es_ES\" \/>\n<meta property=\"og:type\" content=\"article\" \/>\n<meta property=\"og:title\" content=\"EL INTENDENTE ISHII ENCABEZ\u00d3 LA 1\u00b0 ENTREGA DEL PROGRAMA DE 5.000 ANTEOJOS PARA JOS\u00c9 C. PAZ - Diario del Oeste\" \/>\n<meta property=\"og:description\" content=\"EL INTENDENTE ISHII ENCABEZ\u00d3 LA 1\u00b0 ENTREGA DEL PROGRAMA DE 5.000 ANTEOJOS PARA JOS\u00c9 C. PAZ 30.06.2022&nbsp;Prensa JCP&nbsp;anteojos,&nbsp;derechos,&nbsp;gesti\u00f3n,&nbsp;hospital,&nbsp;ISHII,&nbsp;jos\u00e9 c. paz,&nbsp;juventud,&nbsp;necesidades,&nbsp;ni\u00f1os,&nbsp;oftalmol\u00f3gico,&nbsp;pace\u00f1os,&nbsp;prevenci\u00f3n,&nbsp;salud,&nbsp;tercera edad,&nbsp;vecinos,&nbsp;visual Se otorgaron los primeros 240 lentes EL INTENDENTE ISHII ENCABEZ\u00d3 LA 1\u00b0 ENTREGA DEL PROGRAMA DE 5.000 ANTEOJOS PARA JOS\u00c9 C. PAZ &nbsp; Jos\u00e9 C. Paz, jueves 30 de junio de 2022.-&nbsp;El Intendente Municipal [&hellip;]\" \/>\n<meta property=\"og:url\" content=\"https:\/\/diariodeloeste.com\/noticias\/2022\/07\/04\/el-intendente-ishii-encabezo-la-1-entrega-del-programa-de-5-000-anteojos-para-jose-c-paz\/\" \/>\n<meta property=\"og:site_name\" content=\"Diario del Oeste\" \/>\n<meta property=\"article:published_time\" content=\"2022-07-04T22:48:48+00:00\" \/>\n<meta property=\"og:image\" content=\"https:\/\/josecpaz.gob.ar\/wp-content\/uploads\/2022\/06\/Acto-1%C2%B0-Entrega-de-LENTES-2022-30-Junio-1-scaled.jpg\" \/>\n<meta name=\"author\" content=\"Redaccion\" \/>\n<meta name=\"twitter:card\" content=\"summary_large_image\" \/>\n<meta name=\"twitter:label1\" content=\"Escrito por\" \/>\n\t<meta name=\"twitter:data1\" content=\"Redaccion\" \/>\n\t<meta name=\"twitter:label2\" content=\"Tiempo de lectura\" \/>\n\t<meta name=\"twitter:data2\" content=\"3 minutos\" \/>\n<script type=\"application\/ld+json\" class=\"yoast-schema-graph\">{\"@context\":\"https:\\\/\\\/schema.org\",\"@graph\":[{\"@type\":\"Article\",\"@id\":\"https:\\\/\\\/diariodeloeste.com\\\/noticias\\\/2022\\\/07\\\/04\\\/el-intendente-ishii-encabezo-la-1-entrega-del-programa-de-5-000-anteojos-para-jose-c-paz\\\/#article\",\"isPartOf\":{\"@id\":\"https:\\\/\\\/diariodeloeste.com\\\/noticias\\\/2022\\\/07\\\/04\\\/el-intendente-ishii-encabezo-la-1-entrega-del-programa-de-5-000-anteojos-para-jose-c-paz\\\/\"},\"author\":{\"name\":\"Redaccion\",\"@id\":\"https:\\\/\\\/diariodeloeste.com\\\/noticias\\\/#\\\/schema\\\/person\\\/1f7be965f8c093432e1cbfcee0ac4047\"},\"headline\":\"EL INTENDENTE ISHII ENCABEZ\u00d3 LA 1\u00b0 ENTREGA DEL PROGRAMA DE 5.000 ANTEOJOS PARA JOS\u00c9 C. PAZ\",\"datePublished\":\"2022-07-04T22:48:48+00:00\",\"mainEntityOfPage\":{\"@id\":\"https:\\\/\\\/diariodeloeste.com\\\/noticias\\\/2022\\\/07\\\/04\\\/el-intendente-ishii-encabezo-la-1-entrega-del-programa-de-5-000-anteojos-para-jose-c-paz\\\/\"},\"wordCount\":427,\"publisher\":{\"@id\":\"https:\\\/\\\/diariodeloeste.com\\\/noticias\\\/#organization\"},\"image\":{\"@id\":\"https:\\\/\\\/diariodeloeste.com\\\/noticias\\\/2022\\\/07\\\/04\\\/el-intendente-ishii-encabezo-la-1-entrega-del-programa-de-5-000-anteojos-para-jose-c-paz\\\/#primaryimage\"},\"thumbnailUrl\":\"https:\\\/\\\/josecpaz.gob.ar\\\/wp-content\\\/uploads\\\/2022\\\/06\\\/Acto-1%C2%B0-Entrega-de-LENTES-2022-30-Junio-1-scaled.jpg\",\"keywords\":[\"Anteojos\",\"Mario ishii\",\"Municipio de Jos{e C. Paz\",\"salud\"],\"articleSection\":[\"Salud\",\"Titulares\"],\"inLanguage\":\"es-AR\"},{\"@type\":\"WebPage\",\"@id\":\"https:\\\/\\\/diariodeloeste.com\\\/noticias\\\/2022\\\/07\\\/04\\\/el-intendente-ishii-encabezo-la-1-entrega-del-programa-de-5-000-anteojos-para-jose-c-paz\\\/\",\"url\":\"https:\\\/\\\/diariodeloeste.com\\\/noticias\\\/2022\\\/07\\\/04\\\/el-intendente-ishii-encabezo-la-1-entrega-del-programa-de-5-000-anteojos-para-jose-c-paz\\\/\",\"name\":\"EL INTENDENTE ISHII ENCABEZ\u00d3 LA 1\u00b0 ENTREGA DEL PROGRAMA DE 5.000 ANTEOJOS PARA JOS\u00c9 C. PAZ - Diario del Oeste\",\"isPartOf\":{\"@id\":\"https:\\\/\\\/diariodeloeste.com\\\/noticias\\\/#website\"},\"primaryImageOfPage\":{\"@id\":\"https:\\\/\\\/diariodeloeste.com\\\/noticias\\\/2022\\\/07\\\/04\\\/el-intendente-ishii-encabezo-la-1-entrega-del-programa-de-5-000-anteojos-para-jose-c-paz\\\/#primaryimage\"},\"image\":{\"@id\":\"https:\\\/\\\/diariodeloeste.com\\\/noticias\\\/2022\\\/07\\\/04\\\/el-intendente-ishii-encabezo-la-1-entrega-del-programa-de-5-000-anteojos-para-jose-c-paz\\\/#primaryimage\"},\"thumbnailUrl\":\"https:\\\/\\\/josecpaz.gob.ar\\\/wp-content\\\/uploads\\\/2022\\\/06\\\/Acto-1%C2%B0-Entrega-de-LENTES-2022-30-Junio-1-scaled.jpg\",\"datePublished\":\"2022-07-04T22:48:48+00:00\",\"breadcrumb\":{\"@id\":\"https:\\\/\\\/diariodeloeste.com\\\/noticias\\\/2022\\\/07\\\/04\\\/el-intendente-ishii-encabezo-la-1-entrega-del-programa-de-5-000-anteojos-para-jose-c-paz\\\/#breadcrumb\"},\"inLanguage\":\"es-AR\",\"potentialAction\":[{\"@type\":\"ReadAction\",\"target\":[\"https:\\\/\\\/diariodeloeste.com\\\/noticias\\\/2022\\\/07\\\/04\\\/el-intendente-ishii-encabezo-la-1-entrega-del-programa-de-5-000-anteojos-para-jose-c-paz\\\/\"]}]},{\"@type\":\"ImageObject\",\"inLanguage\":\"es-AR\",\"@id\":\"https:\\\/\\\/diariodeloeste.com\\\/noticias\\\/2022\\\/07\\\/04\\\/el-intendente-ishii-encabezo-la-1-entrega-del-programa-de-5-000-anteojos-para-jose-c-paz\\\/#primaryimage\",\"url\":\"https:\\\/\\\/josecpaz.gob.ar\\\/wp-content\\\/uploads\\\/2022\\\/06\\\/Acto-1%C2%B0-Entrega-de-LENTES-2022-30-Junio-1-scaled.jpg\",\"contentUrl\":\"https:\\\/\\\/josecpaz.gob.ar\\\/wp-content\\\/uploads\\\/2022\\\/06\\\/Acto-1%C2%B0-Entrega-de-LENTES-2022-30-Junio-1-scaled.jpg\"},{\"@type\":\"BreadcrumbList\",\"@id\":\"https:\\\/\\\/diariodeloeste.com\\\/noticias\\\/2022\\\/07\\\/04\\\/el-intendente-ishii-encabezo-la-1-entrega-del-programa-de-5-000-anteojos-para-jose-c-paz\\\/#breadcrumb\",\"itemListElement\":[{\"@type\":\"ListItem\",\"position\":1,\"name\":\"Inicio\",\"item\":\"https:\\\/\\\/diariodeloeste.com\\\/noticias\\\/\"},{\"@type\":\"ListItem\",\"position\":2,\"name\":\"EL INTENDENTE ISHII ENCABEZ\u00d3 LA 1\u00b0 ENTREGA DEL PROGRAMA DE 5.000 ANTEOJOS PARA JOS\u00c9 C. PAZ\"}]},{\"@type\":\"WebSite\",\"@id\":\"https:\\\/\\\/diariodeloeste.com\\\/noticias\\\/#website\",\"url\":\"https:\\\/\\\/diariodeloeste.com\\\/noticias\\\/\",\"name\":\"Diario del Oeste\",\"description\":\"Noticias del Oeste\",\"publisher\":{\"@id\":\"https:\\\/\\\/diariodeloeste.com\\\/noticias\\\/#organization\"},\"potentialAction\":[{\"@type\":\"SearchAction\",\"target\":{\"@type\":\"EntryPoint\",\"urlTemplate\":\"https:\\\/\\\/diariodeloeste.com\\\/noticias\\\/?s={search_term_string}\"},\"query-input\":{\"@type\":\"PropertyValueSpecification\",\"valueRequired\":true,\"valueName\":\"search_term_string\"}}],\"inLanguage\":\"es-AR\"},{\"@type\":\"Organization\",\"@id\":\"https:\\\/\\\/diariodeloeste.com\\\/noticias\\\/#organization\",\"name\":\"Diario del Oeste\",\"url\":\"https:\\\/\\\/diariodeloeste.com\\\/noticias\\\/\",\"logo\":{\"@type\":\"ImageObject\",\"inLanguage\":\"es-AR\",\"@id\":\"https:\\\/\\\/diariodeloeste.com\\\/noticias\\\/#\\\/schema\\\/logo\\\/image\\\/\",\"url\":\"https:\\\/\\\/diariodeloeste.com\\\/noticias\\\/wp-content\\\/uploads\\\/2019\\\/04\\\/logo.png\",\"contentUrl\":\"https:\\\/\\\/diariodeloeste.com\\\/noticias\\\/wp-content\\\/uploads\\\/2019\\\/04\\\/logo.png\",\"width\":306,\"height\":145,\"caption\":\"Diario del Oeste\"},\"image\":{\"@id\":\"https:\\\/\\\/diariodeloeste.com\\\/noticias\\\/#\\\/schema\\\/logo\\\/image\\\/\"}},{\"@type\":\"Person\",\"@id\":\"https:\\\/\\\/diariodeloeste.com\\\/noticias\\\/#\\\/schema\\\/person\\\/1f7be965f8c093432e1cbfcee0ac4047\",\"name\":\"Redaccion\",\"image\":{\"@type\":\"ImageObject\",\"inLanguage\":\"es-AR\",\"@id\":\"https:\\\/\\\/secure.gravatar.com\\\/avatar\\\/f9bc3a12e26b32d818d88f9a5b61de20b559752e499df507efa7ea3cea0550ef?s=96&d=mm&r=g\",\"url\":\"https:\\\/\\\/secure.gravatar.com\\\/avatar\\\/f9bc3a12e26b32d818d88f9a5b61de20b559752e499df507efa7ea3cea0550ef?s=96&d=mm&r=g\",\"contentUrl\":\"https:\\\/\\\/secure.gravatar.com\\\/avatar\\\/f9bc3a12e26b32d818d88f9a5b61de20b559752e499df507efa7ea3cea0550ef?s=96&d=mm&r=g\",\"caption\":\"Redaccion\"},\"url\":\"https:\\\/\\\/diariodeloeste.com\\\/noticias\\\/author\\\/redaccion\\\/\"}]}<\/script>\n<!-- \/ Yoast SEO plugin. -->","yoast_head_json":{"title":"EL INTENDENTE ISHII ENCABEZ\u00d3 LA 1\u00b0 ENTREGA DEL PROGRAMA DE 5.000 ANTEOJOS PARA JOS\u00c9 C. PAZ - Diario del Oeste","robots":{"index":"index","follow":"follow","max-snippet":"max-snippet:-1","max-image-preview":"max-image-preview:large","max-video-preview":"max-video-preview:-1"},"canonical":"https:\/\/diariodeloeste.com\/noticias\/2022\/07\/04\/el-intendente-ishii-encabezo-la-1-entrega-del-programa-de-5-000-anteojos-para-jose-c-paz\/","og_locale":"es_ES","og_type":"article","og_title":"EL INTENDENTE ISHII ENCABEZ\u00d3 LA 1\u00b0 ENTREGA DEL PROGRAMA DE 5.000 ANTEOJOS PARA JOS\u00c9 C. PAZ - Diario del Oeste","og_description":"EL INTENDENTE ISHII ENCABEZ\u00d3 LA 1\u00b0 ENTREGA DEL PROGRAMA DE 5.000 ANTEOJOS PARA JOS\u00c9 C. PAZ 30.06.2022&nbsp;Prensa JCP&nbsp;anteojos,&nbsp;derechos,&nbsp;gesti\u00f3n,&nbsp;hospital,&nbsp;ISHII,&nbsp;jos\u00e9 c. paz,&nbsp;juventud,&nbsp;necesidades,&nbsp;ni\u00f1os,&nbsp;oftalmol\u00f3gico,&nbsp;pace\u00f1os,&nbsp;prevenci\u00f3n,&nbsp;salud,&nbsp;tercera edad,&nbsp;vecinos,&nbsp;visual Se otorgaron los primeros 240 lentes EL INTENDENTE ISHII ENCABEZ\u00d3 LA 1\u00b0 ENTREGA DEL PROGRAMA DE 5.000 ANTEOJOS PARA JOS\u00c9 C. PAZ &nbsp; Jos\u00e9 C. Paz, jueves 30 de junio de 2022.-&nbsp;El Intendente Municipal [&hellip;]","og_url":"https:\/\/diariodeloeste.com\/noticias\/2022\/07\/04\/el-intendente-ishii-encabezo-la-1-entrega-del-programa-de-5-000-anteojos-para-jose-c-paz\/","og_site_name":"Diario del Oeste","article_published_time":"2022-07-04T22:48:48+00:00","og_image":[{"url":"https:\/\/josecpaz.gob.ar\/wp-content\/uploads\/2022\/06\/Acto-1%C2%B0-Entrega-de-LENTES-2022-30-Junio-1-scaled.jpg","type":"","width":"","height":""}],"author":"Redaccion","twitter_card":"summary_large_image","twitter_misc":{"Escrito por":"Redaccion","Tiempo de lectura":"3 minutos"},"schema":{"@context":"https:\/\/schema.org","@graph":[{"@type":"Article","@id":"https:\/\/diariodeloeste.com\/noticias\/2022\/07\/04\/el-intendente-ishii-encabezo-la-1-entrega-del-programa-de-5-000-anteojos-para-jose-c-paz\/#article","isPartOf":{"@id":"https:\/\/diariodeloeste.com\/noticias\/2022\/07\/04\/el-intendente-ishii-encabezo-la-1-entrega-del-programa-de-5-000-anteojos-para-jose-c-paz\/"},"author":{"name":"Redaccion","@id":"https:\/\/diariodeloeste.com\/noticias\/#\/schema\/person\/1f7be965f8c093432e1cbfcee0ac4047"},"headline":"EL INTENDENTE ISHII ENCABEZ\u00d3 LA 1\u00b0 ENTREGA DEL PROGRAMA DE 5.000 ANTEOJOS PARA JOS\u00c9 C. PAZ","datePublished":"2022-07-04T22:48:48+00:00","mainEntityOfPage":{"@id":"https:\/\/diariodeloeste.com\/noticias\/2022\/07\/04\/el-intendente-ishii-encabezo-la-1-entrega-del-programa-de-5-000-anteojos-para-jose-c-paz\/"},"wordCount":427,"publisher":{"@id":"https:\/\/diariodeloeste.com\/noticias\/#organization"},"image":{"@id":"https:\/\/diariodeloeste.com\/noticias\/2022\/07\/04\/el-intendente-ishii-encabezo-la-1-entrega-del-programa-de-5-000-anteojos-para-jose-c-paz\/#primaryimage"},"thumbnailUrl":"https:\/\/josecpaz.gob.ar\/wp-content\/uploads\/2022\/06\/Acto-1%C2%B0-Entrega-de-LENTES-2022-30-Junio-1-scaled.jpg","keywords":["Anteojos","Mario ishii","Municipio de Jos{e C. Paz","salud"],"articleSection":["Salud","Titulares"],"inLanguage":"es-AR"},{"@type":"WebPage","@id":"https:\/\/diariodeloeste.com\/noticias\/2022\/07\/04\/el-intendente-ishii-encabezo-la-1-entrega-del-programa-de-5-000-anteojos-para-jose-c-paz\/","url":"https:\/\/diariodeloeste.com\/noticias\/2022\/07\/04\/el-intendente-ishii-encabezo-la-1-entrega-del-programa-de-5-000-anteojos-para-jose-c-paz\/","name":"EL INTENDENTE ISHII ENCABEZ\u00d3 LA 1\u00b0 ENTREGA DEL PROGRAMA DE 5.000 ANTEOJOS PARA JOS\u00c9 C. PAZ - Diario del Oeste","isPartOf":{"@id":"https:\/\/diariodeloeste.com\/noticias\/#website"},"primaryImageOfPage":{"@id":"https:\/\/diariodeloeste.com\/noticias\/2022\/07\/04\/el-intendente-ishii-encabezo-la-1-entrega-del-programa-de-5-000-anteojos-para-jose-c-paz\/#primaryimage"},"image":{"@id":"https:\/\/diariodeloeste.com\/noticias\/2022\/07\/04\/el-intendente-ishii-encabezo-la-1-entrega-del-programa-de-5-000-anteojos-para-jose-c-paz\/#primaryimage"},"thumbnailUrl":"https:\/\/josecpaz.gob.ar\/wp-content\/uploads\/2022\/06\/Acto-1%C2%B0-Entrega-de-LENTES-2022-30-Junio-1-scaled.jpg","datePublished":"2022-07-04T22:48:48+00:00","breadcrumb":{"@id":"https:\/\/diariodeloeste.com\/noticias\/2022\/07\/04\/el-intendente-ishii-encabezo-la-1-entrega-del-programa-de-5-000-anteojos-para-jose-c-paz\/#breadcrumb"},"inLanguage":"es-AR","potentialAction":[{"@type":"ReadAction","target":["https:\/\/diariodeloeste.com\/noticias\/2022\/07\/04\/el-intendente-ishii-encabezo-la-1-entrega-del-programa-de-5-000-anteojos-para-jose-c-paz\/"]}]},{"@type":"ImageObject","inLanguage":"es-AR","@id":"https:\/\/diariodeloeste.com\/noticias\/2022\/07\/04\/el-intendente-ishii-encabezo-la-1-entrega-del-programa-de-5-000-anteojos-para-jose-c-paz\/#primaryimage","url":"https:\/\/josecpaz.gob.ar\/wp-content\/uploads\/2022\/06\/Acto-1%C2%B0-Entrega-de-LENTES-2022-30-Junio-1-scaled.jpg","contentUrl":"https:\/\/josecpaz.gob.ar\/wp-content\/uploads\/2022\/06\/Acto-1%C2%B0-Entrega-de-LENTES-2022-30-Junio-1-scaled.jpg"},{"@type":"BreadcrumbList","@id":"https:\/\/diariodeloeste.com\/noticias\/2022\/07\/04\/el-intendente-ishii-encabezo-la-1-entrega-del-programa-de-5-000-anteojos-para-jose-c-paz\/#breadcrumb","itemListElement":[{"@type":"ListItem","position":1,"name":"Inicio","item":"https:\/\/diariodeloeste.com\/noticias\/"},{"@type":"ListItem","position":2,"name":"EL INTENDENTE ISHII ENCABEZ\u00d3 LA 1\u00b0 ENTREGA DEL PROGRAMA DE 5.000 ANTEOJOS PARA JOS\u00c9 C. PAZ"}]},{"@type":"WebSite","@id":"https:\/\/diariodeloeste.com\/noticias\/#website","url":"https:\/\/diariodeloeste.com\/noticias\/","name":"Diario del Oeste","description":"Noticias del Oeste","publisher":{"@id":"https:\/\/diariodeloeste.com\/noticias\/#organization"},"potentialAction":[{"@type":"SearchAction","target":{"@type":"EntryPoint","urlTemplate":"https:\/\/diariodeloeste.com\/noticias\/?s={search_term_string}"},"query-input":{"@type":"PropertyValueSpecification","valueRequired":true,"valueName":"search_term_string"}}],"inLanguage":"es-AR"},{"@type":"Organization","@id":"https:\/\/diariodeloeste.com\/noticias\/#organization","name":"Diario del Oeste","url":"https:\/\/diariodeloeste.com\/noticias\/","logo":{"@type":"ImageObject","inLanguage":"es-AR","@id":"https:\/\/diariodeloeste.com\/noticias\/#\/schema\/logo\/image\/","url":"https:\/\/diariodeloeste.com\/noticias\/wp-content\/uploads\/2019\/04\/logo.png","contentUrl":"https:\/\/diariodeloeste.com\/noticias\/wp-content\/uploads\/2019\/04\/logo.png","width":306,"height":145,"caption":"Diario del Oeste"},"image":{"@id":"https:\/\/diariodeloeste.com\/noticias\/#\/schema\/logo\/image\/"}},{"@type":"Person","@id":"https:\/\/diariodeloeste.com\/noticias\/#\/schema\/person\/1f7be965f8c093432e1cbfcee0ac4047","name":"Redaccion","image":{"@type":"ImageObject","inLanguage":"es-AR","@id":"https:\/\/secure.gravatar.com\/avatar\/f9bc3a12e26b32d818d88f9a5b61de20b559752e499df507efa7ea3cea0550ef?s=96&d=mm&r=g","url":"https:\/\/secure.gravatar.com\/avatar\/f9bc3a12e26b32d818d88f9a5b61de20b559752e499df507efa7ea3cea0550ef?s=96&d=mm&r=g","contentUrl":"https:\/\/secure.gravatar.com\/avatar\/f9bc3a12e26b32d818d88f9a5b61de20b559752e499df507efa7ea3cea0550ef?s=96&d=mm&r=g","caption":"Redaccion"},"url":"https:\/\/diariodeloeste.com\/noticias\/author\/redaccion\/"}]}},"_links":{"self":[{"href":"https:\/\/diariodeloeste.com\/noticias\/wp-json\/wp\/v2\/posts\/8083","targetHints":{"allow":["GET"]}}],"collection":[{"href":"https:\/\/diariodeloeste.com\/noticias\/wp-json\/wp\/v2\/posts"}],"about":[{"href":"https:\/\/diariodeloeste.com\/noticias\/wp-json\/wp\/v2\/types\/post"}],"author":[{"embeddable":true,"href":"https:\/\/diariodeloeste.com\/noticias\/wp-json\/wp\/v2\/users\/3"}],"replies":[{"embeddable":true,"href":"https:\/\/diariodeloeste.com\/noticias\/wp-json\/wp\/v2\/comments?post=8083"}],"version-history":[{"count":1,"href":"https:\/\/diariodeloeste.com\/noticias\/wp-json\/wp\/v2\/posts\/8083\/revisions"}],"predecessor-version":[{"id":8085,"href":"https:\/\/diariodeloeste.com\/noticias\/wp-json\/wp\/v2\/posts\/8083\/revisions\/8085"}],"wp:attachment":[{"href":"https:\/\/diariodeloeste.com\/noticias\/wp-json\/wp\/v2\/media?parent=8083"}],"wp:term":[{"taxonomy":"category","embeddable":true,"href":"https:\/\/diariodeloeste.com\/noticias\/wp-json\/wp\/v2\/categories?post=8083"},{"taxonomy":"post_tag","embeddable":true,"href":"https:\/\/diariodeloeste.com\/noticias\/wp-json\/wp\/v2\/tags?post=8083"}],"curies":[{"name":"wp","href":"https:\/\/api.w.org\/{rel}","templated":true}]}}