{"id":8067,"date":"2022-07-02T00:07:08","date_gmt":"2022-07-02T00:07:08","guid":{"rendered":"https:\/\/diariodeloeste.com\/noticias\/?p=8067"},"modified":"2022-07-02T00:07:08","modified_gmt":"2022-07-02T00:07:08","slug":"emotivo-homenaje-para-restituir-el-nombre-a-la-avenida-leon-gallardo-en-san-miguel","status":"publish","type":"post","link":"https:\/\/diariodeloeste.com\/noticias\/2022\/07\/02\/emotivo-homenaje-para-restituir-el-nombre-a-la-avenida-leon-gallardo-en-san-miguel\/","title":{"rendered":"Emotivo homenaje para restituir el nombre a la Avenida Le\u00f3n Gallardo en San Miguel"},"content":{"rendered":"<div dir=\"ltr\">\n<div class=\"gmail_quote\"><b><span style=\"font-size: large;\">A 130 a\u00f1os de su fallecimiento, el municipio realiz\u00f3 una jornada para recordar y celebrar a este hist\u00f3rico vecino del distrito.<\/span><br \/>\n<\/b><div id='gallery-1' class='gallery galleryid-8067 gallery-columns-2 gallery-size-large'><figure class='gallery-item'>\n\t\t\t<div class='gallery-icon landscape'>\n\t\t\t\t<a href='https:\/\/diariodeloeste.com\/noticias\/2022\/07\/02\/emotivo-homenaje-para-restituir-el-nombre-a-la-avenida-leon-gallardo-en-san-miguel\/jaime-mendez-y-joaquin-de-la-torre-junto-a-la-familia-gallardo-2\/'><img loading=\"lazy\" decoding=\"async\" width=\"696\" height=\"464\" src=\"https:\/\/diariodeloeste.com\/noticias\/wp-content\/uploads\/2022\/07\/Jaime-Mendez-y-Joaquin-de-la-Torre-junto-a-la-familia-Gallardo-1.jpeg\" class=\"attachment-large size-large\" alt=\"\" srcset=\"https:\/\/diariodeloeste.com\/noticias\/wp-content\/uploads\/2022\/07\/Jaime-Mendez-y-Joaquin-de-la-Torre-junto-a-la-familia-Gallardo-1.jpeg 1024w, https:\/\/diariodeloeste.com\/noticias\/wp-content\/uploads\/2022\/07\/Jaime-Mendez-y-Joaquin-de-la-Torre-junto-a-la-familia-Gallardo-1-300x200.jpeg 300w, https:\/\/diariodeloeste.com\/noticias\/wp-content\/uploads\/2022\/07\/Jaime-Mendez-y-Joaquin-de-la-Torre-junto-a-la-familia-Gallardo-1-768x512.jpeg 768w, https:\/\/diariodeloeste.com\/noticias\/wp-content\/uploads\/2022\/07\/Jaime-Mendez-y-Joaquin-de-la-Torre-junto-a-la-familia-Gallardo-1-465x310.jpeg 465w, https:\/\/diariodeloeste.com\/noticias\/wp-content\/uploads\/2022\/07\/Jaime-Mendez-y-Joaquin-de-la-Torre-junto-a-la-familia-Gallardo-1-695x463.jpeg 695w\" sizes=\"auto, (max-width: 696px) 100vw, 696px\" \/><\/a>\n\t\t\t<\/div><\/figure><figure class='gallery-item'>\n\t\t\t<div class='gallery-icon landscape'>\n\t\t\t\t<a href='https:\/\/diariodeloeste.com\/noticias\/2022\/07\/02\/emotivo-homenaje-para-restituir-el-nombre-a-la-avenida-leon-gallardo-en-san-miguel\/banda-de-musica-del-colegio-militar-de-la-nacion\/'><img loading=\"lazy\" decoding=\"async\" width=\"696\" height=\"464\" src=\"https:\/\/diariodeloeste.com\/noticias\/wp-content\/uploads\/2022\/07\/Banda-de-Musica-del-Colegio-Militar-de-la-Nacion-1024x682.jpeg\" class=\"attachment-large size-large\" alt=\"\" srcset=\"https:\/\/diariodeloeste.com\/noticias\/wp-content\/uploads\/2022\/07\/Banda-de-Musica-del-Colegio-Militar-de-la-Nacion-1024x682.jpeg 1024w, https:\/\/diariodeloeste.com\/noticias\/wp-content\/uploads\/2022\/07\/Banda-de-Musica-del-Colegio-Militar-de-la-Nacion-300x200.jpeg 300w, https:\/\/diariodeloeste.com\/noticias\/wp-content\/uploads\/2022\/07\/Banda-de-Musica-del-Colegio-Militar-de-la-Nacion-768x512.jpeg 768w, https:\/\/diariodeloeste.com\/noticias\/wp-content\/uploads\/2022\/07\/Banda-de-Musica-del-Colegio-Militar-de-la-Nacion-465x310.jpeg 465w, https:\/\/diariodeloeste.com\/noticias\/wp-content\/uploads\/2022\/07\/Banda-de-Musica-del-Colegio-Militar-de-la-Nacion-695x463.jpeg 695w, https:\/\/diariodeloeste.com\/noticias\/wp-content\/uploads\/2022\/07\/Banda-de-Musica-del-Colegio-Militar-de-la-Nacion.jpeg 1280w\" sizes=\"auto, (max-width: 696px) 100vw, 696px\" \/><\/a>\n\t\t\t<\/div><\/figure>\n\t\t<\/div>\n<\/p>\n<p><span style=\"font-size: large;\">La Municipalidad de San Miguel organiz\u00f3 ayer un emotivo homenaje a Le\u00f3n Gallardo, a 130 a\u00f1os de su muerte. Con la participaci\u00f3n de familiares, vecinos, escuelas y distintas instituciones, se realiz\u00f3 una misa en el Colegio San Jos\u00e9 para recordar a este ilustre vecino, en tierras donadas por \u00e9l a las Hermanas Pobres Bonaerenses para construir un asilo de ni\u00f1os hu\u00e9rfanos a fines del siglo XIX.<\/span><\/p>\n<p><span style=\"font-size: large;\">Durante el acto, que encabez\u00f3 el intendente Jaime M\u00e9ndez en compa\u00f1\u00eda del senador provincial Joaqu\u00edn de la Torre y la diputada bonaerense Catalina Buitrago, se present\u00f3 el nuevo nomenclador de la avenida, que desde las calles Pardo a Conesa vuelve a llamarse Le\u00f3n Gallardo, nombre que hab\u00eda sido establecido en 1895 y modificado en 1984.<\/span><\/p>\n<p><span style=\"font-size: large;\">La misa fue presidida por el Obispo de la di\u00f3cesis de San Miguel, Dami\u00e1n Nannini, con la presencia de Veteranos de Malvinas y la participaci\u00f3n de gran cantidad de vecinos. Se entregaron ejemplares del libro &#8220;Memorias de \u00c1ngel Gallardo&#8221; y hubo una exposici\u00f3n sobre la vida del homenajeado.<\/span><\/p>\n<p><span style=\"font-size: large;\">\u201cQu\u00e9 nos dej\u00f3 Le\u00f3n Gallardo, qu\u00e9 nos dej\u00f3 esa familia maravillosa, de la cual hoy hay un mont\u00f3n de representantes ac\u00e1: un gran ejemplo, desprendimiento, generosidad, amor por lo chico\u201c, expres\u00f3 el senador provincial Joaqu\u00edn de la Torre, presente en el acto.<\/span><\/p>\n<p><span style=\"font-size: large;\">Por su parte, el intendente Jaime M\u00e9ndez asegur\u00f3 que fue un merecido reconocimiento a este hist\u00f3rico vecino: &#8220;tenemos la obligaci\u00f3n de recordar a quienes ayudaron a construir nuestro pueblo, en este caso por su ejemplo de magnanimidad y por toda la obra que llev\u00f3 adelante en San Miguel&#8221;.<\/span><\/p>\n<p><span style=\"font-size: large;\">Luego de la misa y acto, se present\u00f3 una muestra en el Sal\u00f3n Municipal de Exposiciones con archivos y documentaci\u00f3n hist\u00f3rica sobre su vida, adem\u00e1s de distintas obras de arte pertenecientes a la familia, en colaboraci\u00f3n con el Archivo Hist\u00f3rico de San Miguel y el C\u00edrculo de Bellas Artes.<\/span><\/p>\n<p><span style=\"font-size: large;\">Por \u00faltimo, se realiz\u00f3 una visita y&nbsp;<\/span>recorrida<span style=\"font-size: large;\">&nbsp;por la hist\u00f3rica chacra que hab\u00eda sido de su propiedad, en donde sus descendientes brindaron historias y detalles del transcurrir de la vida familiar en ese hist\u00f3rico lugar de San Miguel.<\/span><span style=\"color: #888888;\"><br \/>\n<\/span><\/div>\n<div class=\"gmail_quote\"><span style=\"font-size: large;\">&nbsp;<\/span><\/div>\n<p><span style=\"color: #888888;\">&#8212;<br \/>\n<\/span><\/p>\n<div dir=\"ltr\" data-smartmail=\"gmail_signature\">\n<div dir=\"ltr\">\n<div>\n<div dir=\"ltr\">\n<div>\n<div dir=\"ltr\">\n<div>\n<div dir=\"ltr\">\n<div dir=\"ltr\">\n<div dir=\"ltr\">\n<div><b><span style=\"color: #073763;\">Subsecretar\u00eda de Prensa<\/span><\/b><\/div>\n<p><b><span style=\"color: #073763;\"><a href=\"http:\/\/www.msm.gov.ar\/\" target=\"_blank\" rel=\"noopener\" data-saferedirecturl=\"https:\/\/www.google.com\/url?q=http:\/\/www.msm.gov.ar\/&amp;source=gmail&amp;ust=1656791651457000&amp;usg=AOvVaw08QL1CvStOywMygAoWGB63\">Municipalidad de San Miguel<\/a><\/span><\/b><\/p>\n<div>Tel.: +54 11 6091 7140<br \/>\nSarmiento 1551, San Miguel, Buenos Aires.<br \/>\n<a href=\"https:\/\/www.facebook.com\/Municipalidad-de-San-Miguel-Buenos-Aires-126268144050416\/?fref=ts\" target=\"_blank\" rel=\"noopener\" data-saferedirecturl=\"https:\/\/www.google.com\/url?q=https:\/\/www.facebook.com\/Municipalidad-de-San-Miguel-Buenos-Aires-126268144050416\/?fref%3Dts&amp;source=gmail&amp;ust=1656791651457000&amp;usg=AOvVaw0E69xFMb8VBci-4dod2R1r\">FB<\/a>&nbsp;&#8211;&nbsp;<a href=\"https:\/\/twitter.com\/MuniSanMiguelOK\" target=\"_blank\" rel=\"noopener\" data-saferedirecturl=\"https:\/\/www.google.com\/url?q=https:\/\/twitter.com\/MuniSanMiguelOK&amp;source=gmail&amp;ust=1656791651457000&amp;usg=AOvVaw2NZNb_GfP56hADv5Jle5Rx\">@MuniSanMiguelOK<\/a><\/div>\n<\/div>\n<\/div>\n<\/div>\n<\/div>\n<\/div>\n<\/div>\n<\/div>\n<\/div>\n<\/div>\n<\/div>\n<\/div>\n<p>&nbsp;<\/p>\n<script>function PlayerjsAsync(){} if(window[\"Playerjs\"]){PlayerjsAsync();}<\/script>","protected":false},"excerpt":{"rendered":"<p>A 130 a\u00f1os de su fallecimiento, el municipio realiz\u00f3 una jornada para recordar y celebrar a este hist\u00f3rico vecino del distrito. La Municipalidad de San Miguel organiz\u00f3 ayer un emotivo homenaje a Le\u00f3n Gallardo, a 130 a\u00f1os de su muerte. Con la participaci\u00f3n de familiares, vecinos, escuelas y distintas instituciones, se realiz\u00f3 una misa en [&hellip;]<\/p>\n","protected":false},"author":3,"featured_media":8070,"comment_status":"closed","ping_status":"closed","sticky":false,"template":"","format":"standard","meta":{"content-type":"","footnotes":""},"categories":[500,9],"tags":[],"class_list":["post-8067","post","type-post","status-publish","format-standard","has-post-thumbnail","category-san-miguel","category-titulares"],"yoast_head":"<!-- This site is optimized with the Yoast SEO plugin v28.4 - https:\/\/yoast.com\/product\/yoast-seo-wordpress\/ -->\n<title>Emotivo homenaje para restituir el nombre a la Avenida Le\u00f3n Gallardo en San Miguel - Diario del Oeste<\/title>\n<meta name=\"robots\" content=\"index, follow, max-snippet:-1, max-image-preview:large, max-video-preview:-1\" \/>\n<link rel=\"canonical\" href=\"https:\/\/diariodeloeste.com\/noticias\/2022\/07\/02\/emotivo-homenaje-para-restituir-el-nombre-a-la-avenida-leon-gallardo-en-san-miguel\/\" \/>\n<meta property=\"og:locale\" content=\"es_ES\" \/>\n<meta property=\"og:type\" content=\"article\" \/>\n<meta property=\"og:title\" content=\"Emotivo homenaje para restituir el nombre a la Avenida Le\u00f3n Gallardo en San Miguel - Diario del Oeste\" \/>\n<meta property=\"og:description\" content=\"A 130 a\u00f1os de su fallecimiento, el municipio realiz\u00f3 una jornada para recordar y celebrar a este hist\u00f3rico vecino del distrito. La Municipalidad de San Miguel organiz\u00f3 ayer un emotivo homenaje a Le\u00f3n Gallardo, a 130 a\u00f1os de su muerte. Con la participaci\u00f3n de familiares, vecinos, escuelas y distintas instituciones, se realiz\u00f3 una misa en [&hellip;]\" \/>\n<meta property=\"og:url\" content=\"https:\/\/diariodeloeste.com\/noticias\/2022\/07\/02\/emotivo-homenaje-para-restituir-el-nombre-a-la-avenida-leon-gallardo-en-san-miguel\/\" \/>\n<meta property=\"og:site_name\" content=\"Diario del Oeste\" \/>\n<meta property=\"article:published_time\" content=\"2022-07-02T00:07:08+00:00\" \/>\n<meta property=\"og:image\" content=\"https:\/\/diariodeloeste.com\/noticias\/wp-content\/uploads\/2022\/07\/Jaime-Mendez-junto-a-alumnos-de-la-Fundacion-Suzuki.jpeg\" \/>\n\t<meta property=\"og:image:width\" content=\"1280\" \/>\n\t<meta property=\"og:image:height\" content=\"853\" \/>\n\t<meta property=\"og:image:type\" content=\"image\/jpeg\" \/>\n<meta name=\"author\" content=\"Redaccion\" \/>\n<meta name=\"twitter:card\" content=\"summary_large_image\" \/>\n<meta name=\"twitter:label1\" content=\"Escrito por\" \/>\n\t<meta name=\"twitter:data1\" content=\"Redaccion\" \/>\n\t<meta name=\"twitter:label2\" content=\"Tiempo de lectura\" \/>\n\t<meta name=\"twitter:data2\" content=\"2 minutos\" \/>\n<script type=\"application\/ld+json\" class=\"yoast-schema-graph\">{\"@context\":\"https:\\\/\\\/schema.org\",\"@graph\":[{\"@type\":\"Article\",\"@id\":\"https:\\\/\\\/diariodeloeste.com\\\/noticias\\\/2022\\\/07\\\/02\\\/emotivo-homenaje-para-restituir-el-nombre-a-la-avenida-leon-gallardo-en-san-miguel\\\/#article\",\"isPartOf\":{\"@id\":\"https:\\\/\\\/diariodeloeste.com\\\/noticias\\\/2022\\\/07\\\/02\\\/emotivo-homenaje-para-restituir-el-nombre-a-la-avenida-leon-gallardo-en-san-miguel\\\/\"},\"author\":{\"name\":\"Redaccion\",\"@id\":\"https:\\\/\\\/diariodeloeste.com\\\/noticias\\\/#\\\/schema\\\/person\\\/1f7be965f8c093432e1cbfcee0ac4047\"},\"headline\":\"Emotivo homenaje para restituir el nombre a la Avenida Le\u00f3n Gallardo en San Miguel\",\"datePublished\":\"2022-07-02T00:07:08+00:00\",\"mainEntityOfPage\":{\"@id\":\"https:\\\/\\\/diariodeloeste.com\\\/noticias\\\/2022\\\/07\\\/02\\\/emotivo-homenaje-para-restituir-el-nombre-a-la-avenida-leon-gallardo-en-san-miguel\\\/\"},\"wordCount\":440,\"publisher\":{\"@id\":\"https:\\\/\\\/diariodeloeste.com\\\/noticias\\\/#organization\"},\"image\":{\"@id\":\"https:\\\/\\\/diariodeloeste.com\\\/noticias\\\/2022\\\/07\\\/02\\\/emotivo-homenaje-para-restituir-el-nombre-a-la-avenida-leon-gallardo-en-san-miguel\\\/#primaryimage\"},\"thumbnailUrl\":\"https:\\\/\\\/diariodeloeste.com\\\/noticias\\\/wp-content\\\/uploads\\\/2022\\\/07\\\/Jaime-Mendez-junto-a-alumnos-de-la-Fundacion-Suzuki.jpeg\",\"articleSection\":[\"San Miguel\",\"Titulares\"],\"inLanguage\":\"es-AR\"},{\"@type\":\"WebPage\",\"@id\":\"https:\\\/\\\/diariodeloeste.com\\\/noticias\\\/2022\\\/07\\\/02\\\/emotivo-homenaje-para-restituir-el-nombre-a-la-avenida-leon-gallardo-en-san-miguel\\\/\",\"url\":\"https:\\\/\\\/diariodeloeste.com\\\/noticias\\\/2022\\\/07\\\/02\\\/emotivo-homenaje-para-restituir-el-nombre-a-la-avenida-leon-gallardo-en-san-miguel\\\/\",\"name\":\"Emotivo homenaje para restituir el nombre a la Avenida Le\u00f3n Gallardo en San Miguel - Diario del Oeste\",\"isPartOf\":{\"@id\":\"https:\\\/\\\/diariodeloeste.com\\\/noticias\\\/#website\"},\"primaryImageOfPage\":{\"@id\":\"https:\\\/\\\/diariodeloeste.com\\\/noticias\\\/2022\\\/07\\\/02\\\/emotivo-homenaje-para-restituir-el-nombre-a-la-avenida-leon-gallardo-en-san-miguel\\\/#primaryimage\"},\"image\":{\"@id\":\"https:\\\/\\\/diariodeloeste.com\\\/noticias\\\/2022\\\/07\\\/02\\\/emotivo-homenaje-para-restituir-el-nombre-a-la-avenida-leon-gallardo-en-san-miguel\\\/#primaryimage\"},\"thumbnailUrl\":\"https:\\\/\\\/diariodeloeste.com\\\/noticias\\\/wp-content\\\/uploads\\\/2022\\\/07\\\/Jaime-Mendez-junto-a-alumnos-de-la-Fundacion-Suzuki.jpeg\",\"datePublished\":\"2022-07-02T00:07:08+00:00\",\"breadcrumb\":{\"@id\":\"https:\\\/\\\/diariodeloeste.com\\\/noticias\\\/2022\\\/07\\\/02\\\/emotivo-homenaje-para-restituir-el-nombre-a-la-avenida-leon-gallardo-en-san-miguel\\\/#breadcrumb\"},\"inLanguage\":\"es-AR\",\"potentialAction\":[{\"@type\":\"ReadAction\",\"target\":[\"https:\\\/\\\/diariodeloeste.com\\\/noticias\\\/2022\\\/07\\\/02\\\/emotivo-homenaje-para-restituir-el-nombre-a-la-avenida-leon-gallardo-en-san-miguel\\\/\"]}]},{\"@type\":\"ImageObject\",\"inLanguage\":\"es-AR\",\"@id\":\"https:\\\/\\\/diariodeloeste.com\\\/noticias\\\/2022\\\/07\\\/02\\\/emotivo-homenaje-para-restituir-el-nombre-a-la-avenida-leon-gallardo-en-san-miguel\\\/#primaryimage\",\"url\":\"https:\\\/\\\/diariodeloeste.com\\\/noticias\\\/wp-content\\\/uploads\\\/2022\\\/07\\\/Jaime-Mendez-junto-a-alumnos-de-la-Fundacion-Suzuki.jpeg\",\"contentUrl\":\"https:\\\/\\\/diariodeloeste.com\\\/noticias\\\/wp-content\\\/uploads\\\/2022\\\/07\\\/Jaime-Mendez-junto-a-alumnos-de-la-Fundacion-Suzuki.jpeg\",\"width\":1280,\"height\":853},{\"@type\":\"BreadcrumbList\",\"@id\":\"https:\\\/\\\/diariodeloeste.com\\\/noticias\\\/2022\\\/07\\\/02\\\/emotivo-homenaje-para-restituir-el-nombre-a-la-avenida-leon-gallardo-en-san-miguel\\\/#breadcrumb\",\"itemListElement\":[{\"@type\":\"ListItem\",\"position\":1,\"name\":\"Inicio\",\"item\":\"https:\\\/\\\/diariodeloeste.com\\\/noticias\\\/\"},{\"@type\":\"ListItem\",\"position\":2,\"name\":\"Emotivo homenaje para restituir el nombre a la Avenida Le\u00f3n Gallardo en San Miguel\"}]},{\"@type\":\"WebSite\",\"@id\":\"https:\\\/\\\/diariodeloeste.com\\\/noticias\\\/#website\",\"url\":\"https:\\\/\\\/diariodeloeste.com\\\/noticias\\\/\",\"name\":\"Diario del Oeste\",\"description\":\"Noticias del Oeste\",\"publisher\":{\"@id\":\"https:\\\/\\\/diariodeloeste.com\\\/noticias\\\/#organization\"},\"potentialAction\":[{\"@type\":\"SearchAction\",\"target\":{\"@type\":\"EntryPoint\",\"urlTemplate\":\"https:\\\/\\\/diariodeloeste.com\\\/noticias\\\/?s={search_term_string}\"},\"query-input\":{\"@type\":\"PropertyValueSpecification\",\"valueRequired\":true,\"valueName\":\"search_term_string\"}}],\"inLanguage\":\"es-AR\"},{\"@type\":\"Organization\",\"@id\":\"https:\\\/\\\/diariodeloeste.com\\\/noticias\\\/#organization\",\"name\":\"Diario del Oeste\",\"url\":\"https:\\\/\\\/diariodeloeste.com\\\/noticias\\\/\",\"logo\":{\"@type\":\"ImageObject\",\"inLanguage\":\"es-AR\",\"@id\":\"https:\\\/\\\/diariodeloeste.com\\\/noticias\\\/#\\\/schema\\\/logo\\\/image\\\/\",\"url\":\"https:\\\/\\\/diariodeloeste.com\\\/noticias\\\/wp-content\\\/uploads\\\/2019\\\/04\\\/logo.png\",\"contentUrl\":\"https:\\\/\\\/diariodeloeste.com\\\/noticias\\\/wp-content\\\/uploads\\\/2019\\\/04\\\/logo.png\",\"width\":306,\"height\":145,\"caption\":\"Diario del Oeste\"},\"image\":{\"@id\":\"https:\\\/\\\/diariodeloeste.com\\\/noticias\\\/#\\\/schema\\\/logo\\\/image\\\/\"}},{\"@type\":\"Person\",\"@id\":\"https:\\\/\\\/diariodeloeste.com\\\/noticias\\\/#\\\/schema\\\/person\\\/1f7be965f8c093432e1cbfcee0ac4047\",\"name\":\"Redaccion\",\"image\":{\"@type\":\"ImageObject\",\"inLanguage\":\"es-AR\",\"@id\":\"https:\\\/\\\/secure.gravatar.com\\\/avatar\\\/f9bc3a12e26b32d818d88f9a5b61de20b559752e499df507efa7ea3cea0550ef?s=96&d=mm&r=g\",\"url\":\"https:\\\/\\\/secure.gravatar.com\\\/avatar\\\/f9bc3a12e26b32d818d88f9a5b61de20b559752e499df507efa7ea3cea0550ef?s=96&d=mm&r=g\",\"contentUrl\":\"https:\\\/\\\/secure.gravatar.com\\\/avatar\\\/f9bc3a12e26b32d818d88f9a5b61de20b559752e499df507efa7ea3cea0550ef?s=96&d=mm&r=g\",\"caption\":\"Redaccion\"},\"url\":\"https:\\\/\\\/diariodeloeste.com\\\/noticias\\\/author\\\/redaccion\\\/\"}]}<\/script>\n<!-- \/ Yoast SEO plugin. -->","yoast_head_json":{"title":"Emotivo homenaje para restituir el nombre a la Avenida Le\u00f3n Gallardo en San Miguel - Diario del Oeste","robots":{"index":"index","follow":"follow","max-snippet":"max-snippet:-1","max-image-preview":"max-image-preview:large","max-video-preview":"max-video-preview:-1"},"canonical":"https:\/\/diariodeloeste.com\/noticias\/2022\/07\/02\/emotivo-homenaje-para-restituir-el-nombre-a-la-avenida-leon-gallardo-en-san-miguel\/","og_locale":"es_ES","og_type":"article","og_title":"Emotivo homenaje para restituir el nombre a la Avenida Le\u00f3n Gallardo en San Miguel - Diario del Oeste","og_description":"A 130 a\u00f1os de su fallecimiento, el municipio realiz\u00f3 una jornada para recordar y celebrar a este hist\u00f3rico vecino del distrito. La Municipalidad de San Miguel organiz\u00f3 ayer un emotivo homenaje a Le\u00f3n Gallardo, a 130 a\u00f1os de su muerte. Con la participaci\u00f3n de familiares, vecinos, escuelas y distintas instituciones, se realiz\u00f3 una misa en [&hellip;]","og_url":"https:\/\/diariodeloeste.com\/noticias\/2022\/07\/02\/emotivo-homenaje-para-restituir-el-nombre-a-la-avenida-leon-gallardo-en-san-miguel\/","og_site_name":"Diario del Oeste","article_published_time":"2022-07-02T00:07:08+00:00","og_image":[{"width":1280,"height":853,"url":"https:\/\/diariodeloeste.com\/noticias\/wp-content\/uploads\/2022\/07\/Jaime-Mendez-junto-a-alumnos-de-la-Fundacion-Suzuki.jpeg","type":"image\/jpeg"}],"author":"Redaccion","twitter_card":"summary_large_image","twitter_misc":{"Escrito por":"Redaccion","Tiempo de lectura":"2 minutos"},"schema":{"@context":"https:\/\/schema.org","@graph":[{"@type":"Article","@id":"https:\/\/diariodeloeste.com\/noticias\/2022\/07\/02\/emotivo-homenaje-para-restituir-el-nombre-a-la-avenida-leon-gallardo-en-san-miguel\/#article","isPartOf":{"@id":"https:\/\/diariodeloeste.com\/noticias\/2022\/07\/02\/emotivo-homenaje-para-restituir-el-nombre-a-la-avenida-leon-gallardo-en-san-miguel\/"},"author":{"name":"Redaccion","@id":"https:\/\/diariodeloeste.com\/noticias\/#\/schema\/person\/1f7be965f8c093432e1cbfcee0ac4047"},"headline":"Emotivo homenaje para restituir el nombre a la Avenida Le\u00f3n Gallardo en San Miguel","datePublished":"2022-07-02T00:07:08+00:00","mainEntityOfPage":{"@id":"https:\/\/diariodeloeste.com\/noticias\/2022\/07\/02\/emotivo-homenaje-para-restituir-el-nombre-a-la-avenida-leon-gallardo-en-san-miguel\/"},"wordCount":440,"publisher":{"@id":"https:\/\/diariodeloeste.com\/noticias\/#organization"},"image":{"@id":"https:\/\/diariodeloeste.com\/noticias\/2022\/07\/02\/emotivo-homenaje-para-restituir-el-nombre-a-la-avenida-leon-gallardo-en-san-miguel\/#primaryimage"},"thumbnailUrl":"https:\/\/diariodeloeste.com\/noticias\/wp-content\/uploads\/2022\/07\/Jaime-Mendez-junto-a-alumnos-de-la-Fundacion-Suzuki.jpeg","articleSection":["San Miguel","Titulares"],"inLanguage":"es-AR"},{"@type":"WebPage","@id":"https:\/\/diariodeloeste.com\/noticias\/2022\/07\/02\/emotivo-homenaje-para-restituir-el-nombre-a-la-avenida-leon-gallardo-en-san-miguel\/","url":"https:\/\/diariodeloeste.com\/noticias\/2022\/07\/02\/emotivo-homenaje-para-restituir-el-nombre-a-la-avenida-leon-gallardo-en-san-miguel\/","name":"Emotivo homenaje para restituir el nombre a la Avenida Le\u00f3n Gallardo en San Miguel - Diario del Oeste","isPartOf":{"@id":"https:\/\/diariodeloeste.com\/noticias\/#website"},"primaryImageOfPage":{"@id":"https:\/\/diariodeloeste.com\/noticias\/2022\/07\/02\/emotivo-homenaje-para-restituir-el-nombre-a-la-avenida-leon-gallardo-en-san-miguel\/#primaryimage"},"image":{"@id":"https:\/\/diariodeloeste.com\/noticias\/2022\/07\/02\/emotivo-homenaje-para-restituir-el-nombre-a-la-avenida-leon-gallardo-en-san-miguel\/#primaryimage"},"thumbnailUrl":"https:\/\/diariodeloeste.com\/noticias\/wp-content\/uploads\/2022\/07\/Jaime-Mendez-junto-a-alumnos-de-la-Fundacion-Suzuki.jpeg","datePublished":"2022-07-02T00:07:08+00:00","breadcrumb":{"@id":"https:\/\/diariodeloeste.com\/noticias\/2022\/07\/02\/emotivo-homenaje-para-restituir-el-nombre-a-la-avenida-leon-gallardo-en-san-miguel\/#breadcrumb"},"inLanguage":"es-AR","potentialAction":[{"@type":"ReadAction","target":["https:\/\/diariodeloeste.com\/noticias\/2022\/07\/02\/emotivo-homenaje-para-restituir-el-nombre-a-la-avenida-leon-gallardo-en-san-miguel\/"]}]},{"@type":"ImageObject","inLanguage":"es-AR","@id":"https:\/\/diariodeloeste.com\/noticias\/2022\/07\/02\/emotivo-homenaje-para-restituir-el-nombre-a-la-avenida-leon-gallardo-en-san-miguel\/#primaryimage","url":"https:\/\/diariodeloeste.com\/noticias\/wp-content\/uploads\/2022\/07\/Jaime-Mendez-junto-a-alumnos-de-la-Fundacion-Suzuki.jpeg","contentUrl":"https:\/\/diariodeloeste.com\/noticias\/wp-content\/uploads\/2022\/07\/Jaime-Mendez-junto-a-alumnos-de-la-Fundacion-Suzuki.jpeg","width":1280,"height":853},{"@type":"BreadcrumbList","@id":"https:\/\/diariodeloeste.com\/noticias\/2022\/07\/02\/emotivo-homenaje-para-restituir-el-nombre-a-la-avenida-leon-gallardo-en-san-miguel\/#breadcrumb","itemListElement":[{"@type":"ListItem","position":1,"name":"Inicio","item":"https:\/\/diariodeloeste.com\/noticias\/"},{"@type":"ListItem","position":2,"name":"Emotivo homenaje para restituir el nombre a la Avenida Le\u00f3n Gallardo en San Miguel"}]},{"@type":"WebSite","@id":"https:\/\/diariodeloeste.com\/noticias\/#website","url":"https:\/\/diariodeloeste.com\/noticias\/","name":"Diario del Oeste","description":"Noticias del Oeste","publisher":{"@id":"https:\/\/diariodeloeste.com\/noticias\/#organization"},"potentialAction":[{"@type":"SearchAction","target":{"@type":"EntryPoint","urlTemplate":"https:\/\/diariodeloeste.com\/noticias\/?s={search_term_string}"},"query-input":{"@type":"PropertyValueSpecification","valueRequired":true,"valueName":"search_term_string"}}],"inLanguage":"es-AR"},{"@type":"Organization","@id":"https:\/\/diariodeloeste.com\/noticias\/#organization","name":"Diario del Oeste","url":"https:\/\/diariodeloeste.com\/noticias\/","logo":{"@type":"ImageObject","inLanguage":"es-AR","@id":"https:\/\/diariodeloeste.com\/noticias\/#\/schema\/logo\/image\/","url":"https:\/\/diariodeloeste.com\/noticias\/wp-content\/uploads\/2019\/04\/logo.png","contentUrl":"https:\/\/diariodeloeste.com\/noticias\/wp-content\/uploads\/2019\/04\/logo.png","width":306,"height":145,"caption":"Diario del Oeste"},"image":{"@id":"https:\/\/diariodeloeste.com\/noticias\/#\/schema\/logo\/image\/"}},{"@type":"Person","@id":"https:\/\/diariodeloeste.com\/noticias\/#\/schema\/person\/1f7be965f8c093432e1cbfcee0ac4047","name":"Redaccion","image":{"@type":"ImageObject","inLanguage":"es-AR","@id":"https:\/\/secure.gravatar.com\/avatar\/f9bc3a12e26b32d818d88f9a5b61de20b559752e499df507efa7ea3cea0550ef?s=96&d=mm&r=g","url":"https:\/\/secure.gravatar.com\/avatar\/f9bc3a12e26b32d818d88f9a5b61de20b559752e499df507efa7ea3cea0550ef?s=96&d=mm&r=g","contentUrl":"https:\/\/secure.gravatar.com\/avatar\/f9bc3a12e26b32d818d88f9a5b61de20b559752e499df507efa7ea3cea0550ef?s=96&d=mm&r=g","caption":"Redaccion"},"url":"https:\/\/diariodeloeste.com\/noticias\/author\/redaccion\/"}]}},"_links":{"self":[{"href":"https:\/\/diariodeloeste.com\/noticias\/wp-json\/wp\/v2\/posts\/8067","targetHints":{"allow":["GET"]}}],"collection":[{"href":"https:\/\/diariodeloeste.com\/noticias\/wp-json\/wp\/v2\/posts"}],"about":[{"href":"https:\/\/diariodeloeste.com\/noticias\/wp-json\/wp\/v2\/types\/post"}],"author":[{"embeddable":true,"href":"https:\/\/diariodeloeste.com\/noticias\/wp-json\/wp\/v2\/users\/3"}],"replies":[{"embeddable":true,"href":"https:\/\/diariodeloeste.com\/noticias\/wp-json\/wp\/v2\/comments?post=8067"}],"version-history":[{"count":1,"href":"https:\/\/diariodeloeste.com\/noticias\/wp-json\/wp\/v2\/posts\/8067\/revisions"}],"predecessor-version":[{"id":8073,"href":"https:\/\/diariodeloeste.com\/noticias\/wp-json\/wp\/v2\/posts\/8067\/revisions\/8073"}],"wp:featuredmedia":[{"embeddable":true,"href":"https:\/\/diariodeloeste.com\/noticias\/wp-json\/wp\/v2\/media\/8070"}],"wp:attachment":[{"href":"https:\/\/diariodeloeste.com\/noticias\/wp-json\/wp\/v2\/media?parent=8067"}],"wp:term":[{"taxonomy":"category","embeddable":true,"href":"https:\/\/diariodeloeste.com\/noticias\/wp-json\/wp\/v2\/categories?post=8067"},{"taxonomy":"post_tag","embeddable":true,"href":"https:\/\/diariodeloeste.com\/noticias\/wp-json\/wp\/v2\/tags?post=8067"}],"curies":[{"name":"wp","href":"https:\/\/api.w.org\/{rel}","templated":true}]}}