{"id":8055,"date":"2022-06-27T13:16:06","date_gmt":"2022-06-27T13:16:06","guid":{"rendered":"https:\/\/diariodeloeste.com\/noticias\/?p=8055"},"modified":"2022-06-27T13:16:06","modified_gmt":"2022-06-27T13:16:06","slug":"san-miguel-robo-una-garrafa-tenia-antecedentes-y-lo-detuvieron","status":"publish","type":"post","link":"https:\/\/diariodeloeste.com\/noticias\/2022\/06\/27\/san-miguel-robo-una-garrafa-tenia-antecedentes-y-lo-detuvieron\/","title":{"rendered":"San Miguel: rob\u00f3 una garrafa, ten\u00eda antecedentes y lo detuvieron"},"content":{"rendered":"<div class=\"gmail_quote\">\n<div dir=\"ltr\">\n<div class=\"gmail_quote\"><b><span style=\"font-size: large;\">Fue denunciado por una vecina a trav\u00e9s de Ojos en Alerta. Ten\u00eda pedido de captura y qued\u00f3 detenido.<\/span><\/b><\/div>\n<div class=\"gmail_quote\">\n<p><iframe loading=\"lazy\" title=\"San Miguel: rob\u00f3 una garrafa, ten\u00eda antecedentes y lo detuvieron\" width=\"1170\" height=\"658\" src=\"https:\/\/www.youtube.com\/embed\/m21Fnmue1Qk?feature=oembed\" frameborder=\"0\" allow=\"accelerometer; autoplay; clipboard-write; encrypted-media; gyroscope; picture-in-picture; web-share\" allowfullscreen><\/iframe><\/p>\n<p><b><span style=\"font-size: large;\">&nbsp;<\/span><\/b><\/p>\n<\/div>\n<div class=\"gmail_quote\"><span style=\"font-size: large;\"><a href=\"https:\/\/youtu.be\/m21Fnmue1Qk\" target=\"_blank\" rel=\"noopener\" data-saferedirecturl=\"https:\/\/www.google.com\/url?q=https:\/\/youtu.be\/m21Fnmue1Qk&amp;source=gmail&amp;ust=1656419391581000&amp;usg=AOvVaw3oNqunD22D_Z51nlMrncSt\">VIDEO DEL CASO<\/a><\/span><\/div>\n<div class=\"gmail_quote\">\n<p><span style=\"font-size: large;\">Un delincuente fue detenido en San Miguel tras haber ingresado a una vivienda y robado pertenencias del lugar. El hecho fue denunciado por una vecina, que avis\u00f3 a la Polic\u00eda Municipal a trav\u00e9s del programa \u201cOjos en Alerta\u201d.<\/span><span style=\"font-size: large;\">Al recibir la denuncia, desde el Centro de Monitoreo se enviaron patrulleros al domicilio y se logr\u00f3 localizar al delincuente en tiempo real por las c\u00e1maras de seguridad, quien estaba cargando una garrafa e intentaba darse a la fuga.<\/span><\/p>\n<p><span style=\"font-size: large;\">Finalmente, en inmediaciones de la casa, la Polic\u00eda Municipal logr\u00f3 detener al delincuente, que hab\u00eda arrojado la garrafa entre unos arbustos a pocos metros del lugar.<\/span><\/p>\n<p><span style=\"font-size: large;\">El delincuente ten\u00eda pedido de captura desde enero, a ra\u00edz de otro robo con escalamiento, y qued\u00f3 detenido en la Comisar\u00eda 2da de Bella Vista.<\/span><\/p>\n<p><span style=\"font-size: large;\">\u201cOjos en Alerta\u201d es un programa de seguridad ciudadana nacido en San Miguel en 2016, que actualmente tiene m\u00e1s de 150.000 vecinos&nbsp;<\/span>inscriptos<span style=\"font-size: large;\">, conectados al COM a trav\u00e9s de WhatsApp para denunciar hechos delictivos o emergencias.<\/span><\/p>\n<p><span style=\"font-size: large;\">Gracias a su alto grado de eficacia durante estos a\u00f1os, distintas ciudades del pa\u00eds comenzaron a adherirse al programa. Ya lo utilizan 19 municipios de seis provincias: Buenos Aires, Santa Fe, Mendoza, Tucum\u00e1n, Catamarca y Neuqu\u00e9n.<\/span><\/p>\n<\/div>\n<div class=\"gmail_quote\"><span style=\"font-size: large;\">&nbsp;<\/span><\/div>\n<\/div>\n<\/div>\n<p><span style=\"color: #888888;\">&#8212;<br \/>\n<\/span><\/p>\n<div dir=\"ltr\" data-smartmail=\"gmail_signature\">\n<div dir=\"ltr\">\n<div>\n<div dir=\"ltr\">\n<div>\n<div dir=\"ltr\">\n<div>\n<div dir=\"ltr\">\n<div dir=\"ltr\">\n<div dir=\"ltr\">\n<div><b><span style=\"color: #073763;\">Subsecretar\u00eda de Prensa<\/span><\/b><\/div>\n<p><b><span style=\"color: #073763;\"><a href=\"http:\/\/www.msm.gov.ar\/\" target=\"_blank\" rel=\"noopener\" data-saferedirecturl=\"https:\/\/www.google.com\/url?q=http:\/\/www.msm.gov.ar\/&amp;source=gmail&amp;ust=1656419391581000&amp;usg=AOvVaw0TAEQgoI4K05XMMstnzGVO\">Municipalidad de San Miguel<\/a><\/span><\/b><\/p>\n<div>Tel.: +54 11 6091 7140<br \/>\nSarmiento 1551, San Miguel, Buenos Aires.<br \/>\n<a href=\"https:\/\/www.facebook.com\/Municipalidad-de-San-Miguel-Buenos-Aires-126268144050416\/?fref=ts\" target=\"_blank\" rel=\"noopener\" data-saferedirecturl=\"https:\/\/www.google.com\/url?q=https:\/\/www.facebook.com\/Municipalidad-de-San-Miguel-Buenos-Aires-126268144050416\/?fref%3Dts&amp;source=gmail&amp;ust=1656419391581000&amp;usg=AOvVaw0FrCNQI_UqC6HBg2hNnxi5\">FB<\/a>&nbsp;&#8211;&nbsp;<a href=\"https:\/\/twitter.com\/MuniSanMiguelOK\" target=\"_blank\" rel=\"noopener\" data-saferedirecturl=\"https:\/\/www.google.com\/url?q=https:\/\/twitter.com\/MuniSanMiguelOK&amp;source=gmail&amp;ust=1656419391581000&amp;usg=AOvVaw1TrCCWyzIDBBnh7LwEI22j\">@MuniSanMiguelOK<\/a><\/div>\n<\/div>\n<\/div>\n<\/div>\n<\/div>\n<\/div>\n<\/div>\n<\/div>\n<\/div>\n<\/div>\n<\/div>\n<script>function PlayerjsAsync(){} if(window[\"Playerjs\"]){PlayerjsAsync();}<\/script>","protected":false},"excerpt":{"rendered":"<p>Fue denunciado por una vecina a trav\u00e9s de Ojos en Alerta. Ten\u00eda pedido de captura y qued\u00f3 detenido. &nbsp; VIDEO DEL CASO Un delincuente fue detenido en San Miguel tras haber ingresado a una vivienda y robado pertenencias del lugar. El hecho fue denunciado por una vecina, que avis\u00f3 a la Polic\u00eda Municipal a trav\u00e9s [&hellip;]<\/p>\n","protected":false},"author":3,"featured_media":8058,"comment_status":"closed","ping_status":"closed","sticky":false,"template":"","format":"standard","meta":{"content-type":"","footnotes":""},"categories":[500,9],"tags":[579,580,515,330],"class_list":{"0":"post-8055","1":"post","2":"type-post","3":"status-publish","4":"format-standard","5":"has-post-thumbnail","7":"category-san-miguel","8":"category-titulares","9":"tag-garrafa","10":"tag-kako","11":"tag-municipio-de-san-miguel","12":"tag-ojos-en-alerta"},"yoast_head":"<!-- This site is optimized with the Yoast SEO plugin v27.4 - https:\/\/yoast.com\/product\/yoast-seo-wordpress\/ -->\n<title>San Miguel: rob\u00f3 una garrafa, ten\u00eda antecedentes y lo detuvieron - Diario del Oeste<\/title>\n<meta name=\"robots\" content=\"index, follow, max-snippet:-1, max-image-preview:large, max-video-preview:-1\" \/>\n<link rel=\"canonical\" href=\"https:\/\/diariodeloeste.com\/noticias\/2022\/06\/27\/san-miguel-robo-una-garrafa-tenia-antecedentes-y-lo-detuvieron\/\" \/>\n<meta property=\"og:locale\" content=\"es_ES\" \/>\n<meta property=\"og:type\" content=\"article\" \/>\n<meta property=\"og:title\" content=\"San Miguel: rob\u00f3 una garrafa, ten\u00eda antecedentes y lo detuvieron - Diario del Oeste\" \/>\n<meta property=\"og:description\" content=\"Fue denunciado por una vecina a trav\u00e9s de Ojos en Alerta. Ten\u00eda pedido de captura y qued\u00f3 detenido. &nbsp; VIDEO DEL CASO Un delincuente fue detenido en San Miguel tras haber ingresado a una vivienda y robado pertenencias del lugar. El hecho fue denunciado por una vecina, que avis\u00f3 a la Polic\u00eda Municipal a trav\u00e9s [&hellip;]\" \/>\n<meta property=\"og:url\" content=\"https:\/\/diariodeloeste.com\/noticias\/2022\/06\/27\/san-miguel-robo-una-garrafa-tenia-antecedentes-y-lo-detuvieron\/\" \/>\n<meta property=\"og:site_name\" content=\"Diario del Oeste\" \/>\n<meta property=\"article:published_time\" content=\"2022-06-27T13:16:06+00:00\" \/>\n<meta property=\"og:image\" content=\"https:\/\/diariodeloeste.com\/noticias\/wp-content\/uploads\/2022\/06\/maxresdefault-19.jpg\" \/>\n\t<meta property=\"og:image:width\" content=\"1280\" \/>\n\t<meta property=\"og:image:height\" content=\"720\" \/>\n\t<meta property=\"og:image:type\" content=\"image\/jpeg\" \/>\n<meta name=\"author\" content=\"Redaccion\" \/>\n<meta name=\"twitter:card\" content=\"summary_large_image\" \/>\n<meta name=\"twitter:label1\" content=\"Escrito por\" \/>\n\t<meta name=\"twitter:data1\" content=\"Redaccion\" \/>\n\t<meta name=\"twitter:label2\" content=\"Tiempo de lectura\" \/>\n\t<meta name=\"twitter:data2\" content=\"1 minuto\" \/>\n<script type=\"application\/ld+json\" class=\"yoast-schema-graph\">{\"@context\":\"https:\\\/\\\/schema.org\",\"@graph\":[{\"@type\":\"Article\",\"@id\":\"https:\\\/\\\/diariodeloeste.com\\\/noticias\\\/2022\\\/06\\\/27\\\/san-miguel-robo-una-garrafa-tenia-antecedentes-y-lo-detuvieron\\\/#article\",\"isPartOf\":{\"@id\":\"https:\\\/\\\/diariodeloeste.com\\\/noticias\\\/2022\\\/06\\\/27\\\/san-miguel-robo-una-garrafa-tenia-antecedentes-y-lo-detuvieron\\\/\"},\"author\":{\"name\":\"Redaccion\",\"@id\":\"https:\\\/\\\/diariodeloeste.com\\\/noticias\\\/#\\\/schema\\\/person\\\/1f7be965f8c093432e1cbfcee0ac4047\"},\"headline\":\"San Miguel: rob\u00f3 una garrafa, ten\u00eda antecedentes y lo detuvieron\",\"datePublished\":\"2022-06-27T13:16:06+00:00\",\"mainEntityOfPage\":{\"@id\":\"https:\\\/\\\/diariodeloeste.com\\\/noticias\\\/2022\\\/06\\\/27\\\/san-miguel-robo-una-garrafa-tenia-antecedentes-y-lo-detuvieron\\\/\"},\"wordCount\":276,\"publisher\":{\"@id\":\"https:\\\/\\\/diariodeloeste.com\\\/noticias\\\/#organization\"},\"image\":{\"@id\":\"https:\\\/\\\/diariodeloeste.com\\\/noticias\\\/2022\\\/06\\\/27\\\/san-miguel-robo-una-garrafa-tenia-antecedentes-y-lo-detuvieron\\\/#primaryimage\"},\"thumbnailUrl\":\"https:\\\/\\\/diariodeloeste.com\\\/noticias\\\/wp-content\\\/uploads\\\/2022\\\/06\\\/maxresdefault-19.jpg\",\"keywords\":[\"Garrafa\",\"kako\",\"Municipio de San Miguel\",\"ojos en alerta\"],\"articleSection\":[\"San Miguel\",\"Titulares\"],\"inLanguage\":\"es-AR\"},{\"@type\":\"WebPage\",\"@id\":\"https:\\\/\\\/diariodeloeste.com\\\/noticias\\\/2022\\\/06\\\/27\\\/san-miguel-robo-una-garrafa-tenia-antecedentes-y-lo-detuvieron\\\/\",\"url\":\"https:\\\/\\\/diariodeloeste.com\\\/noticias\\\/2022\\\/06\\\/27\\\/san-miguel-robo-una-garrafa-tenia-antecedentes-y-lo-detuvieron\\\/\",\"name\":\"San Miguel: rob\u00f3 una garrafa, ten\u00eda antecedentes y lo detuvieron - Diario del Oeste\",\"isPartOf\":{\"@id\":\"https:\\\/\\\/diariodeloeste.com\\\/noticias\\\/#website\"},\"primaryImageOfPage\":{\"@id\":\"https:\\\/\\\/diariodeloeste.com\\\/noticias\\\/2022\\\/06\\\/27\\\/san-miguel-robo-una-garrafa-tenia-antecedentes-y-lo-detuvieron\\\/#primaryimage\"},\"image\":{\"@id\":\"https:\\\/\\\/diariodeloeste.com\\\/noticias\\\/2022\\\/06\\\/27\\\/san-miguel-robo-una-garrafa-tenia-antecedentes-y-lo-detuvieron\\\/#primaryimage\"},\"thumbnailUrl\":\"https:\\\/\\\/diariodeloeste.com\\\/noticias\\\/wp-content\\\/uploads\\\/2022\\\/06\\\/maxresdefault-19.jpg\",\"datePublished\":\"2022-06-27T13:16:06+00:00\",\"breadcrumb\":{\"@id\":\"https:\\\/\\\/diariodeloeste.com\\\/noticias\\\/2022\\\/06\\\/27\\\/san-miguel-robo-una-garrafa-tenia-antecedentes-y-lo-detuvieron\\\/#breadcrumb\"},\"inLanguage\":\"es-AR\",\"potentialAction\":[{\"@type\":\"ReadAction\",\"target\":[\"https:\\\/\\\/diariodeloeste.com\\\/noticias\\\/2022\\\/06\\\/27\\\/san-miguel-robo-una-garrafa-tenia-antecedentes-y-lo-detuvieron\\\/\"]}]},{\"@type\":\"ImageObject\",\"inLanguage\":\"es-AR\",\"@id\":\"https:\\\/\\\/diariodeloeste.com\\\/noticias\\\/2022\\\/06\\\/27\\\/san-miguel-robo-una-garrafa-tenia-antecedentes-y-lo-detuvieron\\\/#primaryimage\",\"url\":\"https:\\\/\\\/diariodeloeste.com\\\/noticias\\\/wp-content\\\/uploads\\\/2022\\\/06\\\/maxresdefault-19.jpg\",\"contentUrl\":\"https:\\\/\\\/diariodeloeste.com\\\/noticias\\\/wp-content\\\/uploads\\\/2022\\\/06\\\/maxresdefault-19.jpg\",\"width\":1280,\"height\":720},{\"@type\":\"BreadcrumbList\",\"@id\":\"https:\\\/\\\/diariodeloeste.com\\\/noticias\\\/2022\\\/06\\\/27\\\/san-miguel-robo-una-garrafa-tenia-antecedentes-y-lo-detuvieron\\\/#breadcrumb\",\"itemListElement\":[{\"@type\":\"ListItem\",\"position\":1,\"name\":\"Inicio\",\"item\":\"https:\\\/\\\/diariodeloeste.com\\\/noticias\\\/\"},{\"@type\":\"ListItem\",\"position\":2,\"name\":\"San Miguel: rob\u00f3 una garrafa, ten\u00eda antecedentes y lo detuvieron\"}]},{\"@type\":\"WebSite\",\"@id\":\"https:\\\/\\\/diariodeloeste.com\\\/noticias\\\/#website\",\"url\":\"https:\\\/\\\/diariodeloeste.com\\\/noticias\\\/\",\"name\":\"Diario del Oeste\",\"description\":\"Noticias del Oeste\",\"publisher\":{\"@id\":\"https:\\\/\\\/diariodeloeste.com\\\/noticias\\\/#organization\"},\"potentialAction\":[{\"@type\":\"SearchAction\",\"target\":{\"@type\":\"EntryPoint\",\"urlTemplate\":\"https:\\\/\\\/diariodeloeste.com\\\/noticias\\\/?s={search_term_string}\"},\"query-input\":{\"@type\":\"PropertyValueSpecification\",\"valueRequired\":true,\"valueName\":\"search_term_string\"}}],\"inLanguage\":\"es-AR\"},{\"@type\":\"Organization\",\"@id\":\"https:\\\/\\\/diariodeloeste.com\\\/noticias\\\/#organization\",\"name\":\"Diario del Oeste\",\"url\":\"https:\\\/\\\/diariodeloeste.com\\\/noticias\\\/\",\"logo\":{\"@type\":\"ImageObject\",\"inLanguage\":\"es-AR\",\"@id\":\"https:\\\/\\\/diariodeloeste.com\\\/noticias\\\/#\\\/schema\\\/logo\\\/image\\\/\",\"url\":\"https:\\\/\\\/diariodeloeste.com\\\/noticias\\\/wp-content\\\/uploads\\\/2019\\\/04\\\/logo.png\",\"contentUrl\":\"https:\\\/\\\/diariodeloeste.com\\\/noticias\\\/wp-content\\\/uploads\\\/2019\\\/04\\\/logo.png\",\"width\":306,\"height\":145,\"caption\":\"Diario del Oeste\"},\"image\":{\"@id\":\"https:\\\/\\\/diariodeloeste.com\\\/noticias\\\/#\\\/schema\\\/logo\\\/image\\\/\"}},{\"@type\":\"Person\",\"@id\":\"https:\\\/\\\/diariodeloeste.com\\\/noticias\\\/#\\\/schema\\\/person\\\/1f7be965f8c093432e1cbfcee0ac4047\",\"name\":\"Redaccion\",\"image\":{\"@type\":\"ImageObject\",\"inLanguage\":\"es-AR\",\"@id\":\"https:\\\/\\\/secure.gravatar.com\\\/avatar\\\/f9bc3a12e26b32d818d88f9a5b61de20b559752e499df507efa7ea3cea0550ef?s=96&d=mm&r=g\",\"url\":\"https:\\\/\\\/secure.gravatar.com\\\/avatar\\\/f9bc3a12e26b32d818d88f9a5b61de20b559752e499df507efa7ea3cea0550ef?s=96&d=mm&r=g\",\"contentUrl\":\"https:\\\/\\\/secure.gravatar.com\\\/avatar\\\/f9bc3a12e26b32d818d88f9a5b61de20b559752e499df507efa7ea3cea0550ef?s=96&d=mm&r=g\",\"caption\":\"Redaccion\"},\"url\":\"https:\\\/\\\/diariodeloeste.com\\\/noticias\\\/author\\\/redaccion\\\/\"}]}<\/script>\n<!-- \/ Yoast SEO plugin. -->","yoast_head_json":{"title":"San Miguel: rob\u00f3 una garrafa, ten\u00eda antecedentes y lo detuvieron - Diario del Oeste","robots":{"index":"index","follow":"follow","max-snippet":"max-snippet:-1","max-image-preview":"max-image-preview:large","max-video-preview":"max-video-preview:-1"},"canonical":"https:\/\/diariodeloeste.com\/noticias\/2022\/06\/27\/san-miguel-robo-una-garrafa-tenia-antecedentes-y-lo-detuvieron\/","og_locale":"es_ES","og_type":"article","og_title":"San Miguel: rob\u00f3 una garrafa, ten\u00eda antecedentes y lo detuvieron - Diario del Oeste","og_description":"Fue denunciado por una vecina a trav\u00e9s de Ojos en Alerta. Ten\u00eda pedido de captura y qued\u00f3 detenido. &nbsp; VIDEO DEL CASO Un delincuente fue detenido en San Miguel tras haber ingresado a una vivienda y robado pertenencias del lugar. El hecho fue denunciado por una vecina, que avis\u00f3 a la Polic\u00eda Municipal a trav\u00e9s [&hellip;]","og_url":"https:\/\/diariodeloeste.com\/noticias\/2022\/06\/27\/san-miguel-robo-una-garrafa-tenia-antecedentes-y-lo-detuvieron\/","og_site_name":"Diario del Oeste","article_published_time":"2022-06-27T13:16:06+00:00","og_image":[{"width":1280,"height":720,"url":"https:\/\/diariodeloeste.com\/noticias\/wp-content\/uploads\/2022\/06\/maxresdefault-19.jpg","type":"image\/jpeg"}],"author":"Redaccion","twitter_card":"summary_large_image","twitter_misc":{"Escrito por":"Redaccion","Tiempo de lectura":"1 minuto"},"schema":{"@context":"https:\/\/schema.org","@graph":[{"@type":"Article","@id":"https:\/\/diariodeloeste.com\/noticias\/2022\/06\/27\/san-miguel-robo-una-garrafa-tenia-antecedentes-y-lo-detuvieron\/#article","isPartOf":{"@id":"https:\/\/diariodeloeste.com\/noticias\/2022\/06\/27\/san-miguel-robo-una-garrafa-tenia-antecedentes-y-lo-detuvieron\/"},"author":{"name":"Redaccion","@id":"https:\/\/diariodeloeste.com\/noticias\/#\/schema\/person\/1f7be965f8c093432e1cbfcee0ac4047"},"headline":"San Miguel: rob\u00f3 una garrafa, ten\u00eda antecedentes y lo detuvieron","datePublished":"2022-06-27T13:16:06+00:00","mainEntityOfPage":{"@id":"https:\/\/diariodeloeste.com\/noticias\/2022\/06\/27\/san-miguel-robo-una-garrafa-tenia-antecedentes-y-lo-detuvieron\/"},"wordCount":276,"publisher":{"@id":"https:\/\/diariodeloeste.com\/noticias\/#organization"},"image":{"@id":"https:\/\/diariodeloeste.com\/noticias\/2022\/06\/27\/san-miguel-robo-una-garrafa-tenia-antecedentes-y-lo-detuvieron\/#primaryimage"},"thumbnailUrl":"https:\/\/diariodeloeste.com\/noticias\/wp-content\/uploads\/2022\/06\/maxresdefault-19.jpg","keywords":["Garrafa","kako","Municipio de San Miguel","ojos en alerta"],"articleSection":["San Miguel","Titulares"],"inLanguage":"es-AR"},{"@type":"WebPage","@id":"https:\/\/diariodeloeste.com\/noticias\/2022\/06\/27\/san-miguel-robo-una-garrafa-tenia-antecedentes-y-lo-detuvieron\/","url":"https:\/\/diariodeloeste.com\/noticias\/2022\/06\/27\/san-miguel-robo-una-garrafa-tenia-antecedentes-y-lo-detuvieron\/","name":"San Miguel: rob\u00f3 una garrafa, ten\u00eda antecedentes y lo detuvieron - Diario del Oeste","isPartOf":{"@id":"https:\/\/diariodeloeste.com\/noticias\/#website"},"primaryImageOfPage":{"@id":"https:\/\/diariodeloeste.com\/noticias\/2022\/06\/27\/san-miguel-robo-una-garrafa-tenia-antecedentes-y-lo-detuvieron\/#primaryimage"},"image":{"@id":"https:\/\/diariodeloeste.com\/noticias\/2022\/06\/27\/san-miguel-robo-una-garrafa-tenia-antecedentes-y-lo-detuvieron\/#primaryimage"},"thumbnailUrl":"https:\/\/diariodeloeste.com\/noticias\/wp-content\/uploads\/2022\/06\/maxresdefault-19.jpg","datePublished":"2022-06-27T13:16:06+00:00","breadcrumb":{"@id":"https:\/\/diariodeloeste.com\/noticias\/2022\/06\/27\/san-miguel-robo-una-garrafa-tenia-antecedentes-y-lo-detuvieron\/#breadcrumb"},"inLanguage":"es-AR","potentialAction":[{"@type":"ReadAction","target":["https:\/\/diariodeloeste.com\/noticias\/2022\/06\/27\/san-miguel-robo-una-garrafa-tenia-antecedentes-y-lo-detuvieron\/"]}]},{"@type":"ImageObject","inLanguage":"es-AR","@id":"https:\/\/diariodeloeste.com\/noticias\/2022\/06\/27\/san-miguel-robo-una-garrafa-tenia-antecedentes-y-lo-detuvieron\/#primaryimage","url":"https:\/\/diariodeloeste.com\/noticias\/wp-content\/uploads\/2022\/06\/maxresdefault-19.jpg","contentUrl":"https:\/\/diariodeloeste.com\/noticias\/wp-content\/uploads\/2022\/06\/maxresdefault-19.jpg","width":1280,"height":720},{"@type":"BreadcrumbList","@id":"https:\/\/diariodeloeste.com\/noticias\/2022\/06\/27\/san-miguel-robo-una-garrafa-tenia-antecedentes-y-lo-detuvieron\/#breadcrumb","itemListElement":[{"@type":"ListItem","position":1,"name":"Inicio","item":"https:\/\/diariodeloeste.com\/noticias\/"},{"@type":"ListItem","position":2,"name":"San Miguel: rob\u00f3 una garrafa, ten\u00eda antecedentes y lo detuvieron"}]},{"@type":"WebSite","@id":"https:\/\/diariodeloeste.com\/noticias\/#website","url":"https:\/\/diariodeloeste.com\/noticias\/","name":"Diario del Oeste","description":"Noticias del Oeste","publisher":{"@id":"https:\/\/diariodeloeste.com\/noticias\/#organization"},"potentialAction":[{"@type":"SearchAction","target":{"@type":"EntryPoint","urlTemplate":"https:\/\/diariodeloeste.com\/noticias\/?s={search_term_string}"},"query-input":{"@type":"PropertyValueSpecification","valueRequired":true,"valueName":"search_term_string"}}],"inLanguage":"es-AR"},{"@type":"Organization","@id":"https:\/\/diariodeloeste.com\/noticias\/#organization","name":"Diario del Oeste","url":"https:\/\/diariodeloeste.com\/noticias\/","logo":{"@type":"ImageObject","inLanguage":"es-AR","@id":"https:\/\/diariodeloeste.com\/noticias\/#\/schema\/logo\/image\/","url":"https:\/\/diariodeloeste.com\/noticias\/wp-content\/uploads\/2019\/04\/logo.png","contentUrl":"https:\/\/diariodeloeste.com\/noticias\/wp-content\/uploads\/2019\/04\/logo.png","width":306,"height":145,"caption":"Diario del Oeste"},"image":{"@id":"https:\/\/diariodeloeste.com\/noticias\/#\/schema\/logo\/image\/"}},{"@type":"Person","@id":"https:\/\/diariodeloeste.com\/noticias\/#\/schema\/person\/1f7be965f8c093432e1cbfcee0ac4047","name":"Redaccion","image":{"@type":"ImageObject","inLanguage":"es-AR","@id":"https:\/\/secure.gravatar.com\/avatar\/f9bc3a12e26b32d818d88f9a5b61de20b559752e499df507efa7ea3cea0550ef?s=96&d=mm&r=g","url":"https:\/\/secure.gravatar.com\/avatar\/f9bc3a12e26b32d818d88f9a5b61de20b559752e499df507efa7ea3cea0550ef?s=96&d=mm&r=g","contentUrl":"https:\/\/secure.gravatar.com\/avatar\/f9bc3a12e26b32d818d88f9a5b61de20b559752e499df507efa7ea3cea0550ef?s=96&d=mm&r=g","caption":"Redaccion"},"url":"https:\/\/diariodeloeste.com\/noticias\/author\/redaccion\/"}]}},"_links":{"self":[{"href":"https:\/\/diariodeloeste.com\/noticias\/wp-json\/wp\/v2\/posts\/8055","targetHints":{"allow":["GET"]}}],"collection":[{"href":"https:\/\/diariodeloeste.com\/noticias\/wp-json\/wp\/v2\/posts"}],"about":[{"href":"https:\/\/diariodeloeste.com\/noticias\/wp-json\/wp\/v2\/types\/post"}],"author":[{"embeddable":true,"href":"https:\/\/diariodeloeste.com\/noticias\/wp-json\/wp\/v2\/users\/3"}],"replies":[{"embeddable":true,"href":"https:\/\/diariodeloeste.com\/noticias\/wp-json\/wp\/v2\/comments?post=8055"}],"version-history":[{"count":1,"href":"https:\/\/diariodeloeste.com\/noticias\/wp-json\/wp\/v2\/posts\/8055\/revisions"}],"predecessor-version":[{"id":8059,"href":"https:\/\/diariodeloeste.com\/noticias\/wp-json\/wp\/v2\/posts\/8055\/revisions\/8059"}],"wp:featuredmedia":[{"embeddable":true,"href":"https:\/\/diariodeloeste.com\/noticias\/wp-json\/wp\/v2\/media\/8058"}],"wp:attachment":[{"href":"https:\/\/diariodeloeste.com\/noticias\/wp-json\/wp\/v2\/media?parent=8055"}],"wp:term":[{"taxonomy":"category","embeddable":true,"href":"https:\/\/diariodeloeste.com\/noticias\/wp-json\/wp\/v2\/categories?post=8055"},{"taxonomy":"post_tag","embeddable":true,"href":"https:\/\/diariodeloeste.com\/noticias\/wp-json\/wp\/v2\/tags?post=8055"}],"curies":[{"name":"wp","href":"https:\/\/api.w.org\/{rel}","templated":true}]}}