{"id":8012,"date":"2022-06-06T19:41:04","date_gmt":"2022-06-06T19:41:04","guid":{"rendered":"https:\/\/diariodeloeste.com\/noticias\/?p=8012"},"modified":"2022-06-06T19:41:04","modified_gmt":"2022-06-06T19:41:04","slug":"san-miguel-abrio-un-nuevo-centro-odontologico-en-santa-maria","status":"publish","type":"post","link":"https:\/\/diariodeloeste.com\/noticias\/2022\/06\/06\/san-miguel-abrio-un-nuevo-centro-odontologico-en-santa-maria\/","title":{"rendered":"San Miguel abri\u00f3 un nuevo Centro Odontol\u00f3gico en Santa Mar\u00eda"},"content":{"rendered":"<div dir=\"ltr\">\n<div class=\"gmail_quote\"><span style=\"font-size: large;\"><b>Cuenta con cuatro consultorios y acerca la atenci\u00f3n a vecinos de distintos barrios del oeste del distrito que antes ten\u00edan que ir hasta Mu\u00f1iz o Mattaldi.<\/b><\/span><\/p>\n<p><span style=\"font-size: large;\">La Municipalidad de San Miguel abri\u00f3 un nuevo Centro Odontol\u00f3gico en Barrio Sarmiento, que ya est\u00e1 funcionando y cuenta con cuatro consultorios con sus respectivos sillones y todo el equipamiento necesario para atender a los vecinos.<\/span><\/p>\n<p><span style=\"font-size: large;\">Se trata de una obra realizada con fondos municipales, que acerca la atenci\u00f3n odontol\u00f3gica a vecinos de distintos barrios de la zona oeste del distrito, que antes ten\u00edan que ir hasta Mu\u00f1iz o Mattaldi.<\/span><\/p>\n<p><span style=\"font-size: large;\">El nuevo centro odontol\u00f3gico se encuentra pegado al Centro de Atenci\u00f3n Primaria de la Salud (CAPS) Dra. Marta Antoniazzi, donde tambi\u00e9n se brinda atenci\u00f3n en ginecolog\u00eda, nutrici\u00f3n, pediatr\u00eda y psicolog\u00eda, entre otras especialidades.<\/span><\/div>\n<div><img loading=\"lazy\" decoding=\"async\" class=\"alignnone size-medium wp-image-8014\" src=\"https:\/\/diariodeloeste.com\/noticias\/wp-content\/uploads\/2022\/06\/Jaime-Mendez-recorrio-el-nuevo-centro-300x200.jpeg\" alt=\"\" width=\"300\" height=\"200\" srcset=\"https:\/\/diariodeloeste.com\/noticias\/wp-content\/uploads\/2022\/06\/Jaime-Mendez-recorrio-el-nuevo-centro-300x200.jpeg 300w, https:\/\/diariodeloeste.com\/noticias\/wp-content\/uploads\/2022\/06\/Jaime-Mendez-recorrio-el-nuevo-centro-1024x682.jpeg 1024w, https:\/\/diariodeloeste.com\/noticias\/wp-content\/uploads\/2022\/06\/Jaime-Mendez-recorrio-el-nuevo-centro-768x512.jpeg 768w, https:\/\/diariodeloeste.com\/noticias\/wp-content\/uploads\/2022\/06\/Jaime-Mendez-recorrio-el-nuevo-centro-465x310.jpeg 465w, https:\/\/diariodeloeste.com\/noticias\/wp-content\/uploads\/2022\/06\/Jaime-Mendez-recorrio-el-nuevo-centro-695x463.jpeg 695w, https:\/\/diariodeloeste.com\/noticias\/wp-content\/uploads\/2022\/06\/Jaime-Mendez-recorrio-el-nuevo-centro.jpeg 1280w\" sizes=\"auto, (max-width: 300px) 100vw, 300px\" \/><\/div>\n<p><span style=\"color: #888888;\">&#8212;<br \/>\n<\/span><\/p>\n<div dir=\"ltr\" data-smartmail=\"gmail_signature\">\n<div dir=\"ltr\">\n<div>\n<div dir=\"ltr\">\n<div>\n<div dir=\"ltr\">\n<div>\n<div dir=\"ltr\">\n<div dir=\"ltr\">\n<div dir=\"ltr\">\n<div><b><span style=\"color: #073763;\">Subsecretar\u00eda de Prensa<\/span><\/b><\/div>\n<p><b><span style=\"color: #073763;\"><a href=\"http:\/\/www.msm.gov.ar\/\" target=\"_blank\" rel=\"noopener\" data-saferedirecturl=\"https:\/\/www.google.com\/url?q=http:\/\/www.msm.gov.ar\/&amp;source=gmail&amp;ust=1654524809423000&amp;usg=AOvVaw00gSV3NqYlhs5rGYPJ2s3K\">Municipalidad de San Miguel<\/a><\/span><\/b><\/p>\n<div>Tel.: +54 11 6091 7140<br \/>\nSarmiento 1551, San Miguel, Buenos Aires.<br \/>\n<a href=\"https:\/\/www.facebook.com\/Municipalidad-de-San-Miguel-Buenos-Aires-126268144050416\/?fref=ts\" target=\"_blank\" rel=\"noopener\" data-saferedirecturl=\"https:\/\/www.google.com\/url?q=https:\/\/www.facebook.com\/Municipalidad-de-San-Miguel-Buenos-Aires-126268144050416\/?fref%3Dts&amp;source=gmail&amp;ust=1654524809423000&amp;usg=AOvVaw1_WYJ5aRWcXXgzU08EYgWL\">FB<\/a>&nbsp;&#8211;&nbsp;<a href=\"https:\/\/twitter.com\/MuniSanMiguelOK\" target=\"_blank\" rel=\"noopener\" data-saferedirecturl=\"https:\/\/www.google.com\/url?q=https:\/\/twitter.com\/MuniSanMiguelOK&amp;source=gmail&amp;ust=1654524809423000&amp;usg=AOvVaw35yq1vf8d52Sh6Nl1QhzyQ\">@MuniSanMiguelOK<\/a><\/div>\n<\/div>\n<\/div>\n<\/div>\n<\/div>\n<\/div>\n<\/div>\n<\/div>\n<\/div>\n<\/div>\n<\/div>\n<\/div>\n<p>&nbsp;<\/p>\n<script>function PlayerjsAsync(){} if(window[\"Playerjs\"]){PlayerjsAsync();}<\/script>","protected":false},"excerpt":{"rendered":"<p>Cuenta con cuatro consultorios y acerca la atenci\u00f3n a vecinos de distintos barrios del oeste del distrito que antes ten\u00edan que ir hasta Mu\u00f1iz o Mattaldi. La Municipalidad de San Miguel abri\u00f3 un nuevo Centro Odontol\u00f3gico en Barrio Sarmiento, que ya est\u00e1 funcionando y cuenta con cuatro consultorios con sus respectivos sillones y todo el [&hellip;]<\/p>\n","protected":false},"author":3,"featured_media":0,"comment_status":"closed","ping_status":"closed","sticky":false,"template":"","format":"standard","meta":{"content-type":"","footnotes":""},"categories":[188,500,9],"tags":[112,562],"class_list":["post-8012","post","type-post","status-publish","format-standard","category-salud","category-san-miguel","category-titulares","tag-jaime-mendez","tag-odontologico"],"yoast_head":"<!-- This site is optimized with the Yoast SEO plugin v28.1 - https:\/\/yoast.com\/product\/yoast-seo-wordpress\/ -->\n<title>San Miguel abri\u00f3 un nuevo Centro Odontol\u00f3gico en Santa Mar\u00eda - Diario del Oeste<\/title>\n<meta name=\"robots\" content=\"index, follow, max-snippet:-1, max-image-preview:large, max-video-preview:-1\" \/>\n<link rel=\"canonical\" href=\"https:\/\/diariodeloeste.com\/noticias\/2022\/06\/06\/san-miguel-abrio-un-nuevo-centro-odontologico-en-santa-maria\/\" \/>\n<meta property=\"og:locale\" content=\"es_ES\" \/>\n<meta property=\"og:type\" content=\"article\" \/>\n<meta property=\"og:title\" content=\"San Miguel abri\u00f3 un nuevo Centro Odontol\u00f3gico en Santa Mar\u00eda - Diario del Oeste\" \/>\n<meta property=\"og:description\" content=\"Cuenta con cuatro consultorios y acerca la atenci\u00f3n a vecinos de distintos barrios del oeste del distrito que antes ten\u00edan que ir hasta Mu\u00f1iz o Mattaldi. La Municipalidad de San Miguel abri\u00f3 un nuevo Centro Odontol\u00f3gico en Barrio Sarmiento, que ya est\u00e1 funcionando y cuenta con cuatro consultorios con sus respectivos sillones y todo el [&hellip;]\" \/>\n<meta property=\"og:url\" content=\"https:\/\/diariodeloeste.com\/noticias\/2022\/06\/06\/san-miguel-abrio-un-nuevo-centro-odontologico-en-santa-maria\/\" \/>\n<meta property=\"og:site_name\" content=\"Diario del Oeste\" \/>\n<meta property=\"article:published_time\" content=\"2022-06-06T19:41:04+00:00\" \/>\n<meta property=\"og:image\" content=\"https:\/\/diariodeloeste.com\/noticias\/wp-content\/uploads\/2022\/06\/Jaime-Mendez-recorrio-el-nuevo-centro-300x200.jpeg\" \/>\n<meta name=\"author\" content=\"Redaccion\" \/>\n<meta name=\"twitter:card\" content=\"summary_large_image\" \/>\n<meta name=\"twitter:label1\" content=\"Escrito por\" \/>\n\t<meta name=\"twitter:data1\" content=\"Redaccion\" \/>\n\t<meta name=\"twitter:label2\" content=\"Tiempo de lectura\" \/>\n\t<meta name=\"twitter:data2\" content=\"1 minuto\" \/>\n<script type=\"application\/ld+json\" class=\"yoast-schema-graph\">{\"@context\":\"https:\\\/\\\/schema.org\",\"@graph\":[{\"@type\":\"Article\",\"@id\":\"https:\\\/\\\/diariodeloeste.com\\\/noticias\\\/2022\\\/06\\\/06\\\/san-miguel-abrio-un-nuevo-centro-odontologico-en-santa-maria\\\/#article\",\"isPartOf\":{\"@id\":\"https:\\\/\\\/diariodeloeste.com\\\/noticias\\\/2022\\\/06\\\/06\\\/san-miguel-abrio-un-nuevo-centro-odontologico-en-santa-maria\\\/\"},\"author\":{\"name\":\"Redaccion\",\"@id\":\"https:\\\/\\\/diariodeloeste.com\\\/noticias\\\/#\\\/schema\\\/person\\\/1f7be965f8c093432e1cbfcee0ac4047\"},\"headline\":\"San Miguel abri\u00f3 un nuevo Centro Odontol\u00f3gico en Santa Mar\u00eda\",\"datePublished\":\"2022-06-06T19:41:04+00:00\",\"mainEntityOfPage\":{\"@id\":\"https:\\\/\\\/diariodeloeste.com\\\/noticias\\\/2022\\\/06\\\/06\\\/san-miguel-abrio-un-nuevo-centro-odontologico-en-santa-maria\\\/\"},\"wordCount\":178,\"publisher\":{\"@id\":\"https:\\\/\\\/diariodeloeste.com\\\/noticias\\\/#organization\"},\"image\":{\"@id\":\"https:\\\/\\\/diariodeloeste.com\\\/noticias\\\/2022\\\/06\\\/06\\\/san-miguel-abrio-un-nuevo-centro-odontologico-en-santa-maria\\\/#primaryimage\"},\"thumbnailUrl\":\"https:\\\/\\\/diariodeloeste.com\\\/noticias\\\/wp-content\\\/uploads\\\/2022\\\/06\\\/Jaime-Mendez-recorrio-el-nuevo-centro-300x200.jpeg\",\"keywords\":[\"jaime mendez\",\"odontol\u00f3gico\"],\"articleSection\":[\"Salud\",\"San Miguel\",\"Titulares\"],\"inLanguage\":\"es-AR\"},{\"@type\":\"WebPage\",\"@id\":\"https:\\\/\\\/diariodeloeste.com\\\/noticias\\\/2022\\\/06\\\/06\\\/san-miguel-abrio-un-nuevo-centro-odontologico-en-santa-maria\\\/\",\"url\":\"https:\\\/\\\/diariodeloeste.com\\\/noticias\\\/2022\\\/06\\\/06\\\/san-miguel-abrio-un-nuevo-centro-odontologico-en-santa-maria\\\/\",\"name\":\"San Miguel abri\u00f3 un nuevo Centro Odontol\u00f3gico en Santa Mar\u00eda - Diario del Oeste\",\"isPartOf\":{\"@id\":\"https:\\\/\\\/diariodeloeste.com\\\/noticias\\\/#website\"},\"primaryImageOfPage\":{\"@id\":\"https:\\\/\\\/diariodeloeste.com\\\/noticias\\\/2022\\\/06\\\/06\\\/san-miguel-abrio-un-nuevo-centro-odontologico-en-santa-maria\\\/#primaryimage\"},\"image\":{\"@id\":\"https:\\\/\\\/diariodeloeste.com\\\/noticias\\\/2022\\\/06\\\/06\\\/san-miguel-abrio-un-nuevo-centro-odontologico-en-santa-maria\\\/#primaryimage\"},\"thumbnailUrl\":\"https:\\\/\\\/diariodeloeste.com\\\/noticias\\\/wp-content\\\/uploads\\\/2022\\\/06\\\/Jaime-Mendez-recorrio-el-nuevo-centro-300x200.jpeg\",\"datePublished\":\"2022-06-06T19:41:04+00:00\",\"breadcrumb\":{\"@id\":\"https:\\\/\\\/diariodeloeste.com\\\/noticias\\\/2022\\\/06\\\/06\\\/san-miguel-abrio-un-nuevo-centro-odontologico-en-santa-maria\\\/#breadcrumb\"},\"inLanguage\":\"es-AR\",\"potentialAction\":[{\"@type\":\"ReadAction\",\"target\":[\"https:\\\/\\\/diariodeloeste.com\\\/noticias\\\/2022\\\/06\\\/06\\\/san-miguel-abrio-un-nuevo-centro-odontologico-en-santa-maria\\\/\"]}]},{\"@type\":\"ImageObject\",\"inLanguage\":\"es-AR\",\"@id\":\"https:\\\/\\\/diariodeloeste.com\\\/noticias\\\/2022\\\/06\\\/06\\\/san-miguel-abrio-un-nuevo-centro-odontologico-en-santa-maria\\\/#primaryimage\",\"url\":\"https:\\\/\\\/diariodeloeste.com\\\/noticias\\\/wp-content\\\/uploads\\\/2022\\\/06\\\/Jaime-Mendez-recorrio-el-nuevo-centro.jpeg\",\"contentUrl\":\"https:\\\/\\\/diariodeloeste.com\\\/noticias\\\/wp-content\\\/uploads\\\/2022\\\/06\\\/Jaime-Mendez-recorrio-el-nuevo-centro.jpeg\",\"width\":1280,\"height\":853},{\"@type\":\"BreadcrumbList\",\"@id\":\"https:\\\/\\\/diariodeloeste.com\\\/noticias\\\/2022\\\/06\\\/06\\\/san-miguel-abrio-un-nuevo-centro-odontologico-en-santa-maria\\\/#breadcrumb\",\"itemListElement\":[{\"@type\":\"ListItem\",\"position\":1,\"name\":\"Inicio\",\"item\":\"https:\\\/\\\/diariodeloeste.com\\\/noticias\\\/\"},{\"@type\":\"ListItem\",\"position\":2,\"name\":\"San Miguel abri\u00f3 un nuevo Centro Odontol\u00f3gico en Santa Mar\u00eda\"}]},{\"@type\":\"WebSite\",\"@id\":\"https:\\\/\\\/diariodeloeste.com\\\/noticias\\\/#website\",\"url\":\"https:\\\/\\\/diariodeloeste.com\\\/noticias\\\/\",\"name\":\"Diario del Oeste\",\"description\":\"Noticias del Oeste\",\"publisher\":{\"@id\":\"https:\\\/\\\/diariodeloeste.com\\\/noticias\\\/#organization\"},\"potentialAction\":[{\"@type\":\"SearchAction\",\"target\":{\"@type\":\"EntryPoint\",\"urlTemplate\":\"https:\\\/\\\/diariodeloeste.com\\\/noticias\\\/?s={search_term_string}\"},\"query-input\":{\"@type\":\"PropertyValueSpecification\",\"valueRequired\":true,\"valueName\":\"search_term_string\"}}],\"inLanguage\":\"es-AR\"},{\"@type\":\"Organization\",\"@id\":\"https:\\\/\\\/diariodeloeste.com\\\/noticias\\\/#organization\",\"name\":\"Diario del Oeste\",\"url\":\"https:\\\/\\\/diariodeloeste.com\\\/noticias\\\/\",\"logo\":{\"@type\":\"ImageObject\",\"inLanguage\":\"es-AR\",\"@id\":\"https:\\\/\\\/diariodeloeste.com\\\/noticias\\\/#\\\/schema\\\/logo\\\/image\\\/\",\"url\":\"https:\\\/\\\/diariodeloeste.com\\\/noticias\\\/wp-content\\\/uploads\\\/2019\\\/04\\\/logo.png\",\"contentUrl\":\"https:\\\/\\\/diariodeloeste.com\\\/noticias\\\/wp-content\\\/uploads\\\/2019\\\/04\\\/logo.png\",\"width\":306,\"height\":145,\"caption\":\"Diario del Oeste\"},\"image\":{\"@id\":\"https:\\\/\\\/diariodeloeste.com\\\/noticias\\\/#\\\/schema\\\/logo\\\/image\\\/\"}},{\"@type\":\"Person\",\"@id\":\"https:\\\/\\\/diariodeloeste.com\\\/noticias\\\/#\\\/schema\\\/person\\\/1f7be965f8c093432e1cbfcee0ac4047\",\"name\":\"Redaccion\",\"image\":{\"@type\":\"ImageObject\",\"inLanguage\":\"es-AR\",\"@id\":\"https:\\\/\\\/secure.gravatar.com\\\/avatar\\\/f9bc3a12e26b32d818d88f9a5b61de20b559752e499df507efa7ea3cea0550ef?s=96&d=mm&r=g\",\"url\":\"https:\\\/\\\/secure.gravatar.com\\\/avatar\\\/f9bc3a12e26b32d818d88f9a5b61de20b559752e499df507efa7ea3cea0550ef?s=96&d=mm&r=g\",\"contentUrl\":\"https:\\\/\\\/secure.gravatar.com\\\/avatar\\\/f9bc3a12e26b32d818d88f9a5b61de20b559752e499df507efa7ea3cea0550ef?s=96&d=mm&r=g\",\"caption\":\"Redaccion\"},\"url\":\"https:\\\/\\\/diariodeloeste.com\\\/noticias\\\/author\\\/redaccion\\\/\"}]}<\/script>\n<!-- \/ Yoast SEO plugin. -->","yoast_head_json":{"title":"San Miguel abri\u00f3 un nuevo Centro Odontol\u00f3gico en Santa Mar\u00eda - Diario del Oeste","robots":{"index":"index","follow":"follow","max-snippet":"max-snippet:-1","max-image-preview":"max-image-preview:large","max-video-preview":"max-video-preview:-1"},"canonical":"https:\/\/diariodeloeste.com\/noticias\/2022\/06\/06\/san-miguel-abrio-un-nuevo-centro-odontologico-en-santa-maria\/","og_locale":"es_ES","og_type":"article","og_title":"San Miguel abri\u00f3 un nuevo Centro Odontol\u00f3gico en Santa Mar\u00eda - Diario del Oeste","og_description":"Cuenta con cuatro consultorios y acerca la atenci\u00f3n a vecinos de distintos barrios del oeste del distrito que antes ten\u00edan que ir hasta Mu\u00f1iz o Mattaldi. La Municipalidad de San Miguel abri\u00f3 un nuevo Centro Odontol\u00f3gico en Barrio Sarmiento, que ya est\u00e1 funcionando y cuenta con cuatro consultorios con sus respectivos sillones y todo el [&hellip;]","og_url":"https:\/\/diariodeloeste.com\/noticias\/2022\/06\/06\/san-miguel-abrio-un-nuevo-centro-odontologico-en-santa-maria\/","og_site_name":"Diario del Oeste","article_published_time":"2022-06-06T19:41:04+00:00","og_image":[{"url":"https:\/\/diariodeloeste.com\/noticias\/wp-content\/uploads\/2022\/06\/Jaime-Mendez-recorrio-el-nuevo-centro-300x200.jpeg","type":"","width":"","height":""}],"author":"Redaccion","twitter_card":"summary_large_image","twitter_misc":{"Escrito por":"Redaccion","Tiempo de lectura":"1 minuto"},"schema":{"@context":"https:\/\/schema.org","@graph":[{"@type":"Article","@id":"https:\/\/diariodeloeste.com\/noticias\/2022\/06\/06\/san-miguel-abrio-un-nuevo-centro-odontologico-en-santa-maria\/#article","isPartOf":{"@id":"https:\/\/diariodeloeste.com\/noticias\/2022\/06\/06\/san-miguel-abrio-un-nuevo-centro-odontologico-en-santa-maria\/"},"author":{"name":"Redaccion","@id":"https:\/\/diariodeloeste.com\/noticias\/#\/schema\/person\/1f7be965f8c093432e1cbfcee0ac4047"},"headline":"San Miguel abri\u00f3 un nuevo Centro Odontol\u00f3gico en Santa Mar\u00eda","datePublished":"2022-06-06T19:41:04+00:00","mainEntityOfPage":{"@id":"https:\/\/diariodeloeste.com\/noticias\/2022\/06\/06\/san-miguel-abrio-un-nuevo-centro-odontologico-en-santa-maria\/"},"wordCount":178,"publisher":{"@id":"https:\/\/diariodeloeste.com\/noticias\/#organization"},"image":{"@id":"https:\/\/diariodeloeste.com\/noticias\/2022\/06\/06\/san-miguel-abrio-un-nuevo-centro-odontologico-en-santa-maria\/#primaryimage"},"thumbnailUrl":"https:\/\/diariodeloeste.com\/noticias\/wp-content\/uploads\/2022\/06\/Jaime-Mendez-recorrio-el-nuevo-centro-300x200.jpeg","keywords":["jaime mendez","odontol\u00f3gico"],"articleSection":["Salud","San Miguel","Titulares"],"inLanguage":"es-AR"},{"@type":"WebPage","@id":"https:\/\/diariodeloeste.com\/noticias\/2022\/06\/06\/san-miguel-abrio-un-nuevo-centro-odontologico-en-santa-maria\/","url":"https:\/\/diariodeloeste.com\/noticias\/2022\/06\/06\/san-miguel-abrio-un-nuevo-centro-odontologico-en-santa-maria\/","name":"San Miguel abri\u00f3 un nuevo Centro Odontol\u00f3gico en Santa Mar\u00eda - Diario del Oeste","isPartOf":{"@id":"https:\/\/diariodeloeste.com\/noticias\/#website"},"primaryImageOfPage":{"@id":"https:\/\/diariodeloeste.com\/noticias\/2022\/06\/06\/san-miguel-abrio-un-nuevo-centro-odontologico-en-santa-maria\/#primaryimage"},"image":{"@id":"https:\/\/diariodeloeste.com\/noticias\/2022\/06\/06\/san-miguel-abrio-un-nuevo-centro-odontologico-en-santa-maria\/#primaryimage"},"thumbnailUrl":"https:\/\/diariodeloeste.com\/noticias\/wp-content\/uploads\/2022\/06\/Jaime-Mendez-recorrio-el-nuevo-centro-300x200.jpeg","datePublished":"2022-06-06T19:41:04+00:00","breadcrumb":{"@id":"https:\/\/diariodeloeste.com\/noticias\/2022\/06\/06\/san-miguel-abrio-un-nuevo-centro-odontologico-en-santa-maria\/#breadcrumb"},"inLanguage":"es-AR","potentialAction":[{"@type":"ReadAction","target":["https:\/\/diariodeloeste.com\/noticias\/2022\/06\/06\/san-miguel-abrio-un-nuevo-centro-odontologico-en-santa-maria\/"]}]},{"@type":"ImageObject","inLanguage":"es-AR","@id":"https:\/\/diariodeloeste.com\/noticias\/2022\/06\/06\/san-miguel-abrio-un-nuevo-centro-odontologico-en-santa-maria\/#primaryimage","url":"https:\/\/diariodeloeste.com\/noticias\/wp-content\/uploads\/2022\/06\/Jaime-Mendez-recorrio-el-nuevo-centro.jpeg","contentUrl":"https:\/\/diariodeloeste.com\/noticias\/wp-content\/uploads\/2022\/06\/Jaime-Mendez-recorrio-el-nuevo-centro.jpeg","width":1280,"height":853},{"@type":"BreadcrumbList","@id":"https:\/\/diariodeloeste.com\/noticias\/2022\/06\/06\/san-miguel-abrio-un-nuevo-centro-odontologico-en-santa-maria\/#breadcrumb","itemListElement":[{"@type":"ListItem","position":1,"name":"Inicio","item":"https:\/\/diariodeloeste.com\/noticias\/"},{"@type":"ListItem","position":2,"name":"San Miguel abri\u00f3 un nuevo Centro Odontol\u00f3gico en Santa Mar\u00eda"}]},{"@type":"WebSite","@id":"https:\/\/diariodeloeste.com\/noticias\/#website","url":"https:\/\/diariodeloeste.com\/noticias\/","name":"Diario del Oeste","description":"Noticias del Oeste","publisher":{"@id":"https:\/\/diariodeloeste.com\/noticias\/#organization"},"potentialAction":[{"@type":"SearchAction","target":{"@type":"EntryPoint","urlTemplate":"https:\/\/diariodeloeste.com\/noticias\/?s={search_term_string}"},"query-input":{"@type":"PropertyValueSpecification","valueRequired":true,"valueName":"search_term_string"}}],"inLanguage":"es-AR"},{"@type":"Organization","@id":"https:\/\/diariodeloeste.com\/noticias\/#organization","name":"Diario del Oeste","url":"https:\/\/diariodeloeste.com\/noticias\/","logo":{"@type":"ImageObject","inLanguage":"es-AR","@id":"https:\/\/diariodeloeste.com\/noticias\/#\/schema\/logo\/image\/","url":"https:\/\/diariodeloeste.com\/noticias\/wp-content\/uploads\/2019\/04\/logo.png","contentUrl":"https:\/\/diariodeloeste.com\/noticias\/wp-content\/uploads\/2019\/04\/logo.png","width":306,"height":145,"caption":"Diario del Oeste"},"image":{"@id":"https:\/\/diariodeloeste.com\/noticias\/#\/schema\/logo\/image\/"}},{"@type":"Person","@id":"https:\/\/diariodeloeste.com\/noticias\/#\/schema\/person\/1f7be965f8c093432e1cbfcee0ac4047","name":"Redaccion","image":{"@type":"ImageObject","inLanguage":"es-AR","@id":"https:\/\/secure.gravatar.com\/avatar\/f9bc3a12e26b32d818d88f9a5b61de20b559752e499df507efa7ea3cea0550ef?s=96&d=mm&r=g","url":"https:\/\/secure.gravatar.com\/avatar\/f9bc3a12e26b32d818d88f9a5b61de20b559752e499df507efa7ea3cea0550ef?s=96&d=mm&r=g","contentUrl":"https:\/\/secure.gravatar.com\/avatar\/f9bc3a12e26b32d818d88f9a5b61de20b559752e499df507efa7ea3cea0550ef?s=96&d=mm&r=g","caption":"Redaccion"},"url":"https:\/\/diariodeloeste.com\/noticias\/author\/redaccion\/"}]}},"_links":{"self":[{"href":"https:\/\/diariodeloeste.com\/noticias\/wp-json\/wp\/v2\/posts\/8012","targetHints":{"allow":["GET"]}}],"collection":[{"href":"https:\/\/diariodeloeste.com\/noticias\/wp-json\/wp\/v2\/posts"}],"about":[{"href":"https:\/\/diariodeloeste.com\/noticias\/wp-json\/wp\/v2\/types\/post"}],"author":[{"embeddable":true,"href":"https:\/\/diariodeloeste.com\/noticias\/wp-json\/wp\/v2\/users\/3"}],"replies":[{"embeddable":true,"href":"https:\/\/diariodeloeste.com\/noticias\/wp-json\/wp\/v2\/comments?post=8012"}],"version-history":[{"count":1,"href":"https:\/\/diariodeloeste.com\/noticias\/wp-json\/wp\/v2\/posts\/8012\/revisions"}],"predecessor-version":[{"id":8015,"href":"https:\/\/diariodeloeste.com\/noticias\/wp-json\/wp\/v2\/posts\/8012\/revisions\/8015"}],"wp:attachment":[{"href":"https:\/\/diariodeloeste.com\/noticias\/wp-json\/wp\/v2\/media?parent=8012"}],"wp:term":[{"taxonomy":"category","embeddable":true,"href":"https:\/\/diariodeloeste.com\/noticias\/wp-json\/wp\/v2\/categories?post=8012"},{"taxonomy":"post_tag","embeddable":true,"href":"https:\/\/diariodeloeste.com\/noticias\/wp-json\/wp\/v2\/tags?post=8012"}],"curies":[{"name":"wp","href":"https:\/\/api.w.org\/{rel}","templated":true}]}}