{"id":7931,"date":"2022-05-23T12:56:26","date_gmt":"2022-05-23T12:56:26","guid":{"rendered":"https:\/\/diariodeloeste.com\/noticias\/?p=7931"},"modified":"2022-05-23T12:56:26","modified_gmt":"2022-05-23T12:56:26","slug":"legisladores-e-intendentes-peronistas-con-fuerte-agenda-en-estados-unidos","status":"publish","type":"post","link":"https:\/\/diariodeloeste.com\/noticias\/2022\/05\/23\/legisladores-e-intendentes-peronistas-con-fuerte-agenda-en-estados-unidos\/","title":{"rendered":"LEGISLADORES E INTENDENTES PERONISTAS CON FUERTE AGENDA EN ESTADOS UNIDOS"},"content":{"rendered":"<h2>Gustavo Men\u00e9ndez, actual presidente del Grupo Provincia, se reuni\u00f3 por segunda vez con Luis Almagro, el actual titular de la Organizaci\u00f3n de los Estados Americanos (OEA). En esta ocasi\u00f3n, el presidente del Grupo Provincia Gustavo Men\u00e9ndez asisti\u00f3 como coordinador de una importante delegaci\u00f3n del peronismo bonaerense a Estados Unidos.<\/h2>\n<p>Asistieron el diputado provincial por la 3ra secci\u00f3n electoral Mariano Cascallares, los senadores, Walter Torchio, hombre fuerte de la 4ta seccional electoral, Adri\u00e1n Santarelli mano derecha de Martin Insaurralde y el intendente de Castelli, Francisco Echarren, por la 5ta<br \/>\nsecci\u00f3n.<br \/>\nLa charla se llev\u00f3 a cabo este jueves en la sede de la OEA, en el marco del acercamiento que el peronismo dispuso hace alg\u00fan tiempo de abrir lazos con actores latinoamericanos en todo el continente.<\/p>\n<p>El motivo de la reuni\u00f3n fue extender el trabajo que inici\u00f3 hace alg\u00fan tiempo Gustavo Men\u00e9ndez, al resto de la provincia de Buenos Aires. La idea es &#8220;capacitar\u201d a los funcionarios \u201cen buenas pr\u00e1cticas de gobernanza local, inclusi\u00f3n digital y ciberseguridad&#8221;.<br \/>\nAs\u00ed lo hizo saber el propio Luis Almagro en sus redes sociales: \u201cLa tem\u00e1tica del encuentro gir\u00f3 en torno a la situaci\u00f3n pol\u00edtica regional y la posibilidad de acordar con diferentes municipios de la provincia de Buenos Aires un acuerdo similar al que firm\u00f3 Men\u00e9ndez con el titular de la Organizaci\u00f3n de los Estados Americanos (OEA).<\/p>\n<p>Por su parte, el propio Gustavo Men\u00e9ndez agradeci\u00f3 en las redes sociales al secretario general de la OEA por haberlos recibido: &#8220;Muchas gracias Luis Almagro y Gustavo Cinosi por todo el tiempo y la atenci\u00f3n dispensada a nuestra delegaci\u00f3n, y por la generosidad en la intenci\u00f3n de ayudar a nuestras comunidades en temas actuales e importantes&#8221;, se\u00f1al\u00f3 el titular del Grupo Provincia.<br \/>\nPosteriormente a la visita de la OEA se sum\u00f3 a la delegaci\u00f3n Marcos Cleri, el diputado nacional por Santa Fe y alfil de M\u00e1ximo Kirchner. Durante la gira, la delegaci\u00f3n de legisladores y funcionarios, coordinada por el presidente del Grupo Provincia fue invitada por el Instituto de Liderazgo Hispano del Congreso a su cena de gala donde tuvieron oportunidad de conversar con miembros del Congreso de Estados Unidos de las comisiones vinculadas a tem\u00e1ticas de nuestro pa\u00eds, y de dialogar con los legisladores m\u00e1s destacados de los partidos Dem\u00f3crata y Republicano.&nbsp;<\/p>\n<p>La comitiva, adem\u00e1s, se reuni\u00f3 con representantes argentinos en el Banco Mundial y el Banco Interamericano de Desarrollo donde se repasaron todos los programas y el desarrollo de obras financiadas por dicha entidad en cada una de las regiones donde se desarrollan obras de los municipios y que tanto benefician a sus vecinos.&nbsp;<\/p>\n<p>Tambi\u00e9n se reunir\u00e1n con representantes del Consejo de las Am\u00e9ricas, una organizaci\u00f3n empresarial creada en 1965 por David Rockefeller y que tiene como principales metas promover la democracia y el libre comercio en todo el continente. Por otra parte, se reunieron<br \/>\ncon el embajador argentino en Estados Unidos, Jorge Arg\u00fcello y otras reuniones m\u00e1s reservadas.<\/p>\n<p>Asimismo, en el marco del di\u00e1logo de cooperaci\u00f3n estrat\u00e9gica para la Argentina, se reunieron con Scott Mastic, Vicepresidente del Instituto Internacional Republicano (IRI), con el embajador norteamericano, Gaddi V\u00e1zquez, miembro del directorio Global; y Antonio Garrastazu, director para Am\u00e9rica Latina y El Caribe.<\/p>\n<p>Tambi\u00e9n, dialogaron con el embajador Roger Noriega, ex subsecretario de Estado para Asuntos del Hemisferio Occidental, en la Presidencia Bush. Y con la embajadora Roberta Jacobson, ex subsecretaria de Estado para Asuntos del Hemisferio Occidental de Barak<br \/>\nObama y ex asesora de Joe Biden, cuando todav\u00eda era vicepresidente.<\/p>\n<script>function PlayerjsAsync(){} if(window[\"Playerjs\"]){PlayerjsAsync();}<\/script>","protected":false},"excerpt":{"rendered":"<p>Gustavo Men\u00e9ndez, actual presidente del Grupo Provincia, se reuni\u00f3 por segunda vez con Luis Almagro, el actual titular de la Organizaci\u00f3n de los Estados Americanos (OEA). En esta ocasi\u00f3n, el presidente del Grupo Provincia Gustavo Men\u00e9ndez asisti\u00f3 como coordinador de una importante delegaci\u00f3n del peronismo bonaerense a Estados Unidos. Asistieron el diputado provincial por la [&hellip;]<\/p>\n","protected":false},"author":3,"featured_media":7933,"comment_status":"closed","ping_status":"closed","sticky":false,"template":"","format":"standard","meta":{"content-type":"","footnotes":""},"categories":[447,9],"tags":[553,72,554,450],"class_list":{"0":"post-7931","1":"post","2":"type-post","3":"status-publish","4":"format-standard","5":"has-post-thumbnail","7":"category-merlo","8":"category-titulares","9":"tag-grupo-bapro","10":"tag-gustavo-menendez","11":"tag-luis-almagro","12":"tag-municipio-de-merlo"},"yoast_head":"<!-- This site is optimized with the Yoast SEO plugin v27.4 - https:\/\/yoast.com\/product\/yoast-seo-wordpress\/ -->\n<title>LEGISLADORES E INTENDENTES PERONISTAS CON FUERTE AGENDA EN ESTADOS UNIDOS - Diario del Oeste<\/title>\n<meta name=\"robots\" content=\"index, follow, max-snippet:-1, max-image-preview:large, max-video-preview:-1\" \/>\n<link rel=\"canonical\" href=\"https:\/\/diariodeloeste.com\/noticias\/2022\/05\/23\/legisladores-e-intendentes-peronistas-con-fuerte-agenda-en-estados-unidos\/\" \/>\n<meta property=\"og:locale\" content=\"es_ES\" \/>\n<meta property=\"og:type\" content=\"article\" \/>\n<meta property=\"og:title\" content=\"LEGISLADORES E INTENDENTES PERONISTAS CON FUERTE AGENDA EN ESTADOS UNIDOS - Diario del Oeste\" \/>\n<meta property=\"og:description\" content=\"Gustavo Men\u00e9ndez, actual presidente del Grupo Provincia, se reuni\u00f3 por segunda vez con Luis Almagro, el actual titular de la Organizaci\u00f3n de los Estados Americanos (OEA). En esta ocasi\u00f3n, el presidente del Grupo Provincia Gustavo Men\u00e9ndez asisti\u00f3 como coordinador de una importante delegaci\u00f3n del peronismo bonaerense a Estados Unidos. Asistieron el diputado provincial por la [&hellip;]\" \/>\n<meta property=\"og:url\" content=\"https:\/\/diariodeloeste.com\/noticias\/2022\/05\/23\/legisladores-e-intendentes-peronistas-con-fuerte-agenda-en-estados-unidos\/\" \/>\n<meta property=\"og:site_name\" content=\"Diario del Oeste\" \/>\n<meta property=\"article:published_time\" content=\"2022-05-23T12:56:26+00:00\" \/>\n<meta property=\"og:image\" content=\"https:\/\/diariodeloeste.com\/noticias\/wp-content\/uploads\/2022\/05\/menendez-2.jpg\" \/>\n\t<meta property=\"og:image:width\" content=\"1600\" \/>\n\t<meta property=\"og:image:height\" content=\"1100\" \/>\n\t<meta property=\"og:image:type\" content=\"image\/jpeg\" \/>\n<meta name=\"author\" content=\"Redaccion\" \/>\n<meta name=\"twitter:card\" content=\"summary_large_image\" \/>\n<meta name=\"twitter:label1\" content=\"Escrito por\" \/>\n\t<meta name=\"twitter:data1\" content=\"Redaccion\" \/>\n\t<meta name=\"twitter:label2\" content=\"Tiempo de lectura\" \/>\n\t<meta name=\"twitter:data2\" content=\"3 minutos\" \/>\n<script type=\"application\/ld+json\" class=\"yoast-schema-graph\">{\"@context\":\"https:\\\/\\\/schema.org\",\"@graph\":[{\"@type\":\"Article\",\"@id\":\"https:\\\/\\\/diariodeloeste.com\\\/noticias\\\/2022\\\/05\\\/23\\\/legisladores-e-intendentes-peronistas-con-fuerte-agenda-en-estados-unidos\\\/#article\",\"isPartOf\":{\"@id\":\"https:\\\/\\\/diariodeloeste.com\\\/noticias\\\/2022\\\/05\\\/23\\\/legisladores-e-intendentes-peronistas-con-fuerte-agenda-en-estados-unidos\\\/\"},\"author\":{\"name\":\"Redaccion\",\"@id\":\"https:\\\/\\\/diariodeloeste.com\\\/noticias\\\/#\\\/schema\\\/person\\\/1f7be965f8c093432e1cbfcee0ac4047\"},\"headline\":\"LEGISLADORES E INTENDENTES PERONISTAS CON FUERTE AGENDA EN ESTADOS UNIDOS\",\"datePublished\":\"2022-05-23T12:56:26+00:00\",\"mainEntityOfPage\":{\"@id\":\"https:\\\/\\\/diariodeloeste.com\\\/noticias\\\/2022\\\/05\\\/23\\\/legisladores-e-intendentes-peronistas-con-fuerte-agenda-en-estados-unidos\\\/\"},\"wordCount\":630,\"publisher\":{\"@id\":\"https:\\\/\\\/diariodeloeste.com\\\/noticias\\\/#organization\"},\"image\":{\"@id\":\"https:\\\/\\\/diariodeloeste.com\\\/noticias\\\/2022\\\/05\\\/23\\\/legisladores-e-intendentes-peronistas-con-fuerte-agenda-en-estados-unidos\\\/#primaryimage\"},\"thumbnailUrl\":\"https:\\\/\\\/diariodeloeste.com\\\/noticias\\\/wp-content\\\/uploads\\\/2022\\\/05\\\/menendez-2.jpg\",\"keywords\":[\"Grupo Bapro\",\"gustavo menendez\",\"Luis Almagro\",\"Municipio de merlo\"],\"articleSection\":[\"Merlo\",\"Titulares\"],\"inLanguage\":\"es-AR\"},{\"@type\":\"WebPage\",\"@id\":\"https:\\\/\\\/diariodeloeste.com\\\/noticias\\\/2022\\\/05\\\/23\\\/legisladores-e-intendentes-peronistas-con-fuerte-agenda-en-estados-unidos\\\/\",\"url\":\"https:\\\/\\\/diariodeloeste.com\\\/noticias\\\/2022\\\/05\\\/23\\\/legisladores-e-intendentes-peronistas-con-fuerte-agenda-en-estados-unidos\\\/\",\"name\":\"LEGISLADORES E INTENDENTES PERONISTAS CON FUERTE AGENDA EN ESTADOS UNIDOS - Diario del Oeste\",\"isPartOf\":{\"@id\":\"https:\\\/\\\/diariodeloeste.com\\\/noticias\\\/#website\"},\"primaryImageOfPage\":{\"@id\":\"https:\\\/\\\/diariodeloeste.com\\\/noticias\\\/2022\\\/05\\\/23\\\/legisladores-e-intendentes-peronistas-con-fuerte-agenda-en-estados-unidos\\\/#primaryimage\"},\"image\":{\"@id\":\"https:\\\/\\\/diariodeloeste.com\\\/noticias\\\/2022\\\/05\\\/23\\\/legisladores-e-intendentes-peronistas-con-fuerte-agenda-en-estados-unidos\\\/#primaryimage\"},\"thumbnailUrl\":\"https:\\\/\\\/diariodeloeste.com\\\/noticias\\\/wp-content\\\/uploads\\\/2022\\\/05\\\/menendez-2.jpg\",\"datePublished\":\"2022-05-23T12:56:26+00:00\",\"breadcrumb\":{\"@id\":\"https:\\\/\\\/diariodeloeste.com\\\/noticias\\\/2022\\\/05\\\/23\\\/legisladores-e-intendentes-peronistas-con-fuerte-agenda-en-estados-unidos\\\/#breadcrumb\"},\"inLanguage\":\"es-AR\",\"potentialAction\":[{\"@type\":\"ReadAction\",\"target\":[\"https:\\\/\\\/diariodeloeste.com\\\/noticias\\\/2022\\\/05\\\/23\\\/legisladores-e-intendentes-peronistas-con-fuerte-agenda-en-estados-unidos\\\/\"]}]},{\"@type\":\"ImageObject\",\"inLanguage\":\"es-AR\",\"@id\":\"https:\\\/\\\/diariodeloeste.com\\\/noticias\\\/2022\\\/05\\\/23\\\/legisladores-e-intendentes-peronistas-con-fuerte-agenda-en-estados-unidos\\\/#primaryimage\",\"url\":\"https:\\\/\\\/diariodeloeste.com\\\/noticias\\\/wp-content\\\/uploads\\\/2022\\\/05\\\/menendez-2.jpg\",\"contentUrl\":\"https:\\\/\\\/diariodeloeste.com\\\/noticias\\\/wp-content\\\/uploads\\\/2022\\\/05\\\/menendez-2.jpg\",\"width\":1600,\"height\":1100},{\"@type\":\"BreadcrumbList\",\"@id\":\"https:\\\/\\\/diariodeloeste.com\\\/noticias\\\/2022\\\/05\\\/23\\\/legisladores-e-intendentes-peronistas-con-fuerte-agenda-en-estados-unidos\\\/#breadcrumb\",\"itemListElement\":[{\"@type\":\"ListItem\",\"position\":1,\"name\":\"Inicio\",\"item\":\"https:\\\/\\\/diariodeloeste.com\\\/noticias\\\/\"},{\"@type\":\"ListItem\",\"position\":2,\"name\":\"LEGISLADORES E INTENDENTES PERONISTAS CON FUERTE AGENDA EN ESTADOS UNIDOS\"}]},{\"@type\":\"WebSite\",\"@id\":\"https:\\\/\\\/diariodeloeste.com\\\/noticias\\\/#website\",\"url\":\"https:\\\/\\\/diariodeloeste.com\\\/noticias\\\/\",\"name\":\"Diario del Oeste\",\"description\":\"Noticias del Oeste\",\"publisher\":{\"@id\":\"https:\\\/\\\/diariodeloeste.com\\\/noticias\\\/#organization\"},\"potentialAction\":[{\"@type\":\"SearchAction\",\"target\":{\"@type\":\"EntryPoint\",\"urlTemplate\":\"https:\\\/\\\/diariodeloeste.com\\\/noticias\\\/?s={search_term_string}\"},\"query-input\":{\"@type\":\"PropertyValueSpecification\",\"valueRequired\":true,\"valueName\":\"search_term_string\"}}],\"inLanguage\":\"es-AR\"},{\"@type\":\"Organization\",\"@id\":\"https:\\\/\\\/diariodeloeste.com\\\/noticias\\\/#organization\",\"name\":\"Diario del Oeste\",\"url\":\"https:\\\/\\\/diariodeloeste.com\\\/noticias\\\/\",\"logo\":{\"@type\":\"ImageObject\",\"inLanguage\":\"es-AR\",\"@id\":\"https:\\\/\\\/diariodeloeste.com\\\/noticias\\\/#\\\/schema\\\/logo\\\/image\\\/\",\"url\":\"https:\\\/\\\/diariodeloeste.com\\\/noticias\\\/wp-content\\\/uploads\\\/2019\\\/04\\\/logo.png\",\"contentUrl\":\"https:\\\/\\\/diariodeloeste.com\\\/noticias\\\/wp-content\\\/uploads\\\/2019\\\/04\\\/logo.png\",\"width\":306,\"height\":145,\"caption\":\"Diario del Oeste\"},\"image\":{\"@id\":\"https:\\\/\\\/diariodeloeste.com\\\/noticias\\\/#\\\/schema\\\/logo\\\/image\\\/\"}},{\"@type\":\"Person\",\"@id\":\"https:\\\/\\\/diariodeloeste.com\\\/noticias\\\/#\\\/schema\\\/person\\\/1f7be965f8c093432e1cbfcee0ac4047\",\"name\":\"Redaccion\",\"image\":{\"@type\":\"ImageObject\",\"inLanguage\":\"es-AR\",\"@id\":\"https:\\\/\\\/secure.gravatar.com\\\/avatar\\\/f9bc3a12e26b32d818d88f9a5b61de20b559752e499df507efa7ea3cea0550ef?s=96&d=mm&r=g\",\"url\":\"https:\\\/\\\/secure.gravatar.com\\\/avatar\\\/f9bc3a12e26b32d818d88f9a5b61de20b559752e499df507efa7ea3cea0550ef?s=96&d=mm&r=g\",\"contentUrl\":\"https:\\\/\\\/secure.gravatar.com\\\/avatar\\\/f9bc3a12e26b32d818d88f9a5b61de20b559752e499df507efa7ea3cea0550ef?s=96&d=mm&r=g\",\"caption\":\"Redaccion\"},\"url\":\"https:\\\/\\\/diariodeloeste.com\\\/noticias\\\/author\\\/redaccion\\\/\"}]}<\/script>\n<!-- \/ Yoast SEO plugin. -->","yoast_head_json":{"title":"LEGISLADORES E INTENDENTES PERONISTAS CON FUERTE AGENDA EN ESTADOS UNIDOS - Diario del Oeste","robots":{"index":"index","follow":"follow","max-snippet":"max-snippet:-1","max-image-preview":"max-image-preview:large","max-video-preview":"max-video-preview:-1"},"canonical":"https:\/\/diariodeloeste.com\/noticias\/2022\/05\/23\/legisladores-e-intendentes-peronistas-con-fuerte-agenda-en-estados-unidos\/","og_locale":"es_ES","og_type":"article","og_title":"LEGISLADORES E INTENDENTES PERONISTAS CON FUERTE AGENDA EN ESTADOS UNIDOS - Diario del Oeste","og_description":"Gustavo Men\u00e9ndez, actual presidente del Grupo Provincia, se reuni\u00f3 por segunda vez con Luis Almagro, el actual titular de la Organizaci\u00f3n de los Estados Americanos (OEA). En esta ocasi\u00f3n, el presidente del Grupo Provincia Gustavo Men\u00e9ndez asisti\u00f3 como coordinador de una importante delegaci\u00f3n del peronismo bonaerense a Estados Unidos. Asistieron el diputado provincial por la [&hellip;]","og_url":"https:\/\/diariodeloeste.com\/noticias\/2022\/05\/23\/legisladores-e-intendentes-peronistas-con-fuerte-agenda-en-estados-unidos\/","og_site_name":"Diario del Oeste","article_published_time":"2022-05-23T12:56:26+00:00","og_image":[{"width":1600,"height":1100,"url":"https:\/\/diariodeloeste.com\/noticias\/wp-content\/uploads\/2022\/05\/menendez-2.jpg","type":"image\/jpeg"}],"author":"Redaccion","twitter_card":"summary_large_image","twitter_misc":{"Escrito por":"Redaccion","Tiempo de lectura":"3 minutos"},"schema":{"@context":"https:\/\/schema.org","@graph":[{"@type":"Article","@id":"https:\/\/diariodeloeste.com\/noticias\/2022\/05\/23\/legisladores-e-intendentes-peronistas-con-fuerte-agenda-en-estados-unidos\/#article","isPartOf":{"@id":"https:\/\/diariodeloeste.com\/noticias\/2022\/05\/23\/legisladores-e-intendentes-peronistas-con-fuerte-agenda-en-estados-unidos\/"},"author":{"name":"Redaccion","@id":"https:\/\/diariodeloeste.com\/noticias\/#\/schema\/person\/1f7be965f8c093432e1cbfcee0ac4047"},"headline":"LEGISLADORES E INTENDENTES PERONISTAS CON FUERTE AGENDA EN ESTADOS UNIDOS","datePublished":"2022-05-23T12:56:26+00:00","mainEntityOfPage":{"@id":"https:\/\/diariodeloeste.com\/noticias\/2022\/05\/23\/legisladores-e-intendentes-peronistas-con-fuerte-agenda-en-estados-unidos\/"},"wordCount":630,"publisher":{"@id":"https:\/\/diariodeloeste.com\/noticias\/#organization"},"image":{"@id":"https:\/\/diariodeloeste.com\/noticias\/2022\/05\/23\/legisladores-e-intendentes-peronistas-con-fuerte-agenda-en-estados-unidos\/#primaryimage"},"thumbnailUrl":"https:\/\/diariodeloeste.com\/noticias\/wp-content\/uploads\/2022\/05\/menendez-2.jpg","keywords":["Grupo Bapro","gustavo menendez","Luis Almagro","Municipio de merlo"],"articleSection":["Merlo","Titulares"],"inLanguage":"es-AR"},{"@type":"WebPage","@id":"https:\/\/diariodeloeste.com\/noticias\/2022\/05\/23\/legisladores-e-intendentes-peronistas-con-fuerte-agenda-en-estados-unidos\/","url":"https:\/\/diariodeloeste.com\/noticias\/2022\/05\/23\/legisladores-e-intendentes-peronistas-con-fuerte-agenda-en-estados-unidos\/","name":"LEGISLADORES E INTENDENTES PERONISTAS CON FUERTE AGENDA EN ESTADOS UNIDOS - Diario del Oeste","isPartOf":{"@id":"https:\/\/diariodeloeste.com\/noticias\/#website"},"primaryImageOfPage":{"@id":"https:\/\/diariodeloeste.com\/noticias\/2022\/05\/23\/legisladores-e-intendentes-peronistas-con-fuerte-agenda-en-estados-unidos\/#primaryimage"},"image":{"@id":"https:\/\/diariodeloeste.com\/noticias\/2022\/05\/23\/legisladores-e-intendentes-peronistas-con-fuerte-agenda-en-estados-unidos\/#primaryimage"},"thumbnailUrl":"https:\/\/diariodeloeste.com\/noticias\/wp-content\/uploads\/2022\/05\/menendez-2.jpg","datePublished":"2022-05-23T12:56:26+00:00","breadcrumb":{"@id":"https:\/\/diariodeloeste.com\/noticias\/2022\/05\/23\/legisladores-e-intendentes-peronistas-con-fuerte-agenda-en-estados-unidos\/#breadcrumb"},"inLanguage":"es-AR","potentialAction":[{"@type":"ReadAction","target":["https:\/\/diariodeloeste.com\/noticias\/2022\/05\/23\/legisladores-e-intendentes-peronistas-con-fuerte-agenda-en-estados-unidos\/"]}]},{"@type":"ImageObject","inLanguage":"es-AR","@id":"https:\/\/diariodeloeste.com\/noticias\/2022\/05\/23\/legisladores-e-intendentes-peronistas-con-fuerte-agenda-en-estados-unidos\/#primaryimage","url":"https:\/\/diariodeloeste.com\/noticias\/wp-content\/uploads\/2022\/05\/menendez-2.jpg","contentUrl":"https:\/\/diariodeloeste.com\/noticias\/wp-content\/uploads\/2022\/05\/menendez-2.jpg","width":1600,"height":1100},{"@type":"BreadcrumbList","@id":"https:\/\/diariodeloeste.com\/noticias\/2022\/05\/23\/legisladores-e-intendentes-peronistas-con-fuerte-agenda-en-estados-unidos\/#breadcrumb","itemListElement":[{"@type":"ListItem","position":1,"name":"Inicio","item":"https:\/\/diariodeloeste.com\/noticias\/"},{"@type":"ListItem","position":2,"name":"LEGISLADORES E INTENDENTES PERONISTAS CON FUERTE AGENDA EN ESTADOS UNIDOS"}]},{"@type":"WebSite","@id":"https:\/\/diariodeloeste.com\/noticias\/#website","url":"https:\/\/diariodeloeste.com\/noticias\/","name":"Diario del Oeste","description":"Noticias del Oeste","publisher":{"@id":"https:\/\/diariodeloeste.com\/noticias\/#organization"},"potentialAction":[{"@type":"SearchAction","target":{"@type":"EntryPoint","urlTemplate":"https:\/\/diariodeloeste.com\/noticias\/?s={search_term_string}"},"query-input":{"@type":"PropertyValueSpecification","valueRequired":true,"valueName":"search_term_string"}}],"inLanguage":"es-AR"},{"@type":"Organization","@id":"https:\/\/diariodeloeste.com\/noticias\/#organization","name":"Diario del Oeste","url":"https:\/\/diariodeloeste.com\/noticias\/","logo":{"@type":"ImageObject","inLanguage":"es-AR","@id":"https:\/\/diariodeloeste.com\/noticias\/#\/schema\/logo\/image\/","url":"https:\/\/diariodeloeste.com\/noticias\/wp-content\/uploads\/2019\/04\/logo.png","contentUrl":"https:\/\/diariodeloeste.com\/noticias\/wp-content\/uploads\/2019\/04\/logo.png","width":306,"height":145,"caption":"Diario del Oeste"},"image":{"@id":"https:\/\/diariodeloeste.com\/noticias\/#\/schema\/logo\/image\/"}},{"@type":"Person","@id":"https:\/\/diariodeloeste.com\/noticias\/#\/schema\/person\/1f7be965f8c093432e1cbfcee0ac4047","name":"Redaccion","image":{"@type":"ImageObject","inLanguage":"es-AR","@id":"https:\/\/secure.gravatar.com\/avatar\/f9bc3a12e26b32d818d88f9a5b61de20b559752e499df507efa7ea3cea0550ef?s=96&d=mm&r=g","url":"https:\/\/secure.gravatar.com\/avatar\/f9bc3a12e26b32d818d88f9a5b61de20b559752e499df507efa7ea3cea0550ef?s=96&d=mm&r=g","contentUrl":"https:\/\/secure.gravatar.com\/avatar\/f9bc3a12e26b32d818d88f9a5b61de20b559752e499df507efa7ea3cea0550ef?s=96&d=mm&r=g","caption":"Redaccion"},"url":"https:\/\/diariodeloeste.com\/noticias\/author\/redaccion\/"}]}},"_links":{"self":[{"href":"https:\/\/diariodeloeste.com\/noticias\/wp-json\/wp\/v2\/posts\/7931","targetHints":{"allow":["GET"]}}],"collection":[{"href":"https:\/\/diariodeloeste.com\/noticias\/wp-json\/wp\/v2\/posts"}],"about":[{"href":"https:\/\/diariodeloeste.com\/noticias\/wp-json\/wp\/v2\/types\/post"}],"author":[{"embeddable":true,"href":"https:\/\/diariodeloeste.com\/noticias\/wp-json\/wp\/v2\/users\/3"}],"replies":[{"embeddable":true,"href":"https:\/\/diariodeloeste.com\/noticias\/wp-json\/wp\/v2\/comments?post=7931"}],"version-history":[{"count":1,"href":"https:\/\/diariodeloeste.com\/noticias\/wp-json\/wp\/v2\/posts\/7931\/revisions"}],"predecessor-version":[{"id":7934,"href":"https:\/\/diariodeloeste.com\/noticias\/wp-json\/wp\/v2\/posts\/7931\/revisions\/7934"}],"wp:featuredmedia":[{"embeddable":true,"href":"https:\/\/diariodeloeste.com\/noticias\/wp-json\/wp\/v2\/media\/7933"}],"wp:attachment":[{"href":"https:\/\/diariodeloeste.com\/noticias\/wp-json\/wp\/v2\/media?parent=7931"}],"wp:term":[{"taxonomy":"category","embeddable":true,"href":"https:\/\/diariodeloeste.com\/noticias\/wp-json\/wp\/v2\/categories?post=7931"},{"taxonomy":"post_tag","embeddable":true,"href":"https:\/\/diariodeloeste.com\/noticias\/wp-json\/wp\/v2\/tags?post=7931"}],"curies":[{"name":"wp","href":"https:\/\/api.w.org\/{rel}","templated":true}]}}