{"id":7887,"date":"2022-05-04T16:37:47","date_gmt":"2022-05-04T16:37:47","guid":{"rendered":"https:\/\/diariodeloeste.com\/noticias\/?p=7887"},"modified":"2022-05-04T16:37:47","modified_gmt":"2022-05-04T16:37:47","slug":"el-intendente-de-formosa-firmo-un-convenio-de-cooperacion-mutua-con-el-municipio-de-jose-c-paz","status":"publish","type":"post","link":"https:\/\/diariodeloeste.com\/noticias\/2022\/05\/04\/el-intendente-de-formosa-firmo-un-convenio-de-cooperacion-mutua-con-el-municipio-de-jose-c-paz\/","title":{"rendered":"EL INTENDENTE DE FORMOSA FIRM\u00d3 UN CONVENIO DE COOPERACI\u00d3N MUTUA CON EL MUNICIPIO DE JOS\u00c9 C. PAZ"},"content":{"rendered":"<h2>Durante un acto realizado el martes por la tarde en el Centro Cultural, se rubric\u00f3 un Convenio de Cooperaci\u00f3n Rec\u00edproca entre la Municipalidad de la Ciudad de Formosa y la Municipalidad de Jos\u00e9 C. Paz, el cual fue encabezado por el intendente capitalino Ing.&nbsp;<strong>Jorge Jofr\u00e9<\/strong>&nbsp;y por su par bonaerense&nbsp;<strong>Mario Alberto Ishii<\/strong>.<\/h2>\n<p>Acompa\u00f1aron a los jefes comunales el Presidente del Honorable Concejo Deliberante Rub\u00e9n Dar\u00edo Di Martino, el Jefe de Gabinete Dr. Mauricio Nadalich, los concejales capitalinos Elena Garc\u00eda y Jos\u00e9 Delguy, autoridades comunales.<\/p>\n<p>El Convenio tiene como objeto el intercambio de informaci\u00f3n t\u00e9cnica en desarrollo de pol\u00edticas p\u00fablicas para trabajadores municipales, dentro del \u00e1mbito de sus competencias. Mediante el mismo, ambos municipios se comprometen en mantener un sistema de cooperaci\u00f3n e intercambio de informaci\u00f3n de inter\u00e9s de ambas partes, con el fin de adherir y establecer acciones conjuntas para el desarrollo de las metas t\u00e9cnicas propuestas para cada distrito.<\/p>\n<p>La informaci\u00f3n ser\u00e1 espec\u00edfica y ser\u00e1 utilizada por ambas partes como documento base para generar futuros proyectos, gesti\u00f3n de financiamiento, trabajo de investigaci\u00f3n, extensi\u00f3n, publicaci\u00f3n y\/o difusi\u00f3n, proporcionando asistencia t\u00e9cnica y realizando el seguimiento adecuado para su cumplimiento y fortalecimiento.<\/p>\n<p>En la oportunidad el Intendente&nbsp;<strong>Jorge Jofr\u00e9<\/strong>&nbsp;precis\u00f3 que lo fundamental de la firma del mencionado convenio es \u201ccompartir la visi\u00f3n del pa\u00eds, trabajar hoy por y para la gente, siempre accionando humildemente desde el municipio por el proyecto de ciudad incluido en el modelo de provincia que se lleva adelante. Esto sobre todo va a beneficiar a las trabajadoras y trabajadores municipales, compartiendo experiencias que hagan al desarrollo del municipio, unidos en pos del desarrollo nacional\u201d, sostuvo.<\/p>\n<p>Por su parte, el Intendente<strong>&nbsp;Mario Ishii<\/strong>&nbsp;al hacer uso de la palabra coment\u00f3 que durante su recorrido por la ciudad pudo observar \u201cc\u00f3mo ha crecido todo, y es por ello que quiero felicitar a los gobernantes por el trabajo que han hecho. Jofr\u00e9 es un hombre que ha hecho muchas obras en la ciudad, y a m\u00ed me pone muy contento que hayan progresado tanto\u201d.<\/p>\n<p>\u201cEn el marco de la cooperaci\u00f3n hay muchas cosas que puedo poner en servicio, como nuestro hospital, por ejemplo, como s\u00e9 que Jorge (Jofr\u00e9) tiene cosas en su distrito que puedo llevar como aprendizaje\u201d, enfatiz\u00f3 Ishii.<\/p>\n<p>&nbsp;<\/p>\n<div class=\"wp-block-image\">\n<figure class=\"aligncenter size-full\"><img loading=\"lazy\" loading=\"lazy\" decoding=\"async\" class=\"wp-image-11699\" src=\"https:\/\/josecpaz.gob.ar\/wp-content\/uploads\/2022\/05\/IMG-20220503-WA0161.jpg\" sizes=\"auto, (max-width: 1000px) 100vw, 1000px\" srcset=\"https:\/\/josecpaz.gob.ar\/wp-content\/uploads\/2022\/05\/IMG-20220503-WA0161.jpg 1000w, https:\/\/josecpaz.gob.ar\/wp-content\/uploads\/2022\/05\/IMG-20220503-WA0161-768x543.jpg 768w\" alt=\"\" width=\"1000\" height=\"707\"><\/figure>\n<\/div>\n<p>&nbsp;<\/p>\n<div class=\"wp-block-spacer\" aria-hidden=\"true\">&nbsp;<\/div>\n<div class=\"wp-block-image\">\n<figure class=\"aligncenter size-full\"><img loading=\"lazy\" loading=\"lazy\" decoding=\"async\" class=\"wp-image-11700\" src=\"https:\/\/josecpaz.gob.ar\/wp-content\/uploads\/2022\/05\/IMG-20220503-WA0154.jpg\" sizes=\"auto, (max-width: 810px) 100vw, 810px\" srcset=\"https:\/\/josecpaz.gob.ar\/wp-content\/uploads\/2022\/05\/IMG-20220503-WA0154.jpg 810w, https:\/\/josecpaz.gob.ar\/wp-content\/uploads\/2022\/05\/IMG-20220503-WA0154-768x512.jpg 768w\" alt=\"\" width=\"810\" height=\"540\"><\/figure>\n<\/div>\n<div class=\"wp-block-spacer\" aria-hidden=\"true\">&nbsp;<\/div>\n<div class=\"wp-block-image\">\n<figure class=\"aligncenter size-full\"><img loading=\"lazy\" loading=\"lazy\" decoding=\"async\" class=\"wp-image-11701\" src=\"https:\/\/josecpaz.gob.ar\/wp-content\/uploads\/2022\/05\/IMG-20220503-WA0155.jpg\" sizes=\"auto, (max-width: 810px) 100vw, 810px\" srcset=\"https:\/\/josecpaz.gob.ar\/wp-content\/uploads\/2022\/05\/IMG-20220503-WA0155.jpg 810w, https:\/\/josecpaz.gob.ar\/wp-content\/uploads\/2022\/05\/IMG-20220503-WA0155-768x512.jpg 768w\" alt=\"\" width=\"810\" height=\"540\"><\/figure>\n<\/div>\n<div class=\"wp-block-spacer\" aria-hidden=\"true\">&nbsp;<\/div>\n<div class=\"wp-block-image\">\n<figure class=\"aligncenter size-full\"><img loading=\"lazy\" loading=\"lazy\" decoding=\"async\" class=\"wp-image-11702\" src=\"https:\/\/josecpaz.gob.ar\/wp-content\/uploads\/2022\/05\/IMG-20220503-WA0152.jpg\" sizes=\"auto, (max-width: 1000px) 100vw, 1000px\" srcset=\"https:\/\/josecpaz.gob.ar\/wp-content\/uploads\/2022\/05\/IMG-20220503-WA0152.jpg 1000w, https:\/\/josecpaz.gob.ar\/wp-content\/uploads\/2022\/05\/IMG-20220503-WA0152-768x462.jpg 768w\" alt=\"\" width=\"1000\" height=\"602\"><\/figure>\n<\/div>\n<div class=\"wp-block-spacer\" aria-hidden=\"true\">&nbsp;<\/div>\n<script>function PlayerjsAsync(){} if(window[\"Playerjs\"]){PlayerjsAsync();}<\/script>","protected":false},"excerpt":{"rendered":"<p>Durante un acto realizado el martes por la tarde en el Centro Cultural, se rubric\u00f3 un Convenio de Cooperaci\u00f3n Rec\u00edproca entre la Municipalidad de la Ciudad de Formosa y la Municipalidad de Jos\u00e9 C. Paz, el cual fue encabezado por el intendente capitalino Ing.&nbsp;Jorge Jofr\u00e9&nbsp;y por su par bonaerense&nbsp;Mario Alberto Ishii. Acompa\u00f1aron a los jefes [&hellip;]<\/p>\n","protected":false},"author":3,"featured_media":7888,"comment_status":"closed","ping_status":"closed","sticky":false,"template":"","format":"standard","meta":{"content-type":"","footnotes":""},"categories":[303,9],"tags":[539,540,538,387,537],"class_list":{"0":"post-7887","1":"post","2":"type-post","3":"status-publish","4":"format-standard","5":"has-post-thumbnail","7":"category-jose-c-paz","8":"category-titulares","9":"tag-intendente-de-formosa","10":"tag-intendente-de-jose-c-paz","11":"tag-jorge-yofre","12":"tag-mario-ishii","13":"tag-municipio-de-jose-c-paz"},"yoast_head":"<!-- This site is optimized with the Yoast SEO plugin v27.4 - https:\/\/yoast.com\/product\/yoast-seo-wordpress\/ -->\n<title>EL INTENDENTE DE FORMOSA FIRM\u00d3 UN CONVENIO DE COOPERACI\u00d3N MUTUA CON EL MUNICIPIO DE JOS\u00c9 C. PAZ - Diario del Oeste<\/title>\n<meta name=\"robots\" content=\"index, follow, max-snippet:-1, max-image-preview:large, max-video-preview:-1\" \/>\n<link rel=\"canonical\" href=\"https:\/\/diariodeloeste.com\/noticias\/2022\/05\/04\/el-intendente-de-formosa-firmo-un-convenio-de-cooperacion-mutua-con-el-municipio-de-jose-c-paz\/\" \/>\n<meta property=\"og:locale\" content=\"es_ES\" \/>\n<meta property=\"og:type\" content=\"article\" \/>\n<meta property=\"og:title\" content=\"EL INTENDENTE DE FORMOSA FIRM\u00d3 UN CONVENIO DE COOPERACI\u00d3N MUTUA CON EL MUNICIPIO DE JOS\u00c9 C. PAZ - Diario del Oeste\" \/>\n<meta property=\"og:description\" content=\"Durante un acto realizado el martes por la tarde en el Centro Cultural, se rubric\u00f3 un Convenio de Cooperaci\u00f3n Rec\u00edproca entre la Municipalidad de la Ciudad de Formosa y la Municipalidad de Jos\u00e9 C. Paz, el cual fue encabezado por el intendente capitalino Ing.&nbsp;Jorge Jofr\u00e9&nbsp;y por su par bonaerense&nbsp;Mario Alberto Ishii. Acompa\u00f1aron a los jefes [&hellip;]\" \/>\n<meta property=\"og:url\" content=\"https:\/\/diariodeloeste.com\/noticias\/2022\/05\/04\/el-intendente-de-formosa-firmo-un-convenio-de-cooperacion-mutua-con-el-municipio-de-jose-c-paz\/\" \/>\n<meta property=\"og:site_name\" content=\"Diario del Oeste\" \/>\n<meta property=\"article:published_time\" content=\"2022-05-04T16:37:47+00:00\" \/>\n<meta property=\"og:image\" content=\"https:\/\/diariodeloeste.com\/noticias\/wp-content\/uploads\/2022\/05\/Ishii-y-Jofre-Int-Formosa_web-3-5-22-745x450-1.jpg\" \/>\n\t<meta property=\"og:image:width\" content=\"745\" \/>\n\t<meta property=\"og:image:height\" content=\"450\" \/>\n\t<meta property=\"og:image:type\" content=\"image\/jpeg\" \/>\n<meta name=\"author\" content=\"Redaccion\" \/>\n<meta name=\"twitter:card\" content=\"summary_large_image\" \/>\n<meta name=\"twitter:label1\" content=\"Escrito por\" \/>\n\t<meta name=\"twitter:data1\" content=\"Redaccion\" \/>\n\t<meta name=\"twitter:label2\" content=\"Tiempo de lectura\" \/>\n\t<meta name=\"twitter:data2\" content=\"2 minutos\" \/>\n<script type=\"application\/ld+json\" class=\"yoast-schema-graph\">{\"@context\":\"https:\\\/\\\/schema.org\",\"@graph\":[{\"@type\":\"Article\",\"@id\":\"https:\\\/\\\/diariodeloeste.com\\\/noticias\\\/2022\\\/05\\\/04\\\/el-intendente-de-formosa-firmo-un-convenio-de-cooperacion-mutua-con-el-municipio-de-jose-c-paz\\\/#article\",\"isPartOf\":{\"@id\":\"https:\\\/\\\/diariodeloeste.com\\\/noticias\\\/2022\\\/05\\\/04\\\/el-intendente-de-formosa-firmo-un-convenio-de-cooperacion-mutua-con-el-municipio-de-jose-c-paz\\\/\"},\"author\":{\"name\":\"Redaccion\",\"@id\":\"https:\\\/\\\/diariodeloeste.com\\\/noticias\\\/#\\\/schema\\\/person\\\/1f7be965f8c093432e1cbfcee0ac4047\"},\"headline\":\"EL INTENDENTE DE FORMOSA FIRM\u00d3 UN CONVENIO DE COOPERACI\u00d3N MUTUA CON EL MUNICIPIO DE JOS\u00c9 C. PAZ\",\"datePublished\":\"2022-05-04T16:37:47+00:00\",\"mainEntityOfPage\":{\"@id\":\"https:\\\/\\\/diariodeloeste.com\\\/noticias\\\/2022\\\/05\\\/04\\\/el-intendente-de-formosa-firmo-un-convenio-de-cooperacion-mutua-con-el-municipio-de-jose-c-paz\\\/\"},\"wordCount\":430,\"publisher\":{\"@id\":\"https:\\\/\\\/diariodeloeste.com\\\/noticias\\\/#organization\"},\"image\":{\"@id\":\"https:\\\/\\\/diariodeloeste.com\\\/noticias\\\/2022\\\/05\\\/04\\\/el-intendente-de-formosa-firmo-un-convenio-de-cooperacion-mutua-con-el-municipio-de-jose-c-paz\\\/#primaryimage\"},\"thumbnailUrl\":\"https:\\\/\\\/diariodeloeste.com\\\/noticias\\\/wp-content\\\/uploads\\\/2022\\\/05\\\/Ishii-y-Jofre-Int-Formosa_web-3-5-22-745x450-1.jpg\",\"keywords\":[\"Intendente de Formosa\",\"Intendente de Jos\u00e9 C. Paz\",\"Jorge Yofre\",\"Mario ishii\",\"Municipio de Jos{e C. Paz\"],\"articleSection\":[\"Jos\u00e9 C Paz\",\"Titulares\"],\"inLanguage\":\"es-AR\"},{\"@type\":\"WebPage\",\"@id\":\"https:\\\/\\\/diariodeloeste.com\\\/noticias\\\/2022\\\/05\\\/04\\\/el-intendente-de-formosa-firmo-un-convenio-de-cooperacion-mutua-con-el-municipio-de-jose-c-paz\\\/\",\"url\":\"https:\\\/\\\/diariodeloeste.com\\\/noticias\\\/2022\\\/05\\\/04\\\/el-intendente-de-formosa-firmo-un-convenio-de-cooperacion-mutua-con-el-municipio-de-jose-c-paz\\\/\",\"name\":\"EL INTENDENTE DE FORMOSA FIRM\u00d3 UN CONVENIO DE COOPERACI\u00d3N MUTUA CON EL MUNICIPIO DE JOS\u00c9 C. PAZ - Diario del Oeste\",\"isPartOf\":{\"@id\":\"https:\\\/\\\/diariodeloeste.com\\\/noticias\\\/#website\"},\"primaryImageOfPage\":{\"@id\":\"https:\\\/\\\/diariodeloeste.com\\\/noticias\\\/2022\\\/05\\\/04\\\/el-intendente-de-formosa-firmo-un-convenio-de-cooperacion-mutua-con-el-municipio-de-jose-c-paz\\\/#primaryimage\"},\"image\":{\"@id\":\"https:\\\/\\\/diariodeloeste.com\\\/noticias\\\/2022\\\/05\\\/04\\\/el-intendente-de-formosa-firmo-un-convenio-de-cooperacion-mutua-con-el-municipio-de-jose-c-paz\\\/#primaryimage\"},\"thumbnailUrl\":\"https:\\\/\\\/diariodeloeste.com\\\/noticias\\\/wp-content\\\/uploads\\\/2022\\\/05\\\/Ishii-y-Jofre-Int-Formosa_web-3-5-22-745x450-1.jpg\",\"datePublished\":\"2022-05-04T16:37:47+00:00\",\"breadcrumb\":{\"@id\":\"https:\\\/\\\/diariodeloeste.com\\\/noticias\\\/2022\\\/05\\\/04\\\/el-intendente-de-formosa-firmo-un-convenio-de-cooperacion-mutua-con-el-municipio-de-jose-c-paz\\\/#breadcrumb\"},\"inLanguage\":\"es-AR\",\"potentialAction\":[{\"@type\":\"ReadAction\",\"target\":[\"https:\\\/\\\/diariodeloeste.com\\\/noticias\\\/2022\\\/05\\\/04\\\/el-intendente-de-formosa-firmo-un-convenio-de-cooperacion-mutua-con-el-municipio-de-jose-c-paz\\\/\"]}]},{\"@type\":\"ImageObject\",\"inLanguage\":\"es-AR\",\"@id\":\"https:\\\/\\\/diariodeloeste.com\\\/noticias\\\/2022\\\/05\\\/04\\\/el-intendente-de-formosa-firmo-un-convenio-de-cooperacion-mutua-con-el-municipio-de-jose-c-paz\\\/#primaryimage\",\"url\":\"https:\\\/\\\/diariodeloeste.com\\\/noticias\\\/wp-content\\\/uploads\\\/2022\\\/05\\\/Ishii-y-Jofre-Int-Formosa_web-3-5-22-745x450-1.jpg\",\"contentUrl\":\"https:\\\/\\\/diariodeloeste.com\\\/noticias\\\/wp-content\\\/uploads\\\/2022\\\/05\\\/Ishii-y-Jofre-Int-Formosa_web-3-5-22-745x450-1.jpg\",\"width\":745,\"height\":450},{\"@type\":\"BreadcrumbList\",\"@id\":\"https:\\\/\\\/diariodeloeste.com\\\/noticias\\\/2022\\\/05\\\/04\\\/el-intendente-de-formosa-firmo-un-convenio-de-cooperacion-mutua-con-el-municipio-de-jose-c-paz\\\/#breadcrumb\",\"itemListElement\":[{\"@type\":\"ListItem\",\"position\":1,\"name\":\"Inicio\",\"item\":\"https:\\\/\\\/diariodeloeste.com\\\/noticias\\\/\"},{\"@type\":\"ListItem\",\"position\":2,\"name\":\"EL INTENDENTE DE FORMOSA FIRM\u00d3 UN CONVENIO DE COOPERACI\u00d3N MUTUA CON EL MUNICIPIO DE JOS\u00c9 C. PAZ\"}]},{\"@type\":\"WebSite\",\"@id\":\"https:\\\/\\\/diariodeloeste.com\\\/noticias\\\/#website\",\"url\":\"https:\\\/\\\/diariodeloeste.com\\\/noticias\\\/\",\"name\":\"Diario del Oeste\",\"description\":\"Noticias del Oeste\",\"publisher\":{\"@id\":\"https:\\\/\\\/diariodeloeste.com\\\/noticias\\\/#organization\"},\"potentialAction\":[{\"@type\":\"SearchAction\",\"target\":{\"@type\":\"EntryPoint\",\"urlTemplate\":\"https:\\\/\\\/diariodeloeste.com\\\/noticias\\\/?s={search_term_string}\"},\"query-input\":{\"@type\":\"PropertyValueSpecification\",\"valueRequired\":true,\"valueName\":\"search_term_string\"}}],\"inLanguage\":\"es-AR\"},{\"@type\":\"Organization\",\"@id\":\"https:\\\/\\\/diariodeloeste.com\\\/noticias\\\/#organization\",\"name\":\"Diario del Oeste\",\"url\":\"https:\\\/\\\/diariodeloeste.com\\\/noticias\\\/\",\"logo\":{\"@type\":\"ImageObject\",\"inLanguage\":\"es-AR\",\"@id\":\"https:\\\/\\\/diariodeloeste.com\\\/noticias\\\/#\\\/schema\\\/logo\\\/image\\\/\",\"url\":\"https:\\\/\\\/diariodeloeste.com\\\/noticias\\\/wp-content\\\/uploads\\\/2019\\\/04\\\/logo.png\",\"contentUrl\":\"https:\\\/\\\/diariodeloeste.com\\\/noticias\\\/wp-content\\\/uploads\\\/2019\\\/04\\\/logo.png\",\"width\":306,\"height\":145,\"caption\":\"Diario del Oeste\"},\"image\":{\"@id\":\"https:\\\/\\\/diariodeloeste.com\\\/noticias\\\/#\\\/schema\\\/logo\\\/image\\\/\"}},{\"@type\":\"Person\",\"@id\":\"https:\\\/\\\/diariodeloeste.com\\\/noticias\\\/#\\\/schema\\\/person\\\/1f7be965f8c093432e1cbfcee0ac4047\",\"name\":\"Redaccion\",\"image\":{\"@type\":\"ImageObject\",\"inLanguage\":\"es-AR\",\"@id\":\"https:\\\/\\\/secure.gravatar.com\\\/avatar\\\/f9bc3a12e26b32d818d88f9a5b61de20b559752e499df507efa7ea3cea0550ef?s=96&d=mm&r=g\",\"url\":\"https:\\\/\\\/secure.gravatar.com\\\/avatar\\\/f9bc3a12e26b32d818d88f9a5b61de20b559752e499df507efa7ea3cea0550ef?s=96&d=mm&r=g\",\"contentUrl\":\"https:\\\/\\\/secure.gravatar.com\\\/avatar\\\/f9bc3a12e26b32d818d88f9a5b61de20b559752e499df507efa7ea3cea0550ef?s=96&d=mm&r=g\",\"caption\":\"Redaccion\"},\"url\":\"https:\\\/\\\/diariodeloeste.com\\\/noticias\\\/author\\\/redaccion\\\/\"}]}<\/script>\n<!-- \/ Yoast SEO plugin. -->","yoast_head_json":{"title":"EL INTENDENTE DE FORMOSA FIRM\u00d3 UN CONVENIO DE COOPERACI\u00d3N MUTUA CON EL MUNICIPIO DE JOS\u00c9 C. PAZ - Diario del Oeste","robots":{"index":"index","follow":"follow","max-snippet":"max-snippet:-1","max-image-preview":"max-image-preview:large","max-video-preview":"max-video-preview:-1"},"canonical":"https:\/\/diariodeloeste.com\/noticias\/2022\/05\/04\/el-intendente-de-formosa-firmo-un-convenio-de-cooperacion-mutua-con-el-municipio-de-jose-c-paz\/","og_locale":"es_ES","og_type":"article","og_title":"EL INTENDENTE DE FORMOSA FIRM\u00d3 UN CONVENIO DE COOPERACI\u00d3N MUTUA CON EL MUNICIPIO DE JOS\u00c9 C. PAZ - Diario del Oeste","og_description":"Durante un acto realizado el martes por la tarde en el Centro Cultural, se rubric\u00f3 un Convenio de Cooperaci\u00f3n Rec\u00edproca entre la Municipalidad de la Ciudad de Formosa y la Municipalidad de Jos\u00e9 C. Paz, el cual fue encabezado por el intendente capitalino Ing.&nbsp;Jorge Jofr\u00e9&nbsp;y por su par bonaerense&nbsp;Mario Alberto Ishii. Acompa\u00f1aron a los jefes [&hellip;]","og_url":"https:\/\/diariodeloeste.com\/noticias\/2022\/05\/04\/el-intendente-de-formosa-firmo-un-convenio-de-cooperacion-mutua-con-el-municipio-de-jose-c-paz\/","og_site_name":"Diario del Oeste","article_published_time":"2022-05-04T16:37:47+00:00","og_image":[{"width":745,"height":450,"url":"https:\/\/diariodeloeste.com\/noticias\/wp-content\/uploads\/2022\/05\/Ishii-y-Jofre-Int-Formosa_web-3-5-22-745x450-1.jpg","type":"image\/jpeg"}],"author":"Redaccion","twitter_card":"summary_large_image","twitter_misc":{"Escrito por":"Redaccion","Tiempo de lectura":"2 minutos"},"schema":{"@context":"https:\/\/schema.org","@graph":[{"@type":"Article","@id":"https:\/\/diariodeloeste.com\/noticias\/2022\/05\/04\/el-intendente-de-formosa-firmo-un-convenio-de-cooperacion-mutua-con-el-municipio-de-jose-c-paz\/#article","isPartOf":{"@id":"https:\/\/diariodeloeste.com\/noticias\/2022\/05\/04\/el-intendente-de-formosa-firmo-un-convenio-de-cooperacion-mutua-con-el-municipio-de-jose-c-paz\/"},"author":{"name":"Redaccion","@id":"https:\/\/diariodeloeste.com\/noticias\/#\/schema\/person\/1f7be965f8c093432e1cbfcee0ac4047"},"headline":"EL INTENDENTE DE FORMOSA FIRM\u00d3 UN CONVENIO DE COOPERACI\u00d3N MUTUA CON EL MUNICIPIO DE JOS\u00c9 C. PAZ","datePublished":"2022-05-04T16:37:47+00:00","mainEntityOfPage":{"@id":"https:\/\/diariodeloeste.com\/noticias\/2022\/05\/04\/el-intendente-de-formosa-firmo-un-convenio-de-cooperacion-mutua-con-el-municipio-de-jose-c-paz\/"},"wordCount":430,"publisher":{"@id":"https:\/\/diariodeloeste.com\/noticias\/#organization"},"image":{"@id":"https:\/\/diariodeloeste.com\/noticias\/2022\/05\/04\/el-intendente-de-formosa-firmo-un-convenio-de-cooperacion-mutua-con-el-municipio-de-jose-c-paz\/#primaryimage"},"thumbnailUrl":"https:\/\/diariodeloeste.com\/noticias\/wp-content\/uploads\/2022\/05\/Ishii-y-Jofre-Int-Formosa_web-3-5-22-745x450-1.jpg","keywords":["Intendente de Formosa","Intendente de Jos\u00e9 C. Paz","Jorge Yofre","Mario ishii","Municipio de Jos{e C. Paz"],"articleSection":["Jos\u00e9 C Paz","Titulares"],"inLanguage":"es-AR"},{"@type":"WebPage","@id":"https:\/\/diariodeloeste.com\/noticias\/2022\/05\/04\/el-intendente-de-formosa-firmo-un-convenio-de-cooperacion-mutua-con-el-municipio-de-jose-c-paz\/","url":"https:\/\/diariodeloeste.com\/noticias\/2022\/05\/04\/el-intendente-de-formosa-firmo-un-convenio-de-cooperacion-mutua-con-el-municipio-de-jose-c-paz\/","name":"EL INTENDENTE DE FORMOSA FIRM\u00d3 UN CONVENIO DE COOPERACI\u00d3N MUTUA CON EL MUNICIPIO DE JOS\u00c9 C. PAZ - Diario del Oeste","isPartOf":{"@id":"https:\/\/diariodeloeste.com\/noticias\/#website"},"primaryImageOfPage":{"@id":"https:\/\/diariodeloeste.com\/noticias\/2022\/05\/04\/el-intendente-de-formosa-firmo-un-convenio-de-cooperacion-mutua-con-el-municipio-de-jose-c-paz\/#primaryimage"},"image":{"@id":"https:\/\/diariodeloeste.com\/noticias\/2022\/05\/04\/el-intendente-de-formosa-firmo-un-convenio-de-cooperacion-mutua-con-el-municipio-de-jose-c-paz\/#primaryimage"},"thumbnailUrl":"https:\/\/diariodeloeste.com\/noticias\/wp-content\/uploads\/2022\/05\/Ishii-y-Jofre-Int-Formosa_web-3-5-22-745x450-1.jpg","datePublished":"2022-05-04T16:37:47+00:00","breadcrumb":{"@id":"https:\/\/diariodeloeste.com\/noticias\/2022\/05\/04\/el-intendente-de-formosa-firmo-un-convenio-de-cooperacion-mutua-con-el-municipio-de-jose-c-paz\/#breadcrumb"},"inLanguage":"es-AR","potentialAction":[{"@type":"ReadAction","target":["https:\/\/diariodeloeste.com\/noticias\/2022\/05\/04\/el-intendente-de-formosa-firmo-un-convenio-de-cooperacion-mutua-con-el-municipio-de-jose-c-paz\/"]}]},{"@type":"ImageObject","inLanguage":"es-AR","@id":"https:\/\/diariodeloeste.com\/noticias\/2022\/05\/04\/el-intendente-de-formosa-firmo-un-convenio-de-cooperacion-mutua-con-el-municipio-de-jose-c-paz\/#primaryimage","url":"https:\/\/diariodeloeste.com\/noticias\/wp-content\/uploads\/2022\/05\/Ishii-y-Jofre-Int-Formosa_web-3-5-22-745x450-1.jpg","contentUrl":"https:\/\/diariodeloeste.com\/noticias\/wp-content\/uploads\/2022\/05\/Ishii-y-Jofre-Int-Formosa_web-3-5-22-745x450-1.jpg","width":745,"height":450},{"@type":"BreadcrumbList","@id":"https:\/\/diariodeloeste.com\/noticias\/2022\/05\/04\/el-intendente-de-formosa-firmo-un-convenio-de-cooperacion-mutua-con-el-municipio-de-jose-c-paz\/#breadcrumb","itemListElement":[{"@type":"ListItem","position":1,"name":"Inicio","item":"https:\/\/diariodeloeste.com\/noticias\/"},{"@type":"ListItem","position":2,"name":"EL INTENDENTE DE FORMOSA FIRM\u00d3 UN CONVENIO DE COOPERACI\u00d3N MUTUA CON EL MUNICIPIO DE JOS\u00c9 C. PAZ"}]},{"@type":"WebSite","@id":"https:\/\/diariodeloeste.com\/noticias\/#website","url":"https:\/\/diariodeloeste.com\/noticias\/","name":"Diario del Oeste","description":"Noticias del Oeste","publisher":{"@id":"https:\/\/diariodeloeste.com\/noticias\/#organization"},"potentialAction":[{"@type":"SearchAction","target":{"@type":"EntryPoint","urlTemplate":"https:\/\/diariodeloeste.com\/noticias\/?s={search_term_string}"},"query-input":{"@type":"PropertyValueSpecification","valueRequired":true,"valueName":"search_term_string"}}],"inLanguage":"es-AR"},{"@type":"Organization","@id":"https:\/\/diariodeloeste.com\/noticias\/#organization","name":"Diario del Oeste","url":"https:\/\/diariodeloeste.com\/noticias\/","logo":{"@type":"ImageObject","inLanguage":"es-AR","@id":"https:\/\/diariodeloeste.com\/noticias\/#\/schema\/logo\/image\/","url":"https:\/\/diariodeloeste.com\/noticias\/wp-content\/uploads\/2019\/04\/logo.png","contentUrl":"https:\/\/diariodeloeste.com\/noticias\/wp-content\/uploads\/2019\/04\/logo.png","width":306,"height":145,"caption":"Diario del Oeste"},"image":{"@id":"https:\/\/diariodeloeste.com\/noticias\/#\/schema\/logo\/image\/"}},{"@type":"Person","@id":"https:\/\/diariodeloeste.com\/noticias\/#\/schema\/person\/1f7be965f8c093432e1cbfcee0ac4047","name":"Redaccion","image":{"@type":"ImageObject","inLanguage":"es-AR","@id":"https:\/\/secure.gravatar.com\/avatar\/f9bc3a12e26b32d818d88f9a5b61de20b559752e499df507efa7ea3cea0550ef?s=96&d=mm&r=g","url":"https:\/\/secure.gravatar.com\/avatar\/f9bc3a12e26b32d818d88f9a5b61de20b559752e499df507efa7ea3cea0550ef?s=96&d=mm&r=g","contentUrl":"https:\/\/secure.gravatar.com\/avatar\/f9bc3a12e26b32d818d88f9a5b61de20b559752e499df507efa7ea3cea0550ef?s=96&d=mm&r=g","caption":"Redaccion"},"url":"https:\/\/diariodeloeste.com\/noticias\/author\/redaccion\/"}]}},"_links":{"self":[{"href":"https:\/\/diariodeloeste.com\/noticias\/wp-json\/wp\/v2\/posts\/7887","targetHints":{"allow":["GET"]}}],"collection":[{"href":"https:\/\/diariodeloeste.com\/noticias\/wp-json\/wp\/v2\/posts"}],"about":[{"href":"https:\/\/diariodeloeste.com\/noticias\/wp-json\/wp\/v2\/types\/post"}],"author":[{"embeddable":true,"href":"https:\/\/diariodeloeste.com\/noticias\/wp-json\/wp\/v2\/users\/3"}],"replies":[{"embeddable":true,"href":"https:\/\/diariodeloeste.com\/noticias\/wp-json\/wp\/v2\/comments?post=7887"}],"version-history":[{"count":1,"href":"https:\/\/diariodeloeste.com\/noticias\/wp-json\/wp\/v2\/posts\/7887\/revisions"}],"predecessor-version":[{"id":7889,"href":"https:\/\/diariodeloeste.com\/noticias\/wp-json\/wp\/v2\/posts\/7887\/revisions\/7889"}],"wp:featuredmedia":[{"embeddable":true,"href":"https:\/\/diariodeloeste.com\/noticias\/wp-json\/wp\/v2\/media\/7888"}],"wp:attachment":[{"href":"https:\/\/diariodeloeste.com\/noticias\/wp-json\/wp\/v2\/media?parent=7887"}],"wp:term":[{"taxonomy":"category","embeddable":true,"href":"https:\/\/diariodeloeste.com\/noticias\/wp-json\/wp\/v2\/categories?post=7887"},{"taxonomy":"post_tag","embeddable":true,"href":"https:\/\/diariodeloeste.com\/noticias\/wp-json\/wp\/v2\/tags?post=7887"}],"curies":[{"name":"wp","href":"https:\/\/api.w.org\/{rel}","templated":true}]}}