{"id":7878,"date":"2022-04-29T14:45:08","date_gmt":"2022-04-29T14:45:08","guid":{"rendered":"https:\/\/diariodeloeste.com\/noticias\/?p=7878"},"modified":"2022-04-29T14:45:08","modified_gmt":"2022-04-29T14:45:08","slug":"el-intendente-ishii-puso-en-funciones-a-la-dra-yarila-alvarez-ortiz-en-la-direccion-general-del-hospital-de-la-mujer-y-el-nino-nelly-quiroga","status":"publish","type":"post","link":"https:\/\/diariodeloeste.com\/noticias\/2022\/04\/29\/el-intendente-ishii-puso-en-funciones-a-la-dra-yarila-alvarez-ortiz-en-la-direccion-general-del-hospital-de-la-mujer-y-el-nino-nelly-quiroga\/","title":{"rendered":"EL INTENDENTE ISHII PUSO EN FUNCIONES A LA DRA. YARILA \u00c1LVAREZ ORT\u00cdZ EN LA DIRECCI\u00d3N GENERAL DEL HOSPITAL DE LA MUJER Y EL NI\u00d1O \u201cNELLY QUIROGA\u201d"},"content":{"rendered":"<p>&nbsp;La&nbsp;<strong>Municipalidad de Jos\u00e9 C. Paz<\/strong>, conducida por el Sr. Intendente Municipal, Dr. H. C.&nbsp;<strong>Mario Ishii<\/strong>, informa que se intensifican los cambios en el gabinete municipal.<\/p>\n<p>El jefe comunal decret\u00f3 el nombramiento de la m\u00e9dica&nbsp;<strong>Dra. Yarila \u00c1LVAREZ ORT\u00cdZ<\/strong>&nbsp;como Directora General del Hospital de la Mujer y El Ni\u00f1o \u201cNelly Quiroga\u201d, ante el crecimiento en la demanda de mujeres y ni\u00f1os en su mayor\u00eda, sin exceptuar algunos hombres, que utilizan los servicios del nosocomio especializado en patolog\u00edas de la mujer y pedi\u00e1tricas.<\/p>\n<p>El equipamiento de \u00faltima tecnolog\u00eda del Hospital con su grupo de profesionales id\u00f3neos representa una mejora en la calidad de atenci\u00f3n para los pacientes, estudios como:&nbsp;<em>Tomograf\u00eda; Ecograf\u00eda; Radiolog\u00eda; Mamograf\u00eda; Internaci\u00f3n; Pediatr\u00eda; Guardia Pedi\u00e1trica y Ginecol\u00f3gica<\/em>&nbsp;las 24 horas del d\u00eda, los 365 d\u00edas del a\u00f1o;&nbsp;<em>Kinesiolog\u00eda<\/em>&nbsp;(sala de kinesiolog\u00eda y fisioterapia de punta para rehabilitar lesiones musculo- esquel\u00e9ticas, neurales y respiratorias, con un personal capacitado en cada patolog\u00eda);&nbsp;<em>Imagenolog\u00eda<\/em>&nbsp;(desde ecograf\u00eda simple hasta de alta complejidad, como lo es el Scan fetal y los Doppler uterinos y fetales);&nbsp;<em>Servicio de Trabajo Social<\/em>&nbsp;(realiza la tarea de hospital de salida, ocup\u00e1ndose de todos los casos sociales que ameriten ayuda y seguimiento);&nbsp;<em>Jornadas de Pap y Colposcop\u00eda<\/em>&nbsp;dos veces por semana; mensualmente se realiza colocaci\u00f3n de&nbsp;<em>M\u00e9todos Anticonceptivos<\/em>&nbsp;e Implantes (chip) para chicas j\u00f3venes que desean prevenir el embarazo; tambi\u00e9n se encuentra el&nbsp;<em>Vacunatorio<\/em>&nbsp;de calendario todo el a\u00f1o y colocaci\u00f3n vacunas Covid-19.<\/p>\n<p>Con respecto a la tercera edad desde el hospital se realizan ecograf\u00edas, radiograf\u00edas y mamograf\u00edas a nuestros&nbsp;<em>Adultos Mayores<\/em>&nbsp;que utilizan P.A.M.I, gracias al recientemente inaugurado&nbsp;<em>Laboratorio Cl\u00ednico<\/em>.<\/p>\n<p>Estos cambios se efectuaron para incrementar el progreso que se viene consolidando en el distrito, sosteniendo el bienestar de los vecinos de Jos\u00e9 C. Paz y creando un sistema sanitario integrado m\u00e1s justo y equilibrado para todos.<\/p>\n<p><img loading=\"lazy\" decoding=\"async\" class=\"alignnone size-medium wp-image-7879\" src=\"https:\/\/diariodeloeste.com\/noticias\/wp-content\/uploads\/2022\/04\/Dra-Yarila-Alvarez-Ortiz-mjcp-2022-281x300.jpg\" alt=\"\" width=\"281\" height=\"300\" srcset=\"https:\/\/diariodeloeste.com\/noticias\/wp-content\/uploads\/2022\/04\/Dra-Yarila-Alvarez-Ortiz-mjcp-2022-281x300.jpg 281w, https:\/\/diariodeloeste.com\/noticias\/wp-content\/uploads\/2022\/04\/Dra-Yarila-Alvarez-Ortiz-mjcp-2022-959x1024.jpg 959w, https:\/\/diariodeloeste.com\/noticias\/wp-content\/uploads\/2022\/04\/Dra-Yarila-Alvarez-Ortiz-mjcp-2022-768x820.jpg 768w, https:\/\/diariodeloeste.com\/noticias\/wp-content\/uploads\/2022\/04\/Dra-Yarila-Alvarez-Ortiz-mjcp-2022-465x496.jpg 465w, https:\/\/diariodeloeste.com\/noticias\/wp-content\/uploads\/2022\/04\/Dra-Yarila-Alvarez-Ortiz-mjcp-2022-468x500.jpg 468w, https:\/\/diariodeloeste.com\/noticias\/wp-content\/uploads\/2022\/04\/Dra-Yarila-Alvarez-Ortiz-mjcp-2022.jpg 1078w\" sizes=\"auto, (max-width: 281px) 100vw, 281px\" \/><\/p>\n<h5>#TrabajamosPensandoEnVos<\/h5>\n<h5>#Jos\u00e9CPazCrece<\/h5>\n<p>&nbsp;<\/p>\n<script>function PlayerjsAsync(){} if(window[\"Playerjs\"]){PlayerjsAsync();}<\/script>","protected":false},"excerpt":{"rendered":"<p>&nbsp;La&nbsp;Municipalidad de Jos\u00e9 C. Paz, conducida por el Sr. Intendente Municipal, Dr. H. C.&nbsp;Mario Ishii, informa que se intensifican los cambios en el gabinete municipal. El jefe comunal decret\u00f3 el nombramiento de la m\u00e9dica&nbsp;Dra. Yarila \u00c1LVAREZ ORT\u00cdZ&nbsp;como Directora General del Hospital de la Mujer y El Ni\u00f1o \u201cNelly Quiroga\u201d, ante el crecimiento en la demanda [&hellip;]<\/p>\n","protected":false},"author":3,"featured_media":7880,"comment_status":"closed","ping_status":"closed","sticky":false,"template":"","format":"standard","meta":{"content-type":"","footnotes":""},"categories":[303,188,9],"tags":[],"class_list":["post-7878","post","type-post","status-publish","format-standard","has-post-thumbnail","category-jose-c-paz","category-salud","category-titulares"],"yoast_head":"<!-- This site is optimized with the Yoast SEO plugin v28.1 - https:\/\/yoast.com\/product\/yoast-seo-wordpress\/ -->\n<title>EL INTENDENTE ISHII PUSO EN FUNCIONES A LA DRA. YARILA \u00c1LVAREZ ORT\u00cdZ EN LA DIRECCI\u00d3N GENERAL DEL HOSPITAL DE LA MUJER Y EL NI\u00d1O \u201cNELLY QUIROGA\u201d - Diario del Oeste<\/title>\n<meta name=\"robots\" content=\"index, follow, max-snippet:-1, max-image-preview:large, max-video-preview:-1\" \/>\n<link rel=\"canonical\" href=\"https:\/\/diariodeloeste.com\/noticias\/2022\/04\/29\/el-intendente-ishii-puso-en-funciones-a-la-dra-yarila-alvarez-ortiz-en-la-direccion-general-del-hospital-de-la-mujer-y-el-nino-nelly-quiroga\/\" \/>\n<meta property=\"og:locale\" content=\"es_ES\" \/>\n<meta property=\"og:type\" content=\"article\" \/>\n<meta property=\"og:title\" content=\"EL INTENDENTE ISHII PUSO EN FUNCIONES A LA DRA. YARILA \u00c1LVAREZ ORT\u00cdZ EN LA DIRECCI\u00d3N GENERAL DEL HOSPITAL DE LA MUJER Y EL NI\u00d1O \u201cNELLY QUIROGA\u201d - Diario del Oeste\" \/>\n<meta property=\"og:description\" content=\"&nbsp;La&nbsp;Municipalidad de Jos\u00e9 C. Paz, conducida por el Sr. Intendente Municipal, Dr. H. C.&nbsp;Mario Ishii, informa que se intensifican los cambios en el gabinete municipal. El jefe comunal decret\u00f3 el nombramiento de la m\u00e9dica&nbsp;Dra. Yarila \u00c1LVAREZ ORT\u00cdZ&nbsp;como Directora General del Hospital de la Mujer y El Ni\u00f1o \u201cNelly Quiroga\u201d, ante el crecimiento en la demanda [&hellip;]\" \/>\n<meta property=\"og:url\" content=\"https:\/\/diariodeloeste.com\/noticias\/2022\/04\/29\/el-intendente-ishii-puso-en-funciones-a-la-dra-yarila-alvarez-ortiz-en-la-direccion-general-del-hospital-de-la-mujer-y-el-nino-nelly-quiroga\/\" \/>\n<meta property=\"og:site_name\" content=\"Diario del Oeste\" \/>\n<meta property=\"article:published_time\" content=\"2022-04-29T14:45:08+00:00\" \/>\n<meta property=\"og:image\" content=\"https:\/\/diariodeloeste.com\/noticias\/wp-content\/uploads\/2022\/04\/Hospital-Mujer-y-El-Nino-fachada-1536x981-1.jpg\" \/>\n\t<meta property=\"og:image:width\" content=\"1536\" \/>\n\t<meta property=\"og:image:height\" content=\"981\" \/>\n\t<meta property=\"og:image:type\" content=\"image\/jpeg\" \/>\n<meta name=\"author\" content=\"Redaccion\" \/>\n<meta name=\"twitter:card\" content=\"summary_large_image\" \/>\n<meta name=\"twitter:label1\" content=\"Escrito por\" \/>\n\t<meta name=\"twitter:data1\" content=\"Redaccion\" \/>\n\t<meta name=\"twitter:label2\" content=\"Tiempo de lectura\" \/>\n\t<meta name=\"twitter:data2\" content=\"2 minutos\" \/>\n<script type=\"application\/ld+json\" class=\"yoast-schema-graph\">{\"@context\":\"https:\\\/\\\/schema.org\",\"@graph\":[{\"@type\":\"Article\",\"@id\":\"https:\\\/\\\/diariodeloeste.com\\\/noticias\\\/2022\\\/04\\\/29\\\/el-intendente-ishii-puso-en-funciones-a-la-dra-yarila-alvarez-ortiz-en-la-direccion-general-del-hospital-de-la-mujer-y-el-nino-nelly-quiroga\\\/#article\",\"isPartOf\":{\"@id\":\"https:\\\/\\\/diariodeloeste.com\\\/noticias\\\/2022\\\/04\\\/29\\\/el-intendente-ishii-puso-en-funciones-a-la-dra-yarila-alvarez-ortiz-en-la-direccion-general-del-hospital-de-la-mujer-y-el-nino-nelly-quiroga\\\/\"},\"author\":{\"name\":\"Redaccion\",\"@id\":\"https:\\\/\\\/diariodeloeste.com\\\/noticias\\\/#\\\/schema\\\/person\\\/1f7be965f8c093432e1cbfcee0ac4047\"},\"headline\":\"EL INTENDENTE ISHII PUSO EN FUNCIONES A LA DRA. YARILA \u00c1LVAREZ ORT\u00cdZ EN LA DIRECCI\u00d3N GENERAL DEL HOSPITAL DE LA MUJER Y EL NI\u00d1O \u201cNELLY QUIROGA\u201d\",\"datePublished\":\"2022-04-29T14:45:08+00:00\",\"mainEntityOfPage\":{\"@id\":\"https:\\\/\\\/diariodeloeste.com\\\/noticias\\\/2022\\\/04\\\/29\\\/el-intendente-ishii-puso-en-funciones-a-la-dra-yarila-alvarez-ortiz-en-la-direccion-general-del-hospital-de-la-mujer-y-el-nino-nelly-quiroga\\\/\"},\"wordCount\":397,\"publisher\":{\"@id\":\"https:\\\/\\\/diariodeloeste.com\\\/noticias\\\/#organization\"},\"image\":{\"@id\":\"https:\\\/\\\/diariodeloeste.com\\\/noticias\\\/2022\\\/04\\\/29\\\/el-intendente-ishii-puso-en-funciones-a-la-dra-yarila-alvarez-ortiz-en-la-direccion-general-del-hospital-de-la-mujer-y-el-nino-nelly-quiroga\\\/#primaryimage\"},\"thumbnailUrl\":\"https:\\\/\\\/diariodeloeste.com\\\/noticias\\\/wp-content\\\/uploads\\\/2022\\\/04\\\/Hospital-Mujer-y-El-Nino-fachada-1536x981-1.jpg\",\"articleSection\":[\"Jos\u00e9 C Paz\",\"Salud\",\"Titulares\"],\"inLanguage\":\"es-AR\"},{\"@type\":\"WebPage\",\"@id\":\"https:\\\/\\\/diariodeloeste.com\\\/noticias\\\/2022\\\/04\\\/29\\\/el-intendente-ishii-puso-en-funciones-a-la-dra-yarila-alvarez-ortiz-en-la-direccion-general-del-hospital-de-la-mujer-y-el-nino-nelly-quiroga\\\/\",\"url\":\"https:\\\/\\\/diariodeloeste.com\\\/noticias\\\/2022\\\/04\\\/29\\\/el-intendente-ishii-puso-en-funciones-a-la-dra-yarila-alvarez-ortiz-en-la-direccion-general-del-hospital-de-la-mujer-y-el-nino-nelly-quiroga\\\/\",\"name\":\"EL INTENDENTE ISHII PUSO EN FUNCIONES A LA DRA. YARILA \u00c1LVAREZ ORT\u00cdZ EN LA DIRECCI\u00d3N GENERAL DEL HOSPITAL DE LA MUJER Y EL NI\u00d1O \u201cNELLY QUIROGA\u201d - Diario del Oeste\",\"isPartOf\":{\"@id\":\"https:\\\/\\\/diariodeloeste.com\\\/noticias\\\/#website\"},\"primaryImageOfPage\":{\"@id\":\"https:\\\/\\\/diariodeloeste.com\\\/noticias\\\/2022\\\/04\\\/29\\\/el-intendente-ishii-puso-en-funciones-a-la-dra-yarila-alvarez-ortiz-en-la-direccion-general-del-hospital-de-la-mujer-y-el-nino-nelly-quiroga\\\/#primaryimage\"},\"image\":{\"@id\":\"https:\\\/\\\/diariodeloeste.com\\\/noticias\\\/2022\\\/04\\\/29\\\/el-intendente-ishii-puso-en-funciones-a-la-dra-yarila-alvarez-ortiz-en-la-direccion-general-del-hospital-de-la-mujer-y-el-nino-nelly-quiroga\\\/#primaryimage\"},\"thumbnailUrl\":\"https:\\\/\\\/diariodeloeste.com\\\/noticias\\\/wp-content\\\/uploads\\\/2022\\\/04\\\/Hospital-Mujer-y-El-Nino-fachada-1536x981-1.jpg\",\"datePublished\":\"2022-04-29T14:45:08+00:00\",\"breadcrumb\":{\"@id\":\"https:\\\/\\\/diariodeloeste.com\\\/noticias\\\/2022\\\/04\\\/29\\\/el-intendente-ishii-puso-en-funciones-a-la-dra-yarila-alvarez-ortiz-en-la-direccion-general-del-hospital-de-la-mujer-y-el-nino-nelly-quiroga\\\/#breadcrumb\"},\"inLanguage\":\"es-AR\",\"potentialAction\":[{\"@type\":\"ReadAction\",\"target\":[\"https:\\\/\\\/diariodeloeste.com\\\/noticias\\\/2022\\\/04\\\/29\\\/el-intendente-ishii-puso-en-funciones-a-la-dra-yarila-alvarez-ortiz-en-la-direccion-general-del-hospital-de-la-mujer-y-el-nino-nelly-quiroga\\\/\"]}]},{\"@type\":\"ImageObject\",\"inLanguage\":\"es-AR\",\"@id\":\"https:\\\/\\\/diariodeloeste.com\\\/noticias\\\/2022\\\/04\\\/29\\\/el-intendente-ishii-puso-en-funciones-a-la-dra-yarila-alvarez-ortiz-en-la-direccion-general-del-hospital-de-la-mujer-y-el-nino-nelly-quiroga\\\/#primaryimage\",\"url\":\"https:\\\/\\\/diariodeloeste.com\\\/noticias\\\/wp-content\\\/uploads\\\/2022\\\/04\\\/Hospital-Mujer-y-El-Nino-fachada-1536x981-1.jpg\",\"contentUrl\":\"https:\\\/\\\/diariodeloeste.com\\\/noticias\\\/wp-content\\\/uploads\\\/2022\\\/04\\\/Hospital-Mujer-y-El-Nino-fachada-1536x981-1.jpg\",\"width\":1536,\"height\":981},{\"@type\":\"BreadcrumbList\",\"@id\":\"https:\\\/\\\/diariodeloeste.com\\\/noticias\\\/2022\\\/04\\\/29\\\/el-intendente-ishii-puso-en-funciones-a-la-dra-yarila-alvarez-ortiz-en-la-direccion-general-del-hospital-de-la-mujer-y-el-nino-nelly-quiroga\\\/#breadcrumb\",\"itemListElement\":[{\"@type\":\"ListItem\",\"position\":1,\"name\":\"Inicio\",\"item\":\"https:\\\/\\\/diariodeloeste.com\\\/noticias\\\/\"},{\"@type\":\"ListItem\",\"position\":2,\"name\":\"EL INTENDENTE ISHII PUSO EN FUNCIONES A LA DRA. YARILA \u00c1LVAREZ ORT\u00cdZ EN LA DIRECCI\u00d3N GENERAL DEL HOSPITAL DE LA MUJER Y EL NI\u00d1O \u201cNELLY QUIROGA\u201d\"}]},{\"@type\":\"WebSite\",\"@id\":\"https:\\\/\\\/diariodeloeste.com\\\/noticias\\\/#website\",\"url\":\"https:\\\/\\\/diariodeloeste.com\\\/noticias\\\/\",\"name\":\"Diario del Oeste\",\"description\":\"Noticias del Oeste\",\"publisher\":{\"@id\":\"https:\\\/\\\/diariodeloeste.com\\\/noticias\\\/#organization\"},\"potentialAction\":[{\"@type\":\"SearchAction\",\"target\":{\"@type\":\"EntryPoint\",\"urlTemplate\":\"https:\\\/\\\/diariodeloeste.com\\\/noticias\\\/?s={search_term_string}\"},\"query-input\":{\"@type\":\"PropertyValueSpecification\",\"valueRequired\":true,\"valueName\":\"search_term_string\"}}],\"inLanguage\":\"es-AR\"},{\"@type\":\"Organization\",\"@id\":\"https:\\\/\\\/diariodeloeste.com\\\/noticias\\\/#organization\",\"name\":\"Diario del Oeste\",\"url\":\"https:\\\/\\\/diariodeloeste.com\\\/noticias\\\/\",\"logo\":{\"@type\":\"ImageObject\",\"inLanguage\":\"es-AR\",\"@id\":\"https:\\\/\\\/diariodeloeste.com\\\/noticias\\\/#\\\/schema\\\/logo\\\/image\\\/\",\"url\":\"https:\\\/\\\/diariodeloeste.com\\\/noticias\\\/wp-content\\\/uploads\\\/2019\\\/04\\\/logo.png\",\"contentUrl\":\"https:\\\/\\\/diariodeloeste.com\\\/noticias\\\/wp-content\\\/uploads\\\/2019\\\/04\\\/logo.png\",\"width\":306,\"height\":145,\"caption\":\"Diario del Oeste\"},\"image\":{\"@id\":\"https:\\\/\\\/diariodeloeste.com\\\/noticias\\\/#\\\/schema\\\/logo\\\/image\\\/\"}},{\"@type\":\"Person\",\"@id\":\"https:\\\/\\\/diariodeloeste.com\\\/noticias\\\/#\\\/schema\\\/person\\\/1f7be965f8c093432e1cbfcee0ac4047\",\"name\":\"Redaccion\",\"image\":{\"@type\":\"ImageObject\",\"inLanguage\":\"es-AR\",\"@id\":\"https:\\\/\\\/secure.gravatar.com\\\/avatar\\\/f9bc3a12e26b32d818d88f9a5b61de20b559752e499df507efa7ea3cea0550ef?s=96&d=mm&r=g\",\"url\":\"https:\\\/\\\/secure.gravatar.com\\\/avatar\\\/f9bc3a12e26b32d818d88f9a5b61de20b559752e499df507efa7ea3cea0550ef?s=96&d=mm&r=g\",\"contentUrl\":\"https:\\\/\\\/secure.gravatar.com\\\/avatar\\\/f9bc3a12e26b32d818d88f9a5b61de20b559752e499df507efa7ea3cea0550ef?s=96&d=mm&r=g\",\"caption\":\"Redaccion\"},\"url\":\"https:\\\/\\\/diariodeloeste.com\\\/noticias\\\/author\\\/redaccion\\\/\"}]}<\/script>\n<!-- \/ Yoast SEO plugin. -->","yoast_head_json":{"title":"EL INTENDENTE ISHII PUSO EN FUNCIONES A LA DRA. YARILA \u00c1LVAREZ ORT\u00cdZ EN LA DIRECCI\u00d3N GENERAL DEL HOSPITAL DE LA MUJER Y EL NI\u00d1O \u201cNELLY QUIROGA\u201d - Diario del Oeste","robots":{"index":"index","follow":"follow","max-snippet":"max-snippet:-1","max-image-preview":"max-image-preview:large","max-video-preview":"max-video-preview:-1"},"canonical":"https:\/\/diariodeloeste.com\/noticias\/2022\/04\/29\/el-intendente-ishii-puso-en-funciones-a-la-dra-yarila-alvarez-ortiz-en-la-direccion-general-del-hospital-de-la-mujer-y-el-nino-nelly-quiroga\/","og_locale":"es_ES","og_type":"article","og_title":"EL INTENDENTE ISHII PUSO EN FUNCIONES A LA DRA. YARILA \u00c1LVAREZ ORT\u00cdZ EN LA DIRECCI\u00d3N GENERAL DEL HOSPITAL DE LA MUJER Y EL NI\u00d1O \u201cNELLY QUIROGA\u201d - Diario del Oeste","og_description":"&nbsp;La&nbsp;Municipalidad de Jos\u00e9 C. Paz, conducida por el Sr. Intendente Municipal, Dr. H. C.&nbsp;Mario Ishii, informa que se intensifican los cambios en el gabinete municipal. El jefe comunal decret\u00f3 el nombramiento de la m\u00e9dica&nbsp;Dra. Yarila \u00c1LVAREZ ORT\u00cdZ&nbsp;como Directora General del Hospital de la Mujer y El Ni\u00f1o \u201cNelly Quiroga\u201d, ante el crecimiento en la demanda [&hellip;]","og_url":"https:\/\/diariodeloeste.com\/noticias\/2022\/04\/29\/el-intendente-ishii-puso-en-funciones-a-la-dra-yarila-alvarez-ortiz-en-la-direccion-general-del-hospital-de-la-mujer-y-el-nino-nelly-quiroga\/","og_site_name":"Diario del Oeste","article_published_time":"2022-04-29T14:45:08+00:00","og_image":[{"width":1536,"height":981,"url":"https:\/\/diariodeloeste.com\/noticias\/wp-content\/uploads\/2022\/04\/Hospital-Mujer-y-El-Nino-fachada-1536x981-1.jpg","type":"image\/jpeg"}],"author":"Redaccion","twitter_card":"summary_large_image","twitter_misc":{"Escrito por":"Redaccion","Tiempo de lectura":"2 minutos"},"schema":{"@context":"https:\/\/schema.org","@graph":[{"@type":"Article","@id":"https:\/\/diariodeloeste.com\/noticias\/2022\/04\/29\/el-intendente-ishii-puso-en-funciones-a-la-dra-yarila-alvarez-ortiz-en-la-direccion-general-del-hospital-de-la-mujer-y-el-nino-nelly-quiroga\/#article","isPartOf":{"@id":"https:\/\/diariodeloeste.com\/noticias\/2022\/04\/29\/el-intendente-ishii-puso-en-funciones-a-la-dra-yarila-alvarez-ortiz-en-la-direccion-general-del-hospital-de-la-mujer-y-el-nino-nelly-quiroga\/"},"author":{"name":"Redaccion","@id":"https:\/\/diariodeloeste.com\/noticias\/#\/schema\/person\/1f7be965f8c093432e1cbfcee0ac4047"},"headline":"EL INTENDENTE ISHII PUSO EN FUNCIONES A LA DRA. YARILA \u00c1LVAREZ ORT\u00cdZ EN LA DIRECCI\u00d3N GENERAL DEL HOSPITAL DE LA MUJER Y EL NI\u00d1O \u201cNELLY QUIROGA\u201d","datePublished":"2022-04-29T14:45:08+00:00","mainEntityOfPage":{"@id":"https:\/\/diariodeloeste.com\/noticias\/2022\/04\/29\/el-intendente-ishii-puso-en-funciones-a-la-dra-yarila-alvarez-ortiz-en-la-direccion-general-del-hospital-de-la-mujer-y-el-nino-nelly-quiroga\/"},"wordCount":397,"publisher":{"@id":"https:\/\/diariodeloeste.com\/noticias\/#organization"},"image":{"@id":"https:\/\/diariodeloeste.com\/noticias\/2022\/04\/29\/el-intendente-ishii-puso-en-funciones-a-la-dra-yarila-alvarez-ortiz-en-la-direccion-general-del-hospital-de-la-mujer-y-el-nino-nelly-quiroga\/#primaryimage"},"thumbnailUrl":"https:\/\/diariodeloeste.com\/noticias\/wp-content\/uploads\/2022\/04\/Hospital-Mujer-y-El-Nino-fachada-1536x981-1.jpg","articleSection":["Jos\u00e9 C Paz","Salud","Titulares"],"inLanguage":"es-AR"},{"@type":"WebPage","@id":"https:\/\/diariodeloeste.com\/noticias\/2022\/04\/29\/el-intendente-ishii-puso-en-funciones-a-la-dra-yarila-alvarez-ortiz-en-la-direccion-general-del-hospital-de-la-mujer-y-el-nino-nelly-quiroga\/","url":"https:\/\/diariodeloeste.com\/noticias\/2022\/04\/29\/el-intendente-ishii-puso-en-funciones-a-la-dra-yarila-alvarez-ortiz-en-la-direccion-general-del-hospital-de-la-mujer-y-el-nino-nelly-quiroga\/","name":"EL INTENDENTE ISHII PUSO EN FUNCIONES A LA DRA. YARILA \u00c1LVAREZ ORT\u00cdZ EN LA DIRECCI\u00d3N GENERAL DEL HOSPITAL DE LA MUJER Y EL NI\u00d1O \u201cNELLY QUIROGA\u201d - Diario del Oeste","isPartOf":{"@id":"https:\/\/diariodeloeste.com\/noticias\/#website"},"primaryImageOfPage":{"@id":"https:\/\/diariodeloeste.com\/noticias\/2022\/04\/29\/el-intendente-ishii-puso-en-funciones-a-la-dra-yarila-alvarez-ortiz-en-la-direccion-general-del-hospital-de-la-mujer-y-el-nino-nelly-quiroga\/#primaryimage"},"image":{"@id":"https:\/\/diariodeloeste.com\/noticias\/2022\/04\/29\/el-intendente-ishii-puso-en-funciones-a-la-dra-yarila-alvarez-ortiz-en-la-direccion-general-del-hospital-de-la-mujer-y-el-nino-nelly-quiroga\/#primaryimage"},"thumbnailUrl":"https:\/\/diariodeloeste.com\/noticias\/wp-content\/uploads\/2022\/04\/Hospital-Mujer-y-El-Nino-fachada-1536x981-1.jpg","datePublished":"2022-04-29T14:45:08+00:00","breadcrumb":{"@id":"https:\/\/diariodeloeste.com\/noticias\/2022\/04\/29\/el-intendente-ishii-puso-en-funciones-a-la-dra-yarila-alvarez-ortiz-en-la-direccion-general-del-hospital-de-la-mujer-y-el-nino-nelly-quiroga\/#breadcrumb"},"inLanguage":"es-AR","potentialAction":[{"@type":"ReadAction","target":["https:\/\/diariodeloeste.com\/noticias\/2022\/04\/29\/el-intendente-ishii-puso-en-funciones-a-la-dra-yarila-alvarez-ortiz-en-la-direccion-general-del-hospital-de-la-mujer-y-el-nino-nelly-quiroga\/"]}]},{"@type":"ImageObject","inLanguage":"es-AR","@id":"https:\/\/diariodeloeste.com\/noticias\/2022\/04\/29\/el-intendente-ishii-puso-en-funciones-a-la-dra-yarila-alvarez-ortiz-en-la-direccion-general-del-hospital-de-la-mujer-y-el-nino-nelly-quiroga\/#primaryimage","url":"https:\/\/diariodeloeste.com\/noticias\/wp-content\/uploads\/2022\/04\/Hospital-Mujer-y-El-Nino-fachada-1536x981-1.jpg","contentUrl":"https:\/\/diariodeloeste.com\/noticias\/wp-content\/uploads\/2022\/04\/Hospital-Mujer-y-El-Nino-fachada-1536x981-1.jpg","width":1536,"height":981},{"@type":"BreadcrumbList","@id":"https:\/\/diariodeloeste.com\/noticias\/2022\/04\/29\/el-intendente-ishii-puso-en-funciones-a-la-dra-yarila-alvarez-ortiz-en-la-direccion-general-del-hospital-de-la-mujer-y-el-nino-nelly-quiroga\/#breadcrumb","itemListElement":[{"@type":"ListItem","position":1,"name":"Inicio","item":"https:\/\/diariodeloeste.com\/noticias\/"},{"@type":"ListItem","position":2,"name":"EL INTENDENTE ISHII PUSO EN FUNCIONES A LA DRA. YARILA \u00c1LVAREZ ORT\u00cdZ EN LA DIRECCI\u00d3N GENERAL DEL HOSPITAL DE LA MUJER Y EL NI\u00d1O \u201cNELLY QUIROGA\u201d"}]},{"@type":"WebSite","@id":"https:\/\/diariodeloeste.com\/noticias\/#website","url":"https:\/\/diariodeloeste.com\/noticias\/","name":"Diario del Oeste","description":"Noticias del Oeste","publisher":{"@id":"https:\/\/diariodeloeste.com\/noticias\/#organization"},"potentialAction":[{"@type":"SearchAction","target":{"@type":"EntryPoint","urlTemplate":"https:\/\/diariodeloeste.com\/noticias\/?s={search_term_string}"},"query-input":{"@type":"PropertyValueSpecification","valueRequired":true,"valueName":"search_term_string"}}],"inLanguage":"es-AR"},{"@type":"Organization","@id":"https:\/\/diariodeloeste.com\/noticias\/#organization","name":"Diario del Oeste","url":"https:\/\/diariodeloeste.com\/noticias\/","logo":{"@type":"ImageObject","inLanguage":"es-AR","@id":"https:\/\/diariodeloeste.com\/noticias\/#\/schema\/logo\/image\/","url":"https:\/\/diariodeloeste.com\/noticias\/wp-content\/uploads\/2019\/04\/logo.png","contentUrl":"https:\/\/diariodeloeste.com\/noticias\/wp-content\/uploads\/2019\/04\/logo.png","width":306,"height":145,"caption":"Diario del Oeste"},"image":{"@id":"https:\/\/diariodeloeste.com\/noticias\/#\/schema\/logo\/image\/"}},{"@type":"Person","@id":"https:\/\/diariodeloeste.com\/noticias\/#\/schema\/person\/1f7be965f8c093432e1cbfcee0ac4047","name":"Redaccion","image":{"@type":"ImageObject","inLanguage":"es-AR","@id":"https:\/\/secure.gravatar.com\/avatar\/f9bc3a12e26b32d818d88f9a5b61de20b559752e499df507efa7ea3cea0550ef?s=96&d=mm&r=g","url":"https:\/\/secure.gravatar.com\/avatar\/f9bc3a12e26b32d818d88f9a5b61de20b559752e499df507efa7ea3cea0550ef?s=96&d=mm&r=g","contentUrl":"https:\/\/secure.gravatar.com\/avatar\/f9bc3a12e26b32d818d88f9a5b61de20b559752e499df507efa7ea3cea0550ef?s=96&d=mm&r=g","caption":"Redaccion"},"url":"https:\/\/diariodeloeste.com\/noticias\/author\/redaccion\/"}]}},"_links":{"self":[{"href":"https:\/\/diariodeloeste.com\/noticias\/wp-json\/wp\/v2\/posts\/7878","targetHints":{"allow":["GET"]}}],"collection":[{"href":"https:\/\/diariodeloeste.com\/noticias\/wp-json\/wp\/v2\/posts"}],"about":[{"href":"https:\/\/diariodeloeste.com\/noticias\/wp-json\/wp\/v2\/types\/post"}],"author":[{"embeddable":true,"href":"https:\/\/diariodeloeste.com\/noticias\/wp-json\/wp\/v2\/users\/3"}],"replies":[{"embeddable":true,"href":"https:\/\/diariodeloeste.com\/noticias\/wp-json\/wp\/v2\/comments?post=7878"}],"version-history":[{"count":1,"href":"https:\/\/diariodeloeste.com\/noticias\/wp-json\/wp\/v2\/posts\/7878\/revisions"}],"predecessor-version":[{"id":7881,"href":"https:\/\/diariodeloeste.com\/noticias\/wp-json\/wp\/v2\/posts\/7878\/revisions\/7881"}],"wp:featuredmedia":[{"embeddable":true,"href":"https:\/\/diariodeloeste.com\/noticias\/wp-json\/wp\/v2\/media\/7880"}],"wp:attachment":[{"href":"https:\/\/diariodeloeste.com\/noticias\/wp-json\/wp\/v2\/media?parent=7878"}],"wp:term":[{"taxonomy":"category","embeddable":true,"href":"https:\/\/diariodeloeste.com\/noticias\/wp-json\/wp\/v2\/categories?post=7878"},{"taxonomy":"post_tag","embeddable":true,"href":"https:\/\/diariodeloeste.com\/noticias\/wp-json\/wp\/v2\/tags?post=7878"}],"curies":[{"name":"wp","href":"https:\/\/api.w.org\/{rel}","templated":true}]}}