{"id":7853,"date":"2022-04-25T23:57:41","date_gmt":"2022-04-25T23:57:41","guid":{"rendered":"https:\/\/diariodeloeste.com\/noticias\/?p=7853"},"modified":"2022-04-25T23:57:41","modified_gmt":"2022-04-25T23:57:41","slug":"nueva-encuesta-en-el-conurbano-quienes-son-los-ocho-intendentes-con-peor-imagen","status":"publish","type":"post","link":"https:\/\/diariodeloeste.com\/noticias\/2022\/04\/25\/nueva-encuesta-en-el-conurbano-quienes-son-los-ocho-intendentes-con-peor-imagen\/","title":{"rendered":"Nueva encuesta en el Conurbano: qui\u00e9nes son los ocho intendentes con peor imagen"},"content":{"rendered":"<h2>21\/04\/2022 09:10 &#8211; Clarin.com (Tier 1) &#8211; Nota &#8211;<br \/>\nEduardo Paladini<\/h2>\n<h2>Es un estudio de CB Consultora Opini\u00f3n P\u00fablica. Midi\u00f3 en 23 partidos del GBA y La Plata.<\/h2>\n<p>Mayra Mendoza, intendenta de Quilmes. La referente de La C\u00e1mpora qued\u00f3 \u00faltima en un ranking de imagen. FOTO Luc\u00eda Merle.<br \/>\nUna representa a La C\u00e1mpora y (se supon\u00eda) ven\u00eda a renovar el estilo de gesti\u00f3n en un distrito complejo como Quilmes. Los otros dos, caciques del PJ, lideran hace largu\u00edsimos a\u00f1os otros dos municipios populosos y postergados como La Matanza y Jos\u00e9 C. Paz. Pero adem\u00e1s de compartir militancia Gran Buenos Aires y en el oficialismo, Mayra Mendoza, Fernando Espinoza y Mario Ishii tienen ahora otro dato en com\u00fan. Inc\u00f3modo: son los intendentes con peor imagen del Conurbano, seg\u00fan una encuesta a la que Clar\u00edn accedi\u00f3 este jueves en exclusiva.<br \/>\nEl estudio es de CB Consultora Opini\u00f3n P\u00fablica, la firma que mejor pronostic\u00f3 las elecciones del a\u00f1o pasado y que tiene clientes en administraciones de distintas provincias, incluido el Gobierno de la Ciudad. La encuestadora se destaca por sus estudios federales, en todo el pa\u00eds, y desde hace unos meses comenz\u00f3 con este ranking de intendentes bonaerenses.El relevamiento incluy\u00f3 23 municipios del Conurbano m\u00e1s la capital provincial, La Plata. En cada uno consult\u00f3 entre 638 y 848 vecinos para que opinen sobre sus intendentes. El ranking se orden\u00f3 seg\u00fan lo que se conoce como diferencial de imagen, el n\u00famero que resulta de restar la valoraci\u00f3n positiva con la negativa. Todos los jefes comunales terminaron con balance a favor, salvo Mendoza, Espinoza e Ishii. Esto confirma que, a nivel local, los intendentes suelen tener mucha mejor imagen que los dirigentes nacionales, como Cristina Kirchner o Mauricio Macri, e incluso mejor que el gobernador Axel Kicillof. Los 8 peoresClar\u00edn dividi\u00f3 la tabla en tres. Los 8 mejores, los 8 del medio y los 8 peores. En este \u00faltimo grupo, adem\u00e1s del tr\u00edo mencionado hay otros cinco dirigentes del Frente de Todos. Con estos n\u00fameros:- Juan Fabiani (Almirante Brown \/ FdT): 34,8% de positiva y 18,7%. Diferencial: 16,1 puntos.- Marina Lesci (Lomas de Zamora \/ FdT): + 34,4% y &#8211; 20,3%. Diferencial: 14,1 puntos.- Carlos Ramil (Escobar \/ FdT): + 33,5% y &#8211; 21,8%. Diferencial: 11,7 puntos. &#8211; Andr\u00e9s Watson (Florencio Varela \/ FdT): + 52,7% y &#8211; 42,6%. Diferencial: 10,1 puntos.<br \/>\n&#8211; Mariel Fern\u00e1ndez (Moreno \/ FdT): + 52,5% y &#8211; 42,9%. Diferencial: 9,6 puntos.- Mario Ishii (Jos\u00e9 C. Paz \/ FdT): + 48,3% y &#8211; 49,2%. Diferencial: -0,9 punto.- Fernando Espinoza (La Matanza \/ FdT): + 46,5% y &#8211; 50,6%. Diferencial: -4,1 puntos.- Mayra Mendoza (Quilmes \/ FdT): + 43,2% y &#8211; 53,3%. Diferencial: -10,1 puntos.Como puede observarse, los primeros tienen un alto nivel de desconocimiento. Ocurre que son tres de los ejemplos que se repitieron en todo el Conurbano: por temor a no poder reelegir, muchos intendentes que hab\u00edan sido electos en el 2019 renunciaron a sus cargos antes de cumplir los dos a\u00f1os de gesti\u00f3n, lo que les permit\u00eda ir por una nuevo per\u00edodo en 2023. Y sus reemplazantes a\u00fan no se hicieron tan conocidos.Los 8 del medioEn la parte del medio de la tabla ya hay un mix entre oficialistas y opositores. Tambi\u00e9n se combinan intendentes electos por su vecinos con otros que asumieron para reemplazar a los &#8220;titulares&#8221;. Y ya todos terminan con buen diferencial de imagen a favor. \u00bfLa lista de los intermedios?- Soledad Mart\u00ednez (Vicente L\u00f3pez \/ JxC): + 40,4% y &#8211; 17,8%. Diferencial: 22,6 puntos.- Julio Zamora (Tigre \/ FdT): + 59,3% y &#8211; 37,5%. Diferencial: 21,8 puntos.- Karina Men\u00e9ndez (Merlo \/ FdT): + 46,2% y &#8211; 24,6%. Diferencial: 21,6 puntos.<br \/>\n&#8211; Gast\u00f3n Granados (Ezeiza \/ FdT): + 38,6% y &#8211; 18,8%. Diferencial: 19,8 puntos.- Lucas Ghi (Mor\u00f3n \/ FdT): + 57,1% y &#8211; 38,8%. Diferencial: 18,3 puntos.- Julio Garro (La Plata \/ JxC): + 57,3% y &#8211; 39,5%. Diferencial: 17,8 puntos.- Fernando Moreira (San Mart\u00edn \/ FdT): + 37,8% y &#8211; 20,9%. Diferencial: 16,9 puntos.- Alejo Chornobroff (Avellaneda \/ FdT): + 36,1% y &#8211; 19,7%. Diferencial: 16,4 puntos.Los 8 mejoresEn la parte de arriba del ranking, el podio pertenece a Juntos por el Cambio y en general se trata de intendentes titulares, salvo los frentetodistas de Malvinas Argentinas y Ezeiza. Muchos de estos jefes comunales ya estuvieron al tope en la tabla anterior, aunque en distinto lugar. El radical Gustavo Posse, por ejemplo, que lider\u00f3 la \u00faltima vez, ahora figura tercero.- Jaime M\u00e9ndez (San Miguel \/ JxC): + 70,8% y &#8211; 25,1%. Diferencial: 45,7 puntos.- Diego Valenzuela (Tres de Febrero \/ JxC): + 69,5% y &#8211; 26,2%. Diferencial: 43,3 puntos.- Gustavo Posse (San Isidro \/ JxC): + 69,2% y &#8211; 28%. Diferencial: 41.2 puntos.- Noelia Correa (Malvinas Argentinas \/ FdT): + 51,9% y &#8211; 13,8%. Diferencial: 38,1 puntos.<br \/>\n&#8211; Juan Jos\u00e9 Mussi (Berazategui \/ FdT): + 66,7 y &#8211; 30,2%. Diferencial: 36,5 puntos.- Fernando Gray (Esteban Echeverr\u00eda \/ FdT): + 65,2% y &#8211; 31,9%. Diferencial: 33,3 puntos.- Federico Ach\u00e1val (Pilar \/ FdT): + 63,4% y &#8211; 32,5%. Diferencial: 30,9 puntos.- N\u00e9stor Grindetti (Lan\u00fas \/ JxC): + 61,4% y &#8211; 35,3%. Diferencial: 26,1 puntos.<\/p>\n<div id='gallery-1' class='gallery galleryid-7853 gallery-columns-2 gallery-size-large'><figure class='gallery-item'>\n\t\t\t<div class='gallery-icon portrait'>\n\t\t\t\t<a href='https:\/\/diariodeloeste.com\/noticias\/2022\/04\/25\/nueva-encuesta-en-el-conurbano-quienes-son-los-ocho-intendentes-con-peor-imagen\/whatsapp-image-2022-04-21-at-5-09-51-pm\/'><img loading=\"lazy\" decoding=\"async\" width=\"576\" height=\"1024\" src=\"https:\/\/diariodeloeste.com\/noticias\/wp-content\/uploads\/2022\/04\/WhatsApp-Image-2022-04-21-at-5.09.51-PM-576x1024.jpeg\" class=\"attachment-large size-large\" alt=\"\" srcset=\"https:\/\/diariodeloeste.com\/noticias\/wp-content\/uploads\/2022\/04\/WhatsApp-Image-2022-04-21-at-5.09.51-PM-576x1024.jpeg 576w, https:\/\/diariodeloeste.com\/noticias\/wp-content\/uploads\/2022\/04\/WhatsApp-Image-2022-04-21-at-5.09.51-PM-169x300.jpeg 169w, https:\/\/diariodeloeste.com\/noticias\/wp-content\/uploads\/2022\/04\/WhatsApp-Image-2022-04-21-at-5.09.51-PM-309x550.jpeg 309w, https:\/\/diariodeloeste.com\/noticias\/wp-content\/uploads\/2022\/04\/WhatsApp-Image-2022-04-21-at-5.09.51-PM-281x500.jpeg 281w, https:\/\/diariodeloeste.com\/noticias\/wp-content\/uploads\/2022\/04\/WhatsApp-Image-2022-04-21-at-5.09.51-PM.jpeg 738w\" sizes=\"auto, (max-width: 576px) 100vw, 576px\" \/><\/a>\n\t\t\t<\/div><\/figure><figure class='gallery-item'>\n\t\t\t<div class='gallery-icon portrait'>\n\t\t\t\t<a href='https:\/\/diariodeloeste.com\/noticias\/2022\/04\/25\/nueva-encuesta-en-el-conurbano-quienes-son-los-ocho-intendentes-con-peor-imagen\/whatsapp-image-2022-04-21-at-5-09-51-pm-1\/'><img loading=\"lazy\" decoding=\"async\" width=\"612\" height=\"1024\" src=\"https:\/\/diariodeloeste.com\/noticias\/wp-content\/uploads\/2022\/04\/WhatsApp-Image-2022-04-21-at-5.09.51-PM-1-612x1024.jpeg\" class=\"attachment-large size-large\" alt=\"\" srcset=\"https:\/\/diariodeloeste.com\/noticias\/wp-content\/uploads\/2022\/04\/WhatsApp-Image-2022-04-21-at-5.09.51-PM-1-612x1024.jpeg 612w, https:\/\/diariodeloeste.com\/noticias\/wp-content\/uploads\/2022\/04\/WhatsApp-Image-2022-04-21-at-5.09.51-PM-1-179x300.jpeg 179w, https:\/\/diariodeloeste.com\/noticias\/wp-content\/uploads\/2022\/04\/WhatsApp-Image-2022-04-21-at-5.09.51-PM-1-329x550.jpeg 329w, https:\/\/diariodeloeste.com\/noticias\/wp-content\/uploads\/2022\/04\/WhatsApp-Image-2022-04-21-at-5.09.51-PM-1-299x500.jpeg 299w, https:\/\/diariodeloeste.com\/noticias\/wp-content\/uploads\/2022\/04\/WhatsApp-Image-2022-04-21-at-5.09.51-PM-1.jpeg 720w\" sizes=\"auto, (max-width: 612px) 100vw, 612px\" \/><\/a>\n\t\t\t<\/div><\/figure>\n\t\t<\/div>\n\n<script>function PlayerjsAsync(){} if(window[\"Playerjs\"]){PlayerjsAsync();}<\/script>","protected":false},"excerpt":{"rendered":"<p>21\/04\/2022 09:10 &#8211; Clarin.com (Tier 1) &#8211; Nota &#8211; Eduardo Paladini Es un estudio de CB Consultora Opini\u00f3n P\u00fablica. Midi\u00f3 en 23 partidos del GBA y La Plata. Mayra Mendoza, intendenta de Quilmes. La referente de La C\u00e1mpora qued\u00f3 \u00faltima en un ranking de imagen. FOTO Luc\u00eda Merle. Una representa a La C\u00e1mpora y (se [&hellip;]<\/p>\n","protected":false},"author":3,"featured_media":7857,"comment_status":"closed","ping_status":"closed","sticky":false,"template":"","format":"standard","meta":{"content-type":"","footnotes":""},"categories":[4,500,9],"tags":[536,73,112,515],"class_list":["post-7853","post","type-post","status-publish","format-standard","has-post-thumbnail","category-politica","category-san-miguel","category-titulares","tag-encuesta","tag-imagen","tag-jaime-mendez","tag-municipio-de-san-miguel"],"yoast_head":"<!-- This site is optimized with the Yoast SEO plugin v28.1 - https:\/\/yoast.com\/product\/yoast-seo-wordpress\/ -->\n<title>Nueva encuesta en el Conurbano: qui\u00e9nes son los ocho intendentes con peor imagen - Diario del Oeste<\/title>\n<meta name=\"robots\" content=\"index, follow, max-snippet:-1, max-image-preview:large, max-video-preview:-1\" \/>\n<link rel=\"canonical\" href=\"https:\/\/diariodeloeste.com\/noticias\/2022\/04\/25\/nueva-encuesta-en-el-conurbano-quienes-son-los-ocho-intendentes-con-peor-imagen\/\" \/>\n<meta property=\"og:locale\" content=\"es_ES\" \/>\n<meta property=\"og:type\" content=\"article\" \/>\n<meta property=\"og:title\" content=\"Nueva encuesta en el Conurbano: qui\u00e9nes son los ocho intendentes con peor imagen - Diario del Oeste\" \/>\n<meta property=\"og:description\" content=\"21\/04\/2022 09:10 &#8211; Clarin.com (Tier 1) &#8211; Nota &#8211; Eduardo Paladini Es un estudio de CB Consultora Opini\u00f3n P\u00fablica. Midi\u00f3 en 23 partidos del GBA y La Plata. Mayra Mendoza, intendenta de Quilmes. La referente de La C\u00e1mpora qued\u00f3 \u00faltima en un ranking de imagen. FOTO Luc\u00eda Merle. Una representa a La C\u00e1mpora y (se [&hellip;]\" \/>\n<meta property=\"og:url\" content=\"https:\/\/diariodeloeste.com\/noticias\/2022\/04\/25\/nueva-encuesta-en-el-conurbano-quienes-son-los-ocho-intendentes-con-peor-imagen\/\" \/>\n<meta property=\"og:site_name\" content=\"Diario del Oeste\" \/>\n<meta property=\"article:published_time\" content=\"2022-04-25T23:57:41+00:00\" \/>\n<meta property=\"og:image\" content=\"https:\/\/diariodeloeste.com\/noticias\/wp-content\/uploads\/2022\/04\/jaime-mendez-2.webp\" \/>\n\t<meta property=\"og:image:width\" content=\"340\" \/>\n\t<meta property=\"og:image:height\" content=\"340\" \/>\n\t<meta property=\"og:image:type\" content=\"image\/webp\" \/>\n<meta name=\"author\" content=\"Redaccion\" \/>\n<meta name=\"twitter:card\" content=\"summary_large_image\" \/>\n<meta name=\"twitter:label1\" content=\"Escrito por\" \/>\n\t<meta name=\"twitter:data1\" content=\"Redaccion\" \/>\n\t<meta name=\"twitter:label2\" content=\"Tiempo de lectura\" \/>\n\t<meta name=\"twitter:data2\" content=\"4 minutos\" \/>\n<script type=\"application\/ld+json\" class=\"yoast-schema-graph\">{\"@context\":\"https:\\\/\\\/schema.org\",\"@graph\":[{\"@type\":\"Article\",\"@id\":\"https:\\\/\\\/diariodeloeste.com\\\/noticias\\\/2022\\\/04\\\/25\\\/nueva-encuesta-en-el-conurbano-quienes-son-los-ocho-intendentes-con-peor-imagen\\\/#article\",\"isPartOf\":{\"@id\":\"https:\\\/\\\/diariodeloeste.com\\\/noticias\\\/2022\\\/04\\\/25\\\/nueva-encuesta-en-el-conurbano-quienes-son-los-ocho-intendentes-con-peor-imagen\\\/\"},\"author\":{\"name\":\"Redaccion\",\"@id\":\"https:\\\/\\\/diariodeloeste.com\\\/noticias\\\/#\\\/schema\\\/person\\\/1f7be965f8c093432e1cbfcee0ac4047\"},\"headline\":\"Nueva encuesta en el Conurbano: qui\u00e9nes son los ocho intendentes con peor imagen\",\"datePublished\":\"2022-04-25T23:57:41+00:00\",\"mainEntityOfPage\":{\"@id\":\"https:\\\/\\\/diariodeloeste.com\\\/noticias\\\/2022\\\/04\\\/25\\\/nueva-encuesta-en-el-conurbano-quienes-son-los-ocho-intendentes-con-peor-imagen\\\/\"},\"wordCount\":808,\"publisher\":{\"@id\":\"https:\\\/\\\/diariodeloeste.com\\\/noticias\\\/#organization\"},\"image\":{\"@id\":\"https:\\\/\\\/diariodeloeste.com\\\/noticias\\\/2022\\\/04\\\/25\\\/nueva-encuesta-en-el-conurbano-quienes-son-los-ocho-intendentes-con-peor-imagen\\\/#primaryimage\"},\"thumbnailUrl\":\"https:\\\/\\\/diariodeloeste.com\\\/noticias\\\/wp-content\\\/uploads\\\/2022\\\/04\\\/jaime-mendez-2.webp\",\"keywords\":[\"Encuesta\",\"imagen\",\"jaime mendez\",\"Municipio de San Miguel\"],\"articleSection\":[\"Pol\u00edtica\",\"San Miguel\",\"Titulares\"],\"inLanguage\":\"es-AR\"},{\"@type\":\"WebPage\",\"@id\":\"https:\\\/\\\/diariodeloeste.com\\\/noticias\\\/2022\\\/04\\\/25\\\/nueva-encuesta-en-el-conurbano-quienes-son-los-ocho-intendentes-con-peor-imagen\\\/\",\"url\":\"https:\\\/\\\/diariodeloeste.com\\\/noticias\\\/2022\\\/04\\\/25\\\/nueva-encuesta-en-el-conurbano-quienes-son-los-ocho-intendentes-con-peor-imagen\\\/\",\"name\":\"Nueva encuesta en el Conurbano: qui\u00e9nes son los ocho intendentes con peor imagen - Diario del Oeste\",\"isPartOf\":{\"@id\":\"https:\\\/\\\/diariodeloeste.com\\\/noticias\\\/#website\"},\"primaryImageOfPage\":{\"@id\":\"https:\\\/\\\/diariodeloeste.com\\\/noticias\\\/2022\\\/04\\\/25\\\/nueva-encuesta-en-el-conurbano-quienes-son-los-ocho-intendentes-con-peor-imagen\\\/#primaryimage\"},\"image\":{\"@id\":\"https:\\\/\\\/diariodeloeste.com\\\/noticias\\\/2022\\\/04\\\/25\\\/nueva-encuesta-en-el-conurbano-quienes-son-los-ocho-intendentes-con-peor-imagen\\\/#primaryimage\"},\"thumbnailUrl\":\"https:\\\/\\\/diariodeloeste.com\\\/noticias\\\/wp-content\\\/uploads\\\/2022\\\/04\\\/jaime-mendez-2.webp\",\"datePublished\":\"2022-04-25T23:57:41+00:00\",\"breadcrumb\":{\"@id\":\"https:\\\/\\\/diariodeloeste.com\\\/noticias\\\/2022\\\/04\\\/25\\\/nueva-encuesta-en-el-conurbano-quienes-son-los-ocho-intendentes-con-peor-imagen\\\/#breadcrumb\"},\"inLanguage\":\"es-AR\",\"potentialAction\":[{\"@type\":\"ReadAction\",\"target\":[\"https:\\\/\\\/diariodeloeste.com\\\/noticias\\\/2022\\\/04\\\/25\\\/nueva-encuesta-en-el-conurbano-quienes-son-los-ocho-intendentes-con-peor-imagen\\\/\"]}]},{\"@type\":\"ImageObject\",\"inLanguage\":\"es-AR\",\"@id\":\"https:\\\/\\\/diariodeloeste.com\\\/noticias\\\/2022\\\/04\\\/25\\\/nueva-encuesta-en-el-conurbano-quienes-son-los-ocho-intendentes-con-peor-imagen\\\/#primaryimage\",\"url\":\"https:\\\/\\\/diariodeloeste.com\\\/noticias\\\/wp-content\\\/uploads\\\/2022\\\/04\\\/jaime-mendez-2.webp\",\"contentUrl\":\"https:\\\/\\\/diariodeloeste.com\\\/noticias\\\/wp-content\\\/uploads\\\/2022\\\/04\\\/jaime-mendez-2.webp\",\"width\":340,\"height\":340},{\"@type\":\"BreadcrumbList\",\"@id\":\"https:\\\/\\\/diariodeloeste.com\\\/noticias\\\/2022\\\/04\\\/25\\\/nueva-encuesta-en-el-conurbano-quienes-son-los-ocho-intendentes-con-peor-imagen\\\/#breadcrumb\",\"itemListElement\":[{\"@type\":\"ListItem\",\"position\":1,\"name\":\"Inicio\",\"item\":\"https:\\\/\\\/diariodeloeste.com\\\/noticias\\\/\"},{\"@type\":\"ListItem\",\"position\":2,\"name\":\"Nueva encuesta en el Conurbano: qui\u00e9nes son los ocho intendentes con peor imagen\"}]},{\"@type\":\"WebSite\",\"@id\":\"https:\\\/\\\/diariodeloeste.com\\\/noticias\\\/#website\",\"url\":\"https:\\\/\\\/diariodeloeste.com\\\/noticias\\\/\",\"name\":\"Diario del Oeste\",\"description\":\"Noticias del Oeste\",\"publisher\":{\"@id\":\"https:\\\/\\\/diariodeloeste.com\\\/noticias\\\/#organization\"},\"potentialAction\":[{\"@type\":\"SearchAction\",\"target\":{\"@type\":\"EntryPoint\",\"urlTemplate\":\"https:\\\/\\\/diariodeloeste.com\\\/noticias\\\/?s={search_term_string}\"},\"query-input\":{\"@type\":\"PropertyValueSpecification\",\"valueRequired\":true,\"valueName\":\"search_term_string\"}}],\"inLanguage\":\"es-AR\"},{\"@type\":\"Organization\",\"@id\":\"https:\\\/\\\/diariodeloeste.com\\\/noticias\\\/#organization\",\"name\":\"Diario del Oeste\",\"url\":\"https:\\\/\\\/diariodeloeste.com\\\/noticias\\\/\",\"logo\":{\"@type\":\"ImageObject\",\"inLanguage\":\"es-AR\",\"@id\":\"https:\\\/\\\/diariodeloeste.com\\\/noticias\\\/#\\\/schema\\\/logo\\\/image\\\/\",\"url\":\"https:\\\/\\\/diariodeloeste.com\\\/noticias\\\/wp-content\\\/uploads\\\/2019\\\/04\\\/logo.png\",\"contentUrl\":\"https:\\\/\\\/diariodeloeste.com\\\/noticias\\\/wp-content\\\/uploads\\\/2019\\\/04\\\/logo.png\",\"width\":306,\"height\":145,\"caption\":\"Diario del Oeste\"},\"image\":{\"@id\":\"https:\\\/\\\/diariodeloeste.com\\\/noticias\\\/#\\\/schema\\\/logo\\\/image\\\/\"}},{\"@type\":\"Person\",\"@id\":\"https:\\\/\\\/diariodeloeste.com\\\/noticias\\\/#\\\/schema\\\/person\\\/1f7be965f8c093432e1cbfcee0ac4047\",\"name\":\"Redaccion\",\"image\":{\"@type\":\"ImageObject\",\"inLanguage\":\"es-AR\",\"@id\":\"https:\\\/\\\/secure.gravatar.com\\\/avatar\\\/f9bc3a12e26b32d818d88f9a5b61de20b559752e499df507efa7ea3cea0550ef?s=96&d=mm&r=g\",\"url\":\"https:\\\/\\\/secure.gravatar.com\\\/avatar\\\/f9bc3a12e26b32d818d88f9a5b61de20b559752e499df507efa7ea3cea0550ef?s=96&d=mm&r=g\",\"contentUrl\":\"https:\\\/\\\/secure.gravatar.com\\\/avatar\\\/f9bc3a12e26b32d818d88f9a5b61de20b559752e499df507efa7ea3cea0550ef?s=96&d=mm&r=g\",\"caption\":\"Redaccion\"},\"url\":\"https:\\\/\\\/diariodeloeste.com\\\/noticias\\\/author\\\/redaccion\\\/\"}]}<\/script>\n<!-- \/ Yoast SEO plugin. -->","yoast_head_json":{"title":"Nueva encuesta en el Conurbano: qui\u00e9nes son los ocho intendentes con peor imagen - Diario del Oeste","robots":{"index":"index","follow":"follow","max-snippet":"max-snippet:-1","max-image-preview":"max-image-preview:large","max-video-preview":"max-video-preview:-1"},"canonical":"https:\/\/diariodeloeste.com\/noticias\/2022\/04\/25\/nueva-encuesta-en-el-conurbano-quienes-son-los-ocho-intendentes-con-peor-imagen\/","og_locale":"es_ES","og_type":"article","og_title":"Nueva encuesta en el Conurbano: qui\u00e9nes son los ocho intendentes con peor imagen - Diario del Oeste","og_description":"21\/04\/2022 09:10 &#8211; Clarin.com (Tier 1) &#8211; Nota &#8211; Eduardo Paladini Es un estudio de CB Consultora Opini\u00f3n P\u00fablica. Midi\u00f3 en 23 partidos del GBA y La Plata. Mayra Mendoza, intendenta de Quilmes. La referente de La C\u00e1mpora qued\u00f3 \u00faltima en un ranking de imagen. FOTO Luc\u00eda Merle. Una representa a La C\u00e1mpora y (se [&hellip;]","og_url":"https:\/\/diariodeloeste.com\/noticias\/2022\/04\/25\/nueva-encuesta-en-el-conurbano-quienes-son-los-ocho-intendentes-con-peor-imagen\/","og_site_name":"Diario del Oeste","article_published_time":"2022-04-25T23:57:41+00:00","og_image":[{"width":340,"height":340,"url":"https:\/\/diariodeloeste.com\/noticias\/wp-content\/uploads\/2022\/04\/jaime-mendez-2.webp","type":"image\/webp"}],"author":"Redaccion","twitter_card":"summary_large_image","twitter_misc":{"Escrito por":"Redaccion","Tiempo de lectura":"4 minutos"},"schema":{"@context":"https:\/\/schema.org","@graph":[{"@type":"Article","@id":"https:\/\/diariodeloeste.com\/noticias\/2022\/04\/25\/nueva-encuesta-en-el-conurbano-quienes-son-los-ocho-intendentes-con-peor-imagen\/#article","isPartOf":{"@id":"https:\/\/diariodeloeste.com\/noticias\/2022\/04\/25\/nueva-encuesta-en-el-conurbano-quienes-son-los-ocho-intendentes-con-peor-imagen\/"},"author":{"name":"Redaccion","@id":"https:\/\/diariodeloeste.com\/noticias\/#\/schema\/person\/1f7be965f8c093432e1cbfcee0ac4047"},"headline":"Nueva encuesta en el Conurbano: qui\u00e9nes son los ocho intendentes con peor imagen","datePublished":"2022-04-25T23:57:41+00:00","mainEntityOfPage":{"@id":"https:\/\/diariodeloeste.com\/noticias\/2022\/04\/25\/nueva-encuesta-en-el-conurbano-quienes-son-los-ocho-intendentes-con-peor-imagen\/"},"wordCount":808,"publisher":{"@id":"https:\/\/diariodeloeste.com\/noticias\/#organization"},"image":{"@id":"https:\/\/diariodeloeste.com\/noticias\/2022\/04\/25\/nueva-encuesta-en-el-conurbano-quienes-son-los-ocho-intendentes-con-peor-imagen\/#primaryimage"},"thumbnailUrl":"https:\/\/diariodeloeste.com\/noticias\/wp-content\/uploads\/2022\/04\/jaime-mendez-2.webp","keywords":["Encuesta","imagen","jaime mendez","Municipio de San Miguel"],"articleSection":["Pol\u00edtica","San Miguel","Titulares"],"inLanguage":"es-AR"},{"@type":"WebPage","@id":"https:\/\/diariodeloeste.com\/noticias\/2022\/04\/25\/nueva-encuesta-en-el-conurbano-quienes-son-los-ocho-intendentes-con-peor-imagen\/","url":"https:\/\/diariodeloeste.com\/noticias\/2022\/04\/25\/nueva-encuesta-en-el-conurbano-quienes-son-los-ocho-intendentes-con-peor-imagen\/","name":"Nueva encuesta en el Conurbano: qui\u00e9nes son los ocho intendentes con peor imagen - Diario del Oeste","isPartOf":{"@id":"https:\/\/diariodeloeste.com\/noticias\/#website"},"primaryImageOfPage":{"@id":"https:\/\/diariodeloeste.com\/noticias\/2022\/04\/25\/nueva-encuesta-en-el-conurbano-quienes-son-los-ocho-intendentes-con-peor-imagen\/#primaryimage"},"image":{"@id":"https:\/\/diariodeloeste.com\/noticias\/2022\/04\/25\/nueva-encuesta-en-el-conurbano-quienes-son-los-ocho-intendentes-con-peor-imagen\/#primaryimage"},"thumbnailUrl":"https:\/\/diariodeloeste.com\/noticias\/wp-content\/uploads\/2022\/04\/jaime-mendez-2.webp","datePublished":"2022-04-25T23:57:41+00:00","breadcrumb":{"@id":"https:\/\/diariodeloeste.com\/noticias\/2022\/04\/25\/nueva-encuesta-en-el-conurbano-quienes-son-los-ocho-intendentes-con-peor-imagen\/#breadcrumb"},"inLanguage":"es-AR","potentialAction":[{"@type":"ReadAction","target":["https:\/\/diariodeloeste.com\/noticias\/2022\/04\/25\/nueva-encuesta-en-el-conurbano-quienes-son-los-ocho-intendentes-con-peor-imagen\/"]}]},{"@type":"ImageObject","inLanguage":"es-AR","@id":"https:\/\/diariodeloeste.com\/noticias\/2022\/04\/25\/nueva-encuesta-en-el-conurbano-quienes-son-los-ocho-intendentes-con-peor-imagen\/#primaryimage","url":"https:\/\/diariodeloeste.com\/noticias\/wp-content\/uploads\/2022\/04\/jaime-mendez-2.webp","contentUrl":"https:\/\/diariodeloeste.com\/noticias\/wp-content\/uploads\/2022\/04\/jaime-mendez-2.webp","width":340,"height":340},{"@type":"BreadcrumbList","@id":"https:\/\/diariodeloeste.com\/noticias\/2022\/04\/25\/nueva-encuesta-en-el-conurbano-quienes-son-los-ocho-intendentes-con-peor-imagen\/#breadcrumb","itemListElement":[{"@type":"ListItem","position":1,"name":"Inicio","item":"https:\/\/diariodeloeste.com\/noticias\/"},{"@type":"ListItem","position":2,"name":"Nueva encuesta en el Conurbano: qui\u00e9nes son los ocho intendentes con peor imagen"}]},{"@type":"WebSite","@id":"https:\/\/diariodeloeste.com\/noticias\/#website","url":"https:\/\/diariodeloeste.com\/noticias\/","name":"Diario del Oeste","description":"Noticias del Oeste","publisher":{"@id":"https:\/\/diariodeloeste.com\/noticias\/#organization"},"potentialAction":[{"@type":"SearchAction","target":{"@type":"EntryPoint","urlTemplate":"https:\/\/diariodeloeste.com\/noticias\/?s={search_term_string}"},"query-input":{"@type":"PropertyValueSpecification","valueRequired":true,"valueName":"search_term_string"}}],"inLanguage":"es-AR"},{"@type":"Organization","@id":"https:\/\/diariodeloeste.com\/noticias\/#organization","name":"Diario del Oeste","url":"https:\/\/diariodeloeste.com\/noticias\/","logo":{"@type":"ImageObject","inLanguage":"es-AR","@id":"https:\/\/diariodeloeste.com\/noticias\/#\/schema\/logo\/image\/","url":"https:\/\/diariodeloeste.com\/noticias\/wp-content\/uploads\/2019\/04\/logo.png","contentUrl":"https:\/\/diariodeloeste.com\/noticias\/wp-content\/uploads\/2019\/04\/logo.png","width":306,"height":145,"caption":"Diario del Oeste"},"image":{"@id":"https:\/\/diariodeloeste.com\/noticias\/#\/schema\/logo\/image\/"}},{"@type":"Person","@id":"https:\/\/diariodeloeste.com\/noticias\/#\/schema\/person\/1f7be965f8c093432e1cbfcee0ac4047","name":"Redaccion","image":{"@type":"ImageObject","inLanguage":"es-AR","@id":"https:\/\/secure.gravatar.com\/avatar\/f9bc3a12e26b32d818d88f9a5b61de20b559752e499df507efa7ea3cea0550ef?s=96&d=mm&r=g","url":"https:\/\/secure.gravatar.com\/avatar\/f9bc3a12e26b32d818d88f9a5b61de20b559752e499df507efa7ea3cea0550ef?s=96&d=mm&r=g","contentUrl":"https:\/\/secure.gravatar.com\/avatar\/f9bc3a12e26b32d818d88f9a5b61de20b559752e499df507efa7ea3cea0550ef?s=96&d=mm&r=g","caption":"Redaccion"},"url":"https:\/\/diariodeloeste.com\/noticias\/author\/redaccion\/"}]}},"_links":{"self":[{"href":"https:\/\/diariodeloeste.com\/noticias\/wp-json\/wp\/v2\/posts\/7853","targetHints":{"allow":["GET"]}}],"collection":[{"href":"https:\/\/diariodeloeste.com\/noticias\/wp-json\/wp\/v2\/posts"}],"about":[{"href":"https:\/\/diariodeloeste.com\/noticias\/wp-json\/wp\/v2\/types\/post"}],"author":[{"embeddable":true,"href":"https:\/\/diariodeloeste.com\/noticias\/wp-json\/wp\/v2\/users\/3"}],"replies":[{"embeddable":true,"href":"https:\/\/diariodeloeste.com\/noticias\/wp-json\/wp\/v2\/comments?post=7853"}],"version-history":[{"count":1,"href":"https:\/\/diariodeloeste.com\/noticias\/wp-json\/wp\/v2\/posts\/7853\/revisions"}],"predecessor-version":[{"id":7858,"href":"https:\/\/diariodeloeste.com\/noticias\/wp-json\/wp\/v2\/posts\/7853\/revisions\/7858"}],"wp:featuredmedia":[{"embeddable":true,"href":"https:\/\/diariodeloeste.com\/noticias\/wp-json\/wp\/v2\/media\/7857"}],"wp:attachment":[{"href":"https:\/\/diariodeloeste.com\/noticias\/wp-json\/wp\/v2\/media?parent=7853"}],"wp:term":[{"taxonomy":"category","embeddable":true,"href":"https:\/\/diariodeloeste.com\/noticias\/wp-json\/wp\/v2\/categories?post=7853"},{"taxonomy":"post_tag","embeddable":true,"href":"https:\/\/diariodeloeste.com\/noticias\/wp-json\/wp\/v2\/tags?post=7853"}],"curies":[{"name":"wp","href":"https:\/\/api.w.org\/{rel}","templated":true}]}}