{"id":7848,"date":"2022-04-25T20:37:25","date_gmt":"2022-04-25T20:37:25","guid":{"rendered":"https:\/\/diariodeloeste.com\/noticias\/?p=7848"},"modified":"2022-04-25T20:37:25","modified_gmt":"2022-04-25T20:37:25","slug":"ojos-en-alerta-llego-a-catamarca","status":"publish","type":"post","link":"https:\/\/diariodeloeste.com\/noticias\/2022\/04\/25\/ojos-en-alerta-llego-a-catamarca\/","title":{"rendered":"Ojos en Alerta lleg\u00f3 a Catamarca"},"content":{"rendered":"<div dir=\"ltr\">\n<div class=\"gmail_quote\">\n<div dir=\"ltr\">\n<h2 class=\"gmail_quote\"><span style=\"font-size: large;\"><i>Ya son 16 municipios de 5 provincias los que usan esta herramienta de seguridad surgida en San Miguel.<\/i><\/span><\/h2>\n<div id='gallery-1' class='gallery galleryid-7848 gallery-columns-2 gallery-size-large'><figure class='gallery-item'>\n\t\t\t<div class='gallery-icon landscape'>\n\t\t\t\t<a href='https:\/\/diariodeloeste.com\/noticias\/2022\/04\/25\/ojos-en-alerta-llego-a-catamarca\/manual-de-implementacion-de-ojos-en-alerta-1\/'><img loading=\"lazy\" loading=\"lazy\" decoding=\"async\" width=\"1024\" height=\"768\" src=\"https:\/\/diariodeloeste.com\/noticias\/wp-content\/uploads\/2022\/04\/Manual-de-implementacion-de-Ojos-en-Alerta-1-1024x768.jpeg\" class=\"attachment-large size-large\" alt=\"\" \/><\/a>\n\t\t\t<\/div><\/figure><figure class='gallery-item'>\n\t\t\t<div class='gallery-icon landscape'>\n\t\t\t\t<a href='https:\/\/diariodeloeste.com\/noticias\/2022\/04\/25\/ojos-en-alerta-llego-a-catamarca\/firma-de-convenio-ojos-en-alerta-en-catamarca-1\/'><img loading=\"lazy\" loading=\"lazy\" decoding=\"async\" width=\"1024\" height=\"682\" src=\"https:\/\/diariodeloeste.com\/noticias\/wp-content\/uploads\/2022\/04\/Firma-de-convenio-Ojos-en-Alerta-en-Catamarca-1-1024x682.jpeg\" class=\"attachment-large size-large\" alt=\"\" \/><\/a>\n\t\t\t<\/div><\/figure>\n\t\t<\/div>\n\n<h2 class=\"gmail_quote\">\n<p><span style=\"font-size: large;\">El programa de participaci\u00f3n ciudadana \u201cOjos en Alerta\u201d sigue creciendo y replic\u00e1ndose en distintas ciudades del pa\u00eds. El intendente de San Miguel, Jaime M\u00e9ndez, firm\u00f3 esta tarde un convenio con el jefe comunal de San Fernando del Valle de Catamarca, Gustavo Saadi, para implementar esta valiosa herramienta en el sistema de seguridad de la capital provincial.<\/p>\n<p>Se trata de una iniciativa surgida en 2016 en San Miguel, Buenos Aires, con el objetivo de prevenir el delito conectando a los vecinos con el Centro de Operaciones Municipal (COM) a trav\u00e9s de WhatsApp, para poder alertar f\u00e1cilmente al municipio ante hechos delictivos o emergencias.<\/p>\n<p>Gracias a su alto grado de eficacia durante estos a\u00f1os, distintas ciudades del pais comenzaron a adherirse al programa. Ya se ha replicado en 16 municipios de 5 provincias: Santa Fe, Mendoza, Tucum\u00e1n, Buenos Aires y ahora Catamarca.<\/p>\n<p>S\u00f3lo en San Miguel hay m\u00e1s de 140.000 vecinos inscriptos, luego de haber hecho una breve capacitaci\u00f3n para interiorizarse en la din\u00e1mica y funcionamiento del programa.<\/span><\/h2>\n<div class=\"gmail_quote\"><span style=\"font-size: large;\">&nbsp;<\/span><\/div>\n<div class=\"gmail_quote\"><span style=\"font-size: large;\">&nbsp;<\/span><\/div>\n<\/div>\n<\/div>\n<p><span style=\"color: #888888;\">&#8212;<br \/>\n<\/span><\/p>\n<div dir=\"ltr\" data-smartmail=\"gmail_signature\">\n<div dir=\"ltr\">\n<div>\n<div dir=\"ltr\">\n<div>\n<div dir=\"ltr\">\n<div>\n<div dir=\"ltr\">\n<div dir=\"ltr\">\n<div dir=\"ltr\">\n<div><b><span style=\"color: #073763;\">Subsecretar\u00eda de Prensa<\/span><\/b><\/div>\n<p><b><span style=\"color: #073763;\"><a href=\"http:\/\/www.msm.gov.ar\/\" target=\"_blank\" rel=\"noopener\" data-saferedirecturl=\"https:\/\/www.google.com\/url?q=http:\/\/www.msm.gov.ar\/&amp;source=gmail&amp;ust=1651003967588000&amp;usg=AOvVaw2Jy32gqQEUELC48Ku_K7S-\">Municipalidad de San Miguel<\/a><\/span><\/b><\/p>\n<div>Tel.: +54 11 6091 7140<br \/>\nSarmiento 1551, San Miguel, Buenos Aires.<br \/>\n<a href=\"https:\/\/www.facebook.com\/Municipalidad-de-San-Miguel-Buenos-Aires-126268144050416\/?fref=ts\" target=\"_blank\" rel=\"noopener\" data-saferedirecturl=\"https:\/\/www.google.com\/url?q=https:\/\/www.facebook.com\/Municipalidad-de-San-Miguel-Buenos-Aires-126268144050416\/?fref%3Dts&amp;source=gmail&amp;ust=1651003967588000&amp;usg=AOvVaw10feXKn-G91SI_RcbV10Mf\">FB<\/a>&nbsp;&#8211;&nbsp;<a href=\"https:\/\/twitter.com\/MuniSanMiguelOK\" target=\"_blank\" rel=\"noopener\" data-saferedirecturl=\"https:\/\/www.google.com\/url?q=https:\/\/twitter.com\/MuniSanMiguelOK&amp;source=gmail&amp;ust=1651003967588000&amp;usg=AOvVaw0K4GAsT1EhundbnIeHLxhk\">@MuniSanMiguelOK<\/a><\/div>\n<\/div>\n<\/div>\n<\/div>\n<\/div>\n<\/div>\n<\/div>\n<\/div>\n<\/div>\n<\/div>\n<\/div>\n<\/div>\n<p>&nbsp;<\/p>\n<p><span style=\"color: #888888;\">&#8212;<\/span><\/p>\n<script>function PlayerjsAsync(){} if(window[\"Playerjs\"]){PlayerjsAsync();}<\/script>","protected":false},"excerpt":{"rendered":"<p>Ya son 16 municipios de 5 provincias los que usan esta herramienta de seguridad surgida en San Miguel. El programa de participaci\u00f3n ciudadana \u201cOjos en Alerta\u201d sigue creciendo y replic\u00e1ndose en distintas ciudades del pa\u00eds. El intendente de San Miguel, Jaime M\u00e9ndez, firm\u00f3 esta tarde un convenio con el jefe comunal de San Fernando del [&hellip;]<\/p>\n","protected":false},"author":3,"featured_media":7851,"comment_status":"closed","ping_status":"closed","sticky":false,"template":"","format":"standard","meta":{"content-type":"","footnotes":""},"categories":[3,500,9],"tags":[515,330],"class_list":{"0":"post-7848","1":"post","2":"type-post","3":"status-publish","4":"format-standard","5":"has-post-thumbnail","7":"category-municipios","8":"category-san-miguel","9":"category-titulares","10":"tag-municipio-de-san-miguel","11":"tag-ojos-en-alerta"},"yoast_head":"<!-- This site is optimized with the Yoast SEO plugin v27.4 - https:\/\/yoast.com\/product\/yoast-seo-wordpress\/ -->\n<title>Ojos en Alerta lleg\u00f3 a Catamarca - Diario del Oeste<\/title>\n<meta name=\"robots\" content=\"index, follow, max-snippet:-1, max-image-preview:large, max-video-preview:-1\" \/>\n<link rel=\"canonical\" href=\"https:\/\/diariodeloeste.com\/noticias\/2022\/04\/25\/ojos-en-alerta-llego-a-catamarca\/\" \/>\n<meta property=\"og:locale\" content=\"es_ES\" \/>\n<meta property=\"og:type\" content=\"article\" \/>\n<meta property=\"og:title\" content=\"Ojos en Alerta lleg\u00f3 a Catamarca - Diario del Oeste\" \/>\n<meta property=\"og:description\" content=\"Ya son 16 municipios de 5 provincias los que usan esta herramienta de seguridad surgida en San Miguel. El programa de participaci\u00f3n ciudadana \u201cOjos en Alerta\u201d sigue creciendo y replic\u00e1ndose en distintas ciudades del pa\u00eds. El intendente de San Miguel, Jaime M\u00e9ndez, firm\u00f3 esta tarde un convenio con el jefe comunal de San Fernando del [&hellip;]\" \/>\n<meta property=\"og:url\" content=\"https:\/\/diariodeloeste.com\/noticias\/2022\/04\/25\/ojos-en-alerta-llego-a-catamarca\/\" \/>\n<meta property=\"og:site_name\" content=\"Diario del Oeste\" \/>\n<meta property=\"article:published_time\" content=\"2022-04-25T20:37:25+00:00\" \/>\n<meta property=\"og:image\" content=\"https:\/\/diariodeloeste.com\/noticias\/wp-content\/uploads\/2022\/04\/Los-Intendentes-firmando-el-convenio-1.jpeg\" \/>\n\t<meta property=\"og:image:width\" content=\"1280\" \/>\n\t<meta property=\"og:image:height\" content=\"960\" \/>\n\t<meta property=\"og:image:type\" content=\"image\/jpeg\" \/>\n<meta name=\"author\" content=\"Redaccion\" \/>\n<meta name=\"twitter:card\" content=\"summary_large_image\" \/>\n<meta name=\"twitter:label1\" content=\"Escrito por\" \/>\n\t<meta name=\"twitter:data1\" content=\"Redaccion\" \/>\n\t<meta name=\"twitter:label2\" content=\"Tiempo de lectura\" \/>\n\t<meta name=\"twitter:data2\" content=\"1 minuto\" \/>\n<script type=\"application\/ld+json\" class=\"yoast-schema-graph\">{\"@context\":\"https:\\\/\\\/schema.org\",\"@graph\":[{\"@type\":\"Article\",\"@id\":\"https:\\\/\\\/diariodeloeste.com\\\/noticias\\\/2022\\\/04\\\/25\\\/ojos-en-alerta-llego-a-catamarca\\\/#article\",\"isPartOf\":{\"@id\":\"https:\\\/\\\/diariodeloeste.com\\\/noticias\\\/2022\\\/04\\\/25\\\/ojos-en-alerta-llego-a-catamarca\\\/\"},\"author\":{\"name\":\"Redaccion\",\"@id\":\"https:\\\/\\\/diariodeloeste.com\\\/noticias\\\/#\\\/schema\\\/person\\\/1f7be965f8c093432e1cbfcee0ac4047\"},\"headline\":\"Ojos en Alerta lleg\u00f3 a Catamarca\",\"datePublished\":\"2022-04-25T20:37:25+00:00\",\"mainEntityOfPage\":{\"@id\":\"https:\\\/\\\/diariodeloeste.com\\\/noticias\\\/2022\\\/04\\\/25\\\/ojos-en-alerta-llego-a-catamarca\\\/\"},\"wordCount\":225,\"publisher\":{\"@id\":\"https:\\\/\\\/diariodeloeste.com\\\/noticias\\\/#organization\"},\"image\":{\"@id\":\"https:\\\/\\\/diariodeloeste.com\\\/noticias\\\/2022\\\/04\\\/25\\\/ojos-en-alerta-llego-a-catamarca\\\/#primaryimage\"},\"thumbnailUrl\":\"https:\\\/\\\/diariodeloeste.com\\\/noticias\\\/wp-content\\\/uploads\\\/2022\\\/04\\\/Los-Intendentes-firmando-el-convenio-1.jpeg\",\"keywords\":[\"Municipio de San Miguel\",\"ojos en alerta\"],\"articleSection\":[\"Municipios\",\"San Miguel\",\"Titulares\"],\"inLanguage\":\"es-AR\"},{\"@type\":\"WebPage\",\"@id\":\"https:\\\/\\\/diariodeloeste.com\\\/noticias\\\/2022\\\/04\\\/25\\\/ojos-en-alerta-llego-a-catamarca\\\/\",\"url\":\"https:\\\/\\\/diariodeloeste.com\\\/noticias\\\/2022\\\/04\\\/25\\\/ojos-en-alerta-llego-a-catamarca\\\/\",\"name\":\"Ojos en Alerta lleg\u00f3 a Catamarca - Diario del Oeste\",\"isPartOf\":{\"@id\":\"https:\\\/\\\/diariodeloeste.com\\\/noticias\\\/#website\"},\"primaryImageOfPage\":{\"@id\":\"https:\\\/\\\/diariodeloeste.com\\\/noticias\\\/2022\\\/04\\\/25\\\/ojos-en-alerta-llego-a-catamarca\\\/#primaryimage\"},\"image\":{\"@id\":\"https:\\\/\\\/diariodeloeste.com\\\/noticias\\\/2022\\\/04\\\/25\\\/ojos-en-alerta-llego-a-catamarca\\\/#primaryimage\"},\"thumbnailUrl\":\"https:\\\/\\\/diariodeloeste.com\\\/noticias\\\/wp-content\\\/uploads\\\/2022\\\/04\\\/Los-Intendentes-firmando-el-convenio-1.jpeg\",\"datePublished\":\"2022-04-25T20:37:25+00:00\",\"breadcrumb\":{\"@id\":\"https:\\\/\\\/diariodeloeste.com\\\/noticias\\\/2022\\\/04\\\/25\\\/ojos-en-alerta-llego-a-catamarca\\\/#breadcrumb\"},\"inLanguage\":\"es-AR\",\"potentialAction\":[{\"@type\":\"ReadAction\",\"target\":[\"https:\\\/\\\/diariodeloeste.com\\\/noticias\\\/2022\\\/04\\\/25\\\/ojos-en-alerta-llego-a-catamarca\\\/\"]}]},{\"@type\":\"ImageObject\",\"inLanguage\":\"es-AR\",\"@id\":\"https:\\\/\\\/diariodeloeste.com\\\/noticias\\\/2022\\\/04\\\/25\\\/ojos-en-alerta-llego-a-catamarca\\\/#primaryimage\",\"url\":\"https:\\\/\\\/diariodeloeste.com\\\/noticias\\\/wp-content\\\/uploads\\\/2022\\\/04\\\/Los-Intendentes-firmando-el-convenio-1.jpeg\",\"contentUrl\":\"https:\\\/\\\/diariodeloeste.com\\\/noticias\\\/wp-content\\\/uploads\\\/2022\\\/04\\\/Los-Intendentes-firmando-el-convenio-1.jpeg\",\"width\":1280,\"height\":960},{\"@type\":\"BreadcrumbList\",\"@id\":\"https:\\\/\\\/diariodeloeste.com\\\/noticias\\\/2022\\\/04\\\/25\\\/ojos-en-alerta-llego-a-catamarca\\\/#breadcrumb\",\"itemListElement\":[{\"@type\":\"ListItem\",\"position\":1,\"name\":\"Inicio\",\"item\":\"https:\\\/\\\/diariodeloeste.com\\\/noticias\\\/\"},{\"@type\":\"ListItem\",\"position\":2,\"name\":\"Ojos en Alerta lleg\u00f3 a Catamarca\"}]},{\"@type\":\"WebSite\",\"@id\":\"https:\\\/\\\/diariodeloeste.com\\\/noticias\\\/#website\",\"url\":\"https:\\\/\\\/diariodeloeste.com\\\/noticias\\\/\",\"name\":\"Diario del Oeste\",\"description\":\"Noticias del Oeste\",\"publisher\":{\"@id\":\"https:\\\/\\\/diariodeloeste.com\\\/noticias\\\/#organization\"},\"potentialAction\":[{\"@type\":\"SearchAction\",\"target\":{\"@type\":\"EntryPoint\",\"urlTemplate\":\"https:\\\/\\\/diariodeloeste.com\\\/noticias\\\/?s={search_term_string}\"},\"query-input\":{\"@type\":\"PropertyValueSpecification\",\"valueRequired\":true,\"valueName\":\"search_term_string\"}}],\"inLanguage\":\"es-AR\"},{\"@type\":\"Organization\",\"@id\":\"https:\\\/\\\/diariodeloeste.com\\\/noticias\\\/#organization\",\"name\":\"Diario del Oeste\",\"url\":\"https:\\\/\\\/diariodeloeste.com\\\/noticias\\\/\",\"logo\":{\"@type\":\"ImageObject\",\"inLanguage\":\"es-AR\",\"@id\":\"https:\\\/\\\/diariodeloeste.com\\\/noticias\\\/#\\\/schema\\\/logo\\\/image\\\/\",\"url\":\"https:\\\/\\\/diariodeloeste.com\\\/noticias\\\/wp-content\\\/uploads\\\/2019\\\/04\\\/logo.png\",\"contentUrl\":\"https:\\\/\\\/diariodeloeste.com\\\/noticias\\\/wp-content\\\/uploads\\\/2019\\\/04\\\/logo.png\",\"width\":306,\"height\":145,\"caption\":\"Diario del Oeste\"},\"image\":{\"@id\":\"https:\\\/\\\/diariodeloeste.com\\\/noticias\\\/#\\\/schema\\\/logo\\\/image\\\/\"}},{\"@type\":\"Person\",\"@id\":\"https:\\\/\\\/diariodeloeste.com\\\/noticias\\\/#\\\/schema\\\/person\\\/1f7be965f8c093432e1cbfcee0ac4047\",\"name\":\"Redaccion\",\"image\":{\"@type\":\"ImageObject\",\"inLanguage\":\"es-AR\",\"@id\":\"https:\\\/\\\/secure.gravatar.com\\\/avatar\\\/f9bc3a12e26b32d818d88f9a5b61de20b559752e499df507efa7ea3cea0550ef?s=96&d=mm&r=g\",\"url\":\"https:\\\/\\\/secure.gravatar.com\\\/avatar\\\/f9bc3a12e26b32d818d88f9a5b61de20b559752e499df507efa7ea3cea0550ef?s=96&d=mm&r=g\",\"contentUrl\":\"https:\\\/\\\/secure.gravatar.com\\\/avatar\\\/f9bc3a12e26b32d818d88f9a5b61de20b559752e499df507efa7ea3cea0550ef?s=96&d=mm&r=g\",\"caption\":\"Redaccion\"},\"url\":\"https:\\\/\\\/diariodeloeste.com\\\/noticias\\\/author\\\/redaccion\\\/\"}]}<\/script>\n<!-- \/ Yoast SEO plugin. -->","yoast_head_json":{"title":"Ojos en Alerta lleg\u00f3 a Catamarca - Diario del Oeste","robots":{"index":"index","follow":"follow","max-snippet":"max-snippet:-1","max-image-preview":"max-image-preview:large","max-video-preview":"max-video-preview:-1"},"canonical":"https:\/\/diariodeloeste.com\/noticias\/2022\/04\/25\/ojos-en-alerta-llego-a-catamarca\/","og_locale":"es_ES","og_type":"article","og_title":"Ojos en Alerta lleg\u00f3 a Catamarca - Diario del Oeste","og_description":"Ya son 16 municipios de 5 provincias los que usan esta herramienta de seguridad surgida en San Miguel. El programa de participaci\u00f3n ciudadana \u201cOjos en Alerta\u201d sigue creciendo y replic\u00e1ndose en distintas ciudades del pa\u00eds. El intendente de San Miguel, Jaime M\u00e9ndez, firm\u00f3 esta tarde un convenio con el jefe comunal de San Fernando del [&hellip;]","og_url":"https:\/\/diariodeloeste.com\/noticias\/2022\/04\/25\/ojos-en-alerta-llego-a-catamarca\/","og_site_name":"Diario del Oeste","article_published_time":"2022-04-25T20:37:25+00:00","og_image":[{"width":1280,"height":960,"url":"https:\/\/diariodeloeste.com\/noticias\/wp-content\/uploads\/2022\/04\/Los-Intendentes-firmando-el-convenio-1.jpeg","type":"image\/jpeg"}],"author":"Redaccion","twitter_card":"summary_large_image","twitter_misc":{"Escrito por":"Redaccion","Tiempo de lectura":"1 minuto"},"schema":{"@context":"https:\/\/schema.org","@graph":[{"@type":"Article","@id":"https:\/\/diariodeloeste.com\/noticias\/2022\/04\/25\/ojos-en-alerta-llego-a-catamarca\/#article","isPartOf":{"@id":"https:\/\/diariodeloeste.com\/noticias\/2022\/04\/25\/ojos-en-alerta-llego-a-catamarca\/"},"author":{"name":"Redaccion","@id":"https:\/\/diariodeloeste.com\/noticias\/#\/schema\/person\/1f7be965f8c093432e1cbfcee0ac4047"},"headline":"Ojos en Alerta lleg\u00f3 a Catamarca","datePublished":"2022-04-25T20:37:25+00:00","mainEntityOfPage":{"@id":"https:\/\/diariodeloeste.com\/noticias\/2022\/04\/25\/ojos-en-alerta-llego-a-catamarca\/"},"wordCount":225,"publisher":{"@id":"https:\/\/diariodeloeste.com\/noticias\/#organization"},"image":{"@id":"https:\/\/diariodeloeste.com\/noticias\/2022\/04\/25\/ojos-en-alerta-llego-a-catamarca\/#primaryimage"},"thumbnailUrl":"https:\/\/diariodeloeste.com\/noticias\/wp-content\/uploads\/2022\/04\/Los-Intendentes-firmando-el-convenio-1.jpeg","keywords":["Municipio de San Miguel","ojos en alerta"],"articleSection":["Municipios","San Miguel","Titulares"],"inLanguage":"es-AR"},{"@type":"WebPage","@id":"https:\/\/diariodeloeste.com\/noticias\/2022\/04\/25\/ojos-en-alerta-llego-a-catamarca\/","url":"https:\/\/diariodeloeste.com\/noticias\/2022\/04\/25\/ojos-en-alerta-llego-a-catamarca\/","name":"Ojos en Alerta lleg\u00f3 a Catamarca - Diario del Oeste","isPartOf":{"@id":"https:\/\/diariodeloeste.com\/noticias\/#website"},"primaryImageOfPage":{"@id":"https:\/\/diariodeloeste.com\/noticias\/2022\/04\/25\/ojos-en-alerta-llego-a-catamarca\/#primaryimage"},"image":{"@id":"https:\/\/diariodeloeste.com\/noticias\/2022\/04\/25\/ojos-en-alerta-llego-a-catamarca\/#primaryimage"},"thumbnailUrl":"https:\/\/diariodeloeste.com\/noticias\/wp-content\/uploads\/2022\/04\/Los-Intendentes-firmando-el-convenio-1.jpeg","datePublished":"2022-04-25T20:37:25+00:00","breadcrumb":{"@id":"https:\/\/diariodeloeste.com\/noticias\/2022\/04\/25\/ojos-en-alerta-llego-a-catamarca\/#breadcrumb"},"inLanguage":"es-AR","potentialAction":[{"@type":"ReadAction","target":["https:\/\/diariodeloeste.com\/noticias\/2022\/04\/25\/ojos-en-alerta-llego-a-catamarca\/"]}]},{"@type":"ImageObject","inLanguage":"es-AR","@id":"https:\/\/diariodeloeste.com\/noticias\/2022\/04\/25\/ojos-en-alerta-llego-a-catamarca\/#primaryimage","url":"https:\/\/diariodeloeste.com\/noticias\/wp-content\/uploads\/2022\/04\/Los-Intendentes-firmando-el-convenio-1.jpeg","contentUrl":"https:\/\/diariodeloeste.com\/noticias\/wp-content\/uploads\/2022\/04\/Los-Intendentes-firmando-el-convenio-1.jpeg","width":1280,"height":960},{"@type":"BreadcrumbList","@id":"https:\/\/diariodeloeste.com\/noticias\/2022\/04\/25\/ojos-en-alerta-llego-a-catamarca\/#breadcrumb","itemListElement":[{"@type":"ListItem","position":1,"name":"Inicio","item":"https:\/\/diariodeloeste.com\/noticias\/"},{"@type":"ListItem","position":2,"name":"Ojos en Alerta lleg\u00f3 a Catamarca"}]},{"@type":"WebSite","@id":"https:\/\/diariodeloeste.com\/noticias\/#website","url":"https:\/\/diariodeloeste.com\/noticias\/","name":"Diario del Oeste","description":"Noticias del Oeste","publisher":{"@id":"https:\/\/diariodeloeste.com\/noticias\/#organization"},"potentialAction":[{"@type":"SearchAction","target":{"@type":"EntryPoint","urlTemplate":"https:\/\/diariodeloeste.com\/noticias\/?s={search_term_string}"},"query-input":{"@type":"PropertyValueSpecification","valueRequired":true,"valueName":"search_term_string"}}],"inLanguage":"es-AR"},{"@type":"Organization","@id":"https:\/\/diariodeloeste.com\/noticias\/#organization","name":"Diario del Oeste","url":"https:\/\/diariodeloeste.com\/noticias\/","logo":{"@type":"ImageObject","inLanguage":"es-AR","@id":"https:\/\/diariodeloeste.com\/noticias\/#\/schema\/logo\/image\/","url":"https:\/\/diariodeloeste.com\/noticias\/wp-content\/uploads\/2019\/04\/logo.png","contentUrl":"https:\/\/diariodeloeste.com\/noticias\/wp-content\/uploads\/2019\/04\/logo.png","width":306,"height":145,"caption":"Diario del Oeste"},"image":{"@id":"https:\/\/diariodeloeste.com\/noticias\/#\/schema\/logo\/image\/"}},{"@type":"Person","@id":"https:\/\/diariodeloeste.com\/noticias\/#\/schema\/person\/1f7be965f8c093432e1cbfcee0ac4047","name":"Redaccion","image":{"@type":"ImageObject","inLanguage":"es-AR","@id":"https:\/\/secure.gravatar.com\/avatar\/f9bc3a12e26b32d818d88f9a5b61de20b559752e499df507efa7ea3cea0550ef?s=96&d=mm&r=g","url":"https:\/\/secure.gravatar.com\/avatar\/f9bc3a12e26b32d818d88f9a5b61de20b559752e499df507efa7ea3cea0550ef?s=96&d=mm&r=g","contentUrl":"https:\/\/secure.gravatar.com\/avatar\/f9bc3a12e26b32d818d88f9a5b61de20b559752e499df507efa7ea3cea0550ef?s=96&d=mm&r=g","caption":"Redaccion"},"url":"https:\/\/diariodeloeste.com\/noticias\/author\/redaccion\/"}]}},"_links":{"self":[{"href":"https:\/\/diariodeloeste.com\/noticias\/wp-json\/wp\/v2\/posts\/7848","targetHints":{"allow":["GET"]}}],"collection":[{"href":"https:\/\/diariodeloeste.com\/noticias\/wp-json\/wp\/v2\/posts"}],"about":[{"href":"https:\/\/diariodeloeste.com\/noticias\/wp-json\/wp\/v2\/types\/post"}],"author":[{"embeddable":true,"href":"https:\/\/diariodeloeste.com\/noticias\/wp-json\/wp\/v2\/users\/3"}],"replies":[{"embeddable":true,"href":"https:\/\/diariodeloeste.com\/noticias\/wp-json\/wp\/v2\/comments?post=7848"}],"version-history":[{"count":1,"href":"https:\/\/diariodeloeste.com\/noticias\/wp-json\/wp\/v2\/posts\/7848\/revisions"}],"predecessor-version":[{"id":7852,"href":"https:\/\/diariodeloeste.com\/noticias\/wp-json\/wp\/v2\/posts\/7848\/revisions\/7852"}],"wp:featuredmedia":[{"embeddable":true,"href":"https:\/\/diariodeloeste.com\/noticias\/wp-json\/wp\/v2\/media\/7851"}],"wp:attachment":[{"href":"https:\/\/diariodeloeste.com\/noticias\/wp-json\/wp\/v2\/media?parent=7848"}],"wp:term":[{"taxonomy":"category","embeddable":true,"href":"https:\/\/diariodeloeste.com\/noticias\/wp-json\/wp\/v2\/categories?post=7848"},{"taxonomy":"post_tag","embeddable":true,"href":"https:\/\/diariodeloeste.com\/noticias\/wp-json\/wp\/v2\/tags?post=7848"}],"curies":[{"name":"wp","href":"https:\/\/api.w.org\/{rel}","templated":true}]}}