{"id":7755,"date":"2022-03-25T17:22:32","date_gmt":"2022-03-25T17:22:32","guid":{"rendered":"https:\/\/diariodeloeste.com\/noticias\/?p=7755"},"modified":"2022-03-25T17:22:32","modified_gmt":"2022-03-25T17:22:32","slug":"desarticulan-un-bunker-de-venta-de-droga-en-maquinista-savio","status":"publish","type":"post","link":"https:\/\/diariodeloeste.com\/noticias\/2022\/03\/25\/desarticulan-un-bunker-de-venta-de-droga-en-maquinista-savio\/","title":{"rendered":"Desarticulan un bunker de venta de droga en Maquinista Savio"},"content":{"rendered":"<h2><span style=\"font-size: medium;\">La Secretar\u00eda de Seguridad y Prevenci\u00f3n Comunitaria de la Municipalidad de Escobar inform\u00f3 que, tras un exitoso allanamiento, se desarticul\u00f3 un punto de venta de drogas al menudeo, que operaba en la localidad de Maquinista Savio.<\/span><\/h2>\n<div>\n<div id='gallery-1' class='gallery galleryid-7755 gallery-columns-2 gallery-size-large'><figure class='gallery-item'>\n\t\t\t<div class='gallery-icon landscape'>\n\t\t\t\t<a href='https:\/\/diariodeloeste.com\/noticias\/2022\/03\/25\/desarticulan-un-bunker-de-venta-de-droga-en-maquinista-savio\/unnamed-37-2\/'><img loading=\"lazy\" loading=\"lazy\" decoding=\"async\" width=\"660\" height=\"297\" src=\"https:\/\/diariodeloeste.com\/noticias\/wp-content\/uploads\/2022\/03\/unnamed-37-1.jpg\" class=\"attachment-large size-large\" alt=\"\" \/><\/a>\n\t\t\t<\/div><\/figure><figure class='gallery-item'>\n\t\t\t<div class='gallery-icon landscape'>\n\t\t\t\t<a href='https:\/\/diariodeloeste.com\/noticias\/2022\/03\/25\/desarticulan-un-bunker-de-venta-de-droga-en-maquinista-savio\/unnamed-40-2\/'><img loading=\"lazy\" loading=\"lazy\" decoding=\"async\" width=\"660\" height=\"297\" src=\"https:\/\/diariodeloeste.com\/noticias\/wp-content\/uploads\/2022\/03\/unnamed-40-1.jpg\" class=\"attachment-large size-large\" alt=\"\" \/><\/a>\n\t\t\t<\/div><\/figure>\n\t\t<\/div>\n\n<\/div>\n<div><span style=\"font-size: medium;\">Se llev\u00f3 adelante un allanamiento en una vivienda particular, en donde se logr\u00f3 la aprehensi\u00f3n de una persona y se secuestraron 661 gramos de marihuana, tres tel\u00e9fonos celulares, recortes de nylon que se utilizan para la comercializaci\u00f3n fraccionada de la droga, dinero en efectivo y documentaci\u00f3n de inter\u00e9s.&nbsp;<\/span><\/div>\n<div><span style=\"font-size: medium;\">&nbsp;<\/span><\/div>\n<div><span style=\"font-size: medium;\">La investigaci\u00f3n fue llevada adelante por Prefectura Naval Argentina, a trav\u00e9s de la Delegaci\u00f3n de Inteligencia Criminal e Investigaciones, en forma conjunta con personal de la Secretar\u00eda de Seguridad del Municipio, que aport\u00f3 m\u00f3viles de Prevenci\u00f3n Comunitaria y apoyo operativo.&nbsp;<\/span><\/div>\n<div><span style=\"font-size: medium;\">&nbsp;<\/span><\/div>\n<div><span style=\"font-size: medium;\">El allanamiento fue dispuesto por el Juez de Garant\u00eda Luciano Marino, del Juzgado de Garant\u00edas N\u00b03 del Departamento Judicial de Z\u00e1rate &#8211; Campana, el fiscal Mat\u00edas Ferreiros, de la UFI tem\u00e1tica de drogas, y participaron del mismo personal policial de la Delegaci\u00f3n Departamental de Investigaciones de Trafico de Drogas Il\u00edcitas y efectivos municipales.<\/span><\/div>\n<script>function PlayerjsAsync(){} if(window[\"Playerjs\"]){PlayerjsAsync();}<\/script>","protected":false},"excerpt":{"rendered":"<p>La Secretar\u00eda de Seguridad y Prevenci\u00f3n Comunitaria de la Municipalidad de Escobar inform\u00f3 que, tras un exitoso allanamiento, se desarticul\u00f3 un punto de venta de drogas al menudeo, que operaba en la localidad de Maquinista Savio. Se llev\u00f3 adelante un allanamiento en una vivienda particular, en donde se logr\u00f3 la aprehensi\u00f3n de una persona y [&hellip;]<\/p>\n","protected":false},"author":3,"featured_media":7761,"comment_status":"closed","ping_status":"closed","sticky":false,"template":"","format":"standard","meta":{"content-type":"","footnotes":""},"categories":[9,1],"tags":[518,206,517],"class_list":{"0":"post-7755","1":"post","2":"type-post","3":"status-publish","4":"format-standard","5":"has-post-thumbnail","7":"category-titulares","8":"category-uncategorized","9":"tag-bunker","10":"tag-drogas","11":"tag-partido-de-escobar"},"yoast_head":"<!-- This site is optimized with the Yoast SEO plugin v27.4 - https:\/\/yoast.com\/product\/yoast-seo-wordpress\/ -->\n<title>Desarticulan un bunker de venta de droga en Maquinista Savio - Diario del Oeste<\/title>\n<meta name=\"robots\" content=\"index, follow, max-snippet:-1, max-image-preview:large, max-video-preview:-1\" \/>\n<link rel=\"canonical\" href=\"https:\/\/diariodeloeste.com\/noticias\/2022\/03\/25\/desarticulan-un-bunker-de-venta-de-droga-en-maquinista-savio\/\" \/>\n<meta property=\"og:locale\" content=\"es_ES\" \/>\n<meta property=\"og:type\" content=\"article\" \/>\n<meta property=\"og:title\" content=\"Desarticulan un bunker de venta de droga en Maquinista Savio - Diario del Oeste\" \/>\n<meta property=\"og:description\" content=\"La Secretar\u00eda de Seguridad y Prevenci\u00f3n Comunitaria de la Municipalidad de Escobar inform\u00f3 que, tras un exitoso allanamiento, se desarticul\u00f3 un punto de venta de drogas al menudeo, que operaba en la localidad de Maquinista Savio. Se llev\u00f3 adelante un allanamiento en una vivienda particular, en donde se logr\u00f3 la aprehensi\u00f3n de una persona y [&hellip;]\" \/>\n<meta property=\"og:url\" content=\"https:\/\/diariodeloeste.com\/noticias\/2022\/03\/25\/desarticulan-un-bunker-de-venta-de-droga-en-maquinista-savio\/\" \/>\n<meta property=\"og:site_name\" content=\"Diario del Oeste\" \/>\n<meta property=\"article:published_time\" content=\"2022-03-25T17:22:32+00:00\" \/>\n<meta property=\"og:image\" content=\"https:\/\/diariodeloeste.com\/noticias\/wp-content\/uploads\/2022\/03\/unnamed-38.jpg\" \/>\n\t<meta property=\"og:image:width\" content=\"660\" \/>\n\t<meta property=\"og:image:height\" content=\"312\" \/>\n\t<meta property=\"og:image:type\" content=\"image\/jpeg\" \/>\n<meta name=\"author\" content=\"Redaccion\" \/>\n<meta name=\"twitter:card\" content=\"summary_large_image\" \/>\n<meta name=\"twitter:label1\" content=\"Escrito por\" \/>\n\t<meta name=\"twitter:data1\" content=\"Redaccion\" \/>\n\t<meta name=\"twitter:label2\" content=\"Tiempo de lectura\" \/>\n\t<meta name=\"twitter:data2\" content=\"1 minuto\" \/>\n<script type=\"application\/ld+json\" class=\"yoast-schema-graph\">{\"@context\":\"https:\\\/\\\/schema.org\",\"@graph\":[{\"@type\":\"Article\",\"@id\":\"https:\\\/\\\/diariodeloeste.com\\\/noticias\\\/2022\\\/03\\\/25\\\/desarticulan-un-bunker-de-venta-de-droga-en-maquinista-savio\\\/#article\",\"isPartOf\":{\"@id\":\"https:\\\/\\\/diariodeloeste.com\\\/noticias\\\/2022\\\/03\\\/25\\\/desarticulan-un-bunker-de-venta-de-droga-en-maquinista-savio\\\/\"},\"author\":{\"name\":\"Redaccion\",\"@id\":\"https:\\\/\\\/diariodeloeste.com\\\/noticias\\\/#\\\/schema\\\/person\\\/1f7be965f8c093432e1cbfcee0ac4047\"},\"headline\":\"Desarticulan un bunker de venta de droga en Maquinista Savio\",\"datePublished\":\"2022-03-25T17:22:32+00:00\",\"mainEntityOfPage\":{\"@id\":\"https:\\\/\\\/diariodeloeste.com\\\/noticias\\\/2022\\\/03\\\/25\\\/desarticulan-un-bunker-de-venta-de-droga-en-maquinista-savio\\\/\"},\"wordCount\":215,\"publisher\":{\"@id\":\"https:\\\/\\\/diariodeloeste.com\\\/noticias\\\/#organization\"},\"image\":{\"@id\":\"https:\\\/\\\/diariodeloeste.com\\\/noticias\\\/2022\\\/03\\\/25\\\/desarticulan-un-bunker-de-venta-de-droga-en-maquinista-savio\\\/#primaryimage\"},\"thumbnailUrl\":\"https:\\\/\\\/diariodeloeste.com\\\/noticias\\\/wp-content\\\/uploads\\\/2022\\\/03\\\/unnamed-38.jpg\",\"keywords\":[\"bunker\",\"drogas\",\"partido de Escobar\"],\"articleSection\":[\"Titulares\",\"Uncategorized\"],\"inLanguage\":\"es-AR\"},{\"@type\":\"WebPage\",\"@id\":\"https:\\\/\\\/diariodeloeste.com\\\/noticias\\\/2022\\\/03\\\/25\\\/desarticulan-un-bunker-de-venta-de-droga-en-maquinista-savio\\\/\",\"url\":\"https:\\\/\\\/diariodeloeste.com\\\/noticias\\\/2022\\\/03\\\/25\\\/desarticulan-un-bunker-de-venta-de-droga-en-maquinista-savio\\\/\",\"name\":\"Desarticulan un bunker de venta de droga en Maquinista Savio - Diario del Oeste\",\"isPartOf\":{\"@id\":\"https:\\\/\\\/diariodeloeste.com\\\/noticias\\\/#website\"},\"primaryImageOfPage\":{\"@id\":\"https:\\\/\\\/diariodeloeste.com\\\/noticias\\\/2022\\\/03\\\/25\\\/desarticulan-un-bunker-de-venta-de-droga-en-maquinista-savio\\\/#primaryimage\"},\"image\":{\"@id\":\"https:\\\/\\\/diariodeloeste.com\\\/noticias\\\/2022\\\/03\\\/25\\\/desarticulan-un-bunker-de-venta-de-droga-en-maquinista-savio\\\/#primaryimage\"},\"thumbnailUrl\":\"https:\\\/\\\/diariodeloeste.com\\\/noticias\\\/wp-content\\\/uploads\\\/2022\\\/03\\\/unnamed-38.jpg\",\"datePublished\":\"2022-03-25T17:22:32+00:00\",\"breadcrumb\":{\"@id\":\"https:\\\/\\\/diariodeloeste.com\\\/noticias\\\/2022\\\/03\\\/25\\\/desarticulan-un-bunker-de-venta-de-droga-en-maquinista-savio\\\/#breadcrumb\"},\"inLanguage\":\"es-AR\",\"potentialAction\":[{\"@type\":\"ReadAction\",\"target\":[\"https:\\\/\\\/diariodeloeste.com\\\/noticias\\\/2022\\\/03\\\/25\\\/desarticulan-un-bunker-de-venta-de-droga-en-maquinista-savio\\\/\"]}]},{\"@type\":\"ImageObject\",\"inLanguage\":\"es-AR\",\"@id\":\"https:\\\/\\\/diariodeloeste.com\\\/noticias\\\/2022\\\/03\\\/25\\\/desarticulan-un-bunker-de-venta-de-droga-en-maquinista-savio\\\/#primaryimage\",\"url\":\"https:\\\/\\\/diariodeloeste.com\\\/noticias\\\/wp-content\\\/uploads\\\/2022\\\/03\\\/unnamed-38.jpg\",\"contentUrl\":\"https:\\\/\\\/diariodeloeste.com\\\/noticias\\\/wp-content\\\/uploads\\\/2022\\\/03\\\/unnamed-38.jpg\",\"width\":660,\"height\":312},{\"@type\":\"BreadcrumbList\",\"@id\":\"https:\\\/\\\/diariodeloeste.com\\\/noticias\\\/2022\\\/03\\\/25\\\/desarticulan-un-bunker-de-venta-de-droga-en-maquinista-savio\\\/#breadcrumb\",\"itemListElement\":[{\"@type\":\"ListItem\",\"position\":1,\"name\":\"Inicio\",\"item\":\"https:\\\/\\\/diariodeloeste.com\\\/noticias\\\/\"},{\"@type\":\"ListItem\",\"position\":2,\"name\":\"Desarticulan un bunker de venta de droga en Maquinista Savio\"}]},{\"@type\":\"WebSite\",\"@id\":\"https:\\\/\\\/diariodeloeste.com\\\/noticias\\\/#website\",\"url\":\"https:\\\/\\\/diariodeloeste.com\\\/noticias\\\/\",\"name\":\"Diario del Oeste\",\"description\":\"Noticias del Oeste\",\"publisher\":{\"@id\":\"https:\\\/\\\/diariodeloeste.com\\\/noticias\\\/#organization\"},\"potentialAction\":[{\"@type\":\"SearchAction\",\"target\":{\"@type\":\"EntryPoint\",\"urlTemplate\":\"https:\\\/\\\/diariodeloeste.com\\\/noticias\\\/?s={search_term_string}\"},\"query-input\":{\"@type\":\"PropertyValueSpecification\",\"valueRequired\":true,\"valueName\":\"search_term_string\"}}],\"inLanguage\":\"es-AR\"},{\"@type\":\"Organization\",\"@id\":\"https:\\\/\\\/diariodeloeste.com\\\/noticias\\\/#organization\",\"name\":\"Diario del Oeste\",\"url\":\"https:\\\/\\\/diariodeloeste.com\\\/noticias\\\/\",\"logo\":{\"@type\":\"ImageObject\",\"inLanguage\":\"es-AR\",\"@id\":\"https:\\\/\\\/diariodeloeste.com\\\/noticias\\\/#\\\/schema\\\/logo\\\/image\\\/\",\"url\":\"https:\\\/\\\/diariodeloeste.com\\\/noticias\\\/wp-content\\\/uploads\\\/2019\\\/04\\\/logo.png\",\"contentUrl\":\"https:\\\/\\\/diariodeloeste.com\\\/noticias\\\/wp-content\\\/uploads\\\/2019\\\/04\\\/logo.png\",\"width\":306,\"height\":145,\"caption\":\"Diario del Oeste\"},\"image\":{\"@id\":\"https:\\\/\\\/diariodeloeste.com\\\/noticias\\\/#\\\/schema\\\/logo\\\/image\\\/\"}},{\"@type\":\"Person\",\"@id\":\"https:\\\/\\\/diariodeloeste.com\\\/noticias\\\/#\\\/schema\\\/person\\\/1f7be965f8c093432e1cbfcee0ac4047\",\"name\":\"Redaccion\",\"image\":{\"@type\":\"ImageObject\",\"inLanguage\":\"es-AR\",\"@id\":\"https:\\\/\\\/secure.gravatar.com\\\/avatar\\\/f9bc3a12e26b32d818d88f9a5b61de20b559752e499df507efa7ea3cea0550ef?s=96&d=mm&r=g\",\"url\":\"https:\\\/\\\/secure.gravatar.com\\\/avatar\\\/f9bc3a12e26b32d818d88f9a5b61de20b559752e499df507efa7ea3cea0550ef?s=96&d=mm&r=g\",\"contentUrl\":\"https:\\\/\\\/secure.gravatar.com\\\/avatar\\\/f9bc3a12e26b32d818d88f9a5b61de20b559752e499df507efa7ea3cea0550ef?s=96&d=mm&r=g\",\"caption\":\"Redaccion\"},\"url\":\"https:\\\/\\\/diariodeloeste.com\\\/noticias\\\/author\\\/redaccion\\\/\"}]}<\/script>\n<!-- \/ Yoast SEO plugin. -->","yoast_head_json":{"title":"Desarticulan un bunker de venta de droga en Maquinista Savio - Diario del Oeste","robots":{"index":"index","follow":"follow","max-snippet":"max-snippet:-1","max-image-preview":"max-image-preview:large","max-video-preview":"max-video-preview:-1"},"canonical":"https:\/\/diariodeloeste.com\/noticias\/2022\/03\/25\/desarticulan-un-bunker-de-venta-de-droga-en-maquinista-savio\/","og_locale":"es_ES","og_type":"article","og_title":"Desarticulan un bunker de venta de droga en Maquinista Savio - Diario del Oeste","og_description":"La Secretar\u00eda de Seguridad y Prevenci\u00f3n Comunitaria de la Municipalidad de Escobar inform\u00f3 que, tras un exitoso allanamiento, se desarticul\u00f3 un punto de venta de drogas al menudeo, que operaba en la localidad de Maquinista Savio. Se llev\u00f3 adelante un allanamiento en una vivienda particular, en donde se logr\u00f3 la aprehensi\u00f3n de una persona y [&hellip;]","og_url":"https:\/\/diariodeloeste.com\/noticias\/2022\/03\/25\/desarticulan-un-bunker-de-venta-de-droga-en-maquinista-savio\/","og_site_name":"Diario del Oeste","article_published_time":"2022-03-25T17:22:32+00:00","og_image":[{"width":660,"height":312,"url":"https:\/\/diariodeloeste.com\/noticias\/wp-content\/uploads\/2022\/03\/unnamed-38.jpg","type":"image\/jpeg"}],"author":"Redaccion","twitter_card":"summary_large_image","twitter_misc":{"Escrito por":"Redaccion","Tiempo de lectura":"1 minuto"},"schema":{"@context":"https:\/\/schema.org","@graph":[{"@type":"Article","@id":"https:\/\/diariodeloeste.com\/noticias\/2022\/03\/25\/desarticulan-un-bunker-de-venta-de-droga-en-maquinista-savio\/#article","isPartOf":{"@id":"https:\/\/diariodeloeste.com\/noticias\/2022\/03\/25\/desarticulan-un-bunker-de-venta-de-droga-en-maquinista-savio\/"},"author":{"name":"Redaccion","@id":"https:\/\/diariodeloeste.com\/noticias\/#\/schema\/person\/1f7be965f8c093432e1cbfcee0ac4047"},"headline":"Desarticulan un bunker de venta de droga en Maquinista Savio","datePublished":"2022-03-25T17:22:32+00:00","mainEntityOfPage":{"@id":"https:\/\/diariodeloeste.com\/noticias\/2022\/03\/25\/desarticulan-un-bunker-de-venta-de-droga-en-maquinista-savio\/"},"wordCount":215,"publisher":{"@id":"https:\/\/diariodeloeste.com\/noticias\/#organization"},"image":{"@id":"https:\/\/diariodeloeste.com\/noticias\/2022\/03\/25\/desarticulan-un-bunker-de-venta-de-droga-en-maquinista-savio\/#primaryimage"},"thumbnailUrl":"https:\/\/diariodeloeste.com\/noticias\/wp-content\/uploads\/2022\/03\/unnamed-38.jpg","keywords":["bunker","drogas","partido de Escobar"],"articleSection":["Titulares","Uncategorized"],"inLanguage":"es-AR"},{"@type":"WebPage","@id":"https:\/\/diariodeloeste.com\/noticias\/2022\/03\/25\/desarticulan-un-bunker-de-venta-de-droga-en-maquinista-savio\/","url":"https:\/\/diariodeloeste.com\/noticias\/2022\/03\/25\/desarticulan-un-bunker-de-venta-de-droga-en-maquinista-savio\/","name":"Desarticulan un bunker de venta de droga en Maquinista Savio - Diario del Oeste","isPartOf":{"@id":"https:\/\/diariodeloeste.com\/noticias\/#website"},"primaryImageOfPage":{"@id":"https:\/\/diariodeloeste.com\/noticias\/2022\/03\/25\/desarticulan-un-bunker-de-venta-de-droga-en-maquinista-savio\/#primaryimage"},"image":{"@id":"https:\/\/diariodeloeste.com\/noticias\/2022\/03\/25\/desarticulan-un-bunker-de-venta-de-droga-en-maquinista-savio\/#primaryimage"},"thumbnailUrl":"https:\/\/diariodeloeste.com\/noticias\/wp-content\/uploads\/2022\/03\/unnamed-38.jpg","datePublished":"2022-03-25T17:22:32+00:00","breadcrumb":{"@id":"https:\/\/diariodeloeste.com\/noticias\/2022\/03\/25\/desarticulan-un-bunker-de-venta-de-droga-en-maquinista-savio\/#breadcrumb"},"inLanguage":"es-AR","potentialAction":[{"@type":"ReadAction","target":["https:\/\/diariodeloeste.com\/noticias\/2022\/03\/25\/desarticulan-un-bunker-de-venta-de-droga-en-maquinista-savio\/"]}]},{"@type":"ImageObject","inLanguage":"es-AR","@id":"https:\/\/diariodeloeste.com\/noticias\/2022\/03\/25\/desarticulan-un-bunker-de-venta-de-droga-en-maquinista-savio\/#primaryimage","url":"https:\/\/diariodeloeste.com\/noticias\/wp-content\/uploads\/2022\/03\/unnamed-38.jpg","contentUrl":"https:\/\/diariodeloeste.com\/noticias\/wp-content\/uploads\/2022\/03\/unnamed-38.jpg","width":660,"height":312},{"@type":"BreadcrumbList","@id":"https:\/\/diariodeloeste.com\/noticias\/2022\/03\/25\/desarticulan-un-bunker-de-venta-de-droga-en-maquinista-savio\/#breadcrumb","itemListElement":[{"@type":"ListItem","position":1,"name":"Inicio","item":"https:\/\/diariodeloeste.com\/noticias\/"},{"@type":"ListItem","position":2,"name":"Desarticulan un bunker de venta de droga en Maquinista Savio"}]},{"@type":"WebSite","@id":"https:\/\/diariodeloeste.com\/noticias\/#website","url":"https:\/\/diariodeloeste.com\/noticias\/","name":"Diario del Oeste","description":"Noticias del Oeste","publisher":{"@id":"https:\/\/diariodeloeste.com\/noticias\/#organization"},"potentialAction":[{"@type":"SearchAction","target":{"@type":"EntryPoint","urlTemplate":"https:\/\/diariodeloeste.com\/noticias\/?s={search_term_string}"},"query-input":{"@type":"PropertyValueSpecification","valueRequired":true,"valueName":"search_term_string"}}],"inLanguage":"es-AR"},{"@type":"Organization","@id":"https:\/\/diariodeloeste.com\/noticias\/#organization","name":"Diario del Oeste","url":"https:\/\/diariodeloeste.com\/noticias\/","logo":{"@type":"ImageObject","inLanguage":"es-AR","@id":"https:\/\/diariodeloeste.com\/noticias\/#\/schema\/logo\/image\/","url":"https:\/\/diariodeloeste.com\/noticias\/wp-content\/uploads\/2019\/04\/logo.png","contentUrl":"https:\/\/diariodeloeste.com\/noticias\/wp-content\/uploads\/2019\/04\/logo.png","width":306,"height":145,"caption":"Diario del Oeste"},"image":{"@id":"https:\/\/diariodeloeste.com\/noticias\/#\/schema\/logo\/image\/"}},{"@type":"Person","@id":"https:\/\/diariodeloeste.com\/noticias\/#\/schema\/person\/1f7be965f8c093432e1cbfcee0ac4047","name":"Redaccion","image":{"@type":"ImageObject","inLanguage":"es-AR","@id":"https:\/\/secure.gravatar.com\/avatar\/f9bc3a12e26b32d818d88f9a5b61de20b559752e499df507efa7ea3cea0550ef?s=96&d=mm&r=g","url":"https:\/\/secure.gravatar.com\/avatar\/f9bc3a12e26b32d818d88f9a5b61de20b559752e499df507efa7ea3cea0550ef?s=96&d=mm&r=g","contentUrl":"https:\/\/secure.gravatar.com\/avatar\/f9bc3a12e26b32d818d88f9a5b61de20b559752e499df507efa7ea3cea0550ef?s=96&d=mm&r=g","caption":"Redaccion"},"url":"https:\/\/diariodeloeste.com\/noticias\/author\/redaccion\/"}]}},"_links":{"self":[{"href":"https:\/\/diariodeloeste.com\/noticias\/wp-json\/wp\/v2\/posts\/7755","targetHints":{"allow":["GET"]}}],"collection":[{"href":"https:\/\/diariodeloeste.com\/noticias\/wp-json\/wp\/v2\/posts"}],"about":[{"href":"https:\/\/diariodeloeste.com\/noticias\/wp-json\/wp\/v2\/types\/post"}],"author":[{"embeddable":true,"href":"https:\/\/diariodeloeste.com\/noticias\/wp-json\/wp\/v2\/users\/3"}],"replies":[{"embeddable":true,"href":"https:\/\/diariodeloeste.com\/noticias\/wp-json\/wp\/v2\/comments?post=7755"}],"version-history":[{"count":1,"href":"https:\/\/diariodeloeste.com\/noticias\/wp-json\/wp\/v2\/posts\/7755\/revisions"}],"predecessor-version":[{"id":7763,"href":"https:\/\/diariodeloeste.com\/noticias\/wp-json\/wp\/v2\/posts\/7755\/revisions\/7763"}],"wp:featuredmedia":[{"embeddable":true,"href":"https:\/\/diariodeloeste.com\/noticias\/wp-json\/wp\/v2\/media\/7761"}],"wp:attachment":[{"href":"https:\/\/diariodeloeste.com\/noticias\/wp-json\/wp\/v2\/media?parent=7755"}],"wp:term":[{"taxonomy":"category","embeddable":true,"href":"https:\/\/diariodeloeste.com\/noticias\/wp-json\/wp\/v2\/categories?post=7755"},{"taxonomy":"post_tag","embeddable":true,"href":"https:\/\/diariodeloeste.com\/noticias\/wp-json\/wp\/v2\/tags?post=7755"}],"curies":[{"name":"wp","href":"https:\/\/api.w.org\/{rel}","templated":true}]}}