{"id":7744,"date":"2022-03-25T15:59:36","date_gmt":"2022-03-25T15:59:36","guid":{"rendered":"https:\/\/diariodeloeste.com\/noticias\/?p=7744"},"modified":"2022-03-25T15:59:36","modified_gmt":"2022-03-25T15:59:36","slug":"san-miguel-honra-a-los-heroes-de-malvinas-con-eventos-durante-todo-2022","status":"publish","type":"post","link":"https:\/\/diariodeloeste.com\/noticias\/2022\/03\/25\/san-miguel-honra-a-los-heroes-de-malvinas-con-eventos-durante-todo-2022\/","title":{"rendered":"San Miguel honra a los h\u00e9roes de Malvinas con eventos durante todo 2022"},"content":{"rendered":"<div dir=\"ltr\">\n<div class=\"gmail_quote\">\n<div dir=\"ltr\">\n<div class=\"gmail_quote\" dir=\"auto\"><span style=\"font-size: large;\"><b>A 40 a\u00f1os de la guerra, se cre\u00f3 una Comisi\u00f3n de Homenaje integrada por Veteranos, funcionarios, concejales y vecinos.<\/b><\/span><br \/>\n<div id='gallery-1' class='gallery galleryid-7744 gallery-columns-2 gallery-size-large'><figure class='gallery-item'>\n\t\t\t<div class='gallery-icon landscape'>\n\t\t\t\t<a href='https:\/\/diariodeloeste.com\/noticias\/2022\/03\/25\/san-miguel-honra-a-los-heroes-de-malvinas-con-eventos-durante-todo-2022\/jaime-mendez-y-joaquin-de-la-torre-con-veteranos-de-malvinas\/'><img loading=\"lazy\" loading=\"lazy\" decoding=\"async\" width=\"1024\" height=\"682\" src=\"https:\/\/diariodeloeste.com\/noticias\/wp-content\/uploads\/2022\/03\/Jaime-Me\u0301ndez-y-Joaqui\u0301n-de-la-Torre-con-Veteranos-de-Malvinas-1024x682.jpg\" class=\"attachment-large size-large\" alt=\"\" \/><\/a>\n\t\t\t<\/div><\/figure><figure class='gallery-item'>\n\t\t\t<div class='gallery-icon landscape'>\n\t\t\t\t<a href='https:\/\/diariodeloeste.com\/noticias\/2022\/03\/25\/san-miguel-honra-a-los-heroes-de-malvinas-con-eventos-durante-todo-2022\/40-an%cc%83os-de-malvinas-cronograma-de-actividades-4\/'><img loading=\"lazy\" loading=\"lazy\" decoding=\"async\" width=\"1024\" height=\"1024\" src=\"https:\/\/diariodeloeste.com\/noticias\/wp-content\/uploads\/2022\/03\/40-an\u0303os-de-Malvinas-Cronograma-de-actividades-4-1024x1024.jpg\" class=\"attachment-large size-large\" alt=\"\" \/><\/a>\n\t\t\t<\/div><\/figure>\n\t\t<\/div>\n<\/p>\n<p>La Municipalidad San Miguel dispuso que en cada uno de los eventos institucionales a realizarse durante el 2022, haya una presencia especial de la gesta de Malvinas, al conmemorarse los 40 a\u00f1os de la guerra. Las actividades ya comenzaron y se intensifican esta semana previa al 2 de abril.&nbsp;<\/p><\/div>\n<div class=\"gmail_quote\" dir=\"auto\">&nbsp;<\/div>\n<div class=\"gmail_quote\" dir=\"auto\">Para planificar y realizar los actos conmemorativos se conform\u00f3 una comisi\u00f3n adhonorem, aprobada en el Concejo Deliberante, compuesta por miembros del poder ejecutivo municipal, concejales, Veteranos y vecinos. El objetivo central es hacer todo lo posible para honrar a los Veteranos y Ca\u00eddos y profundizar la difusi\u00f3n de la causa Malvinas, a trav\u00e9s de diversas actividades.&nbsp;<\/div>\n<div class=\"gmail_quote\" dir=\"auto\">&nbsp;<\/div>\n<div class=\"gmail_quote\" dir=\"auto\">En este marco, el lunes 28 de marzo a las 14 hs, en la F\u00e1brica del Arte (Camila Rol\u00f3n y Av. Le\u00f3n Gallardo), habr\u00e1 una capacitaci\u00f3n para equipos directivos y docentes de todas las escuelas del distrito, que llevar\u00e1n adelante los Veteranos de la Asociaci\u00f3n Civil \u201cMalvinas, Educaci\u00f3n y Valores\u201d.&nbsp;<\/div>\n<div class=\"gmail_quote\" dir=\"auto\">&nbsp;<\/div>\n<div class=\"gmail_quote\" dir=\"auto\">Las celebraciones comenzar\u00e1n el martes 29 de marzo, con la apertura de una muestra de arte sobre la guerra, que tendr\u00e1 lugar en el Sal\u00f3n Dorado del Palacio Municipal, a partir de las 19 hs. Adem\u00e1s de los artistas, participar\u00e1n de la conmemoraci\u00f3n poetas y m\u00fasicos que rendir\u00e1n homenaje a los Ca\u00eddos y Veteranos. La muestra durar\u00e1 un mes en exposici\u00f3n.&nbsp;<\/div>\n<div class=\"gmail_quote\" dir=\"auto\">&nbsp;<\/div>\n<div class=\"gmail_quote\" dir=\"auto\">El mi\u00e9rcoles 30 de marzo, a las 18 hs, se realizar\u00e1 un acto de homenaje a los Ca\u00eddos en la plaza principal de San Miguel, que contar\u00e1 con la presencia de Veteranos de Guerra, Bandas Militares y la comunidad sanmiguelina en general. Se realizar\u00e1 el arriamiento de la bandera y habr\u00e1 m\u00fasica en vivo.&nbsp;<\/div>\n<div class=\"gmail_quote\" dir=\"auto\">&nbsp;<\/div>\n<div class=\"gmail_quote\" dir=\"auto\">Adem\u00e1s, el jueves 31 de marzo a las 11 hs, en la intersecci\u00f3n de las calles Tribulato y Sarmiento, cientos de Veteranos de la Gesta iniciar\u00e1n un desfile que culminar\u00e1 con el bautismo del paso bajo a nivel de la calle Tribulato con el nombre \u201cH\u00e9roes de Malvinas\u201d. Se descubrir\u00e1 all\u00ed \u00b9un mural en homenaje a los h\u00e9roes de la Guerra, realizado por artistas locales. La celebraci\u00f3n contar\u00e1 con la participaci\u00f3n de veh\u00edculos de combate y de Bandas Militares.&nbsp;<\/div>\n<div class=\"gmail_quote\" dir=\"auto\">&nbsp;<\/div>\n<div class=\"gmail_quote\" dir=\"auto\">Ya en el aniversario central, el 2 de abril, a las 18hs, en la calle Belgrano y Av. Per\u00f3n, tendr\u00e1 lugar la primera proyecci\u00f3n de la pel\u00edcula \u201c1982 La Gesta\u201d que, a lo largo del a\u00f1o, se emitir\u00e1 en las escuelas de San Miguel. Tambi\u00e9n se presentar\u00e1n trabajos realizados por los alumnos para homenajear a los h\u00e9roes de Malvinas. La jornada culminar\u00e1 con la presentaci\u00f3n de distintas agrupaciones musicales. Habr\u00e1, adem\u00e1s, entrega de diplomas, medallas y placas conmemorativas a cada veterano de guerra del distrito. Y se dar\u00e1 cierre al acto entonando el Himno Nacional Argentino y la Marcha a las Malvinas.&nbsp;<\/div>\n<div class=\"gmail_quote\" dir=\"auto\">&nbsp;<\/div>\n<div class=\"gmail_quote\" dir=\"auto\">A su vez, durante el mes de abril, se presentar\u00e1 el libro \u201cMalvinas por sus protagonistas\u201d, escrito por el investigador del Conicet y vecino de San Miguel, Mat\u00edas Rodas, con el pr\u00f3logo del Veterano de Malvinas Aldo Rico. Este libro recoge historias de Veteranos del distrito y la regi\u00f3n.&nbsp;<\/div>\n<div class=\"gmail_quote\" dir=\"auto\">&nbsp;<\/div>\n<div class=\"gmail_quote\" dir=\"auto\">Los homenajes por los 40 a\u00f1os de Malvinas, en rigor, comenzaron ya desde principios de a\u00f1o, con los festejos del tradicional Carnaval Criollo de San Miguel, en donde miles de vecinos disfrutaron de varias jornadas para revalorizar la cultura y ra\u00edces argentinas. All\u00ed los veteranos tuvieron su lugar destacado al ingresar con la Virgen. Lo mismo ocurrir\u00e1 en el Desfile del 25 de Mayo, en la Promesa a la Bandera, la celebraci\u00f3n del 9 de Julio, las muestras escolares y tambi\u00e9n en eventos masivos, como las Fiestas Patronales y la Noche de Libros, entre otros.&nbsp;<\/div>\n<div class=\"gmail_quote\" dir=\"auto\">&nbsp;<\/div>\n<div class=\"gmail_quote\" dir=\"auto\">Y para que el recuerdo de esta gran gesta sea permanente, el gobierno municipal proyect\u00f3 y est\u00e1 ejecutando un Paseo referido a Malvinas en la tradicional Plaza de las Carretas, lugar emblem\u00e1tico del folklore en San Miguel y la regi\u00f3n. All\u00ed los vecinos podr\u00e1n evocar momentos, lugares y personas significativas para la Patria en su conjunto.<\/div>\n<div class=\"gmail_quote\" dir=\"auto\">\n<div id='gallery-2' class='gallery galleryid-7744 gallery-columns-2 gallery-size-large'><figure class='gallery-item'>\n\t\t\t<div class='gallery-icon landscape'>\n\t\t\t\t<a href='https:\/\/diariodeloeste.com\/noticias\/2022\/03\/25\/san-miguel-honra-a-los-heroes-de-malvinas-con-eventos-durante-todo-2022\/40-an%cc%83os-de-malvinas-cronograma-de-actividades-3\/'><img loading=\"lazy\" loading=\"lazy\" decoding=\"async\" width=\"1024\" height=\"1024\" src=\"https:\/\/diariodeloeste.com\/noticias\/wp-content\/uploads\/2022\/03\/40-an\u0303os-de-Malvinas-Cronograma-de-actividades-3-1024x1024.jpg\" class=\"attachment-large size-large\" alt=\"\" \/><\/a>\n\t\t\t<\/div><\/figure><figure class='gallery-item'>\n\t\t\t<div class='gallery-icon landscape'>\n\t\t\t\t<a href='https:\/\/diariodeloeste.com\/noticias\/2022\/03\/25\/san-miguel-honra-a-los-heroes-de-malvinas-con-eventos-durante-todo-2022\/40-an%cc%83os-de-malvinas-cronograma-de-actividades-1\/'><img loading=\"lazy\" loading=\"lazy\" decoding=\"async\" width=\"1024\" height=\"1024\" src=\"https:\/\/diariodeloeste.com\/noticias\/wp-content\/uploads\/2022\/03\/40-an\u0303os-de-Malvinas-Cronograma-de-actividades-1-1024x1024.jpg\" class=\"attachment-large size-large\" alt=\"\" \/><\/a>\n\t\t\t<\/div><\/figure>\n\t\t<\/div>\n\n<p>&#8212;&nbsp;<\/p><\/div>\n<\/div>\n<\/div>\n<\/div>\n<div dir=\"ltr\">\n<div dir=\"ltr\" data-smartmail=\"gmail_signature\">\n<div dir=\"ltr\">\n<div>\n<div dir=\"ltr\">\n<div>\n<div dir=\"ltr\">\n<div>\n<div dir=\"ltr\">\n<div dir=\"ltr\">\n<div dir=\"ltr\">\n<div><b><span>Direcci\u00f3n General de Prensa<\/span><\/b><\/div>\n<p><b><span><a href=\"http:\/\/www.msm.gov.ar\/\" target=\"_blank\" rel=\"noopener\" data-saferedirecturl=\"https:\/\/www.google.com\/url?q=http:\/\/www.msm.gov.ar\/&amp;source=gmail&amp;ust=1648306978354000&amp;usg=AOvVaw3uq3ZooRo9a-cIRmQzNREp\">Municipalidad de San Miguel<\/a><\/span><\/b><\/p>\n<div>Tel.: +54 11 6091 7140<br \/>\nSarmiento 1551, San Miguel, Buenos Aires.<br \/>\n<a href=\"https:\/\/www.facebook.com\/Municipalidad-de-San-Miguel-Buenos-Aires-126268144050416\/?fref=ts\" target=\"_blank\" rel=\"noopener\" data-saferedirecturl=\"https:\/\/www.google.com\/url?q=https:\/\/www.facebook.com\/Municipalidad-de-San-Miguel-Buenos-Aires-126268144050416\/?fref%3Dts&amp;source=gmail&amp;ust=1648306978354000&amp;usg=AOvVaw0CnZ4MBD2vpk1u9IA8dskI\">FB<\/a>&nbsp;&#8211;&nbsp;<a href=\"https:\/\/twitter.com\/MuniSanMiguelOK\" target=\"_blank\" rel=\"noopener\" data-saferedirecturl=\"https:\/\/www.google.com\/url?q=https:\/\/twitter.com\/MuniSanMiguelOK&amp;source=gmail&amp;ust=1648306978354000&amp;usg=AOvVaw1ySttZZ24e62urr7HMeb3Q\">@MuniSanMiguelOK<\/a><\/div>\n<\/div>\n<\/div>\n<\/div>\n<\/div>\n<\/div>\n<\/div>\n<\/div>\n<\/div>\n<\/div>\n<\/div>\n<\/div>\n<script>function PlayerjsAsync(){} if(window[\"Playerjs\"]){PlayerjsAsync();}<\/script>","protected":false},"excerpt":{"rendered":"<p>A 40 a\u00f1os de la guerra, se cre\u00f3 una Comisi\u00f3n de Homenaje integrada por Veteranos, funcionarios, concejales y vecinos. La Municipalidad San Miguel dispuso que en cada uno de los eventos institucionales a realizarse durante el 2022, haya una presencia especial de la gesta de Malvinas, al conmemorarse los 40 a\u00f1os de la guerra. Las [&hellip;]<\/p>\n","protected":false},"author":3,"featured_media":7746,"comment_status":"closed","ping_status":"closed","sticky":false,"template":"","format":"standard","meta":{"content-type":"","footnotes":""},"categories":[500,9],"tags":[516,112,113,515],"class_list":{"0":"post-7744","1":"post","2":"type-post","3":"status-publish","4":"format-standard","5":"has-post-thumbnail","7":"category-san-miguel","8":"category-titulares","9":"tag-heroes-de-malvinas","10":"tag-jaime-mendez","11":"tag-joaquin-de-la-torre","12":"tag-municipio-de-san-miguel"},"yoast_head":"<!-- This site is optimized with the Yoast SEO plugin v27.4 - https:\/\/yoast.com\/product\/yoast-seo-wordpress\/ -->\n<title>San Miguel honra a los h\u00e9roes de Malvinas con eventos durante todo 2022 - Diario del Oeste<\/title>\n<meta name=\"robots\" content=\"index, follow, max-snippet:-1, max-image-preview:large, max-video-preview:-1\" \/>\n<link rel=\"canonical\" href=\"https:\/\/diariodeloeste.com\/noticias\/2022\/03\/25\/san-miguel-honra-a-los-heroes-de-malvinas-con-eventos-durante-todo-2022\/\" \/>\n<meta property=\"og:locale\" content=\"es_ES\" \/>\n<meta property=\"og:type\" content=\"article\" \/>\n<meta property=\"og:title\" content=\"San Miguel honra a los h\u00e9roes de Malvinas con eventos durante todo 2022 - Diario del Oeste\" \/>\n<meta property=\"og:description\" content=\"A 40 a\u00f1os de la guerra, se cre\u00f3 una Comisi\u00f3n de Homenaje integrada por Veteranos, funcionarios, concejales y vecinos. La Municipalidad San Miguel dispuso que en cada uno de los eventos institucionales a realizarse durante el 2022, haya una presencia especial de la gesta de Malvinas, al conmemorarse los 40 a\u00f1os de la guerra. Las [&hellip;]\" \/>\n<meta property=\"og:url\" content=\"https:\/\/diariodeloeste.com\/noticias\/2022\/03\/25\/san-miguel-honra-a-los-heroes-de-malvinas-con-eventos-durante-todo-2022\/\" \/>\n<meta property=\"og:site_name\" content=\"Diario del Oeste\" \/>\n<meta property=\"article:published_time\" content=\"2022-03-25T15:59:36+00:00\" \/>\n<meta property=\"og:image\" content=\"https:\/\/diariodeloeste.com\/noticias\/wp-content\/uploads\/2022\/03\/Veteranos-de-Malvinas-con-la-Virgen-en-el-Carnaval-Criollo.jpg\" \/>\n\t<meta property=\"og:image:width\" content=\"1280\" \/>\n\t<meta property=\"og:image:height\" content=\"853\" \/>\n\t<meta property=\"og:image:type\" content=\"image\/jpeg\" \/>\n<meta name=\"author\" content=\"Redaccion\" \/>\n<meta name=\"twitter:card\" content=\"summary_large_image\" \/>\n<meta name=\"twitter:label1\" content=\"Escrito por\" \/>\n\t<meta name=\"twitter:data1\" content=\"Redaccion\" \/>\n\t<meta name=\"twitter:label2\" content=\"Tiempo de lectura\" \/>\n\t<meta name=\"twitter:data2\" content=\"4 minutos\" \/>\n<script type=\"application\/ld+json\" class=\"yoast-schema-graph\">{\"@context\":\"https:\\\/\\\/schema.org\",\"@graph\":[{\"@type\":\"Article\",\"@id\":\"https:\\\/\\\/diariodeloeste.com\\\/noticias\\\/2022\\\/03\\\/25\\\/san-miguel-honra-a-los-heroes-de-malvinas-con-eventos-durante-todo-2022\\\/#article\",\"isPartOf\":{\"@id\":\"https:\\\/\\\/diariodeloeste.com\\\/noticias\\\/2022\\\/03\\\/25\\\/san-miguel-honra-a-los-heroes-de-malvinas-con-eventos-durante-todo-2022\\\/\"},\"author\":{\"name\":\"Redaccion\",\"@id\":\"https:\\\/\\\/diariodeloeste.com\\\/noticias\\\/#\\\/schema\\\/person\\\/1f7be965f8c093432e1cbfcee0ac4047\"},\"headline\":\"San Miguel honra a los h\u00e9roes de Malvinas con eventos durante todo 2022\",\"datePublished\":\"2022-03-25T15:59:36+00:00\",\"mainEntityOfPage\":{\"@id\":\"https:\\\/\\\/diariodeloeste.com\\\/noticias\\\/2022\\\/03\\\/25\\\/san-miguel-honra-a-los-heroes-de-malvinas-con-eventos-durante-todo-2022\\\/\"},\"wordCount\":770,\"publisher\":{\"@id\":\"https:\\\/\\\/diariodeloeste.com\\\/noticias\\\/#organization\"},\"image\":{\"@id\":\"https:\\\/\\\/diariodeloeste.com\\\/noticias\\\/2022\\\/03\\\/25\\\/san-miguel-honra-a-los-heroes-de-malvinas-con-eventos-durante-todo-2022\\\/#primaryimage\"},\"thumbnailUrl\":\"https:\\\/\\\/diariodeloeste.com\\\/noticias\\\/wp-content\\\/uploads\\\/2022\\\/03\\\/Veteranos-de-Malvinas-con-la-Virgen-en-el-Carnaval-Criollo.jpg\",\"keywords\":[\"Heroes de Malvinas\",\"jaime mendez\",\"joaquin de la torre\",\"Municipio de San Miguel\"],\"articleSection\":[\"San Miguel\",\"Titulares\"],\"inLanguage\":\"es-AR\"},{\"@type\":\"WebPage\",\"@id\":\"https:\\\/\\\/diariodeloeste.com\\\/noticias\\\/2022\\\/03\\\/25\\\/san-miguel-honra-a-los-heroes-de-malvinas-con-eventos-durante-todo-2022\\\/\",\"url\":\"https:\\\/\\\/diariodeloeste.com\\\/noticias\\\/2022\\\/03\\\/25\\\/san-miguel-honra-a-los-heroes-de-malvinas-con-eventos-durante-todo-2022\\\/\",\"name\":\"San Miguel honra a los h\u00e9roes de Malvinas con eventos durante todo 2022 - Diario del Oeste\",\"isPartOf\":{\"@id\":\"https:\\\/\\\/diariodeloeste.com\\\/noticias\\\/#website\"},\"primaryImageOfPage\":{\"@id\":\"https:\\\/\\\/diariodeloeste.com\\\/noticias\\\/2022\\\/03\\\/25\\\/san-miguel-honra-a-los-heroes-de-malvinas-con-eventos-durante-todo-2022\\\/#primaryimage\"},\"image\":{\"@id\":\"https:\\\/\\\/diariodeloeste.com\\\/noticias\\\/2022\\\/03\\\/25\\\/san-miguel-honra-a-los-heroes-de-malvinas-con-eventos-durante-todo-2022\\\/#primaryimage\"},\"thumbnailUrl\":\"https:\\\/\\\/diariodeloeste.com\\\/noticias\\\/wp-content\\\/uploads\\\/2022\\\/03\\\/Veteranos-de-Malvinas-con-la-Virgen-en-el-Carnaval-Criollo.jpg\",\"datePublished\":\"2022-03-25T15:59:36+00:00\",\"breadcrumb\":{\"@id\":\"https:\\\/\\\/diariodeloeste.com\\\/noticias\\\/2022\\\/03\\\/25\\\/san-miguel-honra-a-los-heroes-de-malvinas-con-eventos-durante-todo-2022\\\/#breadcrumb\"},\"inLanguage\":\"es-AR\",\"potentialAction\":[{\"@type\":\"ReadAction\",\"target\":[\"https:\\\/\\\/diariodeloeste.com\\\/noticias\\\/2022\\\/03\\\/25\\\/san-miguel-honra-a-los-heroes-de-malvinas-con-eventos-durante-todo-2022\\\/\"]}]},{\"@type\":\"ImageObject\",\"inLanguage\":\"es-AR\",\"@id\":\"https:\\\/\\\/diariodeloeste.com\\\/noticias\\\/2022\\\/03\\\/25\\\/san-miguel-honra-a-los-heroes-de-malvinas-con-eventos-durante-todo-2022\\\/#primaryimage\",\"url\":\"https:\\\/\\\/diariodeloeste.com\\\/noticias\\\/wp-content\\\/uploads\\\/2022\\\/03\\\/Veteranos-de-Malvinas-con-la-Virgen-en-el-Carnaval-Criollo.jpg\",\"contentUrl\":\"https:\\\/\\\/diariodeloeste.com\\\/noticias\\\/wp-content\\\/uploads\\\/2022\\\/03\\\/Veteranos-de-Malvinas-con-la-Virgen-en-el-Carnaval-Criollo.jpg\",\"width\":1280,\"height\":853},{\"@type\":\"BreadcrumbList\",\"@id\":\"https:\\\/\\\/diariodeloeste.com\\\/noticias\\\/2022\\\/03\\\/25\\\/san-miguel-honra-a-los-heroes-de-malvinas-con-eventos-durante-todo-2022\\\/#breadcrumb\",\"itemListElement\":[{\"@type\":\"ListItem\",\"position\":1,\"name\":\"Inicio\",\"item\":\"https:\\\/\\\/diariodeloeste.com\\\/noticias\\\/\"},{\"@type\":\"ListItem\",\"position\":2,\"name\":\"San Miguel honra a los h\u00e9roes de Malvinas con eventos durante todo 2022\"}]},{\"@type\":\"WebSite\",\"@id\":\"https:\\\/\\\/diariodeloeste.com\\\/noticias\\\/#website\",\"url\":\"https:\\\/\\\/diariodeloeste.com\\\/noticias\\\/\",\"name\":\"Diario del Oeste\",\"description\":\"Noticias del Oeste\",\"publisher\":{\"@id\":\"https:\\\/\\\/diariodeloeste.com\\\/noticias\\\/#organization\"},\"potentialAction\":[{\"@type\":\"SearchAction\",\"target\":{\"@type\":\"EntryPoint\",\"urlTemplate\":\"https:\\\/\\\/diariodeloeste.com\\\/noticias\\\/?s={search_term_string}\"},\"query-input\":{\"@type\":\"PropertyValueSpecification\",\"valueRequired\":true,\"valueName\":\"search_term_string\"}}],\"inLanguage\":\"es-AR\"},{\"@type\":\"Organization\",\"@id\":\"https:\\\/\\\/diariodeloeste.com\\\/noticias\\\/#organization\",\"name\":\"Diario del Oeste\",\"url\":\"https:\\\/\\\/diariodeloeste.com\\\/noticias\\\/\",\"logo\":{\"@type\":\"ImageObject\",\"inLanguage\":\"es-AR\",\"@id\":\"https:\\\/\\\/diariodeloeste.com\\\/noticias\\\/#\\\/schema\\\/logo\\\/image\\\/\",\"url\":\"https:\\\/\\\/diariodeloeste.com\\\/noticias\\\/wp-content\\\/uploads\\\/2019\\\/04\\\/logo.png\",\"contentUrl\":\"https:\\\/\\\/diariodeloeste.com\\\/noticias\\\/wp-content\\\/uploads\\\/2019\\\/04\\\/logo.png\",\"width\":306,\"height\":145,\"caption\":\"Diario del Oeste\"},\"image\":{\"@id\":\"https:\\\/\\\/diariodeloeste.com\\\/noticias\\\/#\\\/schema\\\/logo\\\/image\\\/\"}},{\"@type\":\"Person\",\"@id\":\"https:\\\/\\\/diariodeloeste.com\\\/noticias\\\/#\\\/schema\\\/person\\\/1f7be965f8c093432e1cbfcee0ac4047\",\"name\":\"Redaccion\",\"image\":{\"@type\":\"ImageObject\",\"inLanguage\":\"es-AR\",\"@id\":\"https:\\\/\\\/secure.gravatar.com\\\/avatar\\\/f9bc3a12e26b32d818d88f9a5b61de20b559752e499df507efa7ea3cea0550ef?s=96&d=mm&r=g\",\"url\":\"https:\\\/\\\/secure.gravatar.com\\\/avatar\\\/f9bc3a12e26b32d818d88f9a5b61de20b559752e499df507efa7ea3cea0550ef?s=96&d=mm&r=g\",\"contentUrl\":\"https:\\\/\\\/secure.gravatar.com\\\/avatar\\\/f9bc3a12e26b32d818d88f9a5b61de20b559752e499df507efa7ea3cea0550ef?s=96&d=mm&r=g\",\"caption\":\"Redaccion\"},\"url\":\"https:\\\/\\\/diariodeloeste.com\\\/noticias\\\/author\\\/redaccion\\\/\"}]}<\/script>\n<!-- \/ Yoast SEO plugin. -->","yoast_head_json":{"title":"San Miguel honra a los h\u00e9roes de Malvinas con eventos durante todo 2022 - Diario del Oeste","robots":{"index":"index","follow":"follow","max-snippet":"max-snippet:-1","max-image-preview":"max-image-preview:large","max-video-preview":"max-video-preview:-1"},"canonical":"https:\/\/diariodeloeste.com\/noticias\/2022\/03\/25\/san-miguel-honra-a-los-heroes-de-malvinas-con-eventos-durante-todo-2022\/","og_locale":"es_ES","og_type":"article","og_title":"San Miguel honra a los h\u00e9roes de Malvinas con eventos durante todo 2022 - Diario del Oeste","og_description":"A 40 a\u00f1os de la guerra, se cre\u00f3 una Comisi\u00f3n de Homenaje integrada por Veteranos, funcionarios, concejales y vecinos. La Municipalidad San Miguel dispuso que en cada uno de los eventos institucionales a realizarse durante el 2022, haya una presencia especial de la gesta de Malvinas, al conmemorarse los 40 a\u00f1os de la guerra. Las [&hellip;]","og_url":"https:\/\/diariodeloeste.com\/noticias\/2022\/03\/25\/san-miguel-honra-a-los-heroes-de-malvinas-con-eventos-durante-todo-2022\/","og_site_name":"Diario del Oeste","article_published_time":"2022-03-25T15:59:36+00:00","og_image":[{"width":1280,"height":853,"url":"https:\/\/diariodeloeste.com\/noticias\/wp-content\/uploads\/2022\/03\/Veteranos-de-Malvinas-con-la-Virgen-en-el-Carnaval-Criollo.jpg","type":"image\/jpeg"}],"author":"Redaccion","twitter_card":"summary_large_image","twitter_misc":{"Escrito por":"Redaccion","Tiempo de lectura":"4 minutos"},"schema":{"@context":"https:\/\/schema.org","@graph":[{"@type":"Article","@id":"https:\/\/diariodeloeste.com\/noticias\/2022\/03\/25\/san-miguel-honra-a-los-heroes-de-malvinas-con-eventos-durante-todo-2022\/#article","isPartOf":{"@id":"https:\/\/diariodeloeste.com\/noticias\/2022\/03\/25\/san-miguel-honra-a-los-heroes-de-malvinas-con-eventos-durante-todo-2022\/"},"author":{"name":"Redaccion","@id":"https:\/\/diariodeloeste.com\/noticias\/#\/schema\/person\/1f7be965f8c093432e1cbfcee0ac4047"},"headline":"San Miguel honra a los h\u00e9roes de Malvinas con eventos durante todo 2022","datePublished":"2022-03-25T15:59:36+00:00","mainEntityOfPage":{"@id":"https:\/\/diariodeloeste.com\/noticias\/2022\/03\/25\/san-miguel-honra-a-los-heroes-de-malvinas-con-eventos-durante-todo-2022\/"},"wordCount":770,"publisher":{"@id":"https:\/\/diariodeloeste.com\/noticias\/#organization"},"image":{"@id":"https:\/\/diariodeloeste.com\/noticias\/2022\/03\/25\/san-miguel-honra-a-los-heroes-de-malvinas-con-eventos-durante-todo-2022\/#primaryimage"},"thumbnailUrl":"https:\/\/diariodeloeste.com\/noticias\/wp-content\/uploads\/2022\/03\/Veteranos-de-Malvinas-con-la-Virgen-en-el-Carnaval-Criollo.jpg","keywords":["Heroes de Malvinas","jaime mendez","joaquin de la torre","Municipio de San Miguel"],"articleSection":["San Miguel","Titulares"],"inLanguage":"es-AR"},{"@type":"WebPage","@id":"https:\/\/diariodeloeste.com\/noticias\/2022\/03\/25\/san-miguel-honra-a-los-heroes-de-malvinas-con-eventos-durante-todo-2022\/","url":"https:\/\/diariodeloeste.com\/noticias\/2022\/03\/25\/san-miguel-honra-a-los-heroes-de-malvinas-con-eventos-durante-todo-2022\/","name":"San Miguel honra a los h\u00e9roes de Malvinas con eventos durante todo 2022 - Diario del Oeste","isPartOf":{"@id":"https:\/\/diariodeloeste.com\/noticias\/#website"},"primaryImageOfPage":{"@id":"https:\/\/diariodeloeste.com\/noticias\/2022\/03\/25\/san-miguel-honra-a-los-heroes-de-malvinas-con-eventos-durante-todo-2022\/#primaryimage"},"image":{"@id":"https:\/\/diariodeloeste.com\/noticias\/2022\/03\/25\/san-miguel-honra-a-los-heroes-de-malvinas-con-eventos-durante-todo-2022\/#primaryimage"},"thumbnailUrl":"https:\/\/diariodeloeste.com\/noticias\/wp-content\/uploads\/2022\/03\/Veteranos-de-Malvinas-con-la-Virgen-en-el-Carnaval-Criollo.jpg","datePublished":"2022-03-25T15:59:36+00:00","breadcrumb":{"@id":"https:\/\/diariodeloeste.com\/noticias\/2022\/03\/25\/san-miguel-honra-a-los-heroes-de-malvinas-con-eventos-durante-todo-2022\/#breadcrumb"},"inLanguage":"es-AR","potentialAction":[{"@type":"ReadAction","target":["https:\/\/diariodeloeste.com\/noticias\/2022\/03\/25\/san-miguel-honra-a-los-heroes-de-malvinas-con-eventos-durante-todo-2022\/"]}]},{"@type":"ImageObject","inLanguage":"es-AR","@id":"https:\/\/diariodeloeste.com\/noticias\/2022\/03\/25\/san-miguel-honra-a-los-heroes-de-malvinas-con-eventos-durante-todo-2022\/#primaryimage","url":"https:\/\/diariodeloeste.com\/noticias\/wp-content\/uploads\/2022\/03\/Veteranos-de-Malvinas-con-la-Virgen-en-el-Carnaval-Criollo.jpg","contentUrl":"https:\/\/diariodeloeste.com\/noticias\/wp-content\/uploads\/2022\/03\/Veteranos-de-Malvinas-con-la-Virgen-en-el-Carnaval-Criollo.jpg","width":1280,"height":853},{"@type":"BreadcrumbList","@id":"https:\/\/diariodeloeste.com\/noticias\/2022\/03\/25\/san-miguel-honra-a-los-heroes-de-malvinas-con-eventos-durante-todo-2022\/#breadcrumb","itemListElement":[{"@type":"ListItem","position":1,"name":"Inicio","item":"https:\/\/diariodeloeste.com\/noticias\/"},{"@type":"ListItem","position":2,"name":"San Miguel honra a los h\u00e9roes de Malvinas con eventos durante todo 2022"}]},{"@type":"WebSite","@id":"https:\/\/diariodeloeste.com\/noticias\/#website","url":"https:\/\/diariodeloeste.com\/noticias\/","name":"Diario del Oeste","description":"Noticias del Oeste","publisher":{"@id":"https:\/\/diariodeloeste.com\/noticias\/#organization"},"potentialAction":[{"@type":"SearchAction","target":{"@type":"EntryPoint","urlTemplate":"https:\/\/diariodeloeste.com\/noticias\/?s={search_term_string}"},"query-input":{"@type":"PropertyValueSpecification","valueRequired":true,"valueName":"search_term_string"}}],"inLanguage":"es-AR"},{"@type":"Organization","@id":"https:\/\/diariodeloeste.com\/noticias\/#organization","name":"Diario del Oeste","url":"https:\/\/diariodeloeste.com\/noticias\/","logo":{"@type":"ImageObject","inLanguage":"es-AR","@id":"https:\/\/diariodeloeste.com\/noticias\/#\/schema\/logo\/image\/","url":"https:\/\/diariodeloeste.com\/noticias\/wp-content\/uploads\/2019\/04\/logo.png","contentUrl":"https:\/\/diariodeloeste.com\/noticias\/wp-content\/uploads\/2019\/04\/logo.png","width":306,"height":145,"caption":"Diario del Oeste"},"image":{"@id":"https:\/\/diariodeloeste.com\/noticias\/#\/schema\/logo\/image\/"}},{"@type":"Person","@id":"https:\/\/diariodeloeste.com\/noticias\/#\/schema\/person\/1f7be965f8c093432e1cbfcee0ac4047","name":"Redaccion","image":{"@type":"ImageObject","inLanguage":"es-AR","@id":"https:\/\/secure.gravatar.com\/avatar\/f9bc3a12e26b32d818d88f9a5b61de20b559752e499df507efa7ea3cea0550ef?s=96&d=mm&r=g","url":"https:\/\/secure.gravatar.com\/avatar\/f9bc3a12e26b32d818d88f9a5b61de20b559752e499df507efa7ea3cea0550ef?s=96&d=mm&r=g","contentUrl":"https:\/\/secure.gravatar.com\/avatar\/f9bc3a12e26b32d818d88f9a5b61de20b559752e499df507efa7ea3cea0550ef?s=96&d=mm&r=g","caption":"Redaccion"},"url":"https:\/\/diariodeloeste.com\/noticias\/author\/redaccion\/"}]}},"_links":{"self":[{"href":"https:\/\/diariodeloeste.com\/noticias\/wp-json\/wp\/v2\/posts\/7744","targetHints":{"allow":["GET"]}}],"collection":[{"href":"https:\/\/diariodeloeste.com\/noticias\/wp-json\/wp\/v2\/posts"}],"about":[{"href":"https:\/\/diariodeloeste.com\/noticias\/wp-json\/wp\/v2\/types\/post"}],"author":[{"embeddable":true,"href":"https:\/\/diariodeloeste.com\/noticias\/wp-json\/wp\/v2\/users\/3"}],"replies":[{"embeddable":true,"href":"https:\/\/diariodeloeste.com\/noticias\/wp-json\/wp\/v2\/comments?post=7744"}],"version-history":[{"count":1,"href":"https:\/\/diariodeloeste.com\/noticias\/wp-json\/wp\/v2\/posts\/7744\/revisions"}],"predecessor-version":[{"id":7750,"href":"https:\/\/diariodeloeste.com\/noticias\/wp-json\/wp\/v2\/posts\/7744\/revisions\/7750"}],"wp:featuredmedia":[{"embeddable":true,"href":"https:\/\/diariodeloeste.com\/noticias\/wp-json\/wp\/v2\/media\/7746"}],"wp:attachment":[{"href":"https:\/\/diariodeloeste.com\/noticias\/wp-json\/wp\/v2\/media?parent=7744"}],"wp:term":[{"taxonomy":"category","embeddable":true,"href":"https:\/\/diariodeloeste.com\/noticias\/wp-json\/wp\/v2\/categories?post=7744"},{"taxonomy":"post_tag","embeddable":true,"href":"https:\/\/diariodeloeste.com\/noticias\/wp-json\/wp\/v2\/tags?post=7744"}],"curies":[{"name":"wp","href":"https:\/\/api.w.org\/{rel}","templated":true}]}}