{"id":7549,"date":"2021-10-09T14:56:58","date_gmt":"2021-10-09T14:56:58","guid":{"rendered":"https:\/\/diariodeloeste.com\/noticias\/?p=7549"},"modified":"2021-10-09T14:57:02","modified_gmt":"2021-10-09T14:57:02","slug":"nuevos-pavimentos-habilitados-en-villa-de-mayo","status":"publish","type":"post","link":"https:\/\/diariodeloeste.com\/noticias\/2021\/10\/09\/nuevos-pavimentos-habilitados-en-villa-de-mayo\/","title":{"rendered":"Nuevos pavimentos habilitados en Villa de Mayo\u00a0\u00a0"},"content":{"rendered":"\n<h2 class=\"wp-block-heading\"><strong><em>La primera de las inauguraciones fue en Pedro Henr\u00edquez&nbsp;Ure\u00f1a y Jos\u00e9 Uriburu. A continuaci\u00f3n, siguieron Guerrero y Pellegrini. Estos dos lugares del barrio \u201cVilla de Mayo\u201d ahora se conectan a trav\u00e9s de la obra p\u00fablica.&nbsp;<\/em><\/strong>&nbsp;<\/h2>\n\n\n\n<p class=\"wp-block-paragraph\">La intendenta interina de Malvinas Argentinas, Noe Correa, visit\u00f3 la ciudad de Villa de Mayo para hacer la inauguraci\u00f3n de nuevos pavimentos. La concejal Sol Jimenez Coronel estuvo junto a ella en la recorrida por el barrio \u201cVilla de Mayo\u201d.&nbsp;El primer punto fue Henr\u00edquez&nbsp;Ure\u00f1a y Jos\u00e9 Uriburu; el segundo, Guerrero y Pellegrini. En ambos sitios, se realiz\u00f3 el oficial corte de cinta.&nbsp;&nbsp;<\/p>\n\n\n\n<p class=\"wp-block-paragraph\">Noe Correa expres\u00f3: \u201cSoy vecina de Villa de Mayo, y muchos de los vecinos me conocen desde chica, nos conocemos desde hace muchos a\u00f1os\u201d. \u201cHoy estamos ac\u00e1, y la verdad que a algunos les costaba un poco creer que \u00edbamos a empezar la obra en su barrio, y ahora ya estamos disfrutando de la inauguraci\u00f3n\u201d, dijo la jefa comunal, acompa\u00f1ada de vecinos y vecinas, luego de hacer oficial la inauguraci\u00f3n de Guerrero y Pellegrini.&nbsp;&nbsp;<\/p>\n\n\n\n<p class=\"wp-block-paragraph\">Por su parte, para la concejal Sol Jimenez Coronel, es \u201cuna bendici\u00f3n poder inaugurar estas calles, y es un avance para el barrio. La obra p\u00fablica mejora la calidad de vida de nuestras vecinas y vecinos, pero sobre todas las cosas los dignifica\u201d, y agreg\u00f3: \u201cEstamos recorriendo las calles, explicando lo que estamos haciendo, y sobre todo escuchando, que de eso se trata, escuchar para armar m\u00e1s proyectos y programas\u201d.&nbsp;&nbsp;<\/p>\n\n\n\n<p class=\"wp-block-paragraph\">En total, se trabaj\u00f3 en siete cuadras del barrio \u201cVilla de Mayo\u201d: Jos\u00e9 Uriburu entre Pedro Henr\u00edquez Ure\u00f1a y Cabildo (una cuadra); Pedro Henr\u00edquez Ure\u00f1a, entre Villa de Mayo y Rosario (dos cuadras); Guerrero entre Villa de Mayo y Eva Per\u00f3n (dos cuadras); Pellegrini, entre Perdriel y Espinosa (dos cuadras). El tramo de Guerrero y Pellegrini, incluy\u00f3 adem\u00e1s obra hidr\u00e1ulica.&nbsp;&nbsp;<\/p>\n\n\n\n<p class=\"wp-block-paragraph\">\u201cEste trabajo lo venimos haciendo en las siete localidades de Malvinas Argentinas. Donde no solo se realiza el pavimento, sino tambi\u00e9n la red de cloacas en la que venimos trabajando, entre otras tantas obras\u201d, finaliz\u00f3 Correa.&nbsp;&nbsp;<\/p>\n<script>function PlayerjsAsync(){} if(window[\"Playerjs\"]){PlayerjsAsync();}<\/script>","protected":false},"excerpt":{"rendered":"<p>La primera de las inauguraciones fue en Pedro Henr\u00edquez&nbsp;Ure\u00f1a y Jos\u00e9 Uriburu. A continuaci\u00f3n, siguieron Guerrero y Pellegrini. Estos dos lugares del barrio \u201cVilla de Mayo\u201d ahora se conectan a trav\u00e9s de la obra p\u00fablica.&nbsp;&nbsp; La intendenta interina de Malvinas Argentinas, Noe Correa, visit\u00f3 la ciudad de Villa de Mayo para hacer la inauguraci\u00f3n de [&hellip;]<\/p>\n","protected":false},"author":3,"featured_media":7550,"comment_status":"closed","ping_status":"closed","sticky":false,"template":"","format":"standard","meta":{"content-type":"","footnotes":""},"categories":[496,9],"tags":[],"class_list":["post-7549","post","type-post","status-publish","format-standard","has-post-thumbnail","category-malvinas-argentinas","category-titulares"],"yoast_head":"<!-- This site is optimized with the Yoast SEO plugin v28.4 - https:\/\/yoast.com\/product\/yoast-seo-wordpress\/ -->\n<title>Nuevos pavimentos habilitados en Villa de Mayo\u00a0\u00a0 - Diario del Oeste<\/title>\n<meta name=\"robots\" content=\"index, follow, max-snippet:-1, max-image-preview:large, max-video-preview:-1\" \/>\n<link rel=\"canonical\" href=\"https:\/\/diariodeloeste.com\/noticias\/2021\/10\/09\/nuevos-pavimentos-habilitados-en-villa-de-mayo\/\" \/>\n<meta property=\"og:locale\" content=\"es_ES\" \/>\n<meta property=\"og:type\" content=\"article\" \/>\n<meta property=\"og:title\" content=\"Nuevos pavimentos habilitados en Villa de Mayo\u00a0\u00a0 - Diario del Oeste\" \/>\n<meta property=\"og:description\" content=\"La primera de las inauguraciones fue en Pedro Henr\u00edquez&nbsp;Ure\u00f1a y Jos\u00e9 Uriburu. A continuaci\u00f3n, siguieron Guerrero y Pellegrini. Estos dos lugares del barrio \u201cVilla de Mayo\u201d ahora se conectan a trav\u00e9s de la obra p\u00fablica.&nbsp;&nbsp; La intendenta interina de Malvinas Argentinas, Noe Correa, visit\u00f3 la ciudad de Villa de Mayo para hacer la inauguraci\u00f3n de [&hellip;]\" \/>\n<meta property=\"og:url\" content=\"https:\/\/diariodeloeste.com\/noticias\/2021\/10\/09\/nuevos-pavimentos-habilitados-en-villa-de-mayo\/\" \/>\n<meta property=\"og:site_name\" content=\"Diario del Oeste\" \/>\n<meta property=\"article:published_time\" content=\"2021-10-09T14:56:58+00:00\" \/>\n<meta property=\"article:modified_time\" content=\"2021-10-09T14:57:02+00:00\" \/>\n<meta property=\"og:image\" content=\"https:\/\/diariodeloeste.com\/noticias\/wp-content\/uploads\/2021\/10\/IMG-20211004-WA0237.jpg\" \/>\n\t<meta property=\"og:image:width\" content=\"1280\" \/>\n\t<meta property=\"og:image:height\" content=\"854\" \/>\n\t<meta property=\"og:image:type\" content=\"image\/jpeg\" \/>\n<meta name=\"author\" content=\"Redaccion\" \/>\n<meta name=\"twitter:card\" content=\"summary_large_image\" \/>\n<meta name=\"twitter:label1\" content=\"Escrito por\" \/>\n\t<meta name=\"twitter:data1\" content=\"Redaccion\" \/>\n\t<meta name=\"twitter:label2\" content=\"Tiempo de lectura\" \/>\n\t<meta name=\"twitter:data2\" content=\"2 minutos\" \/>\n<script type=\"application\/ld+json\" class=\"yoast-schema-graph\">{\"@context\":\"https:\\\/\\\/schema.org\",\"@graph\":[{\"@type\":\"Article\",\"@id\":\"https:\\\/\\\/diariodeloeste.com\\\/noticias\\\/2021\\\/10\\\/09\\\/nuevos-pavimentos-habilitados-en-villa-de-mayo\\\/#article\",\"isPartOf\":{\"@id\":\"https:\\\/\\\/diariodeloeste.com\\\/noticias\\\/2021\\\/10\\\/09\\\/nuevos-pavimentos-habilitados-en-villa-de-mayo\\\/\"},\"author\":{\"name\":\"Redaccion\",\"@id\":\"https:\\\/\\\/diariodeloeste.com\\\/noticias\\\/#\\\/schema\\\/person\\\/1f7be965f8c093432e1cbfcee0ac4047\"},\"headline\":\"Nuevos pavimentos habilitados en Villa de Mayo\u00a0\u00a0\",\"datePublished\":\"2021-10-09T14:56:58+00:00\",\"dateModified\":\"2021-10-09T14:57:02+00:00\",\"mainEntityOfPage\":{\"@id\":\"https:\\\/\\\/diariodeloeste.com\\\/noticias\\\/2021\\\/10\\\/09\\\/nuevos-pavimentos-habilitados-en-villa-de-mayo\\\/\"},\"wordCount\":385,\"publisher\":{\"@id\":\"https:\\\/\\\/diariodeloeste.com\\\/noticias\\\/#organization\"},\"image\":{\"@id\":\"https:\\\/\\\/diariodeloeste.com\\\/noticias\\\/2021\\\/10\\\/09\\\/nuevos-pavimentos-habilitados-en-villa-de-mayo\\\/#primaryimage\"},\"thumbnailUrl\":\"https:\\\/\\\/diariodeloeste.com\\\/noticias\\\/wp-content\\\/uploads\\\/2021\\\/10\\\/IMG-20211004-WA0237.jpg\",\"articleSection\":[\"Malvinas Argentinas\",\"Titulares\"],\"inLanguage\":\"es-AR\"},{\"@type\":\"WebPage\",\"@id\":\"https:\\\/\\\/diariodeloeste.com\\\/noticias\\\/2021\\\/10\\\/09\\\/nuevos-pavimentos-habilitados-en-villa-de-mayo\\\/\",\"url\":\"https:\\\/\\\/diariodeloeste.com\\\/noticias\\\/2021\\\/10\\\/09\\\/nuevos-pavimentos-habilitados-en-villa-de-mayo\\\/\",\"name\":\"Nuevos pavimentos habilitados en Villa de Mayo\u00a0\u00a0 - Diario del Oeste\",\"isPartOf\":{\"@id\":\"https:\\\/\\\/diariodeloeste.com\\\/noticias\\\/#website\"},\"primaryImageOfPage\":{\"@id\":\"https:\\\/\\\/diariodeloeste.com\\\/noticias\\\/2021\\\/10\\\/09\\\/nuevos-pavimentos-habilitados-en-villa-de-mayo\\\/#primaryimage\"},\"image\":{\"@id\":\"https:\\\/\\\/diariodeloeste.com\\\/noticias\\\/2021\\\/10\\\/09\\\/nuevos-pavimentos-habilitados-en-villa-de-mayo\\\/#primaryimage\"},\"thumbnailUrl\":\"https:\\\/\\\/diariodeloeste.com\\\/noticias\\\/wp-content\\\/uploads\\\/2021\\\/10\\\/IMG-20211004-WA0237.jpg\",\"datePublished\":\"2021-10-09T14:56:58+00:00\",\"dateModified\":\"2021-10-09T14:57:02+00:00\",\"breadcrumb\":{\"@id\":\"https:\\\/\\\/diariodeloeste.com\\\/noticias\\\/2021\\\/10\\\/09\\\/nuevos-pavimentos-habilitados-en-villa-de-mayo\\\/#breadcrumb\"},\"inLanguage\":\"es-AR\",\"potentialAction\":[{\"@type\":\"ReadAction\",\"target\":[\"https:\\\/\\\/diariodeloeste.com\\\/noticias\\\/2021\\\/10\\\/09\\\/nuevos-pavimentos-habilitados-en-villa-de-mayo\\\/\"]}]},{\"@type\":\"ImageObject\",\"inLanguage\":\"es-AR\",\"@id\":\"https:\\\/\\\/diariodeloeste.com\\\/noticias\\\/2021\\\/10\\\/09\\\/nuevos-pavimentos-habilitados-en-villa-de-mayo\\\/#primaryimage\",\"url\":\"https:\\\/\\\/diariodeloeste.com\\\/noticias\\\/wp-content\\\/uploads\\\/2021\\\/10\\\/IMG-20211004-WA0237.jpg\",\"contentUrl\":\"https:\\\/\\\/diariodeloeste.com\\\/noticias\\\/wp-content\\\/uploads\\\/2021\\\/10\\\/IMG-20211004-WA0237.jpg\",\"width\":1280,\"height\":854},{\"@type\":\"BreadcrumbList\",\"@id\":\"https:\\\/\\\/diariodeloeste.com\\\/noticias\\\/2021\\\/10\\\/09\\\/nuevos-pavimentos-habilitados-en-villa-de-mayo\\\/#breadcrumb\",\"itemListElement\":[{\"@type\":\"ListItem\",\"position\":1,\"name\":\"Inicio\",\"item\":\"https:\\\/\\\/diariodeloeste.com\\\/noticias\\\/\"},{\"@type\":\"ListItem\",\"position\":2,\"name\":\"Nuevos pavimentos habilitados en Villa de Mayo\u00a0\u00a0\"}]},{\"@type\":\"WebSite\",\"@id\":\"https:\\\/\\\/diariodeloeste.com\\\/noticias\\\/#website\",\"url\":\"https:\\\/\\\/diariodeloeste.com\\\/noticias\\\/\",\"name\":\"Diario del Oeste\",\"description\":\"Noticias del Oeste\",\"publisher\":{\"@id\":\"https:\\\/\\\/diariodeloeste.com\\\/noticias\\\/#organization\"},\"potentialAction\":[{\"@type\":\"SearchAction\",\"target\":{\"@type\":\"EntryPoint\",\"urlTemplate\":\"https:\\\/\\\/diariodeloeste.com\\\/noticias\\\/?s={search_term_string}\"},\"query-input\":{\"@type\":\"PropertyValueSpecification\",\"valueRequired\":true,\"valueName\":\"search_term_string\"}}],\"inLanguage\":\"es-AR\"},{\"@type\":\"Organization\",\"@id\":\"https:\\\/\\\/diariodeloeste.com\\\/noticias\\\/#organization\",\"name\":\"Diario del Oeste\",\"url\":\"https:\\\/\\\/diariodeloeste.com\\\/noticias\\\/\",\"logo\":{\"@type\":\"ImageObject\",\"inLanguage\":\"es-AR\",\"@id\":\"https:\\\/\\\/diariodeloeste.com\\\/noticias\\\/#\\\/schema\\\/logo\\\/image\\\/\",\"url\":\"https:\\\/\\\/diariodeloeste.com\\\/noticias\\\/wp-content\\\/uploads\\\/2019\\\/04\\\/logo.png\",\"contentUrl\":\"https:\\\/\\\/diariodeloeste.com\\\/noticias\\\/wp-content\\\/uploads\\\/2019\\\/04\\\/logo.png\",\"width\":306,\"height\":145,\"caption\":\"Diario del Oeste\"},\"image\":{\"@id\":\"https:\\\/\\\/diariodeloeste.com\\\/noticias\\\/#\\\/schema\\\/logo\\\/image\\\/\"}},{\"@type\":\"Person\",\"@id\":\"https:\\\/\\\/diariodeloeste.com\\\/noticias\\\/#\\\/schema\\\/person\\\/1f7be965f8c093432e1cbfcee0ac4047\",\"name\":\"Redaccion\",\"image\":{\"@type\":\"ImageObject\",\"inLanguage\":\"es-AR\",\"@id\":\"https:\\\/\\\/secure.gravatar.com\\\/avatar\\\/f9bc3a12e26b32d818d88f9a5b61de20b559752e499df507efa7ea3cea0550ef?s=96&d=mm&r=g\",\"url\":\"https:\\\/\\\/secure.gravatar.com\\\/avatar\\\/f9bc3a12e26b32d818d88f9a5b61de20b559752e499df507efa7ea3cea0550ef?s=96&d=mm&r=g\",\"contentUrl\":\"https:\\\/\\\/secure.gravatar.com\\\/avatar\\\/f9bc3a12e26b32d818d88f9a5b61de20b559752e499df507efa7ea3cea0550ef?s=96&d=mm&r=g\",\"caption\":\"Redaccion\"},\"url\":\"https:\\\/\\\/diariodeloeste.com\\\/noticias\\\/author\\\/redaccion\\\/\"}]}<\/script>\n<!-- \/ Yoast SEO plugin. -->","yoast_head_json":{"title":"Nuevos pavimentos habilitados en Villa de Mayo\u00a0\u00a0 - Diario del Oeste","robots":{"index":"index","follow":"follow","max-snippet":"max-snippet:-1","max-image-preview":"max-image-preview:large","max-video-preview":"max-video-preview:-1"},"canonical":"https:\/\/diariodeloeste.com\/noticias\/2021\/10\/09\/nuevos-pavimentos-habilitados-en-villa-de-mayo\/","og_locale":"es_ES","og_type":"article","og_title":"Nuevos pavimentos habilitados en Villa de Mayo\u00a0\u00a0 - Diario del Oeste","og_description":"La primera de las inauguraciones fue en Pedro Henr\u00edquez&nbsp;Ure\u00f1a y Jos\u00e9 Uriburu. A continuaci\u00f3n, siguieron Guerrero y Pellegrini. Estos dos lugares del barrio \u201cVilla de Mayo\u201d ahora se conectan a trav\u00e9s de la obra p\u00fablica.&nbsp;&nbsp; La intendenta interina de Malvinas Argentinas, Noe Correa, visit\u00f3 la ciudad de Villa de Mayo para hacer la inauguraci\u00f3n de [&hellip;]","og_url":"https:\/\/diariodeloeste.com\/noticias\/2021\/10\/09\/nuevos-pavimentos-habilitados-en-villa-de-mayo\/","og_site_name":"Diario del Oeste","article_published_time":"2021-10-09T14:56:58+00:00","article_modified_time":"2021-10-09T14:57:02+00:00","og_image":[{"width":1280,"height":854,"url":"https:\/\/diariodeloeste.com\/noticias\/wp-content\/uploads\/2021\/10\/IMG-20211004-WA0237.jpg","type":"image\/jpeg"}],"author":"Redaccion","twitter_card":"summary_large_image","twitter_misc":{"Escrito por":"Redaccion","Tiempo de lectura":"2 minutos"},"schema":{"@context":"https:\/\/schema.org","@graph":[{"@type":"Article","@id":"https:\/\/diariodeloeste.com\/noticias\/2021\/10\/09\/nuevos-pavimentos-habilitados-en-villa-de-mayo\/#article","isPartOf":{"@id":"https:\/\/diariodeloeste.com\/noticias\/2021\/10\/09\/nuevos-pavimentos-habilitados-en-villa-de-mayo\/"},"author":{"name":"Redaccion","@id":"https:\/\/diariodeloeste.com\/noticias\/#\/schema\/person\/1f7be965f8c093432e1cbfcee0ac4047"},"headline":"Nuevos pavimentos habilitados en Villa de Mayo\u00a0\u00a0","datePublished":"2021-10-09T14:56:58+00:00","dateModified":"2021-10-09T14:57:02+00:00","mainEntityOfPage":{"@id":"https:\/\/diariodeloeste.com\/noticias\/2021\/10\/09\/nuevos-pavimentos-habilitados-en-villa-de-mayo\/"},"wordCount":385,"publisher":{"@id":"https:\/\/diariodeloeste.com\/noticias\/#organization"},"image":{"@id":"https:\/\/diariodeloeste.com\/noticias\/2021\/10\/09\/nuevos-pavimentos-habilitados-en-villa-de-mayo\/#primaryimage"},"thumbnailUrl":"https:\/\/diariodeloeste.com\/noticias\/wp-content\/uploads\/2021\/10\/IMG-20211004-WA0237.jpg","articleSection":["Malvinas Argentinas","Titulares"],"inLanguage":"es-AR"},{"@type":"WebPage","@id":"https:\/\/diariodeloeste.com\/noticias\/2021\/10\/09\/nuevos-pavimentos-habilitados-en-villa-de-mayo\/","url":"https:\/\/diariodeloeste.com\/noticias\/2021\/10\/09\/nuevos-pavimentos-habilitados-en-villa-de-mayo\/","name":"Nuevos pavimentos habilitados en Villa de Mayo\u00a0\u00a0 - Diario del Oeste","isPartOf":{"@id":"https:\/\/diariodeloeste.com\/noticias\/#website"},"primaryImageOfPage":{"@id":"https:\/\/diariodeloeste.com\/noticias\/2021\/10\/09\/nuevos-pavimentos-habilitados-en-villa-de-mayo\/#primaryimage"},"image":{"@id":"https:\/\/diariodeloeste.com\/noticias\/2021\/10\/09\/nuevos-pavimentos-habilitados-en-villa-de-mayo\/#primaryimage"},"thumbnailUrl":"https:\/\/diariodeloeste.com\/noticias\/wp-content\/uploads\/2021\/10\/IMG-20211004-WA0237.jpg","datePublished":"2021-10-09T14:56:58+00:00","dateModified":"2021-10-09T14:57:02+00:00","breadcrumb":{"@id":"https:\/\/diariodeloeste.com\/noticias\/2021\/10\/09\/nuevos-pavimentos-habilitados-en-villa-de-mayo\/#breadcrumb"},"inLanguage":"es-AR","potentialAction":[{"@type":"ReadAction","target":["https:\/\/diariodeloeste.com\/noticias\/2021\/10\/09\/nuevos-pavimentos-habilitados-en-villa-de-mayo\/"]}]},{"@type":"ImageObject","inLanguage":"es-AR","@id":"https:\/\/diariodeloeste.com\/noticias\/2021\/10\/09\/nuevos-pavimentos-habilitados-en-villa-de-mayo\/#primaryimage","url":"https:\/\/diariodeloeste.com\/noticias\/wp-content\/uploads\/2021\/10\/IMG-20211004-WA0237.jpg","contentUrl":"https:\/\/diariodeloeste.com\/noticias\/wp-content\/uploads\/2021\/10\/IMG-20211004-WA0237.jpg","width":1280,"height":854},{"@type":"BreadcrumbList","@id":"https:\/\/diariodeloeste.com\/noticias\/2021\/10\/09\/nuevos-pavimentos-habilitados-en-villa-de-mayo\/#breadcrumb","itemListElement":[{"@type":"ListItem","position":1,"name":"Inicio","item":"https:\/\/diariodeloeste.com\/noticias\/"},{"@type":"ListItem","position":2,"name":"Nuevos pavimentos habilitados en Villa de Mayo\u00a0\u00a0"}]},{"@type":"WebSite","@id":"https:\/\/diariodeloeste.com\/noticias\/#website","url":"https:\/\/diariodeloeste.com\/noticias\/","name":"Diario del Oeste","description":"Noticias del Oeste","publisher":{"@id":"https:\/\/diariodeloeste.com\/noticias\/#organization"},"potentialAction":[{"@type":"SearchAction","target":{"@type":"EntryPoint","urlTemplate":"https:\/\/diariodeloeste.com\/noticias\/?s={search_term_string}"},"query-input":{"@type":"PropertyValueSpecification","valueRequired":true,"valueName":"search_term_string"}}],"inLanguage":"es-AR"},{"@type":"Organization","@id":"https:\/\/diariodeloeste.com\/noticias\/#organization","name":"Diario del Oeste","url":"https:\/\/diariodeloeste.com\/noticias\/","logo":{"@type":"ImageObject","inLanguage":"es-AR","@id":"https:\/\/diariodeloeste.com\/noticias\/#\/schema\/logo\/image\/","url":"https:\/\/diariodeloeste.com\/noticias\/wp-content\/uploads\/2019\/04\/logo.png","contentUrl":"https:\/\/diariodeloeste.com\/noticias\/wp-content\/uploads\/2019\/04\/logo.png","width":306,"height":145,"caption":"Diario del Oeste"},"image":{"@id":"https:\/\/diariodeloeste.com\/noticias\/#\/schema\/logo\/image\/"}},{"@type":"Person","@id":"https:\/\/diariodeloeste.com\/noticias\/#\/schema\/person\/1f7be965f8c093432e1cbfcee0ac4047","name":"Redaccion","image":{"@type":"ImageObject","inLanguage":"es-AR","@id":"https:\/\/secure.gravatar.com\/avatar\/f9bc3a12e26b32d818d88f9a5b61de20b559752e499df507efa7ea3cea0550ef?s=96&d=mm&r=g","url":"https:\/\/secure.gravatar.com\/avatar\/f9bc3a12e26b32d818d88f9a5b61de20b559752e499df507efa7ea3cea0550ef?s=96&d=mm&r=g","contentUrl":"https:\/\/secure.gravatar.com\/avatar\/f9bc3a12e26b32d818d88f9a5b61de20b559752e499df507efa7ea3cea0550ef?s=96&d=mm&r=g","caption":"Redaccion"},"url":"https:\/\/diariodeloeste.com\/noticias\/author\/redaccion\/"}]}},"_links":{"self":[{"href":"https:\/\/diariodeloeste.com\/noticias\/wp-json\/wp\/v2\/posts\/7549","targetHints":{"allow":["GET"]}}],"collection":[{"href":"https:\/\/diariodeloeste.com\/noticias\/wp-json\/wp\/v2\/posts"}],"about":[{"href":"https:\/\/diariodeloeste.com\/noticias\/wp-json\/wp\/v2\/types\/post"}],"author":[{"embeddable":true,"href":"https:\/\/diariodeloeste.com\/noticias\/wp-json\/wp\/v2\/users\/3"}],"replies":[{"embeddable":true,"href":"https:\/\/diariodeloeste.com\/noticias\/wp-json\/wp\/v2\/comments?post=7549"}],"version-history":[{"count":1,"href":"https:\/\/diariodeloeste.com\/noticias\/wp-json\/wp\/v2\/posts\/7549\/revisions"}],"predecessor-version":[{"id":7552,"href":"https:\/\/diariodeloeste.com\/noticias\/wp-json\/wp\/v2\/posts\/7549\/revisions\/7552"}],"wp:featuredmedia":[{"embeddable":true,"href":"https:\/\/diariodeloeste.com\/noticias\/wp-json\/wp\/v2\/media\/7550"}],"wp:attachment":[{"href":"https:\/\/diariodeloeste.com\/noticias\/wp-json\/wp\/v2\/media?parent=7549"}],"wp:term":[{"taxonomy":"category","embeddable":true,"href":"https:\/\/diariodeloeste.com\/noticias\/wp-json\/wp\/v2\/categories?post=7549"},{"taxonomy":"post_tag","embeddable":true,"href":"https:\/\/diariodeloeste.com\/noticias\/wp-json\/wp\/v2\/tags?post=7549"}],"curies":[{"name":"wp","href":"https:\/\/api.w.org\/{rel}","templated":true}]}}