{"id":7490,"date":"2021-10-06T13:25:42","date_gmt":"2021-10-06T13:25:42","guid":{"rendered":"https:\/\/diariodeloeste.com\/noticias\/?p=7490"},"modified":"2021-10-06T13:25:46","modified_gmt":"2021-10-06T13:25:46","slug":"mas-calles-renovadas-en-san-isidro","status":"publish","type":"post","link":"https:\/\/diariodeloeste.com\/noticias\/2021\/10\/06\/mas-calles-renovadas-en-san-isidro\/","title":{"rendered":"M\u00c1S CALLES RENOVADAS EN SAN ISIDRO"},"content":{"rendered":"\n<p class=\"wp-block-paragraph\"><strong><em>El Municipio avanza con trabajos de bacheo de hormig\u00f3n en la calle 3 de Febrero, entre Neuqu\u00e9n y Av. Rol\u00f3n.<\/em><\/strong><strong><em><\/em><\/strong><\/p>\n\n\n\n<p class=\"wp-block-paragraph\"><strong>(San Isidro, 5 de octubre de 2021).&nbsp;<\/strong>El Municipio de San Isidro avanza con trabajos de bacheo de hormig\u00f3n en la calle 3 de Febrero, entre Neuqu\u00e9n y avenida Andr\u00e9s Rol\u00f3n, en San Isidro.<\/p>\n\n\n\n<p class=\"wp-block-paragraph\">\u201cLa obra de aproximadamente 84 metros cuadrados se ejecuta mediante el tendido de una base de hormig\u00f3n simple de 12 cent\u00edmetros de espesor y una calzada de hormig\u00f3n rico de 18 cm\u201d, precisaron desde la Secretar\u00eda de Obras P\u00fablicas.<\/p>\n\n\n\n<p class=\"wp-block-paragraph\">Estos trabajos se desarrollan como parte del Programa de Mejoras y Mantenimiento de la red vial que el Municipio planific\u00f3 para 2021.<\/p>\n<script>function PlayerjsAsync(){} if(window[\"Playerjs\"]){PlayerjsAsync();}<\/script>","protected":false},"excerpt":{"rendered":"<p>El Municipio avanza con trabajos de bacheo de hormig\u00f3n en la calle 3 de Febrero, entre Neuqu\u00e9n y Av. Rol\u00f3n. (San Isidro, 5 de octubre de 2021).&nbsp;El Municipio de San Isidro avanza con trabajos de bacheo de hormig\u00f3n en la calle 3 de Febrero, entre Neuqu\u00e9n y avenida Andr\u00e9s Rol\u00f3n, en San Isidro. \u201cLa obra [&hellip;]<\/p>\n","protected":false},"author":3,"featured_media":7491,"comment_status":"closed","ping_status":"closed","sticky":false,"template":"","format":"standard","meta":{"content-type":"","footnotes":""},"categories":[1],"tags":[],"class_list":["post-7490","post","type-post","status-publish","format-standard","has-post-thumbnail","category-uncategorized"],"yoast_head":"<!-- This site is optimized with the Yoast SEO plugin v28.1 - https:\/\/yoast.com\/product\/yoast-seo-wordpress\/ -->\n<title>M\u00c1S CALLES RENOVADAS EN SAN ISIDRO - Diario del Oeste<\/title>\n<meta name=\"robots\" content=\"index, follow, max-snippet:-1, max-image-preview:large, max-video-preview:-1\" \/>\n<link rel=\"canonical\" href=\"https:\/\/diariodeloeste.com\/noticias\/2021\/10\/06\/mas-calles-renovadas-en-san-isidro\/\" \/>\n<meta property=\"og:locale\" content=\"es_ES\" \/>\n<meta property=\"og:type\" content=\"article\" \/>\n<meta property=\"og:title\" content=\"M\u00c1S CALLES RENOVADAS EN SAN ISIDRO - Diario del Oeste\" \/>\n<meta property=\"og:description\" content=\"El Municipio avanza con trabajos de bacheo de hormig\u00f3n en la calle 3 de Febrero, entre Neuqu\u00e9n y Av. Rol\u00f3n. (San Isidro, 5 de octubre de 2021).&nbsp;El Municipio de San Isidro avanza con trabajos de bacheo de hormig\u00f3n en la calle 3 de Febrero, entre Neuqu\u00e9n y avenida Andr\u00e9s Rol\u00f3n, en San Isidro. \u201cLa obra [&hellip;]\" \/>\n<meta property=\"og:url\" content=\"https:\/\/diariodeloeste.com\/noticias\/2021\/10\/06\/mas-calles-renovadas-en-san-isidro\/\" \/>\n<meta property=\"og:site_name\" content=\"Diario del Oeste\" \/>\n<meta property=\"article:published_time\" content=\"2021-10-06T13:25:42+00:00\" \/>\n<meta property=\"article:modified_time\" content=\"2021-10-06T13:25:46+00:00\" \/>\n<meta property=\"og:image\" content=\"https:\/\/diariodeloeste.com\/noticias\/wp-content\/uploads\/2021\/10\/3-de-febrero-3.jpg\" \/>\n\t<meta property=\"og:image:width\" content=\"799\" \/>\n\t<meta property=\"og:image:height\" content=\"533\" \/>\n\t<meta property=\"og:image:type\" content=\"image\/jpeg\" \/>\n<meta name=\"author\" content=\"Redaccion\" \/>\n<meta name=\"twitter:card\" content=\"summary_large_image\" \/>\n<meta name=\"twitter:label1\" content=\"Escrito por\" \/>\n\t<meta name=\"twitter:data1\" content=\"Redaccion\" \/>\n\t<meta name=\"twitter:label2\" content=\"Tiempo de lectura\" \/>\n\t<meta name=\"twitter:data2\" content=\"1 minuto\" \/>\n<script type=\"application\/ld+json\" class=\"yoast-schema-graph\">{\"@context\":\"https:\\\/\\\/schema.org\",\"@graph\":[{\"@type\":\"Article\",\"@id\":\"https:\\\/\\\/diariodeloeste.com\\\/noticias\\\/2021\\\/10\\\/06\\\/mas-calles-renovadas-en-san-isidro\\\/#article\",\"isPartOf\":{\"@id\":\"https:\\\/\\\/diariodeloeste.com\\\/noticias\\\/2021\\\/10\\\/06\\\/mas-calles-renovadas-en-san-isidro\\\/\"},\"author\":{\"name\":\"Redaccion\",\"@id\":\"https:\\\/\\\/diariodeloeste.com\\\/noticias\\\/#\\\/schema\\\/person\\\/1f7be965f8c093432e1cbfcee0ac4047\"},\"headline\":\"M\u00c1S CALLES RENOVADAS EN SAN ISIDRO\",\"datePublished\":\"2021-10-06T13:25:42+00:00\",\"dateModified\":\"2021-10-06T13:25:46+00:00\",\"mainEntityOfPage\":{\"@id\":\"https:\\\/\\\/diariodeloeste.com\\\/noticias\\\/2021\\\/10\\\/06\\\/mas-calles-renovadas-en-san-isidro\\\/\"},\"wordCount\":127,\"publisher\":{\"@id\":\"https:\\\/\\\/diariodeloeste.com\\\/noticias\\\/#organization\"},\"image\":{\"@id\":\"https:\\\/\\\/diariodeloeste.com\\\/noticias\\\/2021\\\/10\\\/06\\\/mas-calles-renovadas-en-san-isidro\\\/#primaryimage\"},\"thumbnailUrl\":\"https:\\\/\\\/diariodeloeste.com\\\/noticias\\\/wp-content\\\/uploads\\\/2021\\\/10\\\/3-de-febrero-3.jpg\",\"articleSection\":[\"Uncategorized\"],\"inLanguage\":\"es-AR\"},{\"@type\":\"WebPage\",\"@id\":\"https:\\\/\\\/diariodeloeste.com\\\/noticias\\\/2021\\\/10\\\/06\\\/mas-calles-renovadas-en-san-isidro\\\/\",\"url\":\"https:\\\/\\\/diariodeloeste.com\\\/noticias\\\/2021\\\/10\\\/06\\\/mas-calles-renovadas-en-san-isidro\\\/\",\"name\":\"M\u00c1S CALLES RENOVADAS EN SAN ISIDRO - Diario del Oeste\",\"isPartOf\":{\"@id\":\"https:\\\/\\\/diariodeloeste.com\\\/noticias\\\/#website\"},\"primaryImageOfPage\":{\"@id\":\"https:\\\/\\\/diariodeloeste.com\\\/noticias\\\/2021\\\/10\\\/06\\\/mas-calles-renovadas-en-san-isidro\\\/#primaryimage\"},\"image\":{\"@id\":\"https:\\\/\\\/diariodeloeste.com\\\/noticias\\\/2021\\\/10\\\/06\\\/mas-calles-renovadas-en-san-isidro\\\/#primaryimage\"},\"thumbnailUrl\":\"https:\\\/\\\/diariodeloeste.com\\\/noticias\\\/wp-content\\\/uploads\\\/2021\\\/10\\\/3-de-febrero-3.jpg\",\"datePublished\":\"2021-10-06T13:25:42+00:00\",\"dateModified\":\"2021-10-06T13:25:46+00:00\",\"breadcrumb\":{\"@id\":\"https:\\\/\\\/diariodeloeste.com\\\/noticias\\\/2021\\\/10\\\/06\\\/mas-calles-renovadas-en-san-isidro\\\/#breadcrumb\"},\"inLanguage\":\"es-AR\",\"potentialAction\":[{\"@type\":\"ReadAction\",\"target\":[\"https:\\\/\\\/diariodeloeste.com\\\/noticias\\\/2021\\\/10\\\/06\\\/mas-calles-renovadas-en-san-isidro\\\/\"]}]},{\"@type\":\"ImageObject\",\"inLanguage\":\"es-AR\",\"@id\":\"https:\\\/\\\/diariodeloeste.com\\\/noticias\\\/2021\\\/10\\\/06\\\/mas-calles-renovadas-en-san-isidro\\\/#primaryimage\",\"url\":\"https:\\\/\\\/diariodeloeste.com\\\/noticias\\\/wp-content\\\/uploads\\\/2021\\\/10\\\/3-de-febrero-3.jpg\",\"contentUrl\":\"https:\\\/\\\/diariodeloeste.com\\\/noticias\\\/wp-content\\\/uploads\\\/2021\\\/10\\\/3-de-febrero-3.jpg\",\"width\":799,\"height\":533},{\"@type\":\"BreadcrumbList\",\"@id\":\"https:\\\/\\\/diariodeloeste.com\\\/noticias\\\/2021\\\/10\\\/06\\\/mas-calles-renovadas-en-san-isidro\\\/#breadcrumb\",\"itemListElement\":[{\"@type\":\"ListItem\",\"position\":1,\"name\":\"Inicio\",\"item\":\"https:\\\/\\\/diariodeloeste.com\\\/noticias\\\/\"},{\"@type\":\"ListItem\",\"position\":2,\"name\":\"M\u00c1S CALLES RENOVADAS EN SAN ISIDRO\"}]},{\"@type\":\"WebSite\",\"@id\":\"https:\\\/\\\/diariodeloeste.com\\\/noticias\\\/#website\",\"url\":\"https:\\\/\\\/diariodeloeste.com\\\/noticias\\\/\",\"name\":\"Diario del Oeste\",\"description\":\"Noticias del Oeste\",\"publisher\":{\"@id\":\"https:\\\/\\\/diariodeloeste.com\\\/noticias\\\/#organization\"},\"potentialAction\":[{\"@type\":\"SearchAction\",\"target\":{\"@type\":\"EntryPoint\",\"urlTemplate\":\"https:\\\/\\\/diariodeloeste.com\\\/noticias\\\/?s={search_term_string}\"},\"query-input\":{\"@type\":\"PropertyValueSpecification\",\"valueRequired\":true,\"valueName\":\"search_term_string\"}}],\"inLanguage\":\"es-AR\"},{\"@type\":\"Organization\",\"@id\":\"https:\\\/\\\/diariodeloeste.com\\\/noticias\\\/#organization\",\"name\":\"Diario del Oeste\",\"url\":\"https:\\\/\\\/diariodeloeste.com\\\/noticias\\\/\",\"logo\":{\"@type\":\"ImageObject\",\"inLanguage\":\"es-AR\",\"@id\":\"https:\\\/\\\/diariodeloeste.com\\\/noticias\\\/#\\\/schema\\\/logo\\\/image\\\/\",\"url\":\"https:\\\/\\\/diariodeloeste.com\\\/noticias\\\/wp-content\\\/uploads\\\/2019\\\/04\\\/logo.png\",\"contentUrl\":\"https:\\\/\\\/diariodeloeste.com\\\/noticias\\\/wp-content\\\/uploads\\\/2019\\\/04\\\/logo.png\",\"width\":306,\"height\":145,\"caption\":\"Diario del Oeste\"},\"image\":{\"@id\":\"https:\\\/\\\/diariodeloeste.com\\\/noticias\\\/#\\\/schema\\\/logo\\\/image\\\/\"}},{\"@type\":\"Person\",\"@id\":\"https:\\\/\\\/diariodeloeste.com\\\/noticias\\\/#\\\/schema\\\/person\\\/1f7be965f8c093432e1cbfcee0ac4047\",\"name\":\"Redaccion\",\"image\":{\"@type\":\"ImageObject\",\"inLanguage\":\"es-AR\",\"@id\":\"https:\\\/\\\/secure.gravatar.com\\\/avatar\\\/f9bc3a12e26b32d818d88f9a5b61de20b559752e499df507efa7ea3cea0550ef?s=96&d=mm&r=g\",\"url\":\"https:\\\/\\\/secure.gravatar.com\\\/avatar\\\/f9bc3a12e26b32d818d88f9a5b61de20b559752e499df507efa7ea3cea0550ef?s=96&d=mm&r=g\",\"contentUrl\":\"https:\\\/\\\/secure.gravatar.com\\\/avatar\\\/f9bc3a12e26b32d818d88f9a5b61de20b559752e499df507efa7ea3cea0550ef?s=96&d=mm&r=g\",\"caption\":\"Redaccion\"},\"url\":\"https:\\\/\\\/diariodeloeste.com\\\/noticias\\\/author\\\/redaccion\\\/\"}]}<\/script>\n<!-- \/ Yoast SEO plugin. -->","yoast_head_json":{"title":"M\u00c1S CALLES RENOVADAS EN SAN ISIDRO - Diario del Oeste","robots":{"index":"index","follow":"follow","max-snippet":"max-snippet:-1","max-image-preview":"max-image-preview:large","max-video-preview":"max-video-preview:-1"},"canonical":"https:\/\/diariodeloeste.com\/noticias\/2021\/10\/06\/mas-calles-renovadas-en-san-isidro\/","og_locale":"es_ES","og_type":"article","og_title":"M\u00c1S CALLES RENOVADAS EN SAN ISIDRO - Diario del Oeste","og_description":"El Municipio avanza con trabajos de bacheo de hormig\u00f3n en la calle 3 de Febrero, entre Neuqu\u00e9n y Av. Rol\u00f3n. (San Isidro, 5 de octubre de 2021).&nbsp;El Municipio de San Isidro avanza con trabajos de bacheo de hormig\u00f3n en la calle 3 de Febrero, entre Neuqu\u00e9n y avenida Andr\u00e9s Rol\u00f3n, en San Isidro. \u201cLa obra [&hellip;]","og_url":"https:\/\/diariodeloeste.com\/noticias\/2021\/10\/06\/mas-calles-renovadas-en-san-isidro\/","og_site_name":"Diario del Oeste","article_published_time":"2021-10-06T13:25:42+00:00","article_modified_time":"2021-10-06T13:25:46+00:00","og_image":[{"width":799,"height":533,"url":"https:\/\/diariodeloeste.com\/noticias\/wp-content\/uploads\/2021\/10\/3-de-febrero-3.jpg","type":"image\/jpeg"}],"author":"Redaccion","twitter_card":"summary_large_image","twitter_misc":{"Escrito por":"Redaccion","Tiempo de lectura":"1 minuto"},"schema":{"@context":"https:\/\/schema.org","@graph":[{"@type":"Article","@id":"https:\/\/diariodeloeste.com\/noticias\/2021\/10\/06\/mas-calles-renovadas-en-san-isidro\/#article","isPartOf":{"@id":"https:\/\/diariodeloeste.com\/noticias\/2021\/10\/06\/mas-calles-renovadas-en-san-isidro\/"},"author":{"name":"Redaccion","@id":"https:\/\/diariodeloeste.com\/noticias\/#\/schema\/person\/1f7be965f8c093432e1cbfcee0ac4047"},"headline":"M\u00c1S CALLES RENOVADAS EN SAN ISIDRO","datePublished":"2021-10-06T13:25:42+00:00","dateModified":"2021-10-06T13:25:46+00:00","mainEntityOfPage":{"@id":"https:\/\/diariodeloeste.com\/noticias\/2021\/10\/06\/mas-calles-renovadas-en-san-isidro\/"},"wordCount":127,"publisher":{"@id":"https:\/\/diariodeloeste.com\/noticias\/#organization"},"image":{"@id":"https:\/\/diariodeloeste.com\/noticias\/2021\/10\/06\/mas-calles-renovadas-en-san-isidro\/#primaryimage"},"thumbnailUrl":"https:\/\/diariodeloeste.com\/noticias\/wp-content\/uploads\/2021\/10\/3-de-febrero-3.jpg","articleSection":["Uncategorized"],"inLanguage":"es-AR"},{"@type":"WebPage","@id":"https:\/\/diariodeloeste.com\/noticias\/2021\/10\/06\/mas-calles-renovadas-en-san-isidro\/","url":"https:\/\/diariodeloeste.com\/noticias\/2021\/10\/06\/mas-calles-renovadas-en-san-isidro\/","name":"M\u00c1S CALLES RENOVADAS EN SAN ISIDRO - Diario del Oeste","isPartOf":{"@id":"https:\/\/diariodeloeste.com\/noticias\/#website"},"primaryImageOfPage":{"@id":"https:\/\/diariodeloeste.com\/noticias\/2021\/10\/06\/mas-calles-renovadas-en-san-isidro\/#primaryimage"},"image":{"@id":"https:\/\/diariodeloeste.com\/noticias\/2021\/10\/06\/mas-calles-renovadas-en-san-isidro\/#primaryimage"},"thumbnailUrl":"https:\/\/diariodeloeste.com\/noticias\/wp-content\/uploads\/2021\/10\/3-de-febrero-3.jpg","datePublished":"2021-10-06T13:25:42+00:00","dateModified":"2021-10-06T13:25:46+00:00","breadcrumb":{"@id":"https:\/\/diariodeloeste.com\/noticias\/2021\/10\/06\/mas-calles-renovadas-en-san-isidro\/#breadcrumb"},"inLanguage":"es-AR","potentialAction":[{"@type":"ReadAction","target":["https:\/\/diariodeloeste.com\/noticias\/2021\/10\/06\/mas-calles-renovadas-en-san-isidro\/"]}]},{"@type":"ImageObject","inLanguage":"es-AR","@id":"https:\/\/diariodeloeste.com\/noticias\/2021\/10\/06\/mas-calles-renovadas-en-san-isidro\/#primaryimage","url":"https:\/\/diariodeloeste.com\/noticias\/wp-content\/uploads\/2021\/10\/3-de-febrero-3.jpg","contentUrl":"https:\/\/diariodeloeste.com\/noticias\/wp-content\/uploads\/2021\/10\/3-de-febrero-3.jpg","width":799,"height":533},{"@type":"BreadcrumbList","@id":"https:\/\/diariodeloeste.com\/noticias\/2021\/10\/06\/mas-calles-renovadas-en-san-isidro\/#breadcrumb","itemListElement":[{"@type":"ListItem","position":1,"name":"Inicio","item":"https:\/\/diariodeloeste.com\/noticias\/"},{"@type":"ListItem","position":2,"name":"M\u00c1S CALLES RENOVADAS EN SAN ISIDRO"}]},{"@type":"WebSite","@id":"https:\/\/diariodeloeste.com\/noticias\/#website","url":"https:\/\/diariodeloeste.com\/noticias\/","name":"Diario del Oeste","description":"Noticias del Oeste","publisher":{"@id":"https:\/\/diariodeloeste.com\/noticias\/#organization"},"potentialAction":[{"@type":"SearchAction","target":{"@type":"EntryPoint","urlTemplate":"https:\/\/diariodeloeste.com\/noticias\/?s={search_term_string}"},"query-input":{"@type":"PropertyValueSpecification","valueRequired":true,"valueName":"search_term_string"}}],"inLanguage":"es-AR"},{"@type":"Organization","@id":"https:\/\/diariodeloeste.com\/noticias\/#organization","name":"Diario del Oeste","url":"https:\/\/diariodeloeste.com\/noticias\/","logo":{"@type":"ImageObject","inLanguage":"es-AR","@id":"https:\/\/diariodeloeste.com\/noticias\/#\/schema\/logo\/image\/","url":"https:\/\/diariodeloeste.com\/noticias\/wp-content\/uploads\/2019\/04\/logo.png","contentUrl":"https:\/\/diariodeloeste.com\/noticias\/wp-content\/uploads\/2019\/04\/logo.png","width":306,"height":145,"caption":"Diario del Oeste"},"image":{"@id":"https:\/\/diariodeloeste.com\/noticias\/#\/schema\/logo\/image\/"}},{"@type":"Person","@id":"https:\/\/diariodeloeste.com\/noticias\/#\/schema\/person\/1f7be965f8c093432e1cbfcee0ac4047","name":"Redaccion","image":{"@type":"ImageObject","inLanguage":"es-AR","@id":"https:\/\/secure.gravatar.com\/avatar\/f9bc3a12e26b32d818d88f9a5b61de20b559752e499df507efa7ea3cea0550ef?s=96&d=mm&r=g","url":"https:\/\/secure.gravatar.com\/avatar\/f9bc3a12e26b32d818d88f9a5b61de20b559752e499df507efa7ea3cea0550ef?s=96&d=mm&r=g","contentUrl":"https:\/\/secure.gravatar.com\/avatar\/f9bc3a12e26b32d818d88f9a5b61de20b559752e499df507efa7ea3cea0550ef?s=96&d=mm&r=g","caption":"Redaccion"},"url":"https:\/\/diariodeloeste.com\/noticias\/author\/redaccion\/"}]}},"_links":{"self":[{"href":"https:\/\/diariodeloeste.com\/noticias\/wp-json\/wp\/v2\/posts\/7490","targetHints":{"allow":["GET"]}}],"collection":[{"href":"https:\/\/diariodeloeste.com\/noticias\/wp-json\/wp\/v2\/posts"}],"about":[{"href":"https:\/\/diariodeloeste.com\/noticias\/wp-json\/wp\/v2\/types\/post"}],"author":[{"embeddable":true,"href":"https:\/\/diariodeloeste.com\/noticias\/wp-json\/wp\/v2\/users\/3"}],"replies":[{"embeddable":true,"href":"https:\/\/diariodeloeste.com\/noticias\/wp-json\/wp\/v2\/comments?post=7490"}],"version-history":[{"count":1,"href":"https:\/\/diariodeloeste.com\/noticias\/wp-json\/wp\/v2\/posts\/7490\/revisions"}],"predecessor-version":[{"id":7492,"href":"https:\/\/diariodeloeste.com\/noticias\/wp-json\/wp\/v2\/posts\/7490\/revisions\/7492"}],"wp:featuredmedia":[{"embeddable":true,"href":"https:\/\/diariodeloeste.com\/noticias\/wp-json\/wp\/v2\/media\/7491"}],"wp:attachment":[{"href":"https:\/\/diariodeloeste.com\/noticias\/wp-json\/wp\/v2\/media?parent=7490"}],"wp:term":[{"taxonomy":"category","embeddable":true,"href":"https:\/\/diariodeloeste.com\/noticias\/wp-json\/wp\/v2\/categories?post=7490"},{"taxonomy":"post_tag","embeddable":true,"href":"https:\/\/diariodeloeste.com\/noticias\/wp-json\/wp\/v2\/tags?post=7490"}],"curies":[{"name":"wp","href":"https:\/\/api.w.org\/{rel}","templated":true}]}}