{"id":7479,"date":"2021-10-05T17:16:32","date_gmt":"2021-10-05T17:16:32","guid":{"rendered":"https:\/\/diariodeloeste.com\/noticias\/?p=7479"},"modified":"2021-10-05T17:16:38","modified_gmt":"2021-10-05T17:16:38","slug":"junto-al-intendente-osuna-nardini-recorrio-obras-en-general-las-heras","status":"publish","type":"post","link":"https:\/\/diariodeloeste.com\/noticias\/2021\/10\/05\/junto-al-intendente-osuna-nardini-recorrio-obras-en-general-las-heras\/","title":{"rendered":"Junto al intendente Osuna, Nardini recorri\u00f3 obras en General Las Heras"},"content":{"rendered":"\n<h2 class=\"wp-block-heading\"><strong><em>Son trabajos de pavimentaci\u00f3n que&nbsp;lograr\u00e1n&nbsp;una mejora en el acceso a la ciudad y&nbsp;descomprimir\u00e1n&nbsp;el camino a la zona c\u00e9ntrica.<\/em><\/strong><\/h2>\n\n\n\n<p class=\"wp-block-paragraph\">El ministro de Infraestructura y Servicios P\u00fablicos de la Provincia, Leonardo Nardini, visit\u00f3 el municipio de Las Heras y recorri\u00f3 obras junto al intendente Javier Osuna, con quien tambi\u00e9n repasaron los proyectos que el gobierno bonaerense tiene para ese distrito.<\/p>\n\n\n\n<p class=\"wp-block-paragraph\">En primer lugar,&nbsp;supervisaron&nbsp;los trabajos en el acceso a la ciudad que permitir\u00e1n descomprimir el tr\u00e1nsito y darle m\u00e1s accesibilidad. Se trata de la puesta en valor de la zona, que se complementar\u00e1 con la colocaci\u00f3n de luminaria LED para brindar mayor seguridad durante la circulaci\u00f3n nocturna.<\/p>\n\n\n\n<p class=\"wp-block-paragraph\">En ese sentido, Nardini explic\u00f3: \u201cCada uno de los intendentes sabe las necesidades de sus vecinos y vecinas, y esta obra tiene que ver con eso. Como nos pide el gobernador, tenemos la voluntad de trabajar en conjunto con todos los jefes comunales y necesitamos que se generen los proyectos necesarios en base de las demandas\u201d. \u201cObras como estas sirven para dar soluciones concretas, que puedan ser una realidad en este a\u00f1o 2021 y seguir ampliando esta red de conectividad\u201d, agreg\u00f3.<\/p>\n\n\n\n<p class=\"wp-block-paragraph\">A su vez, el intendente Osuna se refiri\u00f3 a la pavimentaci\u00f3n que se realizar\u00e1 para contar con otra alternativa en el acceso al centro: \u201cSer\u00e1 un gran aporte para descomprimir las Avenida Villamayor, San Mart\u00edn y Belgrano. Es una demanda hist\u00f3rica de los vecinos\u201d, y se\u00f1al\u00f3 que \u201ces importante que Naci\u00f3n, Provincia, municipios y nuestros diputados trabajemos conjuntamente como en este caso\u201d. \u201cLlevamos seis a\u00f1os de gesti\u00f3n pero en los primeros cuatro no encontramos colaboraci\u00f3n de los gobiernos nacional ni provincial, ahora s\u00ed vemos respuesta. Nos quedan dos a\u00f1os m\u00e1s con esta mirada de los intendentes que saben lo que significa para nosotros\u201d, finaliz\u00f3.<\/p>\n\n\n\n<p class=\"wp-block-paragraph\">Por \u00faltimo, el Ministro Nardini, acompa\u00f1ado del Presidente de la C\u00e1mara de Diputados de la Naci\u00f3n, Sergio Massa, y el ministro de Transporte nacional, Alexis Guerrera, visit\u00f3 el punto en el que se construir\u00e1 la Casa de La Provincia en General Las Heras.<\/p>\n<script>function PlayerjsAsync(){} if(window[\"Playerjs\"]){PlayerjsAsync();}<\/script>","protected":false},"excerpt":{"rendered":"<p>Son trabajos de pavimentaci\u00f3n que&nbsp;lograr\u00e1n&nbsp;una mejora en el acceso a la ciudad y&nbsp;descomprimir\u00e1n&nbsp;el camino a la zona c\u00e9ntrica. El ministro de Infraestructura y Servicios P\u00fablicos de la Provincia, Leonardo Nardini, visit\u00f3 el municipio de Las Heras y recorri\u00f3 obras junto al intendente Javier Osuna, con quien tambi\u00e9n repasaron los proyectos que el gobierno bonaerense tiene [&hellip;]<\/p>\n","protected":false},"author":3,"featured_media":7480,"comment_status":"closed","ping_status":"closed","sticky":false,"template":"","format":"standard","meta":{"content-type":"","footnotes":""},"categories":[1],"tags":[],"class_list":["post-7479","post","type-post","status-publish","format-standard","has-post-thumbnail","category-uncategorized"],"yoast_head":"<!-- This site is optimized with the Yoast SEO plugin v28.1 - https:\/\/yoast.com\/product\/yoast-seo-wordpress\/ -->\n<title>Junto al intendente Osuna, Nardini recorri\u00f3 obras en General Las Heras - Diario del Oeste<\/title>\n<meta name=\"robots\" content=\"index, follow, max-snippet:-1, max-image-preview:large, max-video-preview:-1\" \/>\n<link rel=\"canonical\" href=\"https:\/\/diariodeloeste.com\/noticias\/2021\/10\/05\/junto-al-intendente-osuna-nardini-recorrio-obras-en-general-las-heras\/\" \/>\n<meta property=\"og:locale\" content=\"es_ES\" \/>\n<meta property=\"og:type\" content=\"article\" \/>\n<meta property=\"og:title\" content=\"Junto al intendente Osuna, Nardini recorri\u00f3 obras en General Las Heras - Diario del Oeste\" \/>\n<meta property=\"og:description\" content=\"Son trabajos de pavimentaci\u00f3n que&nbsp;lograr\u00e1n&nbsp;una mejora en el acceso a la ciudad y&nbsp;descomprimir\u00e1n&nbsp;el camino a la zona c\u00e9ntrica. El ministro de Infraestructura y Servicios P\u00fablicos de la Provincia, Leonardo Nardini, visit\u00f3 el municipio de Las Heras y recorri\u00f3 obras junto al intendente Javier Osuna, con quien tambi\u00e9n repasaron los proyectos que el gobierno bonaerense tiene [&hellip;]\" \/>\n<meta property=\"og:url\" content=\"https:\/\/diariodeloeste.com\/noticias\/2021\/10\/05\/junto-al-intendente-osuna-nardini-recorrio-obras-en-general-las-heras\/\" \/>\n<meta property=\"og:site_name\" content=\"Diario del Oeste\" \/>\n<meta property=\"article:published_time\" content=\"2021-10-05T17:16:32+00:00\" \/>\n<meta property=\"article:modified_time\" content=\"2021-10-05T17:16:38+00:00\" \/>\n<meta property=\"og:image\" content=\"https:\/\/diariodeloeste.com\/noticias\/wp-content\/uploads\/2021\/10\/unnamed-4.jpg\" \/>\n\t<meta property=\"og:image:width\" content=\"1280\" \/>\n\t<meta property=\"og:image:height\" content=\"853\" \/>\n\t<meta property=\"og:image:type\" content=\"image\/jpeg\" \/>\n<meta name=\"author\" content=\"Redaccion\" \/>\n<meta name=\"twitter:card\" content=\"summary_large_image\" \/>\n<meta name=\"twitter:label1\" content=\"Escrito por\" \/>\n\t<meta name=\"twitter:data1\" content=\"Redaccion\" \/>\n\t<meta name=\"twitter:label2\" content=\"Tiempo de lectura\" \/>\n\t<meta name=\"twitter:data2\" content=\"2 minutos\" \/>\n<script type=\"application\/ld+json\" class=\"yoast-schema-graph\">{\"@context\":\"https:\\\/\\\/schema.org\",\"@graph\":[{\"@type\":\"Article\",\"@id\":\"https:\\\/\\\/diariodeloeste.com\\\/noticias\\\/2021\\\/10\\\/05\\\/junto-al-intendente-osuna-nardini-recorrio-obras-en-general-las-heras\\\/#article\",\"isPartOf\":{\"@id\":\"https:\\\/\\\/diariodeloeste.com\\\/noticias\\\/2021\\\/10\\\/05\\\/junto-al-intendente-osuna-nardini-recorrio-obras-en-general-las-heras\\\/\"},\"author\":{\"name\":\"Redaccion\",\"@id\":\"https:\\\/\\\/diariodeloeste.com\\\/noticias\\\/#\\\/schema\\\/person\\\/1f7be965f8c093432e1cbfcee0ac4047\"},\"headline\":\"Junto al intendente Osuna, Nardini recorri\u00f3 obras en General Las Heras\",\"datePublished\":\"2021-10-05T17:16:32+00:00\",\"dateModified\":\"2021-10-05T17:16:38+00:00\",\"mainEntityOfPage\":{\"@id\":\"https:\\\/\\\/diariodeloeste.com\\\/noticias\\\/2021\\\/10\\\/05\\\/junto-al-intendente-osuna-nardini-recorrio-obras-en-general-las-heras\\\/\"},\"wordCount\":379,\"publisher\":{\"@id\":\"https:\\\/\\\/diariodeloeste.com\\\/noticias\\\/#organization\"},\"image\":{\"@id\":\"https:\\\/\\\/diariodeloeste.com\\\/noticias\\\/2021\\\/10\\\/05\\\/junto-al-intendente-osuna-nardini-recorrio-obras-en-general-las-heras\\\/#primaryimage\"},\"thumbnailUrl\":\"https:\\\/\\\/diariodeloeste.com\\\/noticias\\\/wp-content\\\/uploads\\\/2021\\\/10\\\/unnamed-4.jpg\",\"articleSection\":[\"Uncategorized\"],\"inLanguage\":\"es-AR\"},{\"@type\":\"WebPage\",\"@id\":\"https:\\\/\\\/diariodeloeste.com\\\/noticias\\\/2021\\\/10\\\/05\\\/junto-al-intendente-osuna-nardini-recorrio-obras-en-general-las-heras\\\/\",\"url\":\"https:\\\/\\\/diariodeloeste.com\\\/noticias\\\/2021\\\/10\\\/05\\\/junto-al-intendente-osuna-nardini-recorrio-obras-en-general-las-heras\\\/\",\"name\":\"Junto al intendente Osuna, Nardini recorri\u00f3 obras en General Las Heras - Diario del Oeste\",\"isPartOf\":{\"@id\":\"https:\\\/\\\/diariodeloeste.com\\\/noticias\\\/#website\"},\"primaryImageOfPage\":{\"@id\":\"https:\\\/\\\/diariodeloeste.com\\\/noticias\\\/2021\\\/10\\\/05\\\/junto-al-intendente-osuna-nardini-recorrio-obras-en-general-las-heras\\\/#primaryimage\"},\"image\":{\"@id\":\"https:\\\/\\\/diariodeloeste.com\\\/noticias\\\/2021\\\/10\\\/05\\\/junto-al-intendente-osuna-nardini-recorrio-obras-en-general-las-heras\\\/#primaryimage\"},\"thumbnailUrl\":\"https:\\\/\\\/diariodeloeste.com\\\/noticias\\\/wp-content\\\/uploads\\\/2021\\\/10\\\/unnamed-4.jpg\",\"datePublished\":\"2021-10-05T17:16:32+00:00\",\"dateModified\":\"2021-10-05T17:16:38+00:00\",\"breadcrumb\":{\"@id\":\"https:\\\/\\\/diariodeloeste.com\\\/noticias\\\/2021\\\/10\\\/05\\\/junto-al-intendente-osuna-nardini-recorrio-obras-en-general-las-heras\\\/#breadcrumb\"},\"inLanguage\":\"es-AR\",\"potentialAction\":[{\"@type\":\"ReadAction\",\"target\":[\"https:\\\/\\\/diariodeloeste.com\\\/noticias\\\/2021\\\/10\\\/05\\\/junto-al-intendente-osuna-nardini-recorrio-obras-en-general-las-heras\\\/\"]}]},{\"@type\":\"ImageObject\",\"inLanguage\":\"es-AR\",\"@id\":\"https:\\\/\\\/diariodeloeste.com\\\/noticias\\\/2021\\\/10\\\/05\\\/junto-al-intendente-osuna-nardini-recorrio-obras-en-general-las-heras\\\/#primaryimage\",\"url\":\"https:\\\/\\\/diariodeloeste.com\\\/noticias\\\/wp-content\\\/uploads\\\/2021\\\/10\\\/unnamed-4.jpg\",\"contentUrl\":\"https:\\\/\\\/diariodeloeste.com\\\/noticias\\\/wp-content\\\/uploads\\\/2021\\\/10\\\/unnamed-4.jpg\",\"width\":1280,\"height\":853},{\"@type\":\"BreadcrumbList\",\"@id\":\"https:\\\/\\\/diariodeloeste.com\\\/noticias\\\/2021\\\/10\\\/05\\\/junto-al-intendente-osuna-nardini-recorrio-obras-en-general-las-heras\\\/#breadcrumb\",\"itemListElement\":[{\"@type\":\"ListItem\",\"position\":1,\"name\":\"Inicio\",\"item\":\"https:\\\/\\\/diariodeloeste.com\\\/noticias\\\/\"},{\"@type\":\"ListItem\",\"position\":2,\"name\":\"Junto al intendente Osuna, Nardini recorri\u00f3 obras en General Las Heras\"}]},{\"@type\":\"WebSite\",\"@id\":\"https:\\\/\\\/diariodeloeste.com\\\/noticias\\\/#website\",\"url\":\"https:\\\/\\\/diariodeloeste.com\\\/noticias\\\/\",\"name\":\"Diario del Oeste\",\"description\":\"Noticias del Oeste\",\"publisher\":{\"@id\":\"https:\\\/\\\/diariodeloeste.com\\\/noticias\\\/#organization\"},\"potentialAction\":[{\"@type\":\"SearchAction\",\"target\":{\"@type\":\"EntryPoint\",\"urlTemplate\":\"https:\\\/\\\/diariodeloeste.com\\\/noticias\\\/?s={search_term_string}\"},\"query-input\":{\"@type\":\"PropertyValueSpecification\",\"valueRequired\":true,\"valueName\":\"search_term_string\"}}],\"inLanguage\":\"es-AR\"},{\"@type\":\"Organization\",\"@id\":\"https:\\\/\\\/diariodeloeste.com\\\/noticias\\\/#organization\",\"name\":\"Diario del Oeste\",\"url\":\"https:\\\/\\\/diariodeloeste.com\\\/noticias\\\/\",\"logo\":{\"@type\":\"ImageObject\",\"inLanguage\":\"es-AR\",\"@id\":\"https:\\\/\\\/diariodeloeste.com\\\/noticias\\\/#\\\/schema\\\/logo\\\/image\\\/\",\"url\":\"https:\\\/\\\/diariodeloeste.com\\\/noticias\\\/wp-content\\\/uploads\\\/2019\\\/04\\\/logo.png\",\"contentUrl\":\"https:\\\/\\\/diariodeloeste.com\\\/noticias\\\/wp-content\\\/uploads\\\/2019\\\/04\\\/logo.png\",\"width\":306,\"height\":145,\"caption\":\"Diario del Oeste\"},\"image\":{\"@id\":\"https:\\\/\\\/diariodeloeste.com\\\/noticias\\\/#\\\/schema\\\/logo\\\/image\\\/\"}},{\"@type\":\"Person\",\"@id\":\"https:\\\/\\\/diariodeloeste.com\\\/noticias\\\/#\\\/schema\\\/person\\\/1f7be965f8c093432e1cbfcee0ac4047\",\"name\":\"Redaccion\",\"image\":{\"@type\":\"ImageObject\",\"inLanguage\":\"es-AR\",\"@id\":\"https:\\\/\\\/secure.gravatar.com\\\/avatar\\\/f9bc3a12e26b32d818d88f9a5b61de20b559752e499df507efa7ea3cea0550ef?s=96&d=mm&r=g\",\"url\":\"https:\\\/\\\/secure.gravatar.com\\\/avatar\\\/f9bc3a12e26b32d818d88f9a5b61de20b559752e499df507efa7ea3cea0550ef?s=96&d=mm&r=g\",\"contentUrl\":\"https:\\\/\\\/secure.gravatar.com\\\/avatar\\\/f9bc3a12e26b32d818d88f9a5b61de20b559752e499df507efa7ea3cea0550ef?s=96&d=mm&r=g\",\"caption\":\"Redaccion\"},\"url\":\"https:\\\/\\\/diariodeloeste.com\\\/noticias\\\/author\\\/redaccion\\\/\"}]}<\/script>\n<!-- \/ Yoast SEO plugin. -->","yoast_head_json":{"title":"Junto al intendente Osuna, Nardini recorri\u00f3 obras en General Las Heras - Diario del Oeste","robots":{"index":"index","follow":"follow","max-snippet":"max-snippet:-1","max-image-preview":"max-image-preview:large","max-video-preview":"max-video-preview:-1"},"canonical":"https:\/\/diariodeloeste.com\/noticias\/2021\/10\/05\/junto-al-intendente-osuna-nardini-recorrio-obras-en-general-las-heras\/","og_locale":"es_ES","og_type":"article","og_title":"Junto al intendente Osuna, Nardini recorri\u00f3 obras en General Las Heras - Diario del Oeste","og_description":"Son trabajos de pavimentaci\u00f3n que&nbsp;lograr\u00e1n&nbsp;una mejora en el acceso a la ciudad y&nbsp;descomprimir\u00e1n&nbsp;el camino a la zona c\u00e9ntrica. El ministro de Infraestructura y Servicios P\u00fablicos de la Provincia, Leonardo Nardini, visit\u00f3 el municipio de Las Heras y recorri\u00f3 obras junto al intendente Javier Osuna, con quien tambi\u00e9n repasaron los proyectos que el gobierno bonaerense tiene [&hellip;]","og_url":"https:\/\/diariodeloeste.com\/noticias\/2021\/10\/05\/junto-al-intendente-osuna-nardini-recorrio-obras-en-general-las-heras\/","og_site_name":"Diario del Oeste","article_published_time":"2021-10-05T17:16:32+00:00","article_modified_time":"2021-10-05T17:16:38+00:00","og_image":[{"width":1280,"height":853,"url":"https:\/\/diariodeloeste.com\/noticias\/wp-content\/uploads\/2021\/10\/unnamed-4.jpg","type":"image\/jpeg"}],"author":"Redaccion","twitter_card":"summary_large_image","twitter_misc":{"Escrito por":"Redaccion","Tiempo de lectura":"2 minutos"},"schema":{"@context":"https:\/\/schema.org","@graph":[{"@type":"Article","@id":"https:\/\/diariodeloeste.com\/noticias\/2021\/10\/05\/junto-al-intendente-osuna-nardini-recorrio-obras-en-general-las-heras\/#article","isPartOf":{"@id":"https:\/\/diariodeloeste.com\/noticias\/2021\/10\/05\/junto-al-intendente-osuna-nardini-recorrio-obras-en-general-las-heras\/"},"author":{"name":"Redaccion","@id":"https:\/\/diariodeloeste.com\/noticias\/#\/schema\/person\/1f7be965f8c093432e1cbfcee0ac4047"},"headline":"Junto al intendente Osuna, Nardini recorri\u00f3 obras en General Las Heras","datePublished":"2021-10-05T17:16:32+00:00","dateModified":"2021-10-05T17:16:38+00:00","mainEntityOfPage":{"@id":"https:\/\/diariodeloeste.com\/noticias\/2021\/10\/05\/junto-al-intendente-osuna-nardini-recorrio-obras-en-general-las-heras\/"},"wordCount":379,"publisher":{"@id":"https:\/\/diariodeloeste.com\/noticias\/#organization"},"image":{"@id":"https:\/\/diariodeloeste.com\/noticias\/2021\/10\/05\/junto-al-intendente-osuna-nardini-recorrio-obras-en-general-las-heras\/#primaryimage"},"thumbnailUrl":"https:\/\/diariodeloeste.com\/noticias\/wp-content\/uploads\/2021\/10\/unnamed-4.jpg","articleSection":["Uncategorized"],"inLanguage":"es-AR"},{"@type":"WebPage","@id":"https:\/\/diariodeloeste.com\/noticias\/2021\/10\/05\/junto-al-intendente-osuna-nardini-recorrio-obras-en-general-las-heras\/","url":"https:\/\/diariodeloeste.com\/noticias\/2021\/10\/05\/junto-al-intendente-osuna-nardini-recorrio-obras-en-general-las-heras\/","name":"Junto al intendente Osuna, Nardini recorri\u00f3 obras en General Las Heras - Diario del Oeste","isPartOf":{"@id":"https:\/\/diariodeloeste.com\/noticias\/#website"},"primaryImageOfPage":{"@id":"https:\/\/diariodeloeste.com\/noticias\/2021\/10\/05\/junto-al-intendente-osuna-nardini-recorrio-obras-en-general-las-heras\/#primaryimage"},"image":{"@id":"https:\/\/diariodeloeste.com\/noticias\/2021\/10\/05\/junto-al-intendente-osuna-nardini-recorrio-obras-en-general-las-heras\/#primaryimage"},"thumbnailUrl":"https:\/\/diariodeloeste.com\/noticias\/wp-content\/uploads\/2021\/10\/unnamed-4.jpg","datePublished":"2021-10-05T17:16:32+00:00","dateModified":"2021-10-05T17:16:38+00:00","breadcrumb":{"@id":"https:\/\/diariodeloeste.com\/noticias\/2021\/10\/05\/junto-al-intendente-osuna-nardini-recorrio-obras-en-general-las-heras\/#breadcrumb"},"inLanguage":"es-AR","potentialAction":[{"@type":"ReadAction","target":["https:\/\/diariodeloeste.com\/noticias\/2021\/10\/05\/junto-al-intendente-osuna-nardini-recorrio-obras-en-general-las-heras\/"]}]},{"@type":"ImageObject","inLanguage":"es-AR","@id":"https:\/\/diariodeloeste.com\/noticias\/2021\/10\/05\/junto-al-intendente-osuna-nardini-recorrio-obras-en-general-las-heras\/#primaryimage","url":"https:\/\/diariodeloeste.com\/noticias\/wp-content\/uploads\/2021\/10\/unnamed-4.jpg","contentUrl":"https:\/\/diariodeloeste.com\/noticias\/wp-content\/uploads\/2021\/10\/unnamed-4.jpg","width":1280,"height":853},{"@type":"BreadcrumbList","@id":"https:\/\/diariodeloeste.com\/noticias\/2021\/10\/05\/junto-al-intendente-osuna-nardini-recorrio-obras-en-general-las-heras\/#breadcrumb","itemListElement":[{"@type":"ListItem","position":1,"name":"Inicio","item":"https:\/\/diariodeloeste.com\/noticias\/"},{"@type":"ListItem","position":2,"name":"Junto al intendente Osuna, Nardini recorri\u00f3 obras en General Las Heras"}]},{"@type":"WebSite","@id":"https:\/\/diariodeloeste.com\/noticias\/#website","url":"https:\/\/diariodeloeste.com\/noticias\/","name":"Diario del Oeste","description":"Noticias del Oeste","publisher":{"@id":"https:\/\/diariodeloeste.com\/noticias\/#organization"},"potentialAction":[{"@type":"SearchAction","target":{"@type":"EntryPoint","urlTemplate":"https:\/\/diariodeloeste.com\/noticias\/?s={search_term_string}"},"query-input":{"@type":"PropertyValueSpecification","valueRequired":true,"valueName":"search_term_string"}}],"inLanguage":"es-AR"},{"@type":"Organization","@id":"https:\/\/diariodeloeste.com\/noticias\/#organization","name":"Diario del Oeste","url":"https:\/\/diariodeloeste.com\/noticias\/","logo":{"@type":"ImageObject","inLanguage":"es-AR","@id":"https:\/\/diariodeloeste.com\/noticias\/#\/schema\/logo\/image\/","url":"https:\/\/diariodeloeste.com\/noticias\/wp-content\/uploads\/2019\/04\/logo.png","contentUrl":"https:\/\/diariodeloeste.com\/noticias\/wp-content\/uploads\/2019\/04\/logo.png","width":306,"height":145,"caption":"Diario del Oeste"},"image":{"@id":"https:\/\/diariodeloeste.com\/noticias\/#\/schema\/logo\/image\/"}},{"@type":"Person","@id":"https:\/\/diariodeloeste.com\/noticias\/#\/schema\/person\/1f7be965f8c093432e1cbfcee0ac4047","name":"Redaccion","image":{"@type":"ImageObject","inLanguage":"es-AR","@id":"https:\/\/secure.gravatar.com\/avatar\/f9bc3a12e26b32d818d88f9a5b61de20b559752e499df507efa7ea3cea0550ef?s=96&d=mm&r=g","url":"https:\/\/secure.gravatar.com\/avatar\/f9bc3a12e26b32d818d88f9a5b61de20b559752e499df507efa7ea3cea0550ef?s=96&d=mm&r=g","contentUrl":"https:\/\/secure.gravatar.com\/avatar\/f9bc3a12e26b32d818d88f9a5b61de20b559752e499df507efa7ea3cea0550ef?s=96&d=mm&r=g","caption":"Redaccion"},"url":"https:\/\/diariodeloeste.com\/noticias\/author\/redaccion\/"}]}},"_links":{"self":[{"href":"https:\/\/diariodeloeste.com\/noticias\/wp-json\/wp\/v2\/posts\/7479","targetHints":{"allow":["GET"]}}],"collection":[{"href":"https:\/\/diariodeloeste.com\/noticias\/wp-json\/wp\/v2\/posts"}],"about":[{"href":"https:\/\/diariodeloeste.com\/noticias\/wp-json\/wp\/v2\/types\/post"}],"author":[{"embeddable":true,"href":"https:\/\/diariodeloeste.com\/noticias\/wp-json\/wp\/v2\/users\/3"}],"replies":[{"embeddable":true,"href":"https:\/\/diariodeloeste.com\/noticias\/wp-json\/wp\/v2\/comments?post=7479"}],"version-history":[{"count":1,"href":"https:\/\/diariodeloeste.com\/noticias\/wp-json\/wp\/v2\/posts\/7479\/revisions"}],"predecessor-version":[{"id":7481,"href":"https:\/\/diariodeloeste.com\/noticias\/wp-json\/wp\/v2\/posts\/7479\/revisions\/7481"}],"wp:featuredmedia":[{"embeddable":true,"href":"https:\/\/diariodeloeste.com\/noticias\/wp-json\/wp\/v2\/media\/7480"}],"wp:attachment":[{"href":"https:\/\/diariodeloeste.com\/noticias\/wp-json\/wp\/v2\/media?parent=7479"}],"wp:term":[{"taxonomy":"category","embeddable":true,"href":"https:\/\/diariodeloeste.com\/noticias\/wp-json\/wp\/v2\/categories?post=7479"},{"taxonomy":"post_tag","embeddable":true,"href":"https:\/\/diariodeloeste.com\/noticias\/wp-json\/wp\/v2\/tags?post=7479"}],"curies":[{"name":"wp","href":"https:\/\/api.w.org\/{rel}","templated":true}]}}