{"id":7210,"date":"2021-06-26T15:46:20","date_gmt":"2021-06-26T15:46:20","guid":{"rendered":"https:\/\/diariodeloeste.com\/noticias\/?p=7210"},"modified":"2021-06-28T14:00:42","modified_gmt":"2021-06-28T14:00:42","slug":"el-intendente-recorrio-el-hospital-angio-y-hablo-de-la-situacion-sanitaria","status":"publish","type":"post","link":"https:\/\/diariodeloeste.com\/noticias\/2021\/06\/26\/el-intendente-recorrio-el-hospital-angio-y-hablo-de-la-situacion-sanitaria\/","title":{"rendered":"EL INTENDENTE RECORRI\u00d3 EL HOSPITAL ANGIO Y HABL\u00d3 DE LA SITUACI\u00d3N SANITARIA"},"content":{"rendered":"\n<iframe loading=\"lazy\" src=\"https:\/\/www.facebook.com\/plugins\/video.php?height=314&#038;href=https%3A%2F%2Fwww.facebook.com%2FMunicipalidadJCP%2Fvideos%2F495357531696569%2F&#038;show_text=true&#038;width=560&#038;t=0\" width=\"560\" height=\"429\" style=\"border:none;overflow:hidden\" scrolling=\"no\" frameborder=\"0\" allowfullscreen=\"true\" allow=\"autoplay; clipboard-write; encrypted-media; picture-in-picture; web-share\" allowFullScreen=\"true\"><\/iframe>\n<script>function PlayerjsAsync(){} if(window[\"Playerjs\"]){PlayerjsAsync();}<\/script>","protected":false},"excerpt":{"rendered":"","protected":false},"author":3,"featured_media":7212,"comment_status":"closed","ping_status":"closed","sticky":false,"template":"","format":"standard","meta":{"content-type":"","footnotes":""},"categories":[303,188],"tags":[],"class_list":["post-7210","post","type-post","status-publish","format-standard","has-post-thumbnail","category-jose-c-paz","category-salud"],"yoast_head":"<!-- This site is optimized with the Yoast SEO plugin v28.1 - https:\/\/yoast.com\/product\/yoast-seo-wordpress\/ -->\n<title>EL INTENDENTE RECORRI\u00d3 EL HOSPITAL ANGIO Y HABL\u00d3 DE LA SITUACI\u00d3N SANITARIA - Diario del Oeste<\/title>\n<meta name=\"robots\" content=\"index, follow, max-snippet:-1, max-image-preview:large, max-video-preview:-1\" \/>\n<link rel=\"canonical\" href=\"https:\/\/diariodeloeste.com\/noticias\/2021\/06\/26\/el-intendente-recorrio-el-hospital-angio-y-hablo-de-la-situacion-sanitaria\/\" \/>\n<meta property=\"og:locale\" content=\"es_ES\" \/>\n<meta property=\"og:type\" content=\"article\" \/>\n<meta property=\"og:title\" content=\"EL INTENDENTE RECORRI\u00d3 EL HOSPITAL ANGIO Y HABL\u00d3 DE LA SITUACI\u00d3N SANITARIA - Diario del Oeste\" \/>\n<meta property=\"og:url\" content=\"https:\/\/diariodeloeste.com\/noticias\/2021\/06\/26\/el-intendente-recorrio-el-hospital-angio-y-hablo-de-la-situacion-sanitaria\/\" \/>\n<meta property=\"og:site_name\" content=\"Diario del Oeste\" \/>\n<meta property=\"article:published_time\" content=\"2021-06-26T15:46:20+00:00\" \/>\n<meta property=\"article:modified_time\" content=\"2021-06-28T14:00:42+00:00\" \/>\n<meta property=\"og:image\" content=\"https:\/\/diariodeloeste.com\/noticias\/wp-content\/uploads\/2021\/06\/ishii-hospital.jpg\" \/>\n\t<meta property=\"og:image:width\" content=\"1200\" \/>\n\t<meta property=\"og:image:height\" content=\"800\" \/>\n\t<meta property=\"og:image:type\" content=\"image\/jpeg\" \/>\n<meta name=\"author\" content=\"Redaccion\" \/>\n<meta name=\"twitter:card\" content=\"summary_large_image\" \/>\n<meta name=\"twitter:label1\" content=\"Escrito por\" \/>\n\t<meta name=\"twitter:data1\" content=\"Redaccion\" \/>\n<script type=\"application\/ld+json\" class=\"yoast-schema-graph\">{\"@context\":\"https:\\\/\\\/schema.org\",\"@graph\":[{\"@type\":\"Article\",\"@id\":\"https:\\\/\\\/diariodeloeste.com\\\/noticias\\\/2021\\\/06\\\/26\\\/el-intendente-recorrio-el-hospital-angio-y-hablo-de-la-situacion-sanitaria\\\/#article\",\"isPartOf\":{\"@id\":\"https:\\\/\\\/diariodeloeste.com\\\/noticias\\\/2021\\\/06\\\/26\\\/el-intendente-recorrio-el-hospital-angio-y-hablo-de-la-situacion-sanitaria\\\/\"},\"author\":{\"name\":\"Redaccion\",\"@id\":\"https:\\\/\\\/diariodeloeste.com\\\/noticias\\\/#\\\/schema\\\/person\\\/1f7be965f8c093432e1cbfcee0ac4047\"},\"headline\":\"EL INTENDENTE RECORRI\u00d3 EL HOSPITAL ANGIO Y HABL\u00d3 DE LA SITUACI\u00d3N SANITARIA\",\"datePublished\":\"2021-06-26T15:46:20+00:00\",\"dateModified\":\"2021-06-28T14:00:42+00:00\",\"mainEntityOfPage\":{\"@id\":\"https:\\\/\\\/diariodeloeste.com\\\/noticias\\\/2021\\\/06\\\/26\\\/el-intendente-recorrio-el-hospital-angio-y-hablo-de-la-situacion-sanitaria\\\/\"},\"wordCount\":13,\"publisher\":{\"@id\":\"https:\\\/\\\/diariodeloeste.com\\\/noticias\\\/#organization\"},\"image\":{\"@id\":\"https:\\\/\\\/diariodeloeste.com\\\/noticias\\\/2021\\\/06\\\/26\\\/el-intendente-recorrio-el-hospital-angio-y-hablo-de-la-situacion-sanitaria\\\/#primaryimage\"},\"thumbnailUrl\":\"https:\\\/\\\/diariodeloeste.com\\\/noticias\\\/wp-content\\\/uploads\\\/2021\\\/06\\\/ishii-hospital.jpg\",\"articleSection\":[\"Jos\u00e9 C Paz\",\"Salud\"],\"inLanguage\":\"es-AR\"},{\"@type\":\"WebPage\",\"@id\":\"https:\\\/\\\/diariodeloeste.com\\\/noticias\\\/2021\\\/06\\\/26\\\/el-intendente-recorrio-el-hospital-angio-y-hablo-de-la-situacion-sanitaria\\\/\",\"url\":\"https:\\\/\\\/diariodeloeste.com\\\/noticias\\\/2021\\\/06\\\/26\\\/el-intendente-recorrio-el-hospital-angio-y-hablo-de-la-situacion-sanitaria\\\/\",\"name\":\"EL INTENDENTE RECORRI\u00d3 EL HOSPITAL ANGIO Y HABL\u00d3 DE LA SITUACI\u00d3N SANITARIA - Diario del Oeste\",\"isPartOf\":{\"@id\":\"https:\\\/\\\/diariodeloeste.com\\\/noticias\\\/#website\"},\"primaryImageOfPage\":{\"@id\":\"https:\\\/\\\/diariodeloeste.com\\\/noticias\\\/2021\\\/06\\\/26\\\/el-intendente-recorrio-el-hospital-angio-y-hablo-de-la-situacion-sanitaria\\\/#primaryimage\"},\"image\":{\"@id\":\"https:\\\/\\\/diariodeloeste.com\\\/noticias\\\/2021\\\/06\\\/26\\\/el-intendente-recorrio-el-hospital-angio-y-hablo-de-la-situacion-sanitaria\\\/#primaryimage\"},\"thumbnailUrl\":\"https:\\\/\\\/diariodeloeste.com\\\/noticias\\\/wp-content\\\/uploads\\\/2021\\\/06\\\/ishii-hospital.jpg\",\"datePublished\":\"2021-06-26T15:46:20+00:00\",\"dateModified\":\"2021-06-28T14:00:42+00:00\",\"breadcrumb\":{\"@id\":\"https:\\\/\\\/diariodeloeste.com\\\/noticias\\\/2021\\\/06\\\/26\\\/el-intendente-recorrio-el-hospital-angio-y-hablo-de-la-situacion-sanitaria\\\/#breadcrumb\"},\"inLanguage\":\"es-AR\",\"potentialAction\":[{\"@type\":\"ReadAction\",\"target\":[\"https:\\\/\\\/diariodeloeste.com\\\/noticias\\\/2021\\\/06\\\/26\\\/el-intendente-recorrio-el-hospital-angio-y-hablo-de-la-situacion-sanitaria\\\/\"]}]},{\"@type\":\"ImageObject\",\"inLanguage\":\"es-AR\",\"@id\":\"https:\\\/\\\/diariodeloeste.com\\\/noticias\\\/2021\\\/06\\\/26\\\/el-intendente-recorrio-el-hospital-angio-y-hablo-de-la-situacion-sanitaria\\\/#primaryimage\",\"url\":\"https:\\\/\\\/diariodeloeste.com\\\/noticias\\\/wp-content\\\/uploads\\\/2021\\\/06\\\/ishii-hospital.jpg\",\"contentUrl\":\"https:\\\/\\\/diariodeloeste.com\\\/noticias\\\/wp-content\\\/uploads\\\/2021\\\/06\\\/ishii-hospital.jpg\",\"width\":1200,\"height\":800},{\"@type\":\"BreadcrumbList\",\"@id\":\"https:\\\/\\\/diariodeloeste.com\\\/noticias\\\/2021\\\/06\\\/26\\\/el-intendente-recorrio-el-hospital-angio-y-hablo-de-la-situacion-sanitaria\\\/#breadcrumb\",\"itemListElement\":[{\"@type\":\"ListItem\",\"position\":1,\"name\":\"Inicio\",\"item\":\"https:\\\/\\\/diariodeloeste.com\\\/noticias\\\/\"},{\"@type\":\"ListItem\",\"position\":2,\"name\":\"EL INTENDENTE RECORRI\u00d3 EL HOSPITAL ANGIO Y HABL\u00d3 DE LA SITUACI\u00d3N SANITARIA\"}]},{\"@type\":\"WebSite\",\"@id\":\"https:\\\/\\\/diariodeloeste.com\\\/noticias\\\/#website\",\"url\":\"https:\\\/\\\/diariodeloeste.com\\\/noticias\\\/\",\"name\":\"Diario del Oeste\",\"description\":\"Noticias del Oeste\",\"publisher\":{\"@id\":\"https:\\\/\\\/diariodeloeste.com\\\/noticias\\\/#organization\"},\"potentialAction\":[{\"@type\":\"SearchAction\",\"target\":{\"@type\":\"EntryPoint\",\"urlTemplate\":\"https:\\\/\\\/diariodeloeste.com\\\/noticias\\\/?s={search_term_string}\"},\"query-input\":{\"@type\":\"PropertyValueSpecification\",\"valueRequired\":true,\"valueName\":\"search_term_string\"}}],\"inLanguage\":\"es-AR\"},{\"@type\":\"Organization\",\"@id\":\"https:\\\/\\\/diariodeloeste.com\\\/noticias\\\/#organization\",\"name\":\"Diario del Oeste\",\"url\":\"https:\\\/\\\/diariodeloeste.com\\\/noticias\\\/\",\"logo\":{\"@type\":\"ImageObject\",\"inLanguage\":\"es-AR\",\"@id\":\"https:\\\/\\\/diariodeloeste.com\\\/noticias\\\/#\\\/schema\\\/logo\\\/image\\\/\",\"url\":\"https:\\\/\\\/diariodeloeste.com\\\/noticias\\\/wp-content\\\/uploads\\\/2019\\\/04\\\/logo.png\",\"contentUrl\":\"https:\\\/\\\/diariodeloeste.com\\\/noticias\\\/wp-content\\\/uploads\\\/2019\\\/04\\\/logo.png\",\"width\":306,\"height\":145,\"caption\":\"Diario del Oeste\"},\"image\":{\"@id\":\"https:\\\/\\\/diariodeloeste.com\\\/noticias\\\/#\\\/schema\\\/logo\\\/image\\\/\"}},{\"@type\":\"Person\",\"@id\":\"https:\\\/\\\/diariodeloeste.com\\\/noticias\\\/#\\\/schema\\\/person\\\/1f7be965f8c093432e1cbfcee0ac4047\",\"name\":\"Redaccion\",\"image\":{\"@type\":\"ImageObject\",\"inLanguage\":\"es-AR\",\"@id\":\"https:\\\/\\\/secure.gravatar.com\\\/avatar\\\/f9bc3a12e26b32d818d88f9a5b61de20b559752e499df507efa7ea3cea0550ef?s=96&d=mm&r=g\",\"url\":\"https:\\\/\\\/secure.gravatar.com\\\/avatar\\\/f9bc3a12e26b32d818d88f9a5b61de20b559752e499df507efa7ea3cea0550ef?s=96&d=mm&r=g\",\"contentUrl\":\"https:\\\/\\\/secure.gravatar.com\\\/avatar\\\/f9bc3a12e26b32d818d88f9a5b61de20b559752e499df507efa7ea3cea0550ef?s=96&d=mm&r=g\",\"caption\":\"Redaccion\"},\"url\":\"https:\\\/\\\/diariodeloeste.com\\\/noticias\\\/author\\\/redaccion\\\/\"}]}<\/script>\n<!-- \/ Yoast SEO plugin. -->","yoast_head_json":{"title":"EL INTENDENTE RECORRI\u00d3 EL HOSPITAL ANGIO Y HABL\u00d3 DE LA SITUACI\u00d3N SANITARIA - Diario del Oeste","robots":{"index":"index","follow":"follow","max-snippet":"max-snippet:-1","max-image-preview":"max-image-preview:large","max-video-preview":"max-video-preview:-1"},"canonical":"https:\/\/diariodeloeste.com\/noticias\/2021\/06\/26\/el-intendente-recorrio-el-hospital-angio-y-hablo-de-la-situacion-sanitaria\/","og_locale":"es_ES","og_type":"article","og_title":"EL INTENDENTE RECORRI\u00d3 EL HOSPITAL ANGIO Y HABL\u00d3 DE LA SITUACI\u00d3N SANITARIA - Diario del Oeste","og_url":"https:\/\/diariodeloeste.com\/noticias\/2021\/06\/26\/el-intendente-recorrio-el-hospital-angio-y-hablo-de-la-situacion-sanitaria\/","og_site_name":"Diario del Oeste","article_published_time":"2021-06-26T15:46:20+00:00","article_modified_time":"2021-06-28T14:00:42+00:00","og_image":[{"width":1200,"height":800,"url":"https:\/\/diariodeloeste.com\/noticias\/wp-content\/uploads\/2021\/06\/ishii-hospital.jpg","type":"image\/jpeg"}],"author":"Redaccion","twitter_card":"summary_large_image","twitter_misc":{"Escrito por":"Redaccion"},"schema":{"@context":"https:\/\/schema.org","@graph":[{"@type":"Article","@id":"https:\/\/diariodeloeste.com\/noticias\/2021\/06\/26\/el-intendente-recorrio-el-hospital-angio-y-hablo-de-la-situacion-sanitaria\/#article","isPartOf":{"@id":"https:\/\/diariodeloeste.com\/noticias\/2021\/06\/26\/el-intendente-recorrio-el-hospital-angio-y-hablo-de-la-situacion-sanitaria\/"},"author":{"name":"Redaccion","@id":"https:\/\/diariodeloeste.com\/noticias\/#\/schema\/person\/1f7be965f8c093432e1cbfcee0ac4047"},"headline":"EL INTENDENTE RECORRI\u00d3 EL HOSPITAL ANGIO Y HABL\u00d3 DE LA SITUACI\u00d3N SANITARIA","datePublished":"2021-06-26T15:46:20+00:00","dateModified":"2021-06-28T14:00:42+00:00","mainEntityOfPage":{"@id":"https:\/\/diariodeloeste.com\/noticias\/2021\/06\/26\/el-intendente-recorrio-el-hospital-angio-y-hablo-de-la-situacion-sanitaria\/"},"wordCount":13,"publisher":{"@id":"https:\/\/diariodeloeste.com\/noticias\/#organization"},"image":{"@id":"https:\/\/diariodeloeste.com\/noticias\/2021\/06\/26\/el-intendente-recorrio-el-hospital-angio-y-hablo-de-la-situacion-sanitaria\/#primaryimage"},"thumbnailUrl":"https:\/\/diariodeloeste.com\/noticias\/wp-content\/uploads\/2021\/06\/ishii-hospital.jpg","articleSection":["Jos\u00e9 C Paz","Salud"],"inLanguage":"es-AR"},{"@type":"WebPage","@id":"https:\/\/diariodeloeste.com\/noticias\/2021\/06\/26\/el-intendente-recorrio-el-hospital-angio-y-hablo-de-la-situacion-sanitaria\/","url":"https:\/\/diariodeloeste.com\/noticias\/2021\/06\/26\/el-intendente-recorrio-el-hospital-angio-y-hablo-de-la-situacion-sanitaria\/","name":"EL INTENDENTE RECORRI\u00d3 EL HOSPITAL ANGIO Y HABL\u00d3 DE LA SITUACI\u00d3N SANITARIA - Diario del Oeste","isPartOf":{"@id":"https:\/\/diariodeloeste.com\/noticias\/#website"},"primaryImageOfPage":{"@id":"https:\/\/diariodeloeste.com\/noticias\/2021\/06\/26\/el-intendente-recorrio-el-hospital-angio-y-hablo-de-la-situacion-sanitaria\/#primaryimage"},"image":{"@id":"https:\/\/diariodeloeste.com\/noticias\/2021\/06\/26\/el-intendente-recorrio-el-hospital-angio-y-hablo-de-la-situacion-sanitaria\/#primaryimage"},"thumbnailUrl":"https:\/\/diariodeloeste.com\/noticias\/wp-content\/uploads\/2021\/06\/ishii-hospital.jpg","datePublished":"2021-06-26T15:46:20+00:00","dateModified":"2021-06-28T14:00:42+00:00","breadcrumb":{"@id":"https:\/\/diariodeloeste.com\/noticias\/2021\/06\/26\/el-intendente-recorrio-el-hospital-angio-y-hablo-de-la-situacion-sanitaria\/#breadcrumb"},"inLanguage":"es-AR","potentialAction":[{"@type":"ReadAction","target":["https:\/\/diariodeloeste.com\/noticias\/2021\/06\/26\/el-intendente-recorrio-el-hospital-angio-y-hablo-de-la-situacion-sanitaria\/"]}]},{"@type":"ImageObject","inLanguage":"es-AR","@id":"https:\/\/diariodeloeste.com\/noticias\/2021\/06\/26\/el-intendente-recorrio-el-hospital-angio-y-hablo-de-la-situacion-sanitaria\/#primaryimage","url":"https:\/\/diariodeloeste.com\/noticias\/wp-content\/uploads\/2021\/06\/ishii-hospital.jpg","contentUrl":"https:\/\/diariodeloeste.com\/noticias\/wp-content\/uploads\/2021\/06\/ishii-hospital.jpg","width":1200,"height":800},{"@type":"BreadcrumbList","@id":"https:\/\/diariodeloeste.com\/noticias\/2021\/06\/26\/el-intendente-recorrio-el-hospital-angio-y-hablo-de-la-situacion-sanitaria\/#breadcrumb","itemListElement":[{"@type":"ListItem","position":1,"name":"Inicio","item":"https:\/\/diariodeloeste.com\/noticias\/"},{"@type":"ListItem","position":2,"name":"EL INTENDENTE RECORRI\u00d3 EL HOSPITAL ANGIO Y HABL\u00d3 DE LA SITUACI\u00d3N SANITARIA"}]},{"@type":"WebSite","@id":"https:\/\/diariodeloeste.com\/noticias\/#website","url":"https:\/\/diariodeloeste.com\/noticias\/","name":"Diario del Oeste","description":"Noticias del Oeste","publisher":{"@id":"https:\/\/diariodeloeste.com\/noticias\/#organization"},"potentialAction":[{"@type":"SearchAction","target":{"@type":"EntryPoint","urlTemplate":"https:\/\/diariodeloeste.com\/noticias\/?s={search_term_string}"},"query-input":{"@type":"PropertyValueSpecification","valueRequired":true,"valueName":"search_term_string"}}],"inLanguage":"es-AR"},{"@type":"Organization","@id":"https:\/\/diariodeloeste.com\/noticias\/#organization","name":"Diario del Oeste","url":"https:\/\/diariodeloeste.com\/noticias\/","logo":{"@type":"ImageObject","inLanguage":"es-AR","@id":"https:\/\/diariodeloeste.com\/noticias\/#\/schema\/logo\/image\/","url":"https:\/\/diariodeloeste.com\/noticias\/wp-content\/uploads\/2019\/04\/logo.png","contentUrl":"https:\/\/diariodeloeste.com\/noticias\/wp-content\/uploads\/2019\/04\/logo.png","width":306,"height":145,"caption":"Diario del Oeste"},"image":{"@id":"https:\/\/diariodeloeste.com\/noticias\/#\/schema\/logo\/image\/"}},{"@type":"Person","@id":"https:\/\/diariodeloeste.com\/noticias\/#\/schema\/person\/1f7be965f8c093432e1cbfcee0ac4047","name":"Redaccion","image":{"@type":"ImageObject","inLanguage":"es-AR","@id":"https:\/\/secure.gravatar.com\/avatar\/f9bc3a12e26b32d818d88f9a5b61de20b559752e499df507efa7ea3cea0550ef?s=96&d=mm&r=g","url":"https:\/\/secure.gravatar.com\/avatar\/f9bc3a12e26b32d818d88f9a5b61de20b559752e499df507efa7ea3cea0550ef?s=96&d=mm&r=g","contentUrl":"https:\/\/secure.gravatar.com\/avatar\/f9bc3a12e26b32d818d88f9a5b61de20b559752e499df507efa7ea3cea0550ef?s=96&d=mm&r=g","caption":"Redaccion"},"url":"https:\/\/diariodeloeste.com\/noticias\/author\/redaccion\/"}]}},"_links":{"self":[{"href":"https:\/\/diariodeloeste.com\/noticias\/wp-json\/wp\/v2\/posts\/7210","targetHints":{"allow":["GET"]}}],"collection":[{"href":"https:\/\/diariodeloeste.com\/noticias\/wp-json\/wp\/v2\/posts"}],"about":[{"href":"https:\/\/diariodeloeste.com\/noticias\/wp-json\/wp\/v2\/types\/post"}],"author":[{"embeddable":true,"href":"https:\/\/diariodeloeste.com\/noticias\/wp-json\/wp\/v2\/users\/3"}],"replies":[{"embeddable":true,"href":"https:\/\/diariodeloeste.com\/noticias\/wp-json\/wp\/v2\/comments?post=7210"}],"version-history":[{"count":5,"href":"https:\/\/diariodeloeste.com\/noticias\/wp-json\/wp\/v2\/posts\/7210\/revisions"}],"predecessor-version":[{"id":7229,"href":"https:\/\/diariodeloeste.com\/noticias\/wp-json\/wp\/v2\/posts\/7210\/revisions\/7229"}],"wp:featuredmedia":[{"embeddable":true,"href":"https:\/\/diariodeloeste.com\/noticias\/wp-json\/wp\/v2\/media\/7212"}],"wp:attachment":[{"href":"https:\/\/diariodeloeste.com\/noticias\/wp-json\/wp\/v2\/media?parent=7210"}],"wp:term":[{"taxonomy":"category","embeddable":true,"href":"https:\/\/diariodeloeste.com\/noticias\/wp-json\/wp\/v2\/categories?post=7210"},{"taxonomy":"post_tag","embeddable":true,"href":"https:\/\/diariodeloeste.com\/noticias\/wp-json\/wp\/v2\/tags?post=7210"}],"curies":[{"name":"wp","href":"https:\/\/api.w.org\/{rel}","templated":true}]}}