{"id":703,"date":"2017-05-08T02:31:55","date_gmt":"2017-05-08T02:31:55","guid":{"rendered":"https:\/\/diariodeloeste.com\/noticias\/?p=703"},"modified":"2017-05-08T14:25:34","modified_gmt":"2017-05-08T14:25:34","slug":"703","status":"publish","type":"post","link":"https:\/\/diariodeloeste.com\/noticias\/2017\/05\/08\/703\/","title":{"rendered":"Se olvidaron de los arcos"},"content":{"rendered":"<p><b>El Trueno Verde empat\u00f3 frente a Lujan por 0 a 0. No fue vistoso el juego de San Miguel, que nunca pudo encontrarle la vuelta a la visita. Un partido muy aspero por momentos y sin muchas situaciones de peligro. La buena noticia es que sigue dentro del reducido.&nbsp;<\/b><br \/>\n<a href=\"https:\/\/diariodeloeste.com\/noticias\/wp-content\/uploads\/2017\/05\/FB_IMG_1494210642908.jpg\"><img loading=\"lazy\" loading=\"lazy\" decoding=\"async\" src=\"https:\/\/diariodeloeste.com\/noticias\/wp-content\/uploads\/2017\/05\/FB_IMG_1494210642908.jpg\" alt=\"\" class=\"wp-image-702 alignnone size-full\" width=\"720\" height=\"476\" srcset=\"https:\/\/diariodeloeste.com\/noticias\/wp-content\/uploads\/2017\/05\/FB_IMG_1494210642908.jpg 720w, https:\/\/diariodeloeste.com\/noticias\/wp-content\/uploads\/2017\/05\/FB_IMG_1494210642908-300x198.jpg 300w\" sizes=\"auto, (max-width: 720px) 100vw, 720px\" \/><\/a>Foto: Guillermo Ruiz Diaz &#8211; Prensa San Miguel<\/p>\n<p>En el Estadio Malvinas Argentinas, donde contin\u00faa invicto en este torneo y por la fecha n\u00famero 29 de la Primera C, el conjunto de Los Polvorines recibi\u00f3 al de La Bas\u00edlica. San Miguel ven\u00eda de dos triunfos consecutivos, mientras que Lujan hab\u00eda goleado 4 a 0 a El Porvenir en la fecha anterior.&nbsp;<\/p>\n<p>Fue un partido chato. El equipo de la dupla Zermatten &#8211; Berardi, sali\u00f3 con una l\u00ednea de 5 defensores, justamente la que utiliz\u00f3 en los \u00faltimos dos partidos. La novedad fue el ingreso de Cristian Ortiz dentro del once inicial. Igualmente el 10 del Verde no pudo desequilibrar como en otros encuentros.&nbsp;<\/p>\n<p>La primera jugada de riesgo fue para la visita, a los 22 minutos. Una contra por izquierda que derivo en un centro al segundo palo, donde se encontraba solo Imanol Varela, quien sac\u00f3 un cabezazo a quemarropas y encontr\u00f3 bien ubicado a Fernando Lugo. El 1 del Trueno estuvo r\u00e1pido de reflejos y salv\u00f3 la ca\u00edda de su arco.<\/p>\n<p>Inmediatamente, San Miguel respondi\u00f3 con una corrida de Emmanuel Gonzalez por izquierda. El <i>Chueco <\/i>lleg\u00f3 hasta el fondo, tir\u00f3 un centro fuerte y en el \u00e1rea chica no lleg\u00f3 a conectar Lucas Scarnato. La r\u00e9plica de Luj\u00e1n fue a los 29 minutos, con un remate desde afuera de Rubira, que Lugo atrap\u00f3 sin problemas. \u00c9se lapso de tiempo fue el m\u00e1s productivo del primer tiempo y del partido.&nbsp;<\/p>\n<p>La segunda etapa fue muy trabada. El \u00e1rbitro del encuentro, Antonio Amato, quiso cobrar protagonismo y gener\u00f3 pol\u00e9mica e insultos al fallar en varias jugadas.&nbsp;<\/p>\n<p>A los 14 minutos, Agust\u00edn De La Cuesta se escap\u00f3 por izquierda y remat\u00f3 al primer palo, Lugo la sac\u00f3 al corner. Luego, todo seguir\u00eda su curso hacia el 0 por ambos lados. Ingresaron Sosa, Lamanna e Inzaurraga. La \u00faltima y la m\u00e1s clara fue a los 41&#8242;, Iv\u00e1n Ramirez tir\u00f3 un centro desde la derecha. Lucas Scarnato la recibi\u00f3 dentro del \u00e1rea chica e intent\u00f3 tirarla por arriba, inexplicablemente. La pelota no hizo la par\u00e1bola necesaria y se fue por encima del travesa\u00f1o.&nbsp;<\/p>\n<p>Fue empate y con el punto, el Trueno lleg\u00f3 a 42. Sigue dentro del reducido y la pr\u00f3xima fecha visitar\u00e1 a Deportivo Merlo, quien cay\u00f3 por 2 a 1 frente a El Porvenir. El encuentro est\u00e1 pactado para el domingo 14 a las 11 horas. Lo destacable en San Miguel es que no perdi\u00f3 como local y que hace 3 fechas mantuvo la valla en 0.&nbsp;<\/p>\n<script>function PlayerjsAsync(){} if(window[\"Playerjs\"]){PlayerjsAsync();}<\/script>","protected":false},"excerpt":{"rendered":"<p>El Trueno Verde empat\u00f3 frente a Lujan por 0 a 0. No fue vistoso el juego de San Miguel, que nunca pudo encontrarle la vuelta a la visita. Un partido muy aspero por momentos y sin muchas situaciones de peligro. La buena noticia es que sigue dentro del reducido.&nbsp; Foto: Guillermo Ruiz Diaz &#8211; Prensa [&hellip;]<\/p>\n","protected":false},"author":3,"featured_media":702,"comment_status":"closed","ping_status":"closed","sticky":false,"template":"","format":"standard","meta":{"content-type":"","footnotes":""},"categories":[6],"tags":[226,133,123],"class_list":{"0":"post-703","1":"post","2":"type-post","3":"status-publish","4":"format-standard","5":"has-post-thumbnail","7":"category-deportes","8":"tag-lujan","9":"tag-primera-c","10":"tag-san-miguel"},"yoast_head":"<!-- This site is optimized with the Yoast SEO plugin v27.4 - https:\/\/yoast.com\/product\/yoast-seo-wordpress\/ -->\n<title>Se olvidaron de los arcos - Diario del Oeste<\/title>\n<meta name=\"robots\" content=\"index, follow, max-snippet:-1, max-image-preview:large, max-video-preview:-1\" \/>\n<link rel=\"canonical\" href=\"https:\/\/diariodeloeste.com\/noticias\/2017\/05\/08\/703\/\" \/>\n<meta property=\"og:locale\" content=\"es_ES\" \/>\n<meta property=\"og:type\" content=\"article\" \/>\n<meta property=\"og:title\" content=\"Se olvidaron de los arcos - Diario del Oeste\" \/>\n<meta property=\"og:description\" content=\"El Trueno Verde empat\u00f3 frente a Lujan por 0 a 0. No fue vistoso el juego de San Miguel, que nunca pudo encontrarle la vuelta a la visita. Un partido muy aspero por momentos y sin muchas situaciones de peligro. La buena noticia es que sigue dentro del reducido.&nbsp; Foto: Guillermo Ruiz Diaz &#8211; Prensa [&hellip;]\" \/>\n<meta property=\"og:url\" content=\"https:\/\/diariodeloeste.com\/noticias\/2017\/05\/08\/703\/\" \/>\n<meta property=\"og:site_name\" content=\"Diario del Oeste\" \/>\n<meta property=\"article:published_time\" content=\"2017-05-08T02:31:55+00:00\" \/>\n<meta property=\"article:modified_time\" content=\"2017-05-08T14:25:34+00:00\" \/>\n<meta property=\"og:image\" content=\"https:\/\/diariodeloeste.com\/noticias\/wp-content\/uploads\/2017\/05\/FB_IMG_1494210642908.jpg\" \/>\n\t<meta property=\"og:image:width\" content=\"720\" \/>\n\t<meta property=\"og:image:height\" content=\"476\" \/>\n\t<meta property=\"og:image:type\" content=\"image\/jpeg\" \/>\n<meta name=\"author\" content=\"Redaccion\" \/>\n<meta name=\"twitter:card\" content=\"summary_large_image\" \/>\n<meta name=\"twitter:label1\" content=\"Escrito por\" \/>\n\t<meta name=\"twitter:data1\" content=\"Redaccion\" \/>\n\t<meta name=\"twitter:label2\" content=\"Tiempo de lectura\" \/>\n\t<meta name=\"twitter:data2\" content=\"2 minutos\" \/>\n<script type=\"application\/ld+json\" class=\"yoast-schema-graph\">{\"@context\":\"https:\\\/\\\/schema.org\",\"@graph\":[{\"@type\":\"Article\",\"@id\":\"https:\\\/\\\/diariodeloeste.com\\\/noticias\\\/2017\\\/05\\\/08\\\/703\\\/#article\",\"isPartOf\":{\"@id\":\"https:\\\/\\\/diariodeloeste.com\\\/noticias\\\/2017\\\/05\\\/08\\\/703\\\/\"},\"author\":{\"name\":\"Redaccion\",\"@id\":\"https:\\\/\\\/diariodeloeste.com\\\/noticias\\\/#\\\/schema\\\/person\\\/1f7be965f8c093432e1cbfcee0ac4047\"},\"headline\":\"Se olvidaron de los arcos\",\"datePublished\":\"2017-05-08T02:31:55+00:00\",\"dateModified\":\"2017-05-08T14:25:34+00:00\",\"mainEntityOfPage\":{\"@id\":\"https:\\\/\\\/diariodeloeste.com\\\/noticias\\\/2017\\\/05\\\/08\\\/703\\\/\"},\"wordCount\":475,\"publisher\":{\"@id\":\"https:\\\/\\\/diariodeloeste.com\\\/noticias\\\/#organization\"},\"image\":{\"@id\":\"https:\\\/\\\/diariodeloeste.com\\\/noticias\\\/2017\\\/05\\\/08\\\/703\\\/#primaryimage\"},\"thumbnailUrl\":\"https:\\\/\\\/diariodeloeste.com\\\/noticias\\\/wp-content\\\/uploads\\\/2017\\\/05\\\/FB_IMG_1494210642908.jpg\",\"keywords\":[\"Lujan\",\"Primera C\",\"san miguel\"],\"articleSection\":[\"Deportes\"],\"inLanguage\":\"es-AR\"},{\"@type\":\"WebPage\",\"@id\":\"https:\\\/\\\/diariodeloeste.com\\\/noticias\\\/2017\\\/05\\\/08\\\/703\\\/\",\"url\":\"https:\\\/\\\/diariodeloeste.com\\\/noticias\\\/2017\\\/05\\\/08\\\/703\\\/\",\"name\":\"Se olvidaron de los arcos - Diario del Oeste\",\"isPartOf\":{\"@id\":\"https:\\\/\\\/diariodeloeste.com\\\/noticias\\\/#website\"},\"primaryImageOfPage\":{\"@id\":\"https:\\\/\\\/diariodeloeste.com\\\/noticias\\\/2017\\\/05\\\/08\\\/703\\\/#primaryimage\"},\"image\":{\"@id\":\"https:\\\/\\\/diariodeloeste.com\\\/noticias\\\/2017\\\/05\\\/08\\\/703\\\/#primaryimage\"},\"thumbnailUrl\":\"https:\\\/\\\/diariodeloeste.com\\\/noticias\\\/wp-content\\\/uploads\\\/2017\\\/05\\\/FB_IMG_1494210642908.jpg\",\"datePublished\":\"2017-05-08T02:31:55+00:00\",\"dateModified\":\"2017-05-08T14:25:34+00:00\",\"breadcrumb\":{\"@id\":\"https:\\\/\\\/diariodeloeste.com\\\/noticias\\\/2017\\\/05\\\/08\\\/703\\\/#breadcrumb\"},\"inLanguage\":\"es-AR\",\"potentialAction\":[{\"@type\":\"ReadAction\",\"target\":[\"https:\\\/\\\/diariodeloeste.com\\\/noticias\\\/2017\\\/05\\\/08\\\/703\\\/\"]}]},{\"@type\":\"ImageObject\",\"inLanguage\":\"es-AR\",\"@id\":\"https:\\\/\\\/diariodeloeste.com\\\/noticias\\\/2017\\\/05\\\/08\\\/703\\\/#primaryimage\",\"url\":\"https:\\\/\\\/diariodeloeste.com\\\/noticias\\\/wp-content\\\/uploads\\\/2017\\\/05\\\/FB_IMG_1494210642908.jpg\",\"contentUrl\":\"https:\\\/\\\/diariodeloeste.com\\\/noticias\\\/wp-content\\\/uploads\\\/2017\\\/05\\\/FB_IMG_1494210642908.jpg\",\"width\":720,\"height\":476},{\"@type\":\"BreadcrumbList\",\"@id\":\"https:\\\/\\\/diariodeloeste.com\\\/noticias\\\/2017\\\/05\\\/08\\\/703\\\/#breadcrumb\",\"itemListElement\":[{\"@type\":\"ListItem\",\"position\":1,\"name\":\"Inicio\",\"item\":\"https:\\\/\\\/diariodeloeste.com\\\/noticias\\\/\"},{\"@type\":\"ListItem\",\"position\":2,\"name\":\"Se olvidaron de los arcos\"}]},{\"@type\":\"WebSite\",\"@id\":\"https:\\\/\\\/diariodeloeste.com\\\/noticias\\\/#website\",\"url\":\"https:\\\/\\\/diariodeloeste.com\\\/noticias\\\/\",\"name\":\"Diario del Oeste\",\"description\":\"Noticias del Oeste\",\"publisher\":{\"@id\":\"https:\\\/\\\/diariodeloeste.com\\\/noticias\\\/#organization\"},\"potentialAction\":[{\"@type\":\"SearchAction\",\"target\":{\"@type\":\"EntryPoint\",\"urlTemplate\":\"https:\\\/\\\/diariodeloeste.com\\\/noticias\\\/?s={search_term_string}\"},\"query-input\":{\"@type\":\"PropertyValueSpecification\",\"valueRequired\":true,\"valueName\":\"search_term_string\"}}],\"inLanguage\":\"es-AR\"},{\"@type\":\"Organization\",\"@id\":\"https:\\\/\\\/diariodeloeste.com\\\/noticias\\\/#organization\",\"name\":\"Diario del Oeste\",\"url\":\"https:\\\/\\\/diariodeloeste.com\\\/noticias\\\/\",\"logo\":{\"@type\":\"ImageObject\",\"inLanguage\":\"es-AR\",\"@id\":\"https:\\\/\\\/diariodeloeste.com\\\/noticias\\\/#\\\/schema\\\/logo\\\/image\\\/\",\"url\":\"https:\\\/\\\/diariodeloeste.com\\\/noticias\\\/wp-content\\\/uploads\\\/2019\\\/04\\\/logo.png\",\"contentUrl\":\"https:\\\/\\\/diariodeloeste.com\\\/noticias\\\/wp-content\\\/uploads\\\/2019\\\/04\\\/logo.png\",\"width\":306,\"height\":145,\"caption\":\"Diario del Oeste\"},\"image\":{\"@id\":\"https:\\\/\\\/diariodeloeste.com\\\/noticias\\\/#\\\/schema\\\/logo\\\/image\\\/\"}},{\"@type\":\"Person\",\"@id\":\"https:\\\/\\\/diariodeloeste.com\\\/noticias\\\/#\\\/schema\\\/person\\\/1f7be965f8c093432e1cbfcee0ac4047\",\"name\":\"Redaccion\",\"image\":{\"@type\":\"ImageObject\",\"inLanguage\":\"es-AR\",\"@id\":\"https:\\\/\\\/secure.gravatar.com\\\/avatar\\\/f9bc3a12e26b32d818d88f9a5b61de20b559752e499df507efa7ea3cea0550ef?s=96&d=mm&r=g\",\"url\":\"https:\\\/\\\/secure.gravatar.com\\\/avatar\\\/f9bc3a12e26b32d818d88f9a5b61de20b559752e499df507efa7ea3cea0550ef?s=96&d=mm&r=g\",\"contentUrl\":\"https:\\\/\\\/secure.gravatar.com\\\/avatar\\\/f9bc3a12e26b32d818d88f9a5b61de20b559752e499df507efa7ea3cea0550ef?s=96&d=mm&r=g\",\"caption\":\"Redaccion\"},\"url\":\"https:\\\/\\\/diariodeloeste.com\\\/noticias\\\/author\\\/redaccion\\\/\"}]}<\/script>\n<!-- \/ Yoast SEO plugin. -->","yoast_head_json":{"title":"Se olvidaron de los arcos - Diario del Oeste","robots":{"index":"index","follow":"follow","max-snippet":"max-snippet:-1","max-image-preview":"max-image-preview:large","max-video-preview":"max-video-preview:-1"},"canonical":"https:\/\/diariodeloeste.com\/noticias\/2017\/05\/08\/703\/","og_locale":"es_ES","og_type":"article","og_title":"Se olvidaron de los arcos - Diario del Oeste","og_description":"El Trueno Verde empat\u00f3 frente a Lujan por 0 a 0. No fue vistoso el juego de San Miguel, que nunca pudo encontrarle la vuelta a la visita. Un partido muy aspero por momentos y sin muchas situaciones de peligro. La buena noticia es que sigue dentro del reducido.&nbsp; Foto: Guillermo Ruiz Diaz &#8211; Prensa [&hellip;]","og_url":"https:\/\/diariodeloeste.com\/noticias\/2017\/05\/08\/703\/","og_site_name":"Diario del Oeste","article_published_time":"2017-05-08T02:31:55+00:00","article_modified_time":"2017-05-08T14:25:34+00:00","og_image":[{"width":720,"height":476,"url":"https:\/\/diariodeloeste.com\/noticias\/wp-content\/uploads\/2017\/05\/FB_IMG_1494210642908.jpg","type":"image\/jpeg"}],"author":"Redaccion","twitter_card":"summary_large_image","twitter_misc":{"Escrito por":"Redaccion","Tiempo de lectura":"2 minutos"},"schema":{"@context":"https:\/\/schema.org","@graph":[{"@type":"Article","@id":"https:\/\/diariodeloeste.com\/noticias\/2017\/05\/08\/703\/#article","isPartOf":{"@id":"https:\/\/diariodeloeste.com\/noticias\/2017\/05\/08\/703\/"},"author":{"name":"Redaccion","@id":"https:\/\/diariodeloeste.com\/noticias\/#\/schema\/person\/1f7be965f8c093432e1cbfcee0ac4047"},"headline":"Se olvidaron de los arcos","datePublished":"2017-05-08T02:31:55+00:00","dateModified":"2017-05-08T14:25:34+00:00","mainEntityOfPage":{"@id":"https:\/\/diariodeloeste.com\/noticias\/2017\/05\/08\/703\/"},"wordCount":475,"publisher":{"@id":"https:\/\/diariodeloeste.com\/noticias\/#organization"},"image":{"@id":"https:\/\/diariodeloeste.com\/noticias\/2017\/05\/08\/703\/#primaryimage"},"thumbnailUrl":"https:\/\/diariodeloeste.com\/noticias\/wp-content\/uploads\/2017\/05\/FB_IMG_1494210642908.jpg","keywords":["Lujan","Primera C","san miguel"],"articleSection":["Deportes"],"inLanguage":"es-AR"},{"@type":"WebPage","@id":"https:\/\/diariodeloeste.com\/noticias\/2017\/05\/08\/703\/","url":"https:\/\/diariodeloeste.com\/noticias\/2017\/05\/08\/703\/","name":"Se olvidaron de los arcos - Diario del Oeste","isPartOf":{"@id":"https:\/\/diariodeloeste.com\/noticias\/#website"},"primaryImageOfPage":{"@id":"https:\/\/diariodeloeste.com\/noticias\/2017\/05\/08\/703\/#primaryimage"},"image":{"@id":"https:\/\/diariodeloeste.com\/noticias\/2017\/05\/08\/703\/#primaryimage"},"thumbnailUrl":"https:\/\/diariodeloeste.com\/noticias\/wp-content\/uploads\/2017\/05\/FB_IMG_1494210642908.jpg","datePublished":"2017-05-08T02:31:55+00:00","dateModified":"2017-05-08T14:25:34+00:00","breadcrumb":{"@id":"https:\/\/diariodeloeste.com\/noticias\/2017\/05\/08\/703\/#breadcrumb"},"inLanguage":"es-AR","potentialAction":[{"@type":"ReadAction","target":["https:\/\/diariodeloeste.com\/noticias\/2017\/05\/08\/703\/"]}]},{"@type":"ImageObject","inLanguage":"es-AR","@id":"https:\/\/diariodeloeste.com\/noticias\/2017\/05\/08\/703\/#primaryimage","url":"https:\/\/diariodeloeste.com\/noticias\/wp-content\/uploads\/2017\/05\/FB_IMG_1494210642908.jpg","contentUrl":"https:\/\/diariodeloeste.com\/noticias\/wp-content\/uploads\/2017\/05\/FB_IMG_1494210642908.jpg","width":720,"height":476},{"@type":"BreadcrumbList","@id":"https:\/\/diariodeloeste.com\/noticias\/2017\/05\/08\/703\/#breadcrumb","itemListElement":[{"@type":"ListItem","position":1,"name":"Inicio","item":"https:\/\/diariodeloeste.com\/noticias\/"},{"@type":"ListItem","position":2,"name":"Se olvidaron de los arcos"}]},{"@type":"WebSite","@id":"https:\/\/diariodeloeste.com\/noticias\/#website","url":"https:\/\/diariodeloeste.com\/noticias\/","name":"Diario del Oeste","description":"Noticias del Oeste","publisher":{"@id":"https:\/\/diariodeloeste.com\/noticias\/#organization"},"potentialAction":[{"@type":"SearchAction","target":{"@type":"EntryPoint","urlTemplate":"https:\/\/diariodeloeste.com\/noticias\/?s={search_term_string}"},"query-input":{"@type":"PropertyValueSpecification","valueRequired":true,"valueName":"search_term_string"}}],"inLanguage":"es-AR"},{"@type":"Organization","@id":"https:\/\/diariodeloeste.com\/noticias\/#organization","name":"Diario del Oeste","url":"https:\/\/diariodeloeste.com\/noticias\/","logo":{"@type":"ImageObject","inLanguage":"es-AR","@id":"https:\/\/diariodeloeste.com\/noticias\/#\/schema\/logo\/image\/","url":"https:\/\/diariodeloeste.com\/noticias\/wp-content\/uploads\/2019\/04\/logo.png","contentUrl":"https:\/\/diariodeloeste.com\/noticias\/wp-content\/uploads\/2019\/04\/logo.png","width":306,"height":145,"caption":"Diario del Oeste"},"image":{"@id":"https:\/\/diariodeloeste.com\/noticias\/#\/schema\/logo\/image\/"}},{"@type":"Person","@id":"https:\/\/diariodeloeste.com\/noticias\/#\/schema\/person\/1f7be965f8c093432e1cbfcee0ac4047","name":"Redaccion","image":{"@type":"ImageObject","inLanguage":"es-AR","@id":"https:\/\/secure.gravatar.com\/avatar\/f9bc3a12e26b32d818d88f9a5b61de20b559752e499df507efa7ea3cea0550ef?s=96&d=mm&r=g","url":"https:\/\/secure.gravatar.com\/avatar\/f9bc3a12e26b32d818d88f9a5b61de20b559752e499df507efa7ea3cea0550ef?s=96&d=mm&r=g","contentUrl":"https:\/\/secure.gravatar.com\/avatar\/f9bc3a12e26b32d818d88f9a5b61de20b559752e499df507efa7ea3cea0550ef?s=96&d=mm&r=g","caption":"Redaccion"},"url":"https:\/\/diariodeloeste.com\/noticias\/author\/redaccion\/"}]}},"_links":{"self":[{"href":"https:\/\/diariodeloeste.com\/noticias\/wp-json\/wp\/v2\/posts\/703","targetHints":{"allow":["GET"]}}],"collection":[{"href":"https:\/\/diariodeloeste.com\/noticias\/wp-json\/wp\/v2\/posts"}],"about":[{"href":"https:\/\/diariodeloeste.com\/noticias\/wp-json\/wp\/v2\/types\/post"}],"author":[{"embeddable":true,"href":"https:\/\/diariodeloeste.com\/noticias\/wp-json\/wp\/v2\/users\/3"}],"replies":[{"embeddable":true,"href":"https:\/\/diariodeloeste.com\/noticias\/wp-json\/wp\/v2\/comments?post=703"}],"version-history":[{"count":2,"href":"https:\/\/diariodeloeste.com\/noticias\/wp-json\/wp\/v2\/posts\/703\/revisions"}],"predecessor-version":[{"id":722,"href":"https:\/\/diariodeloeste.com\/noticias\/wp-json\/wp\/v2\/posts\/703\/revisions\/722"}],"wp:featuredmedia":[{"embeddable":true,"href":"https:\/\/diariodeloeste.com\/noticias\/wp-json\/wp\/v2\/media\/702"}],"wp:attachment":[{"href":"https:\/\/diariodeloeste.com\/noticias\/wp-json\/wp\/v2\/media?parent=703"}],"wp:term":[{"taxonomy":"category","embeddable":true,"href":"https:\/\/diariodeloeste.com\/noticias\/wp-json\/wp\/v2\/categories?post=703"},{"taxonomy":"post_tag","embeddable":true,"href":"https:\/\/diariodeloeste.com\/noticias\/wp-json\/wp\/v2\/tags?post=703"}],"curies":[{"name":"wp","href":"https:\/\/api.w.org\/{rel}","templated":true}]}}