{"id":6658,"date":"2020-04-16T23:17:33","date_gmt":"2020-04-16T23:17:33","guid":{"rendered":"https:\/\/diariodeloeste.com\/noticias\/?p=6658"},"modified":"2020-04-16T23:17:33","modified_gmt":"2020-04-16T23:17:33","slug":"la-defensoria-intervino-ante-la-falta-de-pago-de-cuotas-alimentarias","status":"publish","type":"post","link":"https:\/\/diariodeloeste.com\/noticias\/2020\/04\/16\/la-defensoria-intervino-ante-la-falta-de-pago-de-cuotas-alimentarias\/","title":{"rendered":"La Defensor\u00eda intervino ante la falta de pago de cuotas alimentarias"},"content":{"rendered":"<p>La Defensor\u00eda del Pueblo bonaerense solicit\u00f3 que los empleadores tomen todas las medidas necesarias para cumplir con el dep\u00f3sito de las cuotas alimentarias, luego de recibir denuncias de mujeres que tuvieron dificultades para el cobro de estos montos.<br \/>\nLa intervenci\u00f3n del organismo que conduce Guido Lorenzino se dio luego de una serie de quejas a partir de casos judicializados en los que son las empresas o dependencias estatales las que retienen al empleado el importe que debe pagar por cuota alimentaria y se lo deben transferir a las beneficiarias, pero que actualmente no est\u00e1n haciendo los dep\u00f3sitos correspondientes.<br \/>\nTambi\u00e9n se detectaron situaciones de personas que no cuentan con una tarjeta de d\u00e9bito y que no pudieron cobrar en forma presencial debido al aislamiento obligatorio impuesto para frenar el avance del coronavirus.<br \/>\n\u201cEstamos ante una situaci\u00f3n muy delicada, agravada por la cuarentena. Se trata de una vulneraci\u00f3n de derechos, por lo que es necesario encontrar mecanismos para resolver esta situaci\u00f3n de inmediato\u201d, sostuvo Lorenzino.<br \/>\nAdem\u00e1s de solicitar que se solucione esta situaci\u00f3n, la Defensor\u00eda le recomend\u00f3 a los empleadores que, de encontrar alg\u00fan obst\u00e1culo para cumplir con esta obligaci\u00f3n, se pongan en contacto para encontrar los canales para resolverlo.<br \/>\nA su vez, convoc\u00f3 a las mujeres que se encuentran en esta situaci\u00f3n a realizar el reclamo correspondiente en el organismo por medio de las diferentes v\u00edas de contacto.<\/p>\n<script>function PlayerjsAsync(){} if(window[\"Playerjs\"]){PlayerjsAsync();}<\/script>","protected":false},"excerpt":{"rendered":"<p>La Defensor\u00eda del Pueblo bonaerense solicit\u00f3 que los empleadores tomen todas las medidas necesarias para cumplir con el dep\u00f3sito de las cuotas alimentarias, luego de recibir denuncias de mujeres que tuvieron dificultades para el cobro de estos montos. La intervenci\u00f3n del organismo que conduce Guido Lorenzino se dio luego de una serie de quejas a [&hellip;]<\/p>\n","protected":false},"author":3,"featured_media":6659,"comment_status":"closed","ping_status":"closed","sticky":false,"template":"","format":"standard","meta":{"content-type":"","footnotes":""},"categories":[14,9],"tags":[],"class_list":{"0":"post-6658","1":"post","2":"type-post","3":"status-publish","4":"format-standard","5":"has-post-thumbnail","7":"category-informacion-general","8":"category-titulares"},"yoast_head":"<!-- This site is optimized with the Yoast SEO plugin v27.4 - https:\/\/yoast.com\/product\/yoast-seo-wordpress\/ -->\n<title>La Defensor\u00eda intervino ante la falta de pago de cuotas alimentarias - Diario del Oeste<\/title>\n<meta name=\"robots\" content=\"index, follow, max-snippet:-1, max-image-preview:large, max-video-preview:-1\" \/>\n<link rel=\"canonical\" href=\"https:\/\/diariodeloeste.com\/noticias\/2020\/04\/16\/la-defensoria-intervino-ante-la-falta-de-pago-de-cuotas-alimentarias\/\" \/>\n<meta property=\"og:locale\" content=\"es_ES\" \/>\n<meta property=\"og:type\" content=\"article\" \/>\n<meta property=\"og:title\" content=\"La Defensor\u00eda intervino ante la falta de pago de cuotas alimentarias - Diario del Oeste\" \/>\n<meta property=\"og:description\" content=\"La Defensor\u00eda del Pueblo bonaerense solicit\u00f3 que los empleadores tomen todas las medidas necesarias para cumplir con el dep\u00f3sito de las cuotas alimentarias, luego de recibir denuncias de mujeres que tuvieron dificultades para el cobro de estos montos. La intervenci\u00f3n del organismo que conduce Guido Lorenzino se dio luego de una serie de quejas a [&hellip;]\" \/>\n<meta property=\"og:url\" content=\"https:\/\/diariodeloeste.com\/noticias\/2020\/04\/16\/la-defensoria-intervino-ante-la-falta-de-pago-de-cuotas-alimentarias\/\" \/>\n<meta property=\"og:site_name\" content=\"Diario del Oeste\" \/>\n<meta property=\"article:published_time\" content=\"2020-04-16T23:17:33+00:00\" \/>\n<meta property=\"og:image\" content=\"https:\/\/diariodeloeste.com\/noticias\/wp-content\/uploads\/2020\/04\/lorenzino.png\" \/>\n\t<meta property=\"og:image:width\" content=\"512\" \/>\n\t<meta property=\"og:image:height\" content=\"237\" \/>\n\t<meta property=\"og:image:type\" content=\"image\/png\" \/>\n<meta name=\"author\" content=\"Redaccion\" \/>\n<meta name=\"twitter:card\" content=\"summary_large_image\" \/>\n<meta name=\"twitter:label1\" content=\"Escrito por\" \/>\n\t<meta name=\"twitter:data1\" content=\"Redaccion\" \/>\n\t<meta name=\"twitter:label2\" content=\"Tiempo de lectura\" \/>\n\t<meta name=\"twitter:data2\" content=\"1 minuto\" \/>\n<script type=\"application\/ld+json\" class=\"yoast-schema-graph\">{\"@context\":\"https:\\\/\\\/schema.org\",\"@graph\":[{\"@type\":\"Article\",\"@id\":\"https:\\\/\\\/diariodeloeste.com\\\/noticias\\\/2020\\\/04\\\/16\\\/la-defensoria-intervino-ante-la-falta-de-pago-de-cuotas-alimentarias\\\/#article\",\"isPartOf\":{\"@id\":\"https:\\\/\\\/diariodeloeste.com\\\/noticias\\\/2020\\\/04\\\/16\\\/la-defensoria-intervino-ante-la-falta-de-pago-de-cuotas-alimentarias\\\/\"},\"author\":{\"name\":\"Redaccion\",\"@id\":\"https:\\\/\\\/diariodeloeste.com\\\/noticias\\\/#\\\/schema\\\/person\\\/1f7be965f8c093432e1cbfcee0ac4047\"},\"headline\":\"La Defensor\u00eda intervino ante la falta de pago de cuotas alimentarias\",\"datePublished\":\"2020-04-16T23:17:33+00:00\",\"mainEntityOfPage\":{\"@id\":\"https:\\\/\\\/diariodeloeste.com\\\/noticias\\\/2020\\\/04\\\/16\\\/la-defensoria-intervino-ante-la-falta-de-pago-de-cuotas-alimentarias\\\/\"},\"wordCount\":257,\"publisher\":{\"@id\":\"https:\\\/\\\/diariodeloeste.com\\\/noticias\\\/#organization\"},\"image\":{\"@id\":\"https:\\\/\\\/diariodeloeste.com\\\/noticias\\\/2020\\\/04\\\/16\\\/la-defensoria-intervino-ante-la-falta-de-pago-de-cuotas-alimentarias\\\/#primaryimage\"},\"thumbnailUrl\":\"https:\\\/\\\/diariodeloeste.com\\\/noticias\\\/wp-content\\\/uploads\\\/2020\\\/04\\\/lorenzino.png\",\"articleSection\":[\"Informaci\u00f3n General\",\"Titulares\"],\"inLanguage\":\"es-AR\"},{\"@type\":\"WebPage\",\"@id\":\"https:\\\/\\\/diariodeloeste.com\\\/noticias\\\/2020\\\/04\\\/16\\\/la-defensoria-intervino-ante-la-falta-de-pago-de-cuotas-alimentarias\\\/\",\"url\":\"https:\\\/\\\/diariodeloeste.com\\\/noticias\\\/2020\\\/04\\\/16\\\/la-defensoria-intervino-ante-la-falta-de-pago-de-cuotas-alimentarias\\\/\",\"name\":\"La Defensor\u00eda intervino ante la falta de pago de cuotas alimentarias - Diario del Oeste\",\"isPartOf\":{\"@id\":\"https:\\\/\\\/diariodeloeste.com\\\/noticias\\\/#website\"},\"primaryImageOfPage\":{\"@id\":\"https:\\\/\\\/diariodeloeste.com\\\/noticias\\\/2020\\\/04\\\/16\\\/la-defensoria-intervino-ante-la-falta-de-pago-de-cuotas-alimentarias\\\/#primaryimage\"},\"image\":{\"@id\":\"https:\\\/\\\/diariodeloeste.com\\\/noticias\\\/2020\\\/04\\\/16\\\/la-defensoria-intervino-ante-la-falta-de-pago-de-cuotas-alimentarias\\\/#primaryimage\"},\"thumbnailUrl\":\"https:\\\/\\\/diariodeloeste.com\\\/noticias\\\/wp-content\\\/uploads\\\/2020\\\/04\\\/lorenzino.png\",\"datePublished\":\"2020-04-16T23:17:33+00:00\",\"breadcrumb\":{\"@id\":\"https:\\\/\\\/diariodeloeste.com\\\/noticias\\\/2020\\\/04\\\/16\\\/la-defensoria-intervino-ante-la-falta-de-pago-de-cuotas-alimentarias\\\/#breadcrumb\"},\"inLanguage\":\"es-AR\",\"potentialAction\":[{\"@type\":\"ReadAction\",\"target\":[\"https:\\\/\\\/diariodeloeste.com\\\/noticias\\\/2020\\\/04\\\/16\\\/la-defensoria-intervino-ante-la-falta-de-pago-de-cuotas-alimentarias\\\/\"]}]},{\"@type\":\"ImageObject\",\"inLanguage\":\"es-AR\",\"@id\":\"https:\\\/\\\/diariodeloeste.com\\\/noticias\\\/2020\\\/04\\\/16\\\/la-defensoria-intervino-ante-la-falta-de-pago-de-cuotas-alimentarias\\\/#primaryimage\",\"url\":\"https:\\\/\\\/diariodeloeste.com\\\/noticias\\\/wp-content\\\/uploads\\\/2020\\\/04\\\/lorenzino.png\",\"contentUrl\":\"https:\\\/\\\/diariodeloeste.com\\\/noticias\\\/wp-content\\\/uploads\\\/2020\\\/04\\\/lorenzino.png\",\"width\":512,\"height\":237},{\"@type\":\"BreadcrumbList\",\"@id\":\"https:\\\/\\\/diariodeloeste.com\\\/noticias\\\/2020\\\/04\\\/16\\\/la-defensoria-intervino-ante-la-falta-de-pago-de-cuotas-alimentarias\\\/#breadcrumb\",\"itemListElement\":[{\"@type\":\"ListItem\",\"position\":1,\"name\":\"Inicio\",\"item\":\"https:\\\/\\\/diariodeloeste.com\\\/noticias\\\/\"},{\"@type\":\"ListItem\",\"position\":2,\"name\":\"La Defensor\u00eda intervino ante la falta de pago de cuotas alimentarias\"}]},{\"@type\":\"WebSite\",\"@id\":\"https:\\\/\\\/diariodeloeste.com\\\/noticias\\\/#website\",\"url\":\"https:\\\/\\\/diariodeloeste.com\\\/noticias\\\/\",\"name\":\"Diario del Oeste\",\"description\":\"Noticias del Oeste\",\"publisher\":{\"@id\":\"https:\\\/\\\/diariodeloeste.com\\\/noticias\\\/#organization\"},\"potentialAction\":[{\"@type\":\"SearchAction\",\"target\":{\"@type\":\"EntryPoint\",\"urlTemplate\":\"https:\\\/\\\/diariodeloeste.com\\\/noticias\\\/?s={search_term_string}\"},\"query-input\":{\"@type\":\"PropertyValueSpecification\",\"valueRequired\":true,\"valueName\":\"search_term_string\"}}],\"inLanguage\":\"es-AR\"},{\"@type\":\"Organization\",\"@id\":\"https:\\\/\\\/diariodeloeste.com\\\/noticias\\\/#organization\",\"name\":\"Diario del Oeste\",\"url\":\"https:\\\/\\\/diariodeloeste.com\\\/noticias\\\/\",\"logo\":{\"@type\":\"ImageObject\",\"inLanguage\":\"es-AR\",\"@id\":\"https:\\\/\\\/diariodeloeste.com\\\/noticias\\\/#\\\/schema\\\/logo\\\/image\\\/\",\"url\":\"https:\\\/\\\/diariodeloeste.com\\\/noticias\\\/wp-content\\\/uploads\\\/2019\\\/04\\\/logo.png\",\"contentUrl\":\"https:\\\/\\\/diariodeloeste.com\\\/noticias\\\/wp-content\\\/uploads\\\/2019\\\/04\\\/logo.png\",\"width\":306,\"height\":145,\"caption\":\"Diario del Oeste\"},\"image\":{\"@id\":\"https:\\\/\\\/diariodeloeste.com\\\/noticias\\\/#\\\/schema\\\/logo\\\/image\\\/\"}},{\"@type\":\"Person\",\"@id\":\"https:\\\/\\\/diariodeloeste.com\\\/noticias\\\/#\\\/schema\\\/person\\\/1f7be965f8c093432e1cbfcee0ac4047\",\"name\":\"Redaccion\",\"image\":{\"@type\":\"ImageObject\",\"inLanguage\":\"es-AR\",\"@id\":\"https:\\\/\\\/secure.gravatar.com\\\/avatar\\\/f9bc3a12e26b32d818d88f9a5b61de20b559752e499df507efa7ea3cea0550ef?s=96&d=mm&r=g\",\"url\":\"https:\\\/\\\/secure.gravatar.com\\\/avatar\\\/f9bc3a12e26b32d818d88f9a5b61de20b559752e499df507efa7ea3cea0550ef?s=96&d=mm&r=g\",\"contentUrl\":\"https:\\\/\\\/secure.gravatar.com\\\/avatar\\\/f9bc3a12e26b32d818d88f9a5b61de20b559752e499df507efa7ea3cea0550ef?s=96&d=mm&r=g\",\"caption\":\"Redaccion\"},\"url\":\"https:\\\/\\\/diariodeloeste.com\\\/noticias\\\/author\\\/redaccion\\\/\"}]}<\/script>\n<!-- \/ Yoast SEO plugin. -->","yoast_head_json":{"title":"La Defensor\u00eda intervino ante la falta de pago de cuotas alimentarias - Diario del Oeste","robots":{"index":"index","follow":"follow","max-snippet":"max-snippet:-1","max-image-preview":"max-image-preview:large","max-video-preview":"max-video-preview:-1"},"canonical":"https:\/\/diariodeloeste.com\/noticias\/2020\/04\/16\/la-defensoria-intervino-ante-la-falta-de-pago-de-cuotas-alimentarias\/","og_locale":"es_ES","og_type":"article","og_title":"La Defensor\u00eda intervino ante la falta de pago de cuotas alimentarias - Diario del Oeste","og_description":"La Defensor\u00eda del Pueblo bonaerense solicit\u00f3 que los empleadores tomen todas las medidas necesarias para cumplir con el dep\u00f3sito de las cuotas alimentarias, luego de recibir denuncias de mujeres que tuvieron dificultades para el cobro de estos montos. La intervenci\u00f3n del organismo que conduce Guido Lorenzino se dio luego de una serie de quejas a [&hellip;]","og_url":"https:\/\/diariodeloeste.com\/noticias\/2020\/04\/16\/la-defensoria-intervino-ante-la-falta-de-pago-de-cuotas-alimentarias\/","og_site_name":"Diario del Oeste","article_published_time":"2020-04-16T23:17:33+00:00","og_image":[{"width":512,"height":237,"url":"https:\/\/diariodeloeste.com\/noticias\/wp-content\/uploads\/2020\/04\/lorenzino.png","type":"image\/png"}],"author":"Redaccion","twitter_card":"summary_large_image","twitter_misc":{"Escrito por":"Redaccion","Tiempo de lectura":"1 minuto"},"schema":{"@context":"https:\/\/schema.org","@graph":[{"@type":"Article","@id":"https:\/\/diariodeloeste.com\/noticias\/2020\/04\/16\/la-defensoria-intervino-ante-la-falta-de-pago-de-cuotas-alimentarias\/#article","isPartOf":{"@id":"https:\/\/diariodeloeste.com\/noticias\/2020\/04\/16\/la-defensoria-intervino-ante-la-falta-de-pago-de-cuotas-alimentarias\/"},"author":{"name":"Redaccion","@id":"https:\/\/diariodeloeste.com\/noticias\/#\/schema\/person\/1f7be965f8c093432e1cbfcee0ac4047"},"headline":"La Defensor\u00eda intervino ante la falta de pago de cuotas alimentarias","datePublished":"2020-04-16T23:17:33+00:00","mainEntityOfPage":{"@id":"https:\/\/diariodeloeste.com\/noticias\/2020\/04\/16\/la-defensoria-intervino-ante-la-falta-de-pago-de-cuotas-alimentarias\/"},"wordCount":257,"publisher":{"@id":"https:\/\/diariodeloeste.com\/noticias\/#organization"},"image":{"@id":"https:\/\/diariodeloeste.com\/noticias\/2020\/04\/16\/la-defensoria-intervino-ante-la-falta-de-pago-de-cuotas-alimentarias\/#primaryimage"},"thumbnailUrl":"https:\/\/diariodeloeste.com\/noticias\/wp-content\/uploads\/2020\/04\/lorenzino.png","articleSection":["Informaci\u00f3n General","Titulares"],"inLanguage":"es-AR"},{"@type":"WebPage","@id":"https:\/\/diariodeloeste.com\/noticias\/2020\/04\/16\/la-defensoria-intervino-ante-la-falta-de-pago-de-cuotas-alimentarias\/","url":"https:\/\/diariodeloeste.com\/noticias\/2020\/04\/16\/la-defensoria-intervino-ante-la-falta-de-pago-de-cuotas-alimentarias\/","name":"La Defensor\u00eda intervino ante la falta de pago de cuotas alimentarias - Diario del Oeste","isPartOf":{"@id":"https:\/\/diariodeloeste.com\/noticias\/#website"},"primaryImageOfPage":{"@id":"https:\/\/diariodeloeste.com\/noticias\/2020\/04\/16\/la-defensoria-intervino-ante-la-falta-de-pago-de-cuotas-alimentarias\/#primaryimage"},"image":{"@id":"https:\/\/diariodeloeste.com\/noticias\/2020\/04\/16\/la-defensoria-intervino-ante-la-falta-de-pago-de-cuotas-alimentarias\/#primaryimage"},"thumbnailUrl":"https:\/\/diariodeloeste.com\/noticias\/wp-content\/uploads\/2020\/04\/lorenzino.png","datePublished":"2020-04-16T23:17:33+00:00","breadcrumb":{"@id":"https:\/\/diariodeloeste.com\/noticias\/2020\/04\/16\/la-defensoria-intervino-ante-la-falta-de-pago-de-cuotas-alimentarias\/#breadcrumb"},"inLanguage":"es-AR","potentialAction":[{"@type":"ReadAction","target":["https:\/\/diariodeloeste.com\/noticias\/2020\/04\/16\/la-defensoria-intervino-ante-la-falta-de-pago-de-cuotas-alimentarias\/"]}]},{"@type":"ImageObject","inLanguage":"es-AR","@id":"https:\/\/diariodeloeste.com\/noticias\/2020\/04\/16\/la-defensoria-intervino-ante-la-falta-de-pago-de-cuotas-alimentarias\/#primaryimage","url":"https:\/\/diariodeloeste.com\/noticias\/wp-content\/uploads\/2020\/04\/lorenzino.png","contentUrl":"https:\/\/diariodeloeste.com\/noticias\/wp-content\/uploads\/2020\/04\/lorenzino.png","width":512,"height":237},{"@type":"BreadcrumbList","@id":"https:\/\/diariodeloeste.com\/noticias\/2020\/04\/16\/la-defensoria-intervino-ante-la-falta-de-pago-de-cuotas-alimentarias\/#breadcrumb","itemListElement":[{"@type":"ListItem","position":1,"name":"Inicio","item":"https:\/\/diariodeloeste.com\/noticias\/"},{"@type":"ListItem","position":2,"name":"La Defensor\u00eda intervino ante la falta de pago de cuotas alimentarias"}]},{"@type":"WebSite","@id":"https:\/\/diariodeloeste.com\/noticias\/#website","url":"https:\/\/diariodeloeste.com\/noticias\/","name":"Diario del Oeste","description":"Noticias del Oeste","publisher":{"@id":"https:\/\/diariodeloeste.com\/noticias\/#organization"},"potentialAction":[{"@type":"SearchAction","target":{"@type":"EntryPoint","urlTemplate":"https:\/\/diariodeloeste.com\/noticias\/?s={search_term_string}"},"query-input":{"@type":"PropertyValueSpecification","valueRequired":true,"valueName":"search_term_string"}}],"inLanguage":"es-AR"},{"@type":"Organization","@id":"https:\/\/diariodeloeste.com\/noticias\/#organization","name":"Diario del Oeste","url":"https:\/\/diariodeloeste.com\/noticias\/","logo":{"@type":"ImageObject","inLanguage":"es-AR","@id":"https:\/\/diariodeloeste.com\/noticias\/#\/schema\/logo\/image\/","url":"https:\/\/diariodeloeste.com\/noticias\/wp-content\/uploads\/2019\/04\/logo.png","contentUrl":"https:\/\/diariodeloeste.com\/noticias\/wp-content\/uploads\/2019\/04\/logo.png","width":306,"height":145,"caption":"Diario del Oeste"},"image":{"@id":"https:\/\/diariodeloeste.com\/noticias\/#\/schema\/logo\/image\/"}},{"@type":"Person","@id":"https:\/\/diariodeloeste.com\/noticias\/#\/schema\/person\/1f7be965f8c093432e1cbfcee0ac4047","name":"Redaccion","image":{"@type":"ImageObject","inLanguage":"es-AR","@id":"https:\/\/secure.gravatar.com\/avatar\/f9bc3a12e26b32d818d88f9a5b61de20b559752e499df507efa7ea3cea0550ef?s=96&d=mm&r=g","url":"https:\/\/secure.gravatar.com\/avatar\/f9bc3a12e26b32d818d88f9a5b61de20b559752e499df507efa7ea3cea0550ef?s=96&d=mm&r=g","contentUrl":"https:\/\/secure.gravatar.com\/avatar\/f9bc3a12e26b32d818d88f9a5b61de20b559752e499df507efa7ea3cea0550ef?s=96&d=mm&r=g","caption":"Redaccion"},"url":"https:\/\/diariodeloeste.com\/noticias\/author\/redaccion\/"}]}},"_links":{"self":[{"href":"https:\/\/diariodeloeste.com\/noticias\/wp-json\/wp\/v2\/posts\/6658","targetHints":{"allow":["GET"]}}],"collection":[{"href":"https:\/\/diariodeloeste.com\/noticias\/wp-json\/wp\/v2\/posts"}],"about":[{"href":"https:\/\/diariodeloeste.com\/noticias\/wp-json\/wp\/v2\/types\/post"}],"author":[{"embeddable":true,"href":"https:\/\/diariodeloeste.com\/noticias\/wp-json\/wp\/v2\/users\/3"}],"replies":[{"embeddable":true,"href":"https:\/\/diariodeloeste.com\/noticias\/wp-json\/wp\/v2\/comments?post=6658"}],"version-history":[{"count":1,"href":"https:\/\/diariodeloeste.com\/noticias\/wp-json\/wp\/v2\/posts\/6658\/revisions"}],"predecessor-version":[{"id":6660,"href":"https:\/\/diariodeloeste.com\/noticias\/wp-json\/wp\/v2\/posts\/6658\/revisions\/6660"}],"wp:featuredmedia":[{"embeddable":true,"href":"https:\/\/diariodeloeste.com\/noticias\/wp-json\/wp\/v2\/media\/6659"}],"wp:attachment":[{"href":"https:\/\/diariodeloeste.com\/noticias\/wp-json\/wp\/v2\/media?parent=6658"}],"wp:term":[{"taxonomy":"category","embeddable":true,"href":"https:\/\/diariodeloeste.com\/noticias\/wp-json\/wp\/v2\/categories?post=6658"},{"taxonomy":"post_tag","embeddable":true,"href":"https:\/\/diariodeloeste.com\/noticias\/wp-json\/wp\/v2\/tags?post=6658"}],"curies":[{"name":"wp","href":"https:\/\/api.w.org\/{rel}","templated":true}]}}