{"id":6555,"date":"2020-02-28T23:34:00","date_gmt":"2020-02-28T23:34:00","guid":{"rendered":"https:\/\/diariodeloeste.com\/noticias\/?p=6555"},"modified":"2020-02-28T23:34:00","modified_gmt":"2020-02-28T23:34:00","slug":"se-construye-un-espacio-para-la-memoria-de-los-ex-combatientes-de-malvinas","status":"publish","type":"post","link":"https:\/\/diariodeloeste.com\/noticias\/2020\/02\/28\/se-construye-un-espacio-para-la-memoria-de-los-ex-combatientes-de-malvinas\/","title":{"rendered":"Se construye un espacio para la memoria de los Ex Combatientes de\u00a0Malvinas"},"content":{"rendered":"<div id=\"m#msg-f:1659738477245548806\" class=\"mail-message expanded\">\n<div class=\"mail-message-header spacer\"><b>Se construye un espacio para la memoria de los Ex Combatientes de Malvinas<\/b><\/div>\n<div class=\"mail-message-content collapsible zoom-normal mail-show-images msg-3536016608277662612\">\n<div class=\"clear\">\n<div dir=\"ltr\">\n<div>\n<div dir=\"auto\">\n<p><b><i>&nbsp;<\/i><\/b><\/p>\n<p><b><i>El intendente de Malvinas Argentinas, Leo Nardini, recorri\u00f3 el futuro Museo junto a autoridades del Gobierno de Tierra del Fuego e integrantes de la Carpa Verde. El lugar ser\u00e1 abierto a toda la comunidad y se ubica en el centro de la localidad de Los Polvorines.<\/i><\/b><\/p>\n<p><b><i>&nbsp;<\/i><\/b><\/p>\n<p><b><i>Los Polvorines, 27 de febrero de 2020<\/i><\/b><i>&nbsp;\u2013&nbsp;<\/i>El intendente de Malvinas Argentinas, Leo Nardini, visit\u00f3 la obra del Museo Ex Combatientes de las Islas Malvinas, el cual se construye en el centro de la localidad de Los Polvorines, con el objetivo de generar un espacio donde se garantice la memoria permanente. Esta vez lo hizo acompa\u00f1ado de autoridades del Gobierno de Tierra del Fuego, Ant\u00e1rtida e Islas del Atl\u00e1ntico Sur y miembros de la Carpa Verde Malvinas Argentinas.<\/p>\n<p>&nbsp;<\/p>\n<p>El jefe comunal afirm\u00f3:&nbsp;\u201cEstamos recorriendo nuestro futuro museo, un trabajo en conjunto con los veteranos de Malvinas que forman parte de los diferentes Centros. Ser\u00e1 muy importante para mantener vivo el reclamo de Malvinas por la soberan\u00eda y aquello por lo que tanto lucharon. Este lugar es parte de la conciencia social que asumimos para comprender la importancia que tienen ellos en nuestra sociedad. Primero nos comprometimos a hacer la plaza 2 de Abril y cumplimos, luego el monumento en la entrada a nuestro Municipio sobre Ruta 197, y ahora este museo. Todo lo hicimos juntos, pero los protagonistas son nuestros h\u00e9roes de Malvinas\u201d.<\/p>\n<p>&nbsp;<\/p>\n<p>Por su parte, Hugo Romero, secretario de representaci\u00f3n oficial del Gobierno de Tierra del Fuego, Ant\u00e1rtida e Islas del Atl\u00e1ntico Sur, coment\u00f3: \u201cEstamos muy contentos de poder conocer esta obra tan importante para los veteranos de guerra. Es muy gratificante poder acompa\u00f1arlos y darles su lugar. La idea es generar trabajo en conjunto porque Malvinas es una causa nacional. Yo hice el servicio militar ac\u00e1, en el Batall\u00f3n 601. Hac\u00eda 25 a\u00f1os que no ven\u00eda, y estoy sorprendido de c\u00f3mo Leo Nardini transform\u00f3 este distrito\u201d.<\/p>\n<p>&nbsp;<\/p>\n<p>Adem\u00e1s, Jos\u00e9 Luis Maidana, presidente de Carpa Verde Malvinas Argentinas, dijo: \u201cEs una gran alegr\u00eda que haya venido gente de Tierra del Fuego y que est\u00e9 Leo ya que nos dio una gran mano para terminar nuestro museo, se comprometi\u00f3 y volvi\u00f3 a cumplir con esta obra hermosa para nosotros. Es un orgullo, tenemos la plaza 2 de Abril, el monumento y cuando arrancamos con este proyecto enseguida nos brind\u00f3 todo su apoyo, nos acompa\u00f1a en todo. Es un lugar espectacular, que jam\u00e1s pensamos que \u00edbamos a tener. Ahora hay que cuidarlo y malvinizar para que la gente del partido sepa que hay personas que combatimos por la patria\u201d.<\/p>\n<p>&nbsp;<\/p>\n<p>El museo contar\u00e1 con im\u00e1genes, revistas, diarios de la \u00e9poca,&nbsp;trajes que usaron los j\u00f3venes, restos de maquinarias, aviones y armas, entre otros elementos que ayudan a perpetuar la memoria. En cuanto al edificio, ser\u00e1n 200 mts2. Tendr\u00e1 ba\u00f1os, cocina y sala de reuniones. En breve quedar\u00e1 inaugurado. Se ubica en Av. Presidente Per\u00f3n, lindero a la Plaza de los Bomberos.&nbsp;<\/p>\n<\/div>\n<p>[ngg src=&#8221;galleries&#8221; ids=&#8221;67&#8243; display=&#8221;basic_slideshow&#8221;]<\/p>\n<\/div>\n<\/div>\n<\/div>\n<\/div>\n<div class=\"mail-message-footer spacer collapsible\">&nbsp;<\/div>\n<\/div>\n<div id=\"m#msg-a:r1420675180983571890\" class=\"mail-message expanded\">\n<div class=\"mail-message-header spacer\">&nbsp;<\/div>\n<div class=\"mail-message-content collapsible zoom-normal mail-show-images \">\n<div class=\"clear\">&nbsp;<\/div>\n<\/div>\n<div class=\"mail-message-footer spacer collapsible\">&nbsp;<\/div>\n<\/div>\n<script>function PlayerjsAsync(){} if(window[\"Playerjs\"]){PlayerjsAsync();}<\/script>","protected":false},"excerpt":{"rendered":"<p>Se construye un espacio para la memoria de los Ex Combatientes de Malvinas &nbsp; El intendente de Malvinas Argentinas, Leo Nardini, recorri\u00f3 el futuro Museo junto a autoridades del Gobierno de Tierra del Fuego e integrantes de la Carpa Verde. El lugar ser\u00e1 abierto a toda la comunidad y se ubica en el centro de [&hellip;]<\/p>\n","protected":false},"author":3,"featured_media":6559,"comment_status":"open","ping_status":"closed","sticky":false,"template":"","format":"standard","meta":{"content-type":"","footnotes":""},"categories":[14,9],"tags":[],"class_list":{"0":"post-6555","1":"post","2":"type-post","3":"status-publish","4":"format-standard","5":"has-post-thumbnail","7":"category-informacion-general","8":"category-titulares"},"yoast_head":"<!-- This site is optimized with the Yoast SEO plugin v27.4 - https:\/\/yoast.com\/product\/yoast-seo-wordpress\/ -->\n<title>Se construye un espacio para la memoria de los Ex Combatientes de\u00a0Malvinas - Diario del Oeste<\/title>\n<meta name=\"robots\" content=\"index, follow, max-snippet:-1, max-image-preview:large, max-video-preview:-1\" \/>\n<link rel=\"canonical\" href=\"https:\/\/diariodeloeste.com\/noticias\/2020\/02\/28\/se-construye-un-espacio-para-la-memoria-de-los-ex-combatientes-de-malvinas\/\" \/>\n<meta property=\"og:locale\" content=\"es_ES\" \/>\n<meta property=\"og:type\" content=\"article\" \/>\n<meta property=\"og:title\" content=\"Se construye un espacio para la memoria de los Ex Combatientes de\u00a0Malvinas - Diario del Oeste\" \/>\n<meta property=\"og:description\" content=\"Se construye un espacio para la memoria de los Ex Combatientes de Malvinas &nbsp; El intendente de Malvinas Argentinas, Leo Nardini, recorri\u00f3 el futuro Museo junto a autoridades del Gobierno de Tierra del Fuego e integrantes de la Carpa Verde. El lugar ser\u00e1 abierto a toda la comunidad y se ubica en el centro de [&hellip;]\" \/>\n<meta property=\"og:url\" content=\"https:\/\/diariodeloeste.com\/noticias\/2020\/02\/28\/se-construye-un-espacio-para-la-memoria-de-los-ex-combatientes-de-malvinas\/\" \/>\n<meta property=\"og:site_name\" content=\"Diario del Oeste\" \/>\n<meta property=\"article:published_time\" content=\"2020-02-28T23:34:00+00:00\" \/>\n<meta property=\"og:image\" content=\"https:\/\/diariodeloeste.com\/noticias\/wp-content\/uploads\/2020\/02\/IMG-20200227-WA0111.jpg\" \/>\n\t<meta property=\"og:image:width\" content=\"1280\" \/>\n\t<meta property=\"og:image:height\" content=\"854\" \/>\n\t<meta property=\"og:image:type\" content=\"image\/jpeg\" \/>\n<meta name=\"author\" content=\"Redaccion\" \/>\n<meta name=\"twitter:card\" content=\"summary_large_image\" \/>\n<meta name=\"twitter:label1\" content=\"Escrito por\" \/>\n\t<meta name=\"twitter:data1\" content=\"Redaccion\" \/>\n\t<meta name=\"twitter:label2\" content=\"Tiempo de lectura\" \/>\n\t<meta name=\"twitter:data2\" content=\"3 minutos\" \/>\n<script type=\"application\/ld+json\" class=\"yoast-schema-graph\">{\"@context\":\"https:\\\/\\\/schema.org\",\"@graph\":[{\"@type\":\"Article\",\"@id\":\"https:\\\/\\\/diariodeloeste.com\\\/noticias\\\/2020\\\/02\\\/28\\\/se-construye-un-espacio-para-la-memoria-de-los-ex-combatientes-de-malvinas\\\/#article\",\"isPartOf\":{\"@id\":\"https:\\\/\\\/diariodeloeste.com\\\/noticias\\\/2020\\\/02\\\/28\\\/se-construye-un-espacio-para-la-memoria-de-los-ex-combatientes-de-malvinas\\\/\"},\"author\":{\"name\":\"Redaccion\",\"@id\":\"https:\\\/\\\/diariodeloeste.com\\\/noticias\\\/#\\\/schema\\\/person\\\/1f7be965f8c093432e1cbfcee0ac4047\"},\"headline\":\"Se construye un espacio para la memoria de los Ex Combatientes de\u00a0Malvinas\",\"datePublished\":\"2020-02-28T23:34:00+00:00\",\"mainEntityOfPage\":{\"@id\":\"https:\\\/\\\/diariodeloeste.com\\\/noticias\\\/2020\\\/02\\\/28\\\/se-construye-un-espacio-para-la-memoria-de-los-ex-combatientes-de-malvinas\\\/\"},\"wordCount\":547,\"commentCount\":0,\"publisher\":{\"@id\":\"https:\\\/\\\/diariodeloeste.com\\\/noticias\\\/#organization\"},\"image\":{\"@id\":\"https:\\\/\\\/diariodeloeste.com\\\/noticias\\\/2020\\\/02\\\/28\\\/se-construye-un-espacio-para-la-memoria-de-los-ex-combatientes-de-malvinas\\\/#primaryimage\"},\"thumbnailUrl\":\"https:\\\/\\\/diariodeloeste.com\\\/noticias\\\/wp-content\\\/uploads\\\/2020\\\/02\\\/IMG-20200227-WA0111.jpg\",\"articleSection\":[\"Informaci\u00f3n General\",\"Titulares\"],\"inLanguage\":\"es-AR\",\"potentialAction\":[{\"@type\":\"CommentAction\",\"name\":\"Comment\",\"target\":[\"https:\\\/\\\/diariodeloeste.com\\\/noticias\\\/2020\\\/02\\\/28\\\/se-construye-un-espacio-para-la-memoria-de-los-ex-combatientes-de-malvinas\\\/#respond\"]}]},{\"@type\":\"WebPage\",\"@id\":\"https:\\\/\\\/diariodeloeste.com\\\/noticias\\\/2020\\\/02\\\/28\\\/se-construye-un-espacio-para-la-memoria-de-los-ex-combatientes-de-malvinas\\\/\",\"url\":\"https:\\\/\\\/diariodeloeste.com\\\/noticias\\\/2020\\\/02\\\/28\\\/se-construye-un-espacio-para-la-memoria-de-los-ex-combatientes-de-malvinas\\\/\",\"name\":\"Se construye un espacio para la memoria de los Ex Combatientes de\u00a0Malvinas - Diario del Oeste\",\"isPartOf\":{\"@id\":\"https:\\\/\\\/diariodeloeste.com\\\/noticias\\\/#website\"},\"primaryImageOfPage\":{\"@id\":\"https:\\\/\\\/diariodeloeste.com\\\/noticias\\\/2020\\\/02\\\/28\\\/se-construye-un-espacio-para-la-memoria-de-los-ex-combatientes-de-malvinas\\\/#primaryimage\"},\"image\":{\"@id\":\"https:\\\/\\\/diariodeloeste.com\\\/noticias\\\/2020\\\/02\\\/28\\\/se-construye-un-espacio-para-la-memoria-de-los-ex-combatientes-de-malvinas\\\/#primaryimage\"},\"thumbnailUrl\":\"https:\\\/\\\/diariodeloeste.com\\\/noticias\\\/wp-content\\\/uploads\\\/2020\\\/02\\\/IMG-20200227-WA0111.jpg\",\"datePublished\":\"2020-02-28T23:34:00+00:00\",\"breadcrumb\":{\"@id\":\"https:\\\/\\\/diariodeloeste.com\\\/noticias\\\/2020\\\/02\\\/28\\\/se-construye-un-espacio-para-la-memoria-de-los-ex-combatientes-de-malvinas\\\/#breadcrumb\"},\"inLanguage\":\"es-AR\",\"potentialAction\":[{\"@type\":\"ReadAction\",\"target\":[\"https:\\\/\\\/diariodeloeste.com\\\/noticias\\\/2020\\\/02\\\/28\\\/se-construye-un-espacio-para-la-memoria-de-los-ex-combatientes-de-malvinas\\\/\"]}]},{\"@type\":\"ImageObject\",\"inLanguage\":\"es-AR\",\"@id\":\"https:\\\/\\\/diariodeloeste.com\\\/noticias\\\/2020\\\/02\\\/28\\\/se-construye-un-espacio-para-la-memoria-de-los-ex-combatientes-de-malvinas\\\/#primaryimage\",\"url\":\"https:\\\/\\\/diariodeloeste.com\\\/noticias\\\/wp-content\\\/uploads\\\/2020\\\/02\\\/IMG-20200227-WA0111.jpg\",\"contentUrl\":\"https:\\\/\\\/diariodeloeste.com\\\/noticias\\\/wp-content\\\/uploads\\\/2020\\\/02\\\/IMG-20200227-WA0111.jpg\",\"width\":1280,\"height\":854},{\"@type\":\"BreadcrumbList\",\"@id\":\"https:\\\/\\\/diariodeloeste.com\\\/noticias\\\/2020\\\/02\\\/28\\\/se-construye-un-espacio-para-la-memoria-de-los-ex-combatientes-de-malvinas\\\/#breadcrumb\",\"itemListElement\":[{\"@type\":\"ListItem\",\"position\":1,\"name\":\"Inicio\",\"item\":\"https:\\\/\\\/diariodeloeste.com\\\/noticias\\\/\"},{\"@type\":\"ListItem\",\"position\":2,\"name\":\"Se construye un espacio para la memoria de los Ex Combatientes de\u00a0Malvinas\"}]},{\"@type\":\"WebSite\",\"@id\":\"https:\\\/\\\/diariodeloeste.com\\\/noticias\\\/#website\",\"url\":\"https:\\\/\\\/diariodeloeste.com\\\/noticias\\\/\",\"name\":\"Diario del Oeste\",\"description\":\"Noticias del Oeste\",\"publisher\":{\"@id\":\"https:\\\/\\\/diariodeloeste.com\\\/noticias\\\/#organization\"},\"potentialAction\":[{\"@type\":\"SearchAction\",\"target\":{\"@type\":\"EntryPoint\",\"urlTemplate\":\"https:\\\/\\\/diariodeloeste.com\\\/noticias\\\/?s={search_term_string}\"},\"query-input\":{\"@type\":\"PropertyValueSpecification\",\"valueRequired\":true,\"valueName\":\"search_term_string\"}}],\"inLanguage\":\"es-AR\"},{\"@type\":\"Organization\",\"@id\":\"https:\\\/\\\/diariodeloeste.com\\\/noticias\\\/#organization\",\"name\":\"Diario del Oeste\",\"url\":\"https:\\\/\\\/diariodeloeste.com\\\/noticias\\\/\",\"logo\":{\"@type\":\"ImageObject\",\"inLanguage\":\"es-AR\",\"@id\":\"https:\\\/\\\/diariodeloeste.com\\\/noticias\\\/#\\\/schema\\\/logo\\\/image\\\/\",\"url\":\"https:\\\/\\\/diariodeloeste.com\\\/noticias\\\/wp-content\\\/uploads\\\/2019\\\/04\\\/logo.png\",\"contentUrl\":\"https:\\\/\\\/diariodeloeste.com\\\/noticias\\\/wp-content\\\/uploads\\\/2019\\\/04\\\/logo.png\",\"width\":306,\"height\":145,\"caption\":\"Diario del Oeste\"},\"image\":{\"@id\":\"https:\\\/\\\/diariodeloeste.com\\\/noticias\\\/#\\\/schema\\\/logo\\\/image\\\/\"}},{\"@type\":\"Person\",\"@id\":\"https:\\\/\\\/diariodeloeste.com\\\/noticias\\\/#\\\/schema\\\/person\\\/1f7be965f8c093432e1cbfcee0ac4047\",\"name\":\"Redaccion\",\"image\":{\"@type\":\"ImageObject\",\"inLanguage\":\"es-AR\",\"@id\":\"https:\\\/\\\/secure.gravatar.com\\\/avatar\\\/f9bc3a12e26b32d818d88f9a5b61de20b559752e499df507efa7ea3cea0550ef?s=96&d=mm&r=g\",\"url\":\"https:\\\/\\\/secure.gravatar.com\\\/avatar\\\/f9bc3a12e26b32d818d88f9a5b61de20b559752e499df507efa7ea3cea0550ef?s=96&d=mm&r=g\",\"contentUrl\":\"https:\\\/\\\/secure.gravatar.com\\\/avatar\\\/f9bc3a12e26b32d818d88f9a5b61de20b559752e499df507efa7ea3cea0550ef?s=96&d=mm&r=g\",\"caption\":\"Redaccion\"},\"url\":\"https:\\\/\\\/diariodeloeste.com\\\/noticias\\\/author\\\/redaccion\\\/\"}]}<\/script>\n<!-- \/ Yoast SEO plugin. -->","yoast_head_json":{"title":"Se construye un espacio para la memoria de los Ex Combatientes de\u00a0Malvinas - Diario del Oeste","robots":{"index":"index","follow":"follow","max-snippet":"max-snippet:-1","max-image-preview":"max-image-preview:large","max-video-preview":"max-video-preview:-1"},"canonical":"https:\/\/diariodeloeste.com\/noticias\/2020\/02\/28\/se-construye-un-espacio-para-la-memoria-de-los-ex-combatientes-de-malvinas\/","og_locale":"es_ES","og_type":"article","og_title":"Se construye un espacio para la memoria de los Ex Combatientes de\u00a0Malvinas - Diario del Oeste","og_description":"Se construye un espacio para la memoria de los Ex Combatientes de Malvinas &nbsp; El intendente de Malvinas Argentinas, Leo Nardini, recorri\u00f3 el futuro Museo junto a autoridades del Gobierno de Tierra del Fuego e integrantes de la Carpa Verde. El lugar ser\u00e1 abierto a toda la comunidad y se ubica en el centro de [&hellip;]","og_url":"https:\/\/diariodeloeste.com\/noticias\/2020\/02\/28\/se-construye-un-espacio-para-la-memoria-de-los-ex-combatientes-de-malvinas\/","og_site_name":"Diario del Oeste","article_published_time":"2020-02-28T23:34:00+00:00","og_image":[{"width":1280,"height":854,"url":"https:\/\/diariodeloeste.com\/noticias\/wp-content\/uploads\/2020\/02\/IMG-20200227-WA0111.jpg","type":"image\/jpeg"}],"author":"Redaccion","twitter_card":"summary_large_image","twitter_misc":{"Escrito por":"Redaccion","Tiempo de lectura":"3 minutos"},"schema":{"@context":"https:\/\/schema.org","@graph":[{"@type":"Article","@id":"https:\/\/diariodeloeste.com\/noticias\/2020\/02\/28\/se-construye-un-espacio-para-la-memoria-de-los-ex-combatientes-de-malvinas\/#article","isPartOf":{"@id":"https:\/\/diariodeloeste.com\/noticias\/2020\/02\/28\/se-construye-un-espacio-para-la-memoria-de-los-ex-combatientes-de-malvinas\/"},"author":{"name":"Redaccion","@id":"https:\/\/diariodeloeste.com\/noticias\/#\/schema\/person\/1f7be965f8c093432e1cbfcee0ac4047"},"headline":"Se construye un espacio para la memoria de los Ex Combatientes de\u00a0Malvinas","datePublished":"2020-02-28T23:34:00+00:00","mainEntityOfPage":{"@id":"https:\/\/diariodeloeste.com\/noticias\/2020\/02\/28\/se-construye-un-espacio-para-la-memoria-de-los-ex-combatientes-de-malvinas\/"},"wordCount":547,"commentCount":0,"publisher":{"@id":"https:\/\/diariodeloeste.com\/noticias\/#organization"},"image":{"@id":"https:\/\/diariodeloeste.com\/noticias\/2020\/02\/28\/se-construye-un-espacio-para-la-memoria-de-los-ex-combatientes-de-malvinas\/#primaryimage"},"thumbnailUrl":"https:\/\/diariodeloeste.com\/noticias\/wp-content\/uploads\/2020\/02\/IMG-20200227-WA0111.jpg","articleSection":["Informaci\u00f3n General","Titulares"],"inLanguage":"es-AR","potentialAction":[{"@type":"CommentAction","name":"Comment","target":["https:\/\/diariodeloeste.com\/noticias\/2020\/02\/28\/se-construye-un-espacio-para-la-memoria-de-los-ex-combatientes-de-malvinas\/#respond"]}]},{"@type":"WebPage","@id":"https:\/\/diariodeloeste.com\/noticias\/2020\/02\/28\/se-construye-un-espacio-para-la-memoria-de-los-ex-combatientes-de-malvinas\/","url":"https:\/\/diariodeloeste.com\/noticias\/2020\/02\/28\/se-construye-un-espacio-para-la-memoria-de-los-ex-combatientes-de-malvinas\/","name":"Se construye un espacio para la memoria de los Ex Combatientes de\u00a0Malvinas - Diario del Oeste","isPartOf":{"@id":"https:\/\/diariodeloeste.com\/noticias\/#website"},"primaryImageOfPage":{"@id":"https:\/\/diariodeloeste.com\/noticias\/2020\/02\/28\/se-construye-un-espacio-para-la-memoria-de-los-ex-combatientes-de-malvinas\/#primaryimage"},"image":{"@id":"https:\/\/diariodeloeste.com\/noticias\/2020\/02\/28\/se-construye-un-espacio-para-la-memoria-de-los-ex-combatientes-de-malvinas\/#primaryimage"},"thumbnailUrl":"https:\/\/diariodeloeste.com\/noticias\/wp-content\/uploads\/2020\/02\/IMG-20200227-WA0111.jpg","datePublished":"2020-02-28T23:34:00+00:00","breadcrumb":{"@id":"https:\/\/diariodeloeste.com\/noticias\/2020\/02\/28\/se-construye-un-espacio-para-la-memoria-de-los-ex-combatientes-de-malvinas\/#breadcrumb"},"inLanguage":"es-AR","potentialAction":[{"@type":"ReadAction","target":["https:\/\/diariodeloeste.com\/noticias\/2020\/02\/28\/se-construye-un-espacio-para-la-memoria-de-los-ex-combatientes-de-malvinas\/"]}]},{"@type":"ImageObject","inLanguage":"es-AR","@id":"https:\/\/diariodeloeste.com\/noticias\/2020\/02\/28\/se-construye-un-espacio-para-la-memoria-de-los-ex-combatientes-de-malvinas\/#primaryimage","url":"https:\/\/diariodeloeste.com\/noticias\/wp-content\/uploads\/2020\/02\/IMG-20200227-WA0111.jpg","contentUrl":"https:\/\/diariodeloeste.com\/noticias\/wp-content\/uploads\/2020\/02\/IMG-20200227-WA0111.jpg","width":1280,"height":854},{"@type":"BreadcrumbList","@id":"https:\/\/diariodeloeste.com\/noticias\/2020\/02\/28\/se-construye-un-espacio-para-la-memoria-de-los-ex-combatientes-de-malvinas\/#breadcrumb","itemListElement":[{"@type":"ListItem","position":1,"name":"Inicio","item":"https:\/\/diariodeloeste.com\/noticias\/"},{"@type":"ListItem","position":2,"name":"Se construye un espacio para la memoria de los Ex Combatientes de\u00a0Malvinas"}]},{"@type":"WebSite","@id":"https:\/\/diariodeloeste.com\/noticias\/#website","url":"https:\/\/diariodeloeste.com\/noticias\/","name":"Diario del Oeste","description":"Noticias del Oeste","publisher":{"@id":"https:\/\/diariodeloeste.com\/noticias\/#organization"},"potentialAction":[{"@type":"SearchAction","target":{"@type":"EntryPoint","urlTemplate":"https:\/\/diariodeloeste.com\/noticias\/?s={search_term_string}"},"query-input":{"@type":"PropertyValueSpecification","valueRequired":true,"valueName":"search_term_string"}}],"inLanguage":"es-AR"},{"@type":"Organization","@id":"https:\/\/diariodeloeste.com\/noticias\/#organization","name":"Diario del Oeste","url":"https:\/\/diariodeloeste.com\/noticias\/","logo":{"@type":"ImageObject","inLanguage":"es-AR","@id":"https:\/\/diariodeloeste.com\/noticias\/#\/schema\/logo\/image\/","url":"https:\/\/diariodeloeste.com\/noticias\/wp-content\/uploads\/2019\/04\/logo.png","contentUrl":"https:\/\/diariodeloeste.com\/noticias\/wp-content\/uploads\/2019\/04\/logo.png","width":306,"height":145,"caption":"Diario del Oeste"},"image":{"@id":"https:\/\/diariodeloeste.com\/noticias\/#\/schema\/logo\/image\/"}},{"@type":"Person","@id":"https:\/\/diariodeloeste.com\/noticias\/#\/schema\/person\/1f7be965f8c093432e1cbfcee0ac4047","name":"Redaccion","image":{"@type":"ImageObject","inLanguage":"es-AR","@id":"https:\/\/secure.gravatar.com\/avatar\/f9bc3a12e26b32d818d88f9a5b61de20b559752e499df507efa7ea3cea0550ef?s=96&d=mm&r=g","url":"https:\/\/secure.gravatar.com\/avatar\/f9bc3a12e26b32d818d88f9a5b61de20b559752e499df507efa7ea3cea0550ef?s=96&d=mm&r=g","contentUrl":"https:\/\/secure.gravatar.com\/avatar\/f9bc3a12e26b32d818d88f9a5b61de20b559752e499df507efa7ea3cea0550ef?s=96&d=mm&r=g","caption":"Redaccion"},"url":"https:\/\/diariodeloeste.com\/noticias\/author\/redaccion\/"}]}},"_links":{"self":[{"href":"https:\/\/diariodeloeste.com\/noticias\/wp-json\/wp\/v2\/posts\/6555","targetHints":{"allow":["GET"]}}],"collection":[{"href":"https:\/\/diariodeloeste.com\/noticias\/wp-json\/wp\/v2\/posts"}],"about":[{"href":"https:\/\/diariodeloeste.com\/noticias\/wp-json\/wp\/v2\/types\/post"}],"author":[{"embeddable":true,"href":"https:\/\/diariodeloeste.com\/noticias\/wp-json\/wp\/v2\/users\/3"}],"replies":[{"embeddable":true,"href":"https:\/\/diariodeloeste.com\/noticias\/wp-json\/wp\/v2\/comments?post=6555"}],"version-history":[{"count":1,"href":"https:\/\/diariodeloeste.com\/noticias\/wp-json\/wp\/v2\/posts\/6555\/revisions"}],"predecessor-version":[{"id":6560,"href":"https:\/\/diariodeloeste.com\/noticias\/wp-json\/wp\/v2\/posts\/6555\/revisions\/6560"}],"wp:featuredmedia":[{"embeddable":true,"href":"https:\/\/diariodeloeste.com\/noticias\/wp-json\/wp\/v2\/media\/6559"}],"wp:attachment":[{"href":"https:\/\/diariodeloeste.com\/noticias\/wp-json\/wp\/v2\/media?parent=6555"}],"wp:term":[{"taxonomy":"category","embeddable":true,"href":"https:\/\/diariodeloeste.com\/noticias\/wp-json\/wp\/v2\/categories?post=6555"},{"taxonomy":"post_tag","embeddable":true,"href":"https:\/\/diariodeloeste.com\/noticias\/wp-json\/wp\/v2\/tags?post=6555"}],"curies":[{"name":"wp","href":"https:\/\/api.w.org\/{rel}","templated":true}]}}