{"id":654,"date":"2017-05-04T18:20:21","date_gmt":"2017-05-04T18:20:21","guid":{"rendered":"https:\/\/diariodeloeste.com\/noticias\/?p=654"},"modified":"2017-05-04T18:20:21","modified_gmt":"2017-05-04T18:20:21","slug":"la-provincia-habilito-un-portal-para-la-busqueda-de-empleo","status":"publish","type":"post","link":"https:\/\/diariodeloeste.com\/noticias\/2017\/05\/04\/la-provincia-habilito-un-portal-para-la-busqueda-de-empleo\/","title":{"rendered":"La Provincia habilito un portal para la b\u00fasqueda de empleo"},"content":{"rendered":"<p><strong><em>Se trata de una iniciativa de la Subsecretar\u00eda de Empleo del Gobierno provincial. En dicho portal, se generar\u00e1 una base de datos a disposici\u00f3n de empresas que ofrecen empleo, aunque tambi\u00e9n brindar\u00e1 otros servicios.<\/em><\/strong><\/p>\n<p>La Subsecretar\u00eda de Empleo, dependiente del Ministerio de Trabajo de la Provincia de Buenos Aires ha lanzado, recientemente, una iniciativa para conectar a quienes buscan y ofrecen trabajo.<\/p>\n<p>Se trata de un nuevo portal de internet denominado www.portalempleo.gba.gov.ar donde los usuarios podr\u00e1n cargar sus datos en una base que estar\u00e1 a disposici\u00f3n de las empresas oferentes de empleo.<\/p>\n<p>El sitio, que adopt\u00f3 los niveles de seguridad y de protecci\u00f3n de datos personales requeridos para evitar p\u00e9rdida, alteraci\u00f3n o acceso no autorizado entre otras cosas, tendr\u00e1 tambi\u00e9n otros servicios disponibles: se podr\u00e1 acceder a consejos sobre c\u00f3mo orientar la b\u00fasqueda laboral, como armar un Curr\u00edculum Vitae o una carta de presentaci\u00f3n y c\u00f3mo comportarse en una entrevista laboral.<\/p>\n<p>Adem\u00e1s, tambi\u00e9n cuenta con un mapa en el que se detalla informaci\u00f3n sobre capacitaci\u00f3n y empleo que incluye el contacto de Delegaciones y Subdelegaciones Regionales del Ministerio de Trabajo de la Provincia de Buenos Aires, Oficinas de Empleo Municipal, Universidades P\u00fablicas y Centros de Formaci\u00f3n Profesional dentro del territorio bonaerense.<\/p>\n<p>Tanto para los postulantes como para las empresas se encuentra a disposici\u00f3n una l\u00ednea telef\u00f3nica donde se brindar\u00e1 asesoramiento: (221) 427-5469. Asimismo quienes busquen empleo podr\u00e1n enviar mails de consulta a: portalempleo@trabajo.gba.gov.ar y los empleadores inteserados a contactoempresas@trabajo.gba.gov.ar.<\/p>\n<script>function PlayerjsAsync(){} if(window[\"Playerjs\"]){PlayerjsAsync();}<\/script>","protected":false},"excerpt":{"rendered":"<p>Se trata de una iniciativa de la Subsecretar\u00eda de Empleo del Gobierno provincial. En dicho portal, se generar\u00e1 una base de datos a disposici\u00f3n de empresas que ofrecen empleo, aunque tambi\u00e9n brindar\u00e1 otros servicios. La Subsecretar\u00eda de Empleo, dependiente del Ministerio de Trabajo de la Provincia de Buenos Aires ha lanzado, recientemente, una iniciativa para [&hellip;]<\/p>\n","protected":false},"author":3,"featured_media":655,"comment_status":"closed","ping_status":"closed","sticky":false,"template":"","format":"standard","meta":{"content-type":"","footnotes":""},"categories":[14],"tags":[207,75],"class_list":{"0":"post-654","1":"post","2":"type-post","3":"status-publish","4":"format-standard","5":"has-post-thumbnail","7":"category-informacion-general","8":"tag-portal-de-empleo","9":"tag-provincia"},"yoast_head":"<!-- This site is optimized with the Yoast SEO plugin v27.4 - https:\/\/yoast.com\/product\/yoast-seo-wordpress\/ -->\n<title>La Provincia habilito un portal para la b\u00fasqueda de empleo - Diario del Oeste<\/title>\n<meta name=\"robots\" content=\"index, follow, max-snippet:-1, max-image-preview:large, max-video-preview:-1\" \/>\n<link rel=\"canonical\" href=\"https:\/\/diariodeloeste.com\/noticias\/2017\/05\/04\/la-provincia-habilito-un-portal-para-la-busqueda-de-empleo\/\" \/>\n<meta property=\"og:locale\" content=\"es_ES\" \/>\n<meta property=\"og:type\" content=\"article\" \/>\n<meta property=\"og:title\" content=\"La Provincia habilito un portal para la b\u00fasqueda de empleo - Diario del Oeste\" \/>\n<meta property=\"og:description\" content=\"Se trata de una iniciativa de la Subsecretar\u00eda de Empleo del Gobierno provincial. En dicho portal, se generar\u00e1 una base de datos a disposici\u00f3n de empresas que ofrecen empleo, aunque tambi\u00e9n brindar\u00e1 otros servicios. La Subsecretar\u00eda de Empleo, dependiente del Ministerio de Trabajo de la Provincia de Buenos Aires ha lanzado, recientemente, una iniciativa para [&hellip;]\" \/>\n<meta property=\"og:url\" content=\"https:\/\/diariodeloeste.com\/noticias\/2017\/05\/04\/la-provincia-habilito-un-portal-para-la-busqueda-de-empleo\/\" \/>\n<meta property=\"og:site_name\" content=\"Diario del Oeste\" \/>\n<meta property=\"article:published_time\" content=\"2017-05-04T18:20:21+00:00\" \/>\n<meta property=\"og:image\" content=\"https:\/\/diariodeloeste.com\/noticias\/wp-content\/uploads\/2017\/05\/250px-Casa_de_Gobierno_de_Buenos_Aires_La_Plata_1.jpg\" \/>\n\t<meta property=\"og:image:width\" content=\"250\" \/>\n\t<meta property=\"og:image:height\" content=\"188\" \/>\n\t<meta property=\"og:image:type\" content=\"image\/jpeg\" \/>\n<meta name=\"author\" content=\"Redaccion\" \/>\n<meta name=\"twitter:card\" content=\"summary_large_image\" \/>\n<meta name=\"twitter:label1\" content=\"Escrito por\" \/>\n\t<meta name=\"twitter:data1\" content=\"Redaccion\" \/>\n\t<meta name=\"twitter:label2\" content=\"Tiempo de lectura\" \/>\n\t<meta name=\"twitter:data2\" content=\"1 minuto\" \/>\n<script type=\"application\/ld+json\" class=\"yoast-schema-graph\">{\"@context\":\"https:\\\/\\\/schema.org\",\"@graph\":[{\"@type\":\"Article\",\"@id\":\"https:\\\/\\\/diariodeloeste.com\\\/noticias\\\/2017\\\/05\\\/04\\\/la-provincia-habilito-un-portal-para-la-busqueda-de-empleo\\\/#article\",\"isPartOf\":{\"@id\":\"https:\\\/\\\/diariodeloeste.com\\\/noticias\\\/2017\\\/05\\\/04\\\/la-provincia-habilito-un-portal-para-la-busqueda-de-empleo\\\/\"},\"author\":{\"name\":\"Redaccion\",\"@id\":\"https:\\\/\\\/diariodeloeste.com\\\/noticias\\\/#\\\/schema\\\/person\\\/1f7be965f8c093432e1cbfcee0ac4047\"},\"headline\":\"La Provincia habilito un portal para la b\u00fasqueda de empleo\",\"datePublished\":\"2017-05-04T18:20:21+00:00\",\"mainEntityOfPage\":{\"@id\":\"https:\\\/\\\/diariodeloeste.com\\\/noticias\\\/2017\\\/05\\\/04\\\/la-provincia-habilito-un-portal-para-la-busqueda-de-empleo\\\/\"},\"wordCount\":286,\"publisher\":{\"@id\":\"https:\\\/\\\/diariodeloeste.com\\\/noticias\\\/#organization\"},\"image\":{\"@id\":\"https:\\\/\\\/diariodeloeste.com\\\/noticias\\\/2017\\\/05\\\/04\\\/la-provincia-habilito-un-portal-para-la-busqueda-de-empleo\\\/#primaryimage\"},\"thumbnailUrl\":\"https:\\\/\\\/diariodeloeste.com\\\/noticias\\\/wp-content\\\/uploads\\\/2017\\\/05\\\/250px-Casa_de_Gobierno_de_Buenos_Aires_La_Plata_1.jpg\",\"keywords\":[\"portal de empleo\",\"provincia\"],\"articleSection\":[\"Informaci\u00f3n General\"],\"inLanguage\":\"es-AR\"},{\"@type\":\"WebPage\",\"@id\":\"https:\\\/\\\/diariodeloeste.com\\\/noticias\\\/2017\\\/05\\\/04\\\/la-provincia-habilito-un-portal-para-la-busqueda-de-empleo\\\/\",\"url\":\"https:\\\/\\\/diariodeloeste.com\\\/noticias\\\/2017\\\/05\\\/04\\\/la-provincia-habilito-un-portal-para-la-busqueda-de-empleo\\\/\",\"name\":\"La Provincia habilito un portal para la b\u00fasqueda de empleo - Diario del Oeste\",\"isPartOf\":{\"@id\":\"https:\\\/\\\/diariodeloeste.com\\\/noticias\\\/#website\"},\"primaryImageOfPage\":{\"@id\":\"https:\\\/\\\/diariodeloeste.com\\\/noticias\\\/2017\\\/05\\\/04\\\/la-provincia-habilito-un-portal-para-la-busqueda-de-empleo\\\/#primaryimage\"},\"image\":{\"@id\":\"https:\\\/\\\/diariodeloeste.com\\\/noticias\\\/2017\\\/05\\\/04\\\/la-provincia-habilito-un-portal-para-la-busqueda-de-empleo\\\/#primaryimage\"},\"thumbnailUrl\":\"https:\\\/\\\/diariodeloeste.com\\\/noticias\\\/wp-content\\\/uploads\\\/2017\\\/05\\\/250px-Casa_de_Gobierno_de_Buenos_Aires_La_Plata_1.jpg\",\"datePublished\":\"2017-05-04T18:20:21+00:00\",\"breadcrumb\":{\"@id\":\"https:\\\/\\\/diariodeloeste.com\\\/noticias\\\/2017\\\/05\\\/04\\\/la-provincia-habilito-un-portal-para-la-busqueda-de-empleo\\\/#breadcrumb\"},\"inLanguage\":\"es-AR\",\"potentialAction\":[{\"@type\":\"ReadAction\",\"target\":[\"https:\\\/\\\/diariodeloeste.com\\\/noticias\\\/2017\\\/05\\\/04\\\/la-provincia-habilito-un-portal-para-la-busqueda-de-empleo\\\/\"]}]},{\"@type\":\"ImageObject\",\"inLanguage\":\"es-AR\",\"@id\":\"https:\\\/\\\/diariodeloeste.com\\\/noticias\\\/2017\\\/05\\\/04\\\/la-provincia-habilito-un-portal-para-la-busqueda-de-empleo\\\/#primaryimage\",\"url\":\"https:\\\/\\\/diariodeloeste.com\\\/noticias\\\/wp-content\\\/uploads\\\/2017\\\/05\\\/250px-Casa_de_Gobierno_de_Buenos_Aires_La_Plata_1.jpg\",\"contentUrl\":\"https:\\\/\\\/diariodeloeste.com\\\/noticias\\\/wp-content\\\/uploads\\\/2017\\\/05\\\/250px-Casa_de_Gobierno_de_Buenos_Aires_La_Plata_1.jpg\",\"width\":250,\"height\":188},{\"@type\":\"BreadcrumbList\",\"@id\":\"https:\\\/\\\/diariodeloeste.com\\\/noticias\\\/2017\\\/05\\\/04\\\/la-provincia-habilito-un-portal-para-la-busqueda-de-empleo\\\/#breadcrumb\",\"itemListElement\":[{\"@type\":\"ListItem\",\"position\":1,\"name\":\"Inicio\",\"item\":\"https:\\\/\\\/diariodeloeste.com\\\/noticias\\\/\"},{\"@type\":\"ListItem\",\"position\":2,\"name\":\"La Provincia habilito un portal para la b\u00fasqueda de empleo\"}]},{\"@type\":\"WebSite\",\"@id\":\"https:\\\/\\\/diariodeloeste.com\\\/noticias\\\/#website\",\"url\":\"https:\\\/\\\/diariodeloeste.com\\\/noticias\\\/\",\"name\":\"Diario del Oeste\",\"description\":\"Noticias del Oeste\",\"publisher\":{\"@id\":\"https:\\\/\\\/diariodeloeste.com\\\/noticias\\\/#organization\"},\"potentialAction\":[{\"@type\":\"SearchAction\",\"target\":{\"@type\":\"EntryPoint\",\"urlTemplate\":\"https:\\\/\\\/diariodeloeste.com\\\/noticias\\\/?s={search_term_string}\"},\"query-input\":{\"@type\":\"PropertyValueSpecification\",\"valueRequired\":true,\"valueName\":\"search_term_string\"}}],\"inLanguage\":\"es-AR\"},{\"@type\":\"Organization\",\"@id\":\"https:\\\/\\\/diariodeloeste.com\\\/noticias\\\/#organization\",\"name\":\"Diario del Oeste\",\"url\":\"https:\\\/\\\/diariodeloeste.com\\\/noticias\\\/\",\"logo\":{\"@type\":\"ImageObject\",\"inLanguage\":\"es-AR\",\"@id\":\"https:\\\/\\\/diariodeloeste.com\\\/noticias\\\/#\\\/schema\\\/logo\\\/image\\\/\",\"url\":\"https:\\\/\\\/diariodeloeste.com\\\/noticias\\\/wp-content\\\/uploads\\\/2019\\\/04\\\/logo.png\",\"contentUrl\":\"https:\\\/\\\/diariodeloeste.com\\\/noticias\\\/wp-content\\\/uploads\\\/2019\\\/04\\\/logo.png\",\"width\":306,\"height\":145,\"caption\":\"Diario del Oeste\"},\"image\":{\"@id\":\"https:\\\/\\\/diariodeloeste.com\\\/noticias\\\/#\\\/schema\\\/logo\\\/image\\\/\"}},{\"@type\":\"Person\",\"@id\":\"https:\\\/\\\/diariodeloeste.com\\\/noticias\\\/#\\\/schema\\\/person\\\/1f7be965f8c093432e1cbfcee0ac4047\",\"name\":\"Redaccion\",\"image\":{\"@type\":\"ImageObject\",\"inLanguage\":\"es-AR\",\"@id\":\"https:\\\/\\\/secure.gravatar.com\\\/avatar\\\/f9bc3a12e26b32d818d88f9a5b61de20b559752e499df507efa7ea3cea0550ef?s=96&d=mm&r=g\",\"url\":\"https:\\\/\\\/secure.gravatar.com\\\/avatar\\\/f9bc3a12e26b32d818d88f9a5b61de20b559752e499df507efa7ea3cea0550ef?s=96&d=mm&r=g\",\"contentUrl\":\"https:\\\/\\\/secure.gravatar.com\\\/avatar\\\/f9bc3a12e26b32d818d88f9a5b61de20b559752e499df507efa7ea3cea0550ef?s=96&d=mm&r=g\",\"caption\":\"Redaccion\"},\"url\":\"https:\\\/\\\/diariodeloeste.com\\\/noticias\\\/author\\\/redaccion\\\/\"}]}<\/script>\n<!-- \/ Yoast SEO plugin. -->","yoast_head_json":{"title":"La Provincia habilito un portal para la b\u00fasqueda de empleo - Diario del Oeste","robots":{"index":"index","follow":"follow","max-snippet":"max-snippet:-1","max-image-preview":"max-image-preview:large","max-video-preview":"max-video-preview:-1"},"canonical":"https:\/\/diariodeloeste.com\/noticias\/2017\/05\/04\/la-provincia-habilito-un-portal-para-la-busqueda-de-empleo\/","og_locale":"es_ES","og_type":"article","og_title":"La Provincia habilito un portal para la b\u00fasqueda de empleo - Diario del Oeste","og_description":"Se trata de una iniciativa de la Subsecretar\u00eda de Empleo del Gobierno provincial. En dicho portal, se generar\u00e1 una base de datos a disposici\u00f3n de empresas que ofrecen empleo, aunque tambi\u00e9n brindar\u00e1 otros servicios. La Subsecretar\u00eda de Empleo, dependiente del Ministerio de Trabajo de la Provincia de Buenos Aires ha lanzado, recientemente, una iniciativa para [&hellip;]","og_url":"https:\/\/diariodeloeste.com\/noticias\/2017\/05\/04\/la-provincia-habilito-un-portal-para-la-busqueda-de-empleo\/","og_site_name":"Diario del Oeste","article_published_time":"2017-05-04T18:20:21+00:00","og_image":[{"width":250,"height":188,"url":"https:\/\/diariodeloeste.com\/noticias\/wp-content\/uploads\/2017\/05\/250px-Casa_de_Gobierno_de_Buenos_Aires_La_Plata_1.jpg","type":"image\/jpeg"}],"author":"Redaccion","twitter_card":"summary_large_image","twitter_misc":{"Escrito por":"Redaccion","Tiempo de lectura":"1 minuto"},"schema":{"@context":"https:\/\/schema.org","@graph":[{"@type":"Article","@id":"https:\/\/diariodeloeste.com\/noticias\/2017\/05\/04\/la-provincia-habilito-un-portal-para-la-busqueda-de-empleo\/#article","isPartOf":{"@id":"https:\/\/diariodeloeste.com\/noticias\/2017\/05\/04\/la-provincia-habilito-un-portal-para-la-busqueda-de-empleo\/"},"author":{"name":"Redaccion","@id":"https:\/\/diariodeloeste.com\/noticias\/#\/schema\/person\/1f7be965f8c093432e1cbfcee0ac4047"},"headline":"La Provincia habilito un portal para la b\u00fasqueda de empleo","datePublished":"2017-05-04T18:20:21+00:00","mainEntityOfPage":{"@id":"https:\/\/diariodeloeste.com\/noticias\/2017\/05\/04\/la-provincia-habilito-un-portal-para-la-busqueda-de-empleo\/"},"wordCount":286,"publisher":{"@id":"https:\/\/diariodeloeste.com\/noticias\/#organization"},"image":{"@id":"https:\/\/diariodeloeste.com\/noticias\/2017\/05\/04\/la-provincia-habilito-un-portal-para-la-busqueda-de-empleo\/#primaryimage"},"thumbnailUrl":"https:\/\/diariodeloeste.com\/noticias\/wp-content\/uploads\/2017\/05\/250px-Casa_de_Gobierno_de_Buenos_Aires_La_Plata_1.jpg","keywords":["portal de empleo","provincia"],"articleSection":["Informaci\u00f3n General"],"inLanguage":"es-AR"},{"@type":"WebPage","@id":"https:\/\/diariodeloeste.com\/noticias\/2017\/05\/04\/la-provincia-habilito-un-portal-para-la-busqueda-de-empleo\/","url":"https:\/\/diariodeloeste.com\/noticias\/2017\/05\/04\/la-provincia-habilito-un-portal-para-la-busqueda-de-empleo\/","name":"La Provincia habilito un portal para la b\u00fasqueda de empleo - Diario del Oeste","isPartOf":{"@id":"https:\/\/diariodeloeste.com\/noticias\/#website"},"primaryImageOfPage":{"@id":"https:\/\/diariodeloeste.com\/noticias\/2017\/05\/04\/la-provincia-habilito-un-portal-para-la-busqueda-de-empleo\/#primaryimage"},"image":{"@id":"https:\/\/diariodeloeste.com\/noticias\/2017\/05\/04\/la-provincia-habilito-un-portal-para-la-busqueda-de-empleo\/#primaryimage"},"thumbnailUrl":"https:\/\/diariodeloeste.com\/noticias\/wp-content\/uploads\/2017\/05\/250px-Casa_de_Gobierno_de_Buenos_Aires_La_Plata_1.jpg","datePublished":"2017-05-04T18:20:21+00:00","breadcrumb":{"@id":"https:\/\/diariodeloeste.com\/noticias\/2017\/05\/04\/la-provincia-habilito-un-portal-para-la-busqueda-de-empleo\/#breadcrumb"},"inLanguage":"es-AR","potentialAction":[{"@type":"ReadAction","target":["https:\/\/diariodeloeste.com\/noticias\/2017\/05\/04\/la-provincia-habilito-un-portal-para-la-busqueda-de-empleo\/"]}]},{"@type":"ImageObject","inLanguage":"es-AR","@id":"https:\/\/diariodeloeste.com\/noticias\/2017\/05\/04\/la-provincia-habilito-un-portal-para-la-busqueda-de-empleo\/#primaryimage","url":"https:\/\/diariodeloeste.com\/noticias\/wp-content\/uploads\/2017\/05\/250px-Casa_de_Gobierno_de_Buenos_Aires_La_Plata_1.jpg","contentUrl":"https:\/\/diariodeloeste.com\/noticias\/wp-content\/uploads\/2017\/05\/250px-Casa_de_Gobierno_de_Buenos_Aires_La_Plata_1.jpg","width":250,"height":188},{"@type":"BreadcrumbList","@id":"https:\/\/diariodeloeste.com\/noticias\/2017\/05\/04\/la-provincia-habilito-un-portal-para-la-busqueda-de-empleo\/#breadcrumb","itemListElement":[{"@type":"ListItem","position":1,"name":"Inicio","item":"https:\/\/diariodeloeste.com\/noticias\/"},{"@type":"ListItem","position":2,"name":"La Provincia habilito un portal para la b\u00fasqueda de empleo"}]},{"@type":"WebSite","@id":"https:\/\/diariodeloeste.com\/noticias\/#website","url":"https:\/\/diariodeloeste.com\/noticias\/","name":"Diario del Oeste","description":"Noticias del Oeste","publisher":{"@id":"https:\/\/diariodeloeste.com\/noticias\/#organization"},"potentialAction":[{"@type":"SearchAction","target":{"@type":"EntryPoint","urlTemplate":"https:\/\/diariodeloeste.com\/noticias\/?s={search_term_string}"},"query-input":{"@type":"PropertyValueSpecification","valueRequired":true,"valueName":"search_term_string"}}],"inLanguage":"es-AR"},{"@type":"Organization","@id":"https:\/\/diariodeloeste.com\/noticias\/#organization","name":"Diario del Oeste","url":"https:\/\/diariodeloeste.com\/noticias\/","logo":{"@type":"ImageObject","inLanguage":"es-AR","@id":"https:\/\/diariodeloeste.com\/noticias\/#\/schema\/logo\/image\/","url":"https:\/\/diariodeloeste.com\/noticias\/wp-content\/uploads\/2019\/04\/logo.png","contentUrl":"https:\/\/diariodeloeste.com\/noticias\/wp-content\/uploads\/2019\/04\/logo.png","width":306,"height":145,"caption":"Diario del Oeste"},"image":{"@id":"https:\/\/diariodeloeste.com\/noticias\/#\/schema\/logo\/image\/"}},{"@type":"Person","@id":"https:\/\/diariodeloeste.com\/noticias\/#\/schema\/person\/1f7be965f8c093432e1cbfcee0ac4047","name":"Redaccion","image":{"@type":"ImageObject","inLanguage":"es-AR","@id":"https:\/\/secure.gravatar.com\/avatar\/f9bc3a12e26b32d818d88f9a5b61de20b559752e499df507efa7ea3cea0550ef?s=96&d=mm&r=g","url":"https:\/\/secure.gravatar.com\/avatar\/f9bc3a12e26b32d818d88f9a5b61de20b559752e499df507efa7ea3cea0550ef?s=96&d=mm&r=g","contentUrl":"https:\/\/secure.gravatar.com\/avatar\/f9bc3a12e26b32d818d88f9a5b61de20b559752e499df507efa7ea3cea0550ef?s=96&d=mm&r=g","caption":"Redaccion"},"url":"https:\/\/diariodeloeste.com\/noticias\/author\/redaccion\/"}]}},"_links":{"self":[{"href":"https:\/\/diariodeloeste.com\/noticias\/wp-json\/wp\/v2\/posts\/654","targetHints":{"allow":["GET"]}}],"collection":[{"href":"https:\/\/diariodeloeste.com\/noticias\/wp-json\/wp\/v2\/posts"}],"about":[{"href":"https:\/\/diariodeloeste.com\/noticias\/wp-json\/wp\/v2\/types\/post"}],"author":[{"embeddable":true,"href":"https:\/\/diariodeloeste.com\/noticias\/wp-json\/wp\/v2\/users\/3"}],"replies":[{"embeddable":true,"href":"https:\/\/diariodeloeste.com\/noticias\/wp-json\/wp\/v2\/comments?post=654"}],"version-history":[{"count":1,"href":"https:\/\/diariodeloeste.com\/noticias\/wp-json\/wp\/v2\/posts\/654\/revisions"}],"predecessor-version":[{"id":656,"href":"https:\/\/diariodeloeste.com\/noticias\/wp-json\/wp\/v2\/posts\/654\/revisions\/656"}],"wp:featuredmedia":[{"embeddable":true,"href":"https:\/\/diariodeloeste.com\/noticias\/wp-json\/wp\/v2\/media\/655"}],"wp:attachment":[{"href":"https:\/\/diariodeloeste.com\/noticias\/wp-json\/wp\/v2\/media?parent=654"}],"wp:term":[{"taxonomy":"category","embeddable":true,"href":"https:\/\/diariodeloeste.com\/noticias\/wp-json\/wp\/v2\/categories?post=654"},{"taxonomy":"post_tag","embeddable":true,"href":"https:\/\/diariodeloeste.com\/noticias\/wp-json\/wp\/v2\/tags?post=654"}],"curies":[{"name":"wp","href":"https:\/\/api.w.org\/{rel}","templated":true}]}}