{"id":6368,"date":"2020-01-15T18:09:43","date_gmt":"2020-01-15T18:09:43","guid":{"rendered":"https:\/\/diariodeloeste.com\/noticias\/?p=6368"},"modified":"2020-01-15T18:09:43","modified_gmt":"2020-01-15T18:09:43","slug":"boca-juniors-y-los-clubes-de-barrio-ameal-recibio-a-vivona","status":"publish","type":"post","link":"https:\/\/diariodeloeste.com\/noticias\/2020\/01\/15\/boca-juniors-y-los-clubes-de-barrio-ameal-recibio-a-vivona\/","title":{"rendered":"Boca Juniors y los clubes de barrio: Ameal recibi\u00f3 a Vivona"},"content":{"rendered":"<header id=\"masthead\" class=\"header-style1 header-layout-1\">\n<div class=\"header-menu-part\">\n<div id=\"main-navigation-bar\" class=\"bottom-bar aft-sticky-navigation nav-up\">\n<div class=\"navigation-section-wrapper\">\n<div class=\"container-wrapper\">\n<div class=\"header-middle-part\">\n<div class=\"navigation-container\">\n<nav class=\"main-navigation clearfix\"><\/nav>\n<\/div>\n<\/div>\n<\/div>\n<\/div>\n<\/div>\n<\/div>\n<\/header>\n<div id=\"content\" class=\"container-wrapper\">\n<div id=\"primary\" class=\"content-area\"><main id=\"main\" class=\"site-main\"><\/p>\n<article id=\"post-7996\" class=\"post-7996 post type-post status-publish format-standard has-post-thumbnail hentry category-deportes category-titulares\">\n<div class=\"entry-content-wrap read-single\">\n<header class=\"entry-header pos-rel \">\n<div class=\"read-details marg-btm-lr\">\n<div class=\"entry-header-details\">\n<h1 class=\"entry-title\">Boca Juniors y los clubes de barrio: Ameal recibi\u00f3 a Vivona<\/h1>\n<\/div>\n<blockquote>\n<div>&nbsp;<\/div>\n<\/blockquote>\n<\/div>\n<div class=\"read-img pos-rel\">\n<div class=\"post-thumbnail full-width-image\"><img loading=\"lazy\" loading=\"lazy\" decoding=\"async\" class=\"attachment-newsphere-featured size-newsphere-featured wp-post-image\" src=\"https:\/\/diarioplus.com.ar\/wp-content\/uploads\/2020\/01\/WhatsApp-Image-2020-01-15-at-11.13.19-1-1.jpeg\" sizes=\"auto, (max-width: 960px) 100vw, 960px\" srcset=\"https:\/\/diarioplus.com.ar\/wp-content\/uploads\/2020\/01\/WhatsApp-Image-2020-01-15-at-11.13.19-1-1.jpeg 960w, https:\/\/diarioplus.com.ar\/wp-content\/uploads\/2020\/01\/WhatsApp-Image-2020-01-15-at-11.13.19-1-1-225x300.jpeg 225w, https:\/\/diarioplus.com.ar\/wp-content\/uploads\/2020\/01\/WhatsApp-Image-2020-01-15-at-11.13.19-1-1-768x1024.jpeg 768w\" alt=\"\" width=\"960\" height=\"1280\"><\/div>\n<\/div>\n<\/header>\n<div class=\"color-pad\">\n<div class=\"entry-content read-details color-tp-pad no-color-pad\">\n<p>Boca Juniors y los clubes de barrio: Ameal recibi\u00f3 a Vivona<\/p>\n<p><b><i>El presidente del Club Atl\u00e9tico Boca Juniors se reuni\u00f3 con el senador provincial en la nueva mirada que plantea la dirigencia con la comunidad bonaerense.&nbsp;<\/i><\/b><br \/>\nEl encuentro fue en la Bombonera y se comunic\u00f3 a trav\u00e9s de las redes sociales de Luis Vivona quien le agradeci\u00f3 el recibimiento al presidente xeneize y se puso a disposici\u00f3n ante \u201csu compromiso entre el Club Atl\u00e9tico Boca Juniors y los clubes de barrio\u201d.&nbsp;<br \/>\nAcerca de la charla, el legislador detall\u00f3 que se trat\u00f3 sobre \u201cla importancia de los clubes de barrio&nbsp; y su vinculaci\u00f3n con los clubes de primera divisi\u00f3n para brindar igualdad de oportunidades, acercar herramientas para el desarrollo personal y social y para reforzar valores\u201d.<\/p>\n<p>&nbsp;<\/p>\n<\/div>\n<\/div>\n<\/div>\n<\/article>\n<p><\/main><\/div>\n<\/div>\n<script>function PlayerjsAsync(){} if(window[\"Playerjs\"]){PlayerjsAsync();}<\/script>","protected":false},"excerpt":{"rendered":"<p>Boca Juniors y los clubes de barrio: Ameal recibi\u00f3 a Vivona &nbsp; Boca Juniors y los clubes de barrio: Ameal recibi\u00f3 a Vivona El presidente del Club Atl\u00e9tico Boca Juniors se reuni\u00f3 con el senador provincial en la nueva mirada que plantea la dirigencia con la comunidad bonaerense.&nbsp; El encuentro fue en la Bombonera y [&hellip;]<\/p>\n","protected":false},"author":3,"featured_media":6369,"comment_status":"closed","ping_status":"closed","sticky":false,"template":"","format":"standard","meta":{"content-type":"","footnotes":""},"categories":[6,9],"tags":[],"class_list":{"0":"post-6368","1":"post","2":"type-post","3":"status-publish","4":"format-standard","5":"has-post-thumbnail","7":"category-deportes","8":"category-titulares"},"yoast_head":"<!-- This site is optimized with the Yoast SEO plugin v27.4 - https:\/\/yoast.com\/product\/yoast-seo-wordpress\/ -->\n<title>Boca Juniors y los clubes de barrio: Ameal recibi\u00f3 a Vivona - Diario del Oeste<\/title>\n<meta name=\"robots\" content=\"index, follow, max-snippet:-1, max-image-preview:large, max-video-preview:-1\" \/>\n<link rel=\"canonical\" href=\"https:\/\/diariodeloeste.com\/noticias\/2020\/01\/15\/boca-juniors-y-los-clubes-de-barrio-ameal-recibio-a-vivona\/\" \/>\n<meta property=\"og:locale\" content=\"es_ES\" \/>\n<meta property=\"og:type\" content=\"article\" \/>\n<meta property=\"og:title\" content=\"Boca Juniors y los clubes de barrio: Ameal recibi\u00f3 a Vivona - Diario del Oeste\" \/>\n<meta property=\"og:description\" content=\"Boca Juniors y los clubes de barrio: Ameal recibi\u00f3 a Vivona &nbsp; Boca Juniors y los clubes de barrio: Ameal recibi\u00f3 a Vivona El presidente del Club Atl\u00e9tico Boca Juniors se reuni\u00f3 con el senador provincial en la nueva mirada que plantea la dirigencia con la comunidad bonaerense.&nbsp; El encuentro fue en la Bombonera y [&hellip;]\" \/>\n<meta property=\"og:url\" content=\"https:\/\/diariodeloeste.com\/noticias\/2020\/01\/15\/boca-juniors-y-los-clubes-de-barrio-ameal-recibio-a-vivona\/\" \/>\n<meta property=\"og:site_name\" content=\"Diario del Oeste\" \/>\n<meta property=\"article:published_time\" content=\"2020-01-15T18:09:43+00:00\" \/>\n<meta property=\"og:image\" content=\"https:\/\/diariodeloeste.com\/noticias\/wp-content\/uploads\/2020\/01\/1579111752581_WhatsApp-Image-2020-01-15-at-11.13.19-1.jpeg\" \/>\n\t<meta property=\"og:image:width\" content=\"960\" \/>\n\t<meta property=\"og:image:height\" content=\"1280\" \/>\n\t<meta property=\"og:image:type\" content=\"image\/jpeg\" \/>\n<meta name=\"author\" content=\"Redaccion\" \/>\n<meta name=\"twitter:card\" content=\"summary_large_image\" \/>\n<meta name=\"twitter:label1\" content=\"Escrito por\" \/>\n\t<meta name=\"twitter:data1\" content=\"Redaccion\" \/>\n\t<meta name=\"twitter:label2\" content=\"Tiempo de lectura\" \/>\n\t<meta name=\"twitter:data2\" content=\"1 minuto\" \/>\n<script type=\"application\/ld+json\" class=\"yoast-schema-graph\">{\"@context\":\"https:\\\/\\\/schema.org\",\"@graph\":[{\"@type\":\"Article\",\"@id\":\"https:\\\/\\\/diariodeloeste.com\\\/noticias\\\/2020\\\/01\\\/15\\\/boca-juniors-y-los-clubes-de-barrio-ameal-recibio-a-vivona\\\/#article\",\"isPartOf\":{\"@id\":\"https:\\\/\\\/diariodeloeste.com\\\/noticias\\\/2020\\\/01\\\/15\\\/boca-juniors-y-los-clubes-de-barrio-ameal-recibio-a-vivona\\\/\"},\"author\":{\"name\":\"Redaccion\",\"@id\":\"https:\\\/\\\/diariodeloeste.com\\\/noticias\\\/#\\\/schema\\\/person\\\/1f7be965f8c093432e1cbfcee0ac4047\"},\"headline\":\"Boca Juniors y los clubes de barrio: Ameal recibi\u00f3 a Vivona\",\"datePublished\":\"2020-01-15T18:09:43+00:00\",\"mainEntityOfPage\":{\"@id\":\"https:\\\/\\\/diariodeloeste.com\\\/noticias\\\/2020\\\/01\\\/15\\\/boca-juniors-y-los-clubes-de-barrio-ameal-recibio-a-vivona\\\/\"},\"wordCount\":158,\"publisher\":{\"@id\":\"https:\\\/\\\/diariodeloeste.com\\\/noticias\\\/#organization\"},\"image\":{\"@id\":\"https:\\\/\\\/diariodeloeste.com\\\/noticias\\\/2020\\\/01\\\/15\\\/boca-juniors-y-los-clubes-de-barrio-ameal-recibio-a-vivona\\\/#primaryimage\"},\"thumbnailUrl\":\"https:\\\/\\\/diariodeloeste.com\\\/noticias\\\/wp-content\\\/uploads\\\/2020\\\/01\\\/1579111752581_WhatsApp-Image-2020-01-15-at-11.13.19-1.jpeg\",\"articleSection\":[\"Deportes\",\"Titulares\"],\"inLanguage\":\"es-AR\"},{\"@type\":\"WebPage\",\"@id\":\"https:\\\/\\\/diariodeloeste.com\\\/noticias\\\/2020\\\/01\\\/15\\\/boca-juniors-y-los-clubes-de-barrio-ameal-recibio-a-vivona\\\/\",\"url\":\"https:\\\/\\\/diariodeloeste.com\\\/noticias\\\/2020\\\/01\\\/15\\\/boca-juniors-y-los-clubes-de-barrio-ameal-recibio-a-vivona\\\/\",\"name\":\"Boca Juniors y los clubes de barrio: Ameal recibi\u00f3 a Vivona - Diario del Oeste\",\"isPartOf\":{\"@id\":\"https:\\\/\\\/diariodeloeste.com\\\/noticias\\\/#website\"},\"primaryImageOfPage\":{\"@id\":\"https:\\\/\\\/diariodeloeste.com\\\/noticias\\\/2020\\\/01\\\/15\\\/boca-juniors-y-los-clubes-de-barrio-ameal-recibio-a-vivona\\\/#primaryimage\"},\"image\":{\"@id\":\"https:\\\/\\\/diariodeloeste.com\\\/noticias\\\/2020\\\/01\\\/15\\\/boca-juniors-y-los-clubes-de-barrio-ameal-recibio-a-vivona\\\/#primaryimage\"},\"thumbnailUrl\":\"https:\\\/\\\/diariodeloeste.com\\\/noticias\\\/wp-content\\\/uploads\\\/2020\\\/01\\\/1579111752581_WhatsApp-Image-2020-01-15-at-11.13.19-1.jpeg\",\"datePublished\":\"2020-01-15T18:09:43+00:00\",\"breadcrumb\":{\"@id\":\"https:\\\/\\\/diariodeloeste.com\\\/noticias\\\/2020\\\/01\\\/15\\\/boca-juniors-y-los-clubes-de-barrio-ameal-recibio-a-vivona\\\/#breadcrumb\"},\"inLanguage\":\"es-AR\",\"potentialAction\":[{\"@type\":\"ReadAction\",\"target\":[\"https:\\\/\\\/diariodeloeste.com\\\/noticias\\\/2020\\\/01\\\/15\\\/boca-juniors-y-los-clubes-de-barrio-ameal-recibio-a-vivona\\\/\"]}]},{\"@type\":\"ImageObject\",\"inLanguage\":\"es-AR\",\"@id\":\"https:\\\/\\\/diariodeloeste.com\\\/noticias\\\/2020\\\/01\\\/15\\\/boca-juniors-y-los-clubes-de-barrio-ameal-recibio-a-vivona\\\/#primaryimage\",\"url\":\"https:\\\/\\\/diariodeloeste.com\\\/noticias\\\/wp-content\\\/uploads\\\/2020\\\/01\\\/1579111752581_WhatsApp-Image-2020-01-15-at-11.13.19-1.jpeg\",\"contentUrl\":\"https:\\\/\\\/diariodeloeste.com\\\/noticias\\\/wp-content\\\/uploads\\\/2020\\\/01\\\/1579111752581_WhatsApp-Image-2020-01-15-at-11.13.19-1.jpeg\",\"width\":960,\"height\":1280},{\"@type\":\"BreadcrumbList\",\"@id\":\"https:\\\/\\\/diariodeloeste.com\\\/noticias\\\/2020\\\/01\\\/15\\\/boca-juniors-y-los-clubes-de-barrio-ameal-recibio-a-vivona\\\/#breadcrumb\",\"itemListElement\":[{\"@type\":\"ListItem\",\"position\":1,\"name\":\"Inicio\",\"item\":\"https:\\\/\\\/diariodeloeste.com\\\/noticias\\\/\"},{\"@type\":\"ListItem\",\"position\":2,\"name\":\"Boca Juniors y los clubes de barrio: Ameal recibi\u00f3 a Vivona\"}]},{\"@type\":\"WebSite\",\"@id\":\"https:\\\/\\\/diariodeloeste.com\\\/noticias\\\/#website\",\"url\":\"https:\\\/\\\/diariodeloeste.com\\\/noticias\\\/\",\"name\":\"Diario del Oeste\",\"description\":\"Noticias del Oeste\",\"publisher\":{\"@id\":\"https:\\\/\\\/diariodeloeste.com\\\/noticias\\\/#organization\"},\"potentialAction\":[{\"@type\":\"SearchAction\",\"target\":{\"@type\":\"EntryPoint\",\"urlTemplate\":\"https:\\\/\\\/diariodeloeste.com\\\/noticias\\\/?s={search_term_string}\"},\"query-input\":{\"@type\":\"PropertyValueSpecification\",\"valueRequired\":true,\"valueName\":\"search_term_string\"}}],\"inLanguage\":\"es-AR\"},{\"@type\":\"Organization\",\"@id\":\"https:\\\/\\\/diariodeloeste.com\\\/noticias\\\/#organization\",\"name\":\"Diario del Oeste\",\"url\":\"https:\\\/\\\/diariodeloeste.com\\\/noticias\\\/\",\"logo\":{\"@type\":\"ImageObject\",\"inLanguage\":\"es-AR\",\"@id\":\"https:\\\/\\\/diariodeloeste.com\\\/noticias\\\/#\\\/schema\\\/logo\\\/image\\\/\",\"url\":\"https:\\\/\\\/diariodeloeste.com\\\/noticias\\\/wp-content\\\/uploads\\\/2019\\\/04\\\/logo.png\",\"contentUrl\":\"https:\\\/\\\/diariodeloeste.com\\\/noticias\\\/wp-content\\\/uploads\\\/2019\\\/04\\\/logo.png\",\"width\":306,\"height\":145,\"caption\":\"Diario del Oeste\"},\"image\":{\"@id\":\"https:\\\/\\\/diariodeloeste.com\\\/noticias\\\/#\\\/schema\\\/logo\\\/image\\\/\"}},{\"@type\":\"Person\",\"@id\":\"https:\\\/\\\/diariodeloeste.com\\\/noticias\\\/#\\\/schema\\\/person\\\/1f7be965f8c093432e1cbfcee0ac4047\",\"name\":\"Redaccion\",\"image\":{\"@type\":\"ImageObject\",\"inLanguage\":\"es-AR\",\"@id\":\"https:\\\/\\\/secure.gravatar.com\\\/avatar\\\/f9bc3a12e26b32d818d88f9a5b61de20b559752e499df507efa7ea3cea0550ef?s=96&d=mm&r=g\",\"url\":\"https:\\\/\\\/secure.gravatar.com\\\/avatar\\\/f9bc3a12e26b32d818d88f9a5b61de20b559752e499df507efa7ea3cea0550ef?s=96&d=mm&r=g\",\"contentUrl\":\"https:\\\/\\\/secure.gravatar.com\\\/avatar\\\/f9bc3a12e26b32d818d88f9a5b61de20b559752e499df507efa7ea3cea0550ef?s=96&d=mm&r=g\",\"caption\":\"Redaccion\"},\"url\":\"https:\\\/\\\/diariodeloeste.com\\\/noticias\\\/author\\\/redaccion\\\/\"}]}<\/script>\n<!-- \/ Yoast SEO plugin. -->","yoast_head_json":{"title":"Boca Juniors y los clubes de barrio: Ameal recibi\u00f3 a Vivona - Diario del Oeste","robots":{"index":"index","follow":"follow","max-snippet":"max-snippet:-1","max-image-preview":"max-image-preview:large","max-video-preview":"max-video-preview:-1"},"canonical":"https:\/\/diariodeloeste.com\/noticias\/2020\/01\/15\/boca-juniors-y-los-clubes-de-barrio-ameal-recibio-a-vivona\/","og_locale":"es_ES","og_type":"article","og_title":"Boca Juniors y los clubes de barrio: Ameal recibi\u00f3 a Vivona - Diario del Oeste","og_description":"Boca Juniors y los clubes de barrio: Ameal recibi\u00f3 a Vivona &nbsp; Boca Juniors y los clubes de barrio: Ameal recibi\u00f3 a Vivona El presidente del Club Atl\u00e9tico Boca Juniors se reuni\u00f3 con el senador provincial en la nueva mirada que plantea la dirigencia con la comunidad bonaerense.&nbsp; El encuentro fue en la Bombonera y [&hellip;]","og_url":"https:\/\/diariodeloeste.com\/noticias\/2020\/01\/15\/boca-juniors-y-los-clubes-de-barrio-ameal-recibio-a-vivona\/","og_site_name":"Diario del Oeste","article_published_time":"2020-01-15T18:09:43+00:00","og_image":[{"width":960,"height":1280,"url":"https:\/\/diariodeloeste.com\/noticias\/wp-content\/uploads\/2020\/01\/1579111752581_WhatsApp-Image-2020-01-15-at-11.13.19-1.jpeg","type":"image\/jpeg"}],"author":"Redaccion","twitter_card":"summary_large_image","twitter_misc":{"Escrito por":"Redaccion","Tiempo de lectura":"1 minuto"},"schema":{"@context":"https:\/\/schema.org","@graph":[{"@type":"Article","@id":"https:\/\/diariodeloeste.com\/noticias\/2020\/01\/15\/boca-juniors-y-los-clubes-de-barrio-ameal-recibio-a-vivona\/#article","isPartOf":{"@id":"https:\/\/diariodeloeste.com\/noticias\/2020\/01\/15\/boca-juniors-y-los-clubes-de-barrio-ameal-recibio-a-vivona\/"},"author":{"name":"Redaccion","@id":"https:\/\/diariodeloeste.com\/noticias\/#\/schema\/person\/1f7be965f8c093432e1cbfcee0ac4047"},"headline":"Boca Juniors y los clubes de barrio: Ameal recibi\u00f3 a Vivona","datePublished":"2020-01-15T18:09:43+00:00","mainEntityOfPage":{"@id":"https:\/\/diariodeloeste.com\/noticias\/2020\/01\/15\/boca-juniors-y-los-clubes-de-barrio-ameal-recibio-a-vivona\/"},"wordCount":158,"publisher":{"@id":"https:\/\/diariodeloeste.com\/noticias\/#organization"},"image":{"@id":"https:\/\/diariodeloeste.com\/noticias\/2020\/01\/15\/boca-juniors-y-los-clubes-de-barrio-ameal-recibio-a-vivona\/#primaryimage"},"thumbnailUrl":"https:\/\/diariodeloeste.com\/noticias\/wp-content\/uploads\/2020\/01\/1579111752581_WhatsApp-Image-2020-01-15-at-11.13.19-1.jpeg","articleSection":["Deportes","Titulares"],"inLanguage":"es-AR"},{"@type":"WebPage","@id":"https:\/\/diariodeloeste.com\/noticias\/2020\/01\/15\/boca-juniors-y-los-clubes-de-barrio-ameal-recibio-a-vivona\/","url":"https:\/\/diariodeloeste.com\/noticias\/2020\/01\/15\/boca-juniors-y-los-clubes-de-barrio-ameal-recibio-a-vivona\/","name":"Boca Juniors y los clubes de barrio: Ameal recibi\u00f3 a Vivona - Diario del Oeste","isPartOf":{"@id":"https:\/\/diariodeloeste.com\/noticias\/#website"},"primaryImageOfPage":{"@id":"https:\/\/diariodeloeste.com\/noticias\/2020\/01\/15\/boca-juniors-y-los-clubes-de-barrio-ameal-recibio-a-vivona\/#primaryimage"},"image":{"@id":"https:\/\/diariodeloeste.com\/noticias\/2020\/01\/15\/boca-juniors-y-los-clubes-de-barrio-ameal-recibio-a-vivona\/#primaryimage"},"thumbnailUrl":"https:\/\/diariodeloeste.com\/noticias\/wp-content\/uploads\/2020\/01\/1579111752581_WhatsApp-Image-2020-01-15-at-11.13.19-1.jpeg","datePublished":"2020-01-15T18:09:43+00:00","breadcrumb":{"@id":"https:\/\/diariodeloeste.com\/noticias\/2020\/01\/15\/boca-juniors-y-los-clubes-de-barrio-ameal-recibio-a-vivona\/#breadcrumb"},"inLanguage":"es-AR","potentialAction":[{"@type":"ReadAction","target":["https:\/\/diariodeloeste.com\/noticias\/2020\/01\/15\/boca-juniors-y-los-clubes-de-barrio-ameal-recibio-a-vivona\/"]}]},{"@type":"ImageObject","inLanguage":"es-AR","@id":"https:\/\/diariodeloeste.com\/noticias\/2020\/01\/15\/boca-juniors-y-los-clubes-de-barrio-ameal-recibio-a-vivona\/#primaryimage","url":"https:\/\/diariodeloeste.com\/noticias\/wp-content\/uploads\/2020\/01\/1579111752581_WhatsApp-Image-2020-01-15-at-11.13.19-1.jpeg","contentUrl":"https:\/\/diariodeloeste.com\/noticias\/wp-content\/uploads\/2020\/01\/1579111752581_WhatsApp-Image-2020-01-15-at-11.13.19-1.jpeg","width":960,"height":1280},{"@type":"BreadcrumbList","@id":"https:\/\/diariodeloeste.com\/noticias\/2020\/01\/15\/boca-juniors-y-los-clubes-de-barrio-ameal-recibio-a-vivona\/#breadcrumb","itemListElement":[{"@type":"ListItem","position":1,"name":"Inicio","item":"https:\/\/diariodeloeste.com\/noticias\/"},{"@type":"ListItem","position":2,"name":"Boca Juniors y los clubes de barrio: Ameal recibi\u00f3 a Vivona"}]},{"@type":"WebSite","@id":"https:\/\/diariodeloeste.com\/noticias\/#website","url":"https:\/\/diariodeloeste.com\/noticias\/","name":"Diario del Oeste","description":"Noticias del Oeste","publisher":{"@id":"https:\/\/diariodeloeste.com\/noticias\/#organization"},"potentialAction":[{"@type":"SearchAction","target":{"@type":"EntryPoint","urlTemplate":"https:\/\/diariodeloeste.com\/noticias\/?s={search_term_string}"},"query-input":{"@type":"PropertyValueSpecification","valueRequired":true,"valueName":"search_term_string"}}],"inLanguage":"es-AR"},{"@type":"Organization","@id":"https:\/\/diariodeloeste.com\/noticias\/#organization","name":"Diario del Oeste","url":"https:\/\/diariodeloeste.com\/noticias\/","logo":{"@type":"ImageObject","inLanguage":"es-AR","@id":"https:\/\/diariodeloeste.com\/noticias\/#\/schema\/logo\/image\/","url":"https:\/\/diariodeloeste.com\/noticias\/wp-content\/uploads\/2019\/04\/logo.png","contentUrl":"https:\/\/diariodeloeste.com\/noticias\/wp-content\/uploads\/2019\/04\/logo.png","width":306,"height":145,"caption":"Diario del Oeste"},"image":{"@id":"https:\/\/diariodeloeste.com\/noticias\/#\/schema\/logo\/image\/"}},{"@type":"Person","@id":"https:\/\/diariodeloeste.com\/noticias\/#\/schema\/person\/1f7be965f8c093432e1cbfcee0ac4047","name":"Redaccion","image":{"@type":"ImageObject","inLanguage":"es-AR","@id":"https:\/\/secure.gravatar.com\/avatar\/f9bc3a12e26b32d818d88f9a5b61de20b559752e499df507efa7ea3cea0550ef?s=96&d=mm&r=g","url":"https:\/\/secure.gravatar.com\/avatar\/f9bc3a12e26b32d818d88f9a5b61de20b559752e499df507efa7ea3cea0550ef?s=96&d=mm&r=g","contentUrl":"https:\/\/secure.gravatar.com\/avatar\/f9bc3a12e26b32d818d88f9a5b61de20b559752e499df507efa7ea3cea0550ef?s=96&d=mm&r=g","caption":"Redaccion"},"url":"https:\/\/diariodeloeste.com\/noticias\/author\/redaccion\/"}]}},"_links":{"self":[{"href":"https:\/\/diariodeloeste.com\/noticias\/wp-json\/wp\/v2\/posts\/6368","targetHints":{"allow":["GET"]}}],"collection":[{"href":"https:\/\/diariodeloeste.com\/noticias\/wp-json\/wp\/v2\/posts"}],"about":[{"href":"https:\/\/diariodeloeste.com\/noticias\/wp-json\/wp\/v2\/types\/post"}],"author":[{"embeddable":true,"href":"https:\/\/diariodeloeste.com\/noticias\/wp-json\/wp\/v2\/users\/3"}],"replies":[{"embeddable":true,"href":"https:\/\/diariodeloeste.com\/noticias\/wp-json\/wp\/v2\/comments?post=6368"}],"version-history":[{"count":1,"href":"https:\/\/diariodeloeste.com\/noticias\/wp-json\/wp\/v2\/posts\/6368\/revisions"}],"predecessor-version":[{"id":6370,"href":"https:\/\/diariodeloeste.com\/noticias\/wp-json\/wp\/v2\/posts\/6368\/revisions\/6370"}],"wp:featuredmedia":[{"embeddable":true,"href":"https:\/\/diariodeloeste.com\/noticias\/wp-json\/wp\/v2\/media\/6369"}],"wp:attachment":[{"href":"https:\/\/diariodeloeste.com\/noticias\/wp-json\/wp\/v2\/media?parent=6368"}],"wp:term":[{"taxonomy":"category","embeddable":true,"href":"https:\/\/diariodeloeste.com\/noticias\/wp-json\/wp\/v2\/categories?post=6368"},{"taxonomy":"post_tag","embeddable":true,"href":"https:\/\/diariodeloeste.com\/noticias\/wp-json\/wp\/v2\/tags?post=6368"}],"curies":[{"name":"wp","href":"https:\/\/api.w.org\/{rel}","templated":true}]}}