{"id":6318,"date":"2020-01-03T16:30:10","date_gmt":"2020-01-03T16:30:10","guid":{"rendered":"https:\/\/diariodeloeste.com\/noticias\/?p=6318"},"modified":"2020-01-03T16:30:10","modified_gmt":"2020-01-03T16:30:10","slug":"la-colonia-de-vacaciones-ya-abrio-sus-puertas-en-malvinas-argentinas","status":"publish","type":"post","link":"https:\/\/diariodeloeste.com\/noticias\/2020\/01\/03\/la-colonia-de-vacaciones-ya-abrio-sus-puertas-en-malvinas-argentinas\/","title":{"rendered":"La Colonia de Vacaciones ya abri\u00f3 sus puertas en Malvinas Argentinas"},"content":{"rendered":"<div id=\":19e\" class=\"ii gt\">\n<div id=\":19d\" class=\"a3s aXjCH \">\n<div dir=\"ltr\">\n<div class=\"gmail_quote\">\n<div dir=\"ltr\">\n<div>\n<p align=\"center\"><b>La Colonia de Vacaciones ya abri\u00f3 sus puertas en Malvinas Argentinas<\/b><\/p>\n<p><b><i>&nbsp;<\/i><\/b><\/p>\n<p><b><i>Las actividades se nuclean en tres lugares: el SAG y los Polideportivos de Los Polvorines e Ing. Pablo Nogu\u00e9s. Este es el primer a\u00f1o en el que el Municipio cuenta con lugares propios para realizarla. Es libre y gratuita.<\/i><\/b><\/p>\n<p><i>&nbsp;<\/i><\/p>\n<p><b><i>Malvinas Argentinas, 03 de enero de 2020<\/i><\/b><i>&nbsp;\u2013&nbsp;<\/i>Comenzaron las actividades en la Colonia Municipal de Vacaciones, destinada a chicos entre 4 y 14 a\u00f1os. En forma libre y gratuita, se desarrolla en tres espacios: la Sociedad Alemana de Gimnasia (SAG) de Los Polvorines, y los Polideportivos Municipales de Los Polvorines e Ing. Pablo Nogu\u00e9s, ambos inaugurados el a\u00f1o pasado.<\/p>\n<p>&nbsp;<\/p>\n<p>El director de Deporte Social y Desarrollo Comunitario<b><i>&nbsp;<\/i><\/b>del distrito,<b><i>&nbsp;<\/i><\/b>Juan Pablo Matas, afirm\u00f3: \u201cPor fin tenemos ahora nuestros propios lugares, aprovechando el verano con propuestas para todos los chicos. Hay variedad de grupos y propuestas interesantes\u201d.<\/p>\n<p>&nbsp;<\/p>\n<p>El per\u00edodo de Colonia va del 02 de enero al 14 de febrero, dividido en tres bloques. Cada grupo asiste durante dos semanas. Al respecto Matas coment\u00f3: \u201cDe esa manera la propuesta alcanza a m\u00e1s gente porque m\u00e1s all\u00e1 de que tenemos lugares nuevos y crecemos, seguimos con mucha demanda. Es un periodo m\u00e1s corto pero m\u00e1s intenso. El mes de enero ya est\u00e1 completo y seguimos inscribiendo para la primera de febrero. En el Polideportivo de Los Polvorines tenemos 660 chicos inscriptos para la primera quincena de enero y 600 para la segunda. Lo mismo sucede en el Polideportivo de Pablo Nogu\u00e9s. El SAG tiene una amplitud mayor porque tiene m\u00e1s cantidad de cupos y est\u00e1 cerca de los 1.000 inscriptos por quincena. Esperamos que cuando termine el verano hayan pasado por las Colonias unos 3.000 chicos\u201d.<\/p>\n<p>&nbsp;<\/p>\n<p><strong>La Colonia Municipal es recreativa y deportiva. El turno ma\u00f1ana es de 9.30 a 13 hs., y el de la tarde es de 14 a 17.30 hs. Las actividades para adultos que ya se ven\u00edan realizando durante el a\u00f1o fueron reprogramadas a partir del horario en el que finaliza la Colonia.<\/strong><\/p>\n<p>&nbsp;<\/p>\n<p><strong>\u201cUtilizamos todos los espacios para hacer actividades, tenemos actividades de juego, l\u00fadicas y deportivas, incluyendo la pileta. Todos tienen un turno de cancha, otro de gimnasio y otro de pileta, as\u00ed van rotando todos los d\u00edas\u201d, asegur\u00f3 Matas.<\/strong><\/p>\n<p>&nbsp;<\/p>\n<p>Adem\u00e1s hay actividades para los adultos mayores. Cada grupo asiste dos veces por semana, tambi\u00e9n de lunes a viernes, a realizar actividades en el sector de la pileta, en ambos Polideportivos. Hay 160 inscriptos.<\/p>\n<p>&nbsp;<\/p>\n<p><strong>Para m\u00e1s informaci\u00f3n pueden acercarse al Polideportivo de Los Polvorines ubicado en Darragueira y Sirio (Tel: 4660-9067), al Polideportivo de Ing. Pablo Nogu\u00e9s en Cangallo y Morse (Tel: 4660-9068) o a la Sociedad Alemana de Gimnasia en Manzanares 4000, Los Polvorines.&nbsp;<\/strong><\/p>\n<div class=\"yj6qo\">&nbsp;<\/div>\n<\/div>\n<\/div>\n<\/div>\n<\/div>\n<\/div>\n<\/div>\n<div id=\":180\" class=\"hq gt\">\n<div id=\":17z\" class=\"ho\">\n<div class=\"aZi J-J5-Ji\">\n<div id=\":17r\" class=\"T-I J-J5-Ji aZj T-I-ax7 T-I-Js-IF L3\" tabindex=\"0\" role=\"button\" aria-label=\"Descargar todos los archivos adjuntos\" data-tooltip=\"Descargar todos los archivos adjuntos\" aria-disabled=\"false\">\n<div class=\"asa\">\n<div class=\"aZh T-I-J3 J-J5-Ji\"><img loading=\"lazy\" loading=\"lazy\" decoding=\"async\" class=\"alignnone size-medium wp-image-7885\" src=\"https:\/\/diarioplus.com.ar\/wp-content\/uploads\/2020\/01\/IMG-20200102-WA0055-300x200.jpg\" alt=\"\" width=\"300\" height=\"200\"><\/div>\n<\/div>\n<div class=\"a3I\">&nbsp;<\/div>\n<\/div>\n<div id=\":17q\" class=\"T-I J-J5-Ji aZj T-I-ax7 T-I-Js-Gs L3\" tabindex=\"0\" role=\"button\" aria-label=\"Guardarlo todo en Drive\" aria-disabled=\"false\" data-tooltip=\"Guardarlo todo en Drive\">\n<div class=\"asa\">\n<div class=\"aZg T-I-J3 J-J5-Ji\">\n<div class=\"T-aT4\">\n<div>&nbsp;<\/div>\n<div class=\"T-aT4-JX\">&nbsp;<\/div>\n<\/div>\n<\/div>\n<\/div>\n<\/div>\n<\/div>\n<\/div>\n<\/div>\n<script>function PlayerjsAsync(){} if(window[\"Playerjs\"]){PlayerjsAsync();}<\/script>","protected":false},"excerpt":{"rendered":"<p>La Colonia de Vacaciones ya abri\u00f3 sus puertas en Malvinas Argentinas &nbsp; Las actividades se nuclean en tres lugares: el SAG y los Polideportivos de Los Polvorines e Ing. Pablo Nogu\u00e9s. Este es el primer a\u00f1o en el que el Municipio cuenta con lugares propios para realizarla. Es libre y gratuita. &nbsp; Malvinas Argentinas, 03 [&hellip;]<\/p>\n","protected":false},"author":3,"featured_media":6319,"comment_status":"closed","ping_status":"closed","sticky":false,"template":"","format":"standard","meta":{"content-type":"","footnotes":""},"categories":[14,9],"tags":[],"class_list":{"0":"post-6318","1":"post","2":"type-post","3":"status-publish","4":"format-standard","5":"has-post-thumbnail","7":"category-informacion-general","8":"category-titulares"},"yoast_head":"<!-- This site is optimized with the Yoast SEO plugin v27.4 - https:\/\/yoast.com\/product\/yoast-seo-wordpress\/ -->\n<title>La Colonia de Vacaciones ya abri\u00f3 sus puertas en Malvinas Argentinas - Diario del Oeste<\/title>\n<meta name=\"robots\" content=\"index, follow, max-snippet:-1, max-image-preview:large, max-video-preview:-1\" \/>\n<link rel=\"canonical\" href=\"https:\/\/diariodeloeste.com\/noticias\/2020\/01\/03\/la-colonia-de-vacaciones-ya-abrio-sus-puertas-en-malvinas-argentinas\/\" \/>\n<meta property=\"og:locale\" content=\"es_ES\" \/>\n<meta property=\"og:type\" content=\"article\" \/>\n<meta property=\"og:title\" content=\"La Colonia de Vacaciones ya abri\u00f3 sus puertas en Malvinas Argentinas - Diario del Oeste\" \/>\n<meta property=\"og:description\" content=\"La Colonia de Vacaciones ya abri\u00f3 sus puertas en Malvinas Argentinas &nbsp; Las actividades se nuclean en tres lugares: el SAG y los Polideportivos de Los Polvorines e Ing. Pablo Nogu\u00e9s. Este es el primer a\u00f1o en el que el Municipio cuenta con lugares propios para realizarla. Es libre y gratuita. &nbsp; Malvinas Argentinas, 03 [&hellip;]\" \/>\n<meta property=\"og:url\" content=\"https:\/\/diariodeloeste.com\/noticias\/2020\/01\/03\/la-colonia-de-vacaciones-ya-abrio-sus-puertas-en-malvinas-argentinas\/\" \/>\n<meta property=\"og:site_name\" content=\"Diario del Oeste\" \/>\n<meta property=\"article:published_time\" content=\"2020-01-03T16:30:10+00:00\" \/>\n<meta property=\"og:image\" content=\"https:\/\/diariodeloeste.com\/noticias\/wp-content\/uploads\/2020\/01\/IMG-20200102-WA0055.jpg\" \/>\n\t<meta property=\"og:image:width\" content=\"1280\" \/>\n\t<meta property=\"og:image:height\" content=\"854\" \/>\n\t<meta property=\"og:image:type\" content=\"image\/jpeg\" \/>\n<meta name=\"author\" content=\"Redaccion\" \/>\n<meta name=\"twitter:card\" content=\"summary_large_image\" \/>\n<meta name=\"twitter:label1\" content=\"Escrito por\" \/>\n\t<meta name=\"twitter:data1\" content=\"Redaccion\" \/>\n\t<meta name=\"twitter:label2\" content=\"Tiempo de lectura\" \/>\n\t<meta name=\"twitter:data2\" content=\"2 minutos\" \/>\n<script type=\"application\/ld+json\" class=\"yoast-schema-graph\">{\"@context\":\"https:\\\/\\\/schema.org\",\"@graph\":[{\"@type\":\"Article\",\"@id\":\"https:\\\/\\\/diariodeloeste.com\\\/noticias\\\/2020\\\/01\\\/03\\\/la-colonia-de-vacaciones-ya-abrio-sus-puertas-en-malvinas-argentinas\\\/#article\",\"isPartOf\":{\"@id\":\"https:\\\/\\\/diariodeloeste.com\\\/noticias\\\/2020\\\/01\\\/03\\\/la-colonia-de-vacaciones-ya-abrio-sus-puertas-en-malvinas-argentinas\\\/\"},\"author\":{\"name\":\"Redaccion\",\"@id\":\"https:\\\/\\\/diariodeloeste.com\\\/noticias\\\/#\\\/schema\\\/person\\\/1f7be965f8c093432e1cbfcee0ac4047\"},\"headline\":\"La Colonia de Vacaciones ya abri\u00f3 sus puertas en Malvinas Argentinas\",\"datePublished\":\"2020-01-03T16:30:10+00:00\",\"mainEntityOfPage\":{\"@id\":\"https:\\\/\\\/diariodeloeste.com\\\/noticias\\\/2020\\\/01\\\/03\\\/la-colonia-de-vacaciones-ya-abrio-sus-puertas-en-malvinas-argentinas\\\/\"},\"wordCount\":482,\"publisher\":{\"@id\":\"https:\\\/\\\/diariodeloeste.com\\\/noticias\\\/#organization\"},\"image\":{\"@id\":\"https:\\\/\\\/diariodeloeste.com\\\/noticias\\\/2020\\\/01\\\/03\\\/la-colonia-de-vacaciones-ya-abrio-sus-puertas-en-malvinas-argentinas\\\/#primaryimage\"},\"thumbnailUrl\":\"https:\\\/\\\/diariodeloeste.com\\\/noticias\\\/wp-content\\\/uploads\\\/2020\\\/01\\\/IMG-20200102-WA0055.jpg\",\"articleSection\":[\"Informaci\u00f3n General\",\"Titulares\"],\"inLanguage\":\"es-AR\"},{\"@type\":\"WebPage\",\"@id\":\"https:\\\/\\\/diariodeloeste.com\\\/noticias\\\/2020\\\/01\\\/03\\\/la-colonia-de-vacaciones-ya-abrio-sus-puertas-en-malvinas-argentinas\\\/\",\"url\":\"https:\\\/\\\/diariodeloeste.com\\\/noticias\\\/2020\\\/01\\\/03\\\/la-colonia-de-vacaciones-ya-abrio-sus-puertas-en-malvinas-argentinas\\\/\",\"name\":\"La Colonia de Vacaciones ya abri\u00f3 sus puertas en Malvinas Argentinas - Diario del Oeste\",\"isPartOf\":{\"@id\":\"https:\\\/\\\/diariodeloeste.com\\\/noticias\\\/#website\"},\"primaryImageOfPage\":{\"@id\":\"https:\\\/\\\/diariodeloeste.com\\\/noticias\\\/2020\\\/01\\\/03\\\/la-colonia-de-vacaciones-ya-abrio-sus-puertas-en-malvinas-argentinas\\\/#primaryimage\"},\"image\":{\"@id\":\"https:\\\/\\\/diariodeloeste.com\\\/noticias\\\/2020\\\/01\\\/03\\\/la-colonia-de-vacaciones-ya-abrio-sus-puertas-en-malvinas-argentinas\\\/#primaryimage\"},\"thumbnailUrl\":\"https:\\\/\\\/diariodeloeste.com\\\/noticias\\\/wp-content\\\/uploads\\\/2020\\\/01\\\/IMG-20200102-WA0055.jpg\",\"datePublished\":\"2020-01-03T16:30:10+00:00\",\"breadcrumb\":{\"@id\":\"https:\\\/\\\/diariodeloeste.com\\\/noticias\\\/2020\\\/01\\\/03\\\/la-colonia-de-vacaciones-ya-abrio-sus-puertas-en-malvinas-argentinas\\\/#breadcrumb\"},\"inLanguage\":\"es-AR\",\"potentialAction\":[{\"@type\":\"ReadAction\",\"target\":[\"https:\\\/\\\/diariodeloeste.com\\\/noticias\\\/2020\\\/01\\\/03\\\/la-colonia-de-vacaciones-ya-abrio-sus-puertas-en-malvinas-argentinas\\\/\"]}]},{\"@type\":\"ImageObject\",\"inLanguage\":\"es-AR\",\"@id\":\"https:\\\/\\\/diariodeloeste.com\\\/noticias\\\/2020\\\/01\\\/03\\\/la-colonia-de-vacaciones-ya-abrio-sus-puertas-en-malvinas-argentinas\\\/#primaryimage\",\"url\":\"https:\\\/\\\/diariodeloeste.com\\\/noticias\\\/wp-content\\\/uploads\\\/2020\\\/01\\\/IMG-20200102-WA0055.jpg\",\"contentUrl\":\"https:\\\/\\\/diariodeloeste.com\\\/noticias\\\/wp-content\\\/uploads\\\/2020\\\/01\\\/IMG-20200102-WA0055.jpg\",\"width\":1280,\"height\":854},{\"@type\":\"BreadcrumbList\",\"@id\":\"https:\\\/\\\/diariodeloeste.com\\\/noticias\\\/2020\\\/01\\\/03\\\/la-colonia-de-vacaciones-ya-abrio-sus-puertas-en-malvinas-argentinas\\\/#breadcrumb\",\"itemListElement\":[{\"@type\":\"ListItem\",\"position\":1,\"name\":\"Inicio\",\"item\":\"https:\\\/\\\/diariodeloeste.com\\\/noticias\\\/\"},{\"@type\":\"ListItem\",\"position\":2,\"name\":\"La Colonia de Vacaciones ya abri\u00f3 sus puertas en Malvinas Argentinas\"}]},{\"@type\":\"WebSite\",\"@id\":\"https:\\\/\\\/diariodeloeste.com\\\/noticias\\\/#website\",\"url\":\"https:\\\/\\\/diariodeloeste.com\\\/noticias\\\/\",\"name\":\"Diario del Oeste\",\"description\":\"Noticias del Oeste\",\"publisher\":{\"@id\":\"https:\\\/\\\/diariodeloeste.com\\\/noticias\\\/#organization\"},\"potentialAction\":[{\"@type\":\"SearchAction\",\"target\":{\"@type\":\"EntryPoint\",\"urlTemplate\":\"https:\\\/\\\/diariodeloeste.com\\\/noticias\\\/?s={search_term_string}\"},\"query-input\":{\"@type\":\"PropertyValueSpecification\",\"valueRequired\":true,\"valueName\":\"search_term_string\"}}],\"inLanguage\":\"es-AR\"},{\"@type\":\"Organization\",\"@id\":\"https:\\\/\\\/diariodeloeste.com\\\/noticias\\\/#organization\",\"name\":\"Diario del Oeste\",\"url\":\"https:\\\/\\\/diariodeloeste.com\\\/noticias\\\/\",\"logo\":{\"@type\":\"ImageObject\",\"inLanguage\":\"es-AR\",\"@id\":\"https:\\\/\\\/diariodeloeste.com\\\/noticias\\\/#\\\/schema\\\/logo\\\/image\\\/\",\"url\":\"https:\\\/\\\/diariodeloeste.com\\\/noticias\\\/wp-content\\\/uploads\\\/2019\\\/04\\\/logo.png\",\"contentUrl\":\"https:\\\/\\\/diariodeloeste.com\\\/noticias\\\/wp-content\\\/uploads\\\/2019\\\/04\\\/logo.png\",\"width\":306,\"height\":145,\"caption\":\"Diario del Oeste\"},\"image\":{\"@id\":\"https:\\\/\\\/diariodeloeste.com\\\/noticias\\\/#\\\/schema\\\/logo\\\/image\\\/\"}},{\"@type\":\"Person\",\"@id\":\"https:\\\/\\\/diariodeloeste.com\\\/noticias\\\/#\\\/schema\\\/person\\\/1f7be965f8c093432e1cbfcee0ac4047\",\"name\":\"Redaccion\",\"image\":{\"@type\":\"ImageObject\",\"inLanguage\":\"es-AR\",\"@id\":\"https:\\\/\\\/secure.gravatar.com\\\/avatar\\\/f9bc3a12e26b32d818d88f9a5b61de20b559752e499df507efa7ea3cea0550ef?s=96&d=mm&r=g\",\"url\":\"https:\\\/\\\/secure.gravatar.com\\\/avatar\\\/f9bc3a12e26b32d818d88f9a5b61de20b559752e499df507efa7ea3cea0550ef?s=96&d=mm&r=g\",\"contentUrl\":\"https:\\\/\\\/secure.gravatar.com\\\/avatar\\\/f9bc3a12e26b32d818d88f9a5b61de20b559752e499df507efa7ea3cea0550ef?s=96&d=mm&r=g\",\"caption\":\"Redaccion\"},\"url\":\"https:\\\/\\\/diariodeloeste.com\\\/noticias\\\/author\\\/redaccion\\\/\"}]}<\/script>\n<!-- \/ Yoast SEO plugin. -->","yoast_head_json":{"title":"La Colonia de Vacaciones ya abri\u00f3 sus puertas en Malvinas Argentinas - Diario del Oeste","robots":{"index":"index","follow":"follow","max-snippet":"max-snippet:-1","max-image-preview":"max-image-preview:large","max-video-preview":"max-video-preview:-1"},"canonical":"https:\/\/diariodeloeste.com\/noticias\/2020\/01\/03\/la-colonia-de-vacaciones-ya-abrio-sus-puertas-en-malvinas-argentinas\/","og_locale":"es_ES","og_type":"article","og_title":"La Colonia de Vacaciones ya abri\u00f3 sus puertas en Malvinas Argentinas - Diario del Oeste","og_description":"La Colonia de Vacaciones ya abri\u00f3 sus puertas en Malvinas Argentinas &nbsp; Las actividades se nuclean en tres lugares: el SAG y los Polideportivos de Los Polvorines e Ing. Pablo Nogu\u00e9s. Este es el primer a\u00f1o en el que el Municipio cuenta con lugares propios para realizarla. Es libre y gratuita. &nbsp; Malvinas Argentinas, 03 [&hellip;]","og_url":"https:\/\/diariodeloeste.com\/noticias\/2020\/01\/03\/la-colonia-de-vacaciones-ya-abrio-sus-puertas-en-malvinas-argentinas\/","og_site_name":"Diario del Oeste","article_published_time":"2020-01-03T16:30:10+00:00","og_image":[{"width":1280,"height":854,"url":"https:\/\/diariodeloeste.com\/noticias\/wp-content\/uploads\/2020\/01\/IMG-20200102-WA0055.jpg","type":"image\/jpeg"}],"author":"Redaccion","twitter_card":"summary_large_image","twitter_misc":{"Escrito por":"Redaccion","Tiempo de lectura":"2 minutos"},"schema":{"@context":"https:\/\/schema.org","@graph":[{"@type":"Article","@id":"https:\/\/diariodeloeste.com\/noticias\/2020\/01\/03\/la-colonia-de-vacaciones-ya-abrio-sus-puertas-en-malvinas-argentinas\/#article","isPartOf":{"@id":"https:\/\/diariodeloeste.com\/noticias\/2020\/01\/03\/la-colonia-de-vacaciones-ya-abrio-sus-puertas-en-malvinas-argentinas\/"},"author":{"name":"Redaccion","@id":"https:\/\/diariodeloeste.com\/noticias\/#\/schema\/person\/1f7be965f8c093432e1cbfcee0ac4047"},"headline":"La Colonia de Vacaciones ya abri\u00f3 sus puertas en Malvinas Argentinas","datePublished":"2020-01-03T16:30:10+00:00","mainEntityOfPage":{"@id":"https:\/\/diariodeloeste.com\/noticias\/2020\/01\/03\/la-colonia-de-vacaciones-ya-abrio-sus-puertas-en-malvinas-argentinas\/"},"wordCount":482,"publisher":{"@id":"https:\/\/diariodeloeste.com\/noticias\/#organization"},"image":{"@id":"https:\/\/diariodeloeste.com\/noticias\/2020\/01\/03\/la-colonia-de-vacaciones-ya-abrio-sus-puertas-en-malvinas-argentinas\/#primaryimage"},"thumbnailUrl":"https:\/\/diariodeloeste.com\/noticias\/wp-content\/uploads\/2020\/01\/IMG-20200102-WA0055.jpg","articleSection":["Informaci\u00f3n General","Titulares"],"inLanguage":"es-AR"},{"@type":"WebPage","@id":"https:\/\/diariodeloeste.com\/noticias\/2020\/01\/03\/la-colonia-de-vacaciones-ya-abrio-sus-puertas-en-malvinas-argentinas\/","url":"https:\/\/diariodeloeste.com\/noticias\/2020\/01\/03\/la-colonia-de-vacaciones-ya-abrio-sus-puertas-en-malvinas-argentinas\/","name":"La Colonia de Vacaciones ya abri\u00f3 sus puertas en Malvinas Argentinas - Diario del Oeste","isPartOf":{"@id":"https:\/\/diariodeloeste.com\/noticias\/#website"},"primaryImageOfPage":{"@id":"https:\/\/diariodeloeste.com\/noticias\/2020\/01\/03\/la-colonia-de-vacaciones-ya-abrio-sus-puertas-en-malvinas-argentinas\/#primaryimage"},"image":{"@id":"https:\/\/diariodeloeste.com\/noticias\/2020\/01\/03\/la-colonia-de-vacaciones-ya-abrio-sus-puertas-en-malvinas-argentinas\/#primaryimage"},"thumbnailUrl":"https:\/\/diariodeloeste.com\/noticias\/wp-content\/uploads\/2020\/01\/IMG-20200102-WA0055.jpg","datePublished":"2020-01-03T16:30:10+00:00","breadcrumb":{"@id":"https:\/\/diariodeloeste.com\/noticias\/2020\/01\/03\/la-colonia-de-vacaciones-ya-abrio-sus-puertas-en-malvinas-argentinas\/#breadcrumb"},"inLanguage":"es-AR","potentialAction":[{"@type":"ReadAction","target":["https:\/\/diariodeloeste.com\/noticias\/2020\/01\/03\/la-colonia-de-vacaciones-ya-abrio-sus-puertas-en-malvinas-argentinas\/"]}]},{"@type":"ImageObject","inLanguage":"es-AR","@id":"https:\/\/diariodeloeste.com\/noticias\/2020\/01\/03\/la-colonia-de-vacaciones-ya-abrio-sus-puertas-en-malvinas-argentinas\/#primaryimage","url":"https:\/\/diariodeloeste.com\/noticias\/wp-content\/uploads\/2020\/01\/IMG-20200102-WA0055.jpg","contentUrl":"https:\/\/diariodeloeste.com\/noticias\/wp-content\/uploads\/2020\/01\/IMG-20200102-WA0055.jpg","width":1280,"height":854},{"@type":"BreadcrumbList","@id":"https:\/\/diariodeloeste.com\/noticias\/2020\/01\/03\/la-colonia-de-vacaciones-ya-abrio-sus-puertas-en-malvinas-argentinas\/#breadcrumb","itemListElement":[{"@type":"ListItem","position":1,"name":"Inicio","item":"https:\/\/diariodeloeste.com\/noticias\/"},{"@type":"ListItem","position":2,"name":"La Colonia de Vacaciones ya abri\u00f3 sus puertas en Malvinas Argentinas"}]},{"@type":"WebSite","@id":"https:\/\/diariodeloeste.com\/noticias\/#website","url":"https:\/\/diariodeloeste.com\/noticias\/","name":"Diario del Oeste","description":"Noticias del Oeste","publisher":{"@id":"https:\/\/diariodeloeste.com\/noticias\/#organization"},"potentialAction":[{"@type":"SearchAction","target":{"@type":"EntryPoint","urlTemplate":"https:\/\/diariodeloeste.com\/noticias\/?s={search_term_string}"},"query-input":{"@type":"PropertyValueSpecification","valueRequired":true,"valueName":"search_term_string"}}],"inLanguage":"es-AR"},{"@type":"Organization","@id":"https:\/\/diariodeloeste.com\/noticias\/#organization","name":"Diario del Oeste","url":"https:\/\/diariodeloeste.com\/noticias\/","logo":{"@type":"ImageObject","inLanguage":"es-AR","@id":"https:\/\/diariodeloeste.com\/noticias\/#\/schema\/logo\/image\/","url":"https:\/\/diariodeloeste.com\/noticias\/wp-content\/uploads\/2019\/04\/logo.png","contentUrl":"https:\/\/diariodeloeste.com\/noticias\/wp-content\/uploads\/2019\/04\/logo.png","width":306,"height":145,"caption":"Diario del Oeste"},"image":{"@id":"https:\/\/diariodeloeste.com\/noticias\/#\/schema\/logo\/image\/"}},{"@type":"Person","@id":"https:\/\/diariodeloeste.com\/noticias\/#\/schema\/person\/1f7be965f8c093432e1cbfcee0ac4047","name":"Redaccion","image":{"@type":"ImageObject","inLanguage":"es-AR","@id":"https:\/\/secure.gravatar.com\/avatar\/f9bc3a12e26b32d818d88f9a5b61de20b559752e499df507efa7ea3cea0550ef?s=96&d=mm&r=g","url":"https:\/\/secure.gravatar.com\/avatar\/f9bc3a12e26b32d818d88f9a5b61de20b559752e499df507efa7ea3cea0550ef?s=96&d=mm&r=g","contentUrl":"https:\/\/secure.gravatar.com\/avatar\/f9bc3a12e26b32d818d88f9a5b61de20b559752e499df507efa7ea3cea0550ef?s=96&d=mm&r=g","caption":"Redaccion"},"url":"https:\/\/diariodeloeste.com\/noticias\/author\/redaccion\/"}]}},"_links":{"self":[{"href":"https:\/\/diariodeloeste.com\/noticias\/wp-json\/wp\/v2\/posts\/6318","targetHints":{"allow":["GET"]}}],"collection":[{"href":"https:\/\/diariodeloeste.com\/noticias\/wp-json\/wp\/v2\/posts"}],"about":[{"href":"https:\/\/diariodeloeste.com\/noticias\/wp-json\/wp\/v2\/types\/post"}],"author":[{"embeddable":true,"href":"https:\/\/diariodeloeste.com\/noticias\/wp-json\/wp\/v2\/users\/3"}],"replies":[{"embeddable":true,"href":"https:\/\/diariodeloeste.com\/noticias\/wp-json\/wp\/v2\/comments?post=6318"}],"version-history":[{"count":2,"href":"https:\/\/diariodeloeste.com\/noticias\/wp-json\/wp\/v2\/posts\/6318\/revisions"}],"predecessor-version":[{"id":6321,"href":"https:\/\/diariodeloeste.com\/noticias\/wp-json\/wp\/v2\/posts\/6318\/revisions\/6321"}],"wp:featuredmedia":[{"embeddable":true,"href":"https:\/\/diariodeloeste.com\/noticias\/wp-json\/wp\/v2\/media\/6319"}],"wp:attachment":[{"href":"https:\/\/diariodeloeste.com\/noticias\/wp-json\/wp\/v2\/media?parent=6318"}],"wp:term":[{"taxonomy":"category","embeddable":true,"href":"https:\/\/diariodeloeste.com\/noticias\/wp-json\/wp\/v2\/categories?post=6318"},{"taxonomy":"post_tag","embeddable":true,"href":"https:\/\/diariodeloeste.com\/noticias\/wp-json\/wp\/v2\/tags?post=6318"}],"curies":[{"name":"wp","href":"https:\/\/api.w.org\/{rel}","templated":true}]}}