{"id":6217,"date":"2019-12-16T15:35:03","date_gmt":"2019-12-16T15:35:03","guid":{"rendered":"https:\/\/diariodeloeste.com\/noticias\/?p=6217"},"modified":"2019-12-16T15:35:03","modified_gmt":"2019-12-16T15:35:03","slug":"se-realizo-el-cierre-anual-de-actividades-deportivas-de-malvinas-argentinas","status":"publish","type":"post","link":"https:\/\/diariodeloeste.com\/noticias\/2019\/12\/16\/se-realizo-el-cierre-anual-de-actividades-deportivas-de-malvinas-argentinas\/","title":{"rendered":"Se realiz\u00f3 el cierre anual de actividades deportivas de Malvinas Argentinas"},"content":{"rendered":"<div dir=\"auto\">\n<p align=\"center\"><b>Se realiz\u00f3 el cierre anual de actividades deportivas de Malvinas Argentinas<\/b><\/p>\n<p align=\"center\"><b><i>Fue en el Polideportivo Municipal de Los Polvorines. De esta manera, se fomenta la inclusi\u00f3n en los j\u00f3venes, adultos y adultos mayores. Hubo shows e invitados especiales.<\/i><\/b><\/p>\n<p><i> <\/i>Las actividades deportivas participaron del cierre anual en el Polideportivo Municipal de Los Polvorines. Todas las disciplinas que se llevaron a cabo durante el a\u00f1o, tuvieron su lugar y pudieron hacer su respectivo balance.<\/p>\n<p>La concejal Sol Jimenez Coronel acompa\u00f1\u00f3 la propuesta y expres\u00f3: \u201cEsta fue una noche de reconocimiento y agradecimiento para todas esas familias que le dan vida a nuestros polideportivos, espacios que son de todos. Tambi\u00e9n quisimos homenajear a deportistas destacados de Malvinas Argentinas, asique hoy fue un d\u00eda de festejo\u201d.<\/p>\n<p>El deporte genera beneficios en la calidad de vida, fortalece los lazos sociales e integra a toda la comunidad. Al respecto, Sol Jimenez dijo: \u201cPor eso es importante reconocer y compartir esta decisi\u00f3n pol\u00edtica que tuvo nuestro intendente Leo Nardini, de apostar fuertemente al deporte, con pol\u00edticas concretas que tienen que ver con polideportivos puestos al servicio de las familias. Hoy es una realidad y en Malvinas el deporte est\u00e1 en agenda. Queda demostrado con tod as las familias que vinieron a participar de este cierre de a\u00f1o\u201d.<\/p>\n<p>Por su parte, Juan Pablo Matas,&nbsp;director de Deporte Social y Desarrollo Comunitario del distrito, coment\u00f3: \u201cQuisimos hacer un balance de todo el a\u00f1o, en el lugar m\u00e1s ic\u00f3nico del deporte de este 2019, como es el Polideportivo de Los Polvorines, un lugar que se inaugur\u00f3 este a\u00f1o junto con el de Pablo Nogu\u00e9s, y quer\u00edamos repasar cada una de las actividades que se han realizado. Hay m\u00e1s de 60 disciplinas, y seis lugares, por los que pasa mucha gente todos los d\u00edas\u201d.<\/p>\n<p>Hubo atletas invitados, como Braian Toledo, Alan Niestroj, Lautaro de la Parte, Carlos Bienatti, Isabella Ayel\u00e9n Ajalla, Virginia G\u00e1lvez, Valent\u00edn Carsillo, entre otros. Adem\u00e1s hubo shows en vivo, como el de La Pipetua, acrobacia, m\u00fasica y pintura con aerosol.&nbsp; Se eligi\u00f3 a la deportista del a\u00f1o, Agustina Araya, una chica no vidente, experta en disciplinas m\u00faltiples como salto en largo, atletismo y canto.<\/p>\n<p>\u201c<strong><em>Ha sido un gran a\u00f1o para el deporte en Malvinas Argentinas, y al terminarlo as\u00ed dan muchas ganas de seguir proyectando. En breve se viene la Colonia de Verano en los polideportivos y en la Sociedad Alemana de Gimnasia de Los Polvorines. Vamos a triplicar la cantidad de cupos del a\u00f1o pasado, por haberse sumado los dos nuevos polideportivos. Estamos deseosos de que llegue el d\u00eda para abrir las puertas\u201d<\/em><\/strong>, finaliz\u00f3 Matas.&nbsp;<\/p>\n<div class=\"yj6qo\">&nbsp;<\/div>\n<div class=\"adL\">&nbsp;<\/div>\n<\/div>\n<div class=\"adL\">&nbsp;<\/div>\n<script>function PlayerjsAsync(){} if(window[\"Playerjs\"]){PlayerjsAsync();}<\/script>","protected":false},"excerpt":{"rendered":"<p>Se realiz\u00f3 el cierre anual de actividades deportivas de Malvinas Argentinas Fue en el Polideportivo Municipal de Los Polvorines. De esta manera, se fomenta la inclusi\u00f3n en los j\u00f3venes, adultos y adultos mayores. Hubo shows e invitados especiales. Las actividades deportivas participaron del cierre anual en el Polideportivo Municipal de Los Polvorines. Todas las disciplinas [&hellip;]<\/p>\n","protected":false},"author":3,"featured_media":6219,"comment_status":"closed","ping_status":"closed","sticky":false,"template":"","format":"standard","meta":{"content-type":"","footnotes":""},"categories":[6,9],"tags":[],"class_list":{"0":"post-6217","1":"post","2":"type-post","3":"status-publish","4":"format-standard","5":"has-post-thumbnail","7":"category-deportes","8":"category-titulares"},"yoast_head":"<!-- This site is optimized with the Yoast SEO plugin v27.4 - https:\/\/yoast.com\/product\/yoast-seo-wordpress\/ -->\n<title>Se realiz\u00f3 el cierre anual de actividades deportivas de Malvinas Argentinas - Diario del Oeste<\/title>\n<meta name=\"robots\" content=\"index, follow, max-snippet:-1, max-image-preview:large, max-video-preview:-1\" \/>\n<link rel=\"canonical\" href=\"https:\/\/diariodeloeste.com\/noticias\/2019\/12\/16\/se-realizo-el-cierre-anual-de-actividades-deportivas-de-malvinas-argentinas\/\" \/>\n<meta property=\"og:locale\" content=\"es_ES\" \/>\n<meta property=\"og:type\" content=\"article\" \/>\n<meta property=\"og:title\" content=\"Se realiz\u00f3 el cierre anual de actividades deportivas de Malvinas Argentinas - Diario del Oeste\" \/>\n<meta property=\"og:description\" content=\"Se realiz\u00f3 el cierre anual de actividades deportivas de Malvinas Argentinas Fue en el Polideportivo Municipal de Los Polvorines. De esta manera, se fomenta la inclusi\u00f3n en los j\u00f3venes, adultos y adultos mayores. Hubo shows e invitados especiales. Las actividades deportivas participaron del cierre anual en el Polideportivo Municipal de Los Polvorines. Todas las disciplinas [&hellip;]\" \/>\n<meta property=\"og:url\" content=\"https:\/\/diariodeloeste.com\/noticias\/2019\/12\/16\/se-realizo-el-cierre-anual-de-actividades-deportivas-de-malvinas-argentinas\/\" \/>\n<meta property=\"og:site_name\" content=\"Diario del Oeste\" \/>\n<meta property=\"article:published_time\" content=\"2019-12-16T15:35:03+00:00\" \/>\n<meta property=\"og:image\" content=\"https:\/\/diariodeloeste.com\/noticias\/wp-content\/uploads\/2019\/12\/IMG-20191214-WA0198-1.jpg\" \/>\n\t<meta property=\"og:image:width\" content=\"1280\" \/>\n\t<meta property=\"og:image:height\" content=\"853\" \/>\n\t<meta property=\"og:image:type\" content=\"image\/jpeg\" \/>\n<meta name=\"author\" content=\"Redaccion\" \/>\n<meta name=\"twitter:card\" content=\"summary_large_image\" \/>\n<meta name=\"twitter:label1\" content=\"Escrito por\" \/>\n\t<meta name=\"twitter:data1\" content=\"Redaccion\" \/>\n\t<meta name=\"twitter:label2\" content=\"Tiempo de lectura\" \/>\n\t<meta name=\"twitter:data2\" content=\"2 minutos\" \/>\n<script type=\"application\/ld+json\" class=\"yoast-schema-graph\">{\"@context\":\"https:\\\/\\\/schema.org\",\"@graph\":[{\"@type\":\"Article\",\"@id\":\"https:\\\/\\\/diariodeloeste.com\\\/noticias\\\/2019\\\/12\\\/16\\\/se-realizo-el-cierre-anual-de-actividades-deportivas-de-malvinas-argentinas\\\/#article\",\"isPartOf\":{\"@id\":\"https:\\\/\\\/diariodeloeste.com\\\/noticias\\\/2019\\\/12\\\/16\\\/se-realizo-el-cierre-anual-de-actividades-deportivas-de-malvinas-argentinas\\\/\"},\"author\":{\"name\":\"Redaccion\",\"@id\":\"https:\\\/\\\/diariodeloeste.com\\\/noticias\\\/#\\\/schema\\\/person\\\/1f7be965f8c093432e1cbfcee0ac4047\"},\"headline\":\"Se realiz\u00f3 el cierre anual de actividades deportivas de Malvinas Argentinas\",\"datePublished\":\"2019-12-16T15:35:03+00:00\",\"mainEntityOfPage\":{\"@id\":\"https:\\\/\\\/diariodeloeste.com\\\/noticias\\\/2019\\\/12\\\/16\\\/se-realizo-el-cierre-anual-de-actividades-deportivas-de-malvinas-argentinas\\\/\"},\"wordCount\":470,\"publisher\":{\"@id\":\"https:\\\/\\\/diariodeloeste.com\\\/noticias\\\/#organization\"},\"image\":{\"@id\":\"https:\\\/\\\/diariodeloeste.com\\\/noticias\\\/2019\\\/12\\\/16\\\/se-realizo-el-cierre-anual-de-actividades-deportivas-de-malvinas-argentinas\\\/#primaryimage\"},\"thumbnailUrl\":\"https:\\\/\\\/diariodeloeste.com\\\/noticias\\\/wp-content\\\/uploads\\\/2019\\\/12\\\/IMG-20191214-WA0198-1.jpg\",\"articleSection\":[\"Deportes\",\"Titulares\"],\"inLanguage\":\"es-AR\"},{\"@type\":\"WebPage\",\"@id\":\"https:\\\/\\\/diariodeloeste.com\\\/noticias\\\/2019\\\/12\\\/16\\\/se-realizo-el-cierre-anual-de-actividades-deportivas-de-malvinas-argentinas\\\/\",\"url\":\"https:\\\/\\\/diariodeloeste.com\\\/noticias\\\/2019\\\/12\\\/16\\\/se-realizo-el-cierre-anual-de-actividades-deportivas-de-malvinas-argentinas\\\/\",\"name\":\"Se realiz\u00f3 el cierre anual de actividades deportivas de Malvinas Argentinas - Diario del Oeste\",\"isPartOf\":{\"@id\":\"https:\\\/\\\/diariodeloeste.com\\\/noticias\\\/#website\"},\"primaryImageOfPage\":{\"@id\":\"https:\\\/\\\/diariodeloeste.com\\\/noticias\\\/2019\\\/12\\\/16\\\/se-realizo-el-cierre-anual-de-actividades-deportivas-de-malvinas-argentinas\\\/#primaryimage\"},\"image\":{\"@id\":\"https:\\\/\\\/diariodeloeste.com\\\/noticias\\\/2019\\\/12\\\/16\\\/se-realizo-el-cierre-anual-de-actividades-deportivas-de-malvinas-argentinas\\\/#primaryimage\"},\"thumbnailUrl\":\"https:\\\/\\\/diariodeloeste.com\\\/noticias\\\/wp-content\\\/uploads\\\/2019\\\/12\\\/IMG-20191214-WA0198-1.jpg\",\"datePublished\":\"2019-12-16T15:35:03+00:00\",\"breadcrumb\":{\"@id\":\"https:\\\/\\\/diariodeloeste.com\\\/noticias\\\/2019\\\/12\\\/16\\\/se-realizo-el-cierre-anual-de-actividades-deportivas-de-malvinas-argentinas\\\/#breadcrumb\"},\"inLanguage\":\"es-AR\",\"potentialAction\":[{\"@type\":\"ReadAction\",\"target\":[\"https:\\\/\\\/diariodeloeste.com\\\/noticias\\\/2019\\\/12\\\/16\\\/se-realizo-el-cierre-anual-de-actividades-deportivas-de-malvinas-argentinas\\\/\"]}]},{\"@type\":\"ImageObject\",\"inLanguage\":\"es-AR\",\"@id\":\"https:\\\/\\\/diariodeloeste.com\\\/noticias\\\/2019\\\/12\\\/16\\\/se-realizo-el-cierre-anual-de-actividades-deportivas-de-malvinas-argentinas\\\/#primaryimage\",\"url\":\"https:\\\/\\\/diariodeloeste.com\\\/noticias\\\/wp-content\\\/uploads\\\/2019\\\/12\\\/IMG-20191214-WA0198-1.jpg\",\"contentUrl\":\"https:\\\/\\\/diariodeloeste.com\\\/noticias\\\/wp-content\\\/uploads\\\/2019\\\/12\\\/IMG-20191214-WA0198-1.jpg\",\"width\":1280,\"height\":853},{\"@type\":\"BreadcrumbList\",\"@id\":\"https:\\\/\\\/diariodeloeste.com\\\/noticias\\\/2019\\\/12\\\/16\\\/se-realizo-el-cierre-anual-de-actividades-deportivas-de-malvinas-argentinas\\\/#breadcrumb\",\"itemListElement\":[{\"@type\":\"ListItem\",\"position\":1,\"name\":\"Inicio\",\"item\":\"https:\\\/\\\/diariodeloeste.com\\\/noticias\\\/\"},{\"@type\":\"ListItem\",\"position\":2,\"name\":\"Se realiz\u00f3 el cierre anual de actividades deportivas de Malvinas Argentinas\"}]},{\"@type\":\"WebSite\",\"@id\":\"https:\\\/\\\/diariodeloeste.com\\\/noticias\\\/#website\",\"url\":\"https:\\\/\\\/diariodeloeste.com\\\/noticias\\\/\",\"name\":\"Diario del Oeste\",\"description\":\"Noticias del Oeste\",\"publisher\":{\"@id\":\"https:\\\/\\\/diariodeloeste.com\\\/noticias\\\/#organization\"},\"potentialAction\":[{\"@type\":\"SearchAction\",\"target\":{\"@type\":\"EntryPoint\",\"urlTemplate\":\"https:\\\/\\\/diariodeloeste.com\\\/noticias\\\/?s={search_term_string}\"},\"query-input\":{\"@type\":\"PropertyValueSpecification\",\"valueRequired\":true,\"valueName\":\"search_term_string\"}}],\"inLanguage\":\"es-AR\"},{\"@type\":\"Organization\",\"@id\":\"https:\\\/\\\/diariodeloeste.com\\\/noticias\\\/#organization\",\"name\":\"Diario del Oeste\",\"url\":\"https:\\\/\\\/diariodeloeste.com\\\/noticias\\\/\",\"logo\":{\"@type\":\"ImageObject\",\"inLanguage\":\"es-AR\",\"@id\":\"https:\\\/\\\/diariodeloeste.com\\\/noticias\\\/#\\\/schema\\\/logo\\\/image\\\/\",\"url\":\"https:\\\/\\\/diariodeloeste.com\\\/noticias\\\/wp-content\\\/uploads\\\/2019\\\/04\\\/logo.png\",\"contentUrl\":\"https:\\\/\\\/diariodeloeste.com\\\/noticias\\\/wp-content\\\/uploads\\\/2019\\\/04\\\/logo.png\",\"width\":306,\"height\":145,\"caption\":\"Diario del Oeste\"},\"image\":{\"@id\":\"https:\\\/\\\/diariodeloeste.com\\\/noticias\\\/#\\\/schema\\\/logo\\\/image\\\/\"}},{\"@type\":\"Person\",\"@id\":\"https:\\\/\\\/diariodeloeste.com\\\/noticias\\\/#\\\/schema\\\/person\\\/1f7be965f8c093432e1cbfcee0ac4047\",\"name\":\"Redaccion\",\"image\":{\"@type\":\"ImageObject\",\"inLanguage\":\"es-AR\",\"@id\":\"https:\\\/\\\/secure.gravatar.com\\\/avatar\\\/f9bc3a12e26b32d818d88f9a5b61de20b559752e499df507efa7ea3cea0550ef?s=96&d=mm&r=g\",\"url\":\"https:\\\/\\\/secure.gravatar.com\\\/avatar\\\/f9bc3a12e26b32d818d88f9a5b61de20b559752e499df507efa7ea3cea0550ef?s=96&d=mm&r=g\",\"contentUrl\":\"https:\\\/\\\/secure.gravatar.com\\\/avatar\\\/f9bc3a12e26b32d818d88f9a5b61de20b559752e499df507efa7ea3cea0550ef?s=96&d=mm&r=g\",\"caption\":\"Redaccion\"},\"url\":\"https:\\\/\\\/diariodeloeste.com\\\/noticias\\\/author\\\/redaccion\\\/\"}]}<\/script>\n<!-- \/ Yoast SEO plugin. -->","yoast_head_json":{"title":"Se realiz\u00f3 el cierre anual de actividades deportivas de Malvinas Argentinas - Diario del Oeste","robots":{"index":"index","follow":"follow","max-snippet":"max-snippet:-1","max-image-preview":"max-image-preview:large","max-video-preview":"max-video-preview:-1"},"canonical":"https:\/\/diariodeloeste.com\/noticias\/2019\/12\/16\/se-realizo-el-cierre-anual-de-actividades-deportivas-de-malvinas-argentinas\/","og_locale":"es_ES","og_type":"article","og_title":"Se realiz\u00f3 el cierre anual de actividades deportivas de Malvinas Argentinas - Diario del Oeste","og_description":"Se realiz\u00f3 el cierre anual de actividades deportivas de Malvinas Argentinas Fue en el Polideportivo Municipal de Los Polvorines. De esta manera, se fomenta la inclusi\u00f3n en los j\u00f3venes, adultos y adultos mayores. Hubo shows e invitados especiales. Las actividades deportivas participaron del cierre anual en el Polideportivo Municipal de Los Polvorines. Todas las disciplinas [&hellip;]","og_url":"https:\/\/diariodeloeste.com\/noticias\/2019\/12\/16\/se-realizo-el-cierre-anual-de-actividades-deportivas-de-malvinas-argentinas\/","og_site_name":"Diario del Oeste","article_published_time":"2019-12-16T15:35:03+00:00","og_image":[{"width":1280,"height":853,"url":"https:\/\/diariodeloeste.com\/noticias\/wp-content\/uploads\/2019\/12\/IMG-20191214-WA0198-1.jpg","type":"image\/jpeg"}],"author":"Redaccion","twitter_card":"summary_large_image","twitter_misc":{"Escrito por":"Redaccion","Tiempo de lectura":"2 minutos"},"schema":{"@context":"https:\/\/schema.org","@graph":[{"@type":"Article","@id":"https:\/\/diariodeloeste.com\/noticias\/2019\/12\/16\/se-realizo-el-cierre-anual-de-actividades-deportivas-de-malvinas-argentinas\/#article","isPartOf":{"@id":"https:\/\/diariodeloeste.com\/noticias\/2019\/12\/16\/se-realizo-el-cierre-anual-de-actividades-deportivas-de-malvinas-argentinas\/"},"author":{"name":"Redaccion","@id":"https:\/\/diariodeloeste.com\/noticias\/#\/schema\/person\/1f7be965f8c093432e1cbfcee0ac4047"},"headline":"Se realiz\u00f3 el cierre anual de actividades deportivas de Malvinas Argentinas","datePublished":"2019-12-16T15:35:03+00:00","mainEntityOfPage":{"@id":"https:\/\/diariodeloeste.com\/noticias\/2019\/12\/16\/se-realizo-el-cierre-anual-de-actividades-deportivas-de-malvinas-argentinas\/"},"wordCount":470,"publisher":{"@id":"https:\/\/diariodeloeste.com\/noticias\/#organization"},"image":{"@id":"https:\/\/diariodeloeste.com\/noticias\/2019\/12\/16\/se-realizo-el-cierre-anual-de-actividades-deportivas-de-malvinas-argentinas\/#primaryimage"},"thumbnailUrl":"https:\/\/diariodeloeste.com\/noticias\/wp-content\/uploads\/2019\/12\/IMG-20191214-WA0198-1.jpg","articleSection":["Deportes","Titulares"],"inLanguage":"es-AR"},{"@type":"WebPage","@id":"https:\/\/diariodeloeste.com\/noticias\/2019\/12\/16\/se-realizo-el-cierre-anual-de-actividades-deportivas-de-malvinas-argentinas\/","url":"https:\/\/diariodeloeste.com\/noticias\/2019\/12\/16\/se-realizo-el-cierre-anual-de-actividades-deportivas-de-malvinas-argentinas\/","name":"Se realiz\u00f3 el cierre anual de actividades deportivas de Malvinas Argentinas - Diario del Oeste","isPartOf":{"@id":"https:\/\/diariodeloeste.com\/noticias\/#website"},"primaryImageOfPage":{"@id":"https:\/\/diariodeloeste.com\/noticias\/2019\/12\/16\/se-realizo-el-cierre-anual-de-actividades-deportivas-de-malvinas-argentinas\/#primaryimage"},"image":{"@id":"https:\/\/diariodeloeste.com\/noticias\/2019\/12\/16\/se-realizo-el-cierre-anual-de-actividades-deportivas-de-malvinas-argentinas\/#primaryimage"},"thumbnailUrl":"https:\/\/diariodeloeste.com\/noticias\/wp-content\/uploads\/2019\/12\/IMG-20191214-WA0198-1.jpg","datePublished":"2019-12-16T15:35:03+00:00","breadcrumb":{"@id":"https:\/\/diariodeloeste.com\/noticias\/2019\/12\/16\/se-realizo-el-cierre-anual-de-actividades-deportivas-de-malvinas-argentinas\/#breadcrumb"},"inLanguage":"es-AR","potentialAction":[{"@type":"ReadAction","target":["https:\/\/diariodeloeste.com\/noticias\/2019\/12\/16\/se-realizo-el-cierre-anual-de-actividades-deportivas-de-malvinas-argentinas\/"]}]},{"@type":"ImageObject","inLanguage":"es-AR","@id":"https:\/\/diariodeloeste.com\/noticias\/2019\/12\/16\/se-realizo-el-cierre-anual-de-actividades-deportivas-de-malvinas-argentinas\/#primaryimage","url":"https:\/\/diariodeloeste.com\/noticias\/wp-content\/uploads\/2019\/12\/IMG-20191214-WA0198-1.jpg","contentUrl":"https:\/\/diariodeloeste.com\/noticias\/wp-content\/uploads\/2019\/12\/IMG-20191214-WA0198-1.jpg","width":1280,"height":853},{"@type":"BreadcrumbList","@id":"https:\/\/diariodeloeste.com\/noticias\/2019\/12\/16\/se-realizo-el-cierre-anual-de-actividades-deportivas-de-malvinas-argentinas\/#breadcrumb","itemListElement":[{"@type":"ListItem","position":1,"name":"Inicio","item":"https:\/\/diariodeloeste.com\/noticias\/"},{"@type":"ListItem","position":2,"name":"Se realiz\u00f3 el cierre anual de actividades deportivas de Malvinas Argentinas"}]},{"@type":"WebSite","@id":"https:\/\/diariodeloeste.com\/noticias\/#website","url":"https:\/\/diariodeloeste.com\/noticias\/","name":"Diario del Oeste","description":"Noticias del Oeste","publisher":{"@id":"https:\/\/diariodeloeste.com\/noticias\/#organization"},"potentialAction":[{"@type":"SearchAction","target":{"@type":"EntryPoint","urlTemplate":"https:\/\/diariodeloeste.com\/noticias\/?s={search_term_string}"},"query-input":{"@type":"PropertyValueSpecification","valueRequired":true,"valueName":"search_term_string"}}],"inLanguage":"es-AR"},{"@type":"Organization","@id":"https:\/\/diariodeloeste.com\/noticias\/#organization","name":"Diario del Oeste","url":"https:\/\/diariodeloeste.com\/noticias\/","logo":{"@type":"ImageObject","inLanguage":"es-AR","@id":"https:\/\/diariodeloeste.com\/noticias\/#\/schema\/logo\/image\/","url":"https:\/\/diariodeloeste.com\/noticias\/wp-content\/uploads\/2019\/04\/logo.png","contentUrl":"https:\/\/diariodeloeste.com\/noticias\/wp-content\/uploads\/2019\/04\/logo.png","width":306,"height":145,"caption":"Diario del Oeste"},"image":{"@id":"https:\/\/diariodeloeste.com\/noticias\/#\/schema\/logo\/image\/"}},{"@type":"Person","@id":"https:\/\/diariodeloeste.com\/noticias\/#\/schema\/person\/1f7be965f8c093432e1cbfcee0ac4047","name":"Redaccion","image":{"@type":"ImageObject","inLanguage":"es-AR","@id":"https:\/\/secure.gravatar.com\/avatar\/f9bc3a12e26b32d818d88f9a5b61de20b559752e499df507efa7ea3cea0550ef?s=96&d=mm&r=g","url":"https:\/\/secure.gravatar.com\/avatar\/f9bc3a12e26b32d818d88f9a5b61de20b559752e499df507efa7ea3cea0550ef?s=96&d=mm&r=g","contentUrl":"https:\/\/secure.gravatar.com\/avatar\/f9bc3a12e26b32d818d88f9a5b61de20b559752e499df507efa7ea3cea0550ef?s=96&d=mm&r=g","caption":"Redaccion"},"url":"https:\/\/diariodeloeste.com\/noticias\/author\/redaccion\/"}]}},"_links":{"self":[{"href":"https:\/\/diariodeloeste.com\/noticias\/wp-json\/wp\/v2\/posts\/6217","targetHints":{"allow":["GET"]}}],"collection":[{"href":"https:\/\/diariodeloeste.com\/noticias\/wp-json\/wp\/v2\/posts"}],"about":[{"href":"https:\/\/diariodeloeste.com\/noticias\/wp-json\/wp\/v2\/types\/post"}],"author":[{"embeddable":true,"href":"https:\/\/diariodeloeste.com\/noticias\/wp-json\/wp\/v2\/users\/3"}],"replies":[{"embeddable":true,"href":"https:\/\/diariodeloeste.com\/noticias\/wp-json\/wp\/v2\/comments?post=6217"}],"version-history":[{"count":1,"href":"https:\/\/diariodeloeste.com\/noticias\/wp-json\/wp\/v2\/posts\/6217\/revisions"}],"predecessor-version":[{"id":6222,"href":"https:\/\/diariodeloeste.com\/noticias\/wp-json\/wp\/v2\/posts\/6217\/revisions\/6222"}],"wp:featuredmedia":[{"embeddable":true,"href":"https:\/\/diariodeloeste.com\/noticias\/wp-json\/wp\/v2\/media\/6219"}],"wp:attachment":[{"href":"https:\/\/diariodeloeste.com\/noticias\/wp-json\/wp\/v2\/media?parent=6217"}],"wp:term":[{"taxonomy":"category","embeddable":true,"href":"https:\/\/diariodeloeste.com\/noticias\/wp-json\/wp\/v2\/categories?post=6217"},{"taxonomy":"post_tag","embeddable":true,"href":"https:\/\/diariodeloeste.com\/noticias\/wp-json\/wp\/v2\/tags?post=6217"}],"curies":[{"name":"wp","href":"https:\/\/api.w.org\/{rel}","templated":true}]}}