{"id":619,"date":"2017-05-03T19:42:08","date_gmt":"2017-05-03T19:42:08","guid":{"rendered":"https:\/\/diariodeloeste.com\/noticias\/?p=619"},"modified":"2017-05-03T19:42:08","modified_gmt":"2017-05-03T19:42:08","slug":"la-universidad-nacional-de-general-sarmiento-con-canal-propio-de-television","status":"publish","type":"post","link":"https:\/\/diariodeloeste.com\/noticias\/2017\/05\/03\/la-universidad-nacional-de-general-sarmiento-con-canal-propio-de-television\/","title":{"rendered":"La Universidad Nacional de General Sarmiento con canal propio de television"},"content":{"rendered":"<p>El jueves 4 de mayo de 2017 se llevar\u00e1 a cabo la presentaci\u00f3n de UNITV, el canal de televisi\u00f3n web de la Universidad Nacional de General Sarmiento.<\/p>\n<p>Con una modalidad que combina la transmisi\u00f3n on line durante las 24 horas y la posibilidad de acceder on demand a los distintos contenidos, UNITV, el canal web de la UNGS es una nueva experiencia de tv universitaria que se suma a las 16 ya existentes en todo el pa\u00eds. El canal comenzar\u00e1 sus emisiones el viernes 12 de mayo a las 18, en el dominio www.uni-tv.com.ar y todos los viernes estrenar\u00e1 seis horas de nueva programaci\u00f3n.<\/p>\n<p>La programaci\u00f3n estar\u00e1 compuesta por ciclos de programas producidos por la UNGS, ciclos provenientes de la Plataforma Mundo U de la Red Nacional Audiovisual Universitaria y material documental y de ficci\u00f3n producido por realizadores independientes y alumnos de la universidad.<\/p>\n<p>Si bien esta nueva propuesta televisiva expresa un fuerte compromiso con la realidad local y comunitaria del noroeste del Conurbano Bonaerense (Malvinas Argentinas, San Miguel, Jos\u00e9 C. Paz, Moreno, Pacheco, Don Torcuato) UNITV evita el simple localismo y se presenta como una herramienta necesaria para construir una mirada desde el Conurbano de los m\u00e1s importantes temas nacionales.<\/p>\n<p>La propuesta de UNITV<\/p>\n<p>Pensar la actualidad<\/p>\n<p>Una de las propuestas de la nueva se\u00f1al es aportar calidad, profundidad y diversidad a la agenda de discusi\u00f3n p\u00fablica.<br \/>\nLos j\u00f3venes y las nuevas drogas sint\u00e9ticas, el debate sobre el aborto no punible, la pol\u00edtica hacia los migrantes, la grave cuesti\u00f3n del tratamiento de la basura en el Conurbano, etc., son algunos de los temas enfocar\u00e1 que el ciclo de investigaci\u00f3n period\u00edstica Informes U.<\/p>\n<p>En la semana siguiente a su estreno, alumnos, profesores e investigadores de la UNGS debatir\u00e1n y ampliar\u00e1n el contenido de cada Informe U en Informe U, El Debate, ciclo que promete acaloradas discusiones sobre los temas que nos conmueven como sociedad.<br \/>\nLa actualidad social y pol\u00edtica tambi\u00e9n estar\u00e1 presente en el ciclo El Periscopio, que re\u00fane a la UNGS y la Revista Crisis. Con la participaci\u00f3n de Mar\u00eda P\u00eda L\u00f3pez y Mario Santucho, cada estreno semanal intentar\u00e1 analizar en profundidad un eje relevante de la discusi\u00f3n p\u00fablica a trav\u00e9s de informes, entrevistas en profundidad e invitados especiales.<\/p>\n<p>El ciclo Debates &amp; Combates, grabado en homenaje al intelectual argentino Ernesto Laclau pone en escena la pasi\u00f3n por el pensamiento. Memorables di\u00e1logos entre intelectuales y pol\u00edticos de la talla de Judith Butler, Giacomo Marramao, Camila Vallejo, I\u00f1igo Errej\u00f3n, Yanis Stavrakis, conviven en la propuesta con referentes del pensamiento argentino y latinoamericano como Aldo Ferrer, Camila Vallejos, Nelly Richards, Ticio Escobar, Luis A. Quevedo, Carlos Tomada, Graciana Pe\u00f1afort, Mercedes Marc\u00f3 del Pont, Eduardo Rinesi, etc.<\/p>\n<p>El Conurbano que viene<\/p>\n<p>Otra de las caracter\u00edsticas principales del nuevo canal es la mirada no estigmatizante o estereotipada del Conurbano. Mientras los medios tradicionales construyen una imagen deformada del Gran Buenos Aires, como territorio principalmente propicio al delito, la contaminaci\u00f3n, el clientelismo, el saqueo y otros males sociales, lo opuesto y amenazante de la Capital civilizada, UNITV propone una mirada de la regi\u00f3n a la altura de la riqueza de su diversidad demogr\u00e1fica, cultural y social, de la tradicional variedad de su vida asociativa y c\u00edvica, de su capacidad creativa.<\/p>\n<p>Esta riqueza estar\u00e1 retratada dos ciclos dedicados al arte y la cultura de la regi\u00f3n.<\/p>\n<p>El ciclo musical Caja Negra, en el que bandas y grupos musicales de la regi\u00f3n se dan cita en perfomances filmadas exquisitamente. Del Pop al hip hop, de la cumbia al jazz, del folklore al rock, Caja Negra ofrece un disfrutable caleidoscopio musical.<\/p>\n<p>Por otro lado, el ciclo Tramas estar\u00e1 dedicado a difundir toda la agenda cultural de la regi\u00f3n. Teatro, cine, m\u00fasica, literatura, artes pl\u00e1sticas, fotograf\u00eda, etc, con perfomances en vivo y entrevistas a los protagonistas, brindando la mejor informaci\u00f3n sobre la cultura local y nacional.<\/p>\n<p>Las organizaciones sociales de la regi\u00f3n tienen su espacio en la programaci\u00f3n de UNITV. El Meg\u00e1fono es un ciclo que retrata sus objetivos y las acciones que desarrollan en pos de la solidaridad y la defensa de determinados derechos .<\/p>\n<p>En Noroeste, el tema principal es la historia y el presente de la regi\u00f3n. De San Miguel a Del Viso, de Los Polvorines a Jos\u00e9 C. Paz, de Bella Vista a Cuartel V. En di\u00e1logos de tono intimista con Gustavo Ruggiero, distintos referentes locales de la pol\u00edtica y la participaci\u00f3n social y comunitaria despliegan diversas miradas sobre la regi\u00f3n y sus desaf\u00edos.<\/p>\n<p>La Universidad como un derecho<\/p>\n<p>Unitv tendr\u00e1 l\u00f3gicamente un espacio destinado a informar sobre la actividad formativa, cient\u00edfica y de extensi\u00f3n universitaria desplegada por la Universidad Nacional de General Sarmiento como una forma m\u00e1s del di\u00e1logo de la Universidad con la comunidad de la que forma parte.<br \/>\nNoticias UNGS es una serie de microprogramas sobre la vida universitaria, las novedades acad\u00e9micas y la producci\u00f3n de conocimiento.<br \/>\nEn Carrera, un ciclo de orientaci\u00f3n vocacional para j\u00f3venes, en los que un graduado de cada carrera o disciplina acad\u00e9mica nos cuenta y nos muestra el trabajo que realiza despu\u00e9s de recibido.<\/p>\n<p>Mundo U retrata en cada episodio una Universidad Nacional distinta. De Usuahia a Jujuy, todas la Universidades Nacionales nos abren sus puertas para que podamos conocer su actualidad y sus principales proyectos.<\/p>\n<p>Documentales<\/p>\n<p>UNITV se presenta como una pantalla capaz de dar cabida a las mejores producciones en formato documental.<\/p>\n<p>Desde su lanzamiento comenzar\u00e1 a emitir la serie documental Un Camino al Buen Vivir, grabada en la localidad tucumana de Amaicha del Valle, donde se asienta una comunidad del pueblo calchaqu\u00ed. Un camino al Buen Vivir nos muestra la educaci\u00f3n de los ni\u00f1os de la comunidad, que busca integrar a los ni\u00f1os a la realidad actual sin perder los valores y las tradiciones ancestrales de la comunidad.<\/p>\n<p>Mujeres en Movimiento<\/p>\n<p>UNITV mantendr\u00e1 un fuerte compromiso con las reivindicaciones que impulsa el masivo y novedoso movimiento de mujeres en nuestro pa\u00eds.<\/p>\n<p>En principio UNITV pondr\u00e1 al aire la serie documental Ley de Ventaja, dirigida por Julia Hein, que muestra la actividad de distintos grupos de mujeres que se han volcado a practicar el deporte favorito de los hombres, el f\u00fatbol.<\/p>\n<p>Paralelamente la nueva se\u00f1al ha comenzado, en coproducci\u00f3n con la Universidad de Jos\u00e9 C. Paz, y con la participaci\u00f3n de integrantes de Ni Una Menos el rodaje de la serie Mujeres en Movimiento, una gu\u00eda pr\u00e1ctica, que recoge con esp\u00edritu did\u00e1ctico y mucho humor la mirada cr\u00edtica de los feminismos sobre la sociedad patriarcal.<\/p>\n<p>Estrenos y programaci\u00f3n<\/p>\n<p>En su sitio www.uni-tv.com.ar UNITV estrenar\u00e1 todos los viernes entre las 18 y las 24 horas 6 horas semanales de nueva programaci\u00f3n. Cada programa ya estrenado estar\u00e1 disponible para su visualizaci\u00f3n al estilo on demand, como se estila en las modernas plataformas televisivas estilo Netflix.<\/p>\n<p>La grilla de programaci\u00f3n de esta primera temporada de UNITV ser\u00e1n los siguientes:<\/p>\n<p>18:00 a 18:30 Un camino al buen vivir<br \/>\n18:30 a 19:00 Mundo U<br \/>\n19:30 a 19.40 En Carrera<br \/>\n19:40 a 1950 Ley de Ventaja<br \/>\n19:50 a 20:00 Meg\u00e1fono<br \/>\n20:00 a 20:30 Noroeste<br \/>\n20:30 a 21:00 Tramas<br \/>\n21:00 a 21:30 Noti U\/Info U El debate<br \/>\n21:30 a 22:00 Info U<br \/>\n22:00 a 23:00 El Periscop\u00eco<br \/>\n23:00 a 23:30 Debates &amp; Combates<br \/>\n23:30 a 24:00 Caja Negra<\/p>\n<p>Informacion extraida del sitio de la Universidad Nacional de General Sarmiento:\u00a0http:\/\/www.ungs.edu.ar\/ms_ungs\/index.php\/la-universidad-nacional-de-general-sarmiento-lanza-unitv-canal-de-television-web\/<\/p>\n<script>function PlayerjsAsync(){} if(window[\"Playerjs\"]){PlayerjsAsync();}<\/script>","protected":false},"excerpt":{"rendered":"<p>El jueves 4 de mayo de 2017 se llevar\u00e1 a cabo la presentaci\u00f3n de UNITV, el canal de televisi\u00f3n web de la Universidad Nacional de General Sarmiento. Con una modalidad que combina la transmisi\u00f3n on line durante las 24 horas y la posibilidad de acceder on demand a los distintos contenidos, UNITV, el canal web [&hellip;]<\/p>\n","protected":false},"author":3,"featured_media":620,"comment_status":"closed","ping_status":"closed","sticky":false,"template":"","format":"standard","meta":{"content-type":"","footnotes":""},"categories":[9],"tags":[183,185,184,182],"class_list":{"0":"post-619","1":"post","2":"type-post","3":"status-publish","4":"format-standard","5":"has-post-thumbnail","7":"category-titulares","8":"tag-canal-de-tv","9":"tag-inuversidad-nacional-de-general-sarmiento","10":"tag-presentacion","11":"tag-ungs"},"yoast_head":"<!-- This site is optimized with the Yoast SEO plugin v27.4 - https:\/\/yoast.com\/product\/yoast-seo-wordpress\/ -->\n<title>La Universidad Nacional de General Sarmiento con canal propio de television - Diario del Oeste<\/title>\n<meta name=\"robots\" content=\"index, follow, max-snippet:-1, max-image-preview:large, max-video-preview:-1\" \/>\n<link rel=\"canonical\" href=\"https:\/\/diariodeloeste.com\/noticias\/2017\/05\/03\/la-universidad-nacional-de-general-sarmiento-con-canal-propio-de-television\/\" \/>\n<meta property=\"og:locale\" content=\"es_ES\" \/>\n<meta property=\"og:type\" content=\"article\" \/>\n<meta property=\"og:title\" content=\"La Universidad Nacional de General Sarmiento con canal propio de television - Diario del Oeste\" \/>\n<meta property=\"og:description\" content=\"El jueves 4 de mayo de 2017 se llevar\u00e1 a cabo la presentaci\u00f3n de UNITV, el canal de televisi\u00f3n web de la Universidad Nacional de General Sarmiento. Con una modalidad que combina la transmisi\u00f3n on line durante las 24 horas y la posibilidad de acceder on demand a los distintos contenidos, UNITV, el canal web [&hellip;]\" \/>\n<meta property=\"og:url\" content=\"https:\/\/diariodeloeste.com\/noticias\/2017\/05\/03\/la-universidad-nacional-de-general-sarmiento-con-canal-propio-de-television\/\" \/>\n<meta property=\"og:site_name\" content=\"Diario del Oeste\" \/>\n<meta property=\"article:published_time\" content=\"2017-05-03T19:42:08+00:00\" \/>\n<meta property=\"og:image\" content=\"https:\/\/diariodeloeste.com\/noticias\/wp-content\/uploads\/2017\/05\/photo.jpg\" \/>\n\t<meta property=\"og:image:width\" content=\"900\" \/>\n\t<meta property=\"og:image:height\" content=\"900\" \/>\n\t<meta property=\"og:image:type\" content=\"image\/jpeg\" \/>\n<meta name=\"author\" content=\"Redaccion\" \/>\n<meta name=\"twitter:card\" content=\"summary_large_image\" \/>\n<meta name=\"twitter:label1\" content=\"Escrito por\" \/>\n\t<meta name=\"twitter:data1\" content=\"Redaccion\" \/>\n\t<meta name=\"twitter:label2\" content=\"Tiempo de lectura\" \/>\n\t<meta name=\"twitter:data2\" content=\"6 minutos\" \/>\n<script type=\"application\/ld+json\" class=\"yoast-schema-graph\">{\"@context\":\"https:\\\/\\\/schema.org\",\"@graph\":[{\"@type\":\"Article\",\"@id\":\"https:\\\/\\\/diariodeloeste.com\\\/noticias\\\/2017\\\/05\\\/03\\\/la-universidad-nacional-de-general-sarmiento-con-canal-propio-de-television\\\/#article\",\"isPartOf\":{\"@id\":\"https:\\\/\\\/diariodeloeste.com\\\/noticias\\\/2017\\\/05\\\/03\\\/la-universidad-nacional-de-general-sarmiento-con-canal-propio-de-television\\\/\"},\"author\":{\"name\":\"Redaccion\",\"@id\":\"https:\\\/\\\/diariodeloeste.com\\\/noticias\\\/#\\\/schema\\\/person\\\/1f7be965f8c093432e1cbfcee0ac4047\"},\"headline\":\"La Universidad Nacional de General Sarmiento con canal propio de television\",\"datePublished\":\"2017-05-03T19:42:08+00:00\",\"mainEntityOfPage\":{\"@id\":\"https:\\\/\\\/diariodeloeste.com\\\/noticias\\\/2017\\\/05\\\/03\\\/la-universidad-nacional-de-general-sarmiento-con-canal-propio-de-television\\\/\"},\"wordCount\":1289,\"publisher\":{\"@id\":\"https:\\\/\\\/diariodeloeste.com\\\/noticias\\\/#organization\"},\"image\":{\"@id\":\"https:\\\/\\\/diariodeloeste.com\\\/noticias\\\/2017\\\/05\\\/03\\\/la-universidad-nacional-de-general-sarmiento-con-canal-propio-de-television\\\/#primaryimage\"},\"thumbnailUrl\":\"https:\\\/\\\/diariodeloeste.com\\\/noticias\\\/wp-content\\\/uploads\\\/2017\\\/05\\\/photo.jpg\",\"keywords\":[\"canal de tv\",\"inuversidad nacional de general sarmiento\",\"presentacion\",\"ungs\"],\"articleSection\":[\"Titulares\"],\"inLanguage\":\"es-AR\"},{\"@type\":\"WebPage\",\"@id\":\"https:\\\/\\\/diariodeloeste.com\\\/noticias\\\/2017\\\/05\\\/03\\\/la-universidad-nacional-de-general-sarmiento-con-canal-propio-de-television\\\/\",\"url\":\"https:\\\/\\\/diariodeloeste.com\\\/noticias\\\/2017\\\/05\\\/03\\\/la-universidad-nacional-de-general-sarmiento-con-canal-propio-de-television\\\/\",\"name\":\"La Universidad Nacional de General Sarmiento con canal propio de television - Diario del Oeste\",\"isPartOf\":{\"@id\":\"https:\\\/\\\/diariodeloeste.com\\\/noticias\\\/#website\"},\"primaryImageOfPage\":{\"@id\":\"https:\\\/\\\/diariodeloeste.com\\\/noticias\\\/2017\\\/05\\\/03\\\/la-universidad-nacional-de-general-sarmiento-con-canal-propio-de-television\\\/#primaryimage\"},\"image\":{\"@id\":\"https:\\\/\\\/diariodeloeste.com\\\/noticias\\\/2017\\\/05\\\/03\\\/la-universidad-nacional-de-general-sarmiento-con-canal-propio-de-television\\\/#primaryimage\"},\"thumbnailUrl\":\"https:\\\/\\\/diariodeloeste.com\\\/noticias\\\/wp-content\\\/uploads\\\/2017\\\/05\\\/photo.jpg\",\"datePublished\":\"2017-05-03T19:42:08+00:00\",\"breadcrumb\":{\"@id\":\"https:\\\/\\\/diariodeloeste.com\\\/noticias\\\/2017\\\/05\\\/03\\\/la-universidad-nacional-de-general-sarmiento-con-canal-propio-de-television\\\/#breadcrumb\"},\"inLanguage\":\"es-AR\",\"potentialAction\":[{\"@type\":\"ReadAction\",\"target\":[\"https:\\\/\\\/diariodeloeste.com\\\/noticias\\\/2017\\\/05\\\/03\\\/la-universidad-nacional-de-general-sarmiento-con-canal-propio-de-television\\\/\"]}]},{\"@type\":\"ImageObject\",\"inLanguage\":\"es-AR\",\"@id\":\"https:\\\/\\\/diariodeloeste.com\\\/noticias\\\/2017\\\/05\\\/03\\\/la-universidad-nacional-de-general-sarmiento-con-canal-propio-de-television\\\/#primaryimage\",\"url\":\"https:\\\/\\\/diariodeloeste.com\\\/noticias\\\/wp-content\\\/uploads\\\/2017\\\/05\\\/photo.jpg\",\"contentUrl\":\"https:\\\/\\\/diariodeloeste.com\\\/noticias\\\/wp-content\\\/uploads\\\/2017\\\/05\\\/photo.jpg\",\"width\":900,\"height\":900},{\"@type\":\"BreadcrumbList\",\"@id\":\"https:\\\/\\\/diariodeloeste.com\\\/noticias\\\/2017\\\/05\\\/03\\\/la-universidad-nacional-de-general-sarmiento-con-canal-propio-de-television\\\/#breadcrumb\",\"itemListElement\":[{\"@type\":\"ListItem\",\"position\":1,\"name\":\"Inicio\",\"item\":\"https:\\\/\\\/diariodeloeste.com\\\/noticias\\\/\"},{\"@type\":\"ListItem\",\"position\":2,\"name\":\"La Universidad Nacional de General Sarmiento con canal propio de television\"}]},{\"@type\":\"WebSite\",\"@id\":\"https:\\\/\\\/diariodeloeste.com\\\/noticias\\\/#website\",\"url\":\"https:\\\/\\\/diariodeloeste.com\\\/noticias\\\/\",\"name\":\"Diario del Oeste\",\"description\":\"Noticias del Oeste\",\"publisher\":{\"@id\":\"https:\\\/\\\/diariodeloeste.com\\\/noticias\\\/#organization\"},\"potentialAction\":[{\"@type\":\"SearchAction\",\"target\":{\"@type\":\"EntryPoint\",\"urlTemplate\":\"https:\\\/\\\/diariodeloeste.com\\\/noticias\\\/?s={search_term_string}\"},\"query-input\":{\"@type\":\"PropertyValueSpecification\",\"valueRequired\":true,\"valueName\":\"search_term_string\"}}],\"inLanguage\":\"es-AR\"},{\"@type\":\"Organization\",\"@id\":\"https:\\\/\\\/diariodeloeste.com\\\/noticias\\\/#organization\",\"name\":\"Diario del Oeste\",\"url\":\"https:\\\/\\\/diariodeloeste.com\\\/noticias\\\/\",\"logo\":{\"@type\":\"ImageObject\",\"inLanguage\":\"es-AR\",\"@id\":\"https:\\\/\\\/diariodeloeste.com\\\/noticias\\\/#\\\/schema\\\/logo\\\/image\\\/\",\"url\":\"https:\\\/\\\/diariodeloeste.com\\\/noticias\\\/wp-content\\\/uploads\\\/2019\\\/04\\\/logo.png\",\"contentUrl\":\"https:\\\/\\\/diariodeloeste.com\\\/noticias\\\/wp-content\\\/uploads\\\/2019\\\/04\\\/logo.png\",\"width\":306,\"height\":145,\"caption\":\"Diario del Oeste\"},\"image\":{\"@id\":\"https:\\\/\\\/diariodeloeste.com\\\/noticias\\\/#\\\/schema\\\/logo\\\/image\\\/\"}},{\"@type\":\"Person\",\"@id\":\"https:\\\/\\\/diariodeloeste.com\\\/noticias\\\/#\\\/schema\\\/person\\\/1f7be965f8c093432e1cbfcee0ac4047\",\"name\":\"Redaccion\",\"image\":{\"@type\":\"ImageObject\",\"inLanguage\":\"es-AR\",\"@id\":\"https:\\\/\\\/secure.gravatar.com\\\/avatar\\\/f9bc3a12e26b32d818d88f9a5b61de20b559752e499df507efa7ea3cea0550ef?s=96&d=mm&r=g\",\"url\":\"https:\\\/\\\/secure.gravatar.com\\\/avatar\\\/f9bc3a12e26b32d818d88f9a5b61de20b559752e499df507efa7ea3cea0550ef?s=96&d=mm&r=g\",\"contentUrl\":\"https:\\\/\\\/secure.gravatar.com\\\/avatar\\\/f9bc3a12e26b32d818d88f9a5b61de20b559752e499df507efa7ea3cea0550ef?s=96&d=mm&r=g\",\"caption\":\"Redaccion\"},\"url\":\"https:\\\/\\\/diariodeloeste.com\\\/noticias\\\/author\\\/redaccion\\\/\"}]}<\/script>\n<!-- \/ Yoast SEO plugin. -->","yoast_head_json":{"title":"La Universidad Nacional de General Sarmiento con canal propio de television - Diario del Oeste","robots":{"index":"index","follow":"follow","max-snippet":"max-snippet:-1","max-image-preview":"max-image-preview:large","max-video-preview":"max-video-preview:-1"},"canonical":"https:\/\/diariodeloeste.com\/noticias\/2017\/05\/03\/la-universidad-nacional-de-general-sarmiento-con-canal-propio-de-television\/","og_locale":"es_ES","og_type":"article","og_title":"La Universidad Nacional de General Sarmiento con canal propio de television - Diario del Oeste","og_description":"El jueves 4 de mayo de 2017 se llevar\u00e1 a cabo la presentaci\u00f3n de UNITV, el canal de televisi\u00f3n web de la Universidad Nacional de General Sarmiento. Con una modalidad que combina la transmisi\u00f3n on line durante las 24 horas y la posibilidad de acceder on demand a los distintos contenidos, UNITV, el canal web [&hellip;]","og_url":"https:\/\/diariodeloeste.com\/noticias\/2017\/05\/03\/la-universidad-nacional-de-general-sarmiento-con-canal-propio-de-television\/","og_site_name":"Diario del Oeste","article_published_time":"2017-05-03T19:42:08+00:00","og_image":[{"width":900,"height":900,"url":"https:\/\/diariodeloeste.com\/noticias\/wp-content\/uploads\/2017\/05\/photo.jpg","type":"image\/jpeg"}],"author":"Redaccion","twitter_card":"summary_large_image","twitter_misc":{"Escrito por":"Redaccion","Tiempo de lectura":"6 minutos"},"schema":{"@context":"https:\/\/schema.org","@graph":[{"@type":"Article","@id":"https:\/\/diariodeloeste.com\/noticias\/2017\/05\/03\/la-universidad-nacional-de-general-sarmiento-con-canal-propio-de-television\/#article","isPartOf":{"@id":"https:\/\/diariodeloeste.com\/noticias\/2017\/05\/03\/la-universidad-nacional-de-general-sarmiento-con-canal-propio-de-television\/"},"author":{"name":"Redaccion","@id":"https:\/\/diariodeloeste.com\/noticias\/#\/schema\/person\/1f7be965f8c093432e1cbfcee0ac4047"},"headline":"La Universidad Nacional de General Sarmiento con canal propio de television","datePublished":"2017-05-03T19:42:08+00:00","mainEntityOfPage":{"@id":"https:\/\/diariodeloeste.com\/noticias\/2017\/05\/03\/la-universidad-nacional-de-general-sarmiento-con-canal-propio-de-television\/"},"wordCount":1289,"publisher":{"@id":"https:\/\/diariodeloeste.com\/noticias\/#organization"},"image":{"@id":"https:\/\/diariodeloeste.com\/noticias\/2017\/05\/03\/la-universidad-nacional-de-general-sarmiento-con-canal-propio-de-television\/#primaryimage"},"thumbnailUrl":"https:\/\/diariodeloeste.com\/noticias\/wp-content\/uploads\/2017\/05\/photo.jpg","keywords":["canal de tv","inuversidad nacional de general sarmiento","presentacion","ungs"],"articleSection":["Titulares"],"inLanguage":"es-AR"},{"@type":"WebPage","@id":"https:\/\/diariodeloeste.com\/noticias\/2017\/05\/03\/la-universidad-nacional-de-general-sarmiento-con-canal-propio-de-television\/","url":"https:\/\/diariodeloeste.com\/noticias\/2017\/05\/03\/la-universidad-nacional-de-general-sarmiento-con-canal-propio-de-television\/","name":"La Universidad Nacional de General Sarmiento con canal propio de television - Diario del Oeste","isPartOf":{"@id":"https:\/\/diariodeloeste.com\/noticias\/#website"},"primaryImageOfPage":{"@id":"https:\/\/diariodeloeste.com\/noticias\/2017\/05\/03\/la-universidad-nacional-de-general-sarmiento-con-canal-propio-de-television\/#primaryimage"},"image":{"@id":"https:\/\/diariodeloeste.com\/noticias\/2017\/05\/03\/la-universidad-nacional-de-general-sarmiento-con-canal-propio-de-television\/#primaryimage"},"thumbnailUrl":"https:\/\/diariodeloeste.com\/noticias\/wp-content\/uploads\/2017\/05\/photo.jpg","datePublished":"2017-05-03T19:42:08+00:00","breadcrumb":{"@id":"https:\/\/diariodeloeste.com\/noticias\/2017\/05\/03\/la-universidad-nacional-de-general-sarmiento-con-canal-propio-de-television\/#breadcrumb"},"inLanguage":"es-AR","potentialAction":[{"@type":"ReadAction","target":["https:\/\/diariodeloeste.com\/noticias\/2017\/05\/03\/la-universidad-nacional-de-general-sarmiento-con-canal-propio-de-television\/"]}]},{"@type":"ImageObject","inLanguage":"es-AR","@id":"https:\/\/diariodeloeste.com\/noticias\/2017\/05\/03\/la-universidad-nacional-de-general-sarmiento-con-canal-propio-de-television\/#primaryimage","url":"https:\/\/diariodeloeste.com\/noticias\/wp-content\/uploads\/2017\/05\/photo.jpg","contentUrl":"https:\/\/diariodeloeste.com\/noticias\/wp-content\/uploads\/2017\/05\/photo.jpg","width":900,"height":900},{"@type":"BreadcrumbList","@id":"https:\/\/diariodeloeste.com\/noticias\/2017\/05\/03\/la-universidad-nacional-de-general-sarmiento-con-canal-propio-de-television\/#breadcrumb","itemListElement":[{"@type":"ListItem","position":1,"name":"Inicio","item":"https:\/\/diariodeloeste.com\/noticias\/"},{"@type":"ListItem","position":2,"name":"La Universidad Nacional de General Sarmiento con canal propio de television"}]},{"@type":"WebSite","@id":"https:\/\/diariodeloeste.com\/noticias\/#website","url":"https:\/\/diariodeloeste.com\/noticias\/","name":"Diario del Oeste","description":"Noticias del Oeste","publisher":{"@id":"https:\/\/diariodeloeste.com\/noticias\/#organization"},"potentialAction":[{"@type":"SearchAction","target":{"@type":"EntryPoint","urlTemplate":"https:\/\/diariodeloeste.com\/noticias\/?s={search_term_string}"},"query-input":{"@type":"PropertyValueSpecification","valueRequired":true,"valueName":"search_term_string"}}],"inLanguage":"es-AR"},{"@type":"Organization","@id":"https:\/\/diariodeloeste.com\/noticias\/#organization","name":"Diario del Oeste","url":"https:\/\/diariodeloeste.com\/noticias\/","logo":{"@type":"ImageObject","inLanguage":"es-AR","@id":"https:\/\/diariodeloeste.com\/noticias\/#\/schema\/logo\/image\/","url":"https:\/\/diariodeloeste.com\/noticias\/wp-content\/uploads\/2019\/04\/logo.png","contentUrl":"https:\/\/diariodeloeste.com\/noticias\/wp-content\/uploads\/2019\/04\/logo.png","width":306,"height":145,"caption":"Diario del Oeste"},"image":{"@id":"https:\/\/diariodeloeste.com\/noticias\/#\/schema\/logo\/image\/"}},{"@type":"Person","@id":"https:\/\/diariodeloeste.com\/noticias\/#\/schema\/person\/1f7be965f8c093432e1cbfcee0ac4047","name":"Redaccion","image":{"@type":"ImageObject","inLanguage":"es-AR","@id":"https:\/\/secure.gravatar.com\/avatar\/f9bc3a12e26b32d818d88f9a5b61de20b559752e499df507efa7ea3cea0550ef?s=96&d=mm&r=g","url":"https:\/\/secure.gravatar.com\/avatar\/f9bc3a12e26b32d818d88f9a5b61de20b559752e499df507efa7ea3cea0550ef?s=96&d=mm&r=g","contentUrl":"https:\/\/secure.gravatar.com\/avatar\/f9bc3a12e26b32d818d88f9a5b61de20b559752e499df507efa7ea3cea0550ef?s=96&d=mm&r=g","caption":"Redaccion"},"url":"https:\/\/diariodeloeste.com\/noticias\/author\/redaccion\/"}]}},"_links":{"self":[{"href":"https:\/\/diariodeloeste.com\/noticias\/wp-json\/wp\/v2\/posts\/619","targetHints":{"allow":["GET"]}}],"collection":[{"href":"https:\/\/diariodeloeste.com\/noticias\/wp-json\/wp\/v2\/posts"}],"about":[{"href":"https:\/\/diariodeloeste.com\/noticias\/wp-json\/wp\/v2\/types\/post"}],"author":[{"embeddable":true,"href":"https:\/\/diariodeloeste.com\/noticias\/wp-json\/wp\/v2\/users\/3"}],"replies":[{"embeddable":true,"href":"https:\/\/diariodeloeste.com\/noticias\/wp-json\/wp\/v2\/comments?post=619"}],"version-history":[{"count":1,"href":"https:\/\/diariodeloeste.com\/noticias\/wp-json\/wp\/v2\/posts\/619\/revisions"}],"predecessor-version":[{"id":621,"href":"https:\/\/diariodeloeste.com\/noticias\/wp-json\/wp\/v2\/posts\/619\/revisions\/621"}],"wp:featuredmedia":[{"embeddable":true,"href":"https:\/\/diariodeloeste.com\/noticias\/wp-json\/wp\/v2\/media\/620"}],"wp:attachment":[{"href":"https:\/\/diariodeloeste.com\/noticias\/wp-json\/wp\/v2\/media?parent=619"}],"wp:term":[{"taxonomy":"category","embeddable":true,"href":"https:\/\/diariodeloeste.com\/noticias\/wp-json\/wp\/v2\/categories?post=619"},{"taxonomy":"post_tag","embeddable":true,"href":"https:\/\/diariodeloeste.com\/noticias\/wp-json\/wp\/v2\/tags?post=619"}],"curies":[{"name":"wp","href":"https:\/\/api.w.org\/{rel}","templated":true}]}}