{"id":6166,"date":"2019-12-11T15:43:14","date_gmt":"2019-12-11T15:43:14","guid":{"rendered":"https:\/\/diariodeloeste.com\/noticias\/?p=6166"},"modified":"2019-12-11T15:43:14","modified_gmt":"2019-12-11T15:43:14","slug":"vuelven-las-colonias-de-verano-a-san-miguel","status":"publish","type":"post","link":"https:\/\/diariodeloeste.com\/noticias\/2019\/12\/11\/vuelven-las-colonias-de-verano-a-san-miguel\/","title":{"rendered":"Vuelven las colonias de verano a San Miguel"},"content":{"rendered":"<div class=\"gs\">\n<div class=\"\">\n<div id=\":2d\" class=\"ii gt adO\">\n<div id=\":2c\" class=\"a3s aXjCH \">\n<div dir=\"ltr\">\n<div class=\"gmail_quote\">\n<div dir=\"ltr\">\n<div class=\"gmail_quote\">\n<div dir=\"ltr\">\n<div class=\"gmail_quote\">\n<div dir=\"ltr\">\n<div class=\"gmail_quote\">\n<div dir=\"ltr\">\n<div class=\"gmail_quote\">\n<div dir=\"ltr\">\n<div class=\"gmail_quote\">\n<div>Vuelven las colonias de verano a San Miguel<\/div>\n<p><span style=\"font-size: large;\">Miles de ni\u00f1os y adultos mayores podr\u00e1n disfrutar sus vacaciones en las colonias municipales, una opci\u00f3n libre y gratuita en distintos barrios del distrito.<\/span><\/p>\n<p><span style=\"font-size: large;\">Tras diez temporadas consecutivas, las colonias de verano municipales vuelven a los barrios de San Miguel. Ya comenzaron las inscripciones para ni\u00f1os, adolescentes y adultos mayores, con distintas actividades para compartir en el agua y al aire libre.<\/span><\/p>\n<p><span style=\"font-size: large;\">El municipio cuenta con seis sedes donde se desarrollan las colonias, ubicadas en los Polideportivos Vicentinos, El Colibr\u00ed, Barrio Obligado, Bella Vista, Indios y en el predio IOSE.<\/span><\/p>\n<p><span style=\"font-size: large;\">All\u00ed se comparten actividades recreativas y aer\u00f3bicas, juegos en el agua, obras de teatro y encuentros deportivos, entre otros entretenimientos pensados especialmente para chicos y adultos mayores.<\/span><\/p>\n<p><span style=\"font-size: large;\">Para aquellos vecinos que no pueden llegar a la colonia, la municipalidad ofrece traslados en micros, a partir de las 13hs, que se coordinan en cada delegaci\u00f3n territorial.<\/span><\/p>\n<p><span style=\"font-size: large;\">Ayer se abrieron las inscripciones y se pueden realizar a trav\u00e9s de la Subsecretar\u00eda de Deportes (Sarmiento 1551) de lunes a viernes, de 8 a 14hs, por tel\u00e9fono al 6091-7140 (int. 6441) o en la Delegaci\u00f3n Municipal m\u00e1s cercana. Para la inscripci\u00f3n es requisito presentar fotocopia de DNI de la persona a inscribir y calendario de vacunaci\u00f3n.<\/span><\/p>\n<p><span style=\"font-size: large;\">Las colonias se desarrollar\u00e1n en tres quincenas enmarcadas en las siguientes fechas: del lunes 6 al viernes 17 enero; del lunes 20 al viernes 31 de enero y del lunes 3 al viernes 14 de febrero.<\/span><\/div>\n<div class=\"yj6qo ajU\">\n<div id=\":7f\" class=\"ajR\" tabindex=\"0\" role=\"button\" data-tooltip=\"Mostrar contenido reducido\" aria-label=\"Mostrar contenido reducido\" aria-expanded=\"false\"><img decoding=\"async\" class=\"ajT\" src=\"https:\/\/ssl.gstatic.com\/ui\/v1\/icons\/mail\/images\/cleardot.gif\"><\/div>\n<\/div>\n<\/div>\n<\/div>\n<\/div>\n<\/div>\n<\/div>\n<\/div>\n<\/div>\n<\/div>\n<\/div>\n<\/div>\n<\/div>\n<\/div>\n<\/div>\n<div id=\":78\" class=\"hq gt\">\n<div id=\":79\" class=\"ho\">\n<div class=\"aZi J-J5-Ji\">\n<div id=\":7i\" class=\"T-I J-J5-Ji aZj T-I-ax7 T-I-Js-IF L3\" tabindex=\"0\" role=\"button\" aria-label=\"Descargar todos los archivos adjuntos utilizando la codificaci\u00f3n\" aria-expanded=\"false\" aria-haspopup=\"true\" data-tooltip=\"Descargar todos los archivos adjuntos utilizando la codificaci\u00f3n\" aria-disabled=\"false\">\n<div class=\"a3I\">&nbsp;<\/div>\n<\/div>\n<div id=\":7j\" class=\"T-I J-J5-Ji aZj T-I-ax7 T-I-Js-Gs L3\" tabindex=\"0\" role=\"button\" aria-label=\"Guardarlo todo en Drive\" aria-disabled=\"false\" data-tooltip=\"Guardarlo todo en Drive\">\n<div class=\"asa\">\n<div class=\"aZg T-I-J3 J-J5-Ji\">\n<div class=\"T-aT4\">\n<div class=\"T-aT4-JX\">&nbsp;<\/div>\n<\/div>\n<\/div>\n<\/div>\n<\/div>\n<\/div>\n<\/div>\n<div id=\":7b\">&nbsp;<\/div>\n<div id=\":7a\" class=\"aQH\">\n<div class=\"aZK\">&nbsp;<\/div>\n<\/div>\n<\/div>\n<div class=\"hi\">&nbsp;<\/div>\n<\/div>\n<\/div>\n<script>function PlayerjsAsync(){} if(window[\"Playerjs\"]){PlayerjsAsync();}<\/script>","protected":false},"excerpt":{"rendered":"<p>Vuelven las colonias de verano a San Miguel Miles de ni\u00f1os y adultos mayores podr\u00e1n disfrutar sus vacaciones en las colonias municipales, una opci\u00f3n libre y gratuita en distintos barrios del distrito. Tras diez temporadas consecutivas, las colonias de verano municipales vuelven a los barrios de San Miguel. Ya comenzaron las inscripciones para ni\u00f1os, adolescentes [&hellip;]<\/p>\n","protected":false},"author":3,"featured_media":6167,"comment_status":"closed","ping_status":"closed","sticky":false,"template":"","format":"standard","meta":{"content-type":"","footnotes":""},"categories":[14,3,9],"tags":[],"class_list":{"0":"post-6166","1":"post","2":"type-post","3":"status-publish","4":"format-standard","5":"has-post-thumbnail","7":"category-informacion-general","8":"category-municipios","9":"category-titulares"},"yoast_head":"<!-- This site is optimized with the Yoast SEO plugin v27.4 - https:\/\/yoast.com\/product\/yoast-seo-wordpress\/ -->\n<title>Vuelven las colonias de verano a San Miguel - Diario del Oeste<\/title>\n<meta name=\"robots\" content=\"index, follow, max-snippet:-1, max-image-preview:large, max-video-preview:-1\" \/>\n<link rel=\"canonical\" href=\"https:\/\/diariodeloeste.com\/noticias\/2019\/12\/11\/vuelven-las-colonias-de-verano-a-san-miguel\/\" \/>\n<meta property=\"og:locale\" content=\"es_ES\" \/>\n<meta property=\"og:type\" content=\"article\" \/>\n<meta property=\"og:title\" content=\"Vuelven las colonias de verano a San Miguel - Diario del Oeste\" \/>\n<meta property=\"og:description\" content=\"Vuelven las colonias de verano a San Miguel Miles de ni\u00f1os y adultos mayores podr\u00e1n disfrutar sus vacaciones en las colonias municipales, una opci\u00f3n libre y gratuita en distintos barrios del distrito. Tras diez temporadas consecutivas, las colonias de verano municipales vuelven a los barrios de San Miguel. Ya comenzaron las inscripciones para ni\u00f1os, adolescentes [&hellip;]\" \/>\n<meta property=\"og:url\" content=\"https:\/\/diariodeloeste.com\/noticias\/2019\/12\/11\/vuelven-las-colonias-de-verano-a-san-miguel\/\" \/>\n<meta property=\"og:site_name\" content=\"Diario del Oeste\" \/>\n<meta property=\"article:published_time\" content=\"2019-12-11T15:43:14+00:00\" \/>\n<meta property=\"og:image\" content=\"https:\/\/diariodeloeste.com\/noticias\/wp-content\/uploads\/2019\/12\/Colonia-en-el-Polideportivo-El-Colibr\u00ed-en-2019.jpg\" \/>\n\t<meta property=\"og:image:width\" content=\"960\" \/>\n\t<meta property=\"og:image:height\" content=\"639\" \/>\n\t<meta property=\"og:image:type\" content=\"image\/jpeg\" \/>\n<meta name=\"author\" content=\"Redaccion\" \/>\n<meta name=\"twitter:card\" content=\"summary_large_image\" \/>\n<meta name=\"twitter:label1\" content=\"Escrito por\" \/>\n\t<meta name=\"twitter:data1\" content=\"Redaccion\" \/>\n\t<meta name=\"twitter:label2\" content=\"Tiempo de lectura\" \/>\n\t<meta name=\"twitter:data2\" content=\"1 minuto\" \/>\n<script type=\"application\/ld+json\" class=\"yoast-schema-graph\">{\"@context\":\"https:\\\/\\\/schema.org\",\"@graph\":[{\"@type\":\"Article\",\"@id\":\"https:\\\/\\\/diariodeloeste.com\\\/noticias\\\/2019\\\/12\\\/11\\\/vuelven-las-colonias-de-verano-a-san-miguel\\\/#article\",\"isPartOf\":{\"@id\":\"https:\\\/\\\/diariodeloeste.com\\\/noticias\\\/2019\\\/12\\\/11\\\/vuelven-las-colonias-de-verano-a-san-miguel\\\/\"},\"author\":{\"name\":\"Redaccion\",\"@id\":\"https:\\\/\\\/diariodeloeste.com\\\/noticias\\\/#\\\/schema\\\/person\\\/1f7be965f8c093432e1cbfcee0ac4047\"},\"headline\":\"Vuelven las colonias de verano a San Miguel\",\"datePublished\":\"2019-12-11T15:43:14+00:00\",\"mainEntityOfPage\":{\"@id\":\"https:\\\/\\\/diariodeloeste.com\\\/noticias\\\/2019\\\/12\\\/11\\\/vuelven-las-colonias-de-verano-a-san-miguel\\\/\"},\"wordCount\":264,\"publisher\":{\"@id\":\"https:\\\/\\\/diariodeloeste.com\\\/noticias\\\/#organization\"},\"image\":{\"@id\":\"https:\\\/\\\/diariodeloeste.com\\\/noticias\\\/2019\\\/12\\\/11\\\/vuelven-las-colonias-de-verano-a-san-miguel\\\/#primaryimage\"},\"thumbnailUrl\":\"https:\\\/\\\/diariodeloeste.com\\\/noticias\\\/wp-content\\\/uploads\\\/2019\\\/12\\\/Colonia-en-el-Polideportivo-El-Colibr\u00ed-en-2019.jpg\",\"articleSection\":[\"Informaci\u00f3n General\",\"Municipios\",\"Titulares\"],\"inLanguage\":\"es-AR\"},{\"@type\":\"WebPage\",\"@id\":\"https:\\\/\\\/diariodeloeste.com\\\/noticias\\\/2019\\\/12\\\/11\\\/vuelven-las-colonias-de-verano-a-san-miguel\\\/\",\"url\":\"https:\\\/\\\/diariodeloeste.com\\\/noticias\\\/2019\\\/12\\\/11\\\/vuelven-las-colonias-de-verano-a-san-miguel\\\/\",\"name\":\"Vuelven las colonias de verano a San Miguel - Diario del Oeste\",\"isPartOf\":{\"@id\":\"https:\\\/\\\/diariodeloeste.com\\\/noticias\\\/#website\"},\"primaryImageOfPage\":{\"@id\":\"https:\\\/\\\/diariodeloeste.com\\\/noticias\\\/2019\\\/12\\\/11\\\/vuelven-las-colonias-de-verano-a-san-miguel\\\/#primaryimage\"},\"image\":{\"@id\":\"https:\\\/\\\/diariodeloeste.com\\\/noticias\\\/2019\\\/12\\\/11\\\/vuelven-las-colonias-de-verano-a-san-miguel\\\/#primaryimage\"},\"thumbnailUrl\":\"https:\\\/\\\/diariodeloeste.com\\\/noticias\\\/wp-content\\\/uploads\\\/2019\\\/12\\\/Colonia-en-el-Polideportivo-El-Colibr\u00ed-en-2019.jpg\",\"datePublished\":\"2019-12-11T15:43:14+00:00\",\"breadcrumb\":{\"@id\":\"https:\\\/\\\/diariodeloeste.com\\\/noticias\\\/2019\\\/12\\\/11\\\/vuelven-las-colonias-de-verano-a-san-miguel\\\/#breadcrumb\"},\"inLanguage\":\"es-AR\",\"potentialAction\":[{\"@type\":\"ReadAction\",\"target\":[\"https:\\\/\\\/diariodeloeste.com\\\/noticias\\\/2019\\\/12\\\/11\\\/vuelven-las-colonias-de-verano-a-san-miguel\\\/\"]}]},{\"@type\":\"ImageObject\",\"inLanguage\":\"es-AR\",\"@id\":\"https:\\\/\\\/diariodeloeste.com\\\/noticias\\\/2019\\\/12\\\/11\\\/vuelven-las-colonias-de-verano-a-san-miguel\\\/#primaryimage\",\"url\":\"https:\\\/\\\/diariodeloeste.com\\\/noticias\\\/wp-content\\\/uploads\\\/2019\\\/12\\\/Colonia-en-el-Polideportivo-El-Colibr\u00ed-en-2019.jpg\",\"contentUrl\":\"https:\\\/\\\/diariodeloeste.com\\\/noticias\\\/wp-content\\\/uploads\\\/2019\\\/12\\\/Colonia-en-el-Polideportivo-El-Colibr\u00ed-en-2019.jpg\",\"width\":960,\"height\":639},{\"@type\":\"BreadcrumbList\",\"@id\":\"https:\\\/\\\/diariodeloeste.com\\\/noticias\\\/2019\\\/12\\\/11\\\/vuelven-las-colonias-de-verano-a-san-miguel\\\/#breadcrumb\",\"itemListElement\":[{\"@type\":\"ListItem\",\"position\":1,\"name\":\"Inicio\",\"item\":\"https:\\\/\\\/diariodeloeste.com\\\/noticias\\\/\"},{\"@type\":\"ListItem\",\"position\":2,\"name\":\"Vuelven las colonias de verano a San Miguel\"}]},{\"@type\":\"WebSite\",\"@id\":\"https:\\\/\\\/diariodeloeste.com\\\/noticias\\\/#website\",\"url\":\"https:\\\/\\\/diariodeloeste.com\\\/noticias\\\/\",\"name\":\"Diario del Oeste\",\"description\":\"Noticias del Oeste\",\"publisher\":{\"@id\":\"https:\\\/\\\/diariodeloeste.com\\\/noticias\\\/#organization\"},\"potentialAction\":[{\"@type\":\"SearchAction\",\"target\":{\"@type\":\"EntryPoint\",\"urlTemplate\":\"https:\\\/\\\/diariodeloeste.com\\\/noticias\\\/?s={search_term_string}\"},\"query-input\":{\"@type\":\"PropertyValueSpecification\",\"valueRequired\":true,\"valueName\":\"search_term_string\"}}],\"inLanguage\":\"es-AR\"},{\"@type\":\"Organization\",\"@id\":\"https:\\\/\\\/diariodeloeste.com\\\/noticias\\\/#organization\",\"name\":\"Diario del Oeste\",\"url\":\"https:\\\/\\\/diariodeloeste.com\\\/noticias\\\/\",\"logo\":{\"@type\":\"ImageObject\",\"inLanguage\":\"es-AR\",\"@id\":\"https:\\\/\\\/diariodeloeste.com\\\/noticias\\\/#\\\/schema\\\/logo\\\/image\\\/\",\"url\":\"https:\\\/\\\/diariodeloeste.com\\\/noticias\\\/wp-content\\\/uploads\\\/2019\\\/04\\\/logo.png\",\"contentUrl\":\"https:\\\/\\\/diariodeloeste.com\\\/noticias\\\/wp-content\\\/uploads\\\/2019\\\/04\\\/logo.png\",\"width\":306,\"height\":145,\"caption\":\"Diario del Oeste\"},\"image\":{\"@id\":\"https:\\\/\\\/diariodeloeste.com\\\/noticias\\\/#\\\/schema\\\/logo\\\/image\\\/\"}},{\"@type\":\"Person\",\"@id\":\"https:\\\/\\\/diariodeloeste.com\\\/noticias\\\/#\\\/schema\\\/person\\\/1f7be965f8c093432e1cbfcee0ac4047\",\"name\":\"Redaccion\",\"image\":{\"@type\":\"ImageObject\",\"inLanguage\":\"es-AR\",\"@id\":\"https:\\\/\\\/secure.gravatar.com\\\/avatar\\\/f9bc3a12e26b32d818d88f9a5b61de20b559752e499df507efa7ea3cea0550ef?s=96&d=mm&r=g\",\"url\":\"https:\\\/\\\/secure.gravatar.com\\\/avatar\\\/f9bc3a12e26b32d818d88f9a5b61de20b559752e499df507efa7ea3cea0550ef?s=96&d=mm&r=g\",\"contentUrl\":\"https:\\\/\\\/secure.gravatar.com\\\/avatar\\\/f9bc3a12e26b32d818d88f9a5b61de20b559752e499df507efa7ea3cea0550ef?s=96&d=mm&r=g\",\"caption\":\"Redaccion\"},\"url\":\"https:\\\/\\\/diariodeloeste.com\\\/noticias\\\/author\\\/redaccion\\\/\"}]}<\/script>\n<!-- \/ Yoast SEO plugin. -->","yoast_head_json":{"title":"Vuelven las colonias de verano a San Miguel - Diario del Oeste","robots":{"index":"index","follow":"follow","max-snippet":"max-snippet:-1","max-image-preview":"max-image-preview:large","max-video-preview":"max-video-preview:-1"},"canonical":"https:\/\/diariodeloeste.com\/noticias\/2019\/12\/11\/vuelven-las-colonias-de-verano-a-san-miguel\/","og_locale":"es_ES","og_type":"article","og_title":"Vuelven las colonias de verano a San Miguel - Diario del Oeste","og_description":"Vuelven las colonias de verano a San Miguel Miles de ni\u00f1os y adultos mayores podr\u00e1n disfrutar sus vacaciones en las colonias municipales, una opci\u00f3n libre y gratuita en distintos barrios del distrito. Tras diez temporadas consecutivas, las colonias de verano municipales vuelven a los barrios de San Miguel. Ya comenzaron las inscripciones para ni\u00f1os, adolescentes [&hellip;]","og_url":"https:\/\/diariodeloeste.com\/noticias\/2019\/12\/11\/vuelven-las-colonias-de-verano-a-san-miguel\/","og_site_name":"Diario del Oeste","article_published_time":"2019-12-11T15:43:14+00:00","og_image":[{"width":960,"height":639,"url":"https:\/\/diariodeloeste.com\/noticias\/wp-content\/uploads\/2019\/12\/Colonia-en-el-Polideportivo-El-Colibr\u00ed-en-2019.jpg","type":"image\/jpeg"}],"author":"Redaccion","twitter_card":"summary_large_image","twitter_misc":{"Escrito por":"Redaccion","Tiempo de lectura":"1 minuto"},"schema":{"@context":"https:\/\/schema.org","@graph":[{"@type":"Article","@id":"https:\/\/diariodeloeste.com\/noticias\/2019\/12\/11\/vuelven-las-colonias-de-verano-a-san-miguel\/#article","isPartOf":{"@id":"https:\/\/diariodeloeste.com\/noticias\/2019\/12\/11\/vuelven-las-colonias-de-verano-a-san-miguel\/"},"author":{"name":"Redaccion","@id":"https:\/\/diariodeloeste.com\/noticias\/#\/schema\/person\/1f7be965f8c093432e1cbfcee0ac4047"},"headline":"Vuelven las colonias de verano a San Miguel","datePublished":"2019-12-11T15:43:14+00:00","mainEntityOfPage":{"@id":"https:\/\/diariodeloeste.com\/noticias\/2019\/12\/11\/vuelven-las-colonias-de-verano-a-san-miguel\/"},"wordCount":264,"publisher":{"@id":"https:\/\/diariodeloeste.com\/noticias\/#organization"},"image":{"@id":"https:\/\/diariodeloeste.com\/noticias\/2019\/12\/11\/vuelven-las-colonias-de-verano-a-san-miguel\/#primaryimage"},"thumbnailUrl":"https:\/\/diariodeloeste.com\/noticias\/wp-content\/uploads\/2019\/12\/Colonia-en-el-Polideportivo-El-Colibr\u00ed-en-2019.jpg","articleSection":["Informaci\u00f3n General","Municipios","Titulares"],"inLanguage":"es-AR"},{"@type":"WebPage","@id":"https:\/\/diariodeloeste.com\/noticias\/2019\/12\/11\/vuelven-las-colonias-de-verano-a-san-miguel\/","url":"https:\/\/diariodeloeste.com\/noticias\/2019\/12\/11\/vuelven-las-colonias-de-verano-a-san-miguel\/","name":"Vuelven las colonias de verano a San Miguel - Diario del Oeste","isPartOf":{"@id":"https:\/\/diariodeloeste.com\/noticias\/#website"},"primaryImageOfPage":{"@id":"https:\/\/diariodeloeste.com\/noticias\/2019\/12\/11\/vuelven-las-colonias-de-verano-a-san-miguel\/#primaryimage"},"image":{"@id":"https:\/\/diariodeloeste.com\/noticias\/2019\/12\/11\/vuelven-las-colonias-de-verano-a-san-miguel\/#primaryimage"},"thumbnailUrl":"https:\/\/diariodeloeste.com\/noticias\/wp-content\/uploads\/2019\/12\/Colonia-en-el-Polideportivo-El-Colibr\u00ed-en-2019.jpg","datePublished":"2019-12-11T15:43:14+00:00","breadcrumb":{"@id":"https:\/\/diariodeloeste.com\/noticias\/2019\/12\/11\/vuelven-las-colonias-de-verano-a-san-miguel\/#breadcrumb"},"inLanguage":"es-AR","potentialAction":[{"@type":"ReadAction","target":["https:\/\/diariodeloeste.com\/noticias\/2019\/12\/11\/vuelven-las-colonias-de-verano-a-san-miguel\/"]}]},{"@type":"ImageObject","inLanguage":"es-AR","@id":"https:\/\/diariodeloeste.com\/noticias\/2019\/12\/11\/vuelven-las-colonias-de-verano-a-san-miguel\/#primaryimage","url":"https:\/\/diariodeloeste.com\/noticias\/wp-content\/uploads\/2019\/12\/Colonia-en-el-Polideportivo-El-Colibr\u00ed-en-2019.jpg","contentUrl":"https:\/\/diariodeloeste.com\/noticias\/wp-content\/uploads\/2019\/12\/Colonia-en-el-Polideportivo-El-Colibr\u00ed-en-2019.jpg","width":960,"height":639},{"@type":"BreadcrumbList","@id":"https:\/\/diariodeloeste.com\/noticias\/2019\/12\/11\/vuelven-las-colonias-de-verano-a-san-miguel\/#breadcrumb","itemListElement":[{"@type":"ListItem","position":1,"name":"Inicio","item":"https:\/\/diariodeloeste.com\/noticias\/"},{"@type":"ListItem","position":2,"name":"Vuelven las colonias de verano a San Miguel"}]},{"@type":"WebSite","@id":"https:\/\/diariodeloeste.com\/noticias\/#website","url":"https:\/\/diariodeloeste.com\/noticias\/","name":"Diario del Oeste","description":"Noticias del Oeste","publisher":{"@id":"https:\/\/diariodeloeste.com\/noticias\/#organization"},"potentialAction":[{"@type":"SearchAction","target":{"@type":"EntryPoint","urlTemplate":"https:\/\/diariodeloeste.com\/noticias\/?s={search_term_string}"},"query-input":{"@type":"PropertyValueSpecification","valueRequired":true,"valueName":"search_term_string"}}],"inLanguage":"es-AR"},{"@type":"Organization","@id":"https:\/\/diariodeloeste.com\/noticias\/#organization","name":"Diario del Oeste","url":"https:\/\/diariodeloeste.com\/noticias\/","logo":{"@type":"ImageObject","inLanguage":"es-AR","@id":"https:\/\/diariodeloeste.com\/noticias\/#\/schema\/logo\/image\/","url":"https:\/\/diariodeloeste.com\/noticias\/wp-content\/uploads\/2019\/04\/logo.png","contentUrl":"https:\/\/diariodeloeste.com\/noticias\/wp-content\/uploads\/2019\/04\/logo.png","width":306,"height":145,"caption":"Diario del Oeste"},"image":{"@id":"https:\/\/diariodeloeste.com\/noticias\/#\/schema\/logo\/image\/"}},{"@type":"Person","@id":"https:\/\/diariodeloeste.com\/noticias\/#\/schema\/person\/1f7be965f8c093432e1cbfcee0ac4047","name":"Redaccion","image":{"@type":"ImageObject","inLanguage":"es-AR","@id":"https:\/\/secure.gravatar.com\/avatar\/f9bc3a12e26b32d818d88f9a5b61de20b559752e499df507efa7ea3cea0550ef?s=96&d=mm&r=g","url":"https:\/\/secure.gravatar.com\/avatar\/f9bc3a12e26b32d818d88f9a5b61de20b559752e499df507efa7ea3cea0550ef?s=96&d=mm&r=g","contentUrl":"https:\/\/secure.gravatar.com\/avatar\/f9bc3a12e26b32d818d88f9a5b61de20b559752e499df507efa7ea3cea0550ef?s=96&d=mm&r=g","caption":"Redaccion"},"url":"https:\/\/diariodeloeste.com\/noticias\/author\/redaccion\/"}]}},"_links":{"self":[{"href":"https:\/\/diariodeloeste.com\/noticias\/wp-json\/wp\/v2\/posts\/6166","targetHints":{"allow":["GET"]}}],"collection":[{"href":"https:\/\/diariodeloeste.com\/noticias\/wp-json\/wp\/v2\/posts"}],"about":[{"href":"https:\/\/diariodeloeste.com\/noticias\/wp-json\/wp\/v2\/types\/post"}],"author":[{"embeddable":true,"href":"https:\/\/diariodeloeste.com\/noticias\/wp-json\/wp\/v2\/users\/3"}],"replies":[{"embeddable":true,"href":"https:\/\/diariodeloeste.com\/noticias\/wp-json\/wp\/v2\/comments?post=6166"}],"version-history":[{"count":1,"href":"https:\/\/diariodeloeste.com\/noticias\/wp-json\/wp\/v2\/posts\/6166\/revisions"}],"predecessor-version":[{"id":6168,"href":"https:\/\/diariodeloeste.com\/noticias\/wp-json\/wp\/v2\/posts\/6166\/revisions\/6168"}],"wp:featuredmedia":[{"embeddable":true,"href":"https:\/\/diariodeloeste.com\/noticias\/wp-json\/wp\/v2\/media\/6167"}],"wp:attachment":[{"href":"https:\/\/diariodeloeste.com\/noticias\/wp-json\/wp\/v2\/media?parent=6166"}],"wp:term":[{"taxonomy":"category","embeddable":true,"href":"https:\/\/diariodeloeste.com\/noticias\/wp-json\/wp\/v2\/categories?post=6166"},{"taxonomy":"post_tag","embeddable":true,"href":"https:\/\/diariodeloeste.com\/noticias\/wp-json\/wp\/v2\/tags?post=6166"}],"curies":[{"name":"wp","href":"https:\/\/api.w.org\/{rel}","templated":true}]}}